{"id":635066,"date":"2026-09-04T13:36:07","date_gmt":"2026-09-04T11:36:07","guid":{"rendered":"https:\/\/funzine.hu\/?p=635066"},"modified":"2026-09-04T13:36:07","modified_gmt":"2026-09-04T11:36:07","slug":"jesen-se-zacne-z-brezplacnim-druzinskim-programom-v-priljubljenem-gledaliscu-prestolnice","status":"publish","type":"post","link":"https:\/\/funzine.hu\/sl\/2026\/09\/04\/kulture\/jesen-se-zacne-z-brezplacnim-druzinskim-programom-v-priljubljenem-gledaliscu-prestolnice\/","title":{"rendered":"Jesen se za\u010dne z brezpla\u010dnim dru\u017einskim programom v priljubljenem gledali\u0161\u010du prestolnice"},"content":{"rendered":"<p>Konec septembra bo gledali\u0161\u010de Kolibri ponovno namenjeno dru\u017einam in otrokom: ob\u010dinstvo \u010dakata festival Kolibri in dru\u017einski dan z brezpla\u010dnimi skupnostnimi programi, glasbo, lutkovnimi predstavami, ro\u010dnimi deli in prazni\u010dno predstavitvijo. (x)<\/p>\n<figure id=\"attachment_635067\" aria-describedby=\"caption-attachment-635067\" style=\"width: 850px\" class=\"wp-caption aligncenter\"><img decoding=\"async\" class=\"size-funzine-large wp-image-635067\" src=\"https:\/\/funzine.hu\/wp-content\/uploads\/2026\/09\/mauriciokell-enactment-258631-1200x797.jpg\" alt=\"\" width=\"850\" height=\"565\" srcset=\"https:\/\/funzine.hu\/wp-content\/uploads\/2026\/09\/mauriciokell-enactment-258631-1200x797.jpg 1200w, https:\/\/funzine.hu\/wp-content\/uploads\/2026\/09\/mauriciokell-enactment-258631-300x200.jpg 300w, https:\/\/funzine.hu\/wp-content\/uploads\/2026\/09\/mauriciokell-enactment-258631-1024x680.jpg 1024w, https:\/\/funzine.hu\/wp-content\/uploads\/2026\/09\/mauriciokell-enactment-258631-768x510.jpg 768w, https:\/\/funzine.hu\/wp-content\/uploads\/2026\/09\/mauriciokell-enactment-258631-1536x1020.jpg 1536w, https:\/\/funzine.hu\/wp-content\/uploads\/2026\/09\/mauriciokell-enactment-258631-2048x1360.jpg 2048w, https:\/\/funzine.hu\/wp-content\/uploads\/2026\/09\/mauriciokell-enactment-258631-360x240.jpg 360w, https:\/\/funzine.hu\/wp-content\/uploads\/2026\/09\/mauriciokell-enactment-258631-100x65.jpg 100w\" sizes=\"(max-width: 850px) 100vw, 850px\" \/><figcaption id=\"caption-attachment-635067\" class=\"wp-caption-text\">ilustracija &#8211; pixabay.com<\/figcaption><\/figure>\n<p>V povezavi s festivalom bodo med 21. in 26. septembrom na igralnih povr\u0161inah Kolibrija prispele predstave iz programa HAM. Ob\u010dinstvo si bo med drugim lahko ogledalo predstavo Pr\u00fccs\u00f6k, najve\u010dji \u010darovnik gledali\u0161\u010da M\u00f3ricz Zsigmond, Drevo, ki sega v nebo lutkovnega gledali\u0161\u010da Fab\u00f3k Mancsi, \u010carobni svet projekta Feledi, Pippilyjino nebo lutkovnega gledali\u0161\u010da B\u00f3bita in Vilinska gugalnica skupine Fitos Dezs\u0151.<\/p>\n<p>Festival Kolibri se bo 27. septembra za\u010del ob 11. uri s polaganjem venca k spominski plo\u0161\u010di Henrika Kem\u00e9nyja, sledili pa bodo glasbeni izbori, klovnovska predstava, program Anne B\u00e1gyi, Imreja T\u00f3bi\u00e1sa, ki bo\u017ea instrumente, in program Gyule Szarke z naslovom T\u00fccs\u00f6klakodalom. \u010cez dan se bodo dru\u017eine lahko udele\u017eile zbiranja znamk, ro\u010dnih dejavnosti, poslikave obrazov, lutkovne predstave L\u00e1szla Vit\u00e9za in predstavitve knjige.<\/p>\n<p>Za zaklju\u010dek dneva si bo ob\u010dinstvo lahko od 18. ure dalje v gledali\u0161\u010du Kolibri ogledalo premiero igre Rojstvo sveta avtorjev J\u00e1nosa Zal\u00e1na in Istv\u00e1na Benedekfija.<\/p>\n","protected":false},"excerpt":{"rendered":"<p>Konec septembra bo gledali\u0161\u010de Kolibri ponovno namenjeno dru\u017einam in otrokom: ob\u010dinstvo \u010dakata<\/p>\n","protected":false},"author":391,"featured_media":635067,"comment_status":"closed","ping_status":"closed","sticky":false,"template":"","format":"standard","meta":{"_acf_changed":false,"wprm-recipe-roundup-name":"","wprm-recipe-roundup-description":"","ngg_post_thumbnail":0,"footnotes":""},"categories":[14346],"tags":[],"post_places":[],"class_list":["post-635066","post","type-post","status-publish","format-standard","has-post-thumbnail","hentry","category-kulture"],"acf":{"connected_places":"","del_image":""},"yoast_head":"<!-- This site is optimized with the Yoast SEO plugin v27.2 - https:\/\/yoast.com\/product\/yoast-seo-wordpress\/ -->\n<title>Jesen se za\u010dne z brezpla\u010dnim dru\u017einskim programom v priljubljenem gledali\u0161\u010du prestolnice<\/title>\n<meta name=\"robots\" content=\"index, follow, max-snippet:-1, max-image-preview:large, max-video-preview:-1\" \/>\n<link rel=\"canonical\" href=\"https:\/\/funzine.hu\/sl\/2026\/09\/04\/kulture\/jesen-se-zacne-z-brezplacnim-druzinskim-programom-v-priljubljenem-gledaliscu-prestolnice\/\" \/>\n<meta property=\"og:locale\" content=\"sl_SI\" \/>\n<meta property=\"og:type\" content=\"article\" \/>\n<meta property=\"og:title\" content=\"Jesen se za\u010dne z brezpla\u010dnim dru\u017einskim programom v priljubljenem gledali\u0161\u010du prestolnice\" \/>\n<meta property=\"og:description\" content=\"Konec septembra bo gledali\u0161\u010de Kolibri ponovno namenjeno dru\u017einam in otrokom: ob\u010dinstvo \u010dakata\" \/>\n<meta property=\"og:url\" content=\"https:\/\/funzine.hu\/sl\/2026\/09\/04\/kulture\/jesen-se-zacne-z-brezplacnim-druzinskim-programom-v-priljubljenem-gledaliscu-prestolnice\/\" \/>\n<meta property=\"og:site_name\" content=\"Funzine\" \/>\n<meta property=\"article:publisher\" content=\"https:\/\/www.facebook.com\/funzine\/\" \/>\n<meta property=\"article:published_time\" content=\"2026-09-04T11:36:07+00:00\" \/>\n<meta property=\"og:image\" content=\"https:\/\/funzine.hu\/wp-content\/uploads\/2026\/09\/mauriciokell-enactment-258631.jpg\" \/>\n\t<meta property=\"og:image:width\" content=\"2560\" \/>\n\t<meta property=\"og:image:height\" content=\"1700\" \/>\n\t<meta property=\"og:image:type\" content=\"image\/jpeg\" \/>\n<meta name=\"author\" content=\"Bodn\u00e1r Zsuzsa\" \/>\n<meta name=\"twitter:card\" content=\"summary_large_image\" \/>\n<meta name=\"twitter:creator\" content=\"@funzine\" \/>\n<meta name=\"twitter:site\" content=\"@funzine\" \/>\n<meta name=\"twitter:label1\" content=\"Written by\" \/>\n\t<meta name=\"twitter:data1\" content=\"Bodn\u00e1r Zsuzsa\" \/>\n\t<meta name=\"twitter:label2\" content=\"Est. reading time\" \/>\n\t<meta name=\"twitter:data2\" content=\"2 minuti\" \/>\n<script type=\"application\/ld+json\" class=\"yoast-schema-graph\">{\"@context\":\"https:\/\/schema.org\",\"@graph\":[{\"@type\":\"NewsArticle\",\"@id\":\"https:\/\/funzine.hu\/sl\/2026\/09\/04\/kulture\/jesen-se-zacne-z-brezplacnim-druzinskim-programom-v-priljubljenem-gledaliscu-prestolnice\/#article\",\"isPartOf\":{\"@id\":\"https:\/\/funzine.hu\/sl\/2026\/09\/04\/kulture\/jesen-se-zacne-z-brezplacnim-druzinskim-programom-v-priljubljenem-gledaliscu-prestolnice\/\"},\"author\":{\"name\":\"Bodn\u00e1r Zsuzsa\",\"@id\":\"https:\/\/funzine.hu\/#\/schema\/person\/f3864a88f41183e8c3af70534ac28bb4\"},\"headline\":\"Jesen se za\u010dne z brezpla\u010dnim dru\u017einskim programom v priljubljenem gledali\u0161\u010du prestolnice\",\"datePublished\":\"2026-09-04T11:36:07+00:00\",\"mainEntityOfPage\":{\"@id\":\"https:\/\/funzine.hu\/sl\/2026\/09\/04\/kulture\/jesen-se-zacne-z-brezplacnim-druzinskim-programom-v-priljubljenem-gledaliscu-prestolnice\/\"},\"wordCount\":231,\"image\":{\"@id\":\"https:\/\/funzine.hu\/sl\/2026\/09\/04\/kulture\/jesen-se-zacne-z-brezplacnim-druzinskim-programom-v-priljubljenem-gledaliscu-prestolnice\/#primaryimage\"},\"thumbnailUrl\":\"https:\/\/funzine.hu\/wp-content\/uploads\/2026\/09\/mauriciokell-enactment-258631.jpg\",\"articleSection\":[\"Kulture\"],\"inLanguage\":\"sl-SI\"},{\"@type\":\"WebPage\",\"@id\":\"https:\/\/funzine.hu\/sl\/2026\/09\/04\/kulture\/jesen-se-zacne-z-brezplacnim-druzinskim-programom-v-priljubljenem-gledaliscu-prestolnice\/\",\"url\":\"https:\/\/funzine.hu\/sl\/2026\/09\/04\/kulture\/jesen-se-zacne-z-brezplacnim-druzinskim-programom-v-priljubljenem-gledaliscu-prestolnice\/\",\"name\":\"Jesen se za\u010dne z brezpla\u010dnim dru\u017einskim programom v priljubljenem gledali\u0161\u010du prestolnice\",\"isPartOf\":{\"@id\":\"https:\/\/funzine.hu\/#website\"},\"primaryImageOfPage\":{\"@id\":\"https:\/\/funzine.hu\/sl\/2026\/09\/04\/kulture\/jesen-se-zacne-z-brezplacnim-druzinskim-programom-v-priljubljenem-gledaliscu-prestolnice\/#primaryimage\"},\"image\":{\"@id\":\"https:\/\/funzine.hu\/sl\/2026\/09\/04\/kulture\/jesen-se-zacne-z-brezplacnim-druzinskim-programom-v-priljubljenem-gledaliscu-prestolnice\/#primaryimage\"},\"thumbnailUrl\":\"https:\/\/funzine.hu\/wp-content\/uploads\/2026\/09\/mauriciokell-enactment-258631.jpg\",\"datePublished\":\"2026-09-04T11:36:07+00:00\",\"author\":{\"@id\":\"https:\/\/funzine.hu\/#\/schema\/person\/f3864a88f41183e8c3af70534ac28bb4\"},\"breadcrumb\":{\"@id\":\"https:\/\/funzine.hu\/sl\/2026\/09\/04\/kulture\/jesen-se-zacne-z-brezplacnim-druzinskim-programom-v-priljubljenem-gledaliscu-prestolnice\/#breadcrumb\"},\"inLanguage\":\"sl-SI\",\"potentialAction\":[{\"@type\":\"ReadAction\",\"target\":[\"https:\/\/funzine.hu\/sl\/2026\/09\/04\/kulture\/jesen-se-zacne-z-brezplacnim-druzinskim-programom-v-priljubljenem-gledaliscu-prestolnice\/\"]}]},{\"@type\":\"ImageObject\",\"inLanguage\":\"sl-SI\",\"@id\":\"https:\/\/funzine.hu\/sl\/2026\/09\/04\/kulture\/jesen-se-zacne-z-brezplacnim-druzinskim-programom-v-priljubljenem-gledaliscu-prestolnice\/#primaryimage\",\"url\":\"https:\/\/funzine.hu\/wp-content\/uploads\/2026\/09\/mauriciokell-enactment-258631.jpg\",\"contentUrl\":\"https:\/\/funzine.hu\/wp-content\/uploads\/2026\/09\/mauriciokell-enactment-258631.jpg\",\"width\":2560,\"height\":1700,\"caption\":\"ilustracija - pixabay.com\"},{\"@type\":\"BreadcrumbList\",\"@id\":\"https:\/\/funzine.hu\/sl\/2026\/09\/04\/kulture\/jesen-se-zacne-z-brezplacnim-druzinskim-programom-v-priljubljenem-gledaliscu-prestolnice\/#breadcrumb\",\"itemListElement\":[{\"@type\":\"ListItem\",\"position\":1,\"name\":\"Home\",\"item\":\"https:\/\/funzine.hu\/sl\/\"},{\"@type\":\"ListItem\",\"position\":2,\"name\":\"Jesen se za\u010dne z brezpla\u010dnim dru\u017einskim programom v priljubljenem gledali\u0161\u010du prestolnice\"}]},{\"@type\":\"WebSite\",\"@id\":\"https:\/\/funzine.hu\/#website\",\"url\":\"https:\/\/funzine.hu\/\",\"name\":\"Funzine\",\"description\":\"\",\"potentialAction\":[{\"@type\":\"SearchAction\",\"target\":{\"@type\":\"EntryPoint\",\"urlTemplate\":\"https:\/\/funzine.hu\/?s={search_term_string}\"},\"query-input\":{\"@type\":\"PropertyValueSpecification\",\"valueRequired\":true,\"valueName\":\"search_term_string\"}}],\"inLanguage\":\"sl-SI\"},{\"@type\":\"Person\",\"@id\":\"https:\/\/funzine.hu\/#\/schema\/person\/f3864a88f41183e8c3af70534ac28bb4\",\"name\":\"Bodn\u00e1r Zsuzsa\",\"image\":{\"@type\":\"ImageObject\",\"inLanguage\":\"sl-SI\",\"@id\":\"https:\/\/secure.gravatar.com\/avatar\/3dac04a042bfb0c015d0f893ef5eb9cca9d966bb5795039862dafd8d2ab5d410?s=96&d=mm&r=g\",\"url\":\"https:\/\/secure.gravatar.com\/avatar\/3dac04a042bfb0c015d0f893ef5eb9cca9d966bb5795039862dafd8d2ab5d410?s=96&d=mm&r=g\",\"contentUrl\":\"https:\/\/secure.gravatar.com\/avatar\/3dac04a042bfb0c015d0f893ef5eb9cca9d966bb5795039862dafd8d2ab5d410?s=96&d=mm&r=g\",\"caption\":\"Bodn\u00e1r Zsuzsa\"},\"url\":\"https:\/\/funzine.hu\/sl\/author\/bodnar-zsuzsa-1984\/\"}]}<\/script>\n<!-- \/ Yoast SEO plugin. -->","yoast_head_json":{"title":"Jesen se za\u010dne z brezpla\u010dnim dru\u017einskim programom v priljubljenem gledali\u0161\u010du prestolnice","robots":{"index":"index","follow":"follow","max-snippet":"max-snippet:-1","max-image-preview":"max-image-preview:large","max-video-preview":"max-video-preview:-1"},"canonical":"https:\/\/funzine.hu\/sl\/2026\/09\/04\/kulture\/jesen-se-zacne-z-brezplacnim-druzinskim-programom-v-priljubljenem-gledaliscu-prestolnice\/","og_locale":"sl_SI","og_type":"article","og_title":"Jesen se za\u010dne z brezpla\u010dnim dru\u017einskim programom v priljubljenem gledali\u0161\u010du prestolnice","og_description":"Konec septembra bo gledali\u0161\u010de Kolibri ponovno namenjeno dru\u017einam in otrokom: ob\u010dinstvo \u010dakata","og_url":"https:\/\/funzine.hu\/sl\/2026\/09\/04\/kulture\/jesen-se-zacne-z-brezplacnim-druzinskim-programom-v-priljubljenem-gledaliscu-prestolnice\/","og_site_name":"Funzine","article_publisher":"https:\/\/www.facebook.com\/funzine\/","article_published_time":"2026-09-04T11:36:07+00:00","og_image":[{"width":2560,"height":1700,"url":"https:\/\/funzine.hu\/wp-content\/uploads\/2026\/09\/mauriciokell-enactment-258631.jpg","type":"image\/jpeg"}],"author":"Bodn\u00e1r Zsuzsa","twitter_card":"summary_large_image","twitter_creator":"@funzine","twitter_site":"@funzine","twitter_misc":{"Written by":"Bodn\u00e1r Zsuzsa","Est. reading time":"2 minuti"},"schema":{"@context":"https:\/\/schema.org","@graph":[{"@type":"NewsArticle","@id":"https:\/\/funzine.hu\/sl\/2026\/09\/04\/kulture\/jesen-se-zacne-z-brezplacnim-druzinskim-programom-v-priljubljenem-gledaliscu-prestolnice\/#article","isPartOf":{"@id":"https:\/\/funzine.hu\/sl\/2026\/09\/04\/kulture\/jesen-se-zacne-z-brezplacnim-druzinskim-programom-v-priljubljenem-gledaliscu-prestolnice\/"},"author":{"name":"Bodn\u00e1r Zsuzsa","@id":"https:\/\/funzine.hu\/#\/schema\/person\/f3864a88f41183e8c3af70534ac28bb4"},"headline":"Jesen se za\u010dne z brezpla\u010dnim dru\u017einskim programom v priljubljenem gledali\u0161\u010du prestolnice","datePublished":"2026-09-04T11:36:07+00:00","mainEntityOfPage":{"@id":"https:\/\/funzine.hu\/sl\/2026\/09\/04\/kulture\/jesen-se-zacne-z-brezplacnim-druzinskim-programom-v-priljubljenem-gledaliscu-prestolnice\/"},"wordCount":231,"image":{"@id":"https:\/\/funzine.hu\/sl\/2026\/09\/04\/kulture\/jesen-se-zacne-z-brezplacnim-druzinskim-programom-v-priljubljenem-gledaliscu-prestolnice\/#primaryimage"},"thumbnailUrl":"https:\/\/funzine.hu\/wp-content\/uploads\/2026\/09\/mauriciokell-enactment-258631.jpg","articleSection":["Kulture"],"inLanguage":"sl-SI"},{"@type":"WebPage","@id":"https:\/\/funzine.hu\/sl\/2026\/09\/04\/kulture\/jesen-se-zacne-z-brezplacnim-druzinskim-programom-v-priljubljenem-gledaliscu-prestolnice\/","url":"https:\/\/funzine.hu\/sl\/2026\/09\/04\/kulture\/jesen-se-zacne-z-brezplacnim-druzinskim-programom-v-priljubljenem-gledaliscu-prestolnice\/","name":"Jesen se za\u010dne z brezpla\u010dnim dru\u017einskim programom v priljubljenem gledali\u0161\u010du prestolnice","isPartOf":{"@id":"https:\/\/funzine.hu\/#website"},"primaryImageOfPage":{"@id":"https:\/\/funzine.hu\/sl\/2026\/09\/04\/kulture\/jesen-se-zacne-z-brezplacnim-druzinskim-programom-v-priljubljenem-gledaliscu-prestolnice\/#primaryimage"},"image":{"@id":"https:\/\/funzine.hu\/sl\/2026\/09\/04\/kulture\/jesen-se-zacne-z-brezplacnim-druzinskim-programom-v-priljubljenem-gledaliscu-prestolnice\/#primaryimage"},"thumbnailUrl":"https:\/\/funzine.hu\/wp-content\/uploads\/2026\/09\/mauriciokell-enactment-258631.jpg","datePublished":"2026-09-04T11:36:07+00:00","author":{"@id":"https:\/\/funzine.hu\/#\/schema\/person\/f3864a88f41183e8c3af70534ac28bb4"},"breadcrumb":{"@id":"https:\/\/funzine.hu\/sl\/2026\/09\/04\/kulture\/jesen-se-zacne-z-brezplacnim-druzinskim-programom-v-priljubljenem-gledaliscu-prestolnice\/#breadcrumb"},"inLanguage":"sl-SI","potentialAction":[{"@type":"ReadAction","target":["https:\/\/funzine.hu\/sl\/2026\/09\/04\/kulture\/jesen-se-zacne-z-brezplacnim-druzinskim-programom-v-priljubljenem-gledaliscu-prestolnice\/"]}]},{"@type":"ImageObject","inLanguage":"sl-SI","@id":"https:\/\/funzine.hu\/sl\/2026\/09\/04\/kulture\/jesen-se-zacne-z-brezplacnim-druzinskim-programom-v-priljubljenem-gledaliscu-prestolnice\/#primaryimage","url":"https:\/\/funzine.hu\/wp-content\/uploads\/2026\/09\/mauriciokell-enactment-258631.jpg","contentUrl":"https:\/\/funzine.hu\/wp-content\/uploads\/2026\/09\/mauriciokell-enactment-258631.jpg","width":2560,"height":1700,"caption":"ilustracija - pixabay.com"},{"@type":"BreadcrumbList","@id":"https:\/\/funzine.hu\/sl\/2026\/09\/04\/kulture\/jesen-se-zacne-z-brezplacnim-druzinskim-programom-v-priljubljenem-gledaliscu-prestolnice\/#breadcrumb","itemListElement":[{"@type":"ListItem","position":1,"name":"Home","item":"https:\/\/funzine.hu\/sl\/"},{"@type":"ListItem","position":2,"name":"Jesen se za\u010dne z brezpla\u010dnim dru\u017einskim programom v priljubljenem gledali\u0161\u010du prestolnice"}]},{"@type":"WebSite","@id":"https:\/\/funzine.hu\/#website","url":"https:\/\/funzine.hu\/","name":"Funzine","description":"","potentialAction":[{"@type":"SearchAction","target":{"@type":"EntryPoint","urlTemplate":"https:\/\/funzine.hu\/?s={search_term_string}"},"query-input":{"@type":"PropertyValueSpecification","valueRequired":true,"valueName":"search_term_string"}}],"inLanguage":"sl-SI"},{"@type":"Person","@id":"https:\/\/funzine.hu\/#\/schema\/person\/f3864a88f41183e8c3af70534ac28bb4","name":"Bodn\u00e1r Zsuzsa","image":{"@type":"ImageObject","inLanguage":"sl-SI","@id":"https:\/\/secure.gravatar.com\/avatar\/3dac04a042bfb0c015d0f893ef5eb9cca9d966bb5795039862dafd8d2ab5d410?s=96&d=mm&r=g","url":"https:\/\/secure.gravatar.com\/avatar\/3dac04a042bfb0c015d0f893ef5eb9cca9d966bb5795039862dafd8d2ab5d410?s=96&d=mm&r=g","contentUrl":"https:\/\/secure.gravatar.com\/avatar\/3dac04a042bfb0c015d0f893ef5eb9cca9d966bb5795039862dafd8d2ab5d410?s=96&d=mm&r=g","caption":"Bodn\u00e1r Zsuzsa"},"url":"https:\/\/funzine.hu\/sl\/author\/bodnar-zsuzsa-1984\/"}]}},"amp_enabled":true,"_links":{"self":[{"href":"https:\/\/funzine.hu\/sl\/wp-json\/wp\/v2\/posts\/635066","targetHints":{"allow":["GET"]}}],"collection":[{"href":"https:\/\/funzine.hu\/sl\/wp-json\/wp\/v2\/posts"}],"about":[{"href":"https:\/\/funzine.hu\/sl\/wp-json\/wp\/v2\/types\/post"}],"author":[{"embeddable":true,"href":"https:\/\/funzine.hu\/sl\/wp-json\/wp\/v2\/users\/391"}],"replies":[{"embeddable":true,"href":"https:\/\/funzine.hu\/sl\/wp-json\/wp\/v2\/comments?post=635066"}],"version-history":[{"count":1,"href":"https:\/\/funzine.hu\/sl\/wp-json\/wp\/v2\/posts\/635066\/revisions"}],"predecessor-version":[{"id":635069,"href":"https:\/\/funzine.hu\/sl\/wp-json\/wp\/v2\/posts\/635066\/revisions\/635069"}],"wp:featuredmedia":[{"embeddable":true,"href":"https:\/\/funzine.hu\/sl\/wp-json\/wp\/v2\/media\/635067"}],"wp:attachment":[{"href":"https:\/\/funzine.hu\/sl\/wp-json\/wp\/v2\/media?parent=635066"}],"wp:term":[{"taxonomy":"category","embeddable":true,"href":"https:\/\/funzine.hu\/sl\/wp-json\/wp\/v2\/categories?post=635066"},{"taxonomy":"post_tag","embeddable":true,"href":"https:\/\/funzine.hu\/sl\/wp-json\/wp\/v2\/tags?post=635066"},{"taxonomy":"post_places","embeddable":true,"href":"https:\/\/funzine.hu\/sl\/wp-json\/wp\/v2\/post_places?post=635066"}],"curies":[{"name":"wp","href":"https:\/\/api.w.org\/{rel}","templated":true}]}}