{"id":635063,"date":"2026-09-04T13:35:08","date_gmt":"2026-09-04T11:35:08","guid":{"rendered":"https:\/\/funzine.hu\/?p=635063"},"modified":"2026-09-04T13:35:08","modified_gmt":"2026-09-04T11:35:08","slug":"7-razstav-septembra-ki-jih-ne-smete-zamuditi-ce-zelite-jesen-zaceti-s-kulturnimi-dozivetji","status":"publish","type":"post","link":"https:\/\/funzine.hu\/sl\/2026\/09\/04\/kulture\/7-razstav-septembra-ki-jih-ne-smete-zamuditi-ce-zelite-jesen-zaceti-s-kulturnimi-dozivetji\/","title":{"rendered":"7 razstav septembra, ki jih ne smete zamuditi, \u010de \u017eelite jesen za\u010deti s kulturnimi do\u017eivetji"},"content":{"rendered":"<p>Spet je tu september, \u010das za nov za\u010detek po vro\u010dinskem valu in poletnih po\u010ditnicah. \u010ce i\u0161\u010dete kulturno prenovo jeseni, smo zbrali najbolj vznemirljive razstave v Budimpe\u0161ti, ki imajo svoje mesto na trenutnem programu.<\/p>\n<p>Poletje sprememb \/\/ Prostovoljni center Partiz\u00e1n (4.\u201318. september 2026)<br \/>\nKak\u0161no je bilo \u017eiveti na Mad\u017earskem poleti 2026, po odlo\u010dilnih volitvah? Najbolj\u0161a dela, ki jih je izbrala strokovna \u017eirija na fotografskem nate\u010daju, ki so ga razpisali prostovoljci Partiz\u00e1na, so zdaj na ogled in ponujajo osebno sliko sprememb in spreminjajo\u010dega se vsakdanjega \u017eivljenja. Fotografije, posnete na ulicah, v parkih, na delovnih mestih, pla\u017eah in domovih, med drugim, ri\u0161ejo poseben pe\u010dat poletja 2026: o tem, kaj je postalo druga\u010dno, kaj je ostalo enako in kak\u0161na upanja in vpra\u0161anja spremljajo obdobje sprememb.<\/p>\n<figure id=\"attachment_635064\" aria-describedby=\"caption-attachment-635064\" style=\"width: 850px\" class=\"wp-caption aligncenter\"><img decoding=\"async\" class=\"size-funzine-large wp-image-635064\" src=\"https:\/\/funzine.hu\/wp-content\/uploads\/2026\/09\/inspector_clouseau-white-podium-7422896-1200x800.jpg\" alt=\"\" width=\"850\" height=\"567\" srcset=\"https:\/\/funzine.hu\/wp-content\/uploads\/2026\/09\/inspector_clouseau-white-podium-7422896-1200x800.jpg 1200w, https:\/\/funzine.hu\/wp-content\/uploads\/2026\/09\/inspector_clouseau-white-podium-7422896-300x200.jpg 300w, https:\/\/funzine.hu\/wp-content\/uploads\/2026\/09\/inspector_clouseau-white-podium-7422896-1024x683.jpg 1024w, https:\/\/funzine.hu\/wp-content\/uploads\/2026\/09\/inspector_clouseau-white-podium-7422896-768x512.jpg 768w, https:\/\/funzine.hu\/wp-content\/uploads\/2026\/09\/inspector_clouseau-white-podium-7422896-1536x1024.jpg 1536w, https:\/\/funzine.hu\/wp-content\/uploads\/2026\/09\/inspector_clouseau-white-podium-7422896-2048x1366.jpg 2048w, https:\/\/funzine.hu\/wp-content\/uploads\/2026\/09\/inspector_clouseau-white-podium-7422896-360x240.jpg 360w\" sizes=\"(max-width: 850px) 100vw, 850px\" \/><figcaption id=\"caption-attachment-635064\" class=\"wp-caption-text\">ilustracija &#8211; pixabay.com<\/figcaption><\/figure>\n<p>Razstava ARC \/\/ Parkiri\u0161\u010de na ulici Egry J\u00f3zsef (18. september 2026 \u2013 18. oktober 2026)<br \/>\nBrezpla\u010dna razstava na prostem tudi letos \u010daka obiskovalce v \u00dajbudi, vendar namesto v parku Bik\u00e1s tokrat najdete nagrajena in miselno spodbudna dela na budimskem koncu mostu Pet\u0151fi, na parkiri\u0161\u010du na ulici Egry J\u00f3zsef Tehni\u0161ke univerze v Budimpe\u0161ti. Med 18. septembrom in 18. oktobrom 2026 bodo ustvarjalci razstave javnega po\u010dutja s podnaslovom \u00bbSprememba \u017eiv\u010dnega sistema\u00ab skozi slike izrazili, v kak\u0161nem svetu bi radi \u017eiveli in kako je mogo\u010de reflekse, ob\u010dutke in javno razpolo\u017eenje ponovno premisliti v dr\u017eavi v tranziciji.<\/p>\n<p>Svetovna razstava novinarske fotografije \/\/ Biod\u00f3m (25. september 2026 \u2013 8. november 2026)<br \/>\nBudimpe\u0161ta je ponovno dom najbolj\u0161ih novinarskih fotografij na svetu. Od 25. septembra bo posebna razstava v Biod\u00f3mu ponudila vpogled v najpomembnej\u0161e in najbolj pere\u010de zgodbe na\u0161ega planeta. Med \u0161tevilnimi prispevki je neodvisna mednarodna \u017eirija izbrala posnetke in fotoreporta\u017ee, ki ne le dokumentirajo dogodke na\u0161ega \u010dasa, temve\u010d tudi na niansiran na\u010din prikazujejo njihove \u010dlove\u0161ke posledice. Slike na razstavi prihajajo iz mnogih delov sveta in se vrtijo okoli tem, ki vsak dan oblikujejo na\u0161 sedanjost. Fotografije se hkrati soo\u010dajo s te\u017eavami sveta in ka\u017eejo neverjetno mo\u010d, dostojanstvo in solidarnost, s katero se ljudje soo\u010dajo s temi situacijami.<\/p>\n<p>Moje srce jo\u010de v notranjosti \u2013 \u017dalujo\u010da dela \/\/ Galerija Budimpe\u0161ta (do 22. novembra 2026)<br \/>\nRazstava se osredoto\u010da na nenavadno temo in preu\u010duje osebne in skupnostne razse\u017enosti \u017ealovanja, hkrati pa poudarja, kako sta smrt in izguba v dru\u017ebi postali vse bolj tabu. Razstavljena dela raziskujejo \u0161tevilne oblike \u017ealovanja, od osebnih izgub in procesov spopadanja do kolektivnih travm, vojnih izgub in transformacijskih obredov. Razstava \u017ealovanja ne obravnava kot zaprt proces, temve\u010d kot izku\u0161njo, s katero se moramo nau\u010diti \u017eiveti \u2013 o njem govoriti, se zana\u0161ati drug na drugega in iskati nove oblike povezovanja.<\/p>\n<p>Humanisti\u010dni pogled \u2013 Ponovno odkrivanje Nore Dumas \/\/ Hi\u0161a Mai Man\u00f3 (do 25. oktobra 2026)<br \/>\nPosebna razstava ponuja vpogled v opus Nore Dumas, fotografinje, ki je zacvetela v Parizu. Umetnica, rojena v Budimpe\u0161ti, je bila med obema svetovnima vojnama odlo\u010dilna osebnost v moderni fotografiji, skupaj s sodobniki, kot sta Brassa\u00ef in Andr\u00e9 Kert\u00e9sz. Njene slike se osredoto\u010dajo na pode\u017eelsko \u017eivljenje, vsakdanje delo in \u010dlove\u0161ko prisotnost: delavci, \u017eivali in pokrajine o\u017eivijo z dokumentarno natan\u010dnostjo in zadr\u017eano poezijo. Razstava predstavlja edinstveno perspektivo fotografinje, ki je bila dolgo \u010dasa nezaslu\u017eeno spregledana, a je bila zdaj ponovno odkrita in zdaj jo lahko vidite!<\/p>\n<p>Ameri\u0161ke sanje \u2013 Mad\u017eari v Zdru\u017eenih dr\u017eavah Amerike 1776\u20132026 \/\/ Mad\u017earski narodni muzej (do 1. novembra 2026)<br \/>\nVznemirljiva razstava Mad\u017earskega narodnega muzeja ponuja vpogled v ve\u010dstoletno zgodovino mad\u017earsko-ameri\u0161kih odnosov. Skozi osebne usode, posebne predmete in vznemirljive zgodbe \u00bbAmeri\u0161ke sanje\u00ab prikazuje, zakaj so se milijoni Mad\u017earov odpravili v Novi svet, kako so na\u0161li svoj novi dom in kak\u0161en trajen pe\u010dat so pustili v Ameriki. Poleg vsakdanjega \u017eivljenja izseljencev razstava o\u017eivlja tudi zgodbe mad\u017earskih znanstvenikov, umetnikov, poslovne\u017eev in hollywoodskih ustvarjalcev. Razstavo dopolnjuje panelna razstava \u00bbPri\u0161li smo iz Amerike\u00ab v muzejskem vrtu.<\/p>\n<p>Dres Korn\u00e9la D\u00e1vida Chicago Bulls (last Korn\u00e9la D\u00e1vida) in plo\u0161\u010da Zsuzse Polg\u00e1r, ki je \u010dlanica Svetovne \u0161ahovske dvorane slavnih (last Zsuzse Polg\u00e1r) \u2013 Foto: Mad\u017earski narodni muzej<br \/>\nWashi | Tiso\u010d obrazov japonskega papirja \/\/ Muzej azijske umetnosti Ferenca Hoppa (do 1. januarja 2027)<br \/>\nRazstava v Muzeju azijske umetnosti Ferenca Hoppa ponuja vpogled v raznolik svet japonskega papirja oziroma washija. Razstava s skoraj 200 artefakti, dokumenti in interaktivnimi elementi prikazuje, kako je ta poseben, ro\u010dno izdelan material postal odlo\u010dilni del japonske kulture in vsakdanjega \u017eivljenja. Od bivalnih prostorov do obla\u010dil in ritualov do umetnosti ga lahko sre\u010damo v ne\u0161tetih oblikah. Spoznali bomo postopek, zgodovino in sodobne reinterpretacije tradicionalne izdelave papirja, hkrati pa bomo dobili vpogled v ohranjanje in restavriranje papirja.<\/p>\n","protected":false},"excerpt":{"rendered":"<p>Spet je tu september, \u010das za nov za\u010detek po vro\u010dinskem valu in poletnih po\u010ditnicah. \u010ce i\u0161\u010dete<\/p>\n","protected":false},"author":391,"featured_media":635064,"comment_status":"closed","ping_status":"closed","sticky":false,"template":"","format":"standard","meta":{"_acf_changed":false,"wprm-recipe-roundup-name":"","wprm-recipe-roundup-description":"","ngg_post_thumbnail":0,"footnotes":""},"categories":[14346],"tags":[],"post_places":[],"class_list":["post-635063","post","type-post","status-publish","format-standard","has-post-thumbnail","hentry","category-kulture"],"acf":{"connected_places":"","del_image":""},"yoast_head":"<!-- This site is optimized with the Yoast SEO plugin v27.2 - https:\/\/yoast.com\/product\/yoast-seo-wordpress\/ -->\n<title>7 razstav septembra, ki jih ne smete zamuditi, \u010de \u017eelite jesen za\u010deti s kulturnimi do\u017eivetji<\/title>\n<meta name=\"robots\" content=\"index, follow, max-snippet:-1, max-image-preview:large, max-video-preview:-1\" \/>\n<link rel=\"canonical\" href=\"https:\/\/funzine.hu\/sl\/2026\/09\/04\/kulture\/7-razstav-septembra-ki-jih-ne-smete-zamuditi-ce-zelite-jesen-zaceti-s-kulturnimi-dozivetji\/\" \/>\n<meta property=\"og:locale\" content=\"sl_SI\" \/>\n<meta property=\"og:type\" content=\"article\" \/>\n<meta property=\"og:title\" content=\"7 razstav septembra, ki jih ne smete zamuditi, \u010de \u017eelite jesen za\u010deti s kulturnimi do\u017eivetji\" \/>\n<meta property=\"og:description\" content=\"Spet je tu september, \u010das za nov za\u010detek po vro\u010dinskem valu in poletnih po\u010ditnicah. \u010ce i\u0161\u010dete\" \/>\n<meta property=\"og:url\" content=\"https:\/\/funzine.hu\/sl\/2026\/09\/04\/kulture\/7-razstav-septembra-ki-jih-ne-smete-zamuditi-ce-zelite-jesen-zaceti-s-kulturnimi-dozivetji\/\" \/>\n<meta property=\"og:site_name\" content=\"Funzine\" \/>\n<meta property=\"article:publisher\" content=\"https:\/\/www.facebook.com\/funzine\/\" \/>\n<meta property=\"article:published_time\" content=\"2026-09-04T11:35:08+00:00\" \/>\n<meta property=\"og:image\" content=\"https:\/\/funzine.hu\/wp-content\/uploads\/2026\/09\/inspector_clouseau-white-podium-7422896.jpg\" \/>\n\t<meta property=\"og:image:width\" content=\"2560\" \/>\n\t<meta property=\"og:image:height\" content=\"1707\" \/>\n\t<meta property=\"og:image:type\" content=\"image\/jpeg\" \/>\n<meta name=\"author\" content=\"Bodn\u00e1r Zsuzsa\" \/>\n<meta name=\"twitter:card\" content=\"summary_large_image\" \/>\n<meta name=\"twitter:creator\" content=\"@funzine\" \/>\n<meta name=\"twitter:site\" content=\"@funzine\" \/>\n<meta name=\"twitter:label1\" content=\"Written by\" \/>\n\t<meta name=\"twitter:data1\" content=\"Bodn\u00e1r Zsuzsa\" \/>\n\t<meta name=\"twitter:label2\" content=\"Est. reading time\" \/>\n\t<meta name=\"twitter:data2\" content=\"5 minut\" \/>\n<script type=\"application\/ld+json\" class=\"yoast-schema-graph\">{\"@context\":\"https:\/\/schema.org\",\"@graph\":[{\"@type\":\"NewsArticle\",\"@id\":\"https:\/\/funzine.hu\/sl\/2026\/09\/04\/kulture\/7-razstav-septembra-ki-jih-ne-smete-zamuditi-ce-zelite-jesen-zaceti-s-kulturnimi-dozivetji\/#article\",\"isPartOf\":{\"@id\":\"https:\/\/funzine.hu\/sl\/2026\/09\/04\/kulture\/7-razstav-septembra-ki-jih-ne-smete-zamuditi-ce-zelite-jesen-zaceti-s-kulturnimi-dozivetji\/\"},\"author\":{\"name\":\"Bodn\u00e1r Zsuzsa\",\"@id\":\"https:\/\/funzine.hu\/#\/schema\/person\/f3864a88f41183e8c3af70534ac28bb4\"},\"headline\":\"7 razstav septembra, ki jih ne smete zamuditi, \u010de \u017eelite jesen za\u010deti s kulturnimi do\u017eivetji\",\"datePublished\":\"2026-09-04T11:35:08+00:00\",\"mainEntityOfPage\":{\"@id\":\"https:\/\/funzine.hu\/sl\/2026\/09\/04\/kulture\/7-razstav-septembra-ki-jih-ne-smete-zamuditi-ce-zelite-jesen-zaceti-s-kulturnimi-dozivetji\/\"},\"wordCount\":810,\"image\":{\"@id\":\"https:\/\/funzine.hu\/sl\/2026\/09\/04\/kulture\/7-razstav-septembra-ki-jih-ne-smete-zamuditi-ce-zelite-jesen-zaceti-s-kulturnimi-dozivetji\/#primaryimage\"},\"thumbnailUrl\":\"https:\/\/funzine.hu\/wp-content\/uploads\/2026\/09\/inspector_clouseau-white-podium-7422896.jpg\",\"articleSection\":[\"Kulture\"],\"inLanguage\":\"sl-SI\"},{\"@type\":\"WebPage\",\"@id\":\"https:\/\/funzine.hu\/sl\/2026\/09\/04\/kulture\/7-razstav-septembra-ki-jih-ne-smete-zamuditi-ce-zelite-jesen-zaceti-s-kulturnimi-dozivetji\/\",\"url\":\"https:\/\/funzine.hu\/sl\/2026\/09\/04\/kulture\/7-razstav-septembra-ki-jih-ne-smete-zamuditi-ce-zelite-jesen-zaceti-s-kulturnimi-dozivetji\/\",\"name\":\"7 razstav septembra, ki jih ne smete zamuditi, \u010de \u017eelite jesen za\u010deti s kulturnimi do\u017eivetji\",\"isPartOf\":{\"@id\":\"https:\/\/funzine.hu\/#website\"},\"primaryImageOfPage\":{\"@id\":\"https:\/\/funzine.hu\/sl\/2026\/09\/04\/kulture\/7-razstav-septembra-ki-jih-ne-smete-zamuditi-ce-zelite-jesen-zaceti-s-kulturnimi-dozivetji\/#primaryimage\"},\"image\":{\"@id\":\"https:\/\/funzine.hu\/sl\/2026\/09\/04\/kulture\/7-razstav-septembra-ki-jih-ne-smete-zamuditi-ce-zelite-jesen-zaceti-s-kulturnimi-dozivetji\/#primaryimage\"},\"thumbnailUrl\":\"https:\/\/funzine.hu\/wp-content\/uploads\/2026\/09\/inspector_clouseau-white-podium-7422896.jpg\",\"datePublished\":\"2026-09-04T11:35:08+00:00\",\"author\":{\"@id\":\"https:\/\/funzine.hu\/#\/schema\/person\/f3864a88f41183e8c3af70534ac28bb4\"},\"breadcrumb\":{\"@id\":\"https:\/\/funzine.hu\/sl\/2026\/09\/04\/kulture\/7-razstav-septembra-ki-jih-ne-smete-zamuditi-ce-zelite-jesen-zaceti-s-kulturnimi-dozivetji\/#breadcrumb\"},\"inLanguage\":\"sl-SI\",\"potentialAction\":[{\"@type\":\"ReadAction\",\"target\":[\"https:\/\/funzine.hu\/sl\/2026\/09\/04\/kulture\/7-razstav-septembra-ki-jih-ne-smete-zamuditi-ce-zelite-jesen-zaceti-s-kulturnimi-dozivetji\/\"]}]},{\"@type\":\"ImageObject\",\"inLanguage\":\"sl-SI\",\"@id\":\"https:\/\/funzine.hu\/sl\/2026\/09\/04\/kulture\/7-razstav-septembra-ki-jih-ne-smete-zamuditi-ce-zelite-jesen-zaceti-s-kulturnimi-dozivetji\/#primaryimage\",\"url\":\"https:\/\/funzine.hu\/wp-content\/uploads\/2026\/09\/inspector_clouseau-white-podium-7422896.jpg\",\"contentUrl\":\"https:\/\/funzine.hu\/wp-content\/uploads\/2026\/09\/inspector_clouseau-white-podium-7422896.jpg\",\"width\":2560,\"height\":1707,\"caption\":\"ilustracija - pixabay.com\"},{\"@type\":\"BreadcrumbList\",\"@id\":\"https:\/\/funzine.hu\/sl\/2026\/09\/04\/kulture\/7-razstav-septembra-ki-jih-ne-smete-zamuditi-ce-zelite-jesen-zaceti-s-kulturnimi-dozivetji\/#breadcrumb\",\"itemListElement\":[{\"@type\":\"ListItem\",\"position\":1,\"name\":\"Home\",\"item\":\"https:\/\/funzine.hu\/sl\/\"},{\"@type\":\"ListItem\",\"position\":2,\"name\":\"7 razstav septembra, ki jih ne smete zamuditi, \u010de \u017eelite jesen za\u010deti s kulturnimi do\u017eivetji\"}]},{\"@type\":\"WebSite\",\"@id\":\"https:\/\/funzine.hu\/#website\",\"url\":\"https:\/\/funzine.hu\/\",\"name\":\"Funzine\",\"description\":\"\",\"potentialAction\":[{\"@type\":\"SearchAction\",\"target\":{\"@type\":\"EntryPoint\",\"urlTemplate\":\"https:\/\/funzine.hu\/?s={search_term_string}\"},\"query-input\":{\"@type\":\"PropertyValueSpecification\",\"valueRequired\":true,\"valueName\":\"search_term_string\"}}],\"inLanguage\":\"sl-SI\"},{\"@type\":\"Person\",\"@id\":\"https:\/\/funzine.hu\/#\/schema\/person\/f3864a88f41183e8c3af70534ac28bb4\",\"name\":\"Bodn\u00e1r Zsuzsa\",\"image\":{\"@type\":\"ImageObject\",\"inLanguage\":\"sl-SI\",\"@id\":\"https:\/\/secure.gravatar.com\/avatar\/3dac04a042bfb0c015d0f893ef5eb9cca9d966bb5795039862dafd8d2ab5d410?s=96&d=mm&r=g\",\"url\":\"https:\/\/secure.gravatar.com\/avatar\/3dac04a042bfb0c015d0f893ef5eb9cca9d966bb5795039862dafd8d2ab5d410?s=96&d=mm&r=g\",\"contentUrl\":\"https:\/\/secure.gravatar.com\/avatar\/3dac04a042bfb0c015d0f893ef5eb9cca9d966bb5795039862dafd8d2ab5d410?s=96&d=mm&r=g\",\"caption\":\"Bodn\u00e1r Zsuzsa\"},\"url\":\"https:\/\/funzine.hu\/sl\/author\/bodnar-zsuzsa-1984\/\"}]}<\/script>\n<!-- \/ Yoast SEO plugin. -->","yoast_head_json":{"title":"7 razstav septembra, ki jih ne smete zamuditi, \u010de \u017eelite jesen za\u010deti s kulturnimi do\u017eivetji","robots":{"index":"index","follow":"follow","max-snippet":"max-snippet:-1","max-image-preview":"max-image-preview:large","max-video-preview":"max-video-preview:-1"},"canonical":"https:\/\/funzine.hu\/sl\/2026\/09\/04\/kulture\/7-razstav-septembra-ki-jih-ne-smete-zamuditi-ce-zelite-jesen-zaceti-s-kulturnimi-dozivetji\/","og_locale":"sl_SI","og_type":"article","og_title":"7 razstav septembra, ki jih ne smete zamuditi, \u010de \u017eelite jesen za\u010deti s kulturnimi do\u017eivetji","og_description":"Spet je tu september, \u010das za nov za\u010detek po vro\u010dinskem valu in poletnih po\u010ditnicah. \u010ce i\u0161\u010dete","og_url":"https:\/\/funzine.hu\/sl\/2026\/09\/04\/kulture\/7-razstav-septembra-ki-jih-ne-smete-zamuditi-ce-zelite-jesen-zaceti-s-kulturnimi-dozivetji\/","og_site_name":"Funzine","article_publisher":"https:\/\/www.facebook.com\/funzine\/","article_published_time":"2026-09-04T11:35:08+00:00","og_image":[{"width":2560,"height":1707,"url":"https:\/\/funzine.hu\/wp-content\/uploads\/2026\/09\/inspector_clouseau-white-podium-7422896.jpg","type":"image\/jpeg"}],"author":"Bodn\u00e1r Zsuzsa","twitter_card":"summary_large_image","twitter_creator":"@funzine","twitter_site":"@funzine","twitter_misc":{"Written by":"Bodn\u00e1r Zsuzsa","Est. reading time":"5 minut"},"schema":{"@context":"https:\/\/schema.org","@graph":[{"@type":"NewsArticle","@id":"https:\/\/funzine.hu\/sl\/2026\/09\/04\/kulture\/7-razstav-septembra-ki-jih-ne-smete-zamuditi-ce-zelite-jesen-zaceti-s-kulturnimi-dozivetji\/#article","isPartOf":{"@id":"https:\/\/funzine.hu\/sl\/2026\/09\/04\/kulture\/7-razstav-septembra-ki-jih-ne-smete-zamuditi-ce-zelite-jesen-zaceti-s-kulturnimi-dozivetji\/"},"author":{"name":"Bodn\u00e1r Zsuzsa","@id":"https:\/\/funzine.hu\/#\/schema\/person\/f3864a88f41183e8c3af70534ac28bb4"},"headline":"7 razstav septembra, ki jih ne smete zamuditi, \u010de \u017eelite jesen za\u010deti s kulturnimi do\u017eivetji","datePublished":"2026-09-04T11:35:08+00:00","mainEntityOfPage":{"@id":"https:\/\/funzine.hu\/sl\/2026\/09\/04\/kulture\/7-razstav-septembra-ki-jih-ne-smete-zamuditi-ce-zelite-jesen-zaceti-s-kulturnimi-dozivetji\/"},"wordCount":810,"image":{"@id":"https:\/\/funzine.hu\/sl\/2026\/09\/04\/kulture\/7-razstav-septembra-ki-jih-ne-smete-zamuditi-ce-zelite-jesen-zaceti-s-kulturnimi-dozivetji\/#primaryimage"},"thumbnailUrl":"https:\/\/funzine.hu\/wp-content\/uploads\/2026\/09\/inspector_clouseau-white-podium-7422896.jpg","articleSection":["Kulture"],"inLanguage":"sl-SI"},{"@type":"WebPage","@id":"https:\/\/funzine.hu\/sl\/2026\/09\/04\/kulture\/7-razstav-septembra-ki-jih-ne-smete-zamuditi-ce-zelite-jesen-zaceti-s-kulturnimi-dozivetji\/","url":"https:\/\/funzine.hu\/sl\/2026\/09\/04\/kulture\/7-razstav-septembra-ki-jih-ne-smete-zamuditi-ce-zelite-jesen-zaceti-s-kulturnimi-dozivetji\/","name":"7 razstav septembra, ki jih ne smete zamuditi, \u010de \u017eelite jesen za\u010deti s kulturnimi do\u017eivetji","isPartOf":{"@id":"https:\/\/funzine.hu\/#website"},"primaryImageOfPage":{"@id":"https:\/\/funzine.hu\/sl\/2026\/09\/04\/kulture\/7-razstav-septembra-ki-jih-ne-smete-zamuditi-ce-zelite-jesen-zaceti-s-kulturnimi-dozivetji\/#primaryimage"},"image":{"@id":"https:\/\/funzine.hu\/sl\/2026\/09\/04\/kulture\/7-razstav-septembra-ki-jih-ne-smete-zamuditi-ce-zelite-jesen-zaceti-s-kulturnimi-dozivetji\/#primaryimage"},"thumbnailUrl":"https:\/\/funzine.hu\/wp-content\/uploads\/2026\/09\/inspector_clouseau-white-podium-7422896.jpg","datePublished":"2026-09-04T11:35:08+00:00","author":{"@id":"https:\/\/funzine.hu\/#\/schema\/person\/f3864a88f41183e8c3af70534ac28bb4"},"breadcrumb":{"@id":"https:\/\/funzine.hu\/sl\/2026\/09\/04\/kulture\/7-razstav-septembra-ki-jih-ne-smete-zamuditi-ce-zelite-jesen-zaceti-s-kulturnimi-dozivetji\/#breadcrumb"},"inLanguage":"sl-SI","potentialAction":[{"@type":"ReadAction","target":["https:\/\/funzine.hu\/sl\/2026\/09\/04\/kulture\/7-razstav-septembra-ki-jih-ne-smete-zamuditi-ce-zelite-jesen-zaceti-s-kulturnimi-dozivetji\/"]}]},{"@type":"ImageObject","inLanguage":"sl-SI","@id":"https:\/\/funzine.hu\/sl\/2026\/09\/04\/kulture\/7-razstav-septembra-ki-jih-ne-smete-zamuditi-ce-zelite-jesen-zaceti-s-kulturnimi-dozivetji\/#primaryimage","url":"https:\/\/funzine.hu\/wp-content\/uploads\/2026\/09\/inspector_clouseau-white-podium-7422896.jpg","contentUrl":"https:\/\/funzine.hu\/wp-content\/uploads\/2026\/09\/inspector_clouseau-white-podium-7422896.jpg","width":2560,"height":1707,"caption":"ilustracija - pixabay.com"},{"@type":"BreadcrumbList","@id":"https:\/\/funzine.hu\/sl\/2026\/09\/04\/kulture\/7-razstav-septembra-ki-jih-ne-smete-zamuditi-ce-zelite-jesen-zaceti-s-kulturnimi-dozivetji\/#breadcrumb","itemListElement":[{"@type":"ListItem","position":1,"name":"Home","item":"https:\/\/funzine.hu\/sl\/"},{"@type":"ListItem","position":2,"name":"7 razstav septembra, ki jih ne smete zamuditi, \u010de \u017eelite jesen za\u010deti s kulturnimi do\u017eivetji"}]},{"@type":"WebSite","@id":"https:\/\/funzine.hu\/#website","url":"https:\/\/funzine.hu\/","name":"Funzine","description":"","potentialAction":[{"@type":"SearchAction","target":{"@type":"EntryPoint","urlTemplate":"https:\/\/funzine.hu\/?s={search_term_string}"},"query-input":{"@type":"PropertyValueSpecification","valueRequired":true,"valueName":"search_term_string"}}],"inLanguage":"sl-SI"},{"@type":"Person","@id":"https:\/\/funzine.hu\/#\/schema\/person\/f3864a88f41183e8c3af70534ac28bb4","name":"Bodn\u00e1r Zsuzsa","image":{"@type":"ImageObject","inLanguage":"sl-SI","@id":"https:\/\/secure.gravatar.com\/avatar\/3dac04a042bfb0c015d0f893ef5eb9cca9d966bb5795039862dafd8d2ab5d410?s=96&d=mm&r=g","url":"https:\/\/secure.gravatar.com\/avatar\/3dac04a042bfb0c015d0f893ef5eb9cca9d966bb5795039862dafd8d2ab5d410?s=96&d=mm&r=g","contentUrl":"https:\/\/secure.gravatar.com\/avatar\/3dac04a042bfb0c015d0f893ef5eb9cca9d966bb5795039862dafd8d2ab5d410?s=96&d=mm&r=g","caption":"Bodn\u00e1r Zsuzsa"},"url":"https:\/\/funzine.hu\/sl\/author\/bodnar-zsuzsa-1984\/"}]}},"amp_enabled":true,"_links":{"self":[{"href":"https:\/\/funzine.hu\/sl\/wp-json\/wp\/v2\/posts\/635063","targetHints":{"allow":["GET"]}}],"collection":[{"href":"https:\/\/funzine.hu\/sl\/wp-json\/wp\/v2\/posts"}],"about":[{"href":"https:\/\/funzine.hu\/sl\/wp-json\/wp\/v2\/types\/post"}],"author":[{"embeddable":true,"href":"https:\/\/funzine.hu\/sl\/wp-json\/wp\/v2\/users\/391"}],"replies":[{"embeddable":true,"href":"https:\/\/funzine.hu\/sl\/wp-json\/wp\/v2\/comments?post=635063"}],"version-history":[{"count":1,"href":"https:\/\/funzine.hu\/sl\/wp-json\/wp\/v2\/posts\/635063\/revisions"}],"predecessor-version":[{"id":635065,"href":"https:\/\/funzine.hu\/sl\/wp-json\/wp\/v2\/posts\/635063\/revisions\/635065"}],"wp:featuredmedia":[{"embeddable":true,"href":"https:\/\/funzine.hu\/sl\/wp-json\/wp\/v2\/media\/635064"}],"wp:attachment":[{"href":"https:\/\/funzine.hu\/sl\/wp-json\/wp\/v2\/media?parent=635063"}],"wp:term":[{"taxonomy":"category","embeddable":true,"href":"https:\/\/funzine.hu\/sl\/wp-json\/wp\/v2\/categories?post=635063"},{"taxonomy":"post_tag","embeddable":true,"href":"https:\/\/funzine.hu\/sl\/wp-json\/wp\/v2\/tags?post=635063"},{"taxonomy":"post_places","embeddable":true,"href":"https:\/\/funzine.hu\/sl\/wp-json\/wp\/v2\/post_places?post=635063"}],"curies":[{"name":"wp","href":"https:\/\/api.w.org\/{rel}","templated":true}]}}