{"id":626258,"date":"2026-04-29T15:29:40","date_gmt":"2026-04-29T13:29:40","guid":{"rendered":"https:\/\/funzine.hu\/?p=626258"},"modified":"2026-04-29T15:29:40","modified_gmt":"2026-04-29T13:29:40","slug":"najvecji-evropski-park-zelezniskih-pustolovscin-na-prostem-odpira-sezono-z-brezplacnim-vstopom","status":"publish","type":"post","link":"https:\/\/funzine.hu\/sl\/2026\/04\/29\/kulture\/najvecji-evropski-park-zelezniskih-pustolovscin-na-prostem-odpira-sezono-z-brezplacnim-vstopom\/","title":{"rendered":"Najve\u010dji evropski park \u017eelezni\u0161kih pustolov\u0161\u010din na prostem odpira sezono z brezpla\u010dnim vstopom"},"content":{"rendered":"<p>Mad\u017earski \u017eelezni\u0161ki zgodovinski park bo kmalu ponovno odprl svoja vrata za javnost. Med &#8220;zimskimi sanjami&#8221; so sodelavci parka delali na tem, da bi v sezoni 2026 obiskovalce pri\u010dakala \u0161e lep\u0161a in vznemirljivej\u0161a lokacija.<\/p>\n<figure id=\"attachment_626260\" aria-describedby=\"caption-attachment-626260\" style=\"width: 850px\" class=\"wp-caption aligncenter\"><img decoding=\"async\" class=\"size-funzine-large wp-image-626260\" src=\"https:\/\/funzine.hu\/wp-content\/uploads\/2026\/04\/iffany-train-8911309-1200x1200.jpg\" alt=\"\" width=\"850\" height=\"850\" srcset=\"https:\/\/funzine.hu\/wp-content\/uploads\/2026\/04\/iffany-train-8911309-1200x1200.jpg 1200w, https:\/\/funzine.hu\/wp-content\/uploads\/2026\/04\/iffany-train-8911309-300x300.jpg 300w, https:\/\/funzine.hu\/wp-content\/uploads\/2026\/04\/iffany-train-8911309-1024x1024.jpg 1024w, https:\/\/funzine.hu\/wp-content\/uploads\/2026\/04\/iffany-train-8911309-150x150.jpg 150w, https:\/\/funzine.hu\/wp-content\/uploads\/2026\/04\/iffany-train-8911309-768x768.jpg 768w, https:\/\/funzine.hu\/wp-content\/uploads\/2026\/04\/iffany-train-8911309-1536x1536.jpg 1536w, https:\/\/funzine.hu\/wp-content\/uploads\/2026\/04\/iffany-train-8911309-2048x2048.jpg 2048w, https:\/\/funzine.hu\/wp-content\/uploads\/2026\/04\/iffany-train-8911309-500x500.jpg 500w\" sizes=\"(max-width: 850px) 100vw, 850px\" \/><figcaption id=\"caption-attachment-626260\" class=\"wp-caption-text\">ilustracija &#8211; pixabay.com<\/figcaption><\/figure>\n<p>Najve\u010dji evropski park \u017eelezni\u0161kih pustolov\u0161\u010din na prostem ponuja uresni\u010ditev sanj tistim, ki so v otro\u0161tvu sanjali, da bi postali \u017eelezni\u0161ki potniki.<\/p>\n<p>Tukaj imate prilo\u017enost, da se popeljete na voznikovem sede\u017eu nostalgi\u010dne dizelske lokomotive, preizkusite lahko ro\u010dno vo\u017enjo, tj. vo\u017enjo vozil, ki jih poganja \u010dlove\u0161ka sila, odli\u010dna izku\u0161nja pa je tudi vo\u017enja z upravnim potni\u0161kim vagonom IVG 902 ali vagonom Csajka.<\/p>\n<p>Obiskovalci si lahko podrobneje ogledajo razli\u010dne tipe lokomotiv na brezpla\u010dnem dnevu odprtih vrat 18. aprila, brezpla\u010dno pa lahko preizkusijo tudi vrtljive plo\u0161\u010dadi in novo spretnostno progo na igri\u0161\u010du.<\/p>\n<p>Na dan otvoritve sta vo\u017enja z vrtnim vlakom in drugi interaktivni programi na voljo proti pla\u010dilu.<\/p>\n<p>Zgodovinski park mad\u017earske \u017eeleznice<br \/>\n1142 Budimpe\u0161ta, Tatai \u00fat 95.<\/p>\n","protected":false},"excerpt":{"rendered":"<p>Mad\u017earski \u017eelezni\u0161ki zgodovinski park bo kmalu ponovno odprl svoja vrata za javnost. Med<\/p>\n","protected":false},"author":391,"featured_media":626260,"comment_status":"closed","ping_status":"closed","sticky":false,"template":"","format":"standard","meta":{"_acf_changed":false,"wprm-recipe-roundup-name":"","wprm-recipe-roundup-description":"","ngg_post_thumbnail":0,"footnotes":""},"categories":[14346],"tags":[],"post_places":[],"class_list":["post-626258","post","type-post","status-publish","format-standard","has-post-thumbnail","hentry","category-kulture"],"acf":{"connected_places":"","del_image":""},"yoast_head":"<!-- This site is optimized with the Yoast SEO plugin v27.2 - https:\/\/yoast.com\/product\/yoast-seo-wordpress\/ -->\n<title>Najve\u010dji evropski park \u017eelezni\u0161kih pustolov\u0161\u010din na prostem odpira sezono z brezpla\u010dnim vstopom<\/title>\n<meta name=\"robots\" content=\"index, follow, max-snippet:-1, max-image-preview:large, max-video-preview:-1\" \/>\n<link rel=\"canonical\" href=\"https:\/\/funzine.hu\/sl\/2026\/04\/29\/kulture\/najvecji-evropski-park-zelezniskih-pustolovscin-na-prostem-odpira-sezono-z-brezplacnim-vstopom\/\" \/>\n<meta property=\"og:locale\" content=\"sl_SI\" \/>\n<meta property=\"og:type\" content=\"article\" \/>\n<meta property=\"og:title\" content=\"Najve\u010dji evropski park \u017eelezni\u0161kih pustolov\u0161\u010din na prostem odpira sezono z brezpla\u010dnim vstopom\" \/>\n<meta property=\"og:description\" content=\"Mad\u017earski \u017eelezni\u0161ki zgodovinski park bo kmalu ponovno odprl svoja vrata za javnost. Med\" \/>\n<meta property=\"og:url\" content=\"https:\/\/funzine.hu\/sl\/2026\/04\/29\/kulture\/najvecji-evropski-park-zelezniskih-pustolovscin-na-prostem-odpira-sezono-z-brezplacnim-vstopom\/\" \/>\n<meta property=\"og:site_name\" content=\"Funzine\" \/>\n<meta property=\"article:publisher\" content=\"https:\/\/www.facebook.com\/funzine\/\" \/>\n<meta property=\"article:published_time\" content=\"2026-04-29T13:29:40+00:00\" \/>\n<meta property=\"og:image\" content=\"https:\/\/funzine.hu\/wp-content\/uploads\/2026\/04\/iffany-train-8911309.jpg\" \/>\n\t<meta property=\"og:image:width\" content=\"2560\" \/>\n\t<meta property=\"og:image:height\" content=\"2560\" \/>\n\t<meta property=\"og:image:type\" content=\"image\/jpeg\" \/>\n<meta name=\"author\" content=\"Bodn\u00e1r Zsuzsa\" \/>\n<meta name=\"twitter:card\" content=\"summary_large_image\" \/>\n<meta name=\"twitter:creator\" content=\"@funzine\" \/>\n<meta name=\"twitter:site\" content=\"@funzine\" \/>\n<meta name=\"twitter:label1\" content=\"Written by\" \/>\n\t<meta name=\"twitter:data1\" content=\"Bodn\u00e1r Zsuzsa\" \/>\n\t<meta name=\"twitter:label2\" content=\"Est. reading time\" \/>\n\t<meta name=\"twitter:data2\" content=\"2 minuti\" \/>\n<script type=\"application\/ld+json\" class=\"yoast-schema-graph\">{\"@context\":\"https:\/\/schema.org\",\"@graph\":[{\"@type\":\"NewsArticle\",\"@id\":\"https:\/\/funzine.hu\/sl\/2026\/04\/29\/kulture\/najvecji-evropski-park-zelezniskih-pustolovscin-na-prostem-odpira-sezono-z-brezplacnim-vstopom\/#article\",\"isPartOf\":{\"@id\":\"https:\/\/funzine.hu\/sl\/2026\/04\/29\/kulture\/najvecji-evropski-park-zelezniskih-pustolovscin-na-prostem-odpira-sezono-z-brezplacnim-vstopom\/\"},\"author\":{\"name\":\"Bodn\u00e1r Zsuzsa\",\"@id\":\"https:\/\/funzine.hu\/#\/schema\/person\/f3864a88f41183e8c3af70534ac28bb4\"},\"headline\":\"Najve\u010dji evropski park \u017eelezni\u0161kih pustolov\u0161\u010din na prostem odpira sezono z brezpla\u010dnim vstopom\",\"datePublished\":\"2026-04-29T13:29:40+00:00\",\"mainEntityOfPage\":{\"@id\":\"https:\/\/funzine.hu\/sl\/2026\/04\/29\/kulture\/najvecji-evropski-park-zelezniskih-pustolovscin-na-prostem-odpira-sezono-z-brezplacnim-vstopom\/\"},\"wordCount\":199,\"image\":{\"@id\":\"https:\/\/funzine.hu\/sl\/2026\/04\/29\/kulture\/najvecji-evropski-park-zelezniskih-pustolovscin-na-prostem-odpira-sezono-z-brezplacnim-vstopom\/#primaryimage\"},\"thumbnailUrl\":\"https:\/\/funzine.hu\/wp-content\/uploads\/2026\/04\/iffany-train-8911309.jpg\",\"articleSection\":[\"Kulture\"],\"inLanguage\":\"sl-SI\"},{\"@type\":\"WebPage\",\"@id\":\"https:\/\/funzine.hu\/sl\/2026\/04\/29\/kulture\/najvecji-evropski-park-zelezniskih-pustolovscin-na-prostem-odpira-sezono-z-brezplacnim-vstopom\/\",\"url\":\"https:\/\/funzine.hu\/sl\/2026\/04\/29\/kulture\/najvecji-evropski-park-zelezniskih-pustolovscin-na-prostem-odpira-sezono-z-brezplacnim-vstopom\/\",\"name\":\"Najve\u010dji evropski park \u017eelezni\u0161kih pustolov\u0161\u010din na prostem odpira sezono z brezpla\u010dnim vstopom\",\"isPartOf\":{\"@id\":\"https:\/\/funzine.hu\/#website\"},\"primaryImageOfPage\":{\"@id\":\"https:\/\/funzine.hu\/sl\/2026\/04\/29\/kulture\/najvecji-evropski-park-zelezniskih-pustolovscin-na-prostem-odpira-sezono-z-brezplacnim-vstopom\/#primaryimage\"},\"image\":{\"@id\":\"https:\/\/funzine.hu\/sl\/2026\/04\/29\/kulture\/najvecji-evropski-park-zelezniskih-pustolovscin-na-prostem-odpira-sezono-z-brezplacnim-vstopom\/#primaryimage\"},\"thumbnailUrl\":\"https:\/\/funzine.hu\/wp-content\/uploads\/2026\/04\/iffany-train-8911309.jpg\",\"datePublished\":\"2026-04-29T13:29:40+00:00\",\"author\":{\"@id\":\"https:\/\/funzine.hu\/#\/schema\/person\/f3864a88f41183e8c3af70534ac28bb4\"},\"breadcrumb\":{\"@id\":\"https:\/\/funzine.hu\/sl\/2026\/04\/29\/kulture\/najvecji-evropski-park-zelezniskih-pustolovscin-na-prostem-odpira-sezono-z-brezplacnim-vstopom\/#breadcrumb\"},\"inLanguage\":\"sl-SI\",\"potentialAction\":[{\"@type\":\"ReadAction\",\"target\":[\"https:\/\/funzine.hu\/sl\/2026\/04\/29\/kulture\/najvecji-evropski-park-zelezniskih-pustolovscin-na-prostem-odpira-sezono-z-brezplacnim-vstopom\/\"]}]},{\"@type\":\"ImageObject\",\"inLanguage\":\"sl-SI\",\"@id\":\"https:\/\/funzine.hu\/sl\/2026\/04\/29\/kulture\/najvecji-evropski-park-zelezniskih-pustolovscin-na-prostem-odpira-sezono-z-brezplacnim-vstopom\/#primaryimage\",\"url\":\"https:\/\/funzine.hu\/wp-content\/uploads\/2026\/04\/iffany-train-8911309.jpg\",\"contentUrl\":\"https:\/\/funzine.hu\/wp-content\/uploads\/2026\/04\/iffany-train-8911309.jpg\",\"width\":2560,\"height\":2560,\"caption\":\"ilustracija - pixabay.com\"},{\"@type\":\"BreadcrumbList\",\"@id\":\"https:\/\/funzine.hu\/sl\/2026\/04\/29\/kulture\/najvecji-evropski-park-zelezniskih-pustolovscin-na-prostem-odpira-sezono-z-brezplacnim-vstopom\/#breadcrumb\",\"itemListElement\":[{\"@type\":\"ListItem\",\"position\":1,\"name\":\"Home\",\"item\":\"https:\/\/funzine.hu\/sl\/\"},{\"@type\":\"ListItem\",\"position\":2,\"name\":\"Najve\u010dji evropski park \u017eelezni\u0161kih pustolov\u0161\u010din na prostem odpira sezono z brezpla\u010dnim vstopom\"}]},{\"@type\":\"WebSite\",\"@id\":\"https:\/\/funzine.hu\/#website\",\"url\":\"https:\/\/funzine.hu\/\",\"name\":\"Funzine\",\"description\":\"\",\"potentialAction\":[{\"@type\":\"SearchAction\",\"target\":{\"@type\":\"EntryPoint\",\"urlTemplate\":\"https:\/\/funzine.hu\/?s={search_term_string}\"},\"query-input\":{\"@type\":\"PropertyValueSpecification\",\"valueRequired\":true,\"valueName\":\"search_term_string\"}}],\"inLanguage\":\"sl-SI\"},{\"@type\":\"Person\",\"@id\":\"https:\/\/funzine.hu\/#\/schema\/person\/f3864a88f41183e8c3af70534ac28bb4\",\"name\":\"Bodn\u00e1r Zsuzsa\",\"image\":{\"@type\":\"ImageObject\",\"inLanguage\":\"sl-SI\",\"@id\":\"https:\/\/secure.gravatar.com\/avatar\/3dac04a042bfb0c015d0f893ef5eb9cca9d966bb5795039862dafd8d2ab5d410?s=96&d=mm&r=g\",\"url\":\"https:\/\/secure.gravatar.com\/avatar\/3dac04a042bfb0c015d0f893ef5eb9cca9d966bb5795039862dafd8d2ab5d410?s=96&d=mm&r=g\",\"contentUrl\":\"https:\/\/secure.gravatar.com\/avatar\/3dac04a042bfb0c015d0f893ef5eb9cca9d966bb5795039862dafd8d2ab5d410?s=96&d=mm&r=g\",\"caption\":\"Bodn\u00e1r Zsuzsa\"},\"url\":\"https:\/\/funzine.hu\/sl\/author\/bodnar-zsuzsa-1984\/\"}]}<\/script>\n<!-- \/ Yoast SEO plugin. -->","yoast_head_json":{"title":"Najve\u010dji evropski park \u017eelezni\u0161kih pustolov\u0161\u010din na prostem odpira sezono z brezpla\u010dnim vstopom","robots":{"index":"index","follow":"follow","max-snippet":"max-snippet:-1","max-image-preview":"max-image-preview:large","max-video-preview":"max-video-preview:-1"},"canonical":"https:\/\/funzine.hu\/sl\/2026\/04\/29\/kulture\/najvecji-evropski-park-zelezniskih-pustolovscin-na-prostem-odpira-sezono-z-brezplacnim-vstopom\/","og_locale":"sl_SI","og_type":"article","og_title":"Najve\u010dji evropski park \u017eelezni\u0161kih pustolov\u0161\u010din na prostem odpira sezono z brezpla\u010dnim vstopom","og_description":"Mad\u017earski \u017eelezni\u0161ki zgodovinski park bo kmalu ponovno odprl svoja vrata za javnost. Med","og_url":"https:\/\/funzine.hu\/sl\/2026\/04\/29\/kulture\/najvecji-evropski-park-zelezniskih-pustolovscin-na-prostem-odpira-sezono-z-brezplacnim-vstopom\/","og_site_name":"Funzine","article_publisher":"https:\/\/www.facebook.com\/funzine\/","article_published_time":"2026-04-29T13:29:40+00:00","og_image":[{"width":2560,"height":2560,"url":"https:\/\/funzine.hu\/wp-content\/uploads\/2026\/04\/iffany-train-8911309.jpg","type":"image\/jpeg"}],"author":"Bodn\u00e1r Zsuzsa","twitter_card":"summary_large_image","twitter_creator":"@funzine","twitter_site":"@funzine","twitter_misc":{"Written by":"Bodn\u00e1r Zsuzsa","Est. reading time":"2 minuti"},"schema":{"@context":"https:\/\/schema.org","@graph":[{"@type":"NewsArticle","@id":"https:\/\/funzine.hu\/sl\/2026\/04\/29\/kulture\/najvecji-evropski-park-zelezniskih-pustolovscin-na-prostem-odpira-sezono-z-brezplacnim-vstopom\/#article","isPartOf":{"@id":"https:\/\/funzine.hu\/sl\/2026\/04\/29\/kulture\/najvecji-evropski-park-zelezniskih-pustolovscin-na-prostem-odpira-sezono-z-brezplacnim-vstopom\/"},"author":{"name":"Bodn\u00e1r Zsuzsa","@id":"https:\/\/funzine.hu\/#\/schema\/person\/f3864a88f41183e8c3af70534ac28bb4"},"headline":"Najve\u010dji evropski park \u017eelezni\u0161kih pustolov\u0161\u010din na prostem odpira sezono z brezpla\u010dnim vstopom","datePublished":"2026-04-29T13:29:40+00:00","mainEntityOfPage":{"@id":"https:\/\/funzine.hu\/sl\/2026\/04\/29\/kulture\/najvecji-evropski-park-zelezniskih-pustolovscin-na-prostem-odpira-sezono-z-brezplacnim-vstopom\/"},"wordCount":199,"image":{"@id":"https:\/\/funzine.hu\/sl\/2026\/04\/29\/kulture\/najvecji-evropski-park-zelezniskih-pustolovscin-na-prostem-odpira-sezono-z-brezplacnim-vstopom\/#primaryimage"},"thumbnailUrl":"https:\/\/funzine.hu\/wp-content\/uploads\/2026\/04\/iffany-train-8911309.jpg","articleSection":["Kulture"],"inLanguage":"sl-SI"},{"@type":"WebPage","@id":"https:\/\/funzine.hu\/sl\/2026\/04\/29\/kulture\/najvecji-evropski-park-zelezniskih-pustolovscin-na-prostem-odpira-sezono-z-brezplacnim-vstopom\/","url":"https:\/\/funzine.hu\/sl\/2026\/04\/29\/kulture\/najvecji-evropski-park-zelezniskih-pustolovscin-na-prostem-odpira-sezono-z-brezplacnim-vstopom\/","name":"Najve\u010dji evropski park \u017eelezni\u0161kih pustolov\u0161\u010din na prostem odpira sezono z brezpla\u010dnim vstopom","isPartOf":{"@id":"https:\/\/funzine.hu\/#website"},"primaryImageOfPage":{"@id":"https:\/\/funzine.hu\/sl\/2026\/04\/29\/kulture\/najvecji-evropski-park-zelezniskih-pustolovscin-na-prostem-odpira-sezono-z-brezplacnim-vstopom\/#primaryimage"},"image":{"@id":"https:\/\/funzine.hu\/sl\/2026\/04\/29\/kulture\/najvecji-evropski-park-zelezniskih-pustolovscin-na-prostem-odpira-sezono-z-brezplacnim-vstopom\/#primaryimage"},"thumbnailUrl":"https:\/\/funzine.hu\/wp-content\/uploads\/2026\/04\/iffany-train-8911309.jpg","datePublished":"2026-04-29T13:29:40+00:00","author":{"@id":"https:\/\/funzine.hu\/#\/schema\/person\/f3864a88f41183e8c3af70534ac28bb4"},"breadcrumb":{"@id":"https:\/\/funzine.hu\/sl\/2026\/04\/29\/kulture\/najvecji-evropski-park-zelezniskih-pustolovscin-na-prostem-odpira-sezono-z-brezplacnim-vstopom\/#breadcrumb"},"inLanguage":"sl-SI","potentialAction":[{"@type":"ReadAction","target":["https:\/\/funzine.hu\/sl\/2026\/04\/29\/kulture\/najvecji-evropski-park-zelezniskih-pustolovscin-na-prostem-odpira-sezono-z-brezplacnim-vstopom\/"]}]},{"@type":"ImageObject","inLanguage":"sl-SI","@id":"https:\/\/funzine.hu\/sl\/2026\/04\/29\/kulture\/najvecji-evropski-park-zelezniskih-pustolovscin-na-prostem-odpira-sezono-z-brezplacnim-vstopom\/#primaryimage","url":"https:\/\/funzine.hu\/wp-content\/uploads\/2026\/04\/iffany-train-8911309.jpg","contentUrl":"https:\/\/funzine.hu\/wp-content\/uploads\/2026\/04\/iffany-train-8911309.jpg","width":2560,"height":2560,"caption":"ilustracija - pixabay.com"},{"@type":"BreadcrumbList","@id":"https:\/\/funzine.hu\/sl\/2026\/04\/29\/kulture\/najvecji-evropski-park-zelezniskih-pustolovscin-na-prostem-odpira-sezono-z-brezplacnim-vstopom\/#breadcrumb","itemListElement":[{"@type":"ListItem","position":1,"name":"Home","item":"https:\/\/funzine.hu\/sl\/"},{"@type":"ListItem","position":2,"name":"Najve\u010dji evropski park \u017eelezni\u0161kih pustolov\u0161\u010din na prostem odpira sezono z brezpla\u010dnim vstopom"}]},{"@type":"WebSite","@id":"https:\/\/funzine.hu\/#website","url":"https:\/\/funzine.hu\/","name":"Funzine","description":"","potentialAction":[{"@type":"SearchAction","target":{"@type":"EntryPoint","urlTemplate":"https:\/\/funzine.hu\/?s={search_term_string}"},"query-input":{"@type":"PropertyValueSpecification","valueRequired":true,"valueName":"search_term_string"}}],"inLanguage":"sl-SI"},{"@type":"Person","@id":"https:\/\/funzine.hu\/#\/schema\/person\/f3864a88f41183e8c3af70534ac28bb4","name":"Bodn\u00e1r Zsuzsa","image":{"@type":"ImageObject","inLanguage":"sl-SI","@id":"https:\/\/secure.gravatar.com\/avatar\/3dac04a042bfb0c015d0f893ef5eb9cca9d966bb5795039862dafd8d2ab5d410?s=96&d=mm&r=g","url":"https:\/\/secure.gravatar.com\/avatar\/3dac04a042bfb0c015d0f893ef5eb9cca9d966bb5795039862dafd8d2ab5d410?s=96&d=mm&r=g","contentUrl":"https:\/\/secure.gravatar.com\/avatar\/3dac04a042bfb0c015d0f893ef5eb9cca9d966bb5795039862dafd8d2ab5d410?s=96&d=mm&r=g","caption":"Bodn\u00e1r Zsuzsa"},"url":"https:\/\/funzine.hu\/sl\/author\/bodnar-zsuzsa-1984\/"}]}},"amp_enabled":true,"_links":{"self":[{"href":"https:\/\/funzine.hu\/sl\/wp-json\/wp\/v2\/posts\/626258","targetHints":{"allow":["GET"]}}],"collection":[{"href":"https:\/\/funzine.hu\/sl\/wp-json\/wp\/v2\/posts"}],"about":[{"href":"https:\/\/funzine.hu\/sl\/wp-json\/wp\/v2\/types\/post"}],"author":[{"embeddable":true,"href":"https:\/\/funzine.hu\/sl\/wp-json\/wp\/v2\/users\/391"}],"replies":[{"embeddable":true,"href":"https:\/\/funzine.hu\/sl\/wp-json\/wp\/v2\/comments?post=626258"}],"version-history":[{"count":1,"href":"https:\/\/funzine.hu\/sl\/wp-json\/wp\/v2\/posts\/626258\/revisions"}],"predecessor-version":[{"id":626261,"href":"https:\/\/funzine.hu\/sl\/wp-json\/wp\/v2\/posts\/626258\/revisions\/626261"}],"wp:featuredmedia":[{"embeddable":true,"href":"https:\/\/funzine.hu\/sl\/wp-json\/wp\/v2\/media\/626260"}],"wp:attachment":[{"href":"https:\/\/funzine.hu\/sl\/wp-json\/wp\/v2\/media?parent=626258"}],"wp:term":[{"taxonomy":"category","embeddable":true,"href":"https:\/\/funzine.hu\/sl\/wp-json\/wp\/v2\/categories?post=626258"},{"taxonomy":"post_tag","embeddable":true,"href":"https:\/\/funzine.hu\/sl\/wp-json\/wp\/v2\/tags?post=626258"},{"taxonomy":"post_places","embeddable":true,"href":"https:\/\/funzine.hu\/sl\/wp-json\/wp\/v2\/post_places?post=626258"}],"curies":[{"name":"wp","href":"https:\/\/api.w.org\/{rel}","templated":true}]}}