{"id":623027,"date":"2026-03-12T13:38:54","date_gmt":"2026-03-12T12:38:54","guid":{"rendered":"https:\/\/funzine.hu\/?p=623027"},"modified":"2026-03-12T13:38:54","modified_gmt":"2026-03-12T12:38:54","slug":"7-vodenih-sprehodov-po-budimpesti-ki-vas-bodo-pozdravili-po-pomladi-v-marcu-in-jih-ne-smete-zamuditi-2","status":"publish","type":"post","link":"https:\/\/funzine.hu\/sl\/2026\/03\/12\/potovanje\/7-vodenih-sprehodov-po-budimpesti-ki-vas-bodo-pozdravili-po-pomladi-v-marcu-in-jih-ne-smete-zamuditi-2\/","title":{"rendered":"7 vodenih sprehodov po Budimpe\u0161ti, ki vas bodo pozdravili po pomladi v marcu in jih ne smete zamuditi"},"content":{"rendered":"<p>Tokrat vas vabimo na najbolj vznemirljive vodene sprehode, ki vas bodo pozdravili po pomladi, kjer boste po dolgih zimskih mesecih ponovno odkrili skrivnosti najlep\u0161ih stavb in sosesk prestolnice.<\/p>\n<p>Draguljnica prestolnice<br \/>\nMed mar\u010devskimi vikendi se ne boste mogli le seznaniti z zgodovino ene od mojstrovin Mikl\u00f3sa Ybla, temve\u010d si boste kon\u010dno lahko ogledali tr\u017enico v grajskem vrtu, kot je \u0161e niste videli. Na vodenem sprehodu po gradu Buda lahko dobite odgovore na vpra\u0161anja, zakaj in kako je bil zgrajen impozantni neorenesan\u010dni kompleks stavb, ki se razteza vzdol\u017e vzhodne strani Grajskega gri\u010da, spoznali pa boste tudi \u017eivljenjsko pot oblikovalca. Med sprehodom bo o\u017eivela usoda kompleksa stavb, od njegovega nastanka do uni\u010denja in obnove, kako je postal srednjeve\u0161ka obrambna struktura, ustvarjalni kraj za generacije kiparjev in kako je postal hrupni Ifipark, sredi\u0161\u010de kulture in umetnosti.<br \/>\nDatumi sprehoda: 8., 14. in 22. marec 2026<\/p>\n<p>Pozabljena \u010dudesa: Arhitekturni zakladi K\u0151b\u00e1nye<br \/>\nEno najbolj vznemirljivih okro\u017eij Budimpe\u0161te ima neprimerljivo arhitekturno dedi\u0161\u010dino, za katero skoraj nih\u010de ne ve. Ekipa long-step.are we walking? vas vabi, da 8. in 29. marca odkrijete pozabljene arhitekturne zaklade K\u0151b\u00e1nye. Tukaj je torej odli\u010dna prilo\u017enost, da se \u010dudite \u010dudesom okro\u017eja, ki je bilo neko\u010d vinograd na obrobju mesta, kamor so bogate dru\u017eine hodile na po\u010ditnice in se skrivali izob\u010denci v hla\u010dah. V Budimpe\u0161ti monarhije, ki je v nekaj letih z vrtoglavo hitrostjo postala industrijsko predmestje, se je na tem obmo\u010dju naselila najve\u010dja poljska skupnost v dr\u017eavi, ki \u0161e danes moli v lastni cerkvi.<br \/>\nDatumi sprehoda: 8. marec 2026<\/p>\n<figure id=\"attachment_623028\" aria-describedby=\"caption-attachment-623028\" style=\"width: 850px\" class=\"wp-caption aligncenter\"><img decoding=\"async\" class=\"size-funzine-large wp-image-623028\" src=\"https:\/\/funzine.hu\/wp-content\/uploads\/2026\/03\/20072-budapest-79247_1920-1200x811.jpg\" alt=\"\" width=\"850\" height=\"574\" srcset=\"https:\/\/funzine.hu\/wp-content\/uploads\/2026\/03\/20072-budapest-79247_1920-1200x811.jpg 1200w, https:\/\/funzine.hu\/wp-content\/uploads\/2026\/03\/20072-budapest-79247_1920-300x203.jpg 300w, https:\/\/funzine.hu\/wp-content\/uploads\/2026\/03\/20072-budapest-79247_1920-1024x692.jpg 1024w, https:\/\/funzine.hu\/wp-content\/uploads\/2026\/03\/20072-budapest-79247_1920-768x519.jpg 768w, https:\/\/funzine.hu\/wp-content\/uploads\/2026\/03\/20072-budapest-79247_1920-1536x1038.jpg 1536w, https:\/\/funzine.hu\/wp-content\/uploads\/2026\/03\/20072-budapest-79247_1920.jpg 1920w\" sizes=\"(max-width: 850px) 100vw, 850px\" \/><figcaption id=\"caption-attachment-623028\" class=\"wp-caption-text\">ilustracija &#8211; pixabay.com<\/figcaption><\/figure>\n<p>Lov na zaklad v secesijskem slogu v Lip\u00f3tv\u00e1rosu<br \/>\nV soboto, 14. marca, se boste spla\u010dali odpraviti v Lip\u00f3tv\u00e1ros, kjer vas ekipa Korz\u00f3zz Vel\u00fcnk! vabi na 2,5-urni lov na zaklad v secesijskem slogu. \u010ce vas je vedno zanimalo, kako prepoznati znake secesije na stavbi ali kako je preperela pe\u0161tanska stanovanjska hi\u0161a s fasado postala pravlji\u010dni za\u010darani grad, potem je ta sprehod za vas! Po odkrivanju posebnih stavb in znamenitosti se sprehod zaklju\u010di z obiskom posebne stre\u0161ne terase, v ozadju pa je \u010dudovita panorama Budimpe\u0161te.<br \/>\nDatum sprehoda: 14. marec 2026<\/p>\n<p>Igralnica in molitev \u2013 sprehod po Tisztvisel\u0151telepu<br \/>\nZjutraj 21. marca se lahko odpravite na voden sprehod med historizirajo\u010dimi vilami, \u010dipkastimi opekami in zgovornimi imeni ulic. Ni naklju\u010dje, da si je Tisztvisel\u0151telep v J\u00f3zsefv\u00e1rosu prislu\u017eil naziv najinteligentnej\u0161e vasi, saj so tu neko\u010d \u017eiveli zdravniki, u\u010ditelji, pesniki, pisatelji, skladatelji, umetniki, kemiki, arhitekti in \u010dlani Mad\u017earske akademije znanosti. Zahvaljujo\u010d tistim, ki so se sem preselili, se je tu rodil bivalni otok, stanovanjsko obmo\u010dje z enodru\u017einskimi hi\u0161ami, ki se je hvalilo tudi kot prvo naselje v dr\u017eavi, zgrajeno v zadru\u017eni obliki. Sprehod se za\u010dne pri cerkvi Matere Bo\u017eje in kon\u010da pri gradu podobnem Vilinskem dvorcu.<\/p>\n<p>Datum sprehoda: 21. marec 2026<\/p>\n<p>Ogledi gradu Buda<br \/>\nTretjo soboto v marcu bo M\u00e1raiKult od 10. ure dalje organiziral oglede gradu Buda. Vodeni sprehod se bo torej za\u010del z razgledne plo\u0161\u010dadi pravlji\u010dnega Ribi\u0161kega bastiona, s katerega se odpira dih jemajo\u010d razgled na mesto, a bo na voljo tudi prilo\u017enost za spoznavanje skrivnosti bastiona, zgodovine srednjeve\u0161kega grajskega obzidja in cerkve Marijinega vnebovzetja. Pot skozi romanti\u010dne, tlakovane ulice bo udele\u017eence programa vodila do stolpa Marije Magdalene, z zgornjega nadstropja katerega boste lahko ob\u010dudovali 360-stopinjsko panoramo.<\/p>\n<p>Datum sprehoda: 21. marec 2026<\/p>\n<p>\u010carobni hrib Gell\u00e9rt<br \/>\n21. in 22. marca se lahko od 10. ure dalje odpravite na raziskovanje \u010darobnega hriba Gell\u00e9rt. Udele\u017eenci sprehoda se bodo sprehodili po donavski strani hriba Gell\u00e9rt, pri \u010demer se bodo pogovarjali o pu\u0161\u010davnikih, Rimljanih, Citadeli, Kipu svobode, zgodbe pa bodo obarvane s fantasti\u010dnimi panoramskimi to\u010dkami. Med 2,5-urnim sprehodom lahko dobite odgovore na tako vznemirljiva vpra\u0161anja, kot so kaj je Buda Green, od kod izvira ime Kelenhegyi \u00fat, po kom je bil oblikovan Kip svobode in zakaj sta na vrhu hriba dva ogromna klavirja?<br \/>\nDatumi sprehoda: 21. in 22. marec 2026<\/p>\n<p>Budafok 100: Tradicionalna zdravilna kultura v Budafoku<br \/>\nOb 100. obletnici razglasitve za mesto Budafok letos praznuje ne\u0161teto vznemirljivih programov. 28. marca se lahko na vodenem sprehodu, posve\u010denem tej prilo\u017enosti, seznanite s tradicionalno zdravilno kulturo, kjer se bomo pogovarjali o preteklih tegobah, boleznih in zdravilih, ki so se uporabljala za njihovo zdravljenje, pa tudi o cepljenjih, napojih, preobratih \u017eelodca in osupljivih praksah. Sprehod vklju\u010duje tudi delavnico, teoreti\u010dno znanje dopolnjujejo prakti\u010dne izku\u0161nje, udele\u017eenci sprehoda pa se lahko nau\u010dijo preizku\u0161enih receptov, seznanijo pa se lahko tudi z zdravilnimi rastlinami, ki divje rastejo na vrtovih in ob plo\u010dnikih.<br \/>\nDatum sprehoda: 28. marec 2026.<\/p>\n","protected":false},"excerpt":{"rendered":"<p>Tokrat vas vabimo na najbolj vznemirljive vodene sprehode, ki vas bodo pozdravili po pomladi, kjer<\/p>\n","protected":false},"author":391,"featured_media":623028,"comment_status":"closed","ping_status":"closed","sticky":false,"template":"","format":"standard","meta":{"_acf_changed":false,"wprm-recipe-roundup-name":"","wprm-recipe-roundup-description":"","ngg_post_thumbnail":0,"footnotes":""},"categories":[14345],"tags":[],"post_places":[],"class_list":["post-623027","post","type-post","status-publish","format-standard","has-post-thumbnail","hentry","category-potovanje"],"acf":{"connected_places":"","del_image":""},"yoast_head":"<!-- This site is optimized with the Yoast SEO plugin v27.2 - https:\/\/yoast.com\/product\/yoast-seo-wordpress\/ -->\n<title>7 vodenih sprehodov po Budimpe\u0161ti, ki vas bodo pozdravili po pomladi v marcu in jih ne smete zamuditi<\/title>\n<meta name=\"robots\" content=\"index, follow, max-snippet:-1, max-image-preview:large, max-video-preview:-1\" \/>\n<link rel=\"canonical\" href=\"https:\/\/funzine.hu\/sl\/2026\/03\/12\/potovanje\/7-vodenih-sprehodov-po-budimpesti-ki-vas-bodo-pozdravili-po-pomladi-v-marcu-in-jih-ne-smete-zamuditi-2\/\" \/>\n<meta property=\"og:locale\" content=\"sl_SI\" \/>\n<meta property=\"og:type\" content=\"article\" \/>\n<meta property=\"og:title\" content=\"7 vodenih sprehodov po Budimpe\u0161ti, ki vas bodo pozdravili po pomladi v marcu in jih ne smete zamuditi\" \/>\n<meta property=\"og:description\" content=\"Tokrat vas vabimo na najbolj vznemirljive vodene sprehode, ki vas bodo pozdravili po pomladi, kjer\" \/>\n<meta property=\"og:url\" content=\"https:\/\/funzine.hu\/sl\/2026\/03\/12\/potovanje\/7-vodenih-sprehodov-po-budimpesti-ki-vas-bodo-pozdravili-po-pomladi-v-marcu-in-jih-ne-smete-zamuditi-2\/\" \/>\n<meta property=\"og:site_name\" content=\"Funzine\" \/>\n<meta property=\"article:publisher\" content=\"https:\/\/www.facebook.com\/funzine\/\" \/>\n<meta property=\"article:published_time\" content=\"2026-03-12T12:38:54+00:00\" \/>\n<meta property=\"og:image\" content=\"https:\/\/funzine.hu\/wp-content\/uploads\/2026\/03\/20072-budapest-79247_1920.jpg\" \/>\n\t<meta property=\"og:image:width\" content=\"1920\" \/>\n\t<meta property=\"og:image:height\" content=\"1297\" \/>\n\t<meta property=\"og:image:type\" content=\"image\/jpeg\" \/>\n<meta name=\"author\" content=\"Bodn\u00e1r Zsuzsa\" \/>\n<meta name=\"twitter:card\" content=\"summary_large_image\" \/>\n<meta name=\"twitter:creator\" content=\"@funzine\" \/>\n<meta name=\"twitter:site\" content=\"@funzine\" \/>\n<meta name=\"twitter:label1\" content=\"Written by\" \/>\n\t<meta name=\"twitter:data1\" content=\"Bodn\u00e1r Zsuzsa\" \/>\n\t<meta name=\"twitter:label2\" content=\"Est. reading time\" \/>\n\t<meta name=\"twitter:data2\" content=\"5 minut\" \/>\n<script type=\"application\/ld+json\" class=\"yoast-schema-graph\">{\"@context\":\"https:\/\/schema.org\",\"@graph\":[{\"@type\":\"NewsArticle\",\"@id\":\"https:\/\/funzine.hu\/sl\/2026\/03\/12\/potovanje\/7-vodenih-sprehodov-po-budimpesti-ki-vas-bodo-pozdravili-po-pomladi-v-marcu-in-jih-ne-smete-zamuditi-2\/#article\",\"isPartOf\":{\"@id\":\"https:\/\/funzine.hu\/sl\/2026\/03\/12\/potovanje\/7-vodenih-sprehodov-po-budimpesti-ki-vas-bodo-pozdravili-po-pomladi-v-marcu-in-jih-ne-smete-zamuditi-2\/\"},\"author\":{\"name\":\"Bodn\u00e1r Zsuzsa\",\"@id\":\"https:\/\/funzine.hu\/#\/schema\/person\/f3864a88f41183e8c3af70534ac28bb4\"},\"headline\":\"7 vodenih sprehodov po Budimpe\u0161ti, ki vas bodo pozdravili po pomladi v marcu in jih ne smete zamuditi\",\"datePublished\":\"2026-03-12T12:38:54+00:00\",\"mainEntityOfPage\":{\"@id\":\"https:\/\/funzine.hu\/sl\/2026\/03\/12\/potovanje\/7-vodenih-sprehodov-po-budimpesti-ki-vas-bodo-pozdravili-po-pomladi-v-marcu-in-jih-ne-smete-zamuditi-2\/\"},\"wordCount\":806,\"image\":{\"@id\":\"https:\/\/funzine.hu\/sl\/2026\/03\/12\/potovanje\/7-vodenih-sprehodov-po-budimpesti-ki-vas-bodo-pozdravili-po-pomladi-v-marcu-in-jih-ne-smete-zamuditi-2\/#primaryimage\"},\"thumbnailUrl\":\"https:\/\/funzine.hu\/wp-content\/uploads\/2026\/03\/20072-budapest-79247_1920.jpg\",\"articleSection\":[\"Potovanje\"],\"inLanguage\":\"sl-SI\"},{\"@type\":\"WebPage\",\"@id\":\"https:\/\/funzine.hu\/sl\/2026\/03\/12\/potovanje\/7-vodenih-sprehodov-po-budimpesti-ki-vas-bodo-pozdravili-po-pomladi-v-marcu-in-jih-ne-smete-zamuditi-2\/\",\"url\":\"https:\/\/funzine.hu\/sl\/2026\/03\/12\/potovanje\/7-vodenih-sprehodov-po-budimpesti-ki-vas-bodo-pozdravili-po-pomladi-v-marcu-in-jih-ne-smete-zamuditi-2\/\",\"name\":\"7 vodenih sprehodov po Budimpe\u0161ti, ki vas bodo pozdravili po pomladi v marcu in jih ne smete zamuditi\",\"isPartOf\":{\"@id\":\"https:\/\/funzine.hu\/#website\"},\"primaryImageOfPage\":{\"@id\":\"https:\/\/funzine.hu\/sl\/2026\/03\/12\/potovanje\/7-vodenih-sprehodov-po-budimpesti-ki-vas-bodo-pozdravili-po-pomladi-v-marcu-in-jih-ne-smete-zamuditi-2\/#primaryimage\"},\"image\":{\"@id\":\"https:\/\/funzine.hu\/sl\/2026\/03\/12\/potovanje\/7-vodenih-sprehodov-po-budimpesti-ki-vas-bodo-pozdravili-po-pomladi-v-marcu-in-jih-ne-smete-zamuditi-2\/#primaryimage\"},\"thumbnailUrl\":\"https:\/\/funzine.hu\/wp-content\/uploads\/2026\/03\/20072-budapest-79247_1920.jpg\",\"datePublished\":\"2026-03-12T12:38:54+00:00\",\"author\":{\"@id\":\"https:\/\/funzine.hu\/#\/schema\/person\/f3864a88f41183e8c3af70534ac28bb4\"},\"breadcrumb\":{\"@id\":\"https:\/\/funzine.hu\/sl\/2026\/03\/12\/potovanje\/7-vodenih-sprehodov-po-budimpesti-ki-vas-bodo-pozdravili-po-pomladi-v-marcu-in-jih-ne-smete-zamuditi-2\/#breadcrumb\"},\"inLanguage\":\"sl-SI\",\"potentialAction\":[{\"@type\":\"ReadAction\",\"target\":[\"https:\/\/funzine.hu\/sl\/2026\/03\/12\/potovanje\/7-vodenih-sprehodov-po-budimpesti-ki-vas-bodo-pozdravili-po-pomladi-v-marcu-in-jih-ne-smete-zamuditi-2\/\"]}]},{\"@type\":\"ImageObject\",\"inLanguage\":\"sl-SI\",\"@id\":\"https:\/\/funzine.hu\/sl\/2026\/03\/12\/potovanje\/7-vodenih-sprehodov-po-budimpesti-ki-vas-bodo-pozdravili-po-pomladi-v-marcu-in-jih-ne-smete-zamuditi-2\/#primaryimage\",\"url\":\"https:\/\/funzine.hu\/wp-content\/uploads\/2026\/03\/20072-budapest-79247_1920.jpg\",\"contentUrl\":\"https:\/\/funzine.hu\/wp-content\/uploads\/2026\/03\/20072-budapest-79247_1920.jpg\",\"width\":1920,\"height\":1297,\"caption\":\"ilustracija - pixabay.com\"},{\"@type\":\"BreadcrumbList\",\"@id\":\"https:\/\/funzine.hu\/sl\/2026\/03\/12\/potovanje\/7-vodenih-sprehodov-po-budimpesti-ki-vas-bodo-pozdravili-po-pomladi-v-marcu-in-jih-ne-smete-zamuditi-2\/#breadcrumb\",\"itemListElement\":[{\"@type\":\"ListItem\",\"position\":1,\"name\":\"Home\",\"item\":\"https:\/\/funzine.hu\/sl\/\"},{\"@type\":\"ListItem\",\"position\":2,\"name\":\"7 vodenih sprehodov po Budimpe\u0161ti, ki vas bodo pozdravili po pomladi v marcu in jih ne smete zamuditi\"}]},{\"@type\":\"WebSite\",\"@id\":\"https:\/\/funzine.hu\/#website\",\"url\":\"https:\/\/funzine.hu\/\",\"name\":\"Funzine\",\"description\":\"\",\"potentialAction\":[{\"@type\":\"SearchAction\",\"target\":{\"@type\":\"EntryPoint\",\"urlTemplate\":\"https:\/\/funzine.hu\/?s={search_term_string}\"},\"query-input\":{\"@type\":\"PropertyValueSpecification\",\"valueRequired\":true,\"valueName\":\"search_term_string\"}}],\"inLanguage\":\"sl-SI\"},{\"@type\":\"Person\",\"@id\":\"https:\/\/funzine.hu\/#\/schema\/person\/f3864a88f41183e8c3af70534ac28bb4\",\"name\":\"Bodn\u00e1r Zsuzsa\",\"image\":{\"@type\":\"ImageObject\",\"inLanguage\":\"sl-SI\",\"@id\":\"https:\/\/secure.gravatar.com\/avatar\/3dac04a042bfb0c015d0f893ef5eb9cca9d966bb5795039862dafd8d2ab5d410?s=96&d=mm&r=g\",\"url\":\"https:\/\/secure.gravatar.com\/avatar\/3dac04a042bfb0c015d0f893ef5eb9cca9d966bb5795039862dafd8d2ab5d410?s=96&d=mm&r=g\",\"contentUrl\":\"https:\/\/secure.gravatar.com\/avatar\/3dac04a042bfb0c015d0f893ef5eb9cca9d966bb5795039862dafd8d2ab5d410?s=96&d=mm&r=g\",\"caption\":\"Bodn\u00e1r Zsuzsa\"},\"url\":\"https:\/\/funzine.hu\/sl\/author\/bodnar-zsuzsa-1984\/\"}]}<\/script>\n<!-- \/ Yoast SEO plugin. -->","yoast_head_json":{"title":"7 vodenih sprehodov po Budimpe\u0161ti, ki vas bodo pozdravili po pomladi v marcu in jih ne smete zamuditi","robots":{"index":"index","follow":"follow","max-snippet":"max-snippet:-1","max-image-preview":"max-image-preview:large","max-video-preview":"max-video-preview:-1"},"canonical":"https:\/\/funzine.hu\/sl\/2026\/03\/12\/potovanje\/7-vodenih-sprehodov-po-budimpesti-ki-vas-bodo-pozdravili-po-pomladi-v-marcu-in-jih-ne-smete-zamuditi-2\/","og_locale":"sl_SI","og_type":"article","og_title":"7 vodenih sprehodov po Budimpe\u0161ti, ki vas bodo pozdravili po pomladi v marcu in jih ne smete zamuditi","og_description":"Tokrat vas vabimo na najbolj vznemirljive vodene sprehode, ki vas bodo pozdravili po pomladi, kjer","og_url":"https:\/\/funzine.hu\/sl\/2026\/03\/12\/potovanje\/7-vodenih-sprehodov-po-budimpesti-ki-vas-bodo-pozdravili-po-pomladi-v-marcu-in-jih-ne-smete-zamuditi-2\/","og_site_name":"Funzine","article_publisher":"https:\/\/www.facebook.com\/funzine\/","article_published_time":"2026-03-12T12:38:54+00:00","og_image":[{"width":1920,"height":1297,"url":"https:\/\/funzine.hu\/wp-content\/uploads\/2026\/03\/20072-budapest-79247_1920.jpg","type":"image\/jpeg"}],"author":"Bodn\u00e1r Zsuzsa","twitter_card":"summary_large_image","twitter_creator":"@funzine","twitter_site":"@funzine","twitter_misc":{"Written by":"Bodn\u00e1r Zsuzsa","Est. reading time":"5 minut"},"schema":{"@context":"https:\/\/schema.org","@graph":[{"@type":"NewsArticle","@id":"https:\/\/funzine.hu\/sl\/2026\/03\/12\/potovanje\/7-vodenih-sprehodov-po-budimpesti-ki-vas-bodo-pozdravili-po-pomladi-v-marcu-in-jih-ne-smete-zamuditi-2\/#article","isPartOf":{"@id":"https:\/\/funzine.hu\/sl\/2026\/03\/12\/potovanje\/7-vodenih-sprehodov-po-budimpesti-ki-vas-bodo-pozdravili-po-pomladi-v-marcu-in-jih-ne-smete-zamuditi-2\/"},"author":{"name":"Bodn\u00e1r Zsuzsa","@id":"https:\/\/funzine.hu\/#\/schema\/person\/f3864a88f41183e8c3af70534ac28bb4"},"headline":"7 vodenih sprehodov po Budimpe\u0161ti, ki vas bodo pozdravili po pomladi v marcu in jih ne smete zamuditi","datePublished":"2026-03-12T12:38:54+00:00","mainEntityOfPage":{"@id":"https:\/\/funzine.hu\/sl\/2026\/03\/12\/potovanje\/7-vodenih-sprehodov-po-budimpesti-ki-vas-bodo-pozdravili-po-pomladi-v-marcu-in-jih-ne-smete-zamuditi-2\/"},"wordCount":806,"image":{"@id":"https:\/\/funzine.hu\/sl\/2026\/03\/12\/potovanje\/7-vodenih-sprehodov-po-budimpesti-ki-vas-bodo-pozdravili-po-pomladi-v-marcu-in-jih-ne-smete-zamuditi-2\/#primaryimage"},"thumbnailUrl":"https:\/\/funzine.hu\/wp-content\/uploads\/2026\/03\/20072-budapest-79247_1920.jpg","articleSection":["Potovanje"],"inLanguage":"sl-SI"},{"@type":"WebPage","@id":"https:\/\/funzine.hu\/sl\/2026\/03\/12\/potovanje\/7-vodenih-sprehodov-po-budimpesti-ki-vas-bodo-pozdravili-po-pomladi-v-marcu-in-jih-ne-smete-zamuditi-2\/","url":"https:\/\/funzine.hu\/sl\/2026\/03\/12\/potovanje\/7-vodenih-sprehodov-po-budimpesti-ki-vas-bodo-pozdravili-po-pomladi-v-marcu-in-jih-ne-smete-zamuditi-2\/","name":"7 vodenih sprehodov po Budimpe\u0161ti, ki vas bodo pozdravili po pomladi v marcu in jih ne smete zamuditi","isPartOf":{"@id":"https:\/\/funzine.hu\/#website"},"primaryImageOfPage":{"@id":"https:\/\/funzine.hu\/sl\/2026\/03\/12\/potovanje\/7-vodenih-sprehodov-po-budimpesti-ki-vas-bodo-pozdravili-po-pomladi-v-marcu-in-jih-ne-smete-zamuditi-2\/#primaryimage"},"image":{"@id":"https:\/\/funzine.hu\/sl\/2026\/03\/12\/potovanje\/7-vodenih-sprehodov-po-budimpesti-ki-vas-bodo-pozdravili-po-pomladi-v-marcu-in-jih-ne-smete-zamuditi-2\/#primaryimage"},"thumbnailUrl":"https:\/\/funzine.hu\/wp-content\/uploads\/2026\/03\/20072-budapest-79247_1920.jpg","datePublished":"2026-03-12T12:38:54+00:00","author":{"@id":"https:\/\/funzine.hu\/#\/schema\/person\/f3864a88f41183e8c3af70534ac28bb4"},"breadcrumb":{"@id":"https:\/\/funzine.hu\/sl\/2026\/03\/12\/potovanje\/7-vodenih-sprehodov-po-budimpesti-ki-vas-bodo-pozdravili-po-pomladi-v-marcu-in-jih-ne-smete-zamuditi-2\/#breadcrumb"},"inLanguage":"sl-SI","potentialAction":[{"@type":"ReadAction","target":["https:\/\/funzine.hu\/sl\/2026\/03\/12\/potovanje\/7-vodenih-sprehodov-po-budimpesti-ki-vas-bodo-pozdravili-po-pomladi-v-marcu-in-jih-ne-smete-zamuditi-2\/"]}]},{"@type":"ImageObject","inLanguage":"sl-SI","@id":"https:\/\/funzine.hu\/sl\/2026\/03\/12\/potovanje\/7-vodenih-sprehodov-po-budimpesti-ki-vas-bodo-pozdravili-po-pomladi-v-marcu-in-jih-ne-smete-zamuditi-2\/#primaryimage","url":"https:\/\/funzine.hu\/wp-content\/uploads\/2026\/03\/20072-budapest-79247_1920.jpg","contentUrl":"https:\/\/funzine.hu\/wp-content\/uploads\/2026\/03\/20072-budapest-79247_1920.jpg","width":1920,"height":1297,"caption":"ilustracija - pixabay.com"},{"@type":"BreadcrumbList","@id":"https:\/\/funzine.hu\/sl\/2026\/03\/12\/potovanje\/7-vodenih-sprehodov-po-budimpesti-ki-vas-bodo-pozdravili-po-pomladi-v-marcu-in-jih-ne-smete-zamuditi-2\/#breadcrumb","itemListElement":[{"@type":"ListItem","position":1,"name":"Home","item":"https:\/\/funzine.hu\/sl\/"},{"@type":"ListItem","position":2,"name":"7 vodenih sprehodov po Budimpe\u0161ti, ki vas bodo pozdravili po pomladi v marcu in jih ne smete zamuditi"}]},{"@type":"WebSite","@id":"https:\/\/funzine.hu\/#website","url":"https:\/\/funzine.hu\/","name":"Funzine","description":"","potentialAction":[{"@type":"SearchAction","target":{"@type":"EntryPoint","urlTemplate":"https:\/\/funzine.hu\/?s={search_term_string}"},"query-input":{"@type":"PropertyValueSpecification","valueRequired":true,"valueName":"search_term_string"}}],"inLanguage":"sl-SI"},{"@type":"Person","@id":"https:\/\/funzine.hu\/#\/schema\/person\/f3864a88f41183e8c3af70534ac28bb4","name":"Bodn\u00e1r Zsuzsa","image":{"@type":"ImageObject","inLanguage":"sl-SI","@id":"https:\/\/secure.gravatar.com\/avatar\/3dac04a042bfb0c015d0f893ef5eb9cca9d966bb5795039862dafd8d2ab5d410?s=96&d=mm&r=g","url":"https:\/\/secure.gravatar.com\/avatar\/3dac04a042bfb0c015d0f893ef5eb9cca9d966bb5795039862dafd8d2ab5d410?s=96&d=mm&r=g","contentUrl":"https:\/\/secure.gravatar.com\/avatar\/3dac04a042bfb0c015d0f893ef5eb9cca9d966bb5795039862dafd8d2ab5d410?s=96&d=mm&r=g","caption":"Bodn\u00e1r Zsuzsa"},"url":"https:\/\/funzine.hu\/sl\/author\/bodnar-zsuzsa-1984\/"}]}},"amp_enabled":true,"_links":{"self":[{"href":"https:\/\/funzine.hu\/sl\/wp-json\/wp\/v2\/posts\/623027","targetHints":{"allow":["GET"]}}],"collection":[{"href":"https:\/\/funzine.hu\/sl\/wp-json\/wp\/v2\/posts"}],"about":[{"href":"https:\/\/funzine.hu\/sl\/wp-json\/wp\/v2\/types\/post"}],"author":[{"embeddable":true,"href":"https:\/\/funzine.hu\/sl\/wp-json\/wp\/v2\/users\/391"}],"replies":[{"embeddable":true,"href":"https:\/\/funzine.hu\/sl\/wp-json\/wp\/v2\/comments?post=623027"}],"version-history":[{"count":1,"href":"https:\/\/funzine.hu\/sl\/wp-json\/wp\/v2\/posts\/623027\/revisions"}],"predecessor-version":[{"id":623029,"href":"https:\/\/funzine.hu\/sl\/wp-json\/wp\/v2\/posts\/623027\/revisions\/623029"}],"wp:featuredmedia":[{"embeddable":true,"href":"https:\/\/funzine.hu\/sl\/wp-json\/wp\/v2\/media\/623028"}],"wp:attachment":[{"href":"https:\/\/funzine.hu\/sl\/wp-json\/wp\/v2\/media?parent=623027"}],"wp:term":[{"taxonomy":"category","embeddable":true,"href":"https:\/\/funzine.hu\/sl\/wp-json\/wp\/v2\/categories?post=623027"},{"taxonomy":"post_tag","embeddable":true,"href":"https:\/\/funzine.hu\/sl\/wp-json\/wp\/v2\/tags?post=623027"},{"taxonomy":"post_places","embeddable":true,"href":"https:\/\/funzine.hu\/sl\/wp-json\/wp\/v2\/post_places?post=623027"}],"curies":[{"name":"wp","href":"https:\/\/api.w.org\/{rel}","templated":true}]}}