{"id":622991,"date":"2026-03-12T11:27:50","date_gmt":"2026-03-12T10:27:50","guid":{"rendered":"https:\/\/funzine.hu\/?p=622991"},"modified":"2026-03-12T11:27:50","modified_gmt":"2026-03-12T10:27:50","slug":"7-fantasticnih-razstav-v-budimpesti-ce-zelite-pomlad-zaceti-s-kulturnimi-dozivetji","status":"publish","type":"post","link":"https:\/\/funzine.hu\/sl\/2026\/03\/12\/kulture\/7-fantasticnih-razstav-v-budimpesti-ce-zelite-pomlad-zaceti-s-kulturnimi-dozivetji\/","title":{"rendered":"7 fantasti\u010dnih razstav v Budimpe\u0161ti, \u010de \u017eelite pomlad za\u010deti s kulturnimi do\u017eivetji"},"content":{"rendered":"<p>S prihodom pomladi ne o\u017eivijo le narava, temve\u010d tudi najljub\u0161i muzeji prestolnice in navdu\u0161ijo obiskovalce s \u0161tevilnimi o\u010darljivimi za\u010dasnimi razstavami.<\/p>\n<figure id=\"attachment_622993\" aria-describedby=\"caption-attachment-622993\" style=\"width: 850px\" class=\"wp-caption aligncenter\"><img decoding=\"async\" class=\"size-funzine-large wp-image-622993\" src=\"https:\/\/funzine.hu\/wp-content\/uploads\/2026\/03\/leonhard_niederwimmer-vienna-6551247_1920-1200x808.jpg\" alt=\"\" width=\"850\" height=\"572\" srcset=\"https:\/\/funzine.hu\/wp-content\/uploads\/2026\/03\/leonhard_niederwimmer-vienna-6551247_1920-1200x808.jpg 1200w, https:\/\/funzine.hu\/wp-content\/uploads\/2026\/03\/leonhard_niederwimmer-vienna-6551247_1920-300x202.jpg 300w, https:\/\/funzine.hu\/wp-content\/uploads\/2026\/03\/leonhard_niederwimmer-vienna-6551247_1920-1024x690.jpg 1024w, https:\/\/funzine.hu\/wp-content\/uploads\/2026\/03\/leonhard_niederwimmer-vienna-6551247_1920-768x517.jpg 768w, https:\/\/funzine.hu\/wp-content\/uploads\/2026\/03\/leonhard_niederwimmer-vienna-6551247_1920-1536x1034.jpg 1536w, https:\/\/funzine.hu\/wp-content\/uploads\/2026\/03\/leonhard_niederwimmer-vienna-6551247_1920.jpg 1920w\" sizes=\"(max-width: 850px) 100vw, 850px\" \/><figcaption id=\"caption-attachment-622993\" class=\"wp-caption-text\">ilustracija &#8211; pixabay.com<\/figcaption><\/figure>\n<p>In\u0161titut za javno umetnost HINTS: Naprej v vsakdanje \u017eivljenje, polno presene\u010denj! \/\/ Galerija Budimpe\u0161ta (do 3. maja 2026)<br \/>\nNova razstava galerije bo predstavila delo In\u0161tituta za javno umetnost HINTS, ki je deloval v Budimpe\u0161ti med letoma 2001 in 2010 ter je bil umetni\u0161ki kolektiv, sestavljen ve\u010dinoma iz \u017eensk. Skupina se je v 2000-ih izkazala za pionirko na Mad\u017earskem, saj so njene \u010dlanice z vstopom izven zidov institucij in v javni prostor poudarjale vsakdanjost in dostopnost likovne umetnosti. Njihova osnovna na\u010dela so vklju\u010devala recikliranje, igrivost, skupnost in sodelovanje, kar se odra\u017ea v razstavljenih delih, pogosto dopolnjenih z interaktivnimi elementi.<br \/>\n1036 Budimpe\u0161ta, Lajos utca 158.<\/p>\n<p>Flotila \u2013 Neozna\u010dena oznaka: Razstava R\u00f3berta Nunkovicsa \/\/ Galerija Budimpe\u0161ta (do 3. maja 2026)<br \/>\nR\u00f3bert Nunkovics nas popelje v poseben svet, v vsakdanje \u017eivljenje nekdanje voja\u0161nice Pet\u0151fi v \u00dajpestu. Obmo\u010dje je bilo neko\u010d baza re\u010dne flotile Honv\u00e9d, legendarne, elitne voja\u0161ke enote, odgovorne za plovnost Donave in Blatnega jezera, odstranjevanje min in naloge obvladovanja nesre\u010d. Z razpustitvijo flotile leta 2001 se je kon\u010dal poseben voja\u0161ki svet, katerega spomini so skupaj s praznimi stavbami ostali skrivnost javnosti. Osebni spomini so o\u017eivljeni z intervjuji z nekdanjimi \u010dlani flotile, zvo\u010dnimi posnetki in videoposnetki, ganljivi prizori pa obiskovalcu omogo\u010dajo, da zlahka za\u010duti izku\u0161njo svobode, nevarnosti in skupnosti.<br \/>\n1036 Budimpe\u0161ta, Lajos utca 158.<\/p>\n<p>Urbana krajina \/\/ Muzej Kiscelli (do 30. junija 2026)<br \/>\nNova muzejska razstava preu\u010duje urbano izku\u0161njo obdobja med letoma 1974 in 1989 skozi fotografije, ki bele\u017eijo specifi\u010dne vizualne odtise bivalnega prostora poznosocialisti\u010dnih mestnih prebivalcev. Razstava se je loteva tako z umetni\u0161kega kot urbano-zgodovinskega vidika in prikazuje, kako je progresivna fotografska vizija tistega obdobja oblikovala podobo mesta in njegovo interpretacijo. Predstavljeni umetniki predstavljajo razli\u010dne generacije in ustvarjalne pristope, a skupaj ri\u0161ejo ve\u010dplastno vizualno pripoved, ki je pomembno prispevala k oblikovanju fotografske in dru\u017ebene samopodobe tistega obdobja.<br \/>\n1037 Budimpe\u0161ta, Kiscelli utca 108.<\/p>\n<p>Neobrezano \u2013 Resni\u010dnost krhkih fotografij \/\/ Muzej etnografije (do 5. julija 2026)<br \/>\nNova razstava Muzeja etnografije raziskuje malo znani svet mad\u017earske fotografije zgodnjega 20. stoletja skozi originalne, neobrezane steklene negative. Razstava ne predstavlja le delovanja ateljejev in fotografov tistega \u010dasa, temve\u010d tudi skrite podrobnosti, ki so izginile iz \u017ee pripravljenih slik, in tako razkriva proces, dru\u017ebeno okolje in vsakdanje ozadje fotografije. Ranljivo, a bogato vizualno gradivo ohranja spomin na minuli pode\u017eelski svet, hkrati pa poudarja, kako so tehni\u010dne mo\u017enosti in zgodovinski dogodki, zlasti prva svetovna vojna, oblikovali vlogo fotografij v osebnem in skupnem spominu.<br \/>\n1146 Budimpe\u0161ta, D\u00f3zsa Gy\u00f6rgy \u00fat 35.<\/p>\n<p>V galaksijo! \/\/ Muzej gradu BTM (do 31. julija 2026)<br \/>\nZa\u010dasna razstava z naslovom Proti galaksiji! predstavlja vznemirljivo temo, in sicer kako je vesoljska doba spremenila \u010dlove\u0161ko razmi\u0161ljanje o svetu, prihodnosti in sebi. Poleg tehni\u010dnih prebojev in znanstvenih dose\u017ekov razstava raziskuje tudi kulturne odtise, ki so se pojavili v vsakdanjih predmetih, podobah in domi\u0161ljiji, s posebnim poudarkom na mad\u017earski perspektivi. Organizirana okoli lika vesoljske ladje in astronavta, vzbuja navdu\u0161enje, strahove in utopi\u010dna upanja tistega obdobja, hkrati pa spra\u0161uje, kako se je odnos med resni\u010dnostjo in fantazijo spremenil od \u00bbzore vesoljske dobe\u00ab do danes.<\/p>\n<p>1014 Budimpe\u0161ta, Szent Gy\u00f6rgy t\u00e9r 2.<\/p>\n<p>Svobodno do mila \/\/ Hi\u0161a tradicije (do 29. novembra 2026)<\/p>\n<p>Razstava na novo interpretira vsakodnevne higienske prakse skozi predmete kme\u010dke kulture in ustvarja \u017eivo povezavo med preteklostjo in sedanjostjo. Vezeni tekstil, pripomo\u010dki za pranje perila in doma narejena mila niso le uporabni predmeti, temve\u010d tudi pri\u010de na\u010dina \u017eivljenja, ki temelji na samoohranitvi in je usklajen z ritmom narave. Razstava raziskuje tudi vpra\u0161anja \u010disto\u010de, telesa, tabujev in skupnostnega znanja, hkrati pa opozarja na dejstvo, da dana\u0161nje razmi\u0161ljanje o trajnosti pogosto temelji na izku\u0161njah preteklosti.<\/p>\n<p>1011 Budimpe\u0161ta, Corvin Square 8.<\/p>\n<p>Ponovno rojena dvorana sv. \u0160tefana \/\/ Grad Buda (stalna razstava)<br \/>\nRazstava impozantne dvorane sv. \u0160tefana z orodji zgodovinske rekonstrukcije in sodobne interpretacije obuja svet nekdanjega reprezentativnega prostora gradu Buda ter predstavlja proces nastanka, uni\u010denja in ponovnega rojstva dvorane. Na stalni razstavi lahko obiskovalci spremljajo zgodovino slovesne dvorane s pomo\u010djo sodobnih fotografij, modelov in instalacij, sodobno umetni\u0161ko delo pa z nove perspektive reflektira zapu\u0161\u010dino sv. \u0160tefana.<br \/>\n1014 Budimpe\u0161ta, Szent Gy\u00f6rgy t\u00e9r 2.<\/p>\n","protected":false},"excerpt":{"rendered":"<p>S prihodom pomladi ne o\u017eivijo le narava, temve\u010d tudi najljub\u0161i muzeji prestolnice in navdu\u0161ijo<\/p>\n","protected":false},"author":391,"featured_media":622993,"comment_status":"closed","ping_status":"closed","sticky":false,"template":"","format":"standard","meta":{"_acf_changed":false,"wprm-recipe-roundup-name":"","wprm-recipe-roundup-description":"","ngg_post_thumbnail":0,"footnotes":""},"categories":[14346],"tags":[],"post_places":[],"class_list":["post-622991","post","type-post","status-publish","format-standard","has-post-thumbnail","hentry","category-kulture"],"acf":{"connected_places":"","del_image":""},"yoast_head":"<!-- This site is optimized with the Yoast SEO plugin v27.2 - https:\/\/yoast.com\/product\/yoast-seo-wordpress\/ -->\n<title>7 fantasti\u010dnih razstav v Budimpe\u0161ti, \u010de \u017eelite pomlad za\u010deti s kulturnimi do\u017eivetji<\/title>\n<meta name=\"robots\" content=\"index, follow, max-snippet:-1, max-image-preview:large, max-video-preview:-1\" \/>\n<link rel=\"canonical\" href=\"https:\/\/funzine.hu\/sl\/2026\/03\/12\/kulture\/7-fantasticnih-razstav-v-budimpesti-ce-zelite-pomlad-zaceti-s-kulturnimi-dozivetji\/\" \/>\n<meta property=\"og:locale\" content=\"sl_SI\" \/>\n<meta property=\"og:type\" content=\"article\" \/>\n<meta property=\"og:title\" content=\"7 fantasti\u010dnih razstav v Budimpe\u0161ti, \u010de \u017eelite pomlad za\u010deti s kulturnimi do\u017eivetji\" \/>\n<meta property=\"og:description\" content=\"S prihodom pomladi ne o\u017eivijo le narava, temve\u010d tudi najljub\u0161i muzeji prestolnice in navdu\u0161ijo\" \/>\n<meta property=\"og:url\" content=\"https:\/\/funzine.hu\/sl\/2026\/03\/12\/kulture\/7-fantasticnih-razstav-v-budimpesti-ce-zelite-pomlad-zaceti-s-kulturnimi-dozivetji\/\" \/>\n<meta property=\"og:site_name\" content=\"Funzine\" \/>\n<meta property=\"article:publisher\" content=\"https:\/\/www.facebook.com\/funzine\/\" \/>\n<meta property=\"article:published_time\" content=\"2026-03-12T10:27:50+00:00\" \/>\n<meta property=\"og:image\" content=\"https:\/\/funzine.hu\/wp-content\/uploads\/2026\/03\/leonhard_niederwimmer-vienna-6551247_1920.jpg\" \/>\n\t<meta property=\"og:image:width\" content=\"1920\" \/>\n\t<meta property=\"og:image:height\" content=\"1293\" \/>\n\t<meta property=\"og:image:type\" content=\"image\/jpeg\" \/>\n<meta name=\"author\" content=\"Bodn\u00e1r Zsuzsa\" \/>\n<meta name=\"twitter:card\" content=\"summary_large_image\" \/>\n<meta name=\"twitter:creator\" content=\"@funzine\" \/>\n<meta name=\"twitter:site\" content=\"@funzine\" \/>\n<meta name=\"twitter:label1\" content=\"Written by\" \/>\n\t<meta name=\"twitter:data1\" content=\"Bodn\u00e1r Zsuzsa\" \/>\n\t<meta name=\"twitter:label2\" content=\"Est. reading time\" \/>\n\t<meta name=\"twitter:data2\" content=\"5 minut\" \/>\n<script type=\"application\/ld+json\" class=\"yoast-schema-graph\">{\"@context\":\"https:\/\/schema.org\",\"@graph\":[{\"@type\":\"NewsArticle\",\"@id\":\"https:\/\/funzine.hu\/sl\/2026\/03\/12\/kulture\/7-fantasticnih-razstav-v-budimpesti-ce-zelite-pomlad-zaceti-s-kulturnimi-dozivetji\/#article\",\"isPartOf\":{\"@id\":\"https:\/\/funzine.hu\/sl\/2026\/03\/12\/kulture\/7-fantasticnih-razstav-v-budimpesti-ce-zelite-pomlad-zaceti-s-kulturnimi-dozivetji\/\"},\"author\":{\"name\":\"Bodn\u00e1r Zsuzsa\",\"@id\":\"https:\/\/funzine.hu\/#\/schema\/person\/f3864a88f41183e8c3af70534ac28bb4\"},\"headline\":\"7 fantasti\u010dnih razstav v Budimpe\u0161ti, \u010de \u017eelite pomlad za\u010deti s kulturnimi do\u017eivetji\",\"datePublished\":\"2026-03-12T10:27:50+00:00\",\"mainEntityOfPage\":{\"@id\":\"https:\/\/funzine.hu\/sl\/2026\/03\/12\/kulture\/7-fantasticnih-razstav-v-budimpesti-ce-zelite-pomlad-zaceti-s-kulturnimi-dozivetji\/\"},\"wordCount\":749,\"image\":{\"@id\":\"https:\/\/funzine.hu\/sl\/2026\/03\/12\/kulture\/7-fantasticnih-razstav-v-budimpesti-ce-zelite-pomlad-zaceti-s-kulturnimi-dozivetji\/#primaryimage\"},\"thumbnailUrl\":\"https:\/\/funzine.hu\/wp-content\/uploads\/2026\/03\/leonhard_niederwimmer-vienna-6551247_1920.jpg\",\"articleSection\":[\"Kulture\"],\"inLanguage\":\"sl-SI\"},{\"@type\":\"WebPage\",\"@id\":\"https:\/\/funzine.hu\/sl\/2026\/03\/12\/kulture\/7-fantasticnih-razstav-v-budimpesti-ce-zelite-pomlad-zaceti-s-kulturnimi-dozivetji\/\",\"url\":\"https:\/\/funzine.hu\/sl\/2026\/03\/12\/kulture\/7-fantasticnih-razstav-v-budimpesti-ce-zelite-pomlad-zaceti-s-kulturnimi-dozivetji\/\",\"name\":\"7 fantasti\u010dnih razstav v Budimpe\u0161ti, \u010de \u017eelite pomlad za\u010deti s kulturnimi do\u017eivetji\",\"isPartOf\":{\"@id\":\"https:\/\/funzine.hu\/#website\"},\"primaryImageOfPage\":{\"@id\":\"https:\/\/funzine.hu\/sl\/2026\/03\/12\/kulture\/7-fantasticnih-razstav-v-budimpesti-ce-zelite-pomlad-zaceti-s-kulturnimi-dozivetji\/#primaryimage\"},\"image\":{\"@id\":\"https:\/\/funzine.hu\/sl\/2026\/03\/12\/kulture\/7-fantasticnih-razstav-v-budimpesti-ce-zelite-pomlad-zaceti-s-kulturnimi-dozivetji\/#primaryimage\"},\"thumbnailUrl\":\"https:\/\/funzine.hu\/wp-content\/uploads\/2026\/03\/leonhard_niederwimmer-vienna-6551247_1920.jpg\",\"datePublished\":\"2026-03-12T10:27:50+00:00\",\"author\":{\"@id\":\"https:\/\/funzine.hu\/#\/schema\/person\/f3864a88f41183e8c3af70534ac28bb4\"},\"breadcrumb\":{\"@id\":\"https:\/\/funzine.hu\/sl\/2026\/03\/12\/kulture\/7-fantasticnih-razstav-v-budimpesti-ce-zelite-pomlad-zaceti-s-kulturnimi-dozivetji\/#breadcrumb\"},\"inLanguage\":\"sl-SI\",\"potentialAction\":[{\"@type\":\"ReadAction\",\"target\":[\"https:\/\/funzine.hu\/sl\/2026\/03\/12\/kulture\/7-fantasticnih-razstav-v-budimpesti-ce-zelite-pomlad-zaceti-s-kulturnimi-dozivetji\/\"]}]},{\"@type\":\"ImageObject\",\"inLanguage\":\"sl-SI\",\"@id\":\"https:\/\/funzine.hu\/sl\/2026\/03\/12\/kulture\/7-fantasticnih-razstav-v-budimpesti-ce-zelite-pomlad-zaceti-s-kulturnimi-dozivetji\/#primaryimage\",\"url\":\"https:\/\/funzine.hu\/wp-content\/uploads\/2026\/03\/leonhard_niederwimmer-vienna-6551247_1920.jpg\",\"contentUrl\":\"https:\/\/funzine.hu\/wp-content\/uploads\/2026\/03\/leonhard_niederwimmer-vienna-6551247_1920.jpg\",\"width\":1920,\"height\":1293,\"caption\":\"ilustracija - pixabay.com\"},{\"@type\":\"BreadcrumbList\",\"@id\":\"https:\/\/funzine.hu\/sl\/2026\/03\/12\/kulture\/7-fantasticnih-razstav-v-budimpesti-ce-zelite-pomlad-zaceti-s-kulturnimi-dozivetji\/#breadcrumb\",\"itemListElement\":[{\"@type\":\"ListItem\",\"position\":1,\"name\":\"Home\",\"item\":\"https:\/\/funzine.hu\/sl\/\"},{\"@type\":\"ListItem\",\"position\":2,\"name\":\"7 fantasti\u010dnih razstav v Budimpe\u0161ti, \u010de \u017eelite pomlad za\u010deti s kulturnimi do\u017eivetji\"}]},{\"@type\":\"WebSite\",\"@id\":\"https:\/\/funzine.hu\/#website\",\"url\":\"https:\/\/funzine.hu\/\",\"name\":\"Funzine\",\"description\":\"\",\"potentialAction\":[{\"@type\":\"SearchAction\",\"target\":{\"@type\":\"EntryPoint\",\"urlTemplate\":\"https:\/\/funzine.hu\/?s={search_term_string}\"},\"query-input\":{\"@type\":\"PropertyValueSpecification\",\"valueRequired\":true,\"valueName\":\"search_term_string\"}}],\"inLanguage\":\"sl-SI\"},{\"@type\":\"Person\",\"@id\":\"https:\/\/funzine.hu\/#\/schema\/person\/f3864a88f41183e8c3af70534ac28bb4\",\"name\":\"Bodn\u00e1r Zsuzsa\",\"image\":{\"@type\":\"ImageObject\",\"inLanguage\":\"sl-SI\",\"@id\":\"https:\/\/secure.gravatar.com\/avatar\/3dac04a042bfb0c015d0f893ef5eb9cca9d966bb5795039862dafd8d2ab5d410?s=96&d=mm&r=g\",\"url\":\"https:\/\/secure.gravatar.com\/avatar\/3dac04a042bfb0c015d0f893ef5eb9cca9d966bb5795039862dafd8d2ab5d410?s=96&d=mm&r=g\",\"contentUrl\":\"https:\/\/secure.gravatar.com\/avatar\/3dac04a042bfb0c015d0f893ef5eb9cca9d966bb5795039862dafd8d2ab5d410?s=96&d=mm&r=g\",\"caption\":\"Bodn\u00e1r Zsuzsa\"},\"url\":\"https:\/\/funzine.hu\/sl\/author\/bodnar-zsuzsa-1984\/\"}]}<\/script>\n<!-- \/ Yoast SEO plugin. -->","yoast_head_json":{"title":"7 fantasti\u010dnih razstav v Budimpe\u0161ti, \u010de \u017eelite pomlad za\u010deti s kulturnimi do\u017eivetji","robots":{"index":"index","follow":"follow","max-snippet":"max-snippet:-1","max-image-preview":"max-image-preview:large","max-video-preview":"max-video-preview:-1"},"canonical":"https:\/\/funzine.hu\/sl\/2026\/03\/12\/kulture\/7-fantasticnih-razstav-v-budimpesti-ce-zelite-pomlad-zaceti-s-kulturnimi-dozivetji\/","og_locale":"sl_SI","og_type":"article","og_title":"7 fantasti\u010dnih razstav v Budimpe\u0161ti, \u010de \u017eelite pomlad za\u010deti s kulturnimi do\u017eivetji","og_description":"S prihodom pomladi ne o\u017eivijo le narava, temve\u010d tudi najljub\u0161i muzeji prestolnice in navdu\u0161ijo","og_url":"https:\/\/funzine.hu\/sl\/2026\/03\/12\/kulture\/7-fantasticnih-razstav-v-budimpesti-ce-zelite-pomlad-zaceti-s-kulturnimi-dozivetji\/","og_site_name":"Funzine","article_publisher":"https:\/\/www.facebook.com\/funzine\/","article_published_time":"2026-03-12T10:27:50+00:00","og_image":[{"width":1920,"height":1293,"url":"https:\/\/funzine.hu\/wp-content\/uploads\/2026\/03\/leonhard_niederwimmer-vienna-6551247_1920.jpg","type":"image\/jpeg"}],"author":"Bodn\u00e1r Zsuzsa","twitter_card":"summary_large_image","twitter_creator":"@funzine","twitter_site":"@funzine","twitter_misc":{"Written by":"Bodn\u00e1r Zsuzsa","Est. reading time":"5 minut"},"schema":{"@context":"https:\/\/schema.org","@graph":[{"@type":"NewsArticle","@id":"https:\/\/funzine.hu\/sl\/2026\/03\/12\/kulture\/7-fantasticnih-razstav-v-budimpesti-ce-zelite-pomlad-zaceti-s-kulturnimi-dozivetji\/#article","isPartOf":{"@id":"https:\/\/funzine.hu\/sl\/2026\/03\/12\/kulture\/7-fantasticnih-razstav-v-budimpesti-ce-zelite-pomlad-zaceti-s-kulturnimi-dozivetji\/"},"author":{"name":"Bodn\u00e1r Zsuzsa","@id":"https:\/\/funzine.hu\/#\/schema\/person\/f3864a88f41183e8c3af70534ac28bb4"},"headline":"7 fantasti\u010dnih razstav v Budimpe\u0161ti, \u010de \u017eelite pomlad za\u010deti s kulturnimi do\u017eivetji","datePublished":"2026-03-12T10:27:50+00:00","mainEntityOfPage":{"@id":"https:\/\/funzine.hu\/sl\/2026\/03\/12\/kulture\/7-fantasticnih-razstav-v-budimpesti-ce-zelite-pomlad-zaceti-s-kulturnimi-dozivetji\/"},"wordCount":749,"image":{"@id":"https:\/\/funzine.hu\/sl\/2026\/03\/12\/kulture\/7-fantasticnih-razstav-v-budimpesti-ce-zelite-pomlad-zaceti-s-kulturnimi-dozivetji\/#primaryimage"},"thumbnailUrl":"https:\/\/funzine.hu\/wp-content\/uploads\/2026\/03\/leonhard_niederwimmer-vienna-6551247_1920.jpg","articleSection":["Kulture"],"inLanguage":"sl-SI"},{"@type":"WebPage","@id":"https:\/\/funzine.hu\/sl\/2026\/03\/12\/kulture\/7-fantasticnih-razstav-v-budimpesti-ce-zelite-pomlad-zaceti-s-kulturnimi-dozivetji\/","url":"https:\/\/funzine.hu\/sl\/2026\/03\/12\/kulture\/7-fantasticnih-razstav-v-budimpesti-ce-zelite-pomlad-zaceti-s-kulturnimi-dozivetji\/","name":"7 fantasti\u010dnih razstav v Budimpe\u0161ti, \u010de \u017eelite pomlad za\u010deti s kulturnimi do\u017eivetji","isPartOf":{"@id":"https:\/\/funzine.hu\/#website"},"primaryImageOfPage":{"@id":"https:\/\/funzine.hu\/sl\/2026\/03\/12\/kulture\/7-fantasticnih-razstav-v-budimpesti-ce-zelite-pomlad-zaceti-s-kulturnimi-dozivetji\/#primaryimage"},"image":{"@id":"https:\/\/funzine.hu\/sl\/2026\/03\/12\/kulture\/7-fantasticnih-razstav-v-budimpesti-ce-zelite-pomlad-zaceti-s-kulturnimi-dozivetji\/#primaryimage"},"thumbnailUrl":"https:\/\/funzine.hu\/wp-content\/uploads\/2026\/03\/leonhard_niederwimmer-vienna-6551247_1920.jpg","datePublished":"2026-03-12T10:27:50+00:00","author":{"@id":"https:\/\/funzine.hu\/#\/schema\/person\/f3864a88f41183e8c3af70534ac28bb4"},"breadcrumb":{"@id":"https:\/\/funzine.hu\/sl\/2026\/03\/12\/kulture\/7-fantasticnih-razstav-v-budimpesti-ce-zelite-pomlad-zaceti-s-kulturnimi-dozivetji\/#breadcrumb"},"inLanguage":"sl-SI","potentialAction":[{"@type":"ReadAction","target":["https:\/\/funzine.hu\/sl\/2026\/03\/12\/kulture\/7-fantasticnih-razstav-v-budimpesti-ce-zelite-pomlad-zaceti-s-kulturnimi-dozivetji\/"]}]},{"@type":"ImageObject","inLanguage":"sl-SI","@id":"https:\/\/funzine.hu\/sl\/2026\/03\/12\/kulture\/7-fantasticnih-razstav-v-budimpesti-ce-zelite-pomlad-zaceti-s-kulturnimi-dozivetji\/#primaryimage","url":"https:\/\/funzine.hu\/wp-content\/uploads\/2026\/03\/leonhard_niederwimmer-vienna-6551247_1920.jpg","contentUrl":"https:\/\/funzine.hu\/wp-content\/uploads\/2026\/03\/leonhard_niederwimmer-vienna-6551247_1920.jpg","width":1920,"height":1293,"caption":"ilustracija - pixabay.com"},{"@type":"BreadcrumbList","@id":"https:\/\/funzine.hu\/sl\/2026\/03\/12\/kulture\/7-fantasticnih-razstav-v-budimpesti-ce-zelite-pomlad-zaceti-s-kulturnimi-dozivetji\/#breadcrumb","itemListElement":[{"@type":"ListItem","position":1,"name":"Home","item":"https:\/\/funzine.hu\/sl\/"},{"@type":"ListItem","position":2,"name":"7 fantasti\u010dnih razstav v Budimpe\u0161ti, \u010de \u017eelite pomlad za\u010deti s kulturnimi do\u017eivetji"}]},{"@type":"WebSite","@id":"https:\/\/funzine.hu\/#website","url":"https:\/\/funzine.hu\/","name":"Funzine","description":"","potentialAction":[{"@type":"SearchAction","target":{"@type":"EntryPoint","urlTemplate":"https:\/\/funzine.hu\/?s={search_term_string}"},"query-input":{"@type":"PropertyValueSpecification","valueRequired":true,"valueName":"search_term_string"}}],"inLanguage":"sl-SI"},{"@type":"Person","@id":"https:\/\/funzine.hu\/#\/schema\/person\/f3864a88f41183e8c3af70534ac28bb4","name":"Bodn\u00e1r Zsuzsa","image":{"@type":"ImageObject","inLanguage":"sl-SI","@id":"https:\/\/secure.gravatar.com\/avatar\/3dac04a042bfb0c015d0f893ef5eb9cca9d966bb5795039862dafd8d2ab5d410?s=96&d=mm&r=g","url":"https:\/\/secure.gravatar.com\/avatar\/3dac04a042bfb0c015d0f893ef5eb9cca9d966bb5795039862dafd8d2ab5d410?s=96&d=mm&r=g","contentUrl":"https:\/\/secure.gravatar.com\/avatar\/3dac04a042bfb0c015d0f893ef5eb9cca9d966bb5795039862dafd8d2ab5d410?s=96&d=mm&r=g","caption":"Bodn\u00e1r Zsuzsa"},"url":"https:\/\/funzine.hu\/sl\/author\/bodnar-zsuzsa-1984\/"}]}},"amp_enabled":true,"_links":{"self":[{"href":"https:\/\/funzine.hu\/sl\/wp-json\/wp\/v2\/posts\/622991","targetHints":{"allow":["GET"]}}],"collection":[{"href":"https:\/\/funzine.hu\/sl\/wp-json\/wp\/v2\/posts"}],"about":[{"href":"https:\/\/funzine.hu\/sl\/wp-json\/wp\/v2\/types\/post"}],"author":[{"embeddable":true,"href":"https:\/\/funzine.hu\/sl\/wp-json\/wp\/v2\/users\/391"}],"replies":[{"embeddable":true,"href":"https:\/\/funzine.hu\/sl\/wp-json\/wp\/v2\/comments?post=622991"}],"version-history":[{"count":1,"href":"https:\/\/funzine.hu\/sl\/wp-json\/wp\/v2\/posts\/622991\/revisions"}],"predecessor-version":[{"id":622995,"href":"https:\/\/funzine.hu\/sl\/wp-json\/wp\/v2\/posts\/622991\/revisions\/622995"}],"wp:featuredmedia":[{"embeddable":true,"href":"https:\/\/funzine.hu\/sl\/wp-json\/wp\/v2\/media\/622993"}],"wp:attachment":[{"href":"https:\/\/funzine.hu\/sl\/wp-json\/wp\/v2\/media?parent=622991"}],"wp:term":[{"taxonomy":"category","embeddable":true,"href":"https:\/\/funzine.hu\/sl\/wp-json\/wp\/v2\/categories?post=622991"},{"taxonomy":"post_tag","embeddable":true,"href":"https:\/\/funzine.hu\/sl\/wp-json\/wp\/v2\/tags?post=622991"},{"taxonomy":"post_places","embeddable":true,"href":"https:\/\/funzine.hu\/sl\/wp-json\/wp\/v2\/post_places?post=622991"}],"curies":[{"name":"wp","href":"https:\/\/api.w.org\/{rel}","templated":true}]}}