{"id":622968,"date":"2026-03-12T09:48:35","date_gmt":"2026-03-12T08:48:35","guid":{"rendered":"https:\/\/funzine.hu\/?p=622968"},"modified":"2026-03-12T09:48:35","modified_gmt":"2026-03-12T08:48:35","slug":"priljubljen-ansambel-nas-bo-marca-seznanil-z-glasbo-ljudstev-ki-zivijo-ob-donavi","status":"publish","type":"post","link":"https:\/\/funzine.hu\/sl\/2026\/03\/12\/kulture\/priljubljen-ansambel-nas-bo-marca-seznanil-z-glasbo-ljudstev-ki-zivijo-ob-donavi\/","title":{"rendered":"Priljubljen ansambel nas bo marca seznanil z glasbo ljudstev, ki \u017eivijo ob Donavi."},"content":{"rendered":"<p>Donava ni le geografski pojem, temve\u010d tudi skupna izku\u0161nja: hkrati lo\u010duje in povezuje, nosi zgodbe, oblikuje kulture in \u017ee stoletja navdihuje umetnike. To ve\u010dplastno dedi\u0161\u010dino obuja jubilejna predstava Ansambla umetnikov Donave, Balade o Donavi \u2013 Plesi in molitve ob Donavi, ki praznuje skoraj 70. obletnico ansambla.<\/p>\n<figure id=\"attachment_622972\" aria-describedby=\"caption-attachment-622972\" style=\"width: 850px\" class=\"wp-caption aligncenter\"><img decoding=\"async\" class=\"size-funzine-large wp-image-622972\" src=\"https:\/\/funzine.hu\/wp-content\/uploads\/2026\/03\/artisanedimage-castelnaudary-2311741_1920-1200x800.jpg\" alt=\"\" width=\"850\" height=\"567\" srcset=\"https:\/\/funzine.hu\/wp-content\/uploads\/2026\/03\/artisanedimage-castelnaudary-2311741_1920-1200x800.jpg 1200w, https:\/\/funzine.hu\/wp-content\/uploads\/2026\/03\/artisanedimage-castelnaudary-2311741_1920-300x200.jpg 300w, https:\/\/funzine.hu\/wp-content\/uploads\/2026\/03\/artisanedimage-castelnaudary-2311741_1920-1024x683.jpg 1024w, https:\/\/funzine.hu\/wp-content\/uploads\/2026\/03\/artisanedimage-castelnaudary-2311741_1920-768x512.jpg 768w, https:\/\/funzine.hu\/wp-content\/uploads\/2026\/03\/artisanedimage-castelnaudary-2311741_1920-1536x1024.jpg 1536w, https:\/\/funzine.hu\/wp-content\/uploads\/2026\/03\/artisanedimage-castelnaudary-2311741_1920-360x240.jpg 360w, https:\/\/funzine.hu\/wp-content\/uploads\/2026\/03\/artisanedimage-castelnaudary-2311741_1920.jpg 1920w\" sizes=\"(max-width: 850px) 100vw, 850px\" \/><figcaption id=\"caption-attachment-622972\" class=\"wp-caption-text\">ilustracija &#8211; pixabay.com<\/figcaption><\/figure>\n<p>Produkcija ni \u00bbbalada\u00ab v klasi\u010dnem smislu: vra\u010da se k prvotnemu pomenu besede in pripoveduje zgodbo skozi ples. Gradi na glasbi, gibih in ritualih ljudstev, ki \u017eivijo ob Donavi, ter ri\u0161e poseben duhovni zemljevid, na katerem se sre\u010data Vzhod in Zahod. Razgibane koreografije in meditativni trenutki hkrati prikli\u010dejo mo\u010d in o\u010di\u0161\u010devalni mir reke.<\/p>\n<p>&nbsp;<\/p>\n<p>Glasbeni svet ve\u010dera, ki bo 14. marca v Narodnem gledali\u0161\u010du, bo na posebne vi\u0161ine dvignil Mo\u0161ki zbor StEfrem, ki s svojo vokalno mo\u010djo tvori most med tradicijo in sodobnim izrazom.<\/p>\n","protected":false},"excerpt":{"rendered":"<p>Donava ni le geografski pojem, temve\u010d tudi skupna izku\u0161nja: hkrati lo\u010duje in povezuje, nosi zgodbe,<\/p>\n","protected":false},"author":391,"featured_media":622972,"comment_status":"closed","ping_status":"closed","sticky":false,"template":"","format":"standard","meta":{"_acf_changed":false,"wprm-recipe-roundup-name":"","wprm-recipe-roundup-description":"","ngg_post_thumbnail":0,"footnotes":""},"categories":[14346],"tags":[],"post_places":[],"class_list":["post-622968","post","type-post","status-publish","format-standard","has-post-thumbnail","hentry","category-kulture"],"acf":{"connected_places":"","del_image":""},"yoast_head":"<!-- This site is optimized with the Yoast SEO plugin v27.2 - https:\/\/yoast.com\/product\/yoast-seo-wordpress\/ -->\n<title>Priljubljen ansambel nas bo marca seznanil z glasbo ljudstev, ki \u017eivijo ob Donavi.<\/title>\n<meta name=\"robots\" content=\"index, follow, max-snippet:-1, max-image-preview:large, max-video-preview:-1\" \/>\n<link rel=\"canonical\" href=\"https:\/\/funzine.hu\/sl\/2026\/03\/12\/kulture\/priljubljen-ansambel-nas-bo-marca-seznanil-z-glasbo-ljudstev-ki-zivijo-ob-donavi\/\" \/>\n<meta property=\"og:locale\" content=\"sl_SI\" \/>\n<meta property=\"og:type\" content=\"article\" \/>\n<meta property=\"og:title\" content=\"Priljubljen ansambel nas bo marca seznanil z glasbo ljudstev, ki \u017eivijo ob Donavi.\" \/>\n<meta property=\"og:description\" content=\"Donava ni le geografski pojem, temve\u010d tudi skupna izku\u0161nja: hkrati lo\u010duje in povezuje, nosi zgodbe,\" \/>\n<meta property=\"og:url\" content=\"https:\/\/funzine.hu\/sl\/2026\/03\/12\/kulture\/priljubljen-ansambel-nas-bo-marca-seznanil-z-glasbo-ljudstev-ki-zivijo-ob-donavi\/\" \/>\n<meta property=\"og:site_name\" content=\"Funzine\" \/>\n<meta property=\"article:publisher\" content=\"https:\/\/www.facebook.com\/funzine\/\" \/>\n<meta property=\"article:published_time\" content=\"2026-03-12T08:48:35+00:00\" \/>\n<meta property=\"og:image\" content=\"https:\/\/funzine.hu\/wp-content\/uploads\/2026\/03\/artisanedimage-castelnaudary-2311741_1920.jpg\" \/>\n\t<meta property=\"og:image:width\" content=\"1920\" \/>\n\t<meta property=\"og:image:height\" content=\"1280\" \/>\n\t<meta property=\"og:image:type\" content=\"image\/jpeg\" \/>\n<meta name=\"author\" content=\"Bodn\u00e1r Zsuzsa\" \/>\n<meta name=\"twitter:card\" content=\"summary_large_image\" \/>\n<meta name=\"twitter:creator\" content=\"@funzine\" \/>\n<meta name=\"twitter:site\" content=\"@funzine\" \/>\n<meta name=\"twitter:label1\" content=\"Written by\" \/>\n\t<meta name=\"twitter:data1\" content=\"Bodn\u00e1r Zsuzsa\" \/>\n\t<meta name=\"twitter:label2\" content=\"Est. reading time\" \/>\n\t<meta name=\"twitter:data2\" content=\"2 minuti\" \/>\n<script type=\"application\/ld+json\" class=\"yoast-schema-graph\">{\"@context\":\"https:\/\/schema.org\",\"@graph\":[{\"@type\":\"NewsArticle\",\"@id\":\"https:\/\/funzine.hu\/sl\/2026\/03\/12\/kulture\/priljubljen-ansambel-nas-bo-marca-seznanil-z-glasbo-ljudstev-ki-zivijo-ob-donavi\/#article\",\"isPartOf\":{\"@id\":\"https:\/\/funzine.hu\/sl\/2026\/03\/12\/kulture\/priljubljen-ansambel-nas-bo-marca-seznanil-z-glasbo-ljudstev-ki-zivijo-ob-donavi\/\"},\"author\":{\"name\":\"Bodn\u00e1r Zsuzsa\",\"@id\":\"https:\/\/funzine.hu\/#\/schema\/person\/f3864a88f41183e8c3af70534ac28bb4\"},\"headline\":\"Priljubljen ansambel nas bo marca seznanil z glasbo ljudstev, ki \u017eivijo ob Donavi.\",\"datePublished\":\"2026-03-12T08:48:35+00:00\",\"mainEntityOfPage\":{\"@id\":\"https:\/\/funzine.hu\/sl\/2026\/03\/12\/kulture\/priljubljen-ansambel-nas-bo-marca-seznanil-z-glasbo-ljudstev-ki-zivijo-ob-donavi\/\"},\"wordCount\":166,\"image\":{\"@id\":\"https:\/\/funzine.hu\/sl\/2026\/03\/12\/kulture\/priljubljen-ansambel-nas-bo-marca-seznanil-z-glasbo-ljudstev-ki-zivijo-ob-donavi\/#primaryimage\"},\"thumbnailUrl\":\"https:\/\/funzine.hu\/wp-content\/uploads\/2026\/03\/artisanedimage-castelnaudary-2311741_1920.jpg\",\"articleSection\":[\"Kulture\"],\"inLanguage\":\"sl-SI\"},{\"@type\":\"WebPage\",\"@id\":\"https:\/\/funzine.hu\/sl\/2026\/03\/12\/kulture\/priljubljen-ansambel-nas-bo-marca-seznanil-z-glasbo-ljudstev-ki-zivijo-ob-donavi\/\",\"url\":\"https:\/\/funzine.hu\/sl\/2026\/03\/12\/kulture\/priljubljen-ansambel-nas-bo-marca-seznanil-z-glasbo-ljudstev-ki-zivijo-ob-donavi\/\",\"name\":\"Priljubljen ansambel nas bo marca seznanil z glasbo ljudstev, ki \u017eivijo ob Donavi.\",\"isPartOf\":{\"@id\":\"https:\/\/funzine.hu\/#website\"},\"primaryImageOfPage\":{\"@id\":\"https:\/\/funzine.hu\/sl\/2026\/03\/12\/kulture\/priljubljen-ansambel-nas-bo-marca-seznanil-z-glasbo-ljudstev-ki-zivijo-ob-donavi\/#primaryimage\"},\"image\":{\"@id\":\"https:\/\/funzine.hu\/sl\/2026\/03\/12\/kulture\/priljubljen-ansambel-nas-bo-marca-seznanil-z-glasbo-ljudstev-ki-zivijo-ob-donavi\/#primaryimage\"},\"thumbnailUrl\":\"https:\/\/funzine.hu\/wp-content\/uploads\/2026\/03\/artisanedimage-castelnaudary-2311741_1920.jpg\",\"datePublished\":\"2026-03-12T08:48:35+00:00\",\"author\":{\"@id\":\"https:\/\/funzine.hu\/#\/schema\/person\/f3864a88f41183e8c3af70534ac28bb4\"},\"breadcrumb\":{\"@id\":\"https:\/\/funzine.hu\/sl\/2026\/03\/12\/kulture\/priljubljen-ansambel-nas-bo-marca-seznanil-z-glasbo-ljudstev-ki-zivijo-ob-donavi\/#breadcrumb\"},\"inLanguage\":\"sl-SI\",\"potentialAction\":[{\"@type\":\"ReadAction\",\"target\":[\"https:\/\/funzine.hu\/sl\/2026\/03\/12\/kulture\/priljubljen-ansambel-nas-bo-marca-seznanil-z-glasbo-ljudstev-ki-zivijo-ob-donavi\/\"]}]},{\"@type\":\"ImageObject\",\"inLanguage\":\"sl-SI\",\"@id\":\"https:\/\/funzine.hu\/sl\/2026\/03\/12\/kulture\/priljubljen-ansambel-nas-bo-marca-seznanil-z-glasbo-ljudstev-ki-zivijo-ob-donavi\/#primaryimage\",\"url\":\"https:\/\/funzine.hu\/wp-content\/uploads\/2026\/03\/artisanedimage-castelnaudary-2311741_1920.jpg\",\"contentUrl\":\"https:\/\/funzine.hu\/wp-content\/uploads\/2026\/03\/artisanedimage-castelnaudary-2311741_1920.jpg\",\"width\":1920,\"height\":1280,\"caption\":\"ilustracija - pixabay.com\"},{\"@type\":\"BreadcrumbList\",\"@id\":\"https:\/\/funzine.hu\/sl\/2026\/03\/12\/kulture\/priljubljen-ansambel-nas-bo-marca-seznanil-z-glasbo-ljudstev-ki-zivijo-ob-donavi\/#breadcrumb\",\"itemListElement\":[{\"@type\":\"ListItem\",\"position\":1,\"name\":\"Home\",\"item\":\"https:\/\/funzine.hu\/sl\/\"},{\"@type\":\"ListItem\",\"position\":2,\"name\":\"Priljubljen ansambel nas bo marca seznanil z glasbo ljudstev, ki \u017eivijo ob Donavi.\"}]},{\"@type\":\"WebSite\",\"@id\":\"https:\/\/funzine.hu\/#website\",\"url\":\"https:\/\/funzine.hu\/\",\"name\":\"Funzine\",\"description\":\"\",\"potentialAction\":[{\"@type\":\"SearchAction\",\"target\":{\"@type\":\"EntryPoint\",\"urlTemplate\":\"https:\/\/funzine.hu\/?s={search_term_string}\"},\"query-input\":{\"@type\":\"PropertyValueSpecification\",\"valueRequired\":true,\"valueName\":\"search_term_string\"}}],\"inLanguage\":\"sl-SI\"},{\"@type\":\"Person\",\"@id\":\"https:\/\/funzine.hu\/#\/schema\/person\/f3864a88f41183e8c3af70534ac28bb4\",\"name\":\"Bodn\u00e1r Zsuzsa\",\"image\":{\"@type\":\"ImageObject\",\"inLanguage\":\"sl-SI\",\"@id\":\"https:\/\/secure.gravatar.com\/avatar\/3dac04a042bfb0c015d0f893ef5eb9cca9d966bb5795039862dafd8d2ab5d410?s=96&d=mm&r=g\",\"url\":\"https:\/\/secure.gravatar.com\/avatar\/3dac04a042bfb0c015d0f893ef5eb9cca9d966bb5795039862dafd8d2ab5d410?s=96&d=mm&r=g\",\"contentUrl\":\"https:\/\/secure.gravatar.com\/avatar\/3dac04a042bfb0c015d0f893ef5eb9cca9d966bb5795039862dafd8d2ab5d410?s=96&d=mm&r=g\",\"caption\":\"Bodn\u00e1r Zsuzsa\"},\"url\":\"https:\/\/funzine.hu\/sl\/author\/bodnar-zsuzsa-1984\/\"}]}<\/script>\n<!-- \/ Yoast SEO plugin. -->","yoast_head_json":{"title":"Priljubljen ansambel nas bo marca seznanil z glasbo ljudstev, ki \u017eivijo ob Donavi.","robots":{"index":"index","follow":"follow","max-snippet":"max-snippet:-1","max-image-preview":"max-image-preview:large","max-video-preview":"max-video-preview:-1"},"canonical":"https:\/\/funzine.hu\/sl\/2026\/03\/12\/kulture\/priljubljen-ansambel-nas-bo-marca-seznanil-z-glasbo-ljudstev-ki-zivijo-ob-donavi\/","og_locale":"sl_SI","og_type":"article","og_title":"Priljubljen ansambel nas bo marca seznanil z glasbo ljudstev, ki \u017eivijo ob Donavi.","og_description":"Donava ni le geografski pojem, temve\u010d tudi skupna izku\u0161nja: hkrati lo\u010duje in povezuje, nosi zgodbe,","og_url":"https:\/\/funzine.hu\/sl\/2026\/03\/12\/kulture\/priljubljen-ansambel-nas-bo-marca-seznanil-z-glasbo-ljudstev-ki-zivijo-ob-donavi\/","og_site_name":"Funzine","article_publisher":"https:\/\/www.facebook.com\/funzine\/","article_published_time":"2026-03-12T08:48:35+00:00","og_image":[{"width":1920,"height":1280,"url":"https:\/\/funzine.hu\/wp-content\/uploads\/2026\/03\/artisanedimage-castelnaudary-2311741_1920.jpg","type":"image\/jpeg"}],"author":"Bodn\u00e1r Zsuzsa","twitter_card":"summary_large_image","twitter_creator":"@funzine","twitter_site":"@funzine","twitter_misc":{"Written by":"Bodn\u00e1r Zsuzsa","Est. reading time":"2 minuti"},"schema":{"@context":"https:\/\/schema.org","@graph":[{"@type":"NewsArticle","@id":"https:\/\/funzine.hu\/sl\/2026\/03\/12\/kulture\/priljubljen-ansambel-nas-bo-marca-seznanil-z-glasbo-ljudstev-ki-zivijo-ob-donavi\/#article","isPartOf":{"@id":"https:\/\/funzine.hu\/sl\/2026\/03\/12\/kulture\/priljubljen-ansambel-nas-bo-marca-seznanil-z-glasbo-ljudstev-ki-zivijo-ob-donavi\/"},"author":{"name":"Bodn\u00e1r Zsuzsa","@id":"https:\/\/funzine.hu\/#\/schema\/person\/f3864a88f41183e8c3af70534ac28bb4"},"headline":"Priljubljen ansambel nas bo marca seznanil z glasbo ljudstev, ki \u017eivijo ob Donavi.","datePublished":"2026-03-12T08:48:35+00:00","mainEntityOfPage":{"@id":"https:\/\/funzine.hu\/sl\/2026\/03\/12\/kulture\/priljubljen-ansambel-nas-bo-marca-seznanil-z-glasbo-ljudstev-ki-zivijo-ob-donavi\/"},"wordCount":166,"image":{"@id":"https:\/\/funzine.hu\/sl\/2026\/03\/12\/kulture\/priljubljen-ansambel-nas-bo-marca-seznanil-z-glasbo-ljudstev-ki-zivijo-ob-donavi\/#primaryimage"},"thumbnailUrl":"https:\/\/funzine.hu\/wp-content\/uploads\/2026\/03\/artisanedimage-castelnaudary-2311741_1920.jpg","articleSection":["Kulture"],"inLanguage":"sl-SI"},{"@type":"WebPage","@id":"https:\/\/funzine.hu\/sl\/2026\/03\/12\/kulture\/priljubljen-ansambel-nas-bo-marca-seznanil-z-glasbo-ljudstev-ki-zivijo-ob-donavi\/","url":"https:\/\/funzine.hu\/sl\/2026\/03\/12\/kulture\/priljubljen-ansambel-nas-bo-marca-seznanil-z-glasbo-ljudstev-ki-zivijo-ob-donavi\/","name":"Priljubljen ansambel nas bo marca seznanil z glasbo ljudstev, ki \u017eivijo ob Donavi.","isPartOf":{"@id":"https:\/\/funzine.hu\/#website"},"primaryImageOfPage":{"@id":"https:\/\/funzine.hu\/sl\/2026\/03\/12\/kulture\/priljubljen-ansambel-nas-bo-marca-seznanil-z-glasbo-ljudstev-ki-zivijo-ob-donavi\/#primaryimage"},"image":{"@id":"https:\/\/funzine.hu\/sl\/2026\/03\/12\/kulture\/priljubljen-ansambel-nas-bo-marca-seznanil-z-glasbo-ljudstev-ki-zivijo-ob-donavi\/#primaryimage"},"thumbnailUrl":"https:\/\/funzine.hu\/wp-content\/uploads\/2026\/03\/artisanedimage-castelnaudary-2311741_1920.jpg","datePublished":"2026-03-12T08:48:35+00:00","author":{"@id":"https:\/\/funzine.hu\/#\/schema\/person\/f3864a88f41183e8c3af70534ac28bb4"},"breadcrumb":{"@id":"https:\/\/funzine.hu\/sl\/2026\/03\/12\/kulture\/priljubljen-ansambel-nas-bo-marca-seznanil-z-glasbo-ljudstev-ki-zivijo-ob-donavi\/#breadcrumb"},"inLanguage":"sl-SI","potentialAction":[{"@type":"ReadAction","target":["https:\/\/funzine.hu\/sl\/2026\/03\/12\/kulture\/priljubljen-ansambel-nas-bo-marca-seznanil-z-glasbo-ljudstev-ki-zivijo-ob-donavi\/"]}]},{"@type":"ImageObject","inLanguage":"sl-SI","@id":"https:\/\/funzine.hu\/sl\/2026\/03\/12\/kulture\/priljubljen-ansambel-nas-bo-marca-seznanil-z-glasbo-ljudstev-ki-zivijo-ob-donavi\/#primaryimage","url":"https:\/\/funzine.hu\/wp-content\/uploads\/2026\/03\/artisanedimage-castelnaudary-2311741_1920.jpg","contentUrl":"https:\/\/funzine.hu\/wp-content\/uploads\/2026\/03\/artisanedimage-castelnaudary-2311741_1920.jpg","width":1920,"height":1280,"caption":"ilustracija - pixabay.com"},{"@type":"BreadcrumbList","@id":"https:\/\/funzine.hu\/sl\/2026\/03\/12\/kulture\/priljubljen-ansambel-nas-bo-marca-seznanil-z-glasbo-ljudstev-ki-zivijo-ob-donavi\/#breadcrumb","itemListElement":[{"@type":"ListItem","position":1,"name":"Home","item":"https:\/\/funzine.hu\/sl\/"},{"@type":"ListItem","position":2,"name":"Priljubljen ansambel nas bo marca seznanil z glasbo ljudstev, ki \u017eivijo ob Donavi."}]},{"@type":"WebSite","@id":"https:\/\/funzine.hu\/#website","url":"https:\/\/funzine.hu\/","name":"Funzine","description":"","potentialAction":[{"@type":"SearchAction","target":{"@type":"EntryPoint","urlTemplate":"https:\/\/funzine.hu\/?s={search_term_string}"},"query-input":{"@type":"PropertyValueSpecification","valueRequired":true,"valueName":"search_term_string"}}],"inLanguage":"sl-SI"},{"@type":"Person","@id":"https:\/\/funzine.hu\/#\/schema\/person\/f3864a88f41183e8c3af70534ac28bb4","name":"Bodn\u00e1r Zsuzsa","image":{"@type":"ImageObject","inLanguage":"sl-SI","@id":"https:\/\/secure.gravatar.com\/avatar\/3dac04a042bfb0c015d0f893ef5eb9cca9d966bb5795039862dafd8d2ab5d410?s=96&d=mm&r=g","url":"https:\/\/secure.gravatar.com\/avatar\/3dac04a042bfb0c015d0f893ef5eb9cca9d966bb5795039862dafd8d2ab5d410?s=96&d=mm&r=g","contentUrl":"https:\/\/secure.gravatar.com\/avatar\/3dac04a042bfb0c015d0f893ef5eb9cca9d966bb5795039862dafd8d2ab5d410?s=96&d=mm&r=g","caption":"Bodn\u00e1r Zsuzsa"},"url":"https:\/\/funzine.hu\/sl\/author\/bodnar-zsuzsa-1984\/"}]}},"amp_enabled":true,"_links":{"self":[{"href":"https:\/\/funzine.hu\/sl\/wp-json\/wp\/v2\/posts\/622968","targetHints":{"allow":["GET"]}}],"collection":[{"href":"https:\/\/funzine.hu\/sl\/wp-json\/wp\/v2\/posts"}],"about":[{"href":"https:\/\/funzine.hu\/sl\/wp-json\/wp\/v2\/types\/post"}],"author":[{"embeddable":true,"href":"https:\/\/funzine.hu\/sl\/wp-json\/wp\/v2\/users\/391"}],"replies":[{"embeddable":true,"href":"https:\/\/funzine.hu\/sl\/wp-json\/wp\/v2\/comments?post=622968"}],"version-history":[{"count":1,"href":"https:\/\/funzine.hu\/sl\/wp-json\/wp\/v2\/posts\/622968\/revisions"}],"predecessor-version":[{"id":622973,"href":"https:\/\/funzine.hu\/sl\/wp-json\/wp\/v2\/posts\/622968\/revisions\/622973"}],"wp:featuredmedia":[{"embeddable":true,"href":"https:\/\/funzine.hu\/sl\/wp-json\/wp\/v2\/media\/622972"}],"wp:attachment":[{"href":"https:\/\/funzine.hu\/sl\/wp-json\/wp\/v2\/media?parent=622968"}],"wp:term":[{"taxonomy":"category","embeddable":true,"href":"https:\/\/funzine.hu\/sl\/wp-json\/wp\/v2\/categories?post=622968"},{"taxonomy":"post_tag","embeddable":true,"href":"https:\/\/funzine.hu\/sl\/wp-json\/wp\/v2\/tags?post=622968"},{"taxonomy":"post_places","embeddable":true,"href":"https:\/\/funzine.hu\/sl\/wp-json\/wp\/v2\/post_places?post=622968"}],"curies":[{"name":"wp","href":"https:\/\/api.w.org\/{rel}","templated":true}]}}