{"id":622965,"date":"2026-03-12T09:39:04","date_gmt":"2026-03-12T08:39:04","guid":{"rendered":"https:\/\/funzine.hu\/?p=622965"},"modified":"2026-03-12T09:39:04","modified_gmt":"2026-03-12T08:39:04","slug":"od-marije-terezije-do-moderne-plesne-dvorane-zgodba-o-svileni-rolni-obuda","status":"publish","type":"post","link":"https:\/\/funzine.hu\/sl\/2026\/03\/12\/kulture\/od-marije-terezije-do-moderne-plesne-dvorane-zgodba-o-svileni-rolni-obuda\/","title":{"rendered":"Od Marije Terezije do moderne plesne dvorane: Zgodba o svileni rolni \u00d3buda"},"content":{"rendered":"<p>Na sti\u010di\u0161\u010du Mikl\u00f3sovega trga in ulice Harrer P\u00e1l stoji nenavadna, elipti\u010dna stavba, tiho skrita, mimo katere mnogi hodijo, ne da bi slutili, da njene stene ohranjajo spomin na enega od zgodnjih poskusov v mad\u017earski industrijski zgodovini. Svilena rolna \u00d3buda ni le primer redke arhitekturne oblike, temve\u010d tudi odtis prizadevanj gospodarske politike iz 18. stoletja, ki je \u017eelela Mad\u017earsko spremeniti v proizvajalko surovin za cesarsko svilarno industrijo.<\/p>\n<figure id=\"attachment_622966\" aria-describedby=\"caption-attachment-622966\" style=\"width: 850px\" class=\"wp-caption aligncenter\"><img decoding=\"async\" class=\"size-funzine-large wp-image-622966\" src=\"https:\/\/funzine.hu\/wp-content\/uploads\/2026\/03\/dropolto-prague-5297384_1920-1200x801.jpg\" alt=\"\" width=\"850\" height=\"567\" srcset=\"https:\/\/funzine.hu\/wp-content\/uploads\/2026\/03\/dropolto-prague-5297384_1920-1200x801.jpg 1200w, https:\/\/funzine.hu\/wp-content\/uploads\/2026\/03\/dropolto-prague-5297384_1920-300x200.jpg 300w, https:\/\/funzine.hu\/wp-content\/uploads\/2026\/03\/dropolto-prague-5297384_1920-1024x683.jpg 1024w, https:\/\/funzine.hu\/wp-content\/uploads\/2026\/03\/dropolto-prague-5297384_1920-768x512.jpg 768w, https:\/\/funzine.hu\/wp-content\/uploads\/2026\/03\/dropolto-prague-5297384_1920-1536x1025.jpg 1536w, https:\/\/funzine.hu\/wp-content\/uploads\/2026\/03\/dropolto-prague-5297384_1920-360x240.jpg 360w, https:\/\/funzine.hu\/wp-content\/uploads\/2026\/03\/dropolto-prague-5297384_1920.jpg 1920w\" sizes=\"(max-width: 850px) 100vw, 850px\" \/><figcaption id=\"caption-attachment-622966\" class=\"wp-caption-text\">ilustracija &#8211; pixabay.com<\/figcaption><\/figure>\n<p>Cesarski na\u010drt za spodbuditev svilarne industrije<br \/>\nZgodba sega dale\u010d nazaj, \u017eivljenje stavbe se prakti\u010dno za\u010dne s prizadevanji dr\u017eave za gospodarski razvoj v 18. stoletju.<\/p>\n<p>Po izgonu Turkov je Marija Terezija spoznala, da svilarna industrija dednih provinc potrebuje zanesljivo surovino, zato je posku\u0161ala na Mad\u017earskem vzpostaviti gojenje sviloprejk. Poleg vsega tega je podpirala tudi sajenje murv, da bi zagotovila hrano gosenicam, in organizirala je zbiranje kokonov, da bi zagotovila zadostno koli\u010dino surovin v avstrijske delavnice.<\/p>\n<p>Njen sin, Jo\u017eef II., je nadaljeval to politiko, vendar ni bil ve\u010d zadovoljen z Mad\u017earsko, ki je zagotavljala surovine; \u017eelel je, da bi prvi koraki predelave potekali lokalno. Zato so od 1760-ih in 1770-ih za\u010deli nastajati klekljarne in filatoriji oziroma predilnice, v prvih so iz kokonov pridobivali fino svileno nit, v drugih pa so te niti spreli v mo\u010dnej\u0161o prejo. Polizdelek so nato odpeljali na Dunaj, kjer so iz njega izdelali kon\u010dno, luksuzno kakovostno svileno tkanino.<\/p>\n<p>Prva predilnica svile v dr\u017eavi je bila zgrajena v \u00d3budi, kot protiute\u017e klekljanici pa je tam delovala tudi predilnica svile. Ta stavba je bila v naslednjih stoletjih uni\u010dena, vendar je njen spomin ohranjen \u0161e danes v imenu postajali\u0161\u010da Filatorig\u00e1t H\u00c9V.<\/p>\n<p>Italijanski mojstri in gradbeni\u0161tvo v \u00d3budi<br \/>\nEkipa strokovnjakov iz Italije je igrala klju\u010dno vlogo pri organizaciji mad\u017earske svilarske industrije: ustanovitev tovarne v \u00d3budi je temeljila na strokovnih navodilih Agostina Mazzocata. Izvajalec gradnje je bil J\u00f3zsef Tallherr, drugi arhitekt Zbornice, s \u010digar pomo\u010djo se je gradnja za\u010dela s financiranjem iz zakladnice.<\/p>\n<p>Delo je hitro napredovalo: avgusta 1785 se je za\u010del poskusni obrat enajstih strojev, polna proizvodnja pa se je za\u010dela 1. julija 1786. Objekt je naro\u010dil sam kralj Henrik II. J\u00f3zsef je tudi obiskal in osebno pozdravil delavce na gradbi\u0161\u010du.<\/p>\n<p>Arhitekturna zasnova tovarne je \u0161e danes precej edinstvena. Njen tloris spominja na tekalno stezo: pravokotnik dopolnjujeta dve polkro\u017eno oblikovani zapirali, kar arhitekturna teorija pozna kot panoptikonsko ureditev. Enonadstropna stavba z notranjim dvori\u0161\u010dem ima klasicisti\u010dne in poznobaro\u010dne zna\u010dilnosti, z okni s kamnitimi okvirji.<\/p>\n<p>Med delovanjem manufakture so bili kotli za klekljanje postavljeni vzdol\u017e stebrov; Pritli\u010dje in prvo nadstropje sta bila oba velika, neprekinjena delovna prostora, kjer so predelovali kokone.<\/p>\n<p>Viharna stoletja<br \/>\nPo Mazzocatovi smrti je njegov sin, takrat K\u00e1roly Roscogni, vodil tovarno, ki je delovala do leta 1830. Z ukinitvijo podjetja je stavba izgubila svojo prvotno funkcijo.<\/p>\n<p>Vendar pa je med veliko poplavo Donave leta 1838 odigrala nepri\u010dakovano vlogo: mnogi prebivalci obmo\u010dja so tukaj na\u0161li zato\u010di\u0161\u010de, saj je masivna konstrukcija hi\u0161e utrpela relativno malo \u0161kode. Do sredine stoletja pa je bila skoraj popolnoma prazna in jo je dr\u017eavna blagajna prodala na dra\u017ebi.<\/p>\n<p>Njen novi lastnik je postala Donavska parni\u0161ka dru\u017eba, ki jo je uporabljala predvsem za skladi\u0161\u010denje in gospodarske namene. Med drugo svetovno vojno je bila mo\u010dno dotrajana stavba obsojena na ru\u0161enje, a so jo vojne okoli\u0161\u010dine na koncu re\u0161ile: ru\u0161enje ni bilo izvedeno, zato je previjalnica svile, za razliko od mnogih drugih industrijskih spomenikov v \u00d3budi, pre\u017eivela.<\/p>\n<p>V petdesetih letih prej\u0161njega stoletja so jo obnovili in v njej zgradili stanovanja, vendar se je njeno stanje v naslednjih desetletjih za\u010delo znova slab\u0161ati, zato je sredi sedemdesetih let sledila \u0161e ena prenova.<\/p>\n<p>Kulturni eksperimenti in doba plesne dvorane<br \/>\nV sedemdesetih letih prej\u0161njega stoletja so strokovnjaki za dedi\u0161\u010dino razvili ve\u010d mo\u017enih na\u010drtov uporabe: razpravljali so o muzeju gledali\u0161ke zgodovine, knji\u017enici, centru za prosti \u010das in celo gostinskem obratu.<\/p>\n<p>Na koncu se je javna kulturna funkcija izkazala za izvedljivo: stavba je za nekaj \u010dasa postala priljubljeno prizori\u0161\u010de za plesno gibanje in druge kulturne pobude. Z leti so se v njene zidove preselili knji\u017enica, uredni\u0161tvo revij, filmski in video studio ter civilne organizacije. Po rekonstrukciji, ki je sledila temeljiti raziskavi stavbe, so maja 1985 tukaj odprli Javni kulturno-informacijski center.<\/p>\n<p>Po spremembi re\u017eima je stavba ponovno spremenila funkcijo: dolgo \u010dasa je imela pisarne razli\u010dnih podjetij, danes pa deluje kot poslovna in prireditvena stavba.<\/p>\n","protected":false},"excerpt":{"rendered":"<p>Na sti\u010di\u0161\u010du Mikl\u00f3sovega trga in ulice Harrer P\u00e1l stoji nenavadna, elipti\u010dna stavba, tiho skrita,<\/p>\n","protected":false},"author":391,"featured_media":622966,"comment_status":"closed","ping_status":"closed","sticky":false,"template":"","format":"standard","meta":{"_acf_changed":false,"wprm-recipe-roundup-name":"","wprm-recipe-roundup-description":"","ngg_post_thumbnail":0,"footnotes":""},"categories":[14346],"tags":[],"post_places":[],"class_list":["post-622965","post","type-post","status-publish","format-standard","has-post-thumbnail","hentry","category-kulture"],"acf":{"connected_places":"","del_image":""},"yoast_head":"<!-- This site is optimized with the Yoast SEO plugin v27.2 - https:\/\/yoast.com\/product\/yoast-seo-wordpress\/ -->\n<title>Od Marije Terezije do moderne plesne dvorane: Zgodba o svileni rolni \u00d3buda<\/title>\n<meta name=\"robots\" content=\"index, follow, max-snippet:-1, max-image-preview:large, max-video-preview:-1\" \/>\n<link rel=\"canonical\" href=\"https:\/\/funzine.hu\/sl\/2026\/03\/12\/kulture\/od-marije-terezije-do-moderne-plesne-dvorane-zgodba-o-svileni-rolni-obuda\/\" \/>\n<meta property=\"og:locale\" content=\"sl_SI\" \/>\n<meta property=\"og:type\" content=\"article\" \/>\n<meta property=\"og:title\" content=\"Od Marije Terezije do moderne plesne dvorane: Zgodba o svileni rolni \u00d3buda\" \/>\n<meta property=\"og:description\" content=\"Na sti\u010di\u0161\u010du Mikl\u00f3sovega trga in ulice Harrer P\u00e1l stoji nenavadna, elipti\u010dna stavba, tiho skrita,\" \/>\n<meta property=\"og:url\" content=\"https:\/\/funzine.hu\/sl\/2026\/03\/12\/kulture\/od-marije-terezije-do-moderne-plesne-dvorane-zgodba-o-svileni-rolni-obuda\/\" \/>\n<meta property=\"og:site_name\" content=\"Funzine\" \/>\n<meta property=\"article:publisher\" content=\"https:\/\/www.facebook.com\/funzine\/\" \/>\n<meta property=\"article:published_time\" content=\"2026-03-12T08:39:04+00:00\" \/>\n<meta property=\"og:image\" content=\"https:\/\/funzine.hu\/wp-content\/uploads\/2026\/03\/dropolto-prague-5297384_1920.jpg\" \/>\n\t<meta property=\"og:image:width\" content=\"1920\" \/>\n\t<meta property=\"og:image:height\" content=\"1281\" \/>\n\t<meta property=\"og:image:type\" content=\"image\/jpeg\" \/>\n<meta name=\"author\" content=\"Bodn\u00e1r Zsuzsa\" \/>\n<meta name=\"twitter:card\" content=\"summary_large_image\" \/>\n<meta name=\"twitter:creator\" content=\"@funzine\" \/>\n<meta name=\"twitter:site\" content=\"@funzine\" \/>\n<meta name=\"twitter:label1\" content=\"Written by\" \/>\n\t<meta name=\"twitter:data1\" content=\"Bodn\u00e1r Zsuzsa\" \/>\n\t<meta name=\"twitter:label2\" content=\"Est. reading time\" \/>\n\t<meta name=\"twitter:data2\" content=\"5 minut\" \/>\n<script type=\"application\/ld+json\" class=\"yoast-schema-graph\">{\"@context\":\"https:\/\/schema.org\",\"@graph\":[{\"@type\":\"NewsArticle\",\"@id\":\"https:\/\/funzine.hu\/sl\/2026\/03\/12\/kulture\/od-marije-terezije-do-moderne-plesne-dvorane-zgodba-o-svileni-rolni-obuda\/#article\",\"isPartOf\":{\"@id\":\"https:\/\/funzine.hu\/sl\/2026\/03\/12\/kulture\/od-marije-terezije-do-moderne-plesne-dvorane-zgodba-o-svileni-rolni-obuda\/\"},\"author\":{\"name\":\"Bodn\u00e1r Zsuzsa\",\"@id\":\"https:\/\/funzine.hu\/#\/schema\/person\/f3864a88f41183e8c3af70534ac28bb4\"},\"headline\":\"Od Marije Terezije do moderne plesne dvorane: Zgodba o svileni rolni \u00d3buda\",\"datePublished\":\"2026-03-12T08:39:04+00:00\",\"mainEntityOfPage\":{\"@id\":\"https:\/\/funzine.hu\/sl\/2026\/03\/12\/kulture\/od-marije-terezije-do-moderne-plesne-dvorane-zgodba-o-svileni-rolni-obuda\/\"},\"wordCount\":781,\"image\":{\"@id\":\"https:\/\/funzine.hu\/sl\/2026\/03\/12\/kulture\/od-marije-terezije-do-moderne-plesne-dvorane-zgodba-o-svileni-rolni-obuda\/#primaryimage\"},\"thumbnailUrl\":\"https:\/\/funzine.hu\/wp-content\/uploads\/2026\/03\/dropolto-prague-5297384_1920.jpg\",\"articleSection\":[\"Kulture\"],\"inLanguage\":\"sl-SI\"},{\"@type\":\"WebPage\",\"@id\":\"https:\/\/funzine.hu\/sl\/2026\/03\/12\/kulture\/od-marije-terezije-do-moderne-plesne-dvorane-zgodba-o-svileni-rolni-obuda\/\",\"url\":\"https:\/\/funzine.hu\/sl\/2026\/03\/12\/kulture\/od-marije-terezije-do-moderne-plesne-dvorane-zgodba-o-svileni-rolni-obuda\/\",\"name\":\"Od Marije Terezije do moderne plesne dvorane: Zgodba o svileni rolni \u00d3buda\",\"isPartOf\":{\"@id\":\"https:\/\/funzine.hu\/#website\"},\"primaryImageOfPage\":{\"@id\":\"https:\/\/funzine.hu\/sl\/2026\/03\/12\/kulture\/od-marije-terezije-do-moderne-plesne-dvorane-zgodba-o-svileni-rolni-obuda\/#primaryimage\"},\"image\":{\"@id\":\"https:\/\/funzine.hu\/sl\/2026\/03\/12\/kulture\/od-marije-terezije-do-moderne-plesne-dvorane-zgodba-o-svileni-rolni-obuda\/#primaryimage\"},\"thumbnailUrl\":\"https:\/\/funzine.hu\/wp-content\/uploads\/2026\/03\/dropolto-prague-5297384_1920.jpg\",\"datePublished\":\"2026-03-12T08:39:04+00:00\",\"author\":{\"@id\":\"https:\/\/funzine.hu\/#\/schema\/person\/f3864a88f41183e8c3af70534ac28bb4\"},\"breadcrumb\":{\"@id\":\"https:\/\/funzine.hu\/sl\/2026\/03\/12\/kulture\/od-marije-terezije-do-moderne-plesne-dvorane-zgodba-o-svileni-rolni-obuda\/#breadcrumb\"},\"inLanguage\":\"sl-SI\",\"potentialAction\":[{\"@type\":\"ReadAction\",\"target\":[\"https:\/\/funzine.hu\/sl\/2026\/03\/12\/kulture\/od-marije-terezije-do-moderne-plesne-dvorane-zgodba-o-svileni-rolni-obuda\/\"]}]},{\"@type\":\"ImageObject\",\"inLanguage\":\"sl-SI\",\"@id\":\"https:\/\/funzine.hu\/sl\/2026\/03\/12\/kulture\/od-marije-terezije-do-moderne-plesne-dvorane-zgodba-o-svileni-rolni-obuda\/#primaryimage\",\"url\":\"https:\/\/funzine.hu\/wp-content\/uploads\/2026\/03\/dropolto-prague-5297384_1920.jpg\",\"contentUrl\":\"https:\/\/funzine.hu\/wp-content\/uploads\/2026\/03\/dropolto-prague-5297384_1920.jpg\",\"width\":1920,\"height\":1281,\"caption\":\"ilustracija - pixabay.com\"},{\"@type\":\"BreadcrumbList\",\"@id\":\"https:\/\/funzine.hu\/sl\/2026\/03\/12\/kulture\/od-marije-terezije-do-moderne-plesne-dvorane-zgodba-o-svileni-rolni-obuda\/#breadcrumb\",\"itemListElement\":[{\"@type\":\"ListItem\",\"position\":1,\"name\":\"Home\",\"item\":\"https:\/\/funzine.hu\/sl\/\"},{\"@type\":\"ListItem\",\"position\":2,\"name\":\"Od Marije Terezije do moderne plesne dvorane: Zgodba o svileni rolni \u00d3buda\"}]},{\"@type\":\"WebSite\",\"@id\":\"https:\/\/funzine.hu\/#website\",\"url\":\"https:\/\/funzine.hu\/\",\"name\":\"Funzine\",\"description\":\"\",\"potentialAction\":[{\"@type\":\"SearchAction\",\"target\":{\"@type\":\"EntryPoint\",\"urlTemplate\":\"https:\/\/funzine.hu\/?s={search_term_string}\"},\"query-input\":{\"@type\":\"PropertyValueSpecification\",\"valueRequired\":true,\"valueName\":\"search_term_string\"}}],\"inLanguage\":\"sl-SI\"},{\"@type\":\"Person\",\"@id\":\"https:\/\/funzine.hu\/#\/schema\/person\/f3864a88f41183e8c3af70534ac28bb4\",\"name\":\"Bodn\u00e1r Zsuzsa\",\"image\":{\"@type\":\"ImageObject\",\"inLanguage\":\"sl-SI\",\"@id\":\"https:\/\/secure.gravatar.com\/avatar\/3dac04a042bfb0c015d0f893ef5eb9cca9d966bb5795039862dafd8d2ab5d410?s=96&d=mm&r=g\",\"url\":\"https:\/\/secure.gravatar.com\/avatar\/3dac04a042bfb0c015d0f893ef5eb9cca9d966bb5795039862dafd8d2ab5d410?s=96&d=mm&r=g\",\"contentUrl\":\"https:\/\/secure.gravatar.com\/avatar\/3dac04a042bfb0c015d0f893ef5eb9cca9d966bb5795039862dafd8d2ab5d410?s=96&d=mm&r=g\",\"caption\":\"Bodn\u00e1r Zsuzsa\"},\"url\":\"https:\/\/funzine.hu\/sl\/author\/bodnar-zsuzsa-1984\/\"}]}<\/script>\n<!-- \/ Yoast SEO plugin. -->","yoast_head_json":{"title":"Od Marije Terezije do moderne plesne dvorane: Zgodba o svileni rolni \u00d3buda","robots":{"index":"index","follow":"follow","max-snippet":"max-snippet:-1","max-image-preview":"max-image-preview:large","max-video-preview":"max-video-preview:-1"},"canonical":"https:\/\/funzine.hu\/sl\/2026\/03\/12\/kulture\/od-marije-terezije-do-moderne-plesne-dvorane-zgodba-o-svileni-rolni-obuda\/","og_locale":"sl_SI","og_type":"article","og_title":"Od Marije Terezije do moderne plesne dvorane: Zgodba o svileni rolni \u00d3buda","og_description":"Na sti\u010di\u0161\u010du Mikl\u00f3sovega trga in ulice Harrer P\u00e1l stoji nenavadna, elipti\u010dna stavba, tiho skrita,","og_url":"https:\/\/funzine.hu\/sl\/2026\/03\/12\/kulture\/od-marije-terezije-do-moderne-plesne-dvorane-zgodba-o-svileni-rolni-obuda\/","og_site_name":"Funzine","article_publisher":"https:\/\/www.facebook.com\/funzine\/","article_published_time":"2026-03-12T08:39:04+00:00","og_image":[{"width":1920,"height":1281,"url":"https:\/\/funzine.hu\/wp-content\/uploads\/2026\/03\/dropolto-prague-5297384_1920.jpg","type":"image\/jpeg"}],"author":"Bodn\u00e1r Zsuzsa","twitter_card":"summary_large_image","twitter_creator":"@funzine","twitter_site":"@funzine","twitter_misc":{"Written by":"Bodn\u00e1r Zsuzsa","Est. reading time":"5 minut"},"schema":{"@context":"https:\/\/schema.org","@graph":[{"@type":"NewsArticle","@id":"https:\/\/funzine.hu\/sl\/2026\/03\/12\/kulture\/od-marije-terezije-do-moderne-plesne-dvorane-zgodba-o-svileni-rolni-obuda\/#article","isPartOf":{"@id":"https:\/\/funzine.hu\/sl\/2026\/03\/12\/kulture\/od-marije-terezije-do-moderne-plesne-dvorane-zgodba-o-svileni-rolni-obuda\/"},"author":{"name":"Bodn\u00e1r Zsuzsa","@id":"https:\/\/funzine.hu\/#\/schema\/person\/f3864a88f41183e8c3af70534ac28bb4"},"headline":"Od Marije Terezije do moderne plesne dvorane: Zgodba o svileni rolni \u00d3buda","datePublished":"2026-03-12T08:39:04+00:00","mainEntityOfPage":{"@id":"https:\/\/funzine.hu\/sl\/2026\/03\/12\/kulture\/od-marije-terezije-do-moderne-plesne-dvorane-zgodba-o-svileni-rolni-obuda\/"},"wordCount":781,"image":{"@id":"https:\/\/funzine.hu\/sl\/2026\/03\/12\/kulture\/od-marije-terezije-do-moderne-plesne-dvorane-zgodba-o-svileni-rolni-obuda\/#primaryimage"},"thumbnailUrl":"https:\/\/funzine.hu\/wp-content\/uploads\/2026\/03\/dropolto-prague-5297384_1920.jpg","articleSection":["Kulture"],"inLanguage":"sl-SI"},{"@type":"WebPage","@id":"https:\/\/funzine.hu\/sl\/2026\/03\/12\/kulture\/od-marije-terezije-do-moderne-plesne-dvorane-zgodba-o-svileni-rolni-obuda\/","url":"https:\/\/funzine.hu\/sl\/2026\/03\/12\/kulture\/od-marije-terezije-do-moderne-plesne-dvorane-zgodba-o-svileni-rolni-obuda\/","name":"Od Marije Terezije do moderne plesne dvorane: Zgodba o svileni rolni \u00d3buda","isPartOf":{"@id":"https:\/\/funzine.hu\/#website"},"primaryImageOfPage":{"@id":"https:\/\/funzine.hu\/sl\/2026\/03\/12\/kulture\/od-marije-terezije-do-moderne-plesne-dvorane-zgodba-o-svileni-rolni-obuda\/#primaryimage"},"image":{"@id":"https:\/\/funzine.hu\/sl\/2026\/03\/12\/kulture\/od-marije-terezije-do-moderne-plesne-dvorane-zgodba-o-svileni-rolni-obuda\/#primaryimage"},"thumbnailUrl":"https:\/\/funzine.hu\/wp-content\/uploads\/2026\/03\/dropolto-prague-5297384_1920.jpg","datePublished":"2026-03-12T08:39:04+00:00","author":{"@id":"https:\/\/funzine.hu\/#\/schema\/person\/f3864a88f41183e8c3af70534ac28bb4"},"breadcrumb":{"@id":"https:\/\/funzine.hu\/sl\/2026\/03\/12\/kulture\/od-marije-terezije-do-moderne-plesne-dvorane-zgodba-o-svileni-rolni-obuda\/#breadcrumb"},"inLanguage":"sl-SI","potentialAction":[{"@type":"ReadAction","target":["https:\/\/funzine.hu\/sl\/2026\/03\/12\/kulture\/od-marije-terezije-do-moderne-plesne-dvorane-zgodba-o-svileni-rolni-obuda\/"]}]},{"@type":"ImageObject","inLanguage":"sl-SI","@id":"https:\/\/funzine.hu\/sl\/2026\/03\/12\/kulture\/od-marije-terezije-do-moderne-plesne-dvorane-zgodba-o-svileni-rolni-obuda\/#primaryimage","url":"https:\/\/funzine.hu\/wp-content\/uploads\/2026\/03\/dropolto-prague-5297384_1920.jpg","contentUrl":"https:\/\/funzine.hu\/wp-content\/uploads\/2026\/03\/dropolto-prague-5297384_1920.jpg","width":1920,"height":1281,"caption":"ilustracija - pixabay.com"},{"@type":"BreadcrumbList","@id":"https:\/\/funzine.hu\/sl\/2026\/03\/12\/kulture\/od-marije-terezije-do-moderne-plesne-dvorane-zgodba-o-svileni-rolni-obuda\/#breadcrumb","itemListElement":[{"@type":"ListItem","position":1,"name":"Home","item":"https:\/\/funzine.hu\/sl\/"},{"@type":"ListItem","position":2,"name":"Od Marije Terezije do moderne plesne dvorane: Zgodba o svileni rolni \u00d3buda"}]},{"@type":"WebSite","@id":"https:\/\/funzine.hu\/#website","url":"https:\/\/funzine.hu\/","name":"Funzine","description":"","potentialAction":[{"@type":"SearchAction","target":{"@type":"EntryPoint","urlTemplate":"https:\/\/funzine.hu\/?s={search_term_string}"},"query-input":{"@type":"PropertyValueSpecification","valueRequired":true,"valueName":"search_term_string"}}],"inLanguage":"sl-SI"},{"@type":"Person","@id":"https:\/\/funzine.hu\/#\/schema\/person\/f3864a88f41183e8c3af70534ac28bb4","name":"Bodn\u00e1r Zsuzsa","image":{"@type":"ImageObject","inLanguage":"sl-SI","@id":"https:\/\/secure.gravatar.com\/avatar\/3dac04a042bfb0c015d0f893ef5eb9cca9d966bb5795039862dafd8d2ab5d410?s=96&d=mm&r=g","url":"https:\/\/secure.gravatar.com\/avatar\/3dac04a042bfb0c015d0f893ef5eb9cca9d966bb5795039862dafd8d2ab5d410?s=96&d=mm&r=g","contentUrl":"https:\/\/secure.gravatar.com\/avatar\/3dac04a042bfb0c015d0f893ef5eb9cca9d966bb5795039862dafd8d2ab5d410?s=96&d=mm&r=g","caption":"Bodn\u00e1r Zsuzsa"},"url":"https:\/\/funzine.hu\/sl\/author\/bodnar-zsuzsa-1984\/"}]}},"amp_enabled":true,"_links":{"self":[{"href":"https:\/\/funzine.hu\/sl\/wp-json\/wp\/v2\/posts\/622965","targetHints":{"allow":["GET"]}}],"collection":[{"href":"https:\/\/funzine.hu\/sl\/wp-json\/wp\/v2\/posts"}],"about":[{"href":"https:\/\/funzine.hu\/sl\/wp-json\/wp\/v2\/types\/post"}],"author":[{"embeddable":true,"href":"https:\/\/funzine.hu\/sl\/wp-json\/wp\/v2\/users\/391"}],"replies":[{"embeddable":true,"href":"https:\/\/funzine.hu\/sl\/wp-json\/wp\/v2\/comments?post=622965"}],"version-history":[{"count":1,"href":"https:\/\/funzine.hu\/sl\/wp-json\/wp\/v2\/posts\/622965\/revisions"}],"predecessor-version":[{"id":622967,"href":"https:\/\/funzine.hu\/sl\/wp-json\/wp\/v2\/posts\/622965\/revisions\/622967"}],"wp:featuredmedia":[{"embeddable":true,"href":"https:\/\/funzine.hu\/sl\/wp-json\/wp\/v2\/media\/622966"}],"wp:attachment":[{"href":"https:\/\/funzine.hu\/sl\/wp-json\/wp\/v2\/media?parent=622965"}],"wp:term":[{"taxonomy":"category","embeddable":true,"href":"https:\/\/funzine.hu\/sl\/wp-json\/wp\/v2\/categories?post=622965"},{"taxonomy":"post_tag","embeddable":true,"href":"https:\/\/funzine.hu\/sl\/wp-json\/wp\/v2\/tags?post=622965"},{"taxonomy":"post_places","embeddable":true,"href":"https:\/\/funzine.hu\/sl\/wp-json\/wp\/v2\/post_places?post=622965"}],"curies":[{"name":"wp","href":"https:\/\/api.w.org\/{rel}","templated":true}]}}