{"id":620420,"date":"2026-02-03T16:09:17","date_gmt":"2026-02-03T15:09:17","guid":{"rendered":"https:\/\/funzine.hu\/?p=620420"},"modified":"2026-02-03T16:09:17","modified_gmt":"2026-02-03T15:09:17","slug":"zimski-sprehod-po-zmrznjenem-ovinku-donave-kjer-se-zdi-kot-da-se-je-celo-cas-ustavil","status":"publish","type":"post","link":"https:\/\/funzine.hu\/sl\/2026\/02\/03\/potovanje\/zimski-sprehod-po-zmrznjenem-ovinku-donave-kjer-se-zdi-kot-da-se-je-celo-cas-ustavil\/","title":{"rendered":"Zimski sprehod po zmrznjenem ovinku Donave, kjer se zdi, kot da se je celo \u010das ustavil"},"content":{"rendered":"<p>\u010ce se \u017eelite umakniti od hrupa prestolnice, se usedite v avto ali se vkrcajte na javni prevoz, saj le na dosegu roke od Budimpe\u0161te lahko do\u017eivite neprimerljivo zimsko izku\u0161njo: ta del Donave je popolna izbira za prijeten zimski sprehod.<\/p>\n<figure id=\"attachment_620421\" aria-describedby=\"caption-attachment-620421\" style=\"width: 850px\" class=\"wp-caption aligncenter\"><img decoding=\"async\" class=\"size-funzine-large wp-image-620421\" src=\"https:\/\/funzine.hu\/wp-content\/uploads\/2026\/02\/branch-1309402_1280-1200x900.jpg\" alt=\"\" width=\"850\" height=\"638\" srcset=\"https:\/\/funzine.hu\/wp-content\/uploads\/2026\/02\/branch-1309402_1280-1200x900.jpg 1200w, https:\/\/funzine.hu\/wp-content\/uploads\/2026\/02\/branch-1309402_1280-300x225.jpg 300w, https:\/\/funzine.hu\/wp-content\/uploads\/2026\/02\/branch-1309402_1280-1024x768.jpg 1024w, https:\/\/funzine.hu\/wp-content\/uploads\/2026\/02\/branch-1309402_1280-768x576.jpg 768w, https:\/\/funzine.hu\/wp-content\/uploads\/2026\/02\/branch-1309402_1280-500x375.jpg 500w, https:\/\/funzine.hu\/wp-content\/uploads\/2026\/02\/branch-1309402_1280.jpg 1280w\" sizes=\"(max-width: 850px) 100vw, 850px\" \/><figcaption id=\"caption-attachment-620421\" class=\"wp-caption-text\">ilustracija &#8211; pixabay.com<\/figcaption><\/figure>\n<p>Ni naklju\u010dje, da je D\u00f6m\u00f6s ena najbolj priljubljenih pohodni\u0161kih destinacij v ovinku Donave. Bli\u017enja soteska R\u00e1m, Pr\u00e9dik\u00e1l\u00f3sz\u00e9k, kamni Vad\u00e1ll\u00f3 in pro\u0161t D\u00f6m\u00f6s so vse destinacije, ki jih ljubitelji pohodni\u0161tva ne smejo zamuditi.<\/p>\n<p>Vendar pa se vam ni treba vzpenjati po strmih pe\u010dinah, da bi se zna\u0161li v ble\u0161\u010de\u010dem zimskem ledenem svetu. Z va\u0161ke postaje za \u010dolne lahko u\u017eivate v \u010darobni panorami, ki iz\u017eareva neprimerljiv mir.<\/p>\n<p>Nasprotni Szent Mih\u00e1ly-hegy je videti, kot da bi ga posuli s sladkorjem v prahu, medtem ko so zunanje mize in klopi, ki so poleti \u017eivahne, zdaj prekrite z debelo plastjo snega. Razgled je \u0161e bolj nepozaben zaradi plavajo\u010dih ledenih plo\u0161\u010d na Donavi.<\/p>\n<p>Tukaj vas nih\u010de ne bo priganjal: lahko ostanete, kolikor dolgo \u017eelite. Sprehajajte se ob re\u010dnem bregu, dokler se vam zdi prijetno, in u\u017eivajte v veli\u010dastnem miru in osve\u017eujo\u010dem zraku tega kraja!<\/p>\n","protected":false},"excerpt":{"rendered":"<p>\u010ce se \u017eelite umakniti od hrupa prestolnice, se usedite v avto ali se vkrcajte na javni prevoz, saj<\/p>\n","protected":false},"author":391,"featured_media":620421,"comment_status":"closed","ping_status":"closed","sticky":false,"template":"","format":"standard","meta":{"_acf_changed":false,"wprm-recipe-roundup-name":"","wprm-recipe-roundup-description":"","ngg_post_thumbnail":0,"footnotes":""},"categories":[14345],"tags":[],"post_places":[],"class_list":["post-620420","post","type-post","status-publish","format-standard","has-post-thumbnail","hentry","category-potovanje"],"acf":{"connected_places":"","del_image":""},"yoast_head":"<!-- This site is optimized with the Yoast SEO plugin v27.2 - https:\/\/yoast.com\/product\/yoast-seo-wordpress\/ -->\n<title>Zimski sprehod po zmrznjenem ovinku Donave, kjer se zdi, kot da se je celo \u010das ustavil<\/title>\n<meta name=\"robots\" content=\"index, follow, max-snippet:-1, max-image-preview:large, max-video-preview:-1\" \/>\n<link rel=\"canonical\" href=\"https:\/\/funzine.hu\/sl\/2026\/02\/03\/potovanje\/zimski-sprehod-po-zmrznjenem-ovinku-donave-kjer-se-zdi-kot-da-se-je-celo-cas-ustavil\/\" \/>\n<meta property=\"og:locale\" content=\"sl_SI\" \/>\n<meta property=\"og:type\" content=\"article\" \/>\n<meta property=\"og:title\" content=\"Zimski sprehod po zmrznjenem ovinku Donave, kjer se zdi, kot da se je celo \u010das ustavil\" \/>\n<meta property=\"og:description\" content=\"\u010ce se \u017eelite umakniti od hrupa prestolnice, se usedite v avto ali se vkrcajte na javni prevoz, saj\" \/>\n<meta property=\"og:url\" content=\"https:\/\/funzine.hu\/sl\/2026\/02\/03\/potovanje\/zimski-sprehod-po-zmrznjenem-ovinku-donave-kjer-se-zdi-kot-da-se-je-celo-cas-ustavil\/\" \/>\n<meta property=\"og:site_name\" content=\"Funzine\" \/>\n<meta property=\"article:publisher\" content=\"https:\/\/www.facebook.com\/funzine\/\" \/>\n<meta property=\"article:published_time\" content=\"2026-02-03T15:09:17+00:00\" \/>\n<meta property=\"og:image\" content=\"https:\/\/funzine.hu\/wp-content\/uploads\/2026\/02\/branch-1309402_1280.jpg\" \/>\n\t<meta property=\"og:image:width\" content=\"1280\" \/>\n\t<meta property=\"og:image:height\" content=\"960\" \/>\n\t<meta property=\"og:image:type\" content=\"image\/jpeg\" \/>\n<meta name=\"author\" content=\"Bodn\u00e1r Zsuzsa\" \/>\n<meta name=\"twitter:card\" content=\"summary_large_image\" \/>\n<meta name=\"twitter:creator\" content=\"@funzine\" \/>\n<meta name=\"twitter:site\" content=\"@funzine\" \/>\n<meta name=\"twitter:label1\" content=\"Written by\" \/>\n\t<meta name=\"twitter:data1\" content=\"Bodn\u00e1r Zsuzsa\" \/>\n\t<meta name=\"twitter:label2\" content=\"Est. reading time\" \/>\n\t<meta name=\"twitter:data2\" content=\"2 minuti\" \/>\n<script type=\"application\/ld+json\" class=\"yoast-schema-graph\">{\"@context\":\"https:\/\/schema.org\",\"@graph\":[{\"@type\":\"NewsArticle\",\"@id\":\"https:\/\/funzine.hu\/sl\/2026\/02\/03\/potovanje\/zimski-sprehod-po-zmrznjenem-ovinku-donave-kjer-se-zdi-kot-da-se-je-celo-cas-ustavil\/#article\",\"isPartOf\":{\"@id\":\"https:\/\/funzine.hu\/sl\/2026\/02\/03\/potovanje\/zimski-sprehod-po-zmrznjenem-ovinku-donave-kjer-se-zdi-kot-da-se-je-celo-cas-ustavil\/\"},\"author\":{\"name\":\"Bodn\u00e1r Zsuzsa\",\"@id\":\"https:\/\/funzine.hu\/#\/schema\/person\/f3864a88f41183e8c3af70534ac28bb4\"},\"headline\":\"Zimski sprehod po zmrznjenem ovinku Donave, kjer se zdi, kot da se je celo \u010das ustavil\",\"datePublished\":\"2026-02-03T15:09:17+00:00\",\"mainEntityOfPage\":{\"@id\":\"https:\/\/funzine.hu\/sl\/2026\/02\/03\/potovanje\/zimski-sprehod-po-zmrznjenem-ovinku-donave-kjer-se-zdi-kot-da-se-je-celo-cas-ustavil\/\"},\"wordCount\":237,\"image\":{\"@id\":\"https:\/\/funzine.hu\/sl\/2026\/02\/03\/potovanje\/zimski-sprehod-po-zmrznjenem-ovinku-donave-kjer-se-zdi-kot-da-se-je-celo-cas-ustavil\/#primaryimage\"},\"thumbnailUrl\":\"https:\/\/funzine.hu\/wp-content\/uploads\/2026\/02\/branch-1309402_1280.jpg\",\"articleSection\":[\"Potovanje\"],\"inLanguage\":\"sl-SI\"},{\"@type\":\"WebPage\",\"@id\":\"https:\/\/funzine.hu\/sl\/2026\/02\/03\/potovanje\/zimski-sprehod-po-zmrznjenem-ovinku-donave-kjer-se-zdi-kot-da-se-je-celo-cas-ustavil\/\",\"url\":\"https:\/\/funzine.hu\/sl\/2026\/02\/03\/potovanje\/zimski-sprehod-po-zmrznjenem-ovinku-donave-kjer-se-zdi-kot-da-se-je-celo-cas-ustavil\/\",\"name\":\"Zimski sprehod po zmrznjenem ovinku Donave, kjer se zdi, kot da se je celo \u010das ustavil\",\"isPartOf\":{\"@id\":\"https:\/\/funzine.hu\/#website\"},\"primaryImageOfPage\":{\"@id\":\"https:\/\/funzine.hu\/sl\/2026\/02\/03\/potovanje\/zimski-sprehod-po-zmrznjenem-ovinku-donave-kjer-se-zdi-kot-da-se-je-celo-cas-ustavil\/#primaryimage\"},\"image\":{\"@id\":\"https:\/\/funzine.hu\/sl\/2026\/02\/03\/potovanje\/zimski-sprehod-po-zmrznjenem-ovinku-donave-kjer-se-zdi-kot-da-se-je-celo-cas-ustavil\/#primaryimage\"},\"thumbnailUrl\":\"https:\/\/funzine.hu\/wp-content\/uploads\/2026\/02\/branch-1309402_1280.jpg\",\"datePublished\":\"2026-02-03T15:09:17+00:00\",\"author\":{\"@id\":\"https:\/\/funzine.hu\/#\/schema\/person\/f3864a88f41183e8c3af70534ac28bb4\"},\"breadcrumb\":{\"@id\":\"https:\/\/funzine.hu\/sl\/2026\/02\/03\/potovanje\/zimski-sprehod-po-zmrznjenem-ovinku-donave-kjer-se-zdi-kot-da-se-je-celo-cas-ustavil\/#breadcrumb\"},\"inLanguage\":\"sl-SI\",\"potentialAction\":[{\"@type\":\"ReadAction\",\"target\":[\"https:\/\/funzine.hu\/sl\/2026\/02\/03\/potovanje\/zimski-sprehod-po-zmrznjenem-ovinku-donave-kjer-se-zdi-kot-da-se-je-celo-cas-ustavil\/\"]}]},{\"@type\":\"ImageObject\",\"inLanguage\":\"sl-SI\",\"@id\":\"https:\/\/funzine.hu\/sl\/2026\/02\/03\/potovanje\/zimski-sprehod-po-zmrznjenem-ovinku-donave-kjer-se-zdi-kot-da-se-je-celo-cas-ustavil\/#primaryimage\",\"url\":\"https:\/\/funzine.hu\/wp-content\/uploads\/2026\/02\/branch-1309402_1280.jpg\",\"contentUrl\":\"https:\/\/funzine.hu\/wp-content\/uploads\/2026\/02\/branch-1309402_1280.jpg\",\"width\":1280,\"height\":960,\"caption\":\"ilustracija - pixabay.com\"},{\"@type\":\"BreadcrumbList\",\"@id\":\"https:\/\/funzine.hu\/sl\/2026\/02\/03\/potovanje\/zimski-sprehod-po-zmrznjenem-ovinku-donave-kjer-se-zdi-kot-da-se-je-celo-cas-ustavil\/#breadcrumb\",\"itemListElement\":[{\"@type\":\"ListItem\",\"position\":1,\"name\":\"Home\",\"item\":\"https:\/\/funzine.hu\/sl\/\"},{\"@type\":\"ListItem\",\"position\":2,\"name\":\"Zimski sprehod po zmrznjenem ovinku Donave, kjer se zdi, kot da se je celo \u010das ustavil\"}]},{\"@type\":\"WebSite\",\"@id\":\"https:\/\/funzine.hu\/#website\",\"url\":\"https:\/\/funzine.hu\/\",\"name\":\"Funzine\",\"description\":\"\",\"potentialAction\":[{\"@type\":\"SearchAction\",\"target\":{\"@type\":\"EntryPoint\",\"urlTemplate\":\"https:\/\/funzine.hu\/?s={search_term_string}\"},\"query-input\":{\"@type\":\"PropertyValueSpecification\",\"valueRequired\":true,\"valueName\":\"search_term_string\"}}],\"inLanguage\":\"sl-SI\"},{\"@type\":\"Person\",\"@id\":\"https:\/\/funzine.hu\/#\/schema\/person\/f3864a88f41183e8c3af70534ac28bb4\",\"name\":\"Bodn\u00e1r Zsuzsa\",\"image\":{\"@type\":\"ImageObject\",\"inLanguage\":\"sl-SI\",\"@id\":\"https:\/\/secure.gravatar.com\/avatar\/3dac04a042bfb0c015d0f893ef5eb9cca9d966bb5795039862dafd8d2ab5d410?s=96&d=mm&r=g\",\"url\":\"https:\/\/secure.gravatar.com\/avatar\/3dac04a042bfb0c015d0f893ef5eb9cca9d966bb5795039862dafd8d2ab5d410?s=96&d=mm&r=g\",\"contentUrl\":\"https:\/\/secure.gravatar.com\/avatar\/3dac04a042bfb0c015d0f893ef5eb9cca9d966bb5795039862dafd8d2ab5d410?s=96&d=mm&r=g\",\"caption\":\"Bodn\u00e1r Zsuzsa\"},\"url\":\"https:\/\/funzine.hu\/sl\/author\/bodnar-zsuzsa-1984\/\"}]}<\/script>\n<!-- \/ Yoast SEO plugin. -->","yoast_head_json":{"title":"Zimski sprehod po zmrznjenem ovinku Donave, kjer se zdi, kot da se je celo \u010das ustavil","robots":{"index":"index","follow":"follow","max-snippet":"max-snippet:-1","max-image-preview":"max-image-preview:large","max-video-preview":"max-video-preview:-1"},"canonical":"https:\/\/funzine.hu\/sl\/2026\/02\/03\/potovanje\/zimski-sprehod-po-zmrznjenem-ovinku-donave-kjer-se-zdi-kot-da-se-je-celo-cas-ustavil\/","og_locale":"sl_SI","og_type":"article","og_title":"Zimski sprehod po zmrznjenem ovinku Donave, kjer se zdi, kot da se je celo \u010das ustavil","og_description":"\u010ce se \u017eelite umakniti od hrupa prestolnice, se usedite v avto ali se vkrcajte na javni prevoz, saj","og_url":"https:\/\/funzine.hu\/sl\/2026\/02\/03\/potovanje\/zimski-sprehod-po-zmrznjenem-ovinku-donave-kjer-se-zdi-kot-da-se-je-celo-cas-ustavil\/","og_site_name":"Funzine","article_publisher":"https:\/\/www.facebook.com\/funzine\/","article_published_time":"2026-02-03T15:09:17+00:00","og_image":[{"width":1280,"height":960,"url":"https:\/\/funzine.hu\/wp-content\/uploads\/2026\/02\/branch-1309402_1280.jpg","type":"image\/jpeg"}],"author":"Bodn\u00e1r Zsuzsa","twitter_card":"summary_large_image","twitter_creator":"@funzine","twitter_site":"@funzine","twitter_misc":{"Written by":"Bodn\u00e1r Zsuzsa","Est. reading time":"2 minuti"},"schema":{"@context":"https:\/\/schema.org","@graph":[{"@type":"NewsArticle","@id":"https:\/\/funzine.hu\/sl\/2026\/02\/03\/potovanje\/zimski-sprehod-po-zmrznjenem-ovinku-donave-kjer-se-zdi-kot-da-se-je-celo-cas-ustavil\/#article","isPartOf":{"@id":"https:\/\/funzine.hu\/sl\/2026\/02\/03\/potovanje\/zimski-sprehod-po-zmrznjenem-ovinku-donave-kjer-se-zdi-kot-da-se-je-celo-cas-ustavil\/"},"author":{"name":"Bodn\u00e1r Zsuzsa","@id":"https:\/\/funzine.hu\/#\/schema\/person\/f3864a88f41183e8c3af70534ac28bb4"},"headline":"Zimski sprehod po zmrznjenem ovinku Donave, kjer se zdi, kot da se je celo \u010das ustavil","datePublished":"2026-02-03T15:09:17+00:00","mainEntityOfPage":{"@id":"https:\/\/funzine.hu\/sl\/2026\/02\/03\/potovanje\/zimski-sprehod-po-zmrznjenem-ovinku-donave-kjer-se-zdi-kot-da-se-je-celo-cas-ustavil\/"},"wordCount":237,"image":{"@id":"https:\/\/funzine.hu\/sl\/2026\/02\/03\/potovanje\/zimski-sprehod-po-zmrznjenem-ovinku-donave-kjer-se-zdi-kot-da-se-je-celo-cas-ustavil\/#primaryimage"},"thumbnailUrl":"https:\/\/funzine.hu\/wp-content\/uploads\/2026\/02\/branch-1309402_1280.jpg","articleSection":["Potovanje"],"inLanguage":"sl-SI"},{"@type":"WebPage","@id":"https:\/\/funzine.hu\/sl\/2026\/02\/03\/potovanje\/zimski-sprehod-po-zmrznjenem-ovinku-donave-kjer-se-zdi-kot-da-se-je-celo-cas-ustavil\/","url":"https:\/\/funzine.hu\/sl\/2026\/02\/03\/potovanje\/zimski-sprehod-po-zmrznjenem-ovinku-donave-kjer-se-zdi-kot-da-se-je-celo-cas-ustavil\/","name":"Zimski sprehod po zmrznjenem ovinku Donave, kjer se zdi, kot da se je celo \u010das ustavil","isPartOf":{"@id":"https:\/\/funzine.hu\/#website"},"primaryImageOfPage":{"@id":"https:\/\/funzine.hu\/sl\/2026\/02\/03\/potovanje\/zimski-sprehod-po-zmrznjenem-ovinku-donave-kjer-se-zdi-kot-da-se-je-celo-cas-ustavil\/#primaryimage"},"image":{"@id":"https:\/\/funzine.hu\/sl\/2026\/02\/03\/potovanje\/zimski-sprehod-po-zmrznjenem-ovinku-donave-kjer-se-zdi-kot-da-se-je-celo-cas-ustavil\/#primaryimage"},"thumbnailUrl":"https:\/\/funzine.hu\/wp-content\/uploads\/2026\/02\/branch-1309402_1280.jpg","datePublished":"2026-02-03T15:09:17+00:00","author":{"@id":"https:\/\/funzine.hu\/#\/schema\/person\/f3864a88f41183e8c3af70534ac28bb4"},"breadcrumb":{"@id":"https:\/\/funzine.hu\/sl\/2026\/02\/03\/potovanje\/zimski-sprehod-po-zmrznjenem-ovinku-donave-kjer-se-zdi-kot-da-se-je-celo-cas-ustavil\/#breadcrumb"},"inLanguage":"sl-SI","potentialAction":[{"@type":"ReadAction","target":["https:\/\/funzine.hu\/sl\/2026\/02\/03\/potovanje\/zimski-sprehod-po-zmrznjenem-ovinku-donave-kjer-se-zdi-kot-da-se-je-celo-cas-ustavil\/"]}]},{"@type":"ImageObject","inLanguage":"sl-SI","@id":"https:\/\/funzine.hu\/sl\/2026\/02\/03\/potovanje\/zimski-sprehod-po-zmrznjenem-ovinku-donave-kjer-se-zdi-kot-da-se-je-celo-cas-ustavil\/#primaryimage","url":"https:\/\/funzine.hu\/wp-content\/uploads\/2026\/02\/branch-1309402_1280.jpg","contentUrl":"https:\/\/funzine.hu\/wp-content\/uploads\/2026\/02\/branch-1309402_1280.jpg","width":1280,"height":960,"caption":"ilustracija - pixabay.com"},{"@type":"BreadcrumbList","@id":"https:\/\/funzine.hu\/sl\/2026\/02\/03\/potovanje\/zimski-sprehod-po-zmrznjenem-ovinku-donave-kjer-se-zdi-kot-da-se-je-celo-cas-ustavil\/#breadcrumb","itemListElement":[{"@type":"ListItem","position":1,"name":"Home","item":"https:\/\/funzine.hu\/sl\/"},{"@type":"ListItem","position":2,"name":"Zimski sprehod po zmrznjenem ovinku Donave, kjer se zdi, kot da se je celo \u010das ustavil"}]},{"@type":"WebSite","@id":"https:\/\/funzine.hu\/#website","url":"https:\/\/funzine.hu\/","name":"Funzine","description":"","potentialAction":[{"@type":"SearchAction","target":{"@type":"EntryPoint","urlTemplate":"https:\/\/funzine.hu\/?s={search_term_string}"},"query-input":{"@type":"PropertyValueSpecification","valueRequired":true,"valueName":"search_term_string"}}],"inLanguage":"sl-SI"},{"@type":"Person","@id":"https:\/\/funzine.hu\/#\/schema\/person\/f3864a88f41183e8c3af70534ac28bb4","name":"Bodn\u00e1r Zsuzsa","image":{"@type":"ImageObject","inLanguage":"sl-SI","@id":"https:\/\/secure.gravatar.com\/avatar\/3dac04a042bfb0c015d0f893ef5eb9cca9d966bb5795039862dafd8d2ab5d410?s=96&d=mm&r=g","url":"https:\/\/secure.gravatar.com\/avatar\/3dac04a042bfb0c015d0f893ef5eb9cca9d966bb5795039862dafd8d2ab5d410?s=96&d=mm&r=g","contentUrl":"https:\/\/secure.gravatar.com\/avatar\/3dac04a042bfb0c015d0f893ef5eb9cca9d966bb5795039862dafd8d2ab5d410?s=96&d=mm&r=g","caption":"Bodn\u00e1r Zsuzsa"},"url":"https:\/\/funzine.hu\/sl\/author\/bodnar-zsuzsa-1984\/"}]}},"amp_enabled":true,"_links":{"self":[{"href":"https:\/\/funzine.hu\/sl\/wp-json\/wp\/v2\/posts\/620420","targetHints":{"allow":["GET"]}}],"collection":[{"href":"https:\/\/funzine.hu\/sl\/wp-json\/wp\/v2\/posts"}],"about":[{"href":"https:\/\/funzine.hu\/sl\/wp-json\/wp\/v2\/types\/post"}],"author":[{"embeddable":true,"href":"https:\/\/funzine.hu\/sl\/wp-json\/wp\/v2\/users\/391"}],"replies":[{"embeddable":true,"href":"https:\/\/funzine.hu\/sl\/wp-json\/wp\/v2\/comments?post=620420"}],"version-history":[{"count":1,"href":"https:\/\/funzine.hu\/sl\/wp-json\/wp\/v2\/posts\/620420\/revisions"}],"predecessor-version":[{"id":620422,"href":"https:\/\/funzine.hu\/sl\/wp-json\/wp\/v2\/posts\/620420\/revisions\/620422"}],"wp:featuredmedia":[{"embeddable":true,"href":"https:\/\/funzine.hu\/sl\/wp-json\/wp\/v2\/media\/620421"}],"wp:attachment":[{"href":"https:\/\/funzine.hu\/sl\/wp-json\/wp\/v2\/media?parent=620420"}],"wp:term":[{"taxonomy":"category","embeddable":true,"href":"https:\/\/funzine.hu\/sl\/wp-json\/wp\/v2\/categories?post=620420"},{"taxonomy":"post_tag","embeddable":true,"href":"https:\/\/funzine.hu\/sl\/wp-json\/wp\/v2\/tags?post=620420"},{"taxonomy":"post_places","embeddable":true,"href":"https:\/\/funzine.hu\/sl\/wp-json\/wp\/v2\/post_places?post=620420"}],"curies":[{"name":"wp","href":"https:\/\/api.w.org\/{rel}","templated":true}]}}