{"id":620189,"date":"2026-01-30T12:22:20","date_gmt":"2026-01-30T11:22:20","guid":{"rendered":"https:\/\/funzine.hu\/?p=620189"},"modified":"2026-01-30T12:22:20","modified_gmt":"2026-01-30T11:22:20","slug":"letos-bo-dan-vodenih-sprehodov-s-popusti-potekal-v-budimpesti","status":"publish","type":"post","link":"https:\/\/funzine.hu\/sl\/2026\/01\/30\/potovanje\/letos-bo-dan-vodenih-sprehodov-s-popusti-potekal-v-budimpesti\/","title":{"rendered":"Letos bo dan vodenih sprehodov s popusti potekal v Budimpe\u0161ti"},"content":{"rendered":"<p>\u010ce zapustite svoje udobno zimsko gnezdo, lahko postanete del odli\u010dnega programa v prestolnici, saj bo tudi letos potekal Veliki zimski dan sprehodov. Med vodenimi ogledi je ve\u010d povsem edinstvenih prilo\u017enosti \u2013 \u0161koda bi bilo, da jih ne bi izkoristili!<\/p>\n<figure id=\"attachment_620190\" aria-describedby=\"caption-attachment-620190\" style=\"width: 850px\" class=\"wp-caption aligncenter\"><img decoding=\"async\" class=\"size-funzine-large wp-image-620190\" src=\"https:\/\/funzine.hu\/wp-content\/uploads\/2026\/01\/parliament-3349198_1280-1200x756.png\" alt=\"\" width=\"850\" height=\"536\" srcset=\"https:\/\/funzine.hu\/wp-content\/uploads\/2026\/01\/parliament-3349198_1280-1200x756.png 1200w, https:\/\/funzine.hu\/wp-content\/uploads\/2026\/01\/parliament-3349198_1280-300x189.png 300w, https:\/\/funzine.hu\/wp-content\/uploads\/2026\/01\/parliament-3349198_1280-1024x645.png 1024w, https:\/\/funzine.hu\/wp-content\/uploads\/2026\/01\/parliament-3349198_1280-768x484.png 768w, https:\/\/funzine.hu\/wp-content\/uploads\/2026\/01\/parliament-3349198_1280.png 1280w\" sizes=\"(max-width: 850px) 100vw, 850px\" \/><figcaption id=\"caption-attachment-620190\" class=\"wp-caption-text\">ilustracija &#8211; pixabay.com<\/figcaption><\/figure>\n<p>Zaslu\u017eeno priljubljen program ekipe Korz\u00f3zz Vel\u00fcnk!, Veliki zimski dan sprehodov, letos vabi vse v prestolnici, mlade in stare, na sprehod. Dogodek, ki ga pripravljajo dvakrat, bo 31. januarja in 1. februarja s kratkimi 60-minutnimi sprehodi tihotapil vznemirjenje v zimske dni.<\/p>\n<p>Med Velikimi zimskimi dnevi sprehodov se bodo na razli\u010dnih to\u010dkah mesta od 10. do 15. ure vzporedno za\u010deli enourni vodeni sprehodi po stavbah \u2013 kratek \u010das je kot nala\u0161\u010d za starej\u0161e, tiste, ki se \u017eelijo sprostiti z otroki, ali celo tiste, ki se \u0161e niso udele\u017eili podobnega programa.<\/p>\n<p>31. januarja bodo glavno vlogo igrale pala\u010de: med drugim si lahko ogledate dvorce na aveniji Andr\u00e1ssy, Schifferjevo vilo, ki velja za skriti zaklad, in legendarne pala\u010de K\u00e1rolyi, Wenckheim in New York. Prvi februarski dan lahko pokukate v skrivnosti prestolni\u0161kih cerkva: poleg razko\u0161nih budimpe\u0161tanskih sinagog in bazilike si lahko ogledate zapu\u0161\u010deno molilnico slova\u0161kih evangeli\u010danov, izveste pa lahko tudi, katera je najstarej\u0161a kapela v mestu.<\/p>\n<p>Vstopnico za Veliki zimski pohodni dan lahko kupite po enotni ceni 4200 HUF. Za ve\u010d informacij o lokacijah in \u010dasih kliknite tukaj na spletni strani dogodka.<\/p>\n","protected":false},"excerpt":{"rendered":"<p>\u010ce zapustite svoje udobno zimsko gnezdo, lahko postanete del odli\u010dnega programa v prestolnici, saj<\/p>\n","protected":false},"author":391,"featured_media":620190,"comment_status":"closed","ping_status":"closed","sticky":false,"template":"","format":"standard","meta":{"_acf_changed":false,"wprm-recipe-roundup-name":"","wprm-recipe-roundup-description":"","ngg_post_thumbnail":0,"footnotes":""},"categories":[14345],"tags":[],"post_places":[],"class_list":["post-620189","post","type-post","status-publish","format-standard","has-post-thumbnail","hentry","category-potovanje"],"acf":{"connected_places":"","del_image":""},"yoast_head":"<!-- This site is optimized with the Yoast SEO plugin v27.2 - https:\/\/yoast.com\/product\/yoast-seo-wordpress\/ -->\n<title>Letos bo dan vodenih sprehodov s popusti potekal v Budimpe\u0161ti<\/title>\n<meta name=\"robots\" content=\"index, follow, max-snippet:-1, max-image-preview:large, max-video-preview:-1\" \/>\n<link rel=\"canonical\" href=\"https:\/\/funzine.hu\/sl\/2026\/01\/30\/potovanje\/letos-bo-dan-vodenih-sprehodov-s-popusti-potekal-v-budimpesti\/\" \/>\n<meta property=\"og:locale\" content=\"sl_SI\" \/>\n<meta property=\"og:type\" content=\"article\" \/>\n<meta property=\"og:title\" content=\"Letos bo dan vodenih sprehodov s popusti potekal v Budimpe\u0161ti\" \/>\n<meta property=\"og:description\" content=\"\u010ce zapustite svoje udobno zimsko gnezdo, lahko postanete del odli\u010dnega programa v prestolnici, saj\" \/>\n<meta property=\"og:url\" content=\"https:\/\/funzine.hu\/sl\/2026\/01\/30\/potovanje\/letos-bo-dan-vodenih-sprehodov-s-popusti-potekal-v-budimpesti\/\" \/>\n<meta property=\"og:site_name\" content=\"Funzine\" \/>\n<meta property=\"article:publisher\" content=\"https:\/\/www.facebook.com\/funzine\/\" \/>\n<meta property=\"article:published_time\" content=\"2026-01-30T11:22:20+00:00\" \/>\n<meta property=\"og:image\" content=\"https:\/\/funzine.hu\/wp-content\/uploads\/2026\/01\/parliament-3349198_1280.png\" \/>\n\t<meta property=\"og:image:width\" content=\"1280\" \/>\n\t<meta property=\"og:image:height\" content=\"806\" \/>\n\t<meta property=\"og:image:type\" content=\"image\/png\" \/>\n<meta name=\"author\" content=\"Bodn\u00e1r Zsuzsa\" \/>\n<meta name=\"twitter:card\" content=\"summary_large_image\" \/>\n<meta name=\"twitter:creator\" content=\"@funzine\" \/>\n<meta name=\"twitter:site\" content=\"@funzine\" \/>\n<meta name=\"twitter:label1\" content=\"Written by\" \/>\n\t<meta name=\"twitter:data1\" content=\"Bodn\u00e1r Zsuzsa\" \/>\n\t<meta name=\"twitter:label2\" content=\"Est. reading time\" \/>\n\t<meta name=\"twitter:data2\" content=\"2 minuti\" \/>\n<script type=\"application\/ld+json\" class=\"yoast-schema-graph\">{\"@context\":\"https:\/\/schema.org\",\"@graph\":[{\"@type\":\"NewsArticle\",\"@id\":\"https:\/\/funzine.hu\/sl\/2026\/01\/30\/potovanje\/letos-bo-dan-vodenih-sprehodov-s-popusti-potekal-v-budimpesti\/#article\",\"isPartOf\":{\"@id\":\"https:\/\/funzine.hu\/sl\/2026\/01\/30\/potovanje\/letos-bo-dan-vodenih-sprehodov-s-popusti-potekal-v-budimpesti\/\"},\"author\":{\"name\":\"Bodn\u00e1r Zsuzsa\",\"@id\":\"https:\/\/funzine.hu\/#\/schema\/person\/f3864a88f41183e8c3af70534ac28bb4\"},\"headline\":\"Letos bo dan vodenih sprehodov s popusti potekal v Budimpe\u0161ti\",\"datePublished\":\"2026-01-30T11:22:20+00:00\",\"mainEntityOfPage\":{\"@id\":\"https:\/\/funzine.hu\/sl\/2026\/01\/30\/potovanje\/letos-bo-dan-vodenih-sprehodov-s-popusti-potekal-v-budimpesti\/\"},\"wordCount\":251,\"image\":{\"@id\":\"https:\/\/funzine.hu\/sl\/2026\/01\/30\/potovanje\/letos-bo-dan-vodenih-sprehodov-s-popusti-potekal-v-budimpesti\/#primaryimage\"},\"thumbnailUrl\":\"https:\/\/funzine.hu\/wp-content\/uploads\/2026\/01\/parliament-3349198_1280.png\",\"articleSection\":[\"Potovanje\"],\"inLanguage\":\"sl-SI\"},{\"@type\":\"WebPage\",\"@id\":\"https:\/\/funzine.hu\/sl\/2026\/01\/30\/potovanje\/letos-bo-dan-vodenih-sprehodov-s-popusti-potekal-v-budimpesti\/\",\"url\":\"https:\/\/funzine.hu\/sl\/2026\/01\/30\/potovanje\/letos-bo-dan-vodenih-sprehodov-s-popusti-potekal-v-budimpesti\/\",\"name\":\"Letos bo dan vodenih sprehodov s popusti potekal v Budimpe\u0161ti\",\"isPartOf\":{\"@id\":\"https:\/\/funzine.hu\/#website\"},\"primaryImageOfPage\":{\"@id\":\"https:\/\/funzine.hu\/sl\/2026\/01\/30\/potovanje\/letos-bo-dan-vodenih-sprehodov-s-popusti-potekal-v-budimpesti\/#primaryimage\"},\"image\":{\"@id\":\"https:\/\/funzine.hu\/sl\/2026\/01\/30\/potovanje\/letos-bo-dan-vodenih-sprehodov-s-popusti-potekal-v-budimpesti\/#primaryimage\"},\"thumbnailUrl\":\"https:\/\/funzine.hu\/wp-content\/uploads\/2026\/01\/parliament-3349198_1280.png\",\"datePublished\":\"2026-01-30T11:22:20+00:00\",\"author\":{\"@id\":\"https:\/\/funzine.hu\/#\/schema\/person\/f3864a88f41183e8c3af70534ac28bb4\"},\"breadcrumb\":{\"@id\":\"https:\/\/funzine.hu\/sl\/2026\/01\/30\/potovanje\/letos-bo-dan-vodenih-sprehodov-s-popusti-potekal-v-budimpesti\/#breadcrumb\"},\"inLanguage\":\"sl-SI\",\"potentialAction\":[{\"@type\":\"ReadAction\",\"target\":[\"https:\/\/funzine.hu\/sl\/2026\/01\/30\/potovanje\/letos-bo-dan-vodenih-sprehodov-s-popusti-potekal-v-budimpesti\/\"]}]},{\"@type\":\"ImageObject\",\"inLanguage\":\"sl-SI\",\"@id\":\"https:\/\/funzine.hu\/sl\/2026\/01\/30\/potovanje\/letos-bo-dan-vodenih-sprehodov-s-popusti-potekal-v-budimpesti\/#primaryimage\",\"url\":\"https:\/\/funzine.hu\/wp-content\/uploads\/2026\/01\/parliament-3349198_1280.png\",\"contentUrl\":\"https:\/\/funzine.hu\/wp-content\/uploads\/2026\/01\/parliament-3349198_1280.png\",\"width\":1280,\"height\":806,\"caption\":\"ilustracija - pixabay.com\"},{\"@type\":\"BreadcrumbList\",\"@id\":\"https:\/\/funzine.hu\/sl\/2026\/01\/30\/potovanje\/letos-bo-dan-vodenih-sprehodov-s-popusti-potekal-v-budimpesti\/#breadcrumb\",\"itemListElement\":[{\"@type\":\"ListItem\",\"position\":1,\"name\":\"Home\",\"item\":\"https:\/\/funzine.hu\/sl\/\"},{\"@type\":\"ListItem\",\"position\":2,\"name\":\"Letos bo dan vodenih sprehodov s popusti potekal v Budimpe\u0161ti\"}]},{\"@type\":\"WebSite\",\"@id\":\"https:\/\/funzine.hu\/#website\",\"url\":\"https:\/\/funzine.hu\/\",\"name\":\"Funzine\",\"description\":\"\",\"potentialAction\":[{\"@type\":\"SearchAction\",\"target\":{\"@type\":\"EntryPoint\",\"urlTemplate\":\"https:\/\/funzine.hu\/?s={search_term_string}\"},\"query-input\":{\"@type\":\"PropertyValueSpecification\",\"valueRequired\":true,\"valueName\":\"search_term_string\"}}],\"inLanguage\":\"sl-SI\"},{\"@type\":\"Person\",\"@id\":\"https:\/\/funzine.hu\/#\/schema\/person\/f3864a88f41183e8c3af70534ac28bb4\",\"name\":\"Bodn\u00e1r Zsuzsa\",\"image\":{\"@type\":\"ImageObject\",\"inLanguage\":\"sl-SI\",\"@id\":\"https:\/\/secure.gravatar.com\/avatar\/3dac04a042bfb0c015d0f893ef5eb9cca9d966bb5795039862dafd8d2ab5d410?s=96&d=mm&r=g\",\"url\":\"https:\/\/secure.gravatar.com\/avatar\/3dac04a042bfb0c015d0f893ef5eb9cca9d966bb5795039862dafd8d2ab5d410?s=96&d=mm&r=g\",\"contentUrl\":\"https:\/\/secure.gravatar.com\/avatar\/3dac04a042bfb0c015d0f893ef5eb9cca9d966bb5795039862dafd8d2ab5d410?s=96&d=mm&r=g\",\"caption\":\"Bodn\u00e1r Zsuzsa\"},\"url\":\"https:\/\/funzine.hu\/sl\/author\/bodnar-zsuzsa-1984\/\"}]}<\/script>\n<!-- \/ Yoast SEO plugin. -->","yoast_head_json":{"title":"Letos bo dan vodenih sprehodov s popusti potekal v Budimpe\u0161ti","robots":{"index":"index","follow":"follow","max-snippet":"max-snippet:-1","max-image-preview":"max-image-preview:large","max-video-preview":"max-video-preview:-1"},"canonical":"https:\/\/funzine.hu\/sl\/2026\/01\/30\/potovanje\/letos-bo-dan-vodenih-sprehodov-s-popusti-potekal-v-budimpesti\/","og_locale":"sl_SI","og_type":"article","og_title":"Letos bo dan vodenih sprehodov s popusti potekal v Budimpe\u0161ti","og_description":"\u010ce zapustite svoje udobno zimsko gnezdo, lahko postanete del odli\u010dnega programa v prestolnici, saj","og_url":"https:\/\/funzine.hu\/sl\/2026\/01\/30\/potovanje\/letos-bo-dan-vodenih-sprehodov-s-popusti-potekal-v-budimpesti\/","og_site_name":"Funzine","article_publisher":"https:\/\/www.facebook.com\/funzine\/","article_published_time":"2026-01-30T11:22:20+00:00","og_image":[{"width":1280,"height":806,"url":"https:\/\/funzine.hu\/wp-content\/uploads\/2026\/01\/parliament-3349198_1280.png","type":"image\/png"}],"author":"Bodn\u00e1r Zsuzsa","twitter_card":"summary_large_image","twitter_creator":"@funzine","twitter_site":"@funzine","twitter_misc":{"Written by":"Bodn\u00e1r Zsuzsa","Est. reading time":"2 minuti"},"schema":{"@context":"https:\/\/schema.org","@graph":[{"@type":"NewsArticle","@id":"https:\/\/funzine.hu\/sl\/2026\/01\/30\/potovanje\/letos-bo-dan-vodenih-sprehodov-s-popusti-potekal-v-budimpesti\/#article","isPartOf":{"@id":"https:\/\/funzine.hu\/sl\/2026\/01\/30\/potovanje\/letos-bo-dan-vodenih-sprehodov-s-popusti-potekal-v-budimpesti\/"},"author":{"name":"Bodn\u00e1r Zsuzsa","@id":"https:\/\/funzine.hu\/#\/schema\/person\/f3864a88f41183e8c3af70534ac28bb4"},"headline":"Letos bo dan vodenih sprehodov s popusti potekal v Budimpe\u0161ti","datePublished":"2026-01-30T11:22:20+00:00","mainEntityOfPage":{"@id":"https:\/\/funzine.hu\/sl\/2026\/01\/30\/potovanje\/letos-bo-dan-vodenih-sprehodov-s-popusti-potekal-v-budimpesti\/"},"wordCount":251,"image":{"@id":"https:\/\/funzine.hu\/sl\/2026\/01\/30\/potovanje\/letos-bo-dan-vodenih-sprehodov-s-popusti-potekal-v-budimpesti\/#primaryimage"},"thumbnailUrl":"https:\/\/funzine.hu\/wp-content\/uploads\/2026\/01\/parliament-3349198_1280.png","articleSection":["Potovanje"],"inLanguage":"sl-SI"},{"@type":"WebPage","@id":"https:\/\/funzine.hu\/sl\/2026\/01\/30\/potovanje\/letos-bo-dan-vodenih-sprehodov-s-popusti-potekal-v-budimpesti\/","url":"https:\/\/funzine.hu\/sl\/2026\/01\/30\/potovanje\/letos-bo-dan-vodenih-sprehodov-s-popusti-potekal-v-budimpesti\/","name":"Letos bo dan vodenih sprehodov s popusti potekal v Budimpe\u0161ti","isPartOf":{"@id":"https:\/\/funzine.hu\/#website"},"primaryImageOfPage":{"@id":"https:\/\/funzine.hu\/sl\/2026\/01\/30\/potovanje\/letos-bo-dan-vodenih-sprehodov-s-popusti-potekal-v-budimpesti\/#primaryimage"},"image":{"@id":"https:\/\/funzine.hu\/sl\/2026\/01\/30\/potovanje\/letos-bo-dan-vodenih-sprehodov-s-popusti-potekal-v-budimpesti\/#primaryimage"},"thumbnailUrl":"https:\/\/funzine.hu\/wp-content\/uploads\/2026\/01\/parliament-3349198_1280.png","datePublished":"2026-01-30T11:22:20+00:00","author":{"@id":"https:\/\/funzine.hu\/#\/schema\/person\/f3864a88f41183e8c3af70534ac28bb4"},"breadcrumb":{"@id":"https:\/\/funzine.hu\/sl\/2026\/01\/30\/potovanje\/letos-bo-dan-vodenih-sprehodov-s-popusti-potekal-v-budimpesti\/#breadcrumb"},"inLanguage":"sl-SI","potentialAction":[{"@type":"ReadAction","target":["https:\/\/funzine.hu\/sl\/2026\/01\/30\/potovanje\/letos-bo-dan-vodenih-sprehodov-s-popusti-potekal-v-budimpesti\/"]}]},{"@type":"ImageObject","inLanguage":"sl-SI","@id":"https:\/\/funzine.hu\/sl\/2026\/01\/30\/potovanje\/letos-bo-dan-vodenih-sprehodov-s-popusti-potekal-v-budimpesti\/#primaryimage","url":"https:\/\/funzine.hu\/wp-content\/uploads\/2026\/01\/parliament-3349198_1280.png","contentUrl":"https:\/\/funzine.hu\/wp-content\/uploads\/2026\/01\/parliament-3349198_1280.png","width":1280,"height":806,"caption":"ilustracija - pixabay.com"},{"@type":"BreadcrumbList","@id":"https:\/\/funzine.hu\/sl\/2026\/01\/30\/potovanje\/letos-bo-dan-vodenih-sprehodov-s-popusti-potekal-v-budimpesti\/#breadcrumb","itemListElement":[{"@type":"ListItem","position":1,"name":"Home","item":"https:\/\/funzine.hu\/sl\/"},{"@type":"ListItem","position":2,"name":"Letos bo dan vodenih sprehodov s popusti potekal v Budimpe\u0161ti"}]},{"@type":"WebSite","@id":"https:\/\/funzine.hu\/#website","url":"https:\/\/funzine.hu\/","name":"Funzine","description":"","potentialAction":[{"@type":"SearchAction","target":{"@type":"EntryPoint","urlTemplate":"https:\/\/funzine.hu\/?s={search_term_string}"},"query-input":{"@type":"PropertyValueSpecification","valueRequired":true,"valueName":"search_term_string"}}],"inLanguage":"sl-SI"},{"@type":"Person","@id":"https:\/\/funzine.hu\/#\/schema\/person\/f3864a88f41183e8c3af70534ac28bb4","name":"Bodn\u00e1r Zsuzsa","image":{"@type":"ImageObject","inLanguage":"sl-SI","@id":"https:\/\/secure.gravatar.com\/avatar\/3dac04a042bfb0c015d0f893ef5eb9cca9d966bb5795039862dafd8d2ab5d410?s=96&d=mm&r=g","url":"https:\/\/secure.gravatar.com\/avatar\/3dac04a042bfb0c015d0f893ef5eb9cca9d966bb5795039862dafd8d2ab5d410?s=96&d=mm&r=g","contentUrl":"https:\/\/secure.gravatar.com\/avatar\/3dac04a042bfb0c015d0f893ef5eb9cca9d966bb5795039862dafd8d2ab5d410?s=96&d=mm&r=g","caption":"Bodn\u00e1r Zsuzsa"},"url":"https:\/\/funzine.hu\/sl\/author\/bodnar-zsuzsa-1984\/"}]}},"amp_enabled":true,"_links":{"self":[{"href":"https:\/\/funzine.hu\/sl\/wp-json\/wp\/v2\/posts\/620189","targetHints":{"allow":["GET"]}}],"collection":[{"href":"https:\/\/funzine.hu\/sl\/wp-json\/wp\/v2\/posts"}],"about":[{"href":"https:\/\/funzine.hu\/sl\/wp-json\/wp\/v2\/types\/post"}],"author":[{"embeddable":true,"href":"https:\/\/funzine.hu\/sl\/wp-json\/wp\/v2\/users\/391"}],"replies":[{"embeddable":true,"href":"https:\/\/funzine.hu\/sl\/wp-json\/wp\/v2\/comments?post=620189"}],"version-history":[{"count":1,"href":"https:\/\/funzine.hu\/sl\/wp-json\/wp\/v2\/posts\/620189\/revisions"}],"predecessor-version":[{"id":620191,"href":"https:\/\/funzine.hu\/sl\/wp-json\/wp\/v2\/posts\/620189\/revisions\/620191"}],"wp:featuredmedia":[{"embeddable":true,"href":"https:\/\/funzine.hu\/sl\/wp-json\/wp\/v2\/media\/620190"}],"wp:attachment":[{"href":"https:\/\/funzine.hu\/sl\/wp-json\/wp\/v2\/media?parent=620189"}],"wp:term":[{"taxonomy":"category","embeddable":true,"href":"https:\/\/funzine.hu\/sl\/wp-json\/wp\/v2\/categories?post=620189"},{"taxonomy":"post_tag","embeddable":true,"href":"https:\/\/funzine.hu\/sl\/wp-json\/wp\/v2\/tags?post=620189"},{"taxonomy":"post_places","embeddable":true,"href":"https:\/\/funzine.hu\/sl\/wp-json\/wp\/v2\/post_places?post=620189"}],"curies":[{"name":"wp","href":"https:\/\/api.w.org\/{rel}","templated":true}]}}