{"id":619987,"date":"2026-01-28T16:14:24","date_gmt":"2026-01-28T15:14:24","guid":{"rendered":"https:\/\/funzine.hu\/?p=619987"},"modified":"2026-01-28T16:14:24","modified_gmt":"2026-01-28T15:14:24","slug":"srednjeveski-grad-na-vulkanskem-vrhu-vabi-na-nepozaben-zimski-sprehod","status":"publish","type":"post","link":"https:\/\/funzine.hu\/sl\/2026\/01\/28\/potovanje\/srednjeveski-grad-na-vulkanskem-vrhu-vabi-na-nepozaben-zimski-sprehod\/","title":{"rendered":"Srednjeve\u0161ki grad na vulkanskem vrhu vabi na nepozaben zimski sprehod"},"content":{"rendered":"<p>Severni del na\u0161e dr\u017eave je poln edinstvenih pohodni\u0161kih to\u010dk: grad Salg\u00f3 je le eden od krajev, ki jih je vredno obiskati pozimi.<\/p>\n<figure id=\"attachment_619989\" aria-describedby=\"caption-attachment-619989\" style=\"width: 850px\" class=\"wp-caption aligncenter\"><img decoding=\"async\" class=\"size-funzine-large wp-image-619989\" src=\"https:\/\/funzine.hu\/wp-content\/uploads\/2026\/01\/forest-9380292_1280-1200x800.jpg\" alt=\"\" width=\"850\" height=\"567\" srcset=\"https:\/\/funzine.hu\/wp-content\/uploads\/2026\/01\/forest-9380292_1280-1200x800.jpg 1200w, https:\/\/funzine.hu\/wp-content\/uploads\/2026\/01\/forest-9380292_1280-300x200.jpg 300w, https:\/\/funzine.hu\/wp-content\/uploads\/2026\/01\/forest-9380292_1280-1024x682.jpg 1024w, https:\/\/funzine.hu\/wp-content\/uploads\/2026\/01\/forest-9380292_1280-768x512.jpg 768w, https:\/\/funzine.hu\/wp-content\/uploads\/2026\/01\/forest-9380292_1280-360x240.jpg 360w, https:\/\/funzine.hu\/wp-content\/uploads\/2026\/01\/forest-9380292_1280.jpg 1280w\" sizes=\"(max-width: 850px) 100vw, 850px\" \/><figcaption id=\"caption-attachment-619989\" class=\"wp-caption-text\">ilustracija &#8211; pixabay.com<\/figcaption><\/figure>\n<p>Ena najbolj ikoni\u010dnih znamenitosti Salg\u00f3b\u00e1nye je zagotovo grad Salg\u00f3, ki ponosno stoji na izraziti pe\u010dini na planoti Medves. V zadnjih tednih je bila Salg\u00f3b\u00e1nya, tako kot \u0161tevilne druge mad\u017earske regije, prekrita z belo sne\u017eno odejo, zaradi \u010desar je majhno naselje v N\u00f3gr\u00e1du in okolica gradu \u0161e bolj o\u010darljiva.<\/p>\n<p>Pot iz Budimpe\u0161te do Salg\u00f3b\u00e1nye z avtomobilom po avtocesti M3 traja skoraj 2 uri. Ko prispete v naselje, se spla\u010da parkirati pred hi\u0161o Dornyay, od tam pa se lahko podate na pribli\u017eno 3,6 kilometra dolgo turo.<\/p>\n<p>Med sprehodom morate slediti rde\u010di poti grajskih ru\u0161evin, ki vodi skozi del geolo\u0161ke u\u010dne poti kamnolomov Eresztv\u00e9ny. Pot, ki vodi navzgor, je obdana z ve\u010d kot sto let starimi lesenimi kolibami. Tabla vas vodi po lahko sledljivih poteh, posejanih z ne preve\u010d napornimi oprijemi, informativne table pa vam pomagajo pri orientaciji.<\/p>\n<p>Po kratkem, skalnatem vzponu prispemo do gradu Salg\u00f3, od koder se pred nami odpre dih jemajo\u010da panorama okoli\u0161kih gora. Z gradu, zgrajenega v 13. stoletju, se je vredno ozreti naokoli v vse mo\u017ene smeri: ob\u010dudujemo lahko vrhove Karancsa, gorovja Cseres, vidimo pa tudi \u010dudovite zasne\u017eene gore M\u00e1tra, B\u00fckk, B\u00f6rzs\u00f6ny in Cserh\u00e1t.<\/p>\n<p>\u010ce \u017eelite v celoti u\u017eivati v svojem izletu v Salg\u00f3b\u00e1nyo, se spla\u010da obiskati bli\u017enji \u010carovni\u0161ki kamen, lahko pa obi\u0161\u010dete tudi cerkev kralja \u0160tefana ali spominski park Zenthe Ferenc. Za bolj interaktivna, notranja do\u017eivetja lahko obi\u0161\u010dete Hi\u0161o geo\u010dudes, kjer se lahko seznanite z razli\u010dnimi geolo\u0161kimi dejstvi.<\/p>\n<p>Slike so bile objavljene na Facebook strani skupine Funzine Najlep\u0161i kraji na Mad\u017earskem. Vabimo vse profesionalne in amaterske fotografe narave, ki bi \u017eeleli deliti svoje delo s \u010dlani skupine in, \u010de je primerno, z na\u0161imi bralci.<br \/>\nTo zimo vas \u010dakajo \u010dudoviti gradovi, da jih osvojite:<\/p>\n","protected":false},"excerpt":{"rendered":"<p>Severni del na\u0161e dr\u017eave je poln edinstvenih pohodni\u0161kih to\u010dk: grad Salg\u00f3 je le eden od krajev, ki<\/p>\n","protected":false},"author":391,"featured_media":619989,"comment_status":"closed","ping_status":"closed","sticky":false,"template":"","format":"standard","meta":{"_acf_changed":false,"wprm-recipe-roundup-name":"","wprm-recipe-roundup-description":"","ngg_post_thumbnail":0,"footnotes":""},"categories":[14345],"tags":[],"post_places":[],"class_list":["post-619987","post","type-post","status-publish","format-standard","has-post-thumbnail","hentry","category-potovanje"],"acf":{"connected_places":"","del_image":""},"yoast_head":"<!-- This site is optimized with the Yoast SEO plugin v27.2 - https:\/\/yoast.com\/product\/yoast-seo-wordpress\/ -->\n<title>Srednjeve\u0161ki grad na vulkanskem vrhu vabi na nepozaben zimski sprehod<\/title>\n<meta name=\"robots\" content=\"index, follow, max-snippet:-1, max-image-preview:large, max-video-preview:-1\" \/>\n<link rel=\"canonical\" href=\"https:\/\/funzine.hu\/sl\/2026\/01\/28\/potovanje\/srednjeveski-grad-na-vulkanskem-vrhu-vabi-na-nepozaben-zimski-sprehod\/\" \/>\n<meta property=\"og:locale\" content=\"sl_SI\" \/>\n<meta property=\"og:type\" content=\"article\" \/>\n<meta property=\"og:title\" content=\"Srednjeve\u0161ki grad na vulkanskem vrhu vabi na nepozaben zimski sprehod\" \/>\n<meta property=\"og:description\" content=\"Severni del na\u0161e dr\u017eave je poln edinstvenih pohodni\u0161kih to\u010dk: grad Salg\u00f3 je le eden od krajev, ki\" \/>\n<meta property=\"og:url\" content=\"https:\/\/funzine.hu\/sl\/2026\/01\/28\/potovanje\/srednjeveski-grad-na-vulkanskem-vrhu-vabi-na-nepozaben-zimski-sprehod\/\" \/>\n<meta property=\"og:site_name\" content=\"Funzine\" \/>\n<meta property=\"article:publisher\" content=\"https:\/\/www.facebook.com\/funzine\/\" \/>\n<meta property=\"article:published_time\" content=\"2026-01-28T15:14:24+00:00\" \/>\n<meta property=\"og:image\" content=\"https:\/\/funzine.hu\/wp-content\/uploads\/2026\/01\/forest-9380292_1280.jpg\" \/>\n\t<meta property=\"og:image:width\" content=\"1280\" \/>\n\t<meta property=\"og:image:height\" content=\"853\" \/>\n\t<meta property=\"og:image:type\" content=\"image\/jpeg\" \/>\n<meta name=\"author\" content=\"Bodn\u00e1r Zsuzsa\" \/>\n<meta name=\"twitter:card\" content=\"summary_large_image\" \/>\n<meta name=\"twitter:creator\" content=\"@funzine\" \/>\n<meta name=\"twitter:site\" content=\"@funzine\" \/>\n<meta name=\"twitter:label1\" content=\"Written by\" \/>\n\t<meta name=\"twitter:data1\" content=\"Bodn\u00e1r Zsuzsa\" \/>\n\t<meta name=\"twitter:label2\" content=\"Est. reading time\" \/>\n\t<meta name=\"twitter:data2\" content=\"3 minute\" \/>\n<script type=\"application\/ld+json\" class=\"yoast-schema-graph\">{\"@context\":\"https:\/\/schema.org\",\"@graph\":[{\"@type\":\"NewsArticle\",\"@id\":\"https:\/\/funzine.hu\/sl\/2026\/01\/28\/potovanje\/srednjeveski-grad-na-vulkanskem-vrhu-vabi-na-nepozaben-zimski-sprehod\/#article\",\"isPartOf\":{\"@id\":\"https:\/\/funzine.hu\/sl\/2026\/01\/28\/potovanje\/srednjeveski-grad-na-vulkanskem-vrhu-vabi-na-nepozaben-zimski-sprehod\/\"},\"author\":{\"name\":\"Bodn\u00e1r Zsuzsa\",\"@id\":\"https:\/\/funzine.hu\/#\/schema\/person\/f3864a88f41183e8c3af70534ac28bb4\"},\"headline\":\"Srednjeve\u0161ki grad na vulkanskem vrhu vabi na nepozaben zimski sprehod\",\"datePublished\":\"2026-01-28T15:14:24+00:00\",\"mainEntityOfPage\":{\"@id\":\"https:\/\/funzine.hu\/sl\/2026\/01\/28\/potovanje\/srednjeveski-grad-na-vulkanskem-vrhu-vabi-na-nepozaben-zimski-sprehod\/\"},\"wordCount\":369,\"image\":{\"@id\":\"https:\/\/funzine.hu\/sl\/2026\/01\/28\/potovanje\/srednjeveski-grad-na-vulkanskem-vrhu-vabi-na-nepozaben-zimski-sprehod\/#primaryimage\"},\"thumbnailUrl\":\"https:\/\/funzine.hu\/wp-content\/uploads\/2026\/01\/forest-9380292_1280.jpg\",\"articleSection\":[\"Potovanje\"],\"inLanguage\":\"sl-SI\"},{\"@type\":\"WebPage\",\"@id\":\"https:\/\/funzine.hu\/sl\/2026\/01\/28\/potovanje\/srednjeveski-grad-na-vulkanskem-vrhu-vabi-na-nepozaben-zimski-sprehod\/\",\"url\":\"https:\/\/funzine.hu\/sl\/2026\/01\/28\/potovanje\/srednjeveski-grad-na-vulkanskem-vrhu-vabi-na-nepozaben-zimski-sprehod\/\",\"name\":\"Srednjeve\u0161ki grad na vulkanskem vrhu vabi na nepozaben zimski sprehod\",\"isPartOf\":{\"@id\":\"https:\/\/funzine.hu\/#website\"},\"primaryImageOfPage\":{\"@id\":\"https:\/\/funzine.hu\/sl\/2026\/01\/28\/potovanje\/srednjeveski-grad-na-vulkanskem-vrhu-vabi-na-nepozaben-zimski-sprehod\/#primaryimage\"},\"image\":{\"@id\":\"https:\/\/funzine.hu\/sl\/2026\/01\/28\/potovanje\/srednjeveski-grad-na-vulkanskem-vrhu-vabi-na-nepozaben-zimski-sprehod\/#primaryimage\"},\"thumbnailUrl\":\"https:\/\/funzine.hu\/wp-content\/uploads\/2026\/01\/forest-9380292_1280.jpg\",\"datePublished\":\"2026-01-28T15:14:24+00:00\",\"author\":{\"@id\":\"https:\/\/funzine.hu\/#\/schema\/person\/f3864a88f41183e8c3af70534ac28bb4\"},\"breadcrumb\":{\"@id\":\"https:\/\/funzine.hu\/sl\/2026\/01\/28\/potovanje\/srednjeveski-grad-na-vulkanskem-vrhu-vabi-na-nepozaben-zimski-sprehod\/#breadcrumb\"},\"inLanguage\":\"sl-SI\",\"potentialAction\":[{\"@type\":\"ReadAction\",\"target\":[\"https:\/\/funzine.hu\/sl\/2026\/01\/28\/potovanje\/srednjeveski-grad-na-vulkanskem-vrhu-vabi-na-nepozaben-zimski-sprehod\/\"]}]},{\"@type\":\"ImageObject\",\"inLanguage\":\"sl-SI\",\"@id\":\"https:\/\/funzine.hu\/sl\/2026\/01\/28\/potovanje\/srednjeveski-grad-na-vulkanskem-vrhu-vabi-na-nepozaben-zimski-sprehod\/#primaryimage\",\"url\":\"https:\/\/funzine.hu\/wp-content\/uploads\/2026\/01\/forest-9380292_1280.jpg\",\"contentUrl\":\"https:\/\/funzine.hu\/wp-content\/uploads\/2026\/01\/forest-9380292_1280.jpg\",\"width\":1280,\"height\":853,\"caption\":\"ilustracija - pixabay.com\"},{\"@type\":\"BreadcrumbList\",\"@id\":\"https:\/\/funzine.hu\/sl\/2026\/01\/28\/potovanje\/srednjeveski-grad-na-vulkanskem-vrhu-vabi-na-nepozaben-zimski-sprehod\/#breadcrumb\",\"itemListElement\":[{\"@type\":\"ListItem\",\"position\":1,\"name\":\"Home\",\"item\":\"https:\/\/funzine.hu\/sl\/\"},{\"@type\":\"ListItem\",\"position\":2,\"name\":\"Srednjeve\u0161ki grad na vulkanskem vrhu vabi na nepozaben zimski sprehod\"}]},{\"@type\":\"WebSite\",\"@id\":\"https:\/\/funzine.hu\/#website\",\"url\":\"https:\/\/funzine.hu\/\",\"name\":\"Funzine\",\"description\":\"\",\"potentialAction\":[{\"@type\":\"SearchAction\",\"target\":{\"@type\":\"EntryPoint\",\"urlTemplate\":\"https:\/\/funzine.hu\/?s={search_term_string}\"},\"query-input\":{\"@type\":\"PropertyValueSpecification\",\"valueRequired\":true,\"valueName\":\"search_term_string\"}}],\"inLanguage\":\"sl-SI\"},{\"@type\":\"Person\",\"@id\":\"https:\/\/funzine.hu\/#\/schema\/person\/f3864a88f41183e8c3af70534ac28bb4\",\"name\":\"Bodn\u00e1r Zsuzsa\",\"image\":{\"@type\":\"ImageObject\",\"inLanguage\":\"sl-SI\",\"@id\":\"https:\/\/secure.gravatar.com\/avatar\/3dac04a042bfb0c015d0f893ef5eb9cca9d966bb5795039862dafd8d2ab5d410?s=96&d=mm&r=g\",\"url\":\"https:\/\/secure.gravatar.com\/avatar\/3dac04a042bfb0c015d0f893ef5eb9cca9d966bb5795039862dafd8d2ab5d410?s=96&d=mm&r=g\",\"contentUrl\":\"https:\/\/secure.gravatar.com\/avatar\/3dac04a042bfb0c015d0f893ef5eb9cca9d966bb5795039862dafd8d2ab5d410?s=96&d=mm&r=g\",\"caption\":\"Bodn\u00e1r Zsuzsa\"},\"url\":\"https:\/\/funzine.hu\/sl\/author\/bodnar-zsuzsa-1984\/\"}]}<\/script>\n<!-- \/ Yoast SEO plugin. -->","yoast_head_json":{"title":"Srednjeve\u0161ki grad na vulkanskem vrhu vabi na nepozaben zimski sprehod","robots":{"index":"index","follow":"follow","max-snippet":"max-snippet:-1","max-image-preview":"max-image-preview:large","max-video-preview":"max-video-preview:-1"},"canonical":"https:\/\/funzine.hu\/sl\/2026\/01\/28\/potovanje\/srednjeveski-grad-na-vulkanskem-vrhu-vabi-na-nepozaben-zimski-sprehod\/","og_locale":"sl_SI","og_type":"article","og_title":"Srednjeve\u0161ki grad na vulkanskem vrhu vabi na nepozaben zimski sprehod","og_description":"Severni del na\u0161e dr\u017eave je poln edinstvenih pohodni\u0161kih to\u010dk: grad Salg\u00f3 je le eden od krajev, ki","og_url":"https:\/\/funzine.hu\/sl\/2026\/01\/28\/potovanje\/srednjeveski-grad-na-vulkanskem-vrhu-vabi-na-nepozaben-zimski-sprehod\/","og_site_name":"Funzine","article_publisher":"https:\/\/www.facebook.com\/funzine\/","article_published_time":"2026-01-28T15:14:24+00:00","og_image":[{"width":1280,"height":853,"url":"https:\/\/funzine.hu\/wp-content\/uploads\/2026\/01\/forest-9380292_1280.jpg","type":"image\/jpeg"}],"author":"Bodn\u00e1r Zsuzsa","twitter_card":"summary_large_image","twitter_creator":"@funzine","twitter_site":"@funzine","twitter_misc":{"Written by":"Bodn\u00e1r Zsuzsa","Est. reading time":"3 minute"},"schema":{"@context":"https:\/\/schema.org","@graph":[{"@type":"NewsArticle","@id":"https:\/\/funzine.hu\/sl\/2026\/01\/28\/potovanje\/srednjeveski-grad-na-vulkanskem-vrhu-vabi-na-nepozaben-zimski-sprehod\/#article","isPartOf":{"@id":"https:\/\/funzine.hu\/sl\/2026\/01\/28\/potovanje\/srednjeveski-grad-na-vulkanskem-vrhu-vabi-na-nepozaben-zimski-sprehod\/"},"author":{"name":"Bodn\u00e1r Zsuzsa","@id":"https:\/\/funzine.hu\/#\/schema\/person\/f3864a88f41183e8c3af70534ac28bb4"},"headline":"Srednjeve\u0161ki grad na vulkanskem vrhu vabi na nepozaben zimski sprehod","datePublished":"2026-01-28T15:14:24+00:00","mainEntityOfPage":{"@id":"https:\/\/funzine.hu\/sl\/2026\/01\/28\/potovanje\/srednjeveski-grad-na-vulkanskem-vrhu-vabi-na-nepozaben-zimski-sprehod\/"},"wordCount":369,"image":{"@id":"https:\/\/funzine.hu\/sl\/2026\/01\/28\/potovanje\/srednjeveski-grad-na-vulkanskem-vrhu-vabi-na-nepozaben-zimski-sprehod\/#primaryimage"},"thumbnailUrl":"https:\/\/funzine.hu\/wp-content\/uploads\/2026\/01\/forest-9380292_1280.jpg","articleSection":["Potovanje"],"inLanguage":"sl-SI"},{"@type":"WebPage","@id":"https:\/\/funzine.hu\/sl\/2026\/01\/28\/potovanje\/srednjeveski-grad-na-vulkanskem-vrhu-vabi-na-nepozaben-zimski-sprehod\/","url":"https:\/\/funzine.hu\/sl\/2026\/01\/28\/potovanje\/srednjeveski-grad-na-vulkanskem-vrhu-vabi-na-nepozaben-zimski-sprehod\/","name":"Srednjeve\u0161ki grad na vulkanskem vrhu vabi na nepozaben zimski sprehod","isPartOf":{"@id":"https:\/\/funzine.hu\/#website"},"primaryImageOfPage":{"@id":"https:\/\/funzine.hu\/sl\/2026\/01\/28\/potovanje\/srednjeveski-grad-na-vulkanskem-vrhu-vabi-na-nepozaben-zimski-sprehod\/#primaryimage"},"image":{"@id":"https:\/\/funzine.hu\/sl\/2026\/01\/28\/potovanje\/srednjeveski-grad-na-vulkanskem-vrhu-vabi-na-nepozaben-zimski-sprehod\/#primaryimage"},"thumbnailUrl":"https:\/\/funzine.hu\/wp-content\/uploads\/2026\/01\/forest-9380292_1280.jpg","datePublished":"2026-01-28T15:14:24+00:00","author":{"@id":"https:\/\/funzine.hu\/#\/schema\/person\/f3864a88f41183e8c3af70534ac28bb4"},"breadcrumb":{"@id":"https:\/\/funzine.hu\/sl\/2026\/01\/28\/potovanje\/srednjeveski-grad-na-vulkanskem-vrhu-vabi-na-nepozaben-zimski-sprehod\/#breadcrumb"},"inLanguage":"sl-SI","potentialAction":[{"@type":"ReadAction","target":["https:\/\/funzine.hu\/sl\/2026\/01\/28\/potovanje\/srednjeveski-grad-na-vulkanskem-vrhu-vabi-na-nepozaben-zimski-sprehod\/"]}]},{"@type":"ImageObject","inLanguage":"sl-SI","@id":"https:\/\/funzine.hu\/sl\/2026\/01\/28\/potovanje\/srednjeveski-grad-na-vulkanskem-vrhu-vabi-na-nepozaben-zimski-sprehod\/#primaryimage","url":"https:\/\/funzine.hu\/wp-content\/uploads\/2026\/01\/forest-9380292_1280.jpg","contentUrl":"https:\/\/funzine.hu\/wp-content\/uploads\/2026\/01\/forest-9380292_1280.jpg","width":1280,"height":853,"caption":"ilustracija - pixabay.com"},{"@type":"BreadcrumbList","@id":"https:\/\/funzine.hu\/sl\/2026\/01\/28\/potovanje\/srednjeveski-grad-na-vulkanskem-vrhu-vabi-na-nepozaben-zimski-sprehod\/#breadcrumb","itemListElement":[{"@type":"ListItem","position":1,"name":"Home","item":"https:\/\/funzine.hu\/sl\/"},{"@type":"ListItem","position":2,"name":"Srednjeve\u0161ki grad na vulkanskem vrhu vabi na nepozaben zimski sprehod"}]},{"@type":"WebSite","@id":"https:\/\/funzine.hu\/#website","url":"https:\/\/funzine.hu\/","name":"Funzine","description":"","potentialAction":[{"@type":"SearchAction","target":{"@type":"EntryPoint","urlTemplate":"https:\/\/funzine.hu\/?s={search_term_string}"},"query-input":{"@type":"PropertyValueSpecification","valueRequired":true,"valueName":"search_term_string"}}],"inLanguage":"sl-SI"},{"@type":"Person","@id":"https:\/\/funzine.hu\/#\/schema\/person\/f3864a88f41183e8c3af70534ac28bb4","name":"Bodn\u00e1r Zsuzsa","image":{"@type":"ImageObject","inLanguage":"sl-SI","@id":"https:\/\/secure.gravatar.com\/avatar\/3dac04a042bfb0c015d0f893ef5eb9cca9d966bb5795039862dafd8d2ab5d410?s=96&d=mm&r=g","url":"https:\/\/secure.gravatar.com\/avatar\/3dac04a042bfb0c015d0f893ef5eb9cca9d966bb5795039862dafd8d2ab5d410?s=96&d=mm&r=g","contentUrl":"https:\/\/secure.gravatar.com\/avatar\/3dac04a042bfb0c015d0f893ef5eb9cca9d966bb5795039862dafd8d2ab5d410?s=96&d=mm&r=g","caption":"Bodn\u00e1r Zsuzsa"},"url":"https:\/\/funzine.hu\/sl\/author\/bodnar-zsuzsa-1984\/"}]}},"amp_enabled":true,"_links":{"self":[{"href":"https:\/\/funzine.hu\/sl\/wp-json\/wp\/v2\/posts\/619987","targetHints":{"allow":["GET"]}}],"collection":[{"href":"https:\/\/funzine.hu\/sl\/wp-json\/wp\/v2\/posts"}],"about":[{"href":"https:\/\/funzine.hu\/sl\/wp-json\/wp\/v2\/types\/post"}],"author":[{"embeddable":true,"href":"https:\/\/funzine.hu\/sl\/wp-json\/wp\/v2\/users\/391"}],"replies":[{"embeddable":true,"href":"https:\/\/funzine.hu\/sl\/wp-json\/wp\/v2\/comments?post=619987"}],"version-history":[{"count":1,"href":"https:\/\/funzine.hu\/sl\/wp-json\/wp\/v2\/posts\/619987\/revisions"}],"predecessor-version":[{"id":619990,"href":"https:\/\/funzine.hu\/sl\/wp-json\/wp\/v2\/posts\/619987\/revisions\/619990"}],"wp:featuredmedia":[{"embeddable":true,"href":"https:\/\/funzine.hu\/sl\/wp-json\/wp\/v2\/media\/619989"}],"wp:attachment":[{"href":"https:\/\/funzine.hu\/sl\/wp-json\/wp\/v2\/media?parent=619987"}],"wp:term":[{"taxonomy":"category","embeddable":true,"href":"https:\/\/funzine.hu\/sl\/wp-json\/wp\/v2\/categories?post=619987"},{"taxonomy":"post_tag","embeddable":true,"href":"https:\/\/funzine.hu\/sl\/wp-json\/wp\/v2\/tags?post=619987"},{"taxonomy":"post_places","embeddable":true,"href":"https:\/\/funzine.hu\/sl\/wp-json\/wp\/v2\/post_places?post=619987"}],"curies":[{"name":"wp","href":"https:\/\/api.w.org\/{rel}","templated":true}]}}