{"id":619984,"date":"2026-01-28T16:13:19","date_gmt":"2026-01-28T15:13:19","guid":{"rendered":"https:\/\/funzine.hu\/?p=619984"},"modified":"2026-01-28T16:13:19","modified_gmt":"2026-01-28T15:13:19","slug":"svet-kapitana-tenkesa-ozivi-ob-vznozju-gorovja-villany","status":"publish","type":"post","link":"https:\/\/funzine.hu\/sl\/2026\/01\/28\/potovanje\/svet-kapitana-tenkesa-ozivi-ob-vznozju-gorovja-villany\/","title":{"rendered":"Svet kapitana Tenkesa o\u017eivi ob vzno\u017eju gorovja Vill\u00e1ny"},"content":{"rendered":"<p>Grad, zgrajen po prvi tatarski invaziji, je obvezen ogled za ljubitelje zgodovine in starih mad\u017earskih serij, saj je bila tukaj posneta mad\u017earska filmska serija Kapitan Tenkes.<\/p>\n<figure id=\"attachment_619985\" aria-describedby=\"caption-attachment-619985\" style=\"width: 850px\" class=\"wp-caption aligncenter\"><img decoding=\"async\" class=\"size-funzine-large wp-image-619985\" src=\"https:\/\/funzine.hu\/wp-content\/uploads\/2026\/01\/grape-1945429_1280-1200x900.jpg\" alt=\"\" width=\"850\" height=\"638\" srcset=\"https:\/\/funzine.hu\/wp-content\/uploads\/2026\/01\/grape-1945429_1280-1200x900.jpg 1200w, https:\/\/funzine.hu\/wp-content\/uploads\/2026\/01\/grape-1945429_1280-300x225.jpg 300w, https:\/\/funzine.hu\/wp-content\/uploads\/2026\/01\/grape-1945429_1280-1024x768.jpg 1024w, https:\/\/funzine.hu\/wp-content\/uploads\/2026\/01\/grape-1945429_1280-768x576.jpg 768w, https:\/\/funzine.hu\/wp-content\/uploads\/2026\/01\/grape-1945429_1280-500x375.jpg 500w, https:\/\/funzine.hu\/wp-content\/uploads\/2026\/01\/grape-1945429_1280.jpg 1280w\" sizes=\"(max-width: 850px) 100vw, 850px\" \/><figcaption id=\"caption-attachment-619985\" class=\"wp-caption-text\">ilustracija &#8211; pixabay.com<\/figcaption><\/figure>\n<p>Za grad Sikl\u00f3s te\u017eko re\u010demo, da spada v obmo\u010dje Budimpe\u0161te, vendar se spla\u010da podati na dalj\u0161o pot: \u010dudovito obnovljen grad iz 13. stoletja ponuja ne\u0161teto odli\u010dnih razstav, ki bodo va\u0161 obisk naredile bolj barvit.<\/p>\n<p>Tisti, ki jih zanima bolj brutalna plat zgodovine, bodo zagotovo na\u0161li vznemirljivo razstavo voja\u0161ke zgodovine, oro\u017earnico, je\u010do in mu\u010dilnico, tisti, ki imajo raje lahkotnej\u0161e teme, pa bodo navdu\u0161eni nad muzejem pohi\u0161tva in vina \u2013 v slednjem lahko dobite ne le priporo\u010dila za najbolj\u0161a vina v okolici, temve\u010d tudi poskusite gastronomske specialitete, kot je vinska marmelada. Do konca februarja si lahko ogledate tudi razstavo porcelana Herend.<\/p>\n<p>Po ogledu \u010dudovite grajske kapele lahko pomerite obla\u010dila iz tistega obdobja v kroja\u010dnici, ki se odpira z grajskega dvori\u0161\u010da, medtem ko lahko preizkusite svoj nos v parfumeriji. Seveda ne smete zamuditi poklona seriji iz leta 1964: soba kapitana Tenkesa obele\u017euje snemanje. Oglejte si tudi grajsko teraso, od koder se vidi celotno obmo\u010dje.<\/p>\n<p>Grad Sikl\u00f3s si lahko ogledate ves teden med 9. in 17. uro, \u010de kupite vstopnico, ki jo lahko dobite do 16.30. Obvezno povpra\u0161ajte za voden ogled, saj lahko z vodnikom, pripravljenim za ogled, izveste \u0161e ve\u010d zanimivosti o gradu. \u017dal dvigalo sicer brez ovir gradu trenutno ne deluje, zato temu primerno na\u010drtujte svoj obisk.<\/p>\n<p>Nekajurni ogled je primeren tudi za majhne otroke, \u010de pa pridete s svojim \u0161tirino\u017enim prijateljem, je tudi to mogo\u010de, saj je grad prijazen do psov. Po ogledu se obvezno sprehodite po mestu in razi\u0161\u010dite okolico Nagyhars\u00e1ny Sz\u00e1rsomly\u00f3ja!<\/p>\n<p>Slike so bile objavljene na Facebook strani skupine Funzine Najlep\u0161i kraji na Mad\u017earskem. Vabimo vse profesionalne in amaterske fotografe, ki bi \u017eeleli deliti svoje delo s \u010dlani skupine in, \u010de je primerno, z na\u0161imi bralci.<\/p>\n<p>\u0160e ve\u010d osupljivih fotografij iz okolice gradu Sikl\u00f3s:<\/p>\n","protected":false},"excerpt":{"rendered":"<p>Grad, zgrajen po prvi tatarski invaziji, je obvezen ogled za ljubitelje zgodovine in starih<\/p>\n","protected":false},"author":391,"featured_media":619985,"comment_status":"closed","ping_status":"closed","sticky":false,"template":"","format":"standard","meta":{"_acf_changed":false,"wprm-recipe-roundup-name":"","wprm-recipe-roundup-description":"","ngg_post_thumbnail":0,"footnotes":""},"categories":[14345],"tags":[],"post_places":[],"class_list":["post-619984","post","type-post","status-publish","format-standard","has-post-thumbnail","hentry","category-potovanje"],"acf":{"connected_places":"","del_image":""},"yoast_head":"<!-- This site is optimized with the Yoast SEO plugin v27.2 - https:\/\/yoast.com\/product\/yoast-seo-wordpress\/ -->\n<title>Svet kapitana Tenkesa o\u017eivi ob vzno\u017eju gorovja Vill\u00e1ny<\/title>\n<meta name=\"robots\" content=\"index, follow, max-snippet:-1, max-image-preview:large, max-video-preview:-1\" \/>\n<link rel=\"canonical\" href=\"https:\/\/funzine.hu\/sl\/2026\/01\/28\/potovanje\/svet-kapitana-tenkesa-ozivi-ob-vznozju-gorovja-villany\/\" \/>\n<meta property=\"og:locale\" content=\"sl_SI\" \/>\n<meta property=\"og:type\" content=\"article\" \/>\n<meta property=\"og:title\" content=\"Svet kapitana Tenkesa o\u017eivi ob vzno\u017eju gorovja Vill\u00e1ny\" \/>\n<meta property=\"og:description\" content=\"Grad, zgrajen po prvi tatarski invaziji, je obvezen ogled za ljubitelje zgodovine in starih\" \/>\n<meta property=\"og:url\" content=\"https:\/\/funzine.hu\/sl\/2026\/01\/28\/potovanje\/svet-kapitana-tenkesa-ozivi-ob-vznozju-gorovja-villany\/\" \/>\n<meta property=\"og:site_name\" content=\"Funzine\" \/>\n<meta property=\"article:publisher\" content=\"https:\/\/www.facebook.com\/funzine\/\" \/>\n<meta property=\"article:published_time\" content=\"2026-01-28T15:13:19+00:00\" \/>\n<meta property=\"og:image\" content=\"https:\/\/funzine.hu\/wp-content\/uploads\/2026\/01\/grape-1945429_1280.jpg\" \/>\n\t<meta property=\"og:image:width\" content=\"1280\" \/>\n\t<meta property=\"og:image:height\" content=\"960\" \/>\n\t<meta property=\"og:image:type\" content=\"image\/jpeg\" \/>\n<meta name=\"author\" content=\"Bodn\u00e1r Zsuzsa\" \/>\n<meta name=\"twitter:card\" content=\"summary_large_image\" \/>\n<meta name=\"twitter:creator\" content=\"@funzine\" \/>\n<meta name=\"twitter:site\" content=\"@funzine\" \/>\n<meta name=\"twitter:label1\" content=\"Written by\" \/>\n\t<meta name=\"twitter:data1\" content=\"Bodn\u00e1r Zsuzsa\" \/>\n\t<meta name=\"twitter:label2\" content=\"Est. reading time\" \/>\n\t<meta name=\"twitter:data2\" content=\"3 minute\" \/>\n<script type=\"application\/ld+json\" class=\"yoast-schema-graph\">{\"@context\":\"https:\/\/schema.org\",\"@graph\":[{\"@type\":\"NewsArticle\",\"@id\":\"https:\/\/funzine.hu\/sl\/2026\/01\/28\/potovanje\/svet-kapitana-tenkesa-ozivi-ob-vznozju-gorovja-villany\/#article\",\"isPartOf\":{\"@id\":\"https:\/\/funzine.hu\/sl\/2026\/01\/28\/potovanje\/svet-kapitana-tenkesa-ozivi-ob-vznozju-gorovja-villany\/\"},\"author\":{\"name\":\"Bodn\u00e1r Zsuzsa\",\"@id\":\"https:\/\/funzine.hu\/#\/schema\/person\/f3864a88f41183e8c3af70534ac28bb4\"},\"headline\":\"Svet kapitana Tenkesa o\u017eivi ob vzno\u017eju gorovja Vill\u00e1ny\",\"datePublished\":\"2026-01-28T15:13:19+00:00\",\"mainEntityOfPage\":{\"@id\":\"https:\/\/funzine.hu\/sl\/2026\/01\/28\/potovanje\/svet-kapitana-tenkesa-ozivi-ob-vznozju-gorovja-villany\/\"},\"wordCount\":366,\"image\":{\"@id\":\"https:\/\/funzine.hu\/sl\/2026\/01\/28\/potovanje\/svet-kapitana-tenkesa-ozivi-ob-vznozju-gorovja-villany\/#primaryimage\"},\"thumbnailUrl\":\"https:\/\/funzine.hu\/wp-content\/uploads\/2026\/01\/grape-1945429_1280.jpg\",\"articleSection\":[\"Potovanje\"],\"inLanguage\":\"sl-SI\"},{\"@type\":\"WebPage\",\"@id\":\"https:\/\/funzine.hu\/sl\/2026\/01\/28\/potovanje\/svet-kapitana-tenkesa-ozivi-ob-vznozju-gorovja-villany\/\",\"url\":\"https:\/\/funzine.hu\/sl\/2026\/01\/28\/potovanje\/svet-kapitana-tenkesa-ozivi-ob-vznozju-gorovja-villany\/\",\"name\":\"Svet kapitana Tenkesa o\u017eivi ob vzno\u017eju gorovja Vill\u00e1ny\",\"isPartOf\":{\"@id\":\"https:\/\/funzine.hu\/#website\"},\"primaryImageOfPage\":{\"@id\":\"https:\/\/funzine.hu\/sl\/2026\/01\/28\/potovanje\/svet-kapitana-tenkesa-ozivi-ob-vznozju-gorovja-villany\/#primaryimage\"},\"image\":{\"@id\":\"https:\/\/funzine.hu\/sl\/2026\/01\/28\/potovanje\/svet-kapitana-tenkesa-ozivi-ob-vznozju-gorovja-villany\/#primaryimage\"},\"thumbnailUrl\":\"https:\/\/funzine.hu\/wp-content\/uploads\/2026\/01\/grape-1945429_1280.jpg\",\"datePublished\":\"2026-01-28T15:13:19+00:00\",\"author\":{\"@id\":\"https:\/\/funzine.hu\/#\/schema\/person\/f3864a88f41183e8c3af70534ac28bb4\"},\"breadcrumb\":{\"@id\":\"https:\/\/funzine.hu\/sl\/2026\/01\/28\/potovanje\/svet-kapitana-tenkesa-ozivi-ob-vznozju-gorovja-villany\/#breadcrumb\"},\"inLanguage\":\"sl-SI\",\"potentialAction\":[{\"@type\":\"ReadAction\",\"target\":[\"https:\/\/funzine.hu\/sl\/2026\/01\/28\/potovanje\/svet-kapitana-tenkesa-ozivi-ob-vznozju-gorovja-villany\/\"]}]},{\"@type\":\"ImageObject\",\"inLanguage\":\"sl-SI\",\"@id\":\"https:\/\/funzine.hu\/sl\/2026\/01\/28\/potovanje\/svet-kapitana-tenkesa-ozivi-ob-vznozju-gorovja-villany\/#primaryimage\",\"url\":\"https:\/\/funzine.hu\/wp-content\/uploads\/2026\/01\/grape-1945429_1280.jpg\",\"contentUrl\":\"https:\/\/funzine.hu\/wp-content\/uploads\/2026\/01\/grape-1945429_1280.jpg\",\"width\":1280,\"height\":960,\"caption\":\"ilustracija - pixabay.com\"},{\"@type\":\"BreadcrumbList\",\"@id\":\"https:\/\/funzine.hu\/sl\/2026\/01\/28\/potovanje\/svet-kapitana-tenkesa-ozivi-ob-vznozju-gorovja-villany\/#breadcrumb\",\"itemListElement\":[{\"@type\":\"ListItem\",\"position\":1,\"name\":\"Home\",\"item\":\"https:\/\/funzine.hu\/sl\/\"},{\"@type\":\"ListItem\",\"position\":2,\"name\":\"Svet kapitana Tenkesa o\u017eivi ob vzno\u017eju gorovja Vill\u00e1ny\"}]},{\"@type\":\"WebSite\",\"@id\":\"https:\/\/funzine.hu\/#website\",\"url\":\"https:\/\/funzine.hu\/\",\"name\":\"Funzine\",\"description\":\"\",\"potentialAction\":[{\"@type\":\"SearchAction\",\"target\":{\"@type\":\"EntryPoint\",\"urlTemplate\":\"https:\/\/funzine.hu\/?s={search_term_string}\"},\"query-input\":{\"@type\":\"PropertyValueSpecification\",\"valueRequired\":true,\"valueName\":\"search_term_string\"}}],\"inLanguage\":\"sl-SI\"},{\"@type\":\"Person\",\"@id\":\"https:\/\/funzine.hu\/#\/schema\/person\/f3864a88f41183e8c3af70534ac28bb4\",\"name\":\"Bodn\u00e1r Zsuzsa\",\"image\":{\"@type\":\"ImageObject\",\"inLanguage\":\"sl-SI\",\"@id\":\"https:\/\/secure.gravatar.com\/avatar\/3dac04a042bfb0c015d0f893ef5eb9cca9d966bb5795039862dafd8d2ab5d410?s=96&d=mm&r=g\",\"url\":\"https:\/\/secure.gravatar.com\/avatar\/3dac04a042bfb0c015d0f893ef5eb9cca9d966bb5795039862dafd8d2ab5d410?s=96&d=mm&r=g\",\"contentUrl\":\"https:\/\/secure.gravatar.com\/avatar\/3dac04a042bfb0c015d0f893ef5eb9cca9d966bb5795039862dafd8d2ab5d410?s=96&d=mm&r=g\",\"caption\":\"Bodn\u00e1r Zsuzsa\"},\"url\":\"https:\/\/funzine.hu\/sl\/author\/bodnar-zsuzsa-1984\/\"}]}<\/script>\n<!-- \/ Yoast SEO plugin. -->","yoast_head_json":{"title":"Svet kapitana Tenkesa o\u017eivi ob vzno\u017eju gorovja Vill\u00e1ny","robots":{"index":"index","follow":"follow","max-snippet":"max-snippet:-1","max-image-preview":"max-image-preview:large","max-video-preview":"max-video-preview:-1"},"canonical":"https:\/\/funzine.hu\/sl\/2026\/01\/28\/potovanje\/svet-kapitana-tenkesa-ozivi-ob-vznozju-gorovja-villany\/","og_locale":"sl_SI","og_type":"article","og_title":"Svet kapitana Tenkesa o\u017eivi ob vzno\u017eju gorovja Vill\u00e1ny","og_description":"Grad, zgrajen po prvi tatarski invaziji, je obvezen ogled za ljubitelje zgodovine in starih","og_url":"https:\/\/funzine.hu\/sl\/2026\/01\/28\/potovanje\/svet-kapitana-tenkesa-ozivi-ob-vznozju-gorovja-villany\/","og_site_name":"Funzine","article_publisher":"https:\/\/www.facebook.com\/funzine\/","article_published_time":"2026-01-28T15:13:19+00:00","og_image":[{"width":1280,"height":960,"url":"https:\/\/funzine.hu\/wp-content\/uploads\/2026\/01\/grape-1945429_1280.jpg","type":"image\/jpeg"}],"author":"Bodn\u00e1r Zsuzsa","twitter_card":"summary_large_image","twitter_creator":"@funzine","twitter_site":"@funzine","twitter_misc":{"Written by":"Bodn\u00e1r Zsuzsa","Est. reading time":"3 minute"},"schema":{"@context":"https:\/\/schema.org","@graph":[{"@type":"NewsArticle","@id":"https:\/\/funzine.hu\/sl\/2026\/01\/28\/potovanje\/svet-kapitana-tenkesa-ozivi-ob-vznozju-gorovja-villany\/#article","isPartOf":{"@id":"https:\/\/funzine.hu\/sl\/2026\/01\/28\/potovanje\/svet-kapitana-tenkesa-ozivi-ob-vznozju-gorovja-villany\/"},"author":{"name":"Bodn\u00e1r Zsuzsa","@id":"https:\/\/funzine.hu\/#\/schema\/person\/f3864a88f41183e8c3af70534ac28bb4"},"headline":"Svet kapitana Tenkesa o\u017eivi ob vzno\u017eju gorovja Vill\u00e1ny","datePublished":"2026-01-28T15:13:19+00:00","mainEntityOfPage":{"@id":"https:\/\/funzine.hu\/sl\/2026\/01\/28\/potovanje\/svet-kapitana-tenkesa-ozivi-ob-vznozju-gorovja-villany\/"},"wordCount":366,"image":{"@id":"https:\/\/funzine.hu\/sl\/2026\/01\/28\/potovanje\/svet-kapitana-tenkesa-ozivi-ob-vznozju-gorovja-villany\/#primaryimage"},"thumbnailUrl":"https:\/\/funzine.hu\/wp-content\/uploads\/2026\/01\/grape-1945429_1280.jpg","articleSection":["Potovanje"],"inLanguage":"sl-SI"},{"@type":"WebPage","@id":"https:\/\/funzine.hu\/sl\/2026\/01\/28\/potovanje\/svet-kapitana-tenkesa-ozivi-ob-vznozju-gorovja-villany\/","url":"https:\/\/funzine.hu\/sl\/2026\/01\/28\/potovanje\/svet-kapitana-tenkesa-ozivi-ob-vznozju-gorovja-villany\/","name":"Svet kapitana Tenkesa o\u017eivi ob vzno\u017eju gorovja Vill\u00e1ny","isPartOf":{"@id":"https:\/\/funzine.hu\/#website"},"primaryImageOfPage":{"@id":"https:\/\/funzine.hu\/sl\/2026\/01\/28\/potovanje\/svet-kapitana-tenkesa-ozivi-ob-vznozju-gorovja-villany\/#primaryimage"},"image":{"@id":"https:\/\/funzine.hu\/sl\/2026\/01\/28\/potovanje\/svet-kapitana-tenkesa-ozivi-ob-vznozju-gorovja-villany\/#primaryimage"},"thumbnailUrl":"https:\/\/funzine.hu\/wp-content\/uploads\/2026\/01\/grape-1945429_1280.jpg","datePublished":"2026-01-28T15:13:19+00:00","author":{"@id":"https:\/\/funzine.hu\/#\/schema\/person\/f3864a88f41183e8c3af70534ac28bb4"},"breadcrumb":{"@id":"https:\/\/funzine.hu\/sl\/2026\/01\/28\/potovanje\/svet-kapitana-tenkesa-ozivi-ob-vznozju-gorovja-villany\/#breadcrumb"},"inLanguage":"sl-SI","potentialAction":[{"@type":"ReadAction","target":["https:\/\/funzine.hu\/sl\/2026\/01\/28\/potovanje\/svet-kapitana-tenkesa-ozivi-ob-vznozju-gorovja-villany\/"]}]},{"@type":"ImageObject","inLanguage":"sl-SI","@id":"https:\/\/funzine.hu\/sl\/2026\/01\/28\/potovanje\/svet-kapitana-tenkesa-ozivi-ob-vznozju-gorovja-villany\/#primaryimage","url":"https:\/\/funzine.hu\/wp-content\/uploads\/2026\/01\/grape-1945429_1280.jpg","contentUrl":"https:\/\/funzine.hu\/wp-content\/uploads\/2026\/01\/grape-1945429_1280.jpg","width":1280,"height":960,"caption":"ilustracija - pixabay.com"},{"@type":"BreadcrumbList","@id":"https:\/\/funzine.hu\/sl\/2026\/01\/28\/potovanje\/svet-kapitana-tenkesa-ozivi-ob-vznozju-gorovja-villany\/#breadcrumb","itemListElement":[{"@type":"ListItem","position":1,"name":"Home","item":"https:\/\/funzine.hu\/sl\/"},{"@type":"ListItem","position":2,"name":"Svet kapitana Tenkesa o\u017eivi ob vzno\u017eju gorovja Vill\u00e1ny"}]},{"@type":"WebSite","@id":"https:\/\/funzine.hu\/#website","url":"https:\/\/funzine.hu\/","name":"Funzine","description":"","potentialAction":[{"@type":"SearchAction","target":{"@type":"EntryPoint","urlTemplate":"https:\/\/funzine.hu\/?s={search_term_string}"},"query-input":{"@type":"PropertyValueSpecification","valueRequired":true,"valueName":"search_term_string"}}],"inLanguage":"sl-SI"},{"@type":"Person","@id":"https:\/\/funzine.hu\/#\/schema\/person\/f3864a88f41183e8c3af70534ac28bb4","name":"Bodn\u00e1r Zsuzsa","image":{"@type":"ImageObject","inLanguage":"sl-SI","@id":"https:\/\/secure.gravatar.com\/avatar\/3dac04a042bfb0c015d0f893ef5eb9cca9d966bb5795039862dafd8d2ab5d410?s=96&d=mm&r=g","url":"https:\/\/secure.gravatar.com\/avatar\/3dac04a042bfb0c015d0f893ef5eb9cca9d966bb5795039862dafd8d2ab5d410?s=96&d=mm&r=g","contentUrl":"https:\/\/secure.gravatar.com\/avatar\/3dac04a042bfb0c015d0f893ef5eb9cca9d966bb5795039862dafd8d2ab5d410?s=96&d=mm&r=g","caption":"Bodn\u00e1r Zsuzsa"},"url":"https:\/\/funzine.hu\/sl\/author\/bodnar-zsuzsa-1984\/"}]}},"amp_enabled":true,"_links":{"self":[{"href":"https:\/\/funzine.hu\/sl\/wp-json\/wp\/v2\/posts\/619984","targetHints":{"allow":["GET"]}}],"collection":[{"href":"https:\/\/funzine.hu\/sl\/wp-json\/wp\/v2\/posts"}],"about":[{"href":"https:\/\/funzine.hu\/sl\/wp-json\/wp\/v2\/types\/post"}],"author":[{"embeddable":true,"href":"https:\/\/funzine.hu\/sl\/wp-json\/wp\/v2\/users\/391"}],"replies":[{"embeddable":true,"href":"https:\/\/funzine.hu\/sl\/wp-json\/wp\/v2\/comments?post=619984"}],"version-history":[{"count":1,"href":"https:\/\/funzine.hu\/sl\/wp-json\/wp\/v2\/posts\/619984\/revisions"}],"predecessor-version":[{"id":619986,"href":"https:\/\/funzine.hu\/sl\/wp-json\/wp\/v2\/posts\/619984\/revisions\/619986"}],"wp:featuredmedia":[{"embeddable":true,"href":"https:\/\/funzine.hu\/sl\/wp-json\/wp\/v2\/media\/619985"}],"wp:attachment":[{"href":"https:\/\/funzine.hu\/sl\/wp-json\/wp\/v2\/media?parent=619984"}],"wp:term":[{"taxonomy":"category","embeddable":true,"href":"https:\/\/funzine.hu\/sl\/wp-json\/wp\/v2\/categories?post=619984"},{"taxonomy":"post_tag","embeddable":true,"href":"https:\/\/funzine.hu\/sl\/wp-json\/wp\/v2\/tags?post=619984"},{"taxonomy":"post_places","embeddable":true,"href":"https:\/\/funzine.hu\/sl\/wp-json\/wp\/v2\/post_places?post=619984"}],"curies":[{"name":"wp","href":"https:\/\/api.w.org\/{rel}","templated":true}]}}