{"id":619794,"date":"2026-01-27T16:17:21","date_gmt":"2026-01-27T15:17:21","guid":{"rendered":"https:\/\/funzine.hu\/?p=619794"},"modified":"2026-01-27T16:17:21","modified_gmt":"2026-01-27T15:17:21","slug":"pravljicna-naravna-pot-se-vije-med-neverjetnimi-pecinami-in-vrhovi-le-na-dosegu-roke-od-budimpeste","status":"publish","type":"post","link":"https:\/\/funzine.hu\/sl\/2026\/01\/27\/potovanje\/pravljicna-naravna-pot-se-vije-med-neverjetnimi-pecinami-in-vrhovi-le-na-dosegu-roke-od-budimpeste\/","title":{"rendered":"Pravlji\u010dna naravna pot se vije med neverjetnimi pe\u010dinami in vrhovi, le na dosegu roke od Budimpe\u0161te"},"content":{"rendered":"<p>Le na dosegu roke od Budimpe\u0161te, Biatorb\u00e1gy, je dom neverjetnih pe\u010din in vrhov, ki jih je vredno obiskati med prijetnim zimskim pohodom.<\/p>\n<figure id=\"attachment_619795\" aria-describedby=\"caption-attachment-619795\" style=\"width: 850px\" class=\"wp-caption aligncenter\"><img decoding=\"async\" class=\"size-funzine-large wp-image-619795\" src=\"https:\/\/funzine.hu\/wp-content\/uploads\/2026\/01\/path-5738040_1280-1200x802.jpg\" alt=\"\" width=\"850\" height=\"568\" srcset=\"https:\/\/funzine.hu\/wp-content\/uploads\/2026\/01\/path-5738040_1280-1200x802.jpg 1200w, https:\/\/funzine.hu\/wp-content\/uploads\/2026\/01\/path-5738040_1280-300x200.jpg 300w, https:\/\/funzine.hu\/wp-content\/uploads\/2026\/01\/path-5738040_1280-1024x684.jpg 1024w, https:\/\/funzine.hu\/wp-content\/uploads\/2026\/01\/path-5738040_1280-768x513.jpg 768w, https:\/\/funzine.hu\/wp-content\/uploads\/2026\/01\/path-5738040_1280-360x240.jpg 360w, https:\/\/funzine.hu\/wp-content\/uploads\/2026\/01\/path-5738040_1280.jpg 1280w\" sizes=\"(max-width: 850px) 100vw, 850px\" \/><figcaption id=\"caption-attachment-619795\" class=\"wp-caption-text\">ilustracija &#8211; pixabay.com<\/figcaption><\/figure>\n<p>Do Biatorb\u00e1gyja lahko pridemo z avtomobilom iz Budimpe\u0161te v pol ure. \u010ce se raje odpravimo z javnim prevozom, lahko do izhodi\u0161\u010da pohoda, parkiri\u0161\u010da S\u00f3sk\u00fati \u00fati, pridemo v samo 40 minutah z vlakom in nato z avtobusom. Na parkiri\u0161\u010du je tudi informativna tabla, od tam se lahko po rde\u010di turisti\u010dni oznaki po vznemirljivi in raznoliki poti povzpnemo do Nyakas-k\u0151, ki je dobil ime po svoji zna\u010dilni obliki.<\/p>\n<p>Poleg geolo\u0161ke vrednosti Nyakas-k\u0151 ponuja tudi dih jemajo\u010do panoramo bli\u017enjih apnen\u010dastih pe\u010din in hribov, ki se raztezajo proti Biatorb\u00e1gyju in S\u00f3sk\u00fatu spodaj. Zna\u010dilno obliko Nyakas-k\u0151 in okoli\u0161kih klifov je oblikovala erozija, predvsem prevladujo\u010di severozahodni veter, kar je ustvarilo te neverjetne naravne zaklade.<\/p>\n<p>\u010ce nadaljujemo od Nyakas-k\u0151, lahko po rde\u010de ozna\u010deni cesti dose\u017eemo \u0161e eno impresivno to\u010dko Budimskega gorovja, Mad\u00e1rszirt. Na poti sem se moramo spustiti v jarek, ki lo\u010duje obe skali, od koder nas bo navzgor vodila strmej\u0161a pot, zato je za dosego sem potrebnega ve\u010d napora, a razgled zgoraj to nadomesti.<\/p>\n<p>Z Mad\u00e1rszirta lahko ob\u010dudujemo jezero Biai in kotlino Zs\u00e1mb\u00e9ki, vredno pa je pogledati tudi nazaj na ogromne skalne formacije Nyakas-k\u0151.<\/p>\n<p>Po u\u017eivanju na Mad\u00e1rszirtu in kratkem po\u010ditku od napora vzpona se lahko spustimo po u\u010dni poti Sto stopnic, ki jo sestavlja dolg niz stopnic, ki se vije med temi neverjetnimi naravnimi zakladi in vzdol\u017e katerih lahko ob\u010dudujemo spektakularne vdolbine, ki jih je izdolbla erozija.<\/p>\n<p>Pot, obdana z gostim grmi\u010devjem, nas vodi vse do savani podobne skalnate travnate ravnine, od koder se lahko kmalu vrnemo na izhodi\u0161\u010de.<\/p>\n<p>Pohod je dolg pribli\u017eno 2 kilometra, la\u017eji do Nyakas-k\u0151, od tam pa z te\u017ejimi odseki proti Mad\u00e1rszirtu, vendar ga lahko opravijo tudi manj izku\u0161eni pohodniki. Pohodni\u0161ka to\u010dka s \u010dudovitim razgledom je idealna izbira za vikend pohod, ki ponuja do\u017eivetje bli\u017enje narave le na dosegu roke od Budimpe\u0161te.<\/p>\n","protected":false},"excerpt":{"rendered":"<p>Le na dosegu roke od Budimpe\u0161te, Biatorb\u00e1gy, je dom neverjetnih pe\u010din in vrhov, ki jih je vredno<\/p>\n","protected":false},"author":391,"featured_media":619795,"comment_status":"closed","ping_status":"closed","sticky":false,"template":"","format":"standard","meta":{"_acf_changed":false,"wprm-recipe-roundup-name":"","wprm-recipe-roundup-description":"","ngg_post_thumbnail":0,"footnotes":""},"categories":[14345],"tags":[],"post_places":[],"class_list":["post-619794","post","type-post","status-publish","format-standard","has-post-thumbnail","hentry","category-potovanje"],"acf":{"connected_places":"","del_image":""},"yoast_head":"<!-- This site is optimized with the Yoast SEO plugin v27.2 - https:\/\/yoast.com\/product\/yoast-seo-wordpress\/ -->\n<title>Pravlji\u010dna naravna pot se vije med neverjetnimi pe\u010dinami in vrhovi, le na dosegu roke od Budimpe\u0161te<\/title>\n<meta name=\"robots\" content=\"index, follow, max-snippet:-1, max-image-preview:large, max-video-preview:-1\" \/>\n<link rel=\"canonical\" href=\"https:\/\/funzine.hu\/sl\/2026\/01\/27\/potovanje\/pravljicna-naravna-pot-se-vije-med-neverjetnimi-pecinami-in-vrhovi-le-na-dosegu-roke-od-budimpeste\/\" \/>\n<meta property=\"og:locale\" content=\"sl_SI\" \/>\n<meta property=\"og:type\" content=\"article\" \/>\n<meta property=\"og:title\" content=\"Pravlji\u010dna naravna pot se vije med neverjetnimi pe\u010dinami in vrhovi, le na dosegu roke od Budimpe\u0161te\" \/>\n<meta property=\"og:description\" content=\"Le na dosegu roke od Budimpe\u0161te, Biatorb\u00e1gy, je dom neverjetnih pe\u010din in vrhov, ki jih je vredno\" \/>\n<meta property=\"og:url\" content=\"https:\/\/funzine.hu\/sl\/2026\/01\/27\/potovanje\/pravljicna-naravna-pot-se-vije-med-neverjetnimi-pecinami-in-vrhovi-le-na-dosegu-roke-od-budimpeste\/\" \/>\n<meta property=\"og:site_name\" content=\"Funzine\" \/>\n<meta property=\"article:publisher\" content=\"https:\/\/www.facebook.com\/funzine\/\" \/>\n<meta property=\"article:published_time\" content=\"2026-01-27T15:17:21+00:00\" \/>\n<meta property=\"og:image\" content=\"https:\/\/funzine.hu\/wp-content\/uploads\/2026\/01\/path-5738040_1280.jpg\" \/>\n\t<meta property=\"og:image:width\" content=\"1280\" \/>\n\t<meta property=\"og:image:height\" content=\"855\" \/>\n\t<meta property=\"og:image:type\" content=\"image\/jpeg\" \/>\n<meta name=\"author\" content=\"Bodn\u00e1r Zsuzsa\" \/>\n<meta name=\"twitter:card\" content=\"summary_large_image\" \/>\n<meta name=\"twitter:creator\" content=\"@funzine\" \/>\n<meta name=\"twitter:site\" content=\"@funzine\" \/>\n<meta name=\"twitter:label1\" content=\"Written by\" \/>\n\t<meta name=\"twitter:data1\" content=\"Bodn\u00e1r Zsuzsa\" \/>\n\t<meta name=\"twitter:label2\" content=\"Est. reading time\" \/>\n\t<meta name=\"twitter:data2\" content=\"3 minute\" \/>\n<script type=\"application\/ld+json\" class=\"yoast-schema-graph\">{\"@context\":\"https:\/\/schema.org\",\"@graph\":[{\"@type\":\"NewsArticle\",\"@id\":\"https:\/\/funzine.hu\/sl\/2026\/01\/27\/potovanje\/pravljicna-naravna-pot-se-vije-med-neverjetnimi-pecinami-in-vrhovi-le-na-dosegu-roke-od-budimpeste\/#article\",\"isPartOf\":{\"@id\":\"https:\/\/funzine.hu\/sl\/2026\/01\/27\/potovanje\/pravljicna-naravna-pot-se-vije-med-neverjetnimi-pecinami-in-vrhovi-le-na-dosegu-roke-od-budimpeste\/\"},\"author\":{\"name\":\"Bodn\u00e1r Zsuzsa\",\"@id\":\"https:\/\/funzine.hu\/#\/schema\/person\/f3864a88f41183e8c3af70534ac28bb4\"},\"headline\":\"Pravlji\u010dna naravna pot se vije med neverjetnimi pe\u010dinami in vrhovi, le na dosegu roke od Budimpe\u0161te\",\"datePublished\":\"2026-01-27T15:17:21+00:00\",\"mainEntityOfPage\":{\"@id\":\"https:\/\/funzine.hu\/sl\/2026\/01\/27\/potovanje\/pravljicna-naravna-pot-se-vije-med-neverjetnimi-pecinami-in-vrhovi-le-na-dosegu-roke-od-budimpeste\/\"},\"wordCount\":393,\"image\":{\"@id\":\"https:\/\/funzine.hu\/sl\/2026\/01\/27\/potovanje\/pravljicna-naravna-pot-se-vije-med-neverjetnimi-pecinami-in-vrhovi-le-na-dosegu-roke-od-budimpeste\/#primaryimage\"},\"thumbnailUrl\":\"https:\/\/funzine.hu\/wp-content\/uploads\/2026\/01\/path-5738040_1280.jpg\",\"articleSection\":[\"Potovanje\"],\"inLanguage\":\"sl-SI\"},{\"@type\":\"WebPage\",\"@id\":\"https:\/\/funzine.hu\/sl\/2026\/01\/27\/potovanje\/pravljicna-naravna-pot-se-vije-med-neverjetnimi-pecinami-in-vrhovi-le-na-dosegu-roke-od-budimpeste\/\",\"url\":\"https:\/\/funzine.hu\/sl\/2026\/01\/27\/potovanje\/pravljicna-naravna-pot-se-vije-med-neverjetnimi-pecinami-in-vrhovi-le-na-dosegu-roke-od-budimpeste\/\",\"name\":\"Pravlji\u010dna naravna pot se vije med neverjetnimi pe\u010dinami in vrhovi, le na dosegu roke od Budimpe\u0161te\",\"isPartOf\":{\"@id\":\"https:\/\/funzine.hu\/#website\"},\"primaryImageOfPage\":{\"@id\":\"https:\/\/funzine.hu\/sl\/2026\/01\/27\/potovanje\/pravljicna-naravna-pot-se-vije-med-neverjetnimi-pecinami-in-vrhovi-le-na-dosegu-roke-od-budimpeste\/#primaryimage\"},\"image\":{\"@id\":\"https:\/\/funzine.hu\/sl\/2026\/01\/27\/potovanje\/pravljicna-naravna-pot-se-vije-med-neverjetnimi-pecinami-in-vrhovi-le-na-dosegu-roke-od-budimpeste\/#primaryimage\"},\"thumbnailUrl\":\"https:\/\/funzine.hu\/wp-content\/uploads\/2026\/01\/path-5738040_1280.jpg\",\"datePublished\":\"2026-01-27T15:17:21+00:00\",\"author\":{\"@id\":\"https:\/\/funzine.hu\/#\/schema\/person\/f3864a88f41183e8c3af70534ac28bb4\"},\"breadcrumb\":{\"@id\":\"https:\/\/funzine.hu\/sl\/2026\/01\/27\/potovanje\/pravljicna-naravna-pot-se-vije-med-neverjetnimi-pecinami-in-vrhovi-le-na-dosegu-roke-od-budimpeste\/#breadcrumb\"},\"inLanguage\":\"sl-SI\",\"potentialAction\":[{\"@type\":\"ReadAction\",\"target\":[\"https:\/\/funzine.hu\/sl\/2026\/01\/27\/potovanje\/pravljicna-naravna-pot-se-vije-med-neverjetnimi-pecinami-in-vrhovi-le-na-dosegu-roke-od-budimpeste\/\"]}]},{\"@type\":\"ImageObject\",\"inLanguage\":\"sl-SI\",\"@id\":\"https:\/\/funzine.hu\/sl\/2026\/01\/27\/potovanje\/pravljicna-naravna-pot-se-vije-med-neverjetnimi-pecinami-in-vrhovi-le-na-dosegu-roke-od-budimpeste\/#primaryimage\",\"url\":\"https:\/\/funzine.hu\/wp-content\/uploads\/2026\/01\/path-5738040_1280.jpg\",\"contentUrl\":\"https:\/\/funzine.hu\/wp-content\/uploads\/2026\/01\/path-5738040_1280.jpg\",\"width\":1280,\"height\":855,\"caption\":\"ilustracija - pixabay.com\"},{\"@type\":\"BreadcrumbList\",\"@id\":\"https:\/\/funzine.hu\/sl\/2026\/01\/27\/potovanje\/pravljicna-naravna-pot-se-vije-med-neverjetnimi-pecinami-in-vrhovi-le-na-dosegu-roke-od-budimpeste\/#breadcrumb\",\"itemListElement\":[{\"@type\":\"ListItem\",\"position\":1,\"name\":\"Home\",\"item\":\"https:\/\/funzine.hu\/sl\/\"},{\"@type\":\"ListItem\",\"position\":2,\"name\":\"Pravlji\u010dna naravna pot se vije med neverjetnimi pe\u010dinami in vrhovi, le na dosegu roke od Budimpe\u0161te\"}]},{\"@type\":\"WebSite\",\"@id\":\"https:\/\/funzine.hu\/#website\",\"url\":\"https:\/\/funzine.hu\/\",\"name\":\"Funzine\",\"description\":\"\",\"potentialAction\":[{\"@type\":\"SearchAction\",\"target\":{\"@type\":\"EntryPoint\",\"urlTemplate\":\"https:\/\/funzine.hu\/?s={search_term_string}\"},\"query-input\":{\"@type\":\"PropertyValueSpecification\",\"valueRequired\":true,\"valueName\":\"search_term_string\"}}],\"inLanguage\":\"sl-SI\"},{\"@type\":\"Person\",\"@id\":\"https:\/\/funzine.hu\/#\/schema\/person\/f3864a88f41183e8c3af70534ac28bb4\",\"name\":\"Bodn\u00e1r Zsuzsa\",\"image\":{\"@type\":\"ImageObject\",\"inLanguage\":\"sl-SI\",\"@id\":\"https:\/\/secure.gravatar.com\/avatar\/3dac04a042bfb0c015d0f893ef5eb9cca9d966bb5795039862dafd8d2ab5d410?s=96&d=mm&r=g\",\"url\":\"https:\/\/secure.gravatar.com\/avatar\/3dac04a042bfb0c015d0f893ef5eb9cca9d966bb5795039862dafd8d2ab5d410?s=96&d=mm&r=g\",\"contentUrl\":\"https:\/\/secure.gravatar.com\/avatar\/3dac04a042bfb0c015d0f893ef5eb9cca9d966bb5795039862dafd8d2ab5d410?s=96&d=mm&r=g\",\"caption\":\"Bodn\u00e1r Zsuzsa\"},\"url\":\"https:\/\/funzine.hu\/sl\/author\/bodnar-zsuzsa-1984\/\"}]}<\/script>\n<!-- \/ Yoast SEO plugin. -->","yoast_head_json":{"title":"Pravlji\u010dna naravna pot se vije med neverjetnimi pe\u010dinami in vrhovi, le na dosegu roke od Budimpe\u0161te","robots":{"index":"index","follow":"follow","max-snippet":"max-snippet:-1","max-image-preview":"max-image-preview:large","max-video-preview":"max-video-preview:-1"},"canonical":"https:\/\/funzine.hu\/sl\/2026\/01\/27\/potovanje\/pravljicna-naravna-pot-se-vije-med-neverjetnimi-pecinami-in-vrhovi-le-na-dosegu-roke-od-budimpeste\/","og_locale":"sl_SI","og_type":"article","og_title":"Pravlji\u010dna naravna pot se vije med neverjetnimi pe\u010dinami in vrhovi, le na dosegu roke od Budimpe\u0161te","og_description":"Le na dosegu roke od Budimpe\u0161te, Biatorb\u00e1gy, je dom neverjetnih pe\u010din in vrhov, ki jih je vredno","og_url":"https:\/\/funzine.hu\/sl\/2026\/01\/27\/potovanje\/pravljicna-naravna-pot-se-vije-med-neverjetnimi-pecinami-in-vrhovi-le-na-dosegu-roke-od-budimpeste\/","og_site_name":"Funzine","article_publisher":"https:\/\/www.facebook.com\/funzine\/","article_published_time":"2026-01-27T15:17:21+00:00","og_image":[{"width":1280,"height":855,"url":"https:\/\/funzine.hu\/wp-content\/uploads\/2026\/01\/path-5738040_1280.jpg","type":"image\/jpeg"}],"author":"Bodn\u00e1r Zsuzsa","twitter_card":"summary_large_image","twitter_creator":"@funzine","twitter_site":"@funzine","twitter_misc":{"Written by":"Bodn\u00e1r Zsuzsa","Est. reading time":"3 minute"},"schema":{"@context":"https:\/\/schema.org","@graph":[{"@type":"NewsArticle","@id":"https:\/\/funzine.hu\/sl\/2026\/01\/27\/potovanje\/pravljicna-naravna-pot-se-vije-med-neverjetnimi-pecinami-in-vrhovi-le-na-dosegu-roke-od-budimpeste\/#article","isPartOf":{"@id":"https:\/\/funzine.hu\/sl\/2026\/01\/27\/potovanje\/pravljicna-naravna-pot-se-vije-med-neverjetnimi-pecinami-in-vrhovi-le-na-dosegu-roke-od-budimpeste\/"},"author":{"name":"Bodn\u00e1r Zsuzsa","@id":"https:\/\/funzine.hu\/#\/schema\/person\/f3864a88f41183e8c3af70534ac28bb4"},"headline":"Pravlji\u010dna naravna pot se vije med neverjetnimi pe\u010dinami in vrhovi, le na dosegu roke od Budimpe\u0161te","datePublished":"2026-01-27T15:17:21+00:00","mainEntityOfPage":{"@id":"https:\/\/funzine.hu\/sl\/2026\/01\/27\/potovanje\/pravljicna-naravna-pot-se-vije-med-neverjetnimi-pecinami-in-vrhovi-le-na-dosegu-roke-od-budimpeste\/"},"wordCount":393,"image":{"@id":"https:\/\/funzine.hu\/sl\/2026\/01\/27\/potovanje\/pravljicna-naravna-pot-se-vije-med-neverjetnimi-pecinami-in-vrhovi-le-na-dosegu-roke-od-budimpeste\/#primaryimage"},"thumbnailUrl":"https:\/\/funzine.hu\/wp-content\/uploads\/2026\/01\/path-5738040_1280.jpg","articleSection":["Potovanje"],"inLanguage":"sl-SI"},{"@type":"WebPage","@id":"https:\/\/funzine.hu\/sl\/2026\/01\/27\/potovanje\/pravljicna-naravna-pot-se-vije-med-neverjetnimi-pecinami-in-vrhovi-le-na-dosegu-roke-od-budimpeste\/","url":"https:\/\/funzine.hu\/sl\/2026\/01\/27\/potovanje\/pravljicna-naravna-pot-se-vije-med-neverjetnimi-pecinami-in-vrhovi-le-na-dosegu-roke-od-budimpeste\/","name":"Pravlji\u010dna naravna pot se vije med neverjetnimi pe\u010dinami in vrhovi, le na dosegu roke od Budimpe\u0161te","isPartOf":{"@id":"https:\/\/funzine.hu\/#website"},"primaryImageOfPage":{"@id":"https:\/\/funzine.hu\/sl\/2026\/01\/27\/potovanje\/pravljicna-naravna-pot-se-vije-med-neverjetnimi-pecinami-in-vrhovi-le-na-dosegu-roke-od-budimpeste\/#primaryimage"},"image":{"@id":"https:\/\/funzine.hu\/sl\/2026\/01\/27\/potovanje\/pravljicna-naravna-pot-se-vije-med-neverjetnimi-pecinami-in-vrhovi-le-na-dosegu-roke-od-budimpeste\/#primaryimage"},"thumbnailUrl":"https:\/\/funzine.hu\/wp-content\/uploads\/2026\/01\/path-5738040_1280.jpg","datePublished":"2026-01-27T15:17:21+00:00","author":{"@id":"https:\/\/funzine.hu\/#\/schema\/person\/f3864a88f41183e8c3af70534ac28bb4"},"breadcrumb":{"@id":"https:\/\/funzine.hu\/sl\/2026\/01\/27\/potovanje\/pravljicna-naravna-pot-se-vije-med-neverjetnimi-pecinami-in-vrhovi-le-na-dosegu-roke-od-budimpeste\/#breadcrumb"},"inLanguage":"sl-SI","potentialAction":[{"@type":"ReadAction","target":["https:\/\/funzine.hu\/sl\/2026\/01\/27\/potovanje\/pravljicna-naravna-pot-se-vije-med-neverjetnimi-pecinami-in-vrhovi-le-na-dosegu-roke-od-budimpeste\/"]}]},{"@type":"ImageObject","inLanguage":"sl-SI","@id":"https:\/\/funzine.hu\/sl\/2026\/01\/27\/potovanje\/pravljicna-naravna-pot-se-vije-med-neverjetnimi-pecinami-in-vrhovi-le-na-dosegu-roke-od-budimpeste\/#primaryimage","url":"https:\/\/funzine.hu\/wp-content\/uploads\/2026\/01\/path-5738040_1280.jpg","contentUrl":"https:\/\/funzine.hu\/wp-content\/uploads\/2026\/01\/path-5738040_1280.jpg","width":1280,"height":855,"caption":"ilustracija - pixabay.com"},{"@type":"BreadcrumbList","@id":"https:\/\/funzine.hu\/sl\/2026\/01\/27\/potovanje\/pravljicna-naravna-pot-se-vije-med-neverjetnimi-pecinami-in-vrhovi-le-na-dosegu-roke-od-budimpeste\/#breadcrumb","itemListElement":[{"@type":"ListItem","position":1,"name":"Home","item":"https:\/\/funzine.hu\/sl\/"},{"@type":"ListItem","position":2,"name":"Pravlji\u010dna naravna pot se vije med neverjetnimi pe\u010dinami in vrhovi, le na dosegu roke od Budimpe\u0161te"}]},{"@type":"WebSite","@id":"https:\/\/funzine.hu\/#website","url":"https:\/\/funzine.hu\/","name":"Funzine","description":"","potentialAction":[{"@type":"SearchAction","target":{"@type":"EntryPoint","urlTemplate":"https:\/\/funzine.hu\/?s={search_term_string}"},"query-input":{"@type":"PropertyValueSpecification","valueRequired":true,"valueName":"search_term_string"}}],"inLanguage":"sl-SI"},{"@type":"Person","@id":"https:\/\/funzine.hu\/#\/schema\/person\/f3864a88f41183e8c3af70534ac28bb4","name":"Bodn\u00e1r Zsuzsa","image":{"@type":"ImageObject","inLanguage":"sl-SI","@id":"https:\/\/secure.gravatar.com\/avatar\/3dac04a042bfb0c015d0f893ef5eb9cca9d966bb5795039862dafd8d2ab5d410?s=96&d=mm&r=g","url":"https:\/\/secure.gravatar.com\/avatar\/3dac04a042bfb0c015d0f893ef5eb9cca9d966bb5795039862dafd8d2ab5d410?s=96&d=mm&r=g","contentUrl":"https:\/\/secure.gravatar.com\/avatar\/3dac04a042bfb0c015d0f893ef5eb9cca9d966bb5795039862dafd8d2ab5d410?s=96&d=mm&r=g","caption":"Bodn\u00e1r Zsuzsa"},"url":"https:\/\/funzine.hu\/sl\/author\/bodnar-zsuzsa-1984\/"}]}},"amp_enabled":true,"_links":{"self":[{"href":"https:\/\/funzine.hu\/sl\/wp-json\/wp\/v2\/posts\/619794","targetHints":{"allow":["GET"]}}],"collection":[{"href":"https:\/\/funzine.hu\/sl\/wp-json\/wp\/v2\/posts"}],"about":[{"href":"https:\/\/funzine.hu\/sl\/wp-json\/wp\/v2\/types\/post"}],"author":[{"embeddable":true,"href":"https:\/\/funzine.hu\/sl\/wp-json\/wp\/v2\/users\/391"}],"replies":[{"embeddable":true,"href":"https:\/\/funzine.hu\/sl\/wp-json\/wp\/v2\/comments?post=619794"}],"version-history":[{"count":1,"href":"https:\/\/funzine.hu\/sl\/wp-json\/wp\/v2\/posts\/619794\/revisions"}],"predecessor-version":[{"id":619797,"href":"https:\/\/funzine.hu\/sl\/wp-json\/wp\/v2\/posts\/619794\/revisions\/619797"}],"wp:featuredmedia":[{"embeddable":true,"href":"https:\/\/funzine.hu\/sl\/wp-json\/wp\/v2\/media\/619795"}],"wp:attachment":[{"href":"https:\/\/funzine.hu\/sl\/wp-json\/wp\/v2\/media?parent=619794"}],"wp:term":[{"taxonomy":"category","embeddable":true,"href":"https:\/\/funzine.hu\/sl\/wp-json\/wp\/v2\/categories?post=619794"},{"taxonomy":"post_tag","embeddable":true,"href":"https:\/\/funzine.hu\/sl\/wp-json\/wp\/v2\/tags?post=619794"},{"taxonomy":"post_places","embeddable":true,"href":"https:\/\/funzine.hu\/sl\/wp-json\/wp\/v2\/post_places?post=619794"}],"curies":[{"name":"wp","href":"https:\/\/api.w.org\/{rel}","templated":true}]}}