{"id":619490,"date":"2026-01-22T16:47:00","date_gmt":"2026-01-22T15:47:00","guid":{"rendered":"https:\/\/funzine.hu\/?p=619490"},"modified":"2026-01-22T16:47:00","modified_gmt":"2026-01-22T15:47:00","slug":"posebna-lahka-zeleznica-bukk-vas-bo-januarja-popeljala-skozi-pravljicne-zimske-pokrajine","status":"publish","type":"post","link":"https:\/\/funzine.hu\/sl\/2026\/01\/22\/potovanje\/posebna-lahka-zeleznica-bukk-vas-bo-januarja-popeljala-skozi-pravljicne-zimske-pokrajine\/","title":{"rendered":"Posebna lahka \u017eeleznica B\u00fckk vas bo januarja popeljala skozi pravlji\u010dne zimske pokrajine"},"content":{"rendered":"<p>Konec prvega meseca novega leta bo \u00c9szakerd\u0151 Zrt. ponovno uvedel posebno linijo iz Miskolca v Mah\u00f3co. Tokrat vas bo lahka \u017eeleznica popeljala skozi pravlji\u010dne pokrajine in vas povabila na zimsko pustolov\u0161\u010dino, za\u010dinjeno z vznemirljivimi programi.<\/p>\n<p>&nbsp;<\/p>\n<p>\u00c9szakerd\u0151 Zrt. bo 31. januarja 2026 organiziral prvi dogodek lahke \u017eeleznice v novem letu, v okviru katerega se lahko udele\u017eite posebne poti in ni\u010d manj posebne vo\u017enje z vlakom. Z\u00fazmara Expressz, ki bo odpeljal proti Mah\u00f3ci, bo to soboto odpeljal s postaje Miskolc-Dorottya utca ob 9.30 in ob 13.05. V okviru programa se lahko udele\u017eite tudi po\u017eivljajo\u010dega gozdnega sprehoda, odkrijete pa lahko tudi \u010dudovito jezero Varb\u00f3i.<\/p>\n<p>&nbsp;<\/p>\n<p>Za tiste, ki imajo raje bolj neformalen program, morda zimski piknik, se spla\u010da izstopiti na zadnji postaji pred Mah\u00f3co in raziskati vodnjak And\u00f3, gozdno jaso, ki ga obdaja, ter izvir in izvirsko jezero, ki se nahajata tukaj.<\/p>\n<p>&nbsp;<\/p>\n<p>Z\u00fazmara Expressz seveda ponuja povratno vo\u017enjo: posebna linija odpelje ob 11.35 in ob 15.15 nazaj v Mi\u0161kolc. Ve\u010d informacij o kotizacijah in registraciji najdete na Facebook strani \u00c9szakerd\u0151 Zrt. s klikom tukaj.<\/p>\n<figure id=\"attachment_619491\" aria-describedby=\"caption-attachment-619491\" style=\"width: 850px\" class=\"wp-caption aligncenter\"><img decoding=\"async\" class=\"size-funzine-large wp-image-619491\" src=\"https:\/\/funzine.hu\/wp-content\/uploads\/2026\/01\/trees-9554107_1280-1200x800.jpg\" alt=\"\" width=\"850\" height=\"567\" srcset=\"https:\/\/funzine.hu\/wp-content\/uploads\/2026\/01\/trees-9554107_1280-1200x800.jpg 1200w, https:\/\/funzine.hu\/wp-content\/uploads\/2026\/01\/trees-9554107_1280-300x200.jpg 300w, https:\/\/funzine.hu\/wp-content\/uploads\/2026\/01\/trees-9554107_1280-1024x682.jpg 1024w, https:\/\/funzine.hu\/wp-content\/uploads\/2026\/01\/trees-9554107_1280-768x512.jpg 768w, https:\/\/funzine.hu\/wp-content\/uploads\/2026\/01\/trees-9554107_1280-360x240.jpg 360w, https:\/\/funzine.hu\/wp-content\/uploads\/2026\/01\/trees-9554107_1280.jpg 1280w\" sizes=\"(max-width: 850px) 100vw, 850px\" \/><figcaption id=\"caption-attachment-619491\" class=\"wp-caption-text\">ilustracija &#8211; pixabay.com<\/figcaption><\/figure>\n","protected":false},"excerpt":{"rendered":"<p>Konec prvega meseca novega leta bo \u00c9szakerd\u0151 Zrt. ponovno uvedel posebno linijo iz Miskolca v<\/p>\n","protected":false},"author":391,"featured_media":619491,"comment_status":"closed","ping_status":"closed","sticky":false,"template":"","format":"standard","meta":{"_acf_changed":false,"wprm-recipe-roundup-name":"","wprm-recipe-roundup-description":"","ngg_post_thumbnail":0,"footnotes":""},"categories":[14345],"tags":[],"post_places":[],"class_list":["post-619490","post","type-post","status-publish","format-standard","has-post-thumbnail","hentry","category-potovanje"],"acf":{"connected_places":"","del_image":""},"yoast_head":"<!-- This site is optimized with the Yoast SEO plugin v27.2 - https:\/\/yoast.com\/product\/yoast-seo-wordpress\/ -->\n<title>Posebna lahka \u017eeleznica B\u00fckk vas bo januarja popeljala skozi pravlji\u010dne zimske pokrajine<\/title>\n<meta name=\"robots\" content=\"index, follow, max-snippet:-1, max-image-preview:large, max-video-preview:-1\" \/>\n<link rel=\"canonical\" href=\"https:\/\/funzine.hu\/sl\/2026\/01\/22\/potovanje\/posebna-lahka-zeleznica-bukk-vas-bo-januarja-popeljala-skozi-pravljicne-zimske-pokrajine\/\" \/>\n<meta property=\"og:locale\" content=\"sl_SI\" \/>\n<meta property=\"og:type\" content=\"article\" \/>\n<meta property=\"og:title\" content=\"Posebna lahka \u017eeleznica B\u00fckk vas bo januarja popeljala skozi pravlji\u010dne zimske pokrajine\" \/>\n<meta property=\"og:description\" content=\"Konec prvega meseca novega leta bo \u00c9szakerd\u0151 Zrt. ponovno uvedel posebno linijo iz Miskolca v\" \/>\n<meta property=\"og:url\" content=\"https:\/\/funzine.hu\/sl\/2026\/01\/22\/potovanje\/posebna-lahka-zeleznica-bukk-vas-bo-januarja-popeljala-skozi-pravljicne-zimske-pokrajine\/\" \/>\n<meta property=\"og:site_name\" content=\"Funzine\" \/>\n<meta property=\"article:publisher\" content=\"https:\/\/www.facebook.com\/funzine\/\" \/>\n<meta property=\"article:published_time\" content=\"2026-01-22T15:47:00+00:00\" \/>\n<meta property=\"og:image\" content=\"https:\/\/funzine.hu\/wp-content\/uploads\/2026\/01\/trees-9554107_1280.jpg\" \/>\n\t<meta property=\"og:image:width\" content=\"1280\" \/>\n\t<meta property=\"og:image:height\" content=\"853\" \/>\n\t<meta property=\"og:image:type\" content=\"image\/jpeg\" \/>\n<meta name=\"author\" content=\"Bodn\u00e1r Zsuzsa\" \/>\n<meta name=\"twitter:card\" content=\"summary_large_image\" \/>\n<meta name=\"twitter:creator\" content=\"@funzine\" \/>\n<meta name=\"twitter:site\" content=\"@funzine\" \/>\n<meta name=\"twitter:label1\" content=\"Written by\" \/>\n\t<meta name=\"twitter:data1\" content=\"Bodn\u00e1r Zsuzsa\" \/>\n\t<meta name=\"twitter:label2\" content=\"Est. reading time\" \/>\n\t<meta name=\"twitter:data2\" content=\"2 minuti\" \/>\n<script type=\"application\/ld+json\" class=\"yoast-schema-graph\">{\"@context\":\"https:\/\/schema.org\",\"@graph\":[{\"@type\":\"NewsArticle\",\"@id\":\"https:\/\/funzine.hu\/sl\/2026\/01\/22\/potovanje\/posebna-lahka-zeleznica-bukk-vas-bo-januarja-popeljala-skozi-pravljicne-zimske-pokrajine\/#article\",\"isPartOf\":{\"@id\":\"https:\/\/funzine.hu\/sl\/2026\/01\/22\/potovanje\/posebna-lahka-zeleznica-bukk-vas-bo-januarja-popeljala-skozi-pravljicne-zimske-pokrajine\/\"},\"author\":{\"name\":\"Bodn\u00e1r Zsuzsa\",\"@id\":\"https:\/\/funzine.hu\/#\/schema\/person\/f3864a88f41183e8c3af70534ac28bb4\"},\"headline\":\"Posebna lahka \u017eeleznica B\u00fckk vas bo januarja popeljala skozi pravlji\u010dne zimske pokrajine\",\"datePublished\":\"2026-01-22T15:47:00+00:00\",\"mainEntityOfPage\":{\"@id\":\"https:\/\/funzine.hu\/sl\/2026\/01\/22\/potovanje\/posebna-lahka-zeleznica-bukk-vas-bo-januarja-popeljala-skozi-pravljicne-zimske-pokrajine\/\"},\"wordCount\":209,\"image\":{\"@id\":\"https:\/\/funzine.hu\/sl\/2026\/01\/22\/potovanje\/posebna-lahka-zeleznica-bukk-vas-bo-januarja-popeljala-skozi-pravljicne-zimske-pokrajine\/#primaryimage\"},\"thumbnailUrl\":\"https:\/\/funzine.hu\/wp-content\/uploads\/2026\/01\/trees-9554107_1280.jpg\",\"articleSection\":[\"Potovanje\"],\"inLanguage\":\"sl-SI\"},{\"@type\":\"WebPage\",\"@id\":\"https:\/\/funzine.hu\/sl\/2026\/01\/22\/potovanje\/posebna-lahka-zeleznica-bukk-vas-bo-januarja-popeljala-skozi-pravljicne-zimske-pokrajine\/\",\"url\":\"https:\/\/funzine.hu\/sl\/2026\/01\/22\/potovanje\/posebna-lahka-zeleznica-bukk-vas-bo-januarja-popeljala-skozi-pravljicne-zimske-pokrajine\/\",\"name\":\"Posebna lahka \u017eeleznica B\u00fckk vas bo januarja popeljala skozi pravlji\u010dne zimske pokrajine\",\"isPartOf\":{\"@id\":\"https:\/\/funzine.hu\/#website\"},\"primaryImageOfPage\":{\"@id\":\"https:\/\/funzine.hu\/sl\/2026\/01\/22\/potovanje\/posebna-lahka-zeleznica-bukk-vas-bo-januarja-popeljala-skozi-pravljicne-zimske-pokrajine\/#primaryimage\"},\"image\":{\"@id\":\"https:\/\/funzine.hu\/sl\/2026\/01\/22\/potovanje\/posebna-lahka-zeleznica-bukk-vas-bo-januarja-popeljala-skozi-pravljicne-zimske-pokrajine\/#primaryimage\"},\"thumbnailUrl\":\"https:\/\/funzine.hu\/wp-content\/uploads\/2026\/01\/trees-9554107_1280.jpg\",\"datePublished\":\"2026-01-22T15:47:00+00:00\",\"author\":{\"@id\":\"https:\/\/funzine.hu\/#\/schema\/person\/f3864a88f41183e8c3af70534ac28bb4\"},\"breadcrumb\":{\"@id\":\"https:\/\/funzine.hu\/sl\/2026\/01\/22\/potovanje\/posebna-lahka-zeleznica-bukk-vas-bo-januarja-popeljala-skozi-pravljicne-zimske-pokrajine\/#breadcrumb\"},\"inLanguage\":\"sl-SI\",\"potentialAction\":[{\"@type\":\"ReadAction\",\"target\":[\"https:\/\/funzine.hu\/sl\/2026\/01\/22\/potovanje\/posebna-lahka-zeleznica-bukk-vas-bo-januarja-popeljala-skozi-pravljicne-zimske-pokrajine\/\"]}]},{\"@type\":\"ImageObject\",\"inLanguage\":\"sl-SI\",\"@id\":\"https:\/\/funzine.hu\/sl\/2026\/01\/22\/potovanje\/posebna-lahka-zeleznica-bukk-vas-bo-januarja-popeljala-skozi-pravljicne-zimske-pokrajine\/#primaryimage\",\"url\":\"https:\/\/funzine.hu\/wp-content\/uploads\/2026\/01\/trees-9554107_1280.jpg\",\"contentUrl\":\"https:\/\/funzine.hu\/wp-content\/uploads\/2026\/01\/trees-9554107_1280.jpg\",\"width\":1280,\"height\":853,\"caption\":\"ilustracija - pixabay.com\"},{\"@type\":\"BreadcrumbList\",\"@id\":\"https:\/\/funzine.hu\/sl\/2026\/01\/22\/potovanje\/posebna-lahka-zeleznica-bukk-vas-bo-januarja-popeljala-skozi-pravljicne-zimske-pokrajine\/#breadcrumb\",\"itemListElement\":[{\"@type\":\"ListItem\",\"position\":1,\"name\":\"Home\",\"item\":\"https:\/\/funzine.hu\/sl\/\"},{\"@type\":\"ListItem\",\"position\":2,\"name\":\"Posebna lahka \u017eeleznica B\u00fckk vas bo januarja popeljala skozi pravlji\u010dne zimske pokrajine\"}]},{\"@type\":\"WebSite\",\"@id\":\"https:\/\/funzine.hu\/#website\",\"url\":\"https:\/\/funzine.hu\/\",\"name\":\"Funzine\",\"description\":\"\",\"potentialAction\":[{\"@type\":\"SearchAction\",\"target\":{\"@type\":\"EntryPoint\",\"urlTemplate\":\"https:\/\/funzine.hu\/?s={search_term_string}\"},\"query-input\":{\"@type\":\"PropertyValueSpecification\",\"valueRequired\":true,\"valueName\":\"search_term_string\"}}],\"inLanguage\":\"sl-SI\"},{\"@type\":\"Person\",\"@id\":\"https:\/\/funzine.hu\/#\/schema\/person\/f3864a88f41183e8c3af70534ac28bb4\",\"name\":\"Bodn\u00e1r Zsuzsa\",\"image\":{\"@type\":\"ImageObject\",\"inLanguage\":\"sl-SI\",\"@id\":\"https:\/\/secure.gravatar.com\/avatar\/3dac04a042bfb0c015d0f893ef5eb9cca9d966bb5795039862dafd8d2ab5d410?s=96&d=mm&r=g\",\"url\":\"https:\/\/secure.gravatar.com\/avatar\/3dac04a042bfb0c015d0f893ef5eb9cca9d966bb5795039862dafd8d2ab5d410?s=96&d=mm&r=g\",\"contentUrl\":\"https:\/\/secure.gravatar.com\/avatar\/3dac04a042bfb0c015d0f893ef5eb9cca9d966bb5795039862dafd8d2ab5d410?s=96&d=mm&r=g\",\"caption\":\"Bodn\u00e1r Zsuzsa\"},\"url\":\"https:\/\/funzine.hu\/sl\/author\/bodnar-zsuzsa-1984\/\"}]}<\/script>\n<!-- \/ Yoast SEO plugin. -->","yoast_head_json":{"title":"Posebna lahka \u017eeleznica B\u00fckk vas bo januarja popeljala skozi pravlji\u010dne zimske pokrajine","robots":{"index":"index","follow":"follow","max-snippet":"max-snippet:-1","max-image-preview":"max-image-preview:large","max-video-preview":"max-video-preview:-1"},"canonical":"https:\/\/funzine.hu\/sl\/2026\/01\/22\/potovanje\/posebna-lahka-zeleznica-bukk-vas-bo-januarja-popeljala-skozi-pravljicne-zimske-pokrajine\/","og_locale":"sl_SI","og_type":"article","og_title":"Posebna lahka \u017eeleznica B\u00fckk vas bo januarja popeljala skozi pravlji\u010dne zimske pokrajine","og_description":"Konec prvega meseca novega leta bo \u00c9szakerd\u0151 Zrt. ponovno uvedel posebno linijo iz Miskolca v","og_url":"https:\/\/funzine.hu\/sl\/2026\/01\/22\/potovanje\/posebna-lahka-zeleznica-bukk-vas-bo-januarja-popeljala-skozi-pravljicne-zimske-pokrajine\/","og_site_name":"Funzine","article_publisher":"https:\/\/www.facebook.com\/funzine\/","article_published_time":"2026-01-22T15:47:00+00:00","og_image":[{"width":1280,"height":853,"url":"https:\/\/funzine.hu\/wp-content\/uploads\/2026\/01\/trees-9554107_1280.jpg","type":"image\/jpeg"}],"author":"Bodn\u00e1r Zsuzsa","twitter_card":"summary_large_image","twitter_creator":"@funzine","twitter_site":"@funzine","twitter_misc":{"Written by":"Bodn\u00e1r Zsuzsa","Est. reading time":"2 minuti"},"schema":{"@context":"https:\/\/schema.org","@graph":[{"@type":"NewsArticle","@id":"https:\/\/funzine.hu\/sl\/2026\/01\/22\/potovanje\/posebna-lahka-zeleznica-bukk-vas-bo-januarja-popeljala-skozi-pravljicne-zimske-pokrajine\/#article","isPartOf":{"@id":"https:\/\/funzine.hu\/sl\/2026\/01\/22\/potovanje\/posebna-lahka-zeleznica-bukk-vas-bo-januarja-popeljala-skozi-pravljicne-zimske-pokrajine\/"},"author":{"name":"Bodn\u00e1r Zsuzsa","@id":"https:\/\/funzine.hu\/#\/schema\/person\/f3864a88f41183e8c3af70534ac28bb4"},"headline":"Posebna lahka \u017eeleznica B\u00fckk vas bo januarja popeljala skozi pravlji\u010dne zimske pokrajine","datePublished":"2026-01-22T15:47:00+00:00","mainEntityOfPage":{"@id":"https:\/\/funzine.hu\/sl\/2026\/01\/22\/potovanje\/posebna-lahka-zeleznica-bukk-vas-bo-januarja-popeljala-skozi-pravljicne-zimske-pokrajine\/"},"wordCount":209,"image":{"@id":"https:\/\/funzine.hu\/sl\/2026\/01\/22\/potovanje\/posebna-lahka-zeleznica-bukk-vas-bo-januarja-popeljala-skozi-pravljicne-zimske-pokrajine\/#primaryimage"},"thumbnailUrl":"https:\/\/funzine.hu\/wp-content\/uploads\/2026\/01\/trees-9554107_1280.jpg","articleSection":["Potovanje"],"inLanguage":"sl-SI"},{"@type":"WebPage","@id":"https:\/\/funzine.hu\/sl\/2026\/01\/22\/potovanje\/posebna-lahka-zeleznica-bukk-vas-bo-januarja-popeljala-skozi-pravljicne-zimske-pokrajine\/","url":"https:\/\/funzine.hu\/sl\/2026\/01\/22\/potovanje\/posebna-lahka-zeleznica-bukk-vas-bo-januarja-popeljala-skozi-pravljicne-zimske-pokrajine\/","name":"Posebna lahka \u017eeleznica B\u00fckk vas bo januarja popeljala skozi pravlji\u010dne zimske pokrajine","isPartOf":{"@id":"https:\/\/funzine.hu\/#website"},"primaryImageOfPage":{"@id":"https:\/\/funzine.hu\/sl\/2026\/01\/22\/potovanje\/posebna-lahka-zeleznica-bukk-vas-bo-januarja-popeljala-skozi-pravljicne-zimske-pokrajine\/#primaryimage"},"image":{"@id":"https:\/\/funzine.hu\/sl\/2026\/01\/22\/potovanje\/posebna-lahka-zeleznica-bukk-vas-bo-januarja-popeljala-skozi-pravljicne-zimske-pokrajine\/#primaryimage"},"thumbnailUrl":"https:\/\/funzine.hu\/wp-content\/uploads\/2026\/01\/trees-9554107_1280.jpg","datePublished":"2026-01-22T15:47:00+00:00","author":{"@id":"https:\/\/funzine.hu\/#\/schema\/person\/f3864a88f41183e8c3af70534ac28bb4"},"breadcrumb":{"@id":"https:\/\/funzine.hu\/sl\/2026\/01\/22\/potovanje\/posebna-lahka-zeleznica-bukk-vas-bo-januarja-popeljala-skozi-pravljicne-zimske-pokrajine\/#breadcrumb"},"inLanguage":"sl-SI","potentialAction":[{"@type":"ReadAction","target":["https:\/\/funzine.hu\/sl\/2026\/01\/22\/potovanje\/posebna-lahka-zeleznica-bukk-vas-bo-januarja-popeljala-skozi-pravljicne-zimske-pokrajine\/"]}]},{"@type":"ImageObject","inLanguage":"sl-SI","@id":"https:\/\/funzine.hu\/sl\/2026\/01\/22\/potovanje\/posebna-lahka-zeleznica-bukk-vas-bo-januarja-popeljala-skozi-pravljicne-zimske-pokrajine\/#primaryimage","url":"https:\/\/funzine.hu\/wp-content\/uploads\/2026\/01\/trees-9554107_1280.jpg","contentUrl":"https:\/\/funzine.hu\/wp-content\/uploads\/2026\/01\/trees-9554107_1280.jpg","width":1280,"height":853,"caption":"ilustracija - pixabay.com"},{"@type":"BreadcrumbList","@id":"https:\/\/funzine.hu\/sl\/2026\/01\/22\/potovanje\/posebna-lahka-zeleznica-bukk-vas-bo-januarja-popeljala-skozi-pravljicne-zimske-pokrajine\/#breadcrumb","itemListElement":[{"@type":"ListItem","position":1,"name":"Home","item":"https:\/\/funzine.hu\/sl\/"},{"@type":"ListItem","position":2,"name":"Posebna lahka \u017eeleznica B\u00fckk vas bo januarja popeljala skozi pravlji\u010dne zimske pokrajine"}]},{"@type":"WebSite","@id":"https:\/\/funzine.hu\/#website","url":"https:\/\/funzine.hu\/","name":"Funzine","description":"","potentialAction":[{"@type":"SearchAction","target":{"@type":"EntryPoint","urlTemplate":"https:\/\/funzine.hu\/?s={search_term_string}"},"query-input":{"@type":"PropertyValueSpecification","valueRequired":true,"valueName":"search_term_string"}}],"inLanguage":"sl-SI"},{"@type":"Person","@id":"https:\/\/funzine.hu\/#\/schema\/person\/f3864a88f41183e8c3af70534ac28bb4","name":"Bodn\u00e1r Zsuzsa","image":{"@type":"ImageObject","inLanguage":"sl-SI","@id":"https:\/\/secure.gravatar.com\/avatar\/3dac04a042bfb0c015d0f893ef5eb9cca9d966bb5795039862dafd8d2ab5d410?s=96&d=mm&r=g","url":"https:\/\/secure.gravatar.com\/avatar\/3dac04a042bfb0c015d0f893ef5eb9cca9d966bb5795039862dafd8d2ab5d410?s=96&d=mm&r=g","contentUrl":"https:\/\/secure.gravatar.com\/avatar\/3dac04a042bfb0c015d0f893ef5eb9cca9d966bb5795039862dafd8d2ab5d410?s=96&d=mm&r=g","caption":"Bodn\u00e1r Zsuzsa"},"url":"https:\/\/funzine.hu\/sl\/author\/bodnar-zsuzsa-1984\/"}]}},"amp_enabled":true,"_links":{"self":[{"href":"https:\/\/funzine.hu\/sl\/wp-json\/wp\/v2\/posts\/619490","targetHints":{"allow":["GET"]}}],"collection":[{"href":"https:\/\/funzine.hu\/sl\/wp-json\/wp\/v2\/posts"}],"about":[{"href":"https:\/\/funzine.hu\/sl\/wp-json\/wp\/v2\/types\/post"}],"author":[{"embeddable":true,"href":"https:\/\/funzine.hu\/sl\/wp-json\/wp\/v2\/users\/391"}],"replies":[{"embeddable":true,"href":"https:\/\/funzine.hu\/sl\/wp-json\/wp\/v2\/comments?post=619490"}],"version-history":[{"count":1,"href":"https:\/\/funzine.hu\/sl\/wp-json\/wp\/v2\/posts\/619490\/revisions"}],"predecessor-version":[{"id":619492,"href":"https:\/\/funzine.hu\/sl\/wp-json\/wp\/v2\/posts\/619490\/revisions\/619492"}],"wp:featuredmedia":[{"embeddable":true,"href":"https:\/\/funzine.hu\/sl\/wp-json\/wp\/v2\/media\/619491"}],"wp:attachment":[{"href":"https:\/\/funzine.hu\/sl\/wp-json\/wp\/v2\/media?parent=619490"}],"wp:term":[{"taxonomy":"category","embeddable":true,"href":"https:\/\/funzine.hu\/sl\/wp-json\/wp\/v2\/categories?post=619490"},{"taxonomy":"post_tag","embeddable":true,"href":"https:\/\/funzine.hu\/sl\/wp-json\/wp\/v2\/tags?post=619490"},{"taxonomy":"post_places","embeddable":true,"href":"https:\/\/funzine.hu\/sl\/wp-json\/wp\/v2\/post_places?post=619490"}],"curies":[{"name":"wp","href":"https:\/\/api.w.org\/{rel}","templated":true}]}}