{"id":619483,"date":"2026-01-22T16:44:18","date_gmt":"2026-01-22T15:44:18","guid":{"rendered":"https:\/\/funzine.hu\/?p=619483"},"modified":"2026-01-22T16:44:18","modified_gmt":"2026-01-22T15:44:18","slug":"5-zimskih-zatocisc-v-zemplenu-kjer-mir-in-slikovita-pokrajina-hkrati-pospesita-srcni-utrip","status":"publish","type":"post","link":"https:\/\/funzine.hu\/sl\/2026\/01\/22\/potovanje\/5-zimskih-zatocisc-v-zemplenu-kjer-mir-in-slikovita-pokrajina-hkrati-pospesita-srcni-utrip\/","title":{"rendered":"5 zimskih zato\u010di\u0161\u010d v Zemplenu, kjer mir in slikovita pokrajina hkrati pospe\u0161ita sr\u010dni utrip"},"content":{"rendered":"<p>Zemplensko gorovje, znano kot najsevernej\u0161a povezava Severnega osrednjega gorovja, s svojimi pobo\u010dji in \u0161tevilnimi o\u010darljivimi naselji ponuja pravo zimsko zato\u010di\u0161\u010de, \u010de bi za trenutek ustavili \u010das in vstopili v slikovit svet razglednic. Obujte si pohodni\u0161ke \u010devlje in odkrijte idili\u010dne vasi ter \u0161tevilne osupljive panoramske to\u010dke v njihovi okolici!<\/p>\n<figure id=\"attachment_619484\" aria-describedby=\"caption-attachment-619484\" style=\"width: 850px\" class=\"wp-caption aligncenter\"><img decoding=\"async\" class=\"size-funzine-large wp-image-619484\" src=\"https:\/\/funzine.hu\/wp-content\/uploads\/2026\/01\/tourism-2787904_1280-1200x800.jpg\" alt=\"\" width=\"850\" height=\"567\" srcset=\"https:\/\/funzine.hu\/wp-content\/uploads\/2026\/01\/tourism-2787904_1280-1200x800.jpg 1200w, https:\/\/funzine.hu\/wp-content\/uploads\/2026\/01\/tourism-2787904_1280-300x200.jpg 300w, https:\/\/funzine.hu\/wp-content\/uploads\/2026\/01\/tourism-2787904_1280-1024x682.jpg 1024w, https:\/\/funzine.hu\/wp-content\/uploads\/2026\/01\/tourism-2787904_1280-768x512.jpg 768w, https:\/\/funzine.hu\/wp-content\/uploads\/2026\/01\/tourism-2787904_1280-360x240.jpg 360w, https:\/\/funzine.hu\/wp-content\/uploads\/2026\/01\/tourism-2787904_1280.jpg 1280w\" sizes=\"(max-width: 850px) 100vw, 850px\" \/><figcaption id=\"caption-attachment-619484\" class=\"wp-caption-text\">ilustracija &#8211; pixabay.com<\/figcaption><\/figure>\n<p>Hercegk\u00fat<br \/>\nNeskon\u010dna polja in polo\u017eno valovita pobo\u010dja varujejo majhno vasico Hercegk\u00fat, ki nas \u010daka v dolini potoka Hotyka. Vas, ki je bila prvotno znana kot posestvo R\u00e1k\u00f3czi, je bila med kuru\u0161kimi vojnami izpraznjena, nato pa so se predniki dana\u0161njih prebivalcev naselili na obmo\u010dju, ki je bilo pod oblastjo kne\u017eje dru\u017eine Trautson. Zato ime ni naklju\u010dno, iz spo\u0161tovanja do kneza in v povezavi z bli\u017enjim vodnjakom Pog\u00e1ny je nekdanja vas Trautsondorf postala Hercegk\u00fat. Z leti so predstavniki lokalnega \u0161vabskega prebivalstva obvladali znanost vinogradni\u0161tva, vas pa ni postala le del vinske regije, temve\u010d se je s svojimi znamenitostmi uvrstila tudi na seznam svetovne dedi\u0161\u010dine.<\/p>\n<p>Kam naj nas popeljejo pohodni\u0161ki \u010devlji?<\/p>\n<p>Severozahodni in ju\u017eni del Hercegk\u00fata s svojimi o\u010darljivimi vrstami kleti, ki so od leta 2000 uvr\u0161\u010dene na seznam svetovne dedi\u0161\u010dine UNESCO, spominjata na pokrajino pravlji\u010dne hobitske vasi. Vijugaste, majhne ulice vrste kleti K\u0151poros vabijo na romanti\u010den sprehod, tako kot kleti Gombos-hegy, ki se nahajajo na robu vasi. Morje Megyer-hegy, ki je od vasi oddaljeno le 15 minut vo\u017enje, pa nam omogo\u010da, da vpogledamo v \u010darobni svet, kjer nas monumentalne skalne stene v trenutku o\u010darajo.<\/p>\n<p>H\u00e1romhuta<br \/>\nVas H\u00e1romhuta ima komaj nekaj ve\u010d kot sto du\u0161, kjer se pred na\u0161imi o\u010dmi v trenutku razkrije svet preteklosti. V vasi se posebno vzdu\u0161je 19. in 20. stoletja me\u0161a s sve\u017eim zemplenskim vetri\u010dem zaradi bogato okra\u0161enih kme\u010dkih hi\u0161 z verandami, ki spominjajo na dedi\u0161\u010dino ljudske arhitekture. H\u00e1romhuta je neko\u010d nastala z zdru\u017eitvijo naselij \u00d3huta, K\u00f6z\u00e9phuta in \u00dajhuta, njena zgodovina pa je tesno prepletena s steklarnami, ustanovljenimi leta 1698, potrebnimi za proizvodnjo stekla. Od takrat je, kot da sta se ura in \u010das tukaj ustavila.<\/p>\n<p>Kam naj nas popeljejo na\u0161i pohodni\u0161ki \u010devlji?<br \/>\n\u010ce nas \u017eivljenje popelje v H\u00e1romhuto, potem lahko poleg predstavnikov ljudske arhitekture, skritih v ljubkih ulicah, v vasi najdemo \u0161e ve\u010d zanimivosti. Greh bi bilo torej spregledati rimskokatoli\u0161ko cerkev, lovski grad Bretzeinheim-Waldbott ter ru\u0161evine pavlinskega samostana na robu \u00d3hute in jezero K\u00f6nnycsepp. In \u010de imamo dovolj energije, lahko iz vasi dose\u017eemo tudi enega najbolj atmosferskih razgledov v okolici. Z vrha S\u00f3lyom-b\u00e9rc, ki obljublja izjemno panoramo, lahko pogledamo tudi na H\u00e1romhuto, visoke obokane grebene bli\u017enjih gora in grad Reg\u00e9c.<\/p>\n<p>F\u00fcz\u00e9r<br \/>\n\u010ceprav je v sredi\u0161\u010du pozornosti grad F\u00fcz\u00e9r, ne moremo mimo naselja, ne da bi ga omenili, saj je ena najbolj slikovitih vasi v regiji. Vas, ki le\u017ei blizu slova\u0161ke meje, meji na divje romanti\u010dne gozdove, skozi njo pa potekajo pohodni\u0161ke poti, drobci preteklosti pa pripovedujejo zgodbe o minulih \u010dasih. Na primer, pode\u017eelska hi\u0161a Port\u00e1k v F\u00fcz\u00e9rju, ki predstavlja arhitekturne elemente, zna\u010dilne za 19. stoletje in Hegyk\u00f6z, pa tudi \u017eivljenjski slog malih kme\u010dkih prebivalcev zgodnjega 20. stoletja. V reformirani cerkvi v F\u00fcz\u00e9rju, zgrajeni leta 1785, lahko ob\u010dudujemo lesen kasetiran strop, ki ga je poslikal Mih\u00e1ly Pand\u00e1k.<\/p>\n<p>Kam naj nas popeljejo pohodni\u0161ki \u010devlji?<br \/>\n\u010ce obi\u0161\u010demo ta kraj, je grad F\u00fcz\u00e9r zagotovo na na\u0161em seznamu \u017eelja, \u010de pa pridemo za ve\u010d dni, lahko z gradu osvojimo najvi\u0161ji vrh Zempl\u00e9n gorovja, Nagy-Milice, ob spremljavi dih jemajo\u010dih panoramskih to\u010dk.<\/p>\n<p>Mogyor\u00f3ska<br \/>\nMogyor\u00f3ska, ki ima manj kot sto prebivalcev, je bila ustanovljena v srednjem veku s kr\u010denjem gozdnih povr\u0161in, skozi stoletja pa je bila zgodovina vasi tesno prepletena z gradom Reg\u00e9c. Tako kot okoli\u0161ka naselja je bila tudi Mogyor\u00f3ska v 17. in 18. stoletju skoraj izpraznjena, zato je takratni lastnik gradu, knez Trautson, pode\u017eelje o\u017eivil s zakarpatskimi Rusini. Danes lahko o\u010darljivo vasico poznamo tudi po Nacionalni modri turi, med sprehodom po njenih ulicah pa si lahko ogledamo nekaj primerov zakladov tradicionalne ljudske arhitekture.<\/p>\n<p>Kam naj nas popeljejo pohodni\u0161ki \u010devlji?<\/p>\n<p>\u010ce smo se \u017ee sprehajali po ulicah Mogyor\u00f3ske, bi bil greh spregledati prej omenjeni grad Reg\u00e9c, ki stoji na vulkanskem gorskem vrhu. \u010ceprav se mnogi ljudje do njega pribli\u017eajo iz Reg\u00e9ca, je do trdnjave mogo\u010de priti tudi iz Mogyor\u00f3ske, in sicer iz sredi\u0161\u010da vasi, po oznakah K in KL, ki nas s\u010dasoma pripeljejo do nepozabne panorame.<\/p>\n<p>Hejce<br \/>\nEno najstarej\u0161ih naselij v na\u0161i dr\u017eavi je tako majhno kot posebno. O\u010darljive ulice naselja, ustanovljenega leta 980 in kasneje podarjenega egerski nad\u0161kofiji, so obdane s kme\u010dkimi hi\u0161ami, ki spominjajo na minule \u010dase, baro\u010dni kamniti mostovi \u010dez potok Szerencs pa prispevajo k mirnemu vzdu\u0161ju. Med pustolov\u0161\u010dino v vasi si je vredno ogledati tudi \u0161kofov grad, ki ga je leta 1774 zgradil \u0161kof K\u00e1roly Eszterh\u00e1zy.<\/p>\n<p>Kam naj nas popeljejo pohodni\u0161ki \u010devlji?<br \/>\nIz Hejc se lahko odpravimo tudi na razgledni\u0161ko panoramo regije Zempl\u00e9n, do pribli\u017eno 700 metrov visokih skalnih stolpov Solyom-k\u0151. Iz vasi po oznaki P\u25fc najprej dose\u017eemo Feh\u00e9r-k\u00fat, od koder nas bosta do cilja pripeljali turisti\u010dna oznaka P in nato na levi P\u25b2. Nad nami se odpira dolina potoka Szerencs, nedotaknjena gozdna obmo\u010dja in pobo\u010dja bli\u017enjih gora.<\/p>\n","protected":false},"excerpt":{"rendered":"<p>Zemplensko gorovje, znano kot najsevernej\u0161a povezava Severnega osrednjega gorovja, s svojimi pobo\u010dji<\/p>\n","protected":false},"author":391,"featured_media":619484,"comment_status":"closed","ping_status":"closed","sticky":false,"template":"","format":"standard","meta":{"_acf_changed":false,"wprm-recipe-roundup-name":"","wprm-recipe-roundup-description":"","ngg_post_thumbnail":0,"footnotes":""},"categories":[14345],"tags":[],"post_places":[],"class_list":["post-619483","post","type-post","status-publish","format-standard","has-post-thumbnail","hentry","category-potovanje"],"acf":{"connected_places":"","del_image":""},"yoast_head":"<!-- This site is optimized with the Yoast SEO plugin v27.2 - https:\/\/yoast.com\/product\/yoast-seo-wordpress\/ -->\n<title>5 zimskih zato\u010di\u0161\u010d v Zemplenu, kjer mir in slikovita pokrajina hkrati pospe\u0161ita sr\u010dni utrip<\/title>\n<meta name=\"robots\" content=\"index, follow, max-snippet:-1, max-image-preview:large, max-video-preview:-1\" \/>\n<link rel=\"canonical\" href=\"https:\/\/funzine.hu\/sl\/2026\/01\/22\/potovanje\/5-zimskih-zatocisc-v-zemplenu-kjer-mir-in-slikovita-pokrajina-hkrati-pospesita-srcni-utrip\/\" \/>\n<meta property=\"og:locale\" content=\"sl_SI\" \/>\n<meta property=\"og:type\" content=\"article\" \/>\n<meta property=\"og:title\" content=\"5 zimskih zato\u010di\u0161\u010d v Zemplenu, kjer mir in slikovita pokrajina hkrati pospe\u0161ita sr\u010dni utrip\" \/>\n<meta property=\"og:description\" content=\"Zemplensko gorovje, znano kot najsevernej\u0161a povezava Severnega osrednjega gorovja, s svojimi pobo\u010dji\" \/>\n<meta property=\"og:url\" content=\"https:\/\/funzine.hu\/sl\/2026\/01\/22\/potovanje\/5-zimskih-zatocisc-v-zemplenu-kjer-mir-in-slikovita-pokrajina-hkrati-pospesita-srcni-utrip\/\" \/>\n<meta property=\"og:site_name\" content=\"Funzine\" \/>\n<meta property=\"article:publisher\" content=\"https:\/\/www.facebook.com\/funzine\/\" \/>\n<meta property=\"article:published_time\" content=\"2026-01-22T15:44:18+00:00\" \/>\n<meta property=\"og:image\" content=\"https:\/\/funzine.hu\/wp-content\/uploads\/2026\/01\/tourism-2787904_1280.jpg\" \/>\n\t<meta property=\"og:image:width\" content=\"1280\" \/>\n\t<meta property=\"og:image:height\" content=\"853\" \/>\n\t<meta property=\"og:image:type\" content=\"image\/jpeg\" \/>\n<meta name=\"author\" content=\"Bodn\u00e1r Zsuzsa\" \/>\n<meta name=\"twitter:card\" content=\"summary_large_image\" \/>\n<meta name=\"twitter:creator\" content=\"@funzine\" \/>\n<meta name=\"twitter:site\" content=\"@funzine\" \/>\n<meta name=\"twitter:label1\" content=\"Written by\" \/>\n\t<meta name=\"twitter:data1\" content=\"Bodn\u00e1r Zsuzsa\" \/>\n\t<meta name=\"twitter:label2\" content=\"Est. reading time\" \/>\n\t<meta name=\"twitter:data2\" content=\"5 minut\" \/>\n<script type=\"application\/ld+json\" class=\"yoast-schema-graph\">{\"@context\":\"https:\/\/schema.org\",\"@graph\":[{\"@type\":\"NewsArticle\",\"@id\":\"https:\/\/funzine.hu\/sl\/2026\/01\/22\/potovanje\/5-zimskih-zatocisc-v-zemplenu-kjer-mir-in-slikovita-pokrajina-hkrati-pospesita-srcni-utrip\/#article\",\"isPartOf\":{\"@id\":\"https:\/\/funzine.hu\/sl\/2026\/01\/22\/potovanje\/5-zimskih-zatocisc-v-zemplenu-kjer-mir-in-slikovita-pokrajina-hkrati-pospesita-srcni-utrip\/\"},\"author\":{\"name\":\"Bodn\u00e1r Zsuzsa\",\"@id\":\"https:\/\/funzine.hu\/#\/schema\/person\/f3864a88f41183e8c3af70534ac28bb4\"},\"headline\":\"5 zimskih zato\u010di\u0161\u010d v Zemplenu, kjer mir in slikovita pokrajina hkrati pospe\u0161ita sr\u010dni utrip\",\"datePublished\":\"2026-01-22T15:44:18+00:00\",\"mainEntityOfPage\":{\"@id\":\"https:\/\/funzine.hu\/sl\/2026\/01\/22\/potovanje\/5-zimskih-zatocisc-v-zemplenu-kjer-mir-in-slikovita-pokrajina-hkrati-pospesita-srcni-utrip\/\"},\"wordCount\":958,\"image\":{\"@id\":\"https:\/\/funzine.hu\/sl\/2026\/01\/22\/potovanje\/5-zimskih-zatocisc-v-zemplenu-kjer-mir-in-slikovita-pokrajina-hkrati-pospesita-srcni-utrip\/#primaryimage\"},\"thumbnailUrl\":\"https:\/\/funzine.hu\/wp-content\/uploads\/2026\/01\/tourism-2787904_1280.jpg\",\"articleSection\":[\"Potovanje\"],\"inLanguage\":\"sl-SI\"},{\"@type\":\"WebPage\",\"@id\":\"https:\/\/funzine.hu\/sl\/2026\/01\/22\/potovanje\/5-zimskih-zatocisc-v-zemplenu-kjer-mir-in-slikovita-pokrajina-hkrati-pospesita-srcni-utrip\/\",\"url\":\"https:\/\/funzine.hu\/sl\/2026\/01\/22\/potovanje\/5-zimskih-zatocisc-v-zemplenu-kjer-mir-in-slikovita-pokrajina-hkrati-pospesita-srcni-utrip\/\",\"name\":\"5 zimskih zato\u010di\u0161\u010d v Zemplenu, kjer mir in slikovita pokrajina hkrati pospe\u0161ita sr\u010dni utrip\",\"isPartOf\":{\"@id\":\"https:\/\/funzine.hu\/#website\"},\"primaryImageOfPage\":{\"@id\":\"https:\/\/funzine.hu\/sl\/2026\/01\/22\/potovanje\/5-zimskih-zatocisc-v-zemplenu-kjer-mir-in-slikovita-pokrajina-hkrati-pospesita-srcni-utrip\/#primaryimage\"},\"image\":{\"@id\":\"https:\/\/funzine.hu\/sl\/2026\/01\/22\/potovanje\/5-zimskih-zatocisc-v-zemplenu-kjer-mir-in-slikovita-pokrajina-hkrati-pospesita-srcni-utrip\/#primaryimage\"},\"thumbnailUrl\":\"https:\/\/funzine.hu\/wp-content\/uploads\/2026\/01\/tourism-2787904_1280.jpg\",\"datePublished\":\"2026-01-22T15:44:18+00:00\",\"author\":{\"@id\":\"https:\/\/funzine.hu\/#\/schema\/person\/f3864a88f41183e8c3af70534ac28bb4\"},\"breadcrumb\":{\"@id\":\"https:\/\/funzine.hu\/sl\/2026\/01\/22\/potovanje\/5-zimskih-zatocisc-v-zemplenu-kjer-mir-in-slikovita-pokrajina-hkrati-pospesita-srcni-utrip\/#breadcrumb\"},\"inLanguage\":\"sl-SI\",\"potentialAction\":[{\"@type\":\"ReadAction\",\"target\":[\"https:\/\/funzine.hu\/sl\/2026\/01\/22\/potovanje\/5-zimskih-zatocisc-v-zemplenu-kjer-mir-in-slikovita-pokrajina-hkrati-pospesita-srcni-utrip\/\"]}]},{\"@type\":\"ImageObject\",\"inLanguage\":\"sl-SI\",\"@id\":\"https:\/\/funzine.hu\/sl\/2026\/01\/22\/potovanje\/5-zimskih-zatocisc-v-zemplenu-kjer-mir-in-slikovita-pokrajina-hkrati-pospesita-srcni-utrip\/#primaryimage\",\"url\":\"https:\/\/funzine.hu\/wp-content\/uploads\/2026\/01\/tourism-2787904_1280.jpg\",\"contentUrl\":\"https:\/\/funzine.hu\/wp-content\/uploads\/2026\/01\/tourism-2787904_1280.jpg\",\"width\":1280,\"height\":853,\"caption\":\"ilustracija - pixabay.com\"},{\"@type\":\"BreadcrumbList\",\"@id\":\"https:\/\/funzine.hu\/sl\/2026\/01\/22\/potovanje\/5-zimskih-zatocisc-v-zemplenu-kjer-mir-in-slikovita-pokrajina-hkrati-pospesita-srcni-utrip\/#breadcrumb\",\"itemListElement\":[{\"@type\":\"ListItem\",\"position\":1,\"name\":\"Home\",\"item\":\"https:\/\/funzine.hu\/sl\/\"},{\"@type\":\"ListItem\",\"position\":2,\"name\":\"5 zimskih zato\u010di\u0161\u010d v Zemplenu, kjer mir in slikovita pokrajina hkrati pospe\u0161ita sr\u010dni utrip\"}]},{\"@type\":\"WebSite\",\"@id\":\"https:\/\/funzine.hu\/#website\",\"url\":\"https:\/\/funzine.hu\/\",\"name\":\"Funzine\",\"description\":\"\",\"potentialAction\":[{\"@type\":\"SearchAction\",\"target\":{\"@type\":\"EntryPoint\",\"urlTemplate\":\"https:\/\/funzine.hu\/?s={search_term_string}\"},\"query-input\":{\"@type\":\"PropertyValueSpecification\",\"valueRequired\":true,\"valueName\":\"search_term_string\"}}],\"inLanguage\":\"sl-SI\"},{\"@type\":\"Person\",\"@id\":\"https:\/\/funzine.hu\/#\/schema\/person\/f3864a88f41183e8c3af70534ac28bb4\",\"name\":\"Bodn\u00e1r Zsuzsa\",\"image\":{\"@type\":\"ImageObject\",\"inLanguage\":\"sl-SI\",\"@id\":\"https:\/\/secure.gravatar.com\/avatar\/3dac04a042bfb0c015d0f893ef5eb9cca9d966bb5795039862dafd8d2ab5d410?s=96&d=mm&r=g\",\"url\":\"https:\/\/secure.gravatar.com\/avatar\/3dac04a042bfb0c015d0f893ef5eb9cca9d966bb5795039862dafd8d2ab5d410?s=96&d=mm&r=g\",\"contentUrl\":\"https:\/\/secure.gravatar.com\/avatar\/3dac04a042bfb0c015d0f893ef5eb9cca9d966bb5795039862dafd8d2ab5d410?s=96&d=mm&r=g\",\"caption\":\"Bodn\u00e1r Zsuzsa\"},\"url\":\"https:\/\/funzine.hu\/sl\/author\/bodnar-zsuzsa-1984\/\"}]}<\/script>\n<!-- \/ Yoast SEO plugin. -->","yoast_head_json":{"title":"5 zimskih zato\u010di\u0161\u010d v Zemplenu, kjer mir in slikovita pokrajina hkrati pospe\u0161ita sr\u010dni utrip","robots":{"index":"index","follow":"follow","max-snippet":"max-snippet:-1","max-image-preview":"max-image-preview:large","max-video-preview":"max-video-preview:-1"},"canonical":"https:\/\/funzine.hu\/sl\/2026\/01\/22\/potovanje\/5-zimskih-zatocisc-v-zemplenu-kjer-mir-in-slikovita-pokrajina-hkrati-pospesita-srcni-utrip\/","og_locale":"sl_SI","og_type":"article","og_title":"5 zimskih zato\u010di\u0161\u010d v Zemplenu, kjer mir in slikovita pokrajina hkrati pospe\u0161ita sr\u010dni utrip","og_description":"Zemplensko gorovje, znano kot najsevernej\u0161a povezava Severnega osrednjega gorovja, s svojimi pobo\u010dji","og_url":"https:\/\/funzine.hu\/sl\/2026\/01\/22\/potovanje\/5-zimskih-zatocisc-v-zemplenu-kjer-mir-in-slikovita-pokrajina-hkrati-pospesita-srcni-utrip\/","og_site_name":"Funzine","article_publisher":"https:\/\/www.facebook.com\/funzine\/","article_published_time":"2026-01-22T15:44:18+00:00","og_image":[{"width":1280,"height":853,"url":"https:\/\/funzine.hu\/wp-content\/uploads\/2026\/01\/tourism-2787904_1280.jpg","type":"image\/jpeg"}],"author":"Bodn\u00e1r Zsuzsa","twitter_card":"summary_large_image","twitter_creator":"@funzine","twitter_site":"@funzine","twitter_misc":{"Written by":"Bodn\u00e1r Zsuzsa","Est. reading time":"5 minut"},"schema":{"@context":"https:\/\/schema.org","@graph":[{"@type":"NewsArticle","@id":"https:\/\/funzine.hu\/sl\/2026\/01\/22\/potovanje\/5-zimskih-zatocisc-v-zemplenu-kjer-mir-in-slikovita-pokrajina-hkrati-pospesita-srcni-utrip\/#article","isPartOf":{"@id":"https:\/\/funzine.hu\/sl\/2026\/01\/22\/potovanje\/5-zimskih-zatocisc-v-zemplenu-kjer-mir-in-slikovita-pokrajina-hkrati-pospesita-srcni-utrip\/"},"author":{"name":"Bodn\u00e1r Zsuzsa","@id":"https:\/\/funzine.hu\/#\/schema\/person\/f3864a88f41183e8c3af70534ac28bb4"},"headline":"5 zimskih zato\u010di\u0161\u010d v Zemplenu, kjer mir in slikovita pokrajina hkrati pospe\u0161ita sr\u010dni utrip","datePublished":"2026-01-22T15:44:18+00:00","mainEntityOfPage":{"@id":"https:\/\/funzine.hu\/sl\/2026\/01\/22\/potovanje\/5-zimskih-zatocisc-v-zemplenu-kjer-mir-in-slikovita-pokrajina-hkrati-pospesita-srcni-utrip\/"},"wordCount":958,"image":{"@id":"https:\/\/funzine.hu\/sl\/2026\/01\/22\/potovanje\/5-zimskih-zatocisc-v-zemplenu-kjer-mir-in-slikovita-pokrajina-hkrati-pospesita-srcni-utrip\/#primaryimage"},"thumbnailUrl":"https:\/\/funzine.hu\/wp-content\/uploads\/2026\/01\/tourism-2787904_1280.jpg","articleSection":["Potovanje"],"inLanguage":"sl-SI"},{"@type":"WebPage","@id":"https:\/\/funzine.hu\/sl\/2026\/01\/22\/potovanje\/5-zimskih-zatocisc-v-zemplenu-kjer-mir-in-slikovita-pokrajina-hkrati-pospesita-srcni-utrip\/","url":"https:\/\/funzine.hu\/sl\/2026\/01\/22\/potovanje\/5-zimskih-zatocisc-v-zemplenu-kjer-mir-in-slikovita-pokrajina-hkrati-pospesita-srcni-utrip\/","name":"5 zimskih zato\u010di\u0161\u010d v Zemplenu, kjer mir in slikovita pokrajina hkrati pospe\u0161ita sr\u010dni utrip","isPartOf":{"@id":"https:\/\/funzine.hu\/#website"},"primaryImageOfPage":{"@id":"https:\/\/funzine.hu\/sl\/2026\/01\/22\/potovanje\/5-zimskih-zatocisc-v-zemplenu-kjer-mir-in-slikovita-pokrajina-hkrati-pospesita-srcni-utrip\/#primaryimage"},"image":{"@id":"https:\/\/funzine.hu\/sl\/2026\/01\/22\/potovanje\/5-zimskih-zatocisc-v-zemplenu-kjer-mir-in-slikovita-pokrajina-hkrati-pospesita-srcni-utrip\/#primaryimage"},"thumbnailUrl":"https:\/\/funzine.hu\/wp-content\/uploads\/2026\/01\/tourism-2787904_1280.jpg","datePublished":"2026-01-22T15:44:18+00:00","author":{"@id":"https:\/\/funzine.hu\/#\/schema\/person\/f3864a88f41183e8c3af70534ac28bb4"},"breadcrumb":{"@id":"https:\/\/funzine.hu\/sl\/2026\/01\/22\/potovanje\/5-zimskih-zatocisc-v-zemplenu-kjer-mir-in-slikovita-pokrajina-hkrati-pospesita-srcni-utrip\/#breadcrumb"},"inLanguage":"sl-SI","potentialAction":[{"@type":"ReadAction","target":["https:\/\/funzine.hu\/sl\/2026\/01\/22\/potovanje\/5-zimskih-zatocisc-v-zemplenu-kjer-mir-in-slikovita-pokrajina-hkrati-pospesita-srcni-utrip\/"]}]},{"@type":"ImageObject","inLanguage":"sl-SI","@id":"https:\/\/funzine.hu\/sl\/2026\/01\/22\/potovanje\/5-zimskih-zatocisc-v-zemplenu-kjer-mir-in-slikovita-pokrajina-hkrati-pospesita-srcni-utrip\/#primaryimage","url":"https:\/\/funzine.hu\/wp-content\/uploads\/2026\/01\/tourism-2787904_1280.jpg","contentUrl":"https:\/\/funzine.hu\/wp-content\/uploads\/2026\/01\/tourism-2787904_1280.jpg","width":1280,"height":853,"caption":"ilustracija - pixabay.com"},{"@type":"BreadcrumbList","@id":"https:\/\/funzine.hu\/sl\/2026\/01\/22\/potovanje\/5-zimskih-zatocisc-v-zemplenu-kjer-mir-in-slikovita-pokrajina-hkrati-pospesita-srcni-utrip\/#breadcrumb","itemListElement":[{"@type":"ListItem","position":1,"name":"Home","item":"https:\/\/funzine.hu\/sl\/"},{"@type":"ListItem","position":2,"name":"5 zimskih zato\u010di\u0161\u010d v Zemplenu, kjer mir in slikovita pokrajina hkrati pospe\u0161ita sr\u010dni utrip"}]},{"@type":"WebSite","@id":"https:\/\/funzine.hu\/#website","url":"https:\/\/funzine.hu\/","name":"Funzine","description":"","potentialAction":[{"@type":"SearchAction","target":{"@type":"EntryPoint","urlTemplate":"https:\/\/funzine.hu\/?s={search_term_string}"},"query-input":{"@type":"PropertyValueSpecification","valueRequired":true,"valueName":"search_term_string"}}],"inLanguage":"sl-SI"},{"@type":"Person","@id":"https:\/\/funzine.hu\/#\/schema\/person\/f3864a88f41183e8c3af70534ac28bb4","name":"Bodn\u00e1r Zsuzsa","image":{"@type":"ImageObject","inLanguage":"sl-SI","@id":"https:\/\/secure.gravatar.com\/avatar\/3dac04a042bfb0c015d0f893ef5eb9cca9d966bb5795039862dafd8d2ab5d410?s=96&d=mm&r=g","url":"https:\/\/secure.gravatar.com\/avatar\/3dac04a042bfb0c015d0f893ef5eb9cca9d966bb5795039862dafd8d2ab5d410?s=96&d=mm&r=g","contentUrl":"https:\/\/secure.gravatar.com\/avatar\/3dac04a042bfb0c015d0f893ef5eb9cca9d966bb5795039862dafd8d2ab5d410?s=96&d=mm&r=g","caption":"Bodn\u00e1r Zsuzsa"},"url":"https:\/\/funzine.hu\/sl\/author\/bodnar-zsuzsa-1984\/"}]}},"amp_enabled":true,"_links":{"self":[{"href":"https:\/\/funzine.hu\/sl\/wp-json\/wp\/v2\/posts\/619483","targetHints":{"allow":["GET"]}}],"collection":[{"href":"https:\/\/funzine.hu\/sl\/wp-json\/wp\/v2\/posts"}],"about":[{"href":"https:\/\/funzine.hu\/sl\/wp-json\/wp\/v2\/types\/post"}],"author":[{"embeddable":true,"href":"https:\/\/funzine.hu\/sl\/wp-json\/wp\/v2\/users\/391"}],"replies":[{"embeddable":true,"href":"https:\/\/funzine.hu\/sl\/wp-json\/wp\/v2\/comments?post=619483"}],"version-history":[{"count":1,"href":"https:\/\/funzine.hu\/sl\/wp-json\/wp\/v2\/posts\/619483\/revisions"}],"predecessor-version":[{"id":619485,"href":"https:\/\/funzine.hu\/sl\/wp-json\/wp\/v2\/posts\/619483\/revisions\/619485"}],"wp:featuredmedia":[{"embeddable":true,"href":"https:\/\/funzine.hu\/sl\/wp-json\/wp\/v2\/media\/619484"}],"wp:attachment":[{"href":"https:\/\/funzine.hu\/sl\/wp-json\/wp\/v2\/media?parent=619483"}],"wp:term":[{"taxonomy":"category","embeddable":true,"href":"https:\/\/funzine.hu\/sl\/wp-json\/wp\/v2\/categories?post=619483"},{"taxonomy":"post_tag","embeddable":true,"href":"https:\/\/funzine.hu\/sl\/wp-json\/wp\/v2\/tags?post=619483"},{"taxonomy":"post_places","embeddable":true,"href":"https:\/\/funzine.hu\/sl\/wp-json\/wp\/v2\/post_places?post=619483"}],"curies":[{"name":"wp","href":"https:\/\/api.w.org\/{rel}","templated":true}]}}