{"id":619200,"date":"2026-01-19T16:11:03","date_gmt":"2026-01-19T15:11:03","guid":{"rendered":"https:\/\/funzine.hu\/?p=619200"},"modified":"2026-01-19T16:11:03","modified_gmt":"2026-01-19T15:11:03","slug":"obala-jezera-ki-priklice-zimsko-pravljico-vabi-na-prijeten-sprehod-nedalec-od-budimpeste","status":"publish","type":"post","link":"https:\/\/funzine.hu\/sl\/2026\/01\/19\/potovanje\/obala-jezera-ki-priklice-zimsko-pravljico-vabi-na-prijeten-sprehod-nedalec-od-budimpeste\/","title":{"rendered":"Obala jezera, ki prikli\u010de zimsko pravljico, vabi na prijeten sprehod nedale\u010d od Budimpe\u0161te."},"content":{"rendered":"<p>Obala jezera, ki je spomladi in poleti okra\u0161ena s cvetjem in obdana z angle\u0161kim vrtom, ni odli\u010dna destinacija le v toplej\u0161ih mesecih, saj je trenutno potopljena v pravo zimsko pravljico.<\/p>\n<p>Obmo\u010dje, ki se nahaja ob Levu, poleg zgodovinsko pomembne pu\u0161\u010davnice Majki Kamalduli, je poleti pravi ribi\u0161ki raj, v hladnej\u0161ih mesecih pa idealna lokacija za miren sprehod v slikovitem okolju.<\/p>\n<p>Jezero Majki je bilo ustanovljeno v 18. stoletju kot umetna vodna povr\u0161ina, ki jo je dru\u017eina Eszterh\u00e1zy razvila kot del okoli\u0161kega parka. Jezero obdajajo jokave vrbe, hrasti in mo\u010dvirske cedre.<\/p>\n<p>Tudi leto\u0161nje sne\u017eenje ni prizaneslo obmo\u010dju: obala jezera, ki ima \u017ee tako edinstveno vzdu\u0161je, ponuja neverjeten prizor in ker ni destinacija, ki jo obiskuje veliko ljudi, je idealen kraj za mirno, mirno zimsko napolnitev z energijo.<\/p>\n<figure id=\"attachment_619201\" aria-describedby=\"caption-attachment-619201\" style=\"width: 850px\" class=\"wp-caption aligncenter\"><img decoding=\"async\" class=\"size-funzine-large wp-image-619201\" src=\"https:\/\/funzine.hu\/wp-content\/uploads\/2026\/01\/sun-2732865_1280-1200x800.jpg\" alt=\"\" width=\"850\" height=\"567\" srcset=\"https:\/\/funzine.hu\/wp-content\/uploads\/2026\/01\/sun-2732865_1280-1200x800.jpg 1200w, https:\/\/funzine.hu\/wp-content\/uploads\/2026\/01\/sun-2732865_1280-300x200.jpg 300w, https:\/\/funzine.hu\/wp-content\/uploads\/2026\/01\/sun-2732865_1280-1024x682.jpg 1024w, https:\/\/funzine.hu\/wp-content\/uploads\/2026\/01\/sun-2732865_1280-768x512.jpg 768w, https:\/\/funzine.hu\/wp-content\/uploads\/2026\/01\/sun-2732865_1280-360x240.jpg 360w, https:\/\/funzine.hu\/wp-content\/uploads\/2026\/01\/sun-2732865_1280.jpg 1280w\" sizes=\"(max-width: 850px) 100vw, 850px\" \/><figcaption id=\"caption-attachment-619201\" class=\"wp-caption-text\">ilustracija &#8211; pixabay.com<\/figcaption><\/figure>\n","protected":false},"excerpt":{"rendered":"<p>Obala jezera, ki je spomladi in poleti okra\u0161ena s cvetjem in obdana z angle\u0161kim vrtom, ni odli\u010dna<\/p>\n","protected":false},"author":391,"featured_media":619201,"comment_status":"closed","ping_status":"closed","sticky":false,"template":"","format":"standard","meta":{"_acf_changed":false,"wprm-recipe-roundup-name":"","wprm-recipe-roundup-description":"","ngg_post_thumbnail":0,"footnotes":""},"categories":[14345],"tags":[],"post_places":[],"class_list":["post-619200","post","type-post","status-publish","format-standard","has-post-thumbnail","hentry","category-potovanje"],"acf":{"connected_places":"","del_image":""},"yoast_head":"<!-- This site is optimized with the Yoast SEO plugin v27.2 - https:\/\/yoast.com\/product\/yoast-seo-wordpress\/ -->\n<title>Obala jezera, ki prikli\u010de zimsko pravljico, vabi na prijeten sprehod nedale\u010d od Budimpe\u0161te.<\/title>\n<meta name=\"robots\" content=\"index, follow, max-snippet:-1, max-image-preview:large, max-video-preview:-1\" \/>\n<link rel=\"canonical\" href=\"https:\/\/funzine.hu\/sl\/2026\/01\/19\/potovanje\/obala-jezera-ki-priklice-zimsko-pravljico-vabi-na-prijeten-sprehod-nedalec-od-budimpeste\/\" \/>\n<meta property=\"og:locale\" content=\"sl_SI\" \/>\n<meta property=\"og:type\" content=\"article\" \/>\n<meta property=\"og:title\" content=\"Obala jezera, ki prikli\u010de zimsko pravljico, vabi na prijeten sprehod nedale\u010d od Budimpe\u0161te.\" \/>\n<meta property=\"og:description\" content=\"Obala jezera, ki je spomladi in poleti okra\u0161ena s cvetjem in obdana z angle\u0161kim vrtom, ni odli\u010dna\" \/>\n<meta property=\"og:url\" content=\"https:\/\/funzine.hu\/sl\/2026\/01\/19\/potovanje\/obala-jezera-ki-priklice-zimsko-pravljico-vabi-na-prijeten-sprehod-nedalec-od-budimpeste\/\" \/>\n<meta property=\"og:site_name\" content=\"Funzine\" \/>\n<meta property=\"article:publisher\" content=\"https:\/\/www.facebook.com\/funzine\/\" \/>\n<meta property=\"article:published_time\" content=\"2026-01-19T15:11:03+00:00\" \/>\n<meta property=\"og:image\" content=\"https:\/\/funzine.hu\/wp-content\/uploads\/2026\/01\/sun-2732865_1280.jpg\" \/>\n\t<meta property=\"og:image:width\" content=\"1280\" \/>\n\t<meta property=\"og:image:height\" content=\"853\" \/>\n\t<meta property=\"og:image:type\" content=\"image\/jpeg\" \/>\n<meta name=\"author\" content=\"Bodn\u00e1r Zsuzsa\" \/>\n<meta name=\"twitter:card\" content=\"summary_large_image\" \/>\n<meta name=\"twitter:creator\" content=\"@funzine\" \/>\n<meta name=\"twitter:site\" content=\"@funzine\" \/>\n<meta name=\"twitter:label1\" content=\"Written by\" \/>\n\t<meta name=\"twitter:data1\" content=\"Bodn\u00e1r Zsuzsa\" \/>\n\t<meta name=\"twitter:label2\" content=\"Est. reading time\" \/>\n\t<meta name=\"twitter:data2\" content=\"2 minuti\" \/>\n<script type=\"application\/ld+json\" class=\"yoast-schema-graph\">{\"@context\":\"https:\/\/schema.org\",\"@graph\":[{\"@type\":\"NewsArticle\",\"@id\":\"https:\/\/funzine.hu\/sl\/2026\/01\/19\/potovanje\/obala-jezera-ki-priklice-zimsko-pravljico-vabi-na-prijeten-sprehod-nedalec-od-budimpeste\/#article\",\"isPartOf\":{\"@id\":\"https:\/\/funzine.hu\/sl\/2026\/01\/19\/potovanje\/obala-jezera-ki-priklice-zimsko-pravljico-vabi-na-prijeten-sprehod-nedalec-od-budimpeste\/\"},\"author\":{\"name\":\"Bodn\u00e1r Zsuzsa\",\"@id\":\"https:\/\/funzine.hu\/#\/schema\/person\/f3864a88f41183e8c3af70534ac28bb4\"},\"headline\":\"Obala jezera, ki prikli\u010de zimsko pravljico, vabi na prijeten sprehod nedale\u010d od Budimpe\u0161te.\",\"datePublished\":\"2026-01-19T15:11:03+00:00\",\"mainEntityOfPage\":{\"@id\":\"https:\/\/funzine.hu\/sl\/2026\/01\/19\/potovanje\/obala-jezera-ki-priklice-zimsko-pravljico-vabi-na-prijeten-sprehod-nedalec-od-budimpeste\/\"},\"wordCount\":167,\"image\":{\"@id\":\"https:\/\/funzine.hu\/sl\/2026\/01\/19\/potovanje\/obala-jezera-ki-priklice-zimsko-pravljico-vabi-na-prijeten-sprehod-nedalec-od-budimpeste\/#primaryimage\"},\"thumbnailUrl\":\"https:\/\/funzine.hu\/wp-content\/uploads\/2026\/01\/sun-2732865_1280.jpg\",\"articleSection\":[\"Potovanje\"],\"inLanguage\":\"sl-SI\"},{\"@type\":\"WebPage\",\"@id\":\"https:\/\/funzine.hu\/sl\/2026\/01\/19\/potovanje\/obala-jezera-ki-priklice-zimsko-pravljico-vabi-na-prijeten-sprehod-nedalec-od-budimpeste\/\",\"url\":\"https:\/\/funzine.hu\/sl\/2026\/01\/19\/potovanje\/obala-jezera-ki-priklice-zimsko-pravljico-vabi-na-prijeten-sprehod-nedalec-od-budimpeste\/\",\"name\":\"Obala jezera, ki prikli\u010de zimsko pravljico, vabi na prijeten sprehod nedale\u010d od Budimpe\u0161te.\",\"isPartOf\":{\"@id\":\"https:\/\/funzine.hu\/#website\"},\"primaryImageOfPage\":{\"@id\":\"https:\/\/funzine.hu\/sl\/2026\/01\/19\/potovanje\/obala-jezera-ki-priklice-zimsko-pravljico-vabi-na-prijeten-sprehod-nedalec-od-budimpeste\/#primaryimage\"},\"image\":{\"@id\":\"https:\/\/funzine.hu\/sl\/2026\/01\/19\/potovanje\/obala-jezera-ki-priklice-zimsko-pravljico-vabi-na-prijeten-sprehod-nedalec-od-budimpeste\/#primaryimage\"},\"thumbnailUrl\":\"https:\/\/funzine.hu\/wp-content\/uploads\/2026\/01\/sun-2732865_1280.jpg\",\"datePublished\":\"2026-01-19T15:11:03+00:00\",\"author\":{\"@id\":\"https:\/\/funzine.hu\/#\/schema\/person\/f3864a88f41183e8c3af70534ac28bb4\"},\"breadcrumb\":{\"@id\":\"https:\/\/funzine.hu\/sl\/2026\/01\/19\/potovanje\/obala-jezera-ki-priklice-zimsko-pravljico-vabi-na-prijeten-sprehod-nedalec-od-budimpeste\/#breadcrumb\"},\"inLanguage\":\"sl-SI\",\"potentialAction\":[{\"@type\":\"ReadAction\",\"target\":[\"https:\/\/funzine.hu\/sl\/2026\/01\/19\/potovanje\/obala-jezera-ki-priklice-zimsko-pravljico-vabi-na-prijeten-sprehod-nedalec-od-budimpeste\/\"]}]},{\"@type\":\"ImageObject\",\"inLanguage\":\"sl-SI\",\"@id\":\"https:\/\/funzine.hu\/sl\/2026\/01\/19\/potovanje\/obala-jezera-ki-priklice-zimsko-pravljico-vabi-na-prijeten-sprehod-nedalec-od-budimpeste\/#primaryimage\",\"url\":\"https:\/\/funzine.hu\/wp-content\/uploads\/2026\/01\/sun-2732865_1280.jpg\",\"contentUrl\":\"https:\/\/funzine.hu\/wp-content\/uploads\/2026\/01\/sun-2732865_1280.jpg\",\"width\":1280,\"height\":853,\"caption\":\"ilustracija - pixabay.com\"},{\"@type\":\"BreadcrumbList\",\"@id\":\"https:\/\/funzine.hu\/sl\/2026\/01\/19\/potovanje\/obala-jezera-ki-priklice-zimsko-pravljico-vabi-na-prijeten-sprehod-nedalec-od-budimpeste\/#breadcrumb\",\"itemListElement\":[{\"@type\":\"ListItem\",\"position\":1,\"name\":\"Home\",\"item\":\"https:\/\/funzine.hu\/sl\/\"},{\"@type\":\"ListItem\",\"position\":2,\"name\":\"Obala jezera, ki prikli\u010de zimsko pravljico, vabi na prijeten sprehod nedale\u010d od Budimpe\u0161te.\"}]},{\"@type\":\"WebSite\",\"@id\":\"https:\/\/funzine.hu\/#website\",\"url\":\"https:\/\/funzine.hu\/\",\"name\":\"Funzine\",\"description\":\"\",\"potentialAction\":[{\"@type\":\"SearchAction\",\"target\":{\"@type\":\"EntryPoint\",\"urlTemplate\":\"https:\/\/funzine.hu\/?s={search_term_string}\"},\"query-input\":{\"@type\":\"PropertyValueSpecification\",\"valueRequired\":true,\"valueName\":\"search_term_string\"}}],\"inLanguage\":\"sl-SI\"},{\"@type\":\"Person\",\"@id\":\"https:\/\/funzine.hu\/#\/schema\/person\/f3864a88f41183e8c3af70534ac28bb4\",\"name\":\"Bodn\u00e1r Zsuzsa\",\"image\":{\"@type\":\"ImageObject\",\"inLanguage\":\"sl-SI\",\"@id\":\"https:\/\/secure.gravatar.com\/avatar\/3dac04a042bfb0c015d0f893ef5eb9cca9d966bb5795039862dafd8d2ab5d410?s=96&d=mm&r=g\",\"url\":\"https:\/\/secure.gravatar.com\/avatar\/3dac04a042bfb0c015d0f893ef5eb9cca9d966bb5795039862dafd8d2ab5d410?s=96&d=mm&r=g\",\"contentUrl\":\"https:\/\/secure.gravatar.com\/avatar\/3dac04a042bfb0c015d0f893ef5eb9cca9d966bb5795039862dafd8d2ab5d410?s=96&d=mm&r=g\",\"caption\":\"Bodn\u00e1r Zsuzsa\"},\"url\":\"https:\/\/funzine.hu\/sl\/author\/bodnar-zsuzsa-1984\/\"}]}<\/script>\n<!-- \/ Yoast SEO plugin. -->","yoast_head_json":{"title":"Obala jezera, ki prikli\u010de zimsko pravljico, vabi na prijeten sprehod nedale\u010d od Budimpe\u0161te.","robots":{"index":"index","follow":"follow","max-snippet":"max-snippet:-1","max-image-preview":"max-image-preview:large","max-video-preview":"max-video-preview:-1"},"canonical":"https:\/\/funzine.hu\/sl\/2026\/01\/19\/potovanje\/obala-jezera-ki-priklice-zimsko-pravljico-vabi-na-prijeten-sprehod-nedalec-od-budimpeste\/","og_locale":"sl_SI","og_type":"article","og_title":"Obala jezera, ki prikli\u010de zimsko pravljico, vabi na prijeten sprehod nedale\u010d od Budimpe\u0161te.","og_description":"Obala jezera, ki je spomladi in poleti okra\u0161ena s cvetjem in obdana z angle\u0161kim vrtom, ni odli\u010dna","og_url":"https:\/\/funzine.hu\/sl\/2026\/01\/19\/potovanje\/obala-jezera-ki-priklice-zimsko-pravljico-vabi-na-prijeten-sprehod-nedalec-od-budimpeste\/","og_site_name":"Funzine","article_publisher":"https:\/\/www.facebook.com\/funzine\/","article_published_time":"2026-01-19T15:11:03+00:00","og_image":[{"width":1280,"height":853,"url":"https:\/\/funzine.hu\/wp-content\/uploads\/2026\/01\/sun-2732865_1280.jpg","type":"image\/jpeg"}],"author":"Bodn\u00e1r Zsuzsa","twitter_card":"summary_large_image","twitter_creator":"@funzine","twitter_site":"@funzine","twitter_misc":{"Written by":"Bodn\u00e1r Zsuzsa","Est. reading time":"2 minuti"},"schema":{"@context":"https:\/\/schema.org","@graph":[{"@type":"NewsArticle","@id":"https:\/\/funzine.hu\/sl\/2026\/01\/19\/potovanje\/obala-jezera-ki-priklice-zimsko-pravljico-vabi-na-prijeten-sprehod-nedalec-od-budimpeste\/#article","isPartOf":{"@id":"https:\/\/funzine.hu\/sl\/2026\/01\/19\/potovanje\/obala-jezera-ki-priklice-zimsko-pravljico-vabi-na-prijeten-sprehod-nedalec-od-budimpeste\/"},"author":{"name":"Bodn\u00e1r Zsuzsa","@id":"https:\/\/funzine.hu\/#\/schema\/person\/f3864a88f41183e8c3af70534ac28bb4"},"headline":"Obala jezera, ki prikli\u010de zimsko pravljico, vabi na prijeten sprehod nedale\u010d od Budimpe\u0161te.","datePublished":"2026-01-19T15:11:03+00:00","mainEntityOfPage":{"@id":"https:\/\/funzine.hu\/sl\/2026\/01\/19\/potovanje\/obala-jezera-ki-priklice-zimsko-pravljico-vabi-na-prijeten-sprehod-nedalec-od-budimpeste\/"},"wordCount":167,"image":{"@id":"https:\/\/funzine.hu\/sl\/2026\/01\/19\/potovanje\/obala-jezera-ki-priklice-zimsko-pravljico-vabi-na-prijeten-sprehod-nedalec-od-budimpeste\/#primaryimage"},"thumbnailUrl":"https:\/\/funzine.hu\/wp-content\/uploads\/2026\/01\/sun-2732865_1280.jpg","articleSection":["Potovanje"],"inLanguage":"sl-SI"},{"@type":"WebPage","@id":"https:\/\/funzine.hu\/sl\/2026\/01\/19\/potovanje\/obala-jezera-ki-priklice-zimsko-pravljico-vabi-na-prijeten-sprehod-nedalec-od-budimpeste\/","url":"https:\/\/funzine.hu\/sl\/2026\/01\/19\/potovanje\/obala-jezera-ki-priklice-zimsko-pravljico-vabi-na-prijeten-sprehod-nedalec-od-budimpeste\/","name":"Obala jezera, ki prikli\u010de zimsko pravljico, vabi na prijeten sprehod nedale\u010d od Budimpe\u0161te.","isPartOf":{"@id":"https:\/\/funzine.hu\/#website"},"primaryImageOfPage":{"@id":"https:\/\/funzine.hu\/sl\/2026\/01\/19\/potovanje\/obala-jezera-ki-priklice-zimsko-pravljico-vabi-na-prijeten-sprehod-nedalec-od-budimpeste\/#primaryimage"},"image":{"@id":"https:\/\/funzine.hu\/sl\/2026\/01\/19\/potovanje\/obala-jezera-ki-priklice-zimsko-pravljico-vabi-na-prijeten-sprehod-nedalec-od-budimpeste\/#primaryimage"},"thumbnailUrl":"https:\/\/funzine.hu\/wp-content\/uploads\/2026\/01\/sun-2732865_1280.jpg","datePublished":"2026-01-19T15:11:03+00:00","author":{"@id":"https:\/\/funzine.hu\/#\/schema\/person\/f3864a88f41183e8c3af70534ac28bb4"},"breadcrumb":{"@id":"https:\/\/funzine.hu\/sl\/2026\/01\/19\/potovanje\/obala-jezera-ki-priklice-zimsko-pravljico-vabi-na-prijeten-sprehod-nedalec-od-budimpeste\/#breadcrumb"},"inLanguage":"sl-SI","potentialAction":[{"@type":"ReadAction","target":["https:\/\/funzine.hu\/sl\/2026\/01\/19\/potovanje\/obala-jezera-ki-priklice-zimsko-pravljico-vabi-na-prijeten-sprehod-nedalec-od-budimpeste\/"]}]},{"@type":"ImageObject","inLanguage":"sl-SI","@id":"https:\/\/funzine.hu\/sl\/2026\/01\/19\/potovanje\/obala-jezera-ki-priklice-zimsko-pravljico-vabi-na-prijeten-sprehod-nedalec-od-budimpeste\/#primaryimage","url":"https:\/\/funzine.hu\/wp-content\/uploads\/2026\/01\/sun-2732865_1280.jpg","contentUrl":"https:\/\/funzine.hu\/wp-content\/uploads\/2026\/01\/sun-2732865_1280.jpg","width":1280,"height":853,"caption":"ilustracija - pixabay.com"},{"@type":"BreadcrumbList","@id":"https:\/\/funzine.hu\/sl\/2026\/01\/19\/potovanje\/obala-jezera-ki-priklice-zimsko-pravljico-vabi-na-prijeten-sprehod-nedalec-od-budimpeste\/#breadcrumb","itemListElement":[{"@type":"ListItem","position":1,"name":"Home","item":"https:\/\/funzine.hu\/sl\/"},{"@type":"ListItem","position":2,"name":"Obala jezera, ki prikli\u010de zimsko pravljico, vabi na prijeten sprehod nedale\u010d od Budimpe\u0161te."}]},{"@type":"WebSite","@id":"https:\/\/funzine.hu\/#website","url":"https:\/\/funzine.hu\/","name":"Funzine","description":"","potentialAction":[{"@type":"SearchAction","target":{"@type":"EntryPoint","urlTemplate":"https:\/\/funzine.hu\/?s={search_term_string}"},"query-input":{"@type":"PropertyValueSpecification","valueRequired":true,"valueName":"search_term_string"}}],"inLanguage":"sl-SI"},{"@type":"Person","@id":"https:\/\/funzine.hu\/#\/schema\/person\/f3864a88f41183e8c3af70534ac28bb4","name":"Bodn\u00e1r Zsuzsa","image":{"@type":"ImageObject","inLanguage":"sl-SI","@id":"https:\/\/secure.gravatar.com\/avatar\/3dac04a042bfb0c015d0f893ef5eb9cca9d966bb5795039862dafd8d2ab5d410?s=96&d=mm&r=g","url":"https:\/\/secure.gravatar.com\/avatar\/3dac04a042bfb0c015d0f893ef5eb9cca9d966bb5795039862dafd8d2ab5d410?s=96&d=mm&r=g","contentUrl":"https:\/\/secure.gravatar.com\/avatar\/3dac04a042bfb0c015d0f893ef5eb9cca9d966bb5795039862dafd8d2ab5d410?s=96&d=mm&r=g","caption":"Bodn\u00e1r Zsuzsa"},"url":"https:\/\/funzine.hu\/sl\/author\/bodnar-zsuzsa-1984\/"}]}},"amp_enabled":true,"_links":{"self":[{"href":"https:\/\/funzine.hu\/sl\/wp-json\/wp\/v2\/posts\/619200","targetHints":{"allow":["GET"]}}],"collection":[{"href":"https:\/\/funzine.hu\/sl\/wp-json\/wp\/v2\/posts"}],"about":[{"href":"https:\/\/funzine.hu\/sl\/wp-json\/wp\/v2\/types\/post"}],"author":[{"embeddable":true,"href":"https:\/\/funzine.hu\/sl\/wp-json\/wp\/v2\/users\/391"}],"replies":[{"embeddable":true,"href":"https:\/\/funzine.hu\/sl\/wp-json\/wp\/v2\/comments?post=619200"}],"version-history":[{"count":1,"href":"https:\/\/funzine.hu\/sl\/wp-json\/wp\/v2\/posts\/619200\/revisions"}],"predecessor-version":[{"id":619202,"href":"https:\/\/funzine.hu\/sl\/wp-json\/wp\/v2\/posts\/619200\/revisions\/619202"}],"wp:featuredmedia":[{"embeddable":true,"href":"https:\/\/funzine.hu\/sl\/wp-json\/wp\/v2\/media\/619201"}],"wp:attachment":[{"href":"https:\/\/funzine.hu\/sl\/wp-json\/wp\/v2\/media?parent=619200"}],"wp:term":[{"taxonomy":"category","embeddable":true,"href":"https:\/\/funzine.hu\/sl\/wp-json\/wp\/v2\/categories?post=619200"},{"taxonomy":"post_tag","embeddable":true,"href":"https:\/\/funzine.hu\/sl\/wp-json\/wp\/v2\/tags?post=619200"},{"taxonomy":"post_places","embeddable":true,"href":"https:\/\/funzine.hu\/sl\/wp-json\/wp\/v2\/post_places?post=619200"}],"curies":[{"name":"wp","href":"https:\/\/api.w.org\/{rel}","templated":true}]}}