{"id":618811,"date":"2026-01-11T12:13:54","date_gmt":"2026-01-11T11:13:54","guid":{"rendered":"https:\/\/funzine.hu\/?p=618811"},"modified":"2026-01-11T12:13:54","modified_gmt":"2026-01-11T11:13:54","slug":"najvecjega-snezaka-v-drzavi-smo-nasli-ob-pravljicnem-drsaliscu-v-budimpesti","status":"publish","type":"post","link":"https:\/\/funzine.hu\/sl\/2026\/01\/11\/potovanje\/najvecjega-snezaka-v-drzavi-smo-nasli-ob-pravljicnem-drsaliscu-v-budimpesti\/","title":{"rendered":"Najve\u010djega sne\u017eaka v dr\u017eavi smo na\u0161li ob pravlji\u010dnem drsali\u0161\u010du v Budimpe\u0161ti"},"content":{"rendered":"<p>U\u010denci osnovne \u0161ole, ki so drsali, so zgradili najve\u010djega sne\u017eaka v dr\u017eavi.<\/p>\n<figure id=\"attachment_618812\" aria-describedby=\"caption-attachment-618812\" style=\"width: 850px\" class=\"wp-caption aligncenter\"><img decoding=\"async\" class=\"size-funzine-large wp-image-618812\" src=\"https:\/\/funzine.hu\/wp-content\/uploads\/2026\/01\/snowman-6944521_1280-1200x1200.jpg\" alt=\"\" width=\"850\" height=\"850\" srcset=\"https:\/\/funzine.hu\/wp-content\/uploads\/2026\/01\/snowman-6944521_1280-1200x1200.jpg 1200w, https:\/\/funzine.hu\/wp-content\/uploads\/2026\/01\/snowman-6944521_1280-300x300.jpg 300w, https:\/\/funzine.hu\/wp-content\/uploads\/2026\/01\/snowman-6944521_1280-1024x1024.jpg 1024w, https:\/\/funzine.hu\/wp-content\/uploads\/2026\/01\/snowman-6944521_1280-150x150.jpg 150w, https:\/\/funzine.hu\/wp-content\/uploads\/2026\/01\/snowman-6944521_1280-768x768.jpg 768w, https:\/\/funzine.hu\/wp-content\/uploads\/2026\/01\/snowman-6944521_1280-500x500.jpg 500w, https:\/\/funzine.hu\/wp-content\/uploads\/2026\/01\/snowman-6944521_1280.jpg 1280w\" sizes=\"(max-width: 850px) 100vw, 850px\" \/><figcaption id=\"caption-attachment-618812\" class=\"wp-caption-text\">ilustracija &#8211; pixabay.com<\/figcaption><\/figure>\n<p>&nbsp;<\/p>\n<p>\u010ceprav se budimpe\u0161ki Olaf s 725 centimetri ne pribli\u017ea Guinnessovemu rekorderju, 38,04-metrskemu avstrijskemu sne\u017eaku, je to sezono zagotovo postal najbolj prikupen sne\u017eak v na\u0161i majhni dr\u017eavi.<\/p>\n<p>&nbsp;<\/p>\n<p>Velikan s cilindri je na\u0161el dom v \u010darobnem ledenem parku Csepel, tik ob enem od drsali\u0161\u010d. Pozimi se spla\u010da obiskati drsali\u0161\u010de, da bi resni\u010dno ob\u010dudovali sr\u010dnega sne\u017eaka.<\/p>\n","protected":false},"excerpt":{"rendered":"<p>U\u010denci osnovne \u0161ole, ki so drsali, so zgradili najve\u010djega sne\u017eaka v dr\u017eavi. &nbsp; \u010ceprav se<\/p>\n","protected":false},"author":391,"featured_media":618812,"comment_status":"closed","ping_status":"closed","sticky":false,"template":"","format":"standard","meta":{"_acf_changed":false,"wprm-recipe-roundup-name":"","wprm-recipe-roundup-description":"","ngg_post_thumbnail":0,"footnotes":""},"categories":[14345],"tags":[],"post_places":[],"class_list":["post-618811","post","type-post","status-publish","format-standard","has-post-thumbnail","hentry","category-potovanje"],"acf":{"connected_places":"","del_image":""},"yoast_head":"<!-- This site is optimized with the Yoast SEO plugin v27.2 - https:\/\/yoast.com\/product\/yoast-seo-wordpress\/ -->\n<title>Najve\u010djega sne\u017eaka v dr\u017eavi smo na\u0161li ob pravlji\u010dnem drsali\u0161\u010du v Budimpe\u0161ti<\/title>\n<meta name=\"robots\" content=\"index, follow, max-snippet:-1, max-image-preview:large, max-video-preview:-1\" \/>\n<link rel=\"canonical\" href=\"https:\/\/funzine.hu\/sl\/2026\/01\/11\/potovanje\/najvecjega-snezaka-v-drzavi-smo-nasli-ob-pravljicnem-drsaliscu-v-budimpesti\/\" \/>\n<meta property=\"og:locale\" content=\"sl_SI\" \/>\n<meta property=\"og:type\" content=\"article\" \/>\n<meta property=\"og:title\" content=\"Najve\u010djega sne\u017eaka v dr\u017eavi smo na\u0161li ob pravlji\u010dnem drsali\u0161\u010du v Budimpe\u0161ti\" \/>\n<meta property=\"og:description\" content=\"U\u010denci osnovne \u0161ole, ki so drsali, so zgradili najve\u010djega sne\u017eaka v dr\u017eavi. &nbsp; \u010ceprav se\" \/>\n<meta property=\"og:url\" content=\"https:\/\/funzine.hu\/sl\/2026\/01\/11\/potovanje\/najvecjega-snezaka-v-drzavi-smo-nasli-ob-pravljicnem-drsaliscu-v-budimpesti\/\" \/>\n<meta property=\"og:site_name\" content=\"Funzine\" \/>\n<meta property=\"article:publisher\" content=\"https:\/\/www.facebook.com\/funzine\/\" \/>\n<meta property=\"article:published_time\" content=\"2026-01-11T11:13:54+00:00\" \/>\n<meta property=\"og:image\" content=\"https:\/\/funzine.hu\/wp-content\/uploads\/2026\/01\/snowman-6944521_1280.jpg\" \/>\n\t<meta property=\"og:image:width\" content=\"1280\" \/>\n\t<meta property=\"og:image:height\" content=\"1280\" \/>\n\t<meta property=\"og:image:type\" content=\"image\/jpeg\" \/>\n<meta name=\"author\" content=\"Bodn\u00e1r Zsuzsa\" \/>\n<meta name=\"twitter:card\" content=\"summary_large_image\" \/>\n<meta name=\"twitter:creator\" content=\"@funzine\" \/>\n<meta name=\"twitter:site\" content=\"@funzine\" \/>\n<meta name=\"twitter:label1\" content=\"Written by\" \/>\n\t<meta name=\"twitter:data1\" content=\"Bodn\u00e1r Zsuzsa\" \/>\n\t<meta name=\"twitter:label2\" content=\"Est. reading time\" \/>\n\t<meta name=\"twitter:data2\" content=\"1 minuta\" \/>\n<script type=\"application\/ld+json\" class=\"yoast-schema-graph\">{\"@context\":\"https:\/\/schema.org\",\"@graph\":[{\"@type\":\"NewsArticle\",\"@id\":\"https:\/\/funzine.hu\/sl\/2026\/01\/11\/potovanje\/najvecjega-snezaka-v-drzavi-smo-nasli-ob-pravljicnem-drsaliscu-v-budimpesti\/#article\",\"isPartOf\":{\"@id\":\"https:\/\/funzine.hu\/sl\/2026\/01\/11\/potovanje\/najvecjega-snezaka-v-drzavi-smo-nasli-ob-pravljicnem-drsaliscu-v-budimpesti\/\"},\"author\":{\"name\":\"Bodn\u00e1r Zsuzsa\",\"@id\":\"https:\/\/funzine.hu\/#\/schema\/person\/f3864a88f41183e8c3af70534ac28bb4\"},\"headline\":\"Najve\u010djega sne\u017eaka v dr\u017eavi smo na\u0161li ob pravlji\u010dnem drsali\u0161\u010du v Budimpe\u0161ti\",\"datePublished\":\"2026-01-11T11:13:54+00:00\",\"mainEntityOfPage\":{\"@id\":\"https:\/\/funzine.hu\/sl\/2026\/01\/11\/potovanje\/najvecjega-snezaka-v-drzavi-smo-nasli-ob-pravljicnem-drsaliscu-v-budimpesti\/\"},\"wordCount\":112,\"image\":{\"@id\":\"https:\/\/funzine.hu\/sl\/2026\/01\/11\/potovanje\/najvecjega-snezaka-v-drzavi-smo-nasli-ob-pravljicnem-drsaliscu-v-budimpesti\/#primaryimage\"},\"thumbnailUrl\":\"https:\/\/funzine.hu\/wp-content\/uploads\/2026\/01\/snowman-6944521_1280.jpg\",\"articleSection\":[\"Potovanje\"],\"inLanguage\":\"sl-SI\"},{\"@type\":\"WebPage\",\"@id\":\"https:\/\/funzine.hu\/sl\/2026\/01\/11\/potovanje\/najvecjega-snezaka-v-drzavi-smo-nasli-ob-pravljicnem-drsaliscu-v-budimpesti\/\",\"url\":\"https:\/\/funzine.hu\/sl\/2026\/01\/11\/potovanje\/najvecjega-snezaka-v-drzavi-smo-nasli-ob-pravljicnem-drsaliscu-v-budimpesti\/\",\"name\":\"Najve\u010djega sne\u017eaka v dr\u017eavi smo na\u0161li ob pravlji\u010dnem drsali\u0161\u010du v Budimpe\u0161ti\",\"isPartOf\":{\"@id\":\"https:\/\/funzine.hu\/#website\"},\"primaryImageOfPage\":{\"@id\":\"https:\/\/funzine.hu\/sl\/2026\/01\/11\/potovanje\/najvecjega-snezaka-v-drzavi-smo-nasli-ob-pravljicnem-drsaliscu-v-budimpesti\/#primaryimage\"},\"image\":{\"@id\":\"https:\/\/funzine.hu\/sl\/2026\/01\/11\/potovanje\/najvecjega-snezaka-v-drzavi-smo-nasli-ob-pravljicnem-drsaliscu-v-budimpesti\/#primaryimage\"},\"thumbnailUrl\":\"https:\/\/funzine.hu\/wp-content\/uploads\/2026\/01\/snowman-6944521_1280.jpg\",\"datePublished\":\"2026-01-11T11:13:54+00:00\",\"author\":{\"@id\":\"https:\/\/funzine.hu\/#\/schema\/person\/f3864a88f41183e8c3af70534ac28bb4\"},\"breadcrumb\":{\"@id\":\"https:\/\/funzine.hu\/sl\/2026\/01\/11\/potovanje\/najvecjega-snezaka-v-drzavi-smo-nasli-ob-pravljicnem-drsaliscu-v-budimpesti\/#breadcrumb\"},\"inLanguage\":\"sl-SI\",\"potentialAction\":[{\"@type\":\"ReadAction\",\"target\":[\"https:\/\/funzine.hu\/sl\/2026\/01\/11\/potovanje\/najvecjega-snezaka-v-drzavi-smo-nasli-ob-pravljicnem-drsaliscu-v-budimpesti\/\"]}]},{\"@type\":\"ImageObject\",\"inLanguage\":\"sl-SI\",\"@id\":\"https:\/\/funzine.hu\/sl\/2026\/01\/11\/potovanje\/najvecjega-snezaka-v-drzavi-smo-nasli-ob-pravljicnem-drsaliscu-v-budimpesti\/#primaryimage\",\"url\":\"https:\/\/funzine.hu\/wp-content\/uploads\/2026\/01\/snowman-6944521_1280.jpg\",\"contentUrl\":\"https:\/\/funzine.hu\/wp-content\/uploads\/2026\/01\/snowman-6944521_1280.jpg\",\"width\":1280,\"height\":1280,\"caption\":\"ilustracija - pixabay.com\"},{\"@type\":\"BreadcrumbList\",\"@id\":\"https:\/\/funzine.hu\/sl\/2026\/01\/11\/potovanje\/najvecjega-snezaka-v-drzavi-smo-nasli-ob-pravljicnem-drsaliscu-v-budimpesti\/#breadcrumb\",\"itemListElement\":[{\"@type\":\"ListItem\",\"position\":1,\"name\":\"Home\",\"item\":\"https:\/\/funzine.hu\/sl\/\"},{\"@type\":\"ListItem\",\"position\":2,\"name\":\"Najve\u010djega sne\u017eaka v dr\u017eavi smo na\u0161li ob pravlji\u010dnem drsali\u0161\u010du v Budimpe\u0161ti\"}]},{\"@type\":\"WebSite\",\"@id\":\"https:\/\/funzine.hu\/#website\",\"url\":\"https:\/\/funzine.hu\/\",\"name\":\"Funzine\",\"description\":\"\",\"potentialAction\":[{\"@type\":\"SearchAction\",\"target\":{\"@type\":\"EntryPoint\",\"urlTemplate\":\"https:\/\/funzine.hu\/?s={search_term_string}\"},\"query-input\":{\"@type\":\"PropertyValueSpecification\",\"valueRequired\":true,\"valueName\":\"search_term_string\"}}],\"inLanguage\":\"sl-SI\"},{\"@type\":\"Person\",\"@id\":\"https:\/\/funzine.hu\/#\/schema\/person\/f3864a88f41183e8c3af70534ac28bb4\",\"name\":\"Bodn\u00e1r Zsuzsa\",\"image\":{\"@type\":\"ImageObject\",\"inLanguage\":\"sl-SI\",\"@id\":\"https:\/\/secure.gravatar.com\/avatar\/3dac04a042bfb0c015d0f893ef5eb9cca9d966bb5795039862dafd8d2ab5d410?s=96&d=mm&r=g\",\"url\":\"https:\/\/secure.gravatar.com\/avatar\/3dac04a042bfb0c015d0f893ef5eb9cca9d966bb5795039862dafd8d2ab5d410?s=96&d=mm&r=g\",\"contentUrl\":\"https:\/\/secure.gravatar.com\/avatar\/3dac04a042bfb0c015d0f893ef5eb9cca9d966bb5795039862dafd8d2ab5d410?s=96&d=mm&r=g\",\"caption\":\"Bodn\u00e1r Zsuzsa\"},\"url\":\"https:\/\/funzine.hu\/sl\/author\/bodnar-zsuzsa-1984\/\"}]}<\/script>\n<!-- \/ Yoast SEO plugin. -->","yoast_head_json":{"title":"Najve\u010djega sne\u017eaka v dr\u017eavi smo na\u0161li ob pravlji\u010dnem drsali\u0161\u010du v Budimpe\u0161ti","robots":{"index":"index","follow":"follow","max-snippet":"max-snippet:-1","max-image-preview":"max-image-preview:large","max-video-preview":"max-video-preview:-1"},"canonical":"https:\/\/funzine.hu\/sl\/2026\/01\/11\/potovanje\/najvecjega-snezaka-v-drzavi-smo-nasli-ob-pravljicnem-drsaliscu-v-budimpesti\/","og_locale":"sl_SI","og_type":"article","og_title":"Najve\u010djega sne\u017eaka v dr\u017eavi smo na\u0161li ob pravlji\u010dnem drsali\u0161\u010du v Budimpe\u0161ti","og_description":"U\u010denci osnovne \u0161ole, ki so drsali, so zgradili najve\u010djega sne\u017eaka v dr\u017eavi. &nbsp; \u010ceprav se","og_url":"https:\/\/funzine.hu\/sl\/2026\/01\/11\/potovanje\/najvecjega-snezaka-v-drzavi-smo-nasli-ob-pravljicnem-drsaliscu-v-budimpesti\/","og_site_name":"Funzine","article_publisher":"https:\/\/www.facebook.com\/funzine\/","article_published_time":"2026-01-11T11:13:54+00:00","og_image":[{"width":1280,"height":1280,"url":"https:\/\/funzine.hu\/wp-content\/uploads\/2026\/01\/snowman-6944521_1280.jpg","type":"image\/jpeg"}],"author":"Bodn\u00e1r Zsuzsa","twitter_card":"summary_large_image","twitter_creator":"@funzine","twitter_site":"@funzine","twitter_misc":{"Written by":"Bodn\u00e1r Zsuzsa","Est. reading time":"1 minuta"},"schema":{"@context":"https:\/\/schema.org","@graph":[{"@type":"NewsArticle","@id":"https:\/\/funzine.hu\/sl\/2026\/01\/11\/potovanje\/najvecjega-snezaka-v-drzavi-smo-nasli-ob-pravljicnem-drsaliscu-v-budimpesti\/#article","isPartOf":{"@id":"https:\/\/funzine.hu\/sl\/2026\/01\/11\/potovanje\/najvecjega-snezaka-v-drzavi-smo-nasli-ob-pravljicnem-drsaliscu-v-budimpesti\/"},"author":{"name":"Bodn\u00e1r Zsuzsa","@id":"https:\/\/funzine.hu\/#\/schema\/person\/f3864a88f41183e8c3af70534ac28bb4"},"headline":"Najve\u010djega sne\u017eaka v dr\u017eavi smo na\u0161li ob pravlji\u010dnem drsali\u0161\u010du v Budimpe\u0161ti","datePublished":"2026-01-11T11:13:54+00:00","mainEntityOfPage":{"@id":"https:\/\/funzine.hu\/sl\/2026\/01\/11\/potovanje\/najvecjega-snezaka-v-drzavi-smo-nasli-ob-pravljicnem-drsaliscu-v-budimpesti\/"},"wordCount":112,"image":{"@id":"https:\/\/funzine.hu\/sl\/2026\/01\/11\/potovanje\/najvecjega-snezaka-v-drzavi-smo-nasli-ob-pravljicnem-drsaliscu-v-budimpesti\/#primaryimage"},"thumbnailUrl":"https:\/\/funzine.hu\/wp-content\/uploads\/2026\/01\/snowman-6944521_1280.jpg","articleSection":["Potovanje"],"inLanguage":"sl-SI"},{"@type":"WebPage","@id":"https:\/\/funzine.hu\/sl\/2026\/01\/11\/potovanje\/najvecjega-snezaka-v-drzavi-smo-nasli-ob-pravljicnem-drsaliscu-v-budimpesti\/","url":"https:\/\/funzine.hu\/sl\/2026\/01\/11\/potovanje\/najvecjega-snezaka-v-drzavi-smo-nasli-ob-pravljicnem-drsaliscu-v-budimpesti\/","name":"Najve\u010djega sne\u017eaka v dr\u017eavi smo na\u0161li ob pravlji\u010dnem drsali\u0161\u010du v Budimpe\u0161ti","isPartOf":{"@id":"https:\/\/funzine.hu\/#website"},"primaryImageOfPage":{"@id":"https:\/\/funzine.hu\/sl\/2026\/01\/11\/potovanje\/najvecjega-snezaka-v-drzavi-smo-nasli-ob-pravljicnem-drsaliscu-v-budimpesti\/#primaryimage"},"image":{"@id":"https:\/\/funzine.hu\/sl\/2026\/01\/11\/potovanje\/najvecjega-snezaka-v-drzavi-smo-nasli-ob-pravljicnem-drsaliscu-v-budimpesti\/#primaryimage"},"thumbnailUrl":"https:\/\/funzine.hu\/wp-content\/uploads\/2026\/01\/snowman-6944521_1280.jpg","datePublished":"2026-01-11T11:13:54+00:00","author":{"@id":"https:\/\/funzine.hu\/#\/schema\/person\/f3864a88f41183e8c3af70534ac28bb4"},"breadcrumb":{"@id":"https:\/\/funzine.hu\/sl\/2026\/01\/11\/potovanje\/najvecjega-snezaka-v-drzavi-smo-nasli-ob-pravljicnem-drsaliscu-v-budimpesti\/#breadcrumb"},"inLanguage":"sl-SI","potentialAction":[{"@type":"ReadAction","target":["https:\/\/funzine.hu\/sl\/2026\/01\/11\/potovanje\/najvecjega-snezaka-v-drzavi-smo-nasli-ob-pravljicnem-drsaliscu-v-budimpesti\/"]}]},{"@type":"ImageObject","inLanguage":"sl-SI","@id":"https:\/\/funzine.hu\/sl\/2026\/01\/11\/potovanje\/najvecjega-snezaka-v-drzavi-smo-nasli-ob-pravljicnem-drsaliscu-v-budimpesti\/#primaryimage","url":"https:\/\/funzine.hu\/wp-content\/uploads\/2026\/01\/snowman-6944521_1280.jpg","contentUrl":"https:\/\/funzine.hu\/wp-content\/uploads\/2026\/01\/snowman-6944521_1280.jpg","width":1280,"height":1280,"caption":"ilustracija - pixabay.com"},{"@type":"BreadcrumbList","@id":"https:\/\/funzine.hu\/sl\/2026\/01\/11\/potovanje\/najvecjega-snezaka-v-drzavi-smo-nasli-ob-pravljicnem-drsaliscu-v-budimpesti\/#breadcrumb","itemListElement":[{"@type":"ListItem","position":1,"name":"Home","item":"https:\/\/funzine.hu\/sl\/"},{"@type":"ListItem","position":2,"name":"Najve\u010djega sne\u017eaka v dr\u017eavi smo na\u0161li ob pravlji\u010dnem drsali\u0161\u010du v Budimpe\u0161ti"}]},{"@type":"WebSite","@id":"https:\/\/funzine.hu\/#website","url":"https:\/\/funzine.hu\/","name":"Funzine","description":"","potentialAction":[{"@type":"SearchAction","target":{"@type":"EntryPoint","urlTemplate":"https:\/\/funzine.hu\/?s={search_term_string}"},"query-input":{"@type":"PropertyValueSpecification","valueRequired":true,"valueName":"search_term_string"}}],"inLanguage":"sl-SI"},{"@type":"Person","@id":"https:\/\/funzine.hu\/#\/schema\/person\/f3864a88f41183e8c3af70534ac28bb4","name":"Bodn\u00e1r Zsuzsa","image":{"@type":"ImageObject","inLanguage":"sl-SI","@id":"https:\/\/secure.gravatar.com\/avatar\/3dac04a042bfb0c015d0f893ef5eb9cca9d966bb5795039862dafd8d2ab5d410?s=96&d=mm&r=g","url":"https:\/\/secure.gravatar.com\/avatar\/3dac04a042bfb0c015d0f893ef5eb9cca9d966bb5795039862dafd8d2ab5d410?s=96&d=mm&r=g","contentUrl":"https:\/\/secure.gravatar.com\/avatar\/3dac04a042bfb0c015d0f893ef5eb9cca9d966bb5795039862dafd8d2ab5d410?s=96&d=mm&r=g","caption":"Bodn\u00e1r Zsuzsa"},"url":"https:\/\/funzine.hu\/sl\/author\/bodnar-zsuzsa-1984\/"}]}},"amp_enabled":true,"_links":{"self":[{"href":"https:\/\/funzine.hu\/sl\/wp-json\/wp\/v2\/posts\/618811","targetHints":{"allow":["GET"]}}],"collection":[{"href":"https:\/\/funzine.hu\/sl\/wp-json\/wp\/v2\/posts"}],"about":[{"href":"https:\/\/funzine.hu\/sl\/wp-json\/wp\/v2\/types\/post"}],"author":[{"embeddable":true,"href":"https:\/\/funzine.hu\/sl\/wp-json\/wp\/v2\/users\/391"}],"replies":[{"embeddable":true,"href":"https:\/\/funzine.hu\/sl\/wp-json\/wp\/v2\/comments?post=618811"}],"version-history":[{"count":1,"href":"https:\/\/funzine.hu\/sl\/wp-json\/wp\/v2\/posts\/618811\/revisions"}],"predecessor-version":[{"id":618813,"href":"https:\/\/funzine.hu\/sl\/wp-json\/wp\/v2\/posts\/618811\/revisions\/618813"}],"wp:featuredmedia":[{"embeddable":true,"href":"https:\/\/funzine.hu\/sl\/wp-json\/wp\/v2\/media\/618812"}],"wp:attachment":[{"href":"https:\/\/funzine.hu\/sl\/wp-json\/wp\/v2\/media?parent=618811"}],"wp:term":[{"taxonomy":"category","embeddable":true,"href":"https:\/\/funzine.hu\/sl\/wp-json\/wp\/v2\/categories?post=618811"},{"taxonomy":"post_tag","embeddable":true,"href":"https:\/\/funzine.hu\/sl\/wp-json\/wp\/v2\/tags?post=618811"},{"taxonomy":"post_places","embeddable":true,"href":"https:\/\/funzine.hu\/sl\/wp-json\/wp\/v2\/post_places?post=618811"}],"curies":[{"name":"wp","href":"https:\/\/api.w.org\/{rel}","templated":true}]}}