{"id":618805,"date":"2026-01-11T11:40:53","date_gmt":"2026-01-11T10:40:53","guid":{"rendered":"https:\/\/funzine.hu\/?p=618805"},"modified":"2026-01-11T11:40:53","modified_gmt":"2026-01-11T10:40:53","slug":"40-nepozabnih-programov-v-budimpesti-za-zivahen-zacetek-leta","status":"publish","type":"post","link":"https:\/\/funzine.hu\/sl\/2026\/01\/11\/potovanje\/40-nepozabnih-programov-v-budimpesti-za-zivahen-zacetek-leta\/","title":{"rendered":"40+ nepozabnih programov v Budimpe\u0161ti za \u017eivahen za\u010detek leta"},"content":{"rendered":"<p>Januar je obi\u010dajno na vrhu seznama najmanj priljubljenih mesecev: po ugasnitvi bo\u017ei\u010dnih lu\u010di se zdi, da je od zime ostalo le \u0161e tema, gola drevesa in slabo vreme, v katerem se neradi zadr\u017eujemo \u0161e 31 maratonskih dni. Zato vam predstavljamo 40 super programov v prestolnici, s katerimi lahko vzljubite tudi ta sivi mesec!<\/p>\n<figure id=\"attachment_618806\" aria-describedby=\"caption-attachment-618806\" style=\"width: 850px\" class=\"wp-caption aligncenter\"><img decoding=\"async\" class=\"size-funzine-large wp-image-618806\" src=\"https:\/\/funzine.hu\/wp-content\/uploads\/2026\/01\/budapest-1196151_1280-1200x774.jpg\" alt=\"\" width=\"850\" height=\"548\" srcset=\"https:\/\/funzine.hu\/wp-content\/uploads\/2026\/01\/budapest-1196151_1280-1200x774.jpg 1200w, https:\/\/funzine.hu\/wp-content\/uploads\/2026\/01\/budapest-1196151_1280-300x194.jpg 300w, https:\/\/funzine.hu\/wp-content\/uploads\/2026\/01\/budapest-1196151_1280-1024x661.jpg 1024w, https:\/\/funzine.hu\/wp-content\/uploads\/2026\/01\/budapest-1196151_1280-768x496.jpg 768w, https:\/\/funzine.hu\/wp-content\/uploads\/2026\/01\/budapest-1196151_1280-100x65.jpg 100w, https:\/\/funzine.hu\/wp-content\/uploads\/2026\/01\/budapest-1196151_1280.jpg 1280w\" sizes=\"(max-width: 850px) 100vw, 850px\" \/><figcaption id=\"caption-attachment-618806\" class=\"wp-caption-text\">ilustracija &#8211; pixabay.com<\/figcaption><\/figure>\n<p>Budimpe\u0161ta \u2013 Kalandv\u00e1ros \/\/ Galerija De\u00e1k17 (do 17. januarja 2026)<br \/>\nNajnovej\u0161a, vznemirljiva razstava Galerije otro\u0161ke in mladinske umetnosti De\u00e1k17 prikli\u010de v spomin na Veliko Budimpe\u0161to, ki praznuje 75. rojstni dan, z vidika sodobne mad\u017earske ilustracije otro\u0161kih knjig. Skozi dela najizjemnej\u0161ih mad\u017earskih ilustratorjev se razkrivajo razli\u010dni obrazi prestolnice, od zgodovinskega mestnega jedra do stanovanjskih naselij, in ponuja vpogled v to, kje resni\u010dni prostori postanejo \u010darobni. Dela umetnikov dopolnjujejo najbolj\u0161a dela risarskega nate\u010daja, razpisanega na isto temo, s \u010dimer obiskovalcem predstavljajo resni\u010dno raznoliko razstavo.<\/p>\n<p>Resen material. \u017denske \u2013 Kostumi \u2013 \u017divljenjske zgodbe \/\/ Etnografski muzej (do 25. januarja 2026)<br \/>\nKatere zgodbe nosijo na\u0161a obla\u010dila? Ali lahko razkrijejo skrivnosti preteklosti in prika\u017eejo usodo posameznikov, dru\u017ein in etni\u010dnih skupin? Gostujo\u010da razstava Etnografskega muzeja prihaja iz Osrednjega muzeja Podonavskih \u0160vabov v Ulmu, da bi skozi \u010dudovite kostume razkrila vesele in travmati\u010dne dogodke iz \u017eivljenja nem\u0161kih deklet in \u017eensk ob Donavi. Razstava \u017eeli odgovoriti na dve vpra\u0161anji: kako so \u017eenske oblikovale svoja obla\u010dila in kako so jih oblikovala njihova obla\u010dila? Z uporabo prazni\u010dnih kostumov in osebnih zgodb njihovih nekdanjih lastnic razstava predstavlja pomembna obdobja \u017eenskega \u017eivljenja od otro\u0161tva prek poroke do starosti, po drugi strani pa razkriva zgodovino Nemcev v 20. stoletju, vklju\u010dno s tragi\u010dnimi dogodki po drugi svetovni vojni: robotom Malenky in deportacijami.<\/p>\n<p>Po\u017eivljajo\u010de razstave<br \/>\nNovo leto pri\u010dakajo ne le razstave: med drugim o\u017eivi Budimpe\u0161ta sedemdesetih in osemdesetih let, lahko pa pogledate tudi v zakulisje snemanja najnovej\u0161ega filma L\u00e1szla Nemesa Jelesa, Sirota. Ponudbo \u0161e bolj razveselijo fotografske razstave.<\/p>\n<p>Ve\u010d kot \u010dlovek \/\/ Muzej svetlobne umetnosti (ves mesec)<br \/>\nNajnovej\u0161a, \u010detrta razstava muzeja LAM je odprta le do konca zime, zato \u010de je \u0161e niste imeli prilo\u017enosti ob\u010dudovati, jo \u010dim prej obi\u0161\u010dite! Razstava Ve\u010d kot \u010dlovek raziskuje temo posthumanizma skozi skoraj 40 mednarodnih del, od katerih jih je bilo veliko ustvarjenih posebej za muzej. Na razstavi, ki spodbuja k razmi\u0161ljanju, lahko poi\u0161\u010dete tudi odgovor na vpra\u0161anje, ali se \u010dlovek lahko igra boga in kako bi bila Zemlja videti brez \u010dloveka.<\/p>\n<p>PlayDome \/\/ Biod\u00f3m (ves mesec)<br \/>\nStavba Biod\u00f3m se bo v novem letu preobrazila v fantasti\u010dno igralnico: PlayDome \u010daka mal\u010dke s super ovirami, velikanskimi tobogani in napihljivimi gradovi za igrivo igro. Po skakanju bodo obiskovalce zabavali interaktivni igralni elementi, LEGO gradbena cona in dru\u017eabne igre.<\/p>\n<p>Razstava Michael \u2013 The HIStory (ves mesec)<br \/>\nVstopite v najsvetlej\u0161e poglavje pop zgodovine in podo\u017eivite \u010darobnost Michaela Jacksona, saj je zapu\u0161\u010dina kralja popa prispela v Budimpe\u0161to! V osr\u010dju mestnega sredi\u0161\u010da bodo obiskovalci na\u0161li ve\u010d kot 100 originalnih relikvij, kipov v naravni velikosti, interaktivno koncertno izku\u0161njo in virtualni ogled, pokukate pa lahko tudi v zakulisje legendarnih glasbenih videospotov. Razstavo o pop zvezdniku z najve\u010d Guinnessovimi rekordi na svetu si lahko ogledate do februarja.<\/p>\n<p>KoriPark v Budimpe\u0161ti (ves mesec)<br \/>\nDo konca januarja lahko \u0161e vedno preizkusite 2200 kvadratnih metrov velik KoriPark v parku Budimpe\u0161ta. Seveda bo tudi zimska sezona v znamenju glasbe \u2013 KoriPark v Budimpe\u0161ti obiskovalce \u010daka s \u0161tevilnimi zabavami, DJ-ji in dru\u017einskimi programi. Med sezono lahko najdete tudi tematsko ledeno diskoteko, kul B2B sete, Hi\u0161ni piknik, pa tudi bo\u017ei\u010dni diapozitiv z glasbo in zimskega mlaj\u0161ega brata P\u00f6tt\u00f6mkerta, P\u00f6tt\u00f6mParty.<\/p>\n<p>Januarska do\u017eivetja v gledali\u0161\u010du<br \/>\nDajte pot za\u010detku leta in prikradete posebna kulturna do\u017eivetja v zimsko sivino! Zagotovo ne boste razo\u010darani nad repertoarjem prestolni\u0161kih gledali\u0161\u010d v letu 2026, saj januarski program vsebuje ve\u010d kot obetavne ve\u010dere: \u010dakajo vas sr\u010dne komedije in dru\u017einske drame, pri\u010da pa boste lahko celo monodrami o gledali\u0161ki zgodovini.<\/p>\n<p>Bazinga je stand-up ve\u010der v gledali\u0161\u010du Inga \u2013 T\u0171zolt\u00f3 Teatrum \/\/ Inga (4. januar 2026)<br \/>\n\u010ce vas zanima, kdo oblikuje prihodnost stand-upa, obi\u0161\u010dite Ingo prvo nedeljo v januarju! Poleg dveh vzhajajo\u010dih stand-up glasbenikov bo na ve\u010deru, ki ga organiziramo v sodelovanju z Dumasz\u00ednh\u00e1zom, nastopil tudi Gergely Litkai. Skupno vsem nastopajo\u010dim je, da so tudi sodobni javni komentatorji kot del dru\u017ebenega diskurza. Ingin kredo je graditi skupnost, ki ceni iskrene, neusmiljene, a duhovite besede \u2013 na njihovih nastopih se ne boste le smejali, ampak tudi jokali. Dogodek je priporo\u010dljiv za starej\u0161e od 16 let in traja pribli\u017eno 80 minut brez odmora.<\/p>\n<p>F\u00fcgefa \u2013 Viktor Bera in finale njegove dobe \/\/ ISON (6. januar 2026)<br \/>\nMnogi lahko re\u010dejo, da so bili na otvoritvi razstave \u2013 \u0161e manj pa jih je \u017ee zaprlo razstavo. Prilo\u017enost za to boste imeli na ISON-u v za\u010detku januarja: na zaklju\u010dni dan si lahko ogledate razstavo Viktorja Bere z naslovom F\u00fcgefa, nato pa skupaj pospravite dela. Medtem se lahko z umetnikom o razstavljenih slikah pogovorite celo ob dobrem kuhanem vinu v rokah.<\/p>\n<p>Ve\u010der dru\u017eabnih iger in klub \u0161ivanja \/\/ Bolyg\u00f3 (8. januar 2026)<br \/>\n\u010ce \u017eelite izvedeti, kako podalj\u0161ati \u017eivljenjsko dobo svojih luknjastih nogavic in strganih majic ali kako za\u0161iti rob predolgih kavbojk, je Bolyg\u00f3 na Margit Boulevardu pravi kraj za vas! Na dogodku, za katerega je potrebna registracija, se lahko za\u010detniki in napredni uporabniki poleg strokovne podpore nau\u010dijo trikov \u0161ivalnega stroja. Ve\u010der se bo zaklju\u010dil z veselo dru\u017eabno igro.<\/p>\n<p>Skrben temni koncert s Paulino \/\/ Kino Lurdy (8. januar 2026)<br \/>\nObstajajo pesmi, ki nam govorijo v srce. Kak\u0161na izku\u0161nja pa je poslu\u0161ati vse to v popolni temi, brez kulise ali predstave? Na tem posebnem koncertu vas bo zlatogrla Paulina o\u010darala v prostor, kjer se vam glasba \u0161e bolj pribli\u017ea. V temi ima vsaka vibracija druga\u010den u\u010dinek, znani zvoki pa dobijo nov odtenek. Z nakupom vstopnice lahko podprete delo Kulturnega zdru\u017eenja Bodor Tibor, ki izdeluje avdioknjige za slabovidne.<\/p>\n<p>Novoletno opazovanje Jupitra \/\/ Sv\u00e1bhegyi Csillagvizsg\u00e1l\u00f3 (9. januar 2026)<br \/>\nJupitrjevi pisani obla\u010dni pasovi in \u0161tiri Galilejeve lune bodo o\u017eiveli tudi v prvem novoletnem programu Sv\u00e1bhegyi Csillagvizsg\u00e1l\u00f3. Interaktivni dogodek astronomije v zaprtih prostorih bo predstavil tudi rezultate najnovej\u0161ih raziskav, nato pa si boste lahko skozi teleskop ogledali znamenito planetarno meglico v ozvezdju Dvoj\u010dka, meglico Eskim.<\/p>\n<p>Koncert Arcane Music \/\/ Kongresni center (9. januar 2026)<br \/>\nSerija Arcane je trajno delo ne le zaradi osupljivega animacijskega sloga, temve\u010d tudi zaradi srhljive glasbe. To izku\u0161njo lahko do\u017eivite 9. januarja v simfoni\u010dnem nastopu orkestra Grande \u2013 morda ni presenetljivo, da so zadnje vstopnice za dogodek zelo iskane, zato si \u010dim prej zagotovite svoje mesto!<\/p>\n<p>Simphonic Bridgerton \/\/ Kongresni center (9. januar 2026)<br \/>\n\u010ce se raje potopite v eleganco romanti\u010dnih, kostumiranih filmov kot v steampunk norost, obi\u0161\u010dite prvi simfoni\u010dni koncert s tematiko Bridgertona v Budimpe\u0161ti, kjer lahko prisluhnete sodobnim uspe\u0161nicam iz priljubljene serije v simfoni\u010dnih aran\u017emajih.<\/p>\n<p>Spominski ve\u010der Davida Bowieja \/\/ Inga (10. januar 2026)<br \/>\nMinilo je deset let, odkar je umrl eden nepogre\u0161ljivih genijev pop glasbe, David Bowie. Ustvarjalec, ki ni le pisal pesmi, ampak je ustvarjal cele svetove in se je znal vedno znova preoblikovati. Spoznali boste vse alter ege, v katerih je bil Bowie hkrati pop ikona, umetnik, provokator in ogledalo. Ob tej nenavadni, hkrati \u017ealostni in vznemirljivi obletnici se zberemo, da se spomnimo, poslu\u0161amo Bowiejeve pesmi in smo skupaj prisotni okoli dela, ki je pomenilo svobodo, preobrazbo in samoidentiteto. Vstop je prost.<\/p>\n<p>Moje \u017eivljenje: Biografski stand-up ve\u010der Zs\u00f3fi Kem\u00e9ny \/\/ Inkubator skupnosti Jur\u00e1nyi Production (10. in 30. januar 2026)<br \/>\nPisateljica in slamerka Zs\u00f3fi Kem\u00e9ny se bo dvakrat povzpela na oder Jur\u00e1nyi, da bi na prelomnem stand-up ve\u010deru povedala zgodbo svojega \u017eivljenja od otro\u0161tva do poroke. Pogovorili se bodo tudi o tem, kako je bilo odra\u0161\u010dati kot najmlaj\u0161a pisateljica v slavni dru\u017eini in kaj naredi \u017eensko, starej\u0161o od 30 let, nevidno. Prvi stand-up ve\u010der izvajalca, znanega po svojem grenko-sladkem humorju, vas bo zagotovo nasmejal na glas!<\/p>\n<p>2. mednarodni festival \u010darovnic \/\/ D\u00fcrerjev vrt (11. januar 2026)<br \/>\n\u010ce vas zanima svet duhovnosti, obi\u0161\u010dite Festival \u010darovnic v D\u00fcrerjevem vrtu! Predstave na dogodku bodo obravnavale rituale, energije, naravno magijo in starodavne tradicije, na prakti\u010dnih delavnicah pa se boste lahko seznanili s tarot kartami. Ob koncu dneva bo dogodek zaklju\u010dil skupni ritual. Dogodek bosta dopolnila bo\u017eanje vran in sejem \u010darovnic, kjer boste lahko na\u0161li posebne kristale, talismane, magi\u010dna orodja in unikatne, ro\u010dno izdelane zaklade.<\/p>\n<p>Poklon \u00c9dith Piaf \/\/ \u0160portna dvorana Riz Levente (11. januar 2026)<br \/>\nOb 110. obletnici rojstva legendarne pevke \u00bbLa M\u00f4me\u00ab, Piaf!, bo predstava The Show, najuspe\u0161nej\u0161a francosko govore\u010da produkcija vseh \u010dasov, posve\u010dena \u00c9dith Piaf, kon\u010dno obiskala Budimpe\u0161to januarja 2026. Pevka, tekstopiska in igralka je znana po ikoni\u010dnih uspe\u0161nicah, kot so La Vie en rose, Non, je ne regrette rien, Hymne \u00e0 l\u2019amour in Mon l\u00e9gionnaire. Zve\u010der si lahko ogledate nastop Nathelie Lermitte, katere singli so bili prodani v kar 400.000 izvodih po vsem svetu.<\/p>\n<p>Gre\u0161no mesto \/\/ Sprehodi po Pestbudi (11. in 31. januar 2026)<br \/>\nKot da bi stopili v roman Vilmosa Kondorja: zgodovina ulice Nagymez\u0151, kjer so bili ilegalni klubi s kartami in no\u010dni klubi, je polna fascinantnih zanimivih dejstev. Na programu Pestbuda Walks boste spoznali kriminalce in podzemne povezave dekadentnega sveta, razkrili pa vam bodo tudi vsakdanje \u017eivljenje Budimpe\u0161te med obema svetovnima vojnama. Zaradi teme je ta sprehod priporo\u010dljiv za odrasle, a brez skrbi, \u010de bi ga raje izvedli z dru\u017eino: kipi Kolodka ali prede\u010da budimpe\u0161tanska pot bosta zagotovo zanimala tudi otroke.<\/p>\n<p>Januarska tr\u017enica plo\u0161\u010d \/\/ ELTE G\u00f6mb Aula (11. januar 2026)<br \/>\nZbiratelji plo\u0161\u010d, pozor! Prva izmenjava plo\u0161\u010d v letu se lahko zgodi le do 11. januarja, med redkostmi pa se ne morete izgubiti nikjer: v dvorani ELTE Globe Hall vas \u010daka ve\u010d kot sto prodajalcev na dveh nadstropjih. Poleg ne\u0161tetih vinilnih plo\u0161\u010d, CD-jev in DVD-jev lahko kupite tudi glasbene revije in knjige, pa tudi majice, zna\u010dke in druge spominke, ki jih navdihujejo va\u0161i najljub\u0161i izvajalci. Le naj \u0161esturni dogodek ne bo prekratek!<\/p>\n<p>Odprta knjiga \u2013 ustvarjalni proces v skupnostnem gledali\u0161\u010du \/\/ PIM (13. januar \u2013 17. marec 2026)<br \/>\n\u010ce \u017eelite preu\u010diti lastne izku\u0161nje skozi literarna besedila, se radi pogovarjati o knjigah ali pa imate morda temeljno mnenje o tem, kak\u0161na bi morala biti dana\u0161nja literatura, potem je delavnica Literarnega muzeja Pet\u0151fi za vas! Med desetimi sre\u010danji se boste lahko spominjali svojih najljub\u0161ih ali osovra\u017eenih literarnih del in preu\u010dili, kako branje vpliva na va\u0161e vsakdanje \u017eivljenje. V okviru skupnostnega gledali\u0161\u010da boste imeli prilo\u017enost igrati in se igrati; odkrili boste zbirko in razstave PIM ter celo postavili svojo lastno razstavo.<\/p>\n<p>Delavnica testenin v Giulii (13., 20. in 27. januar 2026)<br \/>\nSenzacionalno italijansko izku\u0161njo lahko do\u017eivite z udele\u017ebo na delavnici izdelave testenin v Giulii. Na za\u010detku dogodka boste poslu\u0161ali kratko uvodno predavanje o tradiciji testenin v italijanskih regijah, nato pa se bo za\u010delo gnetenje, polnjenje in raztezanje. Med sre\u010danjem boste skupaj pripravili dve vrsti testenin, ki jih seveda lahko odnesete domov. \u0160tevilo mest je omejeno, zato pohitite z rezervacijo!<\/p>\n<p>Dnevi animiranega filma Fresh Rooster \/\/ Kino Toldi (17. januar 2026)<br \/>\nOddelek za animacijo Univerze za umetnost in oblikovanje Moholy-Nagy skupaj z ekipo filmskega festivala Friss H\u00fas \u017ee \u010detrti\u010d organizira Dneve animiranega filma Fresh Rooster v kinu Toldi. Med programsko serijo si lahko ogledate diplomske filme \u0161tudentov, ki so diplomirali leta 2025, \u010de vas zanimajo podrobnosti, pa se lahko udele\u017eite \u0161tevilnih strokovnih programov, svetovanja o portfoliju in sejma Grafix.<\/p>\n<p>Interaktivni ogled stavbe Mad\u017earske glasbene hi\u0161e (17. in 21. januar 2026)<br \/>\nMad\u017earsko glasbeno hi\u0161o lahko januarja spoznate na poseben, \u0161e nikoli viden na\u010din: u\u010diteljica glasbe D\u00f3ra T\u00e1pai vas bo v okviru interaktivnega ogleda stavbe vodila po notranjosti Glasbene hi\u0161e in vam pri tem govorila ne le o posebni arhitekturi kraja, temve\u010d tudi o glasbi, ki se tukaj izvaja. Sprehod je priporo\u010dljiv predvsem za odrasle in traja pribli\u017eno 60 minut. \u0160tevilo udele\u017eencev je omejeno, vendar ne obupajte, \u010de ga zamudite: februarja vas \u010dakajo novi datumi.<\/p>\n<p>Okno v moj svet \u2013 Delavnica betonskega kiparstva \/\/ Muzej Ludwig (18. januar 2026)<br \/>\nSte \u017ee kdaj ustvarjali z betonom? Zdaj lahko tudi vi izdelate svoje betonske skulpture v Muzeju Ludwig! Delavnica, ki jo vodi kipar Bal\u00e1zs Veres, bo ponudila bogato znanje in tehni\u010dne spretnosti o betonu in o tem, kako ga uporabiti kot material za kiparjenje. Delavnica je sestavljena iz dveh sre\u010danj, ki jima sledi uvodni del in izku\u0161nja skupnega ustvarjanja. \u0160tevilo udele\u017eencev je zelo omejeno, zato ni odve\u010d, \u010de si pravo\u010dasno zabetonirate prostor \u2013 dobesedno. Program je priporo\u010dljiv za starost 14 let in ve\u010d.<\/p>\n<p>Ogled v haljah \/\/ H\u0171v\u00f6sv\u00f6lgy (18. januar 2026)<br \/>\nNa sre\u010do je vsak mesec dogodek na temo Harryja Potterja: januarja se lahko udele\u017eite \u010darobnega izleta, ki ga organizirajo mad\u017earski Thunderbirds. Na izletu, ki se za\u010dne na kon\u010dni postaji v H\u0171v\u00f6sv\u00f6lgyju, se lahko v haljah in opremljeni s \u010darobno palico odpravite v \u00bbPrepovedani gozd\u00ab, med katerim se boste najprej ozrli naokoli z razgledne to\u010dke Makovecz Imre, nato pa se boste po Moh\u00e1sovih skalah ozrli \u0161e z razgledne to\u010dke Ka\u00e1n K\u00e1roly. Med izletom se boste povzpeli na pribli\u017eno 200 metrov vi\u0161inske razlike, zato se program lahko izvede tudi s \u010darovni\u0161kimi in \u010darovni\u0161kimi otroki.<\/p>\n<p>\u00c1gnes Nemes Nagy: Med ni\u010di \u2013 predstavitev knjige \/\/ Writers&#8217; Shop (20. januar 2026)<br \/>\nV svojem zapisku z naslovom A lyukas \u00e9letm\u0171 pi\u0161e \u00c1gnes Nemes Nagy o tem, kako bole\u010de nepopoln, &#8220;luknjast&#8221; se ji zdi njen opus, koliko ni mogla napisati. Novi zvezek njene zbirke opusov to sliko zasen\u010di: ve\u010d kot sto neobjavljenih spisov, ki niso bili objavljeni v njenih lo\u010denih zvezkih ali najdeni v njeni zapu\u0161\u010dini, dopolnjujejo pesni\u010dino zapu\u0161\u010dino. Med spisi, ki so ostali, je mogo\u010de najti tudi nekaj, ki jih ni objavila, deloma zaradi kulturnopoliti\u010dnih razlogov, deloma zaradi osebnih razlogov. Urednik zbirke opusov, Gy\u0151z\u0151 Ferencz, se o zbirki pogovarja z urednico Aranko Kem\u00e9ny.<\/p>\n<p>FreeTalks \/\/ Freeszfe (21. januar 2026)<br \/>\nV okviru FreeTalks i\u0161\u010demo odgovor na vpra\u0161anje, kaj dejansko pomeni svobodna mad\u017earska kultura leta 2026. Na dogodku, ki je najbolj podoben vzdu\u0161ju govorov TedTalk, bodo priznani umetniki, ustvarjalci in misleci v 10-minutnih govorih delili svoje misli o tej temi. Med govorci so Tam\u00e1s F\u00e1bi\u00e1n, B\u00e1lint Kov\u00e1cs, Luca Krist\u00f3f in Krisztina Urbanovics.<\/p>\n<p>Dan mad\u017earske kulture \u2013 NKA Recording Minifest \/\/ Turbina (22. januar 2026)<br \/>\n22. januarja bodo tri dvorane Turbine ob dnevu mad\u017earske kulture napolnjene s sve\u017eo mad\u017earsko glasbo. V \u017eivo bodo nastopili novi izvajalci iz programa NKA Recording, z raznolikimi \u017eanri in zaporednimi koncerti ves ve\u010der. Brezpla\u010den, hiter program za vse, ki jih zanima naslednja generacija mad\u017earske glasbene scene.<\/p>\n<p>Spominski ve\u010der Tam\u00e1sa Cseha \/\/ Restavracija in prireditvena dvorana Napf\u00e9nyes (22. januar 2026)<br \/>\nMorda ni presenetljivo, da se je Tam\u00e1s Cseh rodil na dan mad\u017earske kulture: legendarni glasbenik bi na ta dan dopolnil 83 let. Skupina \u00c1lmod\u00f3k, vokalno-kitarski duo M\u00e1rie Flisz\u00e1r in Viktorja N\u00e9metha, bo danes zve\u010der izvedla program umetnikovih pesmi, kjer so znane melodije polne novih odtenkov. V restavraciji Napf\u00e9nyes, ki gosti koncert, si lahko privo\u0161\u010dite prigrizke s popustom ob vstopnici.<\/p>\n<p>Delavnica izdelave kerami\u010dnih kompletov matcha \/\/ Your Art Ker\u00e1mia St\u00fadi\u00f3 (23. januar 2026)<br \/>\n\u010ce ste tudi vi ljubitelj trendovske zelene pija\u010de zadnjega \u010dasa, matche, si izdelajte svoj komplet za dom! Na delavnici lahko pod strokovnim vodstvom izdelate skodelico, podstavek in skledo po svojem okusu. Na dogodek lahko pripeljete tudi otroke, starej\u0161e od 12 let.<\/p>\n<p>Rudolf Forg\u00e1cs: Cigan, a normalen \/\/ Traf\u00f3 House (24. januar 2026)<br \/>\nVsi smo \u017ee sli\u0161ali in morda celo rekli o nekom &#8220;ciganu, a normalnem!&#8221;. Te tri besede, namenjene prepoznavanju, vsebujejo presenetljivo veliko informacij tako na osebni kot dru\u017ebeni ravni. Kak\u0161en u\u010dinek imajo te tri besede? Kaj je potrebno, da premagamo svoje predsodke, in ali jih lahko popolnoma premagamo? V predstavi Rudolfa Forg\u00e1csa, mladega komika, ki je napol Rom, napol Sekelj, in D\u00e1niela Saida, komika, ki je napol Mad\u017ear, napol Sirec, lahko tudi ob\u010dinstvo za\u010duti meje \u0161al in \u0161kodljivih predsodkov.<\/p>\n<p>Szimpla Bolha Kult\u00farzsibi \/\/ Szimpla Kert (24. januar 2026)<br \/>\n\u010ce proti koncu meseca obi\u0161\u010dete Szimpla Kert, lahko postanete del \u017eivahnega bol\u0161jega trga, kjer lahko poleg lova na zaklad u\u017eivate tudi v izku\u0161nji barantanja in menjave. Svoje dolgo\u010dasne stvari lahko na kraju samem proda vsak, za kar v zameno za minimalen znesek ponudijo tudi mizo. Poleg tega je vstop prost.<\/p>\n<p>Mikl\u00f3s H. Vecsei in QJ\u00daB \u2013 Radn\u00f3ti-est \/\/ Kulturni center Klauz\u00e1l G\u00e1bor (25. januar 2026)<br \/>\nPred 80 leti je umrl eden najve\u010djih mad\u017earskih pesnikov, Mikl\u00f3s Radn\u00f3ti. Njegova vdova, Fanni Gyarmati, je bila zvesta svojemu mo\u017eu in njunemu skupnemu opusu od 14. do 102. leta. Zgodba obeh, njuna pisma in Radn\u00f3tijeve pesmi nam ka\u017eejo, da je tudi v najte\u017ejih \u010dasih mogo\u010de opaziti, da \u00bbluna zvoni v obla\u010dnem nebu\u00ab. V skoraj uri in pol trajajo\u010di predstavi bo ekipa QJ\u00daB po skoraj dveh letih raziskovanja predstavila svojo najnovej\u0161o predstavo v svoji obi\u010dajni obliki \u2013 v sklopu z arhivskim gradivom Edine Palkovits.<\/p>\n<p>#olvasniszabad x Felef\u00e1nt x Lil Frakk \/\/ M\u00fcpa (27. januar 2026)<br \/>\nKo pomislimo na besedilo, nam obi\u010dajno pridejo na misel dve stvari: literarna besedila in besedila pesmi. Vendar pa med njima ni vredno potegniti ostre meje, saj je besedila pesmi v mnogih primerih mogo\u010de razlagati tudi kot poezijo. Lil Frakka bo o tem navdihujo\u010dem umetni\u0161kem prese\u010di\u0161\u010du vpra\u0161al voditelj Csaba Szendr\u0151i, ki bo kasneje delil svoje stali\u0161\u010de. Sledil bo Felef\u00e1ntov koncert, kjer boste tudi vi lahko do\u017eiveli sre\u010danje glasbe in besedila. Da bi se spravili v pravo razpolo\u017eenje, se lahko od 19.00 udele\u017eite tudi programa #olvasniszabad \u2013 Prinesite s seboj kaj za branje!<\/p>\n<p>Pri\u0161la sem ti samo povedati, da odhajam \/\/ Dugatty\u00fas (27. in 28. januar 2026)<br \/>\nProtagonistka predstave, ki jo je re\u017eirala Dorka Gryllus in je opisana kot glasbeni monolog jeze, odpira pomembna vpra\u0161anja o izvoru, identiteti, odhodu in vrnitvi, zavisti, \u017eivljenjskih sanjah in kruti resni\u010dnosti \u2013 in ali je ma\u0161\u010devanje lahko zadovoljiv odgovor na vse to. 70-minutna produkcija, ki jo podpirata Jur\u00e1nyi H\u00e1z in F\u00fcge Produkci\u00f3, je priporo\u010dljiva predvsem za odrasle.<\/p>\n<p>Odlo\u010ditev \/\/ Kulturni center MOM (29. januar 2026)<br \/>\nS\u00e1ndor Cs\u00e1nyi in R\u00e9ka Tenki bosta prvi\u010d skupaj nastopila na odru, da bi izvedla predstavo, ki temelji na svetovno znanem delu dr. Edith \u00c9ve Eger Odlo\u010ditev. V o\u010darljivi zgodbi 93-letna \u017eenska pripoveduje zgodbo svojega \u017eivljenja, ki je polna grozot, ljubezni in veselja. Zgodba opozarja tudi na pomen odpu\u0161\u010danja in nadaljevanja.<\/p>\n<p>\u010coln norcev \u2013 improvizacijski ve\u010der D\u00e1niela Mog\u00e1csa in Lie Pokorny \/\/ Kulturni center Honv\u00e9d (30. januar 2026)<br \/>\nD\u00e1niel Mog\u00e1cs je spustil \u010coln norcev in prosil svoje kolege, naj veslajo z njim v nevarne vode, kjer je ob\u010dinstvo gospodar. Komiku se ta ve\u010der pridru\u017euje Lia Pokorny, katere fantasti\u010dne improvizacijske sposobnosti \u017ee dobro poznamo iz predstave Beugr\u00f3. Igralca prevzameta vlogi \u0161tevilnih likov in ob\u010dinstvo nasmejita z izmi\u0161ljenimi zgodbami in improviziranimi situacijami, s \u010dimer zagotovita druga\u010dno izku\u0161njo za vsako predstavo.<\/p>\n<p>Frida Kahlo \u2013 Projekcija umetni\u0161kega filma \/\/ V\u00e1rkert Baz\u00e1r (31. januar 2026)<br \/>\nZadnji dan v mesecu ste se lahko v V\u00e1rkert Baz\u00e1rju udele\u017eili posebne projekcije umetni\u0161kega filma o \u017eivljenju Fride Kahlo. Ta prelomni dokumentarec, ki temelji na Kahlovih pismih, rekonstruira umetni\u010dina najgloblja \u010dustva in razkriva simboliko, skrito v njenih slikah. Skozi intervjuje in komentarje razkriva \u017eivahno, dinami\u010dno umetnico, katere \u017eivljenje so opusto\u0161ile nevihte. Ta izjemen film ponuja neprimerljiv dostop do njenega dela in osvetljuje njeno neskon\u010dno \u017eejo po \u017eivljenju, politiki, mo\u0161kih in \u017eenskah.<\/p>\n","protected":false},"excerpt":{"rendered":"<p>Januar je obi\u010dajno na vrhu seznama najmanj priljubljenih mesecev: po ugasnitvi bo\u017ei\u010dnih lu\u010di se zdi,<\/p>\n","protected":false},"author":391,"featured_media":618806,"comment_status":"closed","ping_status":"closed","sticky":false,"template":"","format":"standard","meta":{"_acf_changed":false,"wprm-recipe-roundup-name":"","wprm-recipe-roundup-description":"","ngg_post_thumbnail":0,"footnotes":""},"categories":[14345],"tags":[],"post_places":[],"class_list":["post-618805","post","type-post","status-publish","format-standard","has-post-thumbnail","hentry","category-potovanje"],"acf":{"connected_places":"","del_image":""},"yoast_head":"<!-- This site is optimized with the Yoast SEO plugin v27.2 - https:\/\/yoast.com\/product\/yoast-seo-wordpress\/ -->\n<title>40+ nepozabnih programov v Budimpe\u0161ti za \u017eivahen za\u010detek leta<\/title>\n<meta name=\"robots\" content=\"index, follow, max-snippet:-1, max-image-preview:large, max-video-preview:-1\" \/>\n<link rel=\"canonical\" href=\"https:\/\/funzine.hu\/sl\/2026\/01\/11\/potovanje\/40-nepozabnih-programov-v-budimpesti-za-zivahen-zacetek-leta\/\" \/>\n<meta property=\"og:locale\" content=\"sl_SI\" \/>\n<meta property=\"og:type\" content=\"article\" \/>\n<meta property=\"og:title\" content=\"40+ nepozabnih programov v Budimpe\u0161ti za \u017eivahen za\u010detek leta\" \/>\n<meta property=\"og:description\" content=\"Januar je obi\u010dajno na vrhu seznama najmanj priljubljenih mesecev: po ugasnitvi bo\u017ei\u010dnih lu\u010di se zdi,\" \/>\n<meta property=\"og:url\" content=\"https:\/\/funzine.hu\/sl\/2026\/01\/11\/potovanje\/40-nepozabnih-programov-v-budimpesti-za-zivahen-zacetek-leta\/\" \/>\n<meta property=\"og:site_name\" content=\"Funzine\" \/>\n<meta property=\"article:publisher\" content=\"https:\/\/www.facebook.com\/funzine\/\" \/>\n<meta property=\"article:published_time\" content=\"2026-01-11T10:40:53+00:00\" \/>\n<meta property=\"og:image\" content=\"https:\/\/funzine.hu\/wp-content\/uploads\/2026\/01\/budapest-1196151_1280.jpg\" \/>\n\t<meta property=\"og:image:width\" content=\"1280\" \/>\n\t<meta property=\"og:image:height\" content=\"826\" \/>\n\t<meta property=\"og:image:type\" content=\"image\/jpeg\" \/>\n<meta name=\"author\" content=\"Bodn\u00e1r Zsuzsa\" \/>\n<meta name=\"twitter:card\" content=\"summary_large_image\" \/>\n<meta name=\"twitter:creator\" content=\"@funzine\" \/>\n<meta name=\"twitter:site\" content=\"@funzine\" \/>\n<meta name=\"twitter:label1\" content=\"Written by\" \/>\n\t<meta name=\"twitter:data1\" content=\"Bodn\u00e1r Zsuzsa\" \/>\n\t<meta name=\"twitter:label2\" content=\"Est. reading time\" \/>\n\t<meta name=\"twitter:data2\" content=\"18 minut\" \/>\n<script type=\"application\/ld+json\" class=\"yoast-schema-graph\">{\"@context\":\"https:\/\/schema.org\",\"@graph\":[{\"@type\":\"NewsArticle\",\"@id\":\"https:\/\/funzine.hu\/sl\/2026\/01\/11\/potovanje\/40-nepozabnih-programov-v-budimpesti-za-zivahen-zacetek-leta\/#article\",\"isPartOf\":{\"@id\":\"https:\/\/funzine.hu\/sl\/2026\/01\/11\/potovanje\/40-nepozabnih-programov-v-budimpesti-za-zivahen-zacetek-leta\/\"},\"author\":{\"name\":\"Bodn\u00e1r Zsuzsa\",\"@id\":\"https:\/\/funzine.hu\/#\/schema\/person\/f3864a88f41183e8c3af70534ac28bb4\"},\"headline\":\"40+ nepozabnih programov v Budimpe\u0161ti za \u017eivahen za\u010detek leta\",\"datePublished\":\"2026-01-11T10:40:53+00:00\",\"mainEntityOfPage\":{\"@id\":\"https:\/\/funzine.hu\/sl\/2026\/01\/11\/potovanje\/40-nepozabnih-programov-v-budimpesti-za-zivahen-zacetek-leta\/\"},\"wordCount\":3328,\"image\":{\"@id\":\"https:\/\/funzine.hu\/sl\/2026\/01\/11\/potovanje\/40-nepozabnih-programov-v-budimpesti-za-zivahen-zacetek-leta\/#primaryimage\"},\"thumbnailUrl\":\"https:\/\/funzine.hu\/wp-content\/uploads\/2026\/01\/budapest-1196151_1280.jpg\",\"articleSection\":[\"Potovanje\"],\"inLanguage\":\"sl-SI\"},{\"@type\":\"WebPage\",\"@id\":\"https:\/\/funzine.hu\/sl\/2026\/01\/11\/potovanje\/40-nepozabnih-programov-v-budimpesti-za-zivahen-zacetek-leta\/\",\"url\":\"https:\/\/funzine.hu\/sl\/2026\/01\/11\/potovanje\/40-nepozabnih-programov-v-budimpesti-za-zivahen-zacetek-leta\/\",\"name\":\"40+ nepozabnih programov v Budimpe\u0161ti za \u017eivahen za\u010detek leta\",\"isPartOf\":{\"@id\":\"https:\/\/funzine.hu\/#website\"},\"primaryImageOfPage\":{\"@id\":\"https:\/\/funzine.hu\/sl\/2026\/01\/11\/potovanje\/40-nepozabnih-programov-v-budimpesti-za-zivahen-zacetek-leta\/#primaryimage\"},\"image\":{\"@id\":\"https:\/\/funzine.hu\/sl\/2026\/01\/11\/potovanje\/40-nepozabnih-programov-v-budimpesti-za-zivahen-zacetek-leta\/#primaryimage\"},\"thumbnailUrl\":\"https:\/\/funzine.hu\/wp-content\/uploads\/2026\/01\/budapest-1196151_1280.jpg\",\"datePublished\":\"2026-01-11T10:40:53+00:00\",\"author\":{\"@id\":\"https:\/\/funzine.hu\/#\/schema\/person\/f3864a88f41183e8c3af70534ac28bb4\"},\"breadcrumb\":{\"@id\":\"https:\/\/funzine.hu\/sl\/2026\/01\/11\/potovanje\/40-nepozabnih-programov-v-budimpesti-za-zivahen-zacetek-leta\/#breadcrumb\"},\"inLanguage\":\"sl-SI\",\"potentialAction\":[{\"@type\":\"ReadAction\",\"target\":[\"https:\/\/funzine.hu\/sl\/2026\/01\/11\/potovanje\/40-nepozabnih-programov-v-budimpesti-za-zivahen-zacetek-leta\/\"]}]},{\"@type\":\"ImageObject\",\"inLanguage\":\"sl-SI\",\"@id\":\"https:\/\/funzine.hu\/sl\/2026\/01\/11\/potovanje\/40-nepozabnih-programov-v-budimpesti-za-zivahen-zacetek-leta\/#primaryimage\",\"url\":\"https:\/\/funzine.hu\/wp-content\/uploads\/2026\/01\/budapest-1196151_1280.jpg\",\"contentUrl\":\"https:\/\/funzine.hu\/wp-content\/uploads\/2026\/01\/budapest-1196151_1280.jpg\",\"width\":1280,\"height\":826,\"caption\":\"ilustracija - pixabay.com\"},{\"@type\":\"BreadcrumbList\",\"@id\":\"https:\/\/funzine.hu\/sl\/2026\/01\/11\/potovanje\/40-nepozabnih-programov-v-budimpesti-za-zivahen-zacetek-leta\/#breadcrumb\",\"itemListElement\":[{\"@type\":\"ListItem\",\"position\":1,\"name\":\"Home\",\"item\":\"https:\/\/funzine.hu\/sl\/\"},{\"@type\":\"ListItem\",\"position\":2,\"name\":\"40+ nepozabnih programov v Budimpe\u0161ti za \u017eivahen za\u010detek leta\"}]},{\"@type\":\"WebSite\",\"@id\":\"https:\/\/funzine.hu\/#website\",\"url\":\"https:\/\/funzine.hu\/\",\"name\":\"Funzine\",\"description\":\"\",\"potentialAction\":[{\"@type\":\"SearchAction\",\"target\":{\"@type\":\"EntryPoint\",\"urlTemplate\":\"https:\/\/funzine.hu\/?s={search_term_string}\"},\"query-input\":{\"@type\":\"PropertyValueSpecification\",\"valueRequired\":true,\"valueName\":\"search_term_string\"}}],\"inLanguage\":\"sl-SI\"},{\"@type\":\"Person\",\"@id\":\"https:\/\/funzine.hu\/#\/schema\/person\/f3864a88f41183e8c3af70534ac28bb4\",\"name\":\"Bodn\u00e1r Zsuzsa\",\"image\":{\"@type\":\"ImageObject\",\"inLanguage\":\"sl-SI\",\"@id\":\"https:\/\/secure.gravatar.com\/avatar\/3dac04a042bfb0c015d0f893ef5eb9cca9d966bb5795039862dafd8d2ab5d410?s=96&d=mm&r=g\",\"url\":\"https:\/\/secure.gravatar.com\/avatar\/3dac04a042bfb0c015d0f893ef5eb9cca9d966bb5795039862dafd8d2ab5d410?s=96&d=mm&r=g\",\"contentUrl\":\"https:\/\/secure.gravatar.com\/avatar\/3dac04a042bfb0c015d0f893ef5eb9cca9d966bb5795039862dafd8d2ab5d410?s=96&d=mm&r=g\",\"caption\":\"Bodn\u00e1r Zsuzsa\"},\"url\":\"https:\/\/funzine.hu\/sl\/author\/bodnar-zsuzsa-1984\/\"}]}<\/script>\n<!-- \/ Yoast SEO plugin. -->","yoast_head_json":{"title":"40+ nepozabnih programov v Budimpe\u0161ti za \u017eivahen za\u010detek leta","robots":{"index":"index","follow":"follow","max-snippet":"max-snippet:-1","max-image-preview":"max-image-preview:large","max-video-preview":"max-video-preview:-1"},"canonical":"https:\/\/funzine.hu\/sl\/2026\/01\/11\/potovanje\/40-nepozabnih-programov-v-budimpesti-za-zivahen-zacetek-leta\/","og_locale":"sl_SI","og_type":"article","og_title":"40+ nepozabnih programov v Budimpe\u0161ti za \u017eivahen za\u010detek leta","og_description":"Januar je obi\u010dajno na vrhu seznama najmanj priljubljenih mesecev: po ugasnitvi bo\u017ei\u010dnih lu\u010di se zdi,","og_url":"https:\/\/funzine.hu\/sl\/2026\/01\/11\/potovanje\/40-nepozabnih-programov-v-budimpesti-za-zivahen-zacetek-leta\/","og_site_name":"Funzine","article_publisher":"https:\/\/www.facebook.com\/funzine\/","article_published_time":"2026-01-11T10:40:53+00:00","og_image":[{"width":1280,"height":826,"url":"https:\/\/funzine.hu\/wp-content\/uploads\/2026\/01\/budapest-1196151_1280.jpg","type":"image\/jpeg"}],"author":"Bodn\u00e1r Zsuzsa","twitter_card":"summary_large_image","twitter_creator":"@funzine","twitter_site":"@funzine","twitter_misc":{"Written by":"Bodn\u00e1r Zsuzsa","Est. reading time":"18 minut"},"schema":{"@context":"https:\/\/schema.org","@graph":[{"@type":"NewsArticle","@id":"https:\/\/funzine.hu\/sl\/2026\/01\/11\/potovanje\/40-nepozabnih-programov-v-budimpesti-za-zivahen-zacetek-leta\/#article","isPartOf":{"@id":"https:\/\/funzine.hu\/sl\/2026\/01\/11\/potovanje\/40-nepozabnih-programov-v-budimpesti-za-zivahen-zacetek-leta\/"},"author":{"name":"Bodn\u00e1r Zsuzsa","@id":"https:\/\/funzine.hu\/#\/schema\/person\/f3864a88f41183e8c3af70534ac28bb4"},"headline":"40+ nepozabnih programov v Budimpe\u0161ti za \u017eivahen za\u010detek leta","datePublished":"2026-01-11T10:40:53+00:00","mainEntityOfPage":{"@id":"https:\/\/funzine.hu\/sl\/2026\/01\/11\/potovanje\/40-nepozabnih-programov-v-budimpesti-za-zivahen-zacetek-leta\/"},"wordCount":3328,"image":{"@id":"https:\/\/funzine.hu\/sl\/2026\/01\/11\/potovanje\/40-nepozabnih-programov-v-budimpesti-za-zivahen-zacetek-leta\/#primaryimage"},"thumbnailUrl":"https:\/\/funzine.hu\/wp-content\/uploads\/2026\/01\/budapest-1196151_1280.jpg","articleSection":["Potovanje"],"inLanguage":"sl-SI"},{"@type":"WebPage","@id":"https:\/\/funzine.hu\/sl\/2026\/01\/11\/potovanje\/40-nepozabnih-programov-v-budimpesti-za-zivahen-zacetek-leta\/","url":"https:\/\/funzine.hu\/sl\/2026\/01\/11\/potovanje\/40-nepozabnih-programov-v-budimpesti-za-zivahen-zacetek-leta\/","name":"40+ nepozabnih programov v Budimpe\u0161ti za \u017eivahen za\u010detek leta","isPartOf":{"@id":"https:\/\/funzine.hu\/#website"},"primaryImageOfPage":{"@id":"https:\/\/funzine.hu\/sl\/2026\/01\/11\/potovanje\/40-nepozabnih-programov-v-budimpesti-za-zivahen-zacetek-leta\/#primaryimage"},"image":{"@id":"https:\/\/funzine.hu\/sl\/2026\/01\/11\/potovanje\/40-nepozabnih-programov-v-budimpesti-za-zivahen-zacetek-leta\/#primaryimage"},"thumbnailUrl":"https:\/\/funzine.hu\/wp-content\/uploads\/2026\/01\/budapest-1196151_1280.jpg","datePublished":"2026-01-11T10:40:53+00:00","author":{"@id":"https:\/\/funzine.hu\/#\/schema\/person\/f3864a88f41183e8c3af70534ac28bb4"},"breadcrumb":{"@id":"https:\/\/funzine.hu\/sl\/2026\/01\/11\/potovanje\/40-nepozabnih-programov-v-budimpesti-za-zivahen-zacetek-leta\/#breadcrumb"},"inLanguage":"sl-SI","potentialAction":[{"@type":"ReadAction","target":["https:\/\/funzine.hu\/sl\/2026\/01\/11\/potovanje\/40-nepozabnih-programov-v-budimpesti-za-zivahen-zacetek-leta\/"]}]},{"@type":"ImageObject","inLanguage":"sl-SI","@id":"https:\/\/funzine.hu\/sl\/2026\/01\/11\/potovanje\/40-nepozabnih-programov-v-budimpesti-za-zivahen-zacetek-leta\/#primaryimage","url":"https:\/\/funzine.hu\/wp-content\/uploads\/2026\/01\/budapest-1196151_1280.jpg","contentUrl":"https:\/\/funzine.hu\/wp-content\/uploads\/2026\/01\/budapest-1196151_1280.jpg","width":1280,"height":826,"caption":"ilustracija - pixabay.com"},{"@type":"BreadcrumbList","@id":"https:\/\/funzine.hu\/sl\/2026\/01\/11\/potovanje\/40-nepozabnih-programov-v-budimpesti-za-zivahen-zacetek-leta\/#breadcrumb","itemListElement":[{"@type":"ListItem","position":1,"name":"Home","item":"https:\/\/funzine.hu\/sl\/"},{"@type":"ListItem","position":2,"name":"40+ nepozabnih programov v Budimpe\u0161ti za \u017eivahen za\u010detek leta"}]},{"@type":"WebSite","@id":"https:\/\/funzine.hu\/#website","url":"https:\/\/funzine.hu\/","name":"Funzine","description":"","potentialAction":[{"@type":"SearchAction","target":{"@type":"EntryPoint","urlTemplate":"https:\/\/funzine.hu\/?s={search_term_string}"},"query-input":{"@type":"PropertyValueSpecification","valueRequired":true,"valueName":"search_term_string"}}],"inLanguage":"sl-SI"},{"@type":"Person","@id":"https:\/\/funzine.hu\/#\/schema\/person\/f3864a88f41183e8c3af70534ac28bb4","name":"Bodn\u00e1r Zsuzsa","image":{"@type":"ImageObject","inLanguage":"sl-SI","@id":"https:\/\/secure.gravatar.com\/avatar\/3dac04a042bfb0c015d0f893ef5eb9cca9d966bb5795039862dafd8d2ab5d410?s=96&d=mm&r=g","url":"https:\/\/secure.gravatar.com\/avatar\/3dac04a042bfb0c015d0f893ef5eb9cca9d966bb5795039862dafd8d2ab5d410?s=96&d=mm&r=g","contentUrl":"https:\/\/secure.gravatar.com\/avatar\/3dac04a042bfb0c015d0f893ef5eb9cca9d966bb5795039862dafd8d2ab5d410?s=96&d=mm&r=g","caption":"Bodn\u00e1r Zsuzsa"},"url":"https:\/\/funzine.hu\/sl\/author\/bodnar-zsuzsa-1984\/"}]}},"amp_enabled":true,"_links":{"self":[{"href":"https:\/\/funzine.hu\/sl\/wp-json\/wp\/v2\/posts\/618805","targetHints":{"allow":["GET"]}}],"collection":[{"href":"https:\/\/funzine.hu\/sl\/wp-json\/wp\/v2\/posts"}],"about":[{"href":"https:\/\/funzine.hu\/sl\/wp-json\/wp\/v2\/types\/post"}],"author":[{"embeddable":true,"href":"https:\/\/funzine.hu\/sl\/wp-json\/wp\/v2\/users\/391"}],"replies":[{"embeddable":true,"href":"https:\/\/funzine.hu\/sl\/wp-json\/wp\/v2\/comments?post=618805"}],"version-history":[{"count":1,"href":"https:\/\/funzine.hu\/sl\/wp-json\/wp\/v2\/posts\/618805\/revisions"}],"predecessor-version":[{"id":618807,"href":"https:\/\/funzine.hu\/sl\/wp-json\/wp\/v2\/posts\/618805\/revisions\/618807"}],"wp:featuredmedia":[{"embeddable":true,"href":"https:\/\/funzine.hu\/sl\/wp-json\/wp\/v2\/media\/618806"}],"wp:attachment":[{"href":"https:\/\/funzine.hu\/sl\/wp-json\/wp\/v2\/media?parent=618805"}],"wp:term":[{"taxonomy":"category","embeddable":true,"href":"https:\/\/funzine.hu\/sl\/wp-json\/wp\/v2\/categories?post=618805"},{"taxonomy":"post_tag","embeddable":true,"href":"https:\/\/funzine.hu\/sl\/wp-json\/wp\/v2\/tags?post=618805"},{"taxonomy":"post_places","embeddable":true,"href":"https:\/\/funzine.hu\/sl\/wp-json\/wp\/v2\/post_places?post=618805"}],"curies":[{"name":"wp","href":"https:\/\/api.w.org\/{rel}","templated":true}]}}