{"id":618460,"date":"2026-01-06T15:48:05","date_gmt":"2026-01-06T14:48:05","guid":{"rendered":"https:\/\/funzine.hu\/?p=618460"},"modified":"2026-01-06T15:48:05","modified_gmt":"2026-01-06T14:48:05","slug":"letos-lahko-preckamo-blatno-jezero-s-praznicnim-trajektom-obsijanim-z-lucmi","status":"publish","type":"post","link":"https:\/\/funzine.hu\/sl\/2026\/01\/06\/potovanje\/letos-lahko-preckamo-blatno-jezero-s-praznicnim-trajektom-obsijanim-z-lucmi\/","title":{"rendered":"Letos lahko pre\u010dkamo Blatno jezero s prazni\u010dnim trajektom, obsijanim z lu\u010dmi"},"content":{"rendered":"<p>Tudi letos bo na poti BAHART-ov prazni\u010dni svetlobni trajekt, ena od nepozabnih atrakcij zimskega Blatnega jezera.<\/p>\n<p>Lepo okra\u0161ena, posebna trajektna linija vas vabi na posebno potovanje med Sz\u00e1nt\u00f3dr\u00e9vom in Tihanyr\u00e9vom do 31. januarja 2026, vsak dan med 7. in 8. uro zjutraj, nato pa po 16. uri.<\/p>\n<figure id=\"attachment_618461\" aria-describedby=\"caption-attachment-618461\" style=\"width: 850px\" class=\"wp-caption aligncenter\"><img decoding=\"async\" class=\"size-funzine-large wp-image-618461\" src=\"https:\/\/funzine.hu\/wp-content\/uploads\/2026\/01\/ice-6029350_1280-1200x772.jpg\" alt=\"\" width=\"850\" height=\"547\" srcset=\"https:\/\/funzine.hu\/wp-content\/uploads\/2026\/01\/ice-6029350_1280-1200x772.jpg 1200w, https:\/\/funzine.hu\/wp-content\/uploads\/2026\/01\/ice-6029350_1280-300x193.jpg 300w, https:\/\/funzine.hu\/wp-content\/uploads\/2026\/01\/ice-6029350_1280-1024x658.jpg 1024w, https:\/\/funzine.hu\/wp-content\/uploads\/2026\/01\/ice-6029350_1280-768x494.jpg 768w, https:\/\/funzine.hu\/wp-content\/uploads\/2026\/01\/ice-6029350_1280-100x65.jpg 100w, https:\/\/funzine.hu\/wp-content\/uploads\/2026\/01\/ice-6029350_1280.jpg 1280w\" sizes=\"(max-width: 850px) 100vw, 850px\" \/><figcaption id=\"caption-attachment-618461\" class=\"wp-caption-text\">ilustracija-pixabay.com<\/figcaption><\/figure>\n<p>Trajekt, osvetljen z mo\u010dnimi lu\u010dmi, med potovanjem ustvarja prazni\u010dno vzdu\u0161je, saj lahko z edinstvene perspektive s palube vidimo mesta ob obali Blatnega jezera, obsijana z lu\u010dmi. Ne glede na to, ali u\u017eivate v razgledu s partnerjem ali dru\u017eino, vas bo ta prizor zagotovo o\u010daral!<\/p>\n<p>Vozni red najdete na spletni strani BAHART s klikom tukaj.<\/p>\n","protected":false},"excerpt":{"rendered":"<p>Tudi letos bo na poti BAHART-ov prazni\u010dni svetlobni trajekt, ena od nepozabnih atrakcij zimskega<\/p>\n","protected":false},"author":391,"featured_media":618461,"comment_status":"closed","ping_status":"closed","sticky":false,"template":"","format":"standard","meta":{"_acf_changed":false,"wprm-recipe-roundup-name":"","wprm-recipe-roundup-description":"","ngg_post_thumbnail":0,"footnotes":""},"categories":[14345],"tags":[],"post_places":[],"class_list":["post-618460","post","type-post","status-publish","format-standard","has-post-thumbnail","hentry","category-potovanje"],"acf":{"connected_places":"","del_image":""},"yoast_head":"<!-- This site is optimized with the Yoast SEO plugin v27.2 - https:\/\/yoast.com\/product\/yoast-seo-wordpress\/ -->\n<title>Letos lahko pre\u010dkamo Blatno jezero s prazni\u010dnim trajektom, obsijanim z lu\u010dmi<\/title>\n<meta name=\"robots\" content=\"index, follow, max-snippet:-1, max-image-preview:large, max-video-preview:-1\" \/>\n<link rel=\"canonical\" href=\"https:\/\/funzine.hu\/sl\/2026\/01\/06\/potovanje\/letos-lahko-preckamo-blatno-jezero-s-praznicnim-trajektom-obsijanim-z-lucmi\/\" \/>\n<meta property=\"og:locale\" content=\"sl_SI\" \/>\n<meta property=\"og:type\" content=\"article\" \/>\n<meta property=\"og:title\" content=\"Letos lahko pre\u010dkamo Blatno jezero s prazni\u010dnim trajektom, obsijanim z lu\u010dmi\" \/>\n<meta property=\"og:description\" content=\"Tudi letos bo na poti BAHART-ov prazni\u010dni svetlobni trajekt, ena od nepozabnih atrakcij zimskega\" \/>\n<meta property=\"og:url\" content=\"https:\/\/funzine.hu\/sl\/2026\/01\/06\/potovanje\/letos-lahko-preckamo-blatno-jezero-s-praznicnim-trajektom-obsijanim-z-lucmi\/\" \/>\n<meta property=\"og:site_name\" content=\"Funzine\" \/>\n<meta property=\"article:publisher\" content=\"https:\/\/www.facebook.com\/funzine\/\" \/>\n<meta property=\"article:published_time\" content=\"2026-01-06T14:48:05+00:00\" \/>\n<meta property=\"og:image\" content=\"https:\/\/funzine.hu\/wp-content\/uploads\/2026\/01\/ice-6029350_1280.jpg\" \/>\n\t<meta property=\"og:image:width\" content=\"1280\" \/>\n\t<meta property=\"og:image:height\" content=\"823\" \/>\n\t<meta property=\"og:image:type\" content=\"image\/jpeg\" \/>\n<meta name=\"author\" content=\"Bodn\u00e1r Zsuzsa\" \/>\n<meta name=\"twitter:card\" content=\"summary_large_image\" \/>\n<meta name=\"twitter:creator\" content=\"@funzine\" \/>\n<meta name=\"twitter:site\" content=\"@funzine\" \/>\n<meta name=\"twitter:label1\" content=\"Written by\" \/>\n\t<meta name=\"twitter:data1\" content=\"Bodn\u00e1r Zsuzsa\" \/>\n\t<meta name=\"twitter:label2\" content=\"Est. reading time\" \/>\n\t<meta name=\"twitter:data2\" content=\"1 minuta\" \/>\n<script type=\"application\/ld+json\" class=\"yoast-schema-graph\">{\"@context\":\"https:\/\/schema.org\",\"@graph\":[{\"@type\":\"NewsArticle\",\"@id\":\"https:\/\/funzine.hu\/sl\/2026\/01\/06\/potovanje\/letos-lahko-preckamo-blatno-jezero-s-praznicnim-trajektom-obsijanim-z-lucmi\/#article\",\"isPartOf\":{\"@id\":\"https:\/\/funzine.hu\/sl\/2026\/01\/06\/potovanje\/letos-lahko-preckamo-blatno-jezero-s-praznicnim-trajektom-obsijanim-z-lucmi\/\"},\"author\":{\"name\":\"Bodn\u00e1r Zsuzsa\",\"@id\":\"https:\/\/funzine.hu\/#\/schema\/person\/f3864a88f41183e8c3af70534ac28bb4\"},\"headline\":\"Letos lahko pre\u010dkamo Blatno jezero s prazni\u010dnim trajektom, obsijanim z lu\u010dmi\",\"datePublished\":\"2026-01-06T14:48:05+00:00\",\"mainEntityOfPage\":{\"@id\":\"https:\/\/funzine.hu\/sl\/2026\/01\/06\/potovanje\/letos-lahko-preckamo-blatno-jezero-s-praznicnim-trajektom-obsijanim-z-lucmi\/\"},\"wordCount\":133,\"image\":{\"@id\":\"https:\/\/funzine.hu\/sl\/2026\/01\/06\/potovanje\/letos-lahko-preckamo-blatno-jezero-s-praznicnim-trajektom-obsijanim-z-lucmi\/#primaryimage\"},\"thumbnailUrl\":\"https:\/\/funzine.hu\/wp-content\/uploads\/2026\/01\/ice-6029350_1280.jpg\",\"articleSection\":[\"Potovanje\"],\"inLanguage\":\"sl-SI\"},{\"@type\":\"WebPage\",\"@id\":\"https:\/\/funzine.hu\/sl\/2026\/01\/06\/potovanje\/letos-lahko-preckamo-blatno-jezero-s-praznicnim-trajektom-obsijanim-z-lucmi\/\",\"url\":\"https:\/\/funzine.hu\/sl\/2026\/01\/06\/potovanje\/letos-lahko-preckamo-blatno-jezero-s-praznicnim-trajektom-obsijanim-z-lucmi\/\",\"name\":\"Letos lahko pre\u010dkamo Blatno jezero s prazni\u010dnim trajektom, obsijanim z lu\u010dmi\",\"isPartOf\":{\"@id\":\"https:\/\/funzine.hu\/#website\"},\"primaryImageOfPage\":{\"@id\":\"https:\/\/funzine.hu\/sl\/2026\/01\/06\/potovanje\/letos-lahko-preckamo-blatno-jezero-s-praznicnim-trajektom-obsijanim-z-lucmi\/#primaryimage\"},\"image\":{\"@id\":\"https:\/\/funzine.hu\/sl\/2026\/01\/06\/potovanje\/letos-lahko-preckamo-blatno-jezero-s-praznicnim-trajektom-obsijanim-z-lucmi\/#primaryimage\"},\"thumbnailUrl\":\"https:\/\/funzine.hu\/wp-content\/uploads\/2026\/01\/ice-6029350_1280.jpg\",\"datePublished\":\"2026-01-06T14:48:05+00:00\",\"author\":{\"@id\":\"https:\/\/funzine.hu\/#\/schema\/person\/f3864a88f41183e8c3af70534ac28bb4\"},\"breadcrumb\":{\"@id\":\"https:\/\/funzine.hu\/sl\/2026\/01\/06\/potovanje\/letos-lahko-preckamo-blatno-jezero-s-praznicnim-trajektom-obsijanim-z-lucmi\/#breadcrumb\"},\"inLanguage\":\"sl-SI\",\"potentialAction\":[{\"@type\":\"ReadAction\",\"target\":[\"https:\/\/funzine.hu\/sl\/2026\/01\/06\/potovanje\/letos-lahko-preckamo-blatno-jezero-s-praznicnim-trajektom-obsijanim-z-lucmi\/\"]}]},{\"@type\":\"ImageObject\",\"inLanguage\":\"sl-SI\",\"@id\":\"https:\/\/funzine.hu\/sl\/2026\/01\/06\/potovanje\/letos-lahko-preckamo-blatno-jezero-s-praznicnim-trajektom-obsijanim-z-lucmi\/#primaryimage\",\"url\":\"https:\/\/funzine.hu\/wp-content\/uploads\/2026\/01\/ice-6029350_1280.jpg\",\"contentUrl\":\"https:\/\/funzine.hu\/wp-content\/uploads\/2026\/01\/ice-6029350_1280.jpg\",\"width\":1280,\"height\":823,\"caption\":\"ilustracija-pixabay.com\"},{\"@type\":\"BreadcrumbList\",\"@id\":\"https:\/\/funzine.hu\/sl\/2026\/01\/06\/potovanje\/letos-lahko-preckamo-blatno-jezero-s-praznicnim-trajektom-obsijanim-z-lucmi\/#breadcrumb\",\"itemListElement\":[{\"@type\":\"ListItem\",\"position\":1,\"name\":\"Home\",\"item\":\"https:\/\/funzine.hu\/sl\/\"},{\"@type\":\"ListItem\",\"position\":2,\"name\":\"Letos lahko pre\u010dkamo Blatno jezero s prazni\u010dnim trajektom, obsijanim z lu\u010dmi\"}]},{\"@type\":\"WebSite\",\"@id\":\"https:\/\/funzine.hu\/#website\",\"url\":\"https:\/\/funzine.hu\/\",\"name\":\"Funzine\",\"description\":\"\",\"potentialAction\":[{\"@type\":\"SearchAction\",\"target\":{\"@type\":\"EntryPoint\",\"urlTemplate\":\"https:\/\/funzine.hu\/?s={search_term_string}\"},\"query-input\":{\"@type\":\"PropertyValueSpecification\",\"valueRequired\":true,\"valueName\":\"search_term_string\"}}],\"inLanguage\":\"sl-SI\"},{\"@type\":\"Person\",\"@id\":\"https:\/\/funzine.hu\/#\/schema\/person\/f3864a88f41183e8c3af70534ac28bb4\",\"name\":\"Bodn\u00e1r Zsuzsa\",\"image\":{\"@type\":\"ImageObject\",\"inLanguage\":\"sl-SI\",\"@id\":\"https:\/\/secure.gravatar.com\/avatar\/3dac04a042bfb0c015d0f893ef5eb9cca9d966bb5795039862dafd8d2ab5d410?s=96&d=mm&r=g\",\"url\":\"https:\/\/secure.gravatar.com\/avatar\/3dac04a042bfb0c015d0f893ef5eb9cca9d966bb5795039862dafd8d2ab5d410?s=96&d=mm&r=g\",\"contentUrl\":\"https:\/\/secure.gravatar.com\/avatar\/3dac04a042bfb0c015d0f893ef5eb9cca9d966bb5795039862dafd8d2ab5d410?s=96&d=mm&r=g\",\"caption\":\"Bodn\u00e1r Zsuzsa\"},\"url\":\"https:\/\/funzine.hu\/sl\/author\/bodnar-zsuzsa-1984\/\"}]}<\/script>\n<!-- \/ Yoast SEO plugin. -->","yoast_head_json":{"title":"Letos lahko pre\u010dkamo Blatno jezero s prazni\u010dnim trajektom, obsijanim z lu\u010dmi","robots":{"index":"index","follow":"follow","max-snippet":"max-snippet:-1","max-image-preview":"max-image-preview:large","max-video-preview":"max-video-preview:-1"},"canonical":"https:\/\/funzine.hu\/sl\/2026\/01\/06\/potovanje\/letos-lahko-preckamo-blatno-jezero-s-praznicnim-trajektom-obsijanim-z-lucmi\/","og_locale":"sl_SI","og_type":"article","og_title":"Letos lahko pre\u010dkamo Blatno jezero s prazni\u010dnim trajektom, obsijanim z lu\u010dmi","og_description":"Tudi letos bo na poti BAHART-ov prazni\u010dni svetlobni trajekt, ena od nepozabnih atrakcij zimskega","og_url":"https:\/\/funzine.hu\/sl\/2026\/01\/06\/potovanje\/letos-lahko-preckamo-blatno-jezero-s-praznicnim-trajektom-obsijanim-z-lucmi\/","og_site_name":"Funzine","article_publisher":"https:\/\/www.facebook.com\/funzine\/","article_published_time":"2026-01-06T14:48:05+00:00","og_image":[{"width":1280,"height":823,"url":"https:\/\/funzine.hu\/wp-content\/uploads\/2026\/01\/ice-6029350_1280.jpg","type":"image\/jpeg"}],"author":"Bodn\u00e1r Zsuzsa","twitter_card":"summary_large_image","twitter_creator":"@funzine","twitter_site":"@funzine","twitter_misc":{"Written by":"Bodn\u00e1r Zsuzsa","Est. reading time":"1 minuta"},"schema":{"@context":"https:\/\/schema.org","@graph":[{"@type":"NewsArticle","@id":"https:\/\/funzine.hu\/sl\/2026\/01\/06\/potovanje\/letos-lahko-preckamo-blatno-jezero-s-praznicnim-trajektom-obsijanim-z-lucmi\/#article","isPartOf":{"@id":"https:\/\/funzine.hu\/sl\/2026\/01\/06\/potovanje\/letos-lahko-preckamo-blatno-jezero-s-praznicnim-trajektom-obsijanim-z-lucmi\/"},"author":{"name":"Bodn\u00e1r Zsuzsa","@id":"https:\/\/funzine.hu\/#\/schema\/person\/f3864a88f41183e8c3af70534ac28bb4"},"headline":"Letos lahko pre\u010dkamo Blatno jezero s prazni\u010dnim trajektom, obsijanim z lu\u010dmi","datePublished":"2026-01-06T14:48:05+00:00","mainEntityOfPage":{"@id":"https:\/\/funzine.hu\/sl\/2026\/01\/06\/potovanje\/letos-lahko-preckamo-blatno-jezero-s-praznicnim-trajektom-obsijanim-z-lucmi\/"},"wordCount":133,"image":{"@id":"https:\/\/funzine.hu\/sl\/2026\/01\/06\/potovanje\/letos-lahko-preckamo-blatno-jezero-s-praznicnim-trajektom-obsijanim-z-lucmi\/#primaryimage"},"thumbnailUrl":"https:\/\/funzine.hu\/wp-content\/uploads\/2026\/01\/ice-6029350_1280.jpg","articleSection":["Potovanje"],"inLanguage":"sl-SI"},{"@type":"WebPage","@id":"https:\/\/funzine.hu\/sl\/2026\/01\/06\/potovanje\/letos-lahko-preckamo-blatno-jezero-s-praznicnim-trajektom-obsijanim-z-lucmi\/","url":"https:\/\/funzine.hu\/sl\/2026\/01\/06\/potovanje\/letos-lahko-preckamo-blatno-jezero-s-praznicnim-trajektom-obsijanim-z-lucmi\/","name":"Letos lahko pre\u010dkamo Blatno jezero s prazni\u010dnim trajektom, obsijanim z lu\u010dmi","isPartOf":{"@id":"https:\/\/funzine.hu\/#website"},"primaryImageOfPage":{"@id":"https:\/\/funzine.hu\/sl\/2026\/01\/06\/potovanje\/letos-lahko-preckamo-blatno-jezero-s-praznicnim-trajektom-obsijanim-z-lucmi\/#primaryimage"},"image":{"@id":"https:\/\/funzine.hu\/sl\/2026\/01\/06\/potovanje\/letos-lahko-preckamo-blatno-jezero-s-praznicnim-trajektom-obsijanim-z-lucmi\/#primaryimage"},"thumbnailUrl":"https:\/\/funzine.hu\/wp-content\/uploads\/2026\/01\/ice-6029350_1280.jpg","datePublished":"2026-01-06T14:48:05+00:00","author":{"@id":"https:\/\/funzine.hu\/#\/schema\/person\/f3864a88f41183e8c3af70534ac28bb4"},"breadcrumb":{"@id":"https:\/\/funzine.hu\/sl\/2026\/01\/06\/potovanje\/letos-lahko-preckamo-blatno-jezero-s-praznicnim-trajektom-obsijanim-z-lucmi\/#breadcrumb"},"inLanguage":"sl-SI","potentialAction":[{"@type":"ReadAction","target":["https:\/\/funzine.hu\/sl\/2026\/01\/06\/potovanje\/letos-lahko-preckamo-blatno-jezero-s-praznicnim-trajektom-obsijanim-z-lucmi\/"]}]},{"@type":"ImageObject","inLanguage":"sl-SI","@id":"https:\/\/funzine.hu\/sl\/2026\/01\/06\/potovanje\/letos-lahko-preckamo-blatno-jezero-s-praznicnim-trajektom-obsijanim-z-lucmi\/#primaryimage","url":"https:\/\/funzine.hu\/wp-content\/uploads\/2026\/01\/ice-6029350_1280.jpg","contentUrl":"https:\/\/funzine.hu\/wp-content\/uploads\/2026\/01\/ice-6029350_1280.jpg","width":1280,"height":823,"caption":"ilustracija-pixabay.com"},{"@type":"BreadcrumbList","@id":"https:\/\/funzine.hu\/sl\/2026\/01\/06\/potovanje\/letos-lahko-preckamo-blatno-jezero-s-praznicnim-trajektom-obsijanim-z-lucmi\/#breadcrumb","itemListElement":[{"@type":"ListItem","position":1,"name":"Home","item":"https:\/\/funzine.hu\/sl\/"},{"@type":"ListItem","position":2,"name":"Letos lahko pre\u010dkamo Blatno jezero s prazni\u010dnim trajektom, obsijanim z lu\u010dmi"}]},{"@type":"WebSite","@id":"https:\/\/funzine.hu\/#website","url":"https:\/\/funzine.hu\/","name":"Funzine","description":"","potentialAction":[{"@type":"SearchAction","target":{"@type":"EntryPoint","urlTemplate":"https:\/\/funzine.hu\/?s={search_term_string}"},"query-input":{"@type":"PropertyValueSpecification","valueRequired":true,"valueName":"search_term_string"}}],"inLanguage":"sl-SI"},{"@type":"Person","@id":"https:\/\/funzine.hu\/#\/schema\/person\/f3864a88f41183e8c3af70534ac28bb4","name":"Bodn\u00e1r Zsuzsa","image":{"@type":"ImageObject","inLanguage":"sl-SI","@id":"https:\/\/secure.gravatar.com\/avatar\/3dac04a042bfb0c015d0f893ef5eb9cca9d966bb5795039862dafd8d2ab5d410?s=96&d=mm&r=g","url":"https:\/\/secure.gravatar.com\/avatar\/3dac04a042bfb0c015d0f893ef5eb9cca9d966bb5795039862dafd8d2ab5d410?s=96&d=mm&r=g","contentUrl":"https:\/\/secure.gravatar.com\/avatar\/3dac04a042bfb0c015d0f893ef5eb9cca9d966bb5795039862dafd8d2ab5d410?s=96&d=mm&r=g","caption":"Bodn\u00e1r Zsuzsa"},"url":"https:\/\/funzine.hu\/sl\/author\/bodnar-zsuzsa-1984\/"}]}},"amp_enabled":true,"_links":{"self":[{"href":"https:\/\/funzine.hu\/sl\/wp-json\/wp\/v2\/posts\/618460","targetHints":{"allow":["GET"]}}],"collection":[{"href":"https:\/\/funzine.hu\/sl\/wp-json\/wp\/v2\/posts"}],"about":[{"href":"https:\/\/funzine.hu\/sl\/wp-json\/wp\/v2\/types\/post"}],"author":[{"embeddable":true,"href":"https:\/\/funzine.hu\/sl\/wp-json\/wp\/v2\/users\/391"}],"replies":[{"embeddable":true,"href":"https:\/\/funzine.hu\/sl\/wp-json\/wp\/v2\/comments?post=618460"}],"version-history":[{"count":1,"href":"https:\/\/funzine.hu\/sl\/wp-json\/wp\/v2\/posts\/618460\/revisions"}],"predecessor-version":[{"id":618462,"href":"https:\/\/funzine.hu\/sl\/wp-json\/wp\/v2\/posts\/618460\/revisions\/618462"}],"wp:featuredmedia":[{"embeddable":true,"href":"https:\/\/funzine.hu\/sl\/wp-json\/wp\/v2\/media\/618461"}],"wp:attachment":[{"href":"https:\/\/funzine.hu\/sl\/wp-json\/wp\/v2\/media?parent=618460"}],"wp:term":[{"taxonomy":"category","embeddable":true,"href":"https:\/\/funzine.hu\/sl\/wp-json\/wp\/v2\/categories?post=618460"},{"taxonomy":"post_tag","embeddable":true,"href":"https:\/\/funzine.hu\/sl\/wp-json\/wp\/v2\/tags?post=618460"},{"taxonomy":"post_places","embeddable":true,"href":"https:\/\/funzine.hu\/sl\/wp-json\/wp\/v2\/post_places?post=618460"}],"curies":[{"name":"wp","href":"https:\/\/api.w.org\/{rel}","templated":true}]}}