{"id":618203,"date":"2025-12-31T10:44:34","date_gmt":"2025-12-31T09:44:34","guid":{"rendered":"https:\/\/funzine.hu\/?p=618203"},"modified":"2025-12-31T10:44:34","modified_gmt":"2025-12-31T09:44:34","slug":"9-carobnih-podezelskih-mest-kjer-lahko-uzivate-v-prijetnem-adventnem-sejmu-in-praznicnem-vzdusju","status":"publish","type":"post","link":"https:\/\/funzine.hu\/sl\/2025\/12\/31\/potovanje\/9-carobnih-podezelskih-mest-kjer-lahko-uzivate-v-prijetnem-adventnem-sejmu-in-praznicnem-vzdusju\/","title":{"rendered":"9 \u010darobnih pode\u017eelskih mest, kjer lahko u\u017eivate v prijetnem adventnem sejmu in prazni\u010dnem vzdu\u0161ju"},"content":{"rendered":"<p>Med prazni\u010dnim \u010dasom se tudi pode\u017eelska mesta okopajo v svetlobi in spremenijo v pravo \u010dude\u017eno de\u017eelo. Zgodovinski trgi, ulice in znani glavni trgi dobijo posebno okrasje, zrak pa je napolnjen z vonjem po kuhanem vinu, pikantnih tortah in sve\u017ee pe\u010denih dobrotah. Vsako mesto ponuja druga\u010dno vzdu\u0161je med adventom: ponekod vabijo svetlobne predstave in drsali\u0161\u010da, drugje pa vrtiljaki, koncerti ali kulturni programi ustvarjajo intimno okolje. Priporo\u010da csodasmagyarorszag.hu. (x)<\/p>\n<figure id=\"attachment_618204\" aria-describedby=\"caption-attachment-618204\" style=\"width: 850px\" class=\"wp-caption aligncenter\"><img decoding=\"async\" class=\"size-funzine-large wp-image-618204\" src=\"https:\/\/funzine.hu\/wp-content\/uploads\/2025\/12\/szeged-hungary-1746144_1280-1200x906.jpg\" alt=\"\" width=\"850\" height=\"642\" srcset=\"https:\/\/funzine.hu\/wp-content\/uploads\/2025\/12\/szeged-hungary-1746144_1280-1200x906.jpg 1200w, https:\/\/funzine.hu\/wp-content\/uploads\/2025\/12\/szeged-hungary-1746144_1280-300x226.jpg 300w, https:\/\/funzine.hu\/wp-content\/uploads\/2025\/12\/szeged-hungary-1746144_1280-1024x773.jpg 1024w, https:\/\/funzine.hu\/wp-content\/uploads\/2025\/12\/szeged-hungary-1746144_1280-768x580.jpg 768w, https:\/\/funzine.hu\/wp-content\/uploads\/2025\/12\/szeged-hungary-1746144_1280-393x297.jpg 393w, https:\/\/funzine.hu\/wp-content\/uploads\/2025\/12\/szeged-hungary-1746144_1280.jpg 1280w\" sizes=\"(max-width: 850px) 100vw, 850px\" \/><figcaption id=\"caption-attachment-618204\" class=\"wp-caption-text\">ilustracija &#8211; pixabay.com<\/figcaption><\/figure>\n<p>Debrecen<br \/>\nSprehod po debrecenski adventni tr\u017enici dopolnjujejo dela lokalnih umetnikov in unikatna ro\u010dno izdelana darila. Prazni\u010dno vzdu\u0161je dopolnjujejo fotografske to\u010dke, drsali\u0161\u010de, osvetljen tramvaj in vlak Bo\u017ei\u010dka, medtem ko zgodovinske ulice mesta privabljajo obiskovalce sejma s svetlobnimi kroglami, osvetljeno jelko, baro\u010dnim vrtiljakom in bo\u017ei\u010dnim vlakom. \u0160tevilni koncerti in kulturni programi zagotavljajo spro\u0161\u010dujo\u010do izku\u0161njo, bogato z do\u017eivetji. 13. decembra bo Debrecen odet v led: Karneval ledenega cvetja bo vsakega obiskovalca o\u010daral s posebnim vzdu\u0161jem.<\/p>\n<p>Miskolc<br \/>\nMed prazni\u010dnim \u010dasom bodo zasijale tudi lu\u010di Miskolca. V okviru adventa v Miskolcu bodo barvitost programa poskrbeli koncerti, odrske predstave in animacijski programi. Na tire se bo zapeljal tudi najlep\u0161i adventni tramvaj v Evropi: vlak, ki lebdi v poplavi lu\u010di, ni le ponos Miskolca, temve\u010d tudi osemkratni evropski prvak, ki bo navdu\u0161il vsakega potnika. Bo\u017ei\u010dkov vlak obiskovalce ponovno popelje v Pravlji\u010dno kraljestvo v Lillaf\u00fcredu, kjer igralci Narodnega gledali\u0161\u010da v Miskolcu v iglujskih \u0161otorih prirejajo glasbene nastope. V parku prihajajo\u010de spremlja smeh vilinov, Bo\u017ei\u010dek pa osebno pozdravlja obiskovalce \u2013 tako mlade kot stare.<\/p>\n<p>Eger<br \/>\nAdventni program v Egerju ponuja pravo dru\u017einsko sprostitev. Med pravlji\u010dno kuliso baro\u010dnega mestnega sredi\u0161\u010da obiskovalce \u010daka pristno adventno vzdu\u0161je: ble\u0161\u010de\u010da dekorativna razsvetljava, spektakularne instalacije ter vonji kuhanega vina in dobrot z okusom cimeta naredijo sprehod nepozaben. Legendarni trg Dob\u00f3, trg G\u00e1rdonyi in trg V\u00e9gv\u00e1ri Vit\u00e9zek so odeti v atmosfersko svetlobo, ki jo \u0161e bolj \u010darobno naredi dekorativna razsvetljava znamenitega gradu Eger. Vrve\u017e sejma ni le spektakularen, ampak tudi slastna izku\u0161nja: lokalne gastronomske dobrote, dobrote, pripravljene za to prilo\u017enost, in posebne vinske specialitete bodo zapeljale vsakogar. Prazni\u010dno vzdu\u0161je dopolnjujejo koncerti, plesne predstave in otro\u0161ki programi. \u010carobna ledena pala\u010da ob mestni hi\u0161i \u010daka najmlaj\u0161e z interaktivnimi programi, kjer poslikava obrazov, ble\u0161\u010de\u010de tetova\u017ee in druge posebne dejavnosti zagotavljajo zabavo.<\/p>\n<p>Szeged<br \/>\nTudi v Szegedu ni manjkalo prazni\u010dnega vzdu\u0161ja! Osrednja lokacija segedinskih bo\u017ei\u010dnih tednov je D\u00f3mski trg, kjer obrtniki in prodajalci ponujajo ne\u0161teto idej za bo\u017ei\u010dna darila, gostinci pa obiskovalce pogostijo s kuhanim vinom, k\u00fcrt\u0151skalac in drugimi dobrotami. Otroci se lahko zabavajo v leseni hi\u0161ici, sredi trga pa bo ponovno zgrajen priljubljen slamnati labirint. Znamenitosti ne bo manjkalo: ob petkih bo Katedralski trg popestrila vznemirljiva predstava \u017eongliranja z ognjem, ob nedeljah pa bodo prazni\u010dno vzdu\u0161je ustvarila bedenja s sve\u010dami. Medtem 50-metrski panoramski kolo nasproti katedrale ponuja neprimerljiv razgled na mesto, obsijano s svetlobo.<\/p>\n<p>G\u00f6d\u00f6ll\u0151<br \/>\nNe le mesto, ampak tudi kraljevi grad G\u00f6d\u00f6ll\u0151 se decembra kopa v prazni\u010dnih lu\u010deh, zato bo vse \u017ee od trenutka prihoda pri\u010dakalo intimno adventno vzdu\u0161je. Bo\u017ei\u010dni sejem v sredi\u0161\u010du G\u00f6d\u00f6ll\u0151a ponuja intimno sprostitev in prijeten na\u010din za pripravo na praznike. Tudi letos si lahko na grajskem vrtu ogledate svetlobni vrt kraljice Elizabete, ki ustvarja osupljiv prizor s sto tiso\u010d \u017earnicami, 12 kilometri svetlobnih nizov in 30-metrskim panoramskim kolesom. V parku vas \u010dakajo nove svetlobne skulpture, med sprehodom pa lahko odkrijete tudi interaktivne foto to\u010dke. Serija koncertov znotraj grajskih zidov bo poskrbela za adventno vzdu\u0161je, 28. decembra pa bo celodnevni dru\u017einski program priklical svet kraljevega bo\u017ei\u010da. Neizogibni element adventa v G\u00f6d\u00f6ll\u0151u je Bo\u017ei\u010dna hi\u0161a, ki ponuja prazni\u010dne okraske in navdih vsem, ki imajo radi \u010darobnost bo\u017ei\u010da na edinstven na\u010din v dr\u017eavi.<\/p>\n<p>P\u00e9cs<br \/>\nTudi leta 2025 bo vse pri\u010dakal adventni sejem obrti in pravljic v P\u00e9csu s prazni\u010dnim vzdu\u0161jem in \u0161tevilnimi mo\u017enostmi za rekreacijo. Sejem ponuja vznemirljiva do\u017eivetja s prenovljenimi programi in novimi lokacijami: gostje lahko izbirajo med izdelki ve\u010d kot dvajsetih gostinskih enot in ve\u010d kot tridesetih prodajalcev obrti. Bogata kulturna dedi\u0161\u010dina mesta naredi adventni sprehod \u0161e bolj poseben: mehke lu\u010di katedrale in svetlobne instalacije v mo\u0161eji so \u0161e posebej vzdu\u0161ne. Razli\u010dni koncerti na glavnem trgu bodo poskrbeli za intimno, prazni\u010dno vzdu\u0161je, a vredno je raziskati tudi raznoliko programsko ponudbo \u010detrti Zsolnay.<\/p>\n<p>Veszpr\u00e9m<br \/>\nMed adventom v sredi\u0161\u010du Veszpr\u00e9ma vlada posebno vzdu\u0161je: vonj po cimetu, medenjakih in sve\u017ee pe\u010deni hrani napolni ulico Kossuth, kjer sprehod spremlja sij prazni\u010dnih lu\u010di. Na stojnicah Di\u0161e\u010dega adventa lahko izbirate med unikatnimi ro\u010dno izdelanimi darili, koncerti in otro\u0161ki programi pa zagotavljajo brezmejno prazni\u010dno do\u017eivetje. Kulinari\u010dna ponudba je bogata: gostje lahko poskusijo klasi\u010dne priljubljene jedi &#8211; pe\u010dene lango\u0161e, hamburgerje, hrenovke, ocvrte klobase ali toast z mozgovim mozgom &#8211; in se prepustijo sladkim dobrotam. K\u00fcrt\u0151skal\u00e1cs, churros, retro sladice, doma\u010de transilvanske \u010dokolade, szaloncukrok in suho sadje poskrbijo za pravo prazni\u010dno poslastico.<\/p>\n<p>Esztergom<br \/>\nAdventni sejem v Esztergomu ponuja intimna prazni\u010dna do\u017eivetja v \u0161tirih vikendih na trgu Sz\u00e9chenyi. Obiskovalce \u010dakajo prodajalci ro\u010dnih del, bogata gastronomska ponudba, koncerti na prostem in raznoliki otro\u0161ki programi. Skoraj pol tiso\u010d kvadratnih metrov veliko umetno drsali\u0161\u010de bo tudi letos delovalo na glavnem mestnem trgu, kjer se bodo ljubitelji drsanja lahko prepustili svojemu najljub\u0161emu zimskemu \u0161portu. V soboto in nedeljo bodo tri ikoni\u010dne stavbe Esztergoma \u2013 ob\u010dina, po\u0161ta in okro\u017eno sodi\u0161\u010de \u2013 odete v spektakularne bo\u017ei\u010dne lu\u010dke. Poleg sejma obiskovalce po vsem mestu \u010dakajo \u0161tevilni drugi kulturni in dru\u017einski programi, koncerti in presene\u010denja.<\/p>\n<p>\u0160opron<br \/>\n\u0160opronski advent vabi obiskovalce na slikovitem Glavnem trgu grajskega okro\u017eja, kjer jaslice, prazni\u010dne svetlobne slike in spektakularne dekoracije ustvarjajo idili\u010dno prazni\u010dno vzdu\u0161je. Prijetna atrakcija trga je brezpla\u010den turisti\u010dni vlak, ki vabi na \u010dudovito potovanje po prijetnih ulicah \u0160oprona. Otroci lahko izbirajo med vrtiljaki in muzejskimi dejavnostmi, odrasli pa lahko u\u017eivajo v brezpla\u010dnih adventnih koncertih v cerkvi Marijinega vnebovzetja. Vreme ni ovira za programe, saj ogrevani, pokriti \u0161otori na kraju samem zagotavljajo udobje in nemoteno sprostitev.<\/p>\n<p>Letos se spla\u010da odpraviti na izlet in odkriti adventne \u010dudesa dr\u017eave. Vsako mesto pripoveduje druga\u010dno zgodbo, a vsa vas vabijo k istemu: da upo\u010dasnite, se uglasite in do\u017eivite pravo \u010darobnost praznikov.<\/p>\n","protected":false},"excerpt":{"rendered":"<p>Med prazni\u010dnim \u010dasom se tudi pode\u017eelska mesta okopajo v svetlobi in spremenijo v pravo \u010dude\u017eno<\/p>\n","protected":false},"author":391,"featured_media":618204,"comment_status":"closed","ping_status":"closed","sticky":false,"template":"","format":"standard","meta":{"_acf_changed":false,"wprm-recipe-roundup-name":"","wprm-recipe-roundup-description":"","ngg_post_thumbnail":0,"footnotes":""},"categories":[14345],"tags":[],"post_places":[],"class_list":["post-618203","post","type-post","status-publish","format-standard","has-post-thumbnail","hentry","category-potovanje"],"acf":{"connected_places":"","del_image":""},"yoast_head":"<!-- This site is optimized with the Yoast SEO plugin v27.2 - https:\/\/yoast.com\/product\/yoast-seo-wordpress\/ -->\n<title>9 \u010darobnih pode\u017eelskih mest, kjer lahko u\u017eivate v prijetnem adventnem sejmu in prazni\u010dnem vzdu\u0161ju<\/title>\n<meta name=\"robots\" content=\"index, follow, max-snippet:-1, max-image-preview:large, max-video-preview:-1\" \/>\n<link rel=\"canonical\" href=\"https:\/\/funzine.hu\/sl\/2025\/12\/31\/potovanje\/9-carobnih-podezelskih-mest-kjer-lahko-uzivate-v-prijetnem-adventnem-sejmu-in-praznicnem-vzdusju\/\" \/>\n<meta property=\"og:locale\" content=\"sl_SI\" \/>\n<meta property=\"og:type\" content=\"article\" \/>\n<meta property=\"og:title\" content=\"9 \u010darobnih pode\u017eelskih mest, kjer lahko u\u017eivate v prijetnem adventnem sejmu in prazni\u010dnem vzdu\u0161ju\" \/>\n<meta property=\"og:description\" content=\"Med prazni\u010dnim \u010dasom se tudi pode\u017eelska mesta okopajo v svetlobi in spremenijo v pravo \u010dude\u017eno\" \/>\n<meta property=\"og:url\" content=\"https:\/\/funzine.hu\/sl\/2025\/12\/31\/potovanje\/9-carobnih-podezelskih-mest-kjer-lahko-uzivate-v-prijetnem-adventnem-sejmu-in-praznicnem-vzdusju\/\" \/>\n<meta property=\"og:site_name\" content=\"Funzine\" \/>\n<meta property=\"article:publisher\" content=\"https:\/\/www.facebook.com\/funzine\/\" \/>\n<meta property=\"article:published_time\" content=\"2025-12-31T09:44:34+00:00\" \/>\n<meta property=\"og:image\" content=\"https:\/\/funzine.hu\/wp-content\/uploads\/2025\/12\/szeged-hungary-1746144_1280.jpg\" \/>\n\t<meta property=\"og:image:width\" content=\"1280\" \/>\n\t<meta property=\"og:image:height\" content=\"966\" \/>\n\t<meta property=\"og:image:type\" content=\"image\/jpeg\" \/>\n<meta name=\"author\" content=\"Bodn\u00e1r Zsuzsa\" \/>\n<meta name=\"twitter:card\" content=\"summary_large_image\" \/>\n<meta name=\"twitter:creator\" content=\"@funzine\" \/>\n<meta name=\"twitter:site\" content=\"@funzine\" \/>\n<meta name=\"twitter:label1\" content=\"Written by\" \/>\n\t<meta name=\"twitter:data1\" content=\"Bodn\u00e1r Zsuzsa\" \/>\n\t<meta name=\"twitter:label2\" content=\"Est. reading time\" \/>\n\t<meta name=\"twitter:data2\" content=\"6 minut\" \/>\n<script type=\"application\/ld+json\" class=\"yoast-schema-graph\">{\"@context\":\"https:\/\/schema.org\",\"@graph\":[{\"@type\":\"NewsArticle\",\"@id\":\"https:\/\/funzine.hu\/sl\/2025\/12\/31\/potovanje\/9-carobnih-podezelskih-mest-kjer-lahko-uzivate-v-prijetnem-adventnem-sejmu-in-praznicnem-vzdusju\/#article\",\"isPartOf\":{\"@id\":\"https:\/\/funzine.hu\/sl\/2025\/12\/31\/potovanje\/9-carobnih-podezelskih-mest-kjer-lahko-uzivate-v-prijetnem-adventnem-sejmu-in-praznicnem-vzdusju\/\"},\"author\":{\"name\":\"Bodn\u00e1r Zsuzsa\",\"@id\":\"https:\/\/funzine.hu\/#\/schema\/person\/f3864a88f41183e8c3af70534ac28bb4\"},\"headline\":\"9 \u010darobnih pode\u017eelskih mest, kjer lahko u\u017eivate v prijetnem adventnem sejmu in prazni\u010dnem vzdu\u0161ju\",\"datePublished\":\"2025-12-31T09:44:34+00:00\",\"mainEntityOfPage\":{\"@id\":\"https:\/\/funzine.hu\/sl\/2025\/12\/31\/potovanje\/9-carobnih-podezelskih-mest-kjer-lahko-uzivate-v-prijetnem-adventnem-sejmu-in-praznicnem-vzdusju\/\"},\"wordCount\":1151,\"image\":{\"@id\":\"https:\/\/funzine.hu\/sl\/2025\/12\/31\/potovanje\/9-carobnih-podezelskih-mest-kjer-lahko-uzivate-v-prijetnem-adventnem-sejmu-in-praznicnem-vzdusju\/#primaryimage\"},\"thumbnailUrl\":\"https:\/\/funzine.hu\/wp-content\/uploads\/2025\/12\/szeged-hungary-1746144_1280.jpg\",\"articleSection\":[\"Potovanje\"],\"inLanguage\":\"sl-SI\"},{\"@type\":\"WebPage\",\"@id\":\"https:\/\/funzine.hu\/sl\/2025\/12\/31\/potovanje\/9-carobnih-podezelskih-mest-kjer-lahko-uzivate-v-prijetnem-adventnem-sejmu-in-praznicnem-vzdusju\/\",\"url\":\"https:\/\/funzine.hu\/sl\/2025\/12\/31\/potovanje\/9-carobnih-podezelskih-mest-kjer-lahko-uzivate-v-prijetnem-adventnem-sejmu-in-praznicnem-vzdusju\/\",\"name\":\"9 \u010darobnih pode\u017eelskih mest, kjer lahko u\u017eivate v prijetnem adventnem sejmu in prazni\u010dnem vzdu\u0161ju\",\"isPartOf\":{\"@id\":\"https:\/\/funzine.hu\/#website\"},\"primaryImageOfPage\":{\"@id\":\"https:\/\/funzine.hu\/sl\/2025\/12\/31\/potovanje\/9-carobnih-podezelskih-mest-kjer-lahko-uzivate-v-prijetnem-adventnem-sejmu-in-praznicnem-vzdusju\/#primaryimage\"},\"image\":{\"@id\":\"https:\/\/funzine.hu\/sl\/2025\/12\/31\/potovanje\/9-carobnih-podezelskih-mest-kjer-lahko-uzivate-v-prijetnem-adventnem-sejmu-in-praznicnem-vzdusju\/#primaryimage\"},\"thumbnailUrl\":\"https:\/\/funzine.hu\/wp-content\/uploads\/2025\/12\/szeged-hungary-1746144_1280.jpg\",\"datePublished\":\"2025-12-31T09:44:34+00:00\",\"author\":{\"@id\":\"https:\/\/funzine.hu\/#\/schema\/person\/f3864a88f41183e8c3af70534ac28bb4\"},\"breadcrumb\":{\"@id\":\"https:\/\/funzine.hu\/sl\/2025\/12\/31\/potovanje\/9-carobnih-podezelskih-mest-kjer-lahko-uzivate-v-prijetnem-adventnem-sejmu-in-praznicnem-vzdusju\/#breadcrumb\"},\"inLanguage\":\"sl-SI\",\"potentialAction\":[{\"@type\":\"ReadAction\",\"target\":[\"https:\/\/funzine.hu\/sl\/2025\/12\/31\/potovanje\/9-carobnih-podezelskih-mest-kjer-lahko-uzivate-v-prijetnem-adventnem-sejmu-in-praznicnem-vzdusju\/\"]}]},{\"@type\":\"ImageObject\",\"inLanguage\":\"sl-SI\",\"@id\":\"https:\/\/funzine.hu\/sl\/2025\/12\/31\/potovanje\/9-carobnih-podezelskih-mest-kjer-lahko-uzivate-v-prijetnem-adventnem-sejmu-in-praznicnem-vzdusju\/#primaryimage\",\"url\":\"https:\/\/funzine.hu\/wp-content\/uploads\/2025\/12\/szeged-hungary-1746144_1280.jpg\",\"contentUrl\":\"https:\/\/funzine.hu\/wp-content\/uploads\/2025\/12\/szeged-hungary-1746144_1280.jpg\",\"width\":1280,\"height\":966,\"caption\":\"ilustracija - pixabay.com\"},{\"@type\":\"BreadcrumbList\",\"@id\":\"https:\/\/funzine.hu\/sl\/2025\/12\/31\/potovanje\/9-carobnih-podezelskih-mest-kjer-lahko-uzivate-v-prijetnem-adventnem-sejmu-in-praznicnem-vzdusju\/#breadcrumb\",\"itemListElement\":[{\"@type\":\"ListItem\",\"position\":1,\"name\":\"Home\",\"item\":\"https:\/\/funzine.hu\/sl\/\"},{\"@type\":\"ListItem\",\"position\":2,\"name\":\"9 \u010darobnih pode\u017eelskih mest, kjer lahko u\u017eivate v prijetnem adventnem sejmu in prazni\u010dnem vzdu\u0161ju\"}]},{\"@type\":\"WebSite\",\"@id\":\"https:\/\/funzine.hu\/#website\",\"url\":\"https:\/\/funzine.hu\/\",\"name\":\"Funzine\",\"description\":\"\",\"potentialAction\":[{\"@type\":\"SearchAction\",\"target\":{\"@type\":\"EntryPoint\",\"urlTemplate\":\"https:\/\/funzine.hu\/?s={search_term_string}\"},\"query-input\":{\"@type\":\"PropertyValueSpecification\",\"valueRequired\":true,\"valueName\":\"search_term_string\"}}],\"inLanguage\":\"sl-SI\"},{\"@type\":\"Person\",\"@id\":\"https:\/\/funzine.hu\/#\/schema\/person\/f3864a88f41183e8c3af70534ac28bb4\",\"name\":\"Bodn\u00e1r Zsuzsa\",\"image\":{\"@type\":\"ImageObject\",\"inLanguage\":\"sl-SI\",\"@id\":\"https:\/\/secure.gravatar.com\/avatar\/3dac04a042bfb0c015d0f893ef5eb9cca9d966bb5795039862dafd8d2ab5d410?s=96&d=mm&r=g\",\"url\":\"https:\/\/secure.gravatar.com\/avatar\/3dac04a042bfb0c015d0f893ef5eb9cca9d966bb5795039862dafd8d2ab5d410?s=96&d=mm&r=g\",\"contentUrl\":\"https:\/\/secure.gravatar.com\/avatar\/3dac04a042bfb0c015d0f893ef5eb9cca9d966bb5795039862dafd8d2ab5d410?s=96&d=mm&r=g\",\"caption\":\"Bodn\u00e1r Zsuzsa\"},\"url\":\"https:\/\/funzine.hu\/sl\/author\/bodnar-zsuzsa-1984\/\"}]}<\/script>\n<!-- \/ Yoast SEO plugin. -->","yoast_head_json":{"title":"9 \u010darobnih pode\u017eelskih mest, kjer lahko u\u017eivate v prijetnem adventnem sejmu in prazni\u010dnem vzdu\u0161ju","robots":{"index":"index","follow":"follow","max-snippet":"max-snippet:-1","max-image-preview":"max-image-preview:large","max-video-preview":"max-video-preview:-1"},"canonical":"https:\/\/funzine.hu\/sl\/2025\/12\/31\/potovanje\/9-carobnih-podezelskih-mest-kjer-lahko-uzivate-v-prijetnem-adventnem-sejmu-in-praznicnem-vzdusju\/","og_locale":"sl_SI","og_type":"article","og_title":"9 \u010darobnih pode\u017eelskih mest, kjer lahko u\u017eivate v prijetnem adventnem sejmu in prazni\u010dnem vzdu\u0161ju","og_description":"Med prazni\u010dnim \u010dasom se tudi pode\u017eelska mesta okopajo v svetlobi in spremenijo v pravo \u010dude\u017eno","og_url":"https:\/\/funzine.hu\/sl\/2025\/12\/31\/potovanje\/9-carobnih-podezelskih-mest-kjer-lahko-uzivate-v-prijetnem-adventnem-sejmu-in-praznicnem-vzdusju\/","og_site_name":"Funzine","article_publisher":"https:\/\/www.facebook.com\/funzine\/","article_published_time":"2025-12-31T09:44:34+00:00","og_image":[{"width":1280,"height":966,"url":"https:\/\/funzine.hu\/wp-content\/uploads\/2025\/12\/szeged-hungary-1746144_1280.jpg","type":"image\/jpeg"}],"author":"Bodn\u00e1r Zsuzsa","twitter_card":"summary_large_image","twitter_creator":"@funzine","twitter_site":"@funzine","twitter_misc":{"Written by":"Bodn\u00e1r Zsuzsa","Est. reading time":"6 minut"},"schema":{"@context":"https:\/\/schema.org","@graph":[{"@type":"NewsArticle","@id":"https:\/\/funzine.hu\/sl\/2025\/12\/31\/potovanje\/9-carobnih-podezelskih-mest-kjer-lahko-uzivate-v-prijetnem-adventnem-sejmu-in-praznicnem-vzdusju\/#article","isPartOf":{"@id":"https:\/\/funzine.hu\/sl\/2025\/12\/31\/potovanje\/9-carobnih-podezelskih-mest-kjer-lahko-uzivate-v-prijetnem-adventnem-sejmu-in-praznicnem-vzdusju\/"},"author":{"name":"Bodn\u00e1r Zsuzsa","@id":"https:\/\/funzine.hu\/#\/schema\/person\/f3864a88f41183e8c3af70534ac28bb4"},"headline":"9 \u010darobnih pode\u017eelskih mest, kjer lahko u\u017eivate v prijetnem adventnem sejmu in prazni\u010dnem vzdu\u0161ju","datePublished":"2025-12-31T09:44:34+00:00","mainEntityOfPage":{"@id":"https:\/\/funzine.hu\/sl\/2025\/12\/31\/potovanje\/9-carobnih-podezelskih-mest-kjer-lahko-uzivate-v-prijetnem-adventnem-sejmu-in-praznicnem-vzdusju\/"},"wordCount":1151,"image":{"@id":"https:\/\/funzine.hu\/sl\/2025\/12\/31\/potovanje\/9-carobnih-podezelskih-mest-kjer-lahko-uzivate-v-prijetnem-adventnem-sejmu-in-praznicnem-vzdusju\/#primaryimage"},"thumbnailUrl":"https:\/\/funzine.hu\/wp-content\/uploads\/2025\/12\/szeged-hungary-1746144_1280.jpg","articleSection":["Potovanje"],"inLanguage":"sl-SI"},{"@type":"WebPage","@id":"https:\/\/funzine.hu\/sl\/2025\/12\/31\/potovanje\/9-carobnih-podezelskih-mest-kjer-lahko-uzivate-v-prijetnem-adventnem-sejmu-in-praznicnem-vzdusju\/","url":"https:\/\/funzine.hu\/sl\/2025\/12\/31\/potovanje\/9-carobnih-podezelskih-mest-kjer-lahko-uzivate-v-prijetnem-adventnem-sejmu-in-praznicnem-vzdusju\/","name":"9 \u010darobnih pode\u017eelskih mest, kjer lahko u\u017eivate v prijetnem adventnem sejmu in prazni\u010dnem vzdu\u0161ju","isPartOf":{"@id":"https:\/\/funzine.hu\/#website"},"primaryImageOfPage":{"@id":"https:\/\/funzine.hu\/sl\/2025\/12\/31\/potovanje\/9-carobnih-podezelskih-mest-kjer-lahko-uzivate-v-prijetnem-adventnem-sejmu-in-praznicnem-vzdusju\/#primaryimage"},"image":{"@id":"https:\/\/funzine.hu\/sl\/2025\/12\/31\/potovanje\/9-carobnih-podezelskih-mest-kjer-lahko-uzivate-v-prijetnem-adventnem-sejmu-in-praznicnem-vzdusju\/#primaryimage"},"thumbnailUrl":"https:\/\/funzine.hu\/wp-content\/uploads\/2025\/12\/szeged-hungary-1746144_1280.jpg","datePublished":"2025-12-31T09:44:34+00:00","author":{"@id":"https:\/\/funzine.hu\/#\/schema\/person\/f3864a88f41183e8c3af70534ac28bb4"},"breadcrumb":{"@id":"https:\/\/funzine.hu\/sl\/2025\/12\/31\/potovanje\/9-carobnih-podezelskih-mest-kjer-lahko-uzivate-v-prijetnem-adventnem-sejmu-in-praznicnem-vzdusju\/#breadcrumb"},"inLanguage":"sl-SI","potentialAction":[{"@type":"ReadAction","target":["https:\/\/funzine.hu\/sl\/2025\/12\/31\/potovanje\/9-carobnih-podezelskih-mest-kjer-lahko-uzivate-v-prijetnem-adventnem-sejmu-in-praznicnem-vzdusju\/"]}]},{"@type":"ImageObject","inLanguage":"sl-SI","@id":"https:\/\/funzine.hu\/sl\/2025\/12\/31\/potovanje\/9-carobnih-podezelskih-mest-kjer-lahko-uzivate-v-prijetnem-adventnem-sejmu-in-praznicnem-vzdusju\/#primaryimage","url":"https:\/\/funzine.hu\/wp-content\/uploads\/2025\/12\/szeged-hungary-1746144_1280.jpg","contentUrl":"https:\/\/funzine.hu\/wp-content\/uploads\/2025\/12\/szeged-hungary-1746144_1280.jpg","width":1280,"height":966,"caption":"ilustracija - pixabay.com"},{"@type":"BreadcrumbList","@id":"https:\/\/funzine.hu\/sl\/2025\/12\/31\/potovanje\/9-carobnih-podezelskih-mest-kjer-lahko-uzivate-v-prijetnem-adventnem-sejmu-in-praznicnem-vzdusju\/#breadcrumb","itemListElement":[{"@type":"ListItem","position":1,"name":"Home","item":"https:\/\/funzine.hu\/sl\/"},{"@type":"ListItem","position":2,"name":"9 \u010darobnih pode\u017eelskih mest, kjer lahko u\u017eivate v prijetnem adventnem sejmu in prazni\u010dnem vzdu\u0161ju"}]},{"@type":"WebSite","@id":"https:\/\/funzine.hu\/#website","url":"https:\/\/funzine.hu\/","name":"Funzine","description":"","potentialAction":[{"@type":"SearchAction","target":{"@type":"EntryPoint","urlTemplate":"https:\/\/funzine.hu\/?s={search_term_string}"},"query-input":{"@type":"PropertyValueSpecification","valueRequired":true,"valueName":"search_term_string"}}],"inLanguage":"sl-SI"},{"@type":"Person","@id":"https:\/\/funzine.hu\/#\/schema\/person\/f3864a88f41183e8c3af70534ac28bb4","name":"Bodn\u00e1r Zsuzsa","image":{"@type":"ImageObject","inLanguage":"sl-SI","@id":"https:\/\/secure.gravatar.com\/avatar\/3dac04a042bfb0c015d0f893ef5eb9cca9d966bb5795039862dafd8d2ab5d410?s=96&d=mm&r=g","url":"https:\/\/secure.gravatar.com\/avatar\/3dac04a042bfb0c015d0f893ef5eb9cca9d966bb5795039862dafd8d2ab5d410?s=96&d=mm&r=g","contentUrl":"https:\/\/secure.gravatar.com\/avatar\/3dac04a042bfb0c015d0f893ef5eb9cca9d966bb5795039862dafd8d2ab5d410?s=96&d=mm&r=g","caption":"Bodn\u00e1r Zsuzsa"},"url":"https:\/\/funzine.hu\/sl\/author\/bodnar-zsuzsa-1984\/"}]}},"amp_enabled":true,"_links":{"self":[{"href":"https:\/\/funzine.hu\/sl\/wp-json\/wp\/v2\/posts\/618203","targetHints":{"allow":["GET"]}}],"collection":[{"href":"https:\/\/funzine.hu\/sl\/wp-json\/wp\/v2\/posts"}],"about":[{"href":"https:\/\/funzine.hu\/sl\/wp-json\/wp\/v2\/types\/post"}],"author":[{"embeddable":true,"href":"https:\/\/funzine.hu\/sl\/wp-json\/wp\/v2\/users\/391"}],"replies":[{"embeddable":true,"href":"https:\/\/funzine.hu\/sl\/wp-json\/wp\/v2\/comments?post=618203"}],"version-history":[{"count":1,"href":"https:\/\/funzine.hu\/sl\/wp-json\/wp\/v2\/posts\/618203\/revisions"}],"predecessor-version":[{"id":618205,"href":"https:\/\/funzine.hu\/sl\/wp-json\/wp\/v2\/posts\/618203\/revisions\/618205"}],"wp:featuredmedia":[{"embeddable":true,"href":"https:\/\/funzine.hu\/sl\/wp-json\/wp\/v2\/media\/618204"}],"wp:attachment":[{"href":"https:\/\/funzine.hu\/sl\/wp-json\/wp\/v2\/media?parent=618203"}],"wp:term":[{"taxonomy":"category","embeddable":true,"href":"https:\/\/funzine.hu\/sl\/wp-json\/wp\/v2\/categories?post=618203"},{"taxonomy":"post_tag","embeddable":true,"href":"https:\/\/funzine.hu\/sl\/wp-json\/wp\/v2\/tags?post=618203"},{"taxonomy":"post_places","embeddable":true,"href":"https:\/\/funzine.hu\/sl\/wp-json\/wp\/v2\/post_places?post=618203"}],"curies":[{"name":"wp","href":"https:\/\/api.w.org\/{rel}","templated":true}]}}