{"id":618185,"date":"2025-12-30T14:39:40","date_gmt":"2025-12-30T13:39:40","guid":{"rendered":"https:\/\/funzine.hu\/?p=618185"},"modified":"2025-12-30T14:39:40","modified_gmt":"2025-12-30T13:39:40","slug":"5-praznicnih-miniaturnih-zeleznic-v-nasi-drzavi-ki-se-to-zimo-vijejo-skozi-pravljicne-pokrajine","status":"publish","type":"post","link":"https:\/\/funzine.hu\/sl\/2025\/12\/30\/potovanje\/5-praznicnih-miniaturnih-zeleznic-v-nasi-drzavi-ki-se-to-zimo-vijejo-skozi-pravljicne-pokrajine\/","title":{"rendered":"5 prazni\u010dnih miniaturnih \u017eeleznic v na\u0161i dr\u017eavi, ki se to zimo vijejo skozi pravlji\u010dne pokrajine"},"content":{"rendered":"<p>Najbolj priljubljena vozila v na\u0161i dr\u017eavi letos v zimo prina\u0161ajo \u0161tevilne dogodiv\u0161\u010dine \u2013 nekatera so se v \u010dast prihajajo\u010dega praznika celo ble\u0161\u010de\u010de okrasila! Tukaj je 5 prazni\u010dnih miniaturnih \u017eeleznic, za katere se bo v hladnih mesecih resni\u010dno spla\u010dalo kupiti vozovnico.<\/p>\n<figure id=\"attachment_618186\" aria-describedby=\"caption-attachment-618186\" style=\"width: 850px\" class=\"wp-caption aligncenter\"><img decoding=\"async\" class=\"size-funzine-large wp-image-618186\" src=\"https:\/\/funzine.hu\/wp-content\/uploads\/2025\/12\/narrow-gauge-railway-3119205_1280-1200x800.jpg\" alt=\"\" width=\"850\" height=\"567\" srcset=\"https:\/\/funzine.hu\/wp-content\/uploads\/2025\/12\/narrow-gauge-railway-3119205_1280-1200x800.jpg 1200w, https:\/\/funzine.hu\/wp-content\/uploads\/2025\/12\/narrow-gauge-railway-3119205_1280-300x200.jpg 300w, https:\/\/funzine.hu\/wp-content\/uploads\/2025\/12\/narrow-gauge-railway-3119205_1280-1024x682.jpg 1024w, https:\/\/funzine.hu\/wp-content\/uploads\/2025\/12\/narrow-gauge-railway-3119205_1280-768x512.jpg 768w, https:\/\/funzine.hu\/wp-content\/uploads\/2025\/12\/narrow-gauge-railway-3119205_1280-360x240.jpg 360w, https:\/\/funzine.hu\/wp-content\/uploads\/2025\/12\/narrow-gauge-railway-3119205_1280.jpg 1280w\" sizes=\"(max-width: 850px) 100vw, 850px\" \/><figcaption id=\"caption-attachment-618186\" class=\"wp-caption-text\">ilustracija &#8211; pixabay.com<\/figcaption><\/figure>\n<p>Bo\u017ei\u010dkov vlak Di\u00f3sgy\u0151r \/\/ Gozdna \u017eeleznica Lillaf\u00fcred (do 14. decembra 2025)<br \/>\nLillaf\u00fcred je odli\u010dna destinacija pozimi in poleti \u2013 dobra novica je, da se lahko \u0161e vedno peljemo z najve\u010djo adventno atrakcijo mesta, Bo\u017ei\u010dkovim vlakom Di\u00f3sgy\u0151r. Posebno vozilo bo do 14. decembra bren\u010dalo iz Miskolca-Di\u00f3sgy\u0151ra do pravlji\u010dnega kraljestva Lillaf\u00fcred, nato pa se bo gozdna \u017eeleznica Lillaf\u00fcred vrnila v svoj redni vozni red. Do\u017eivetij \u0161e vedno ne bo manjkalo: majhen vlakec, ki se potika po dolinah Szinva in Garadna, se najprej vije ob obali jezera H\u00e1mori, nato mimo starodavne kova\u010dnice \u00dajmassa, gojilnice postrvi in prispe v Garadno.<\/p>\n<p>+Nasveti za program:<br \/>\n\u010ce se \u017eelite malo podati na pohod, boste v Lillaf\u00fcredu na\u0161li, kar i\u0161\u010dete, tudi pozimi: tam je razgledna to\u010dka Zs\u00f3fia, ki razkriva zaklade dolin Szinva in Garadna, pustolovska jama Szeleta, legendarna skala Moln\u00e1r, \u010dudovit razgled na okolico pa lahko ob\u010dudujete celo z \u017ei\u010dnico.<\/p>\n<p>Lahki vlakci na budimpe\u0161tanski otro\u0161ki \u017eeleznici (do za\u010detka januarja 2026)<br \/>\nIkoni\u010dni parnik prestolnice \u017ee od leta 1948 vozi po budimskih hribih, od hriba Sz\u00e9chenyi preko Csilleb\u00e9rca do H\u0171v\u00f6sv\u00f6lgyja. Med ve\u010d kot 11 km dolgim toboganom otroci poskrbijo za nemoteno vo\u017enjo, Otro\u0161ka \u017eeleznica Sz\u00e9chenyi pa se je vpisala v Guinnessovo knjigo rekordov. Gozdna pustolov\u0161\u010dina je v adventnem \u010dasu \u0161e bolj \u010darobna, saj nekateri vagoni tradicionalno blestijo v prazni\u010dnem sijaju vse do za\u010detka januarja. Proga otro\u0161ke \u017eeleznice se nenehno gradi in krasi \u2013 pred odhodom si velja ogledati njihovo Facebook stran, saj ponujajo informacije o morebitnih spremembah voznega reda med vzdr\u017eevanjem prog.<\/p>\n<p>1121 Budimpe\u0161ta, Hegyh\u00e1t \u00fat<\/p>\n<p>+Nasveti za program:<br \/>\nPostanki Otro\u0161ke \u017eeleznice Sz\u00e9chenyi ne smejo manjkati na zimskem seznamu \u017eelja pohodnikov v naravi. Zima je \u017ee prispela v Normafo: lahko se sprehodimo po zasne\u017eeni pokrajini, \u010de si vzamemo odmor od kon\u010dne naglice in oble\u010demo topla obla\u010dila ter nedrse\u010de \u010devlje. Visoko nas \u010daka tudi zvezdni observatorij Sv\u00e1bhegyi s fantasti\u010dnimi programi in eteri\u010dnimi do\u017eivetji.<\/p>\n<p>Lahki vlak \/\/ Mala \u017eeleznica Balatonfenyves (do 6. januarja 2026)<br \/>\n\u017divljenje na obalah mad\u017earskega morja se pozimi pravzaprav ne ustavi! Tudi v hladnih mesecih edina majhna \u017eeleznica na Blatnem jezeru, med Balatonfenyvesom in Somogyszentp\u00e1lom ter Balatonfenyvesom in Csisztaf\u00fcrd\u0151om, \u0161e naprej brni. Do 6. januarja bo skozi regijo Nagyberek peljala tudi majhna \u017eeleznica, okra\u0161ena znotraj in zunaj, da se bomo lahko prepustili prazni\u010dnemu razpolo\u017eenju. Resni\u010dno se spla\u010da kupiti vozovnico za dizelski vlak na ju\u017eni obali, saj po\u010ditni\u0161ki raj med nenavadnim potovanjem poka\u017ee povsem nov obraz.<br \/>\n8646 Balatonfenyves, K\u00f6lcsey utca 9.<\/p>\n<p>+Nasveti za program:<br \/>\nZimska ponudba programa v Balatonfenyvesu ponuja ne\u0161teto razlogov za majhen zimski oddih: 19. decembra bo\u017ei\u010d v vasi ustvari prazni\u010dno vzdu\u0161je, leto pa kronata pe\u010denka pra\u0161i\u010dka in nogometni pokal na obali Blatnega jezera. Csiszta F\u00fcrd\u0151 ponuja do\u017eivetja ob vodi!<\/p>\n<p>Silvestrski izlet z mini \u017eeleznico po progi Zselici Cs\u00fch\u00f6g\u0151 (31. december 2025)<br \/>\nGozdna mini \u017eeleznica, ki poteka med Almamell\u00e9kom in Sasr\u00e9tom, trenutno u\u017eiva v zaslu\u017eenem zimskem premoru, a se bo na silvestrovo za eno jutro vrnila na tirnice. Med posebnim slovesom od leta nas bodo na poti v osr\u010dje gorovja Mecsek spremljali srebrni lipovi bukovi gozdovi, izviri, ribniki in zgodovinska naselja \u2013 pustolov\u0161\u010dina se za\u010dne ob 10. uri v Almamell\u00e9ku in tam kon\u010da uro in pol kasneje. Ali obstaja bolj\u0161i na\u010din, da se poslovite od starega leta?<br \/>\n7934 Almamell\u00e9k, R\u00e1k\u00f3czi utca 1\/A.<\/p>\n<p>+Nasveti za program:<br \/>\nMed \u010dakanjem na lahko \u017eeleznico se je vredno ustaviti pri postajni stavbi, kjer interaktivna razstava z modeli, digitalnimi vsebinami in interaktivnimi terenskimi mizami razkriva skrivnosti preteklosti. Med razstavo z naslovom Dedi\u0161\u010dina Biedermannov se lahko seznanimo z zgodovino lahke \u017eeleznice in vlogo vozila, ki je neko\u010d slu\u017eilo gozdarstvu in etnografskim namenom na posestvu Biedermann. In po potovanju z lahko \u017eeleznico, zakaj ne bi preizkusili proge za lokomotive na no\u017eni pogon!<\/p>\n<p>Gozdna \u017eeleznica Kir\u00e1lyr\u00e9ti<br \/>\nEna najstarej\u0161ih majhnih \u017eeleznic v dr\u017eavi razkriva slikovito pode\u017eelje B\u00f6rzs\u00f6nyja. Gozdna \u017eeleznica Kir\u00e1lyr\u00e9ti se pozimi odpravi na vikend izlet z ogrevanimi vagoni, da bi ustvarila nepozabne trenutke za dru\u017eino med Kismarosom in Kir\u00e1lyr\u00e9tom. \u010ceprav \u010das potovanja ni najdalj\u0161i, se zaradi \u010dudovitih razgledov na poti spla\u010da vanjo vkrcati.<br \/>\n2623 Kismaros, Szokolyai \u00fat 3.<\/p>\n<p>+Nasveti za program:<br \/>\nKo obi\u0161\u010dete Kir\u00e1lyr\u00e9t, se je vredno povzpeti in ob\u010dudovati megleno pokrajino in edinstvene skalne formacije \u2013 Nagy-Hideg-hegy in najvi\u0161ja to\u010dka B\u00f6rzs\u00f6nyja, Cs\u00f3v\u00e1nyos Point, sta kot nala\u0161\u010d za to.<\/p>\n","protected":false},"excerpt":{"rendered":"<p>Najbolj priljubljena vozila v na\u0161i dr\u017eavi letos v zimo prina\u0161ajo \u0161tevilne dogodiv\u0161\u010dine \u2013 nekatera so<\/p>\n","protected":false},"author":391,"featured_media":618186,"comment_status":"closed","ping_status":"closed","sticky":false,"template":"","format":"standard","meta":{"_acf_changed":false,"wprm-recipe-roundup-name":"","wprm-recipe-roundup-description":"","ngg_post_thumbnail":0,"footnotes":""},"categories":[14345],"tags":[],"post_places":[],"class_list":["post-618185","post","type-post","status-publish","format-standard","has-post-thumbnail","hentry","category-potovanje"],"acf":{"connected_places":"","del_image":""},"yoast_head":"<!-- This site is optimized with the Yoast SEO plugin v27.2 - https:\/\/yoast.com\/product\/yoast-seo-wordpress\/ -->\n<title>5 prazni\u010dnih miniaturnih \u017eeleznic v na\u0161i dr\u017eavi, ki se to zimo vijejo skozi pravlji\u010dne pokrajine<\/title>\n<meta name=\"robots\" content=\"index, follow, max-snippet:-1, max-image-preview:large, max-video-preview:-1\" \/>\n<link rel=\"canonical\" href=\"https:\/\/funzine.hu\/sl\/2025\/12\/30\/potovanje\/5-praznicnih-miniaturnih-zeleznic-v-nasi-drzavi-ki-se-to-zimo-vijejo-skozi-pravljicne-pokrajine\/\" \/>\n<meta property=\"og:locale\" content=\"sl_SI\" \/>\n<meta property=\"og:type\" content=\"article\" \/>\n<meta property=\"og:title\" content=\"5 prazni\u010dnih miniaturnih \u017eeleznic v na\u0161i dr\u017eavi, ki se to zimo vijejo skozi pravlji\u010dne pokrajine\" \/>\n<meta property=\"og:description\" content=\"Najbolj priljubljena vozila v na\u0161i dr\u017eavi letos v zimo prina\u0161ajo \u0161tevilne dogodiv\u0161\u010dine \u2013 nekatera so\" \/>\n<meta property=\"og:url\" content=\"https:\/\/funzine.hu\/sl\/2025\/12\/30\/potovanje\/5-praznicnih-miniaturnih-zeleznic-v-nasi-drzavi-ki-se-to-zimo-vijejo-skozi-pravljicne-pokrajine\/\" \/>\n<meta property=\"og:site_name\" content=\"Funzine\" \/>\n<meta property=\"article:publisher\" content=\"https:\/\/www.facebook.com\/funzine\/\" \/>\n<meta property=\"article:published_time\" content=\"2025-12-30T13:39:40+00:00\" \/>\n<meta property=\"og:image\" content=\"https:\/\/funzine.hu\/wp-content\/uploads\/2025\/12\/narrow-gauge-railway-3119205_1280.jpg\" \/>\n\t<meta property=\"og:image:width\" content=\"1280\" \/>\n\t<meta property=\"og:image:height\" content=\"853\" \/>\n\t<meta property=\"og:image:type\" content=\"image\/jpeg\" \/>\n<meta name=\"author\" content=\"Bodn\u00e1r Zsuzsa\" \/>\n<meta name=\"twitter:card\" content=\"summary_large_image\" \/>\n<meta name=\"twitter:creator\" content=\"@funzine\" \/>\n<meta name=\"twitter:site\" content=\"@funzine\" \/>\n<meta name=\"twitter:label1\" content=\"Written by\" \/>\n\t<meta name=\"twitter:data1\" content=\"Bodn\u00e1r Zsuzsa\" \/>\n\t<meta name=\"twitter:label2\" content=\"Est. reading time\" \/>\n\t<meta name=\"twitter:data2\" content=\"5 minut\" \/>\n<script type=\"application\/ld+json\" class=\"yoast-schema-graph\">{\"@context\":\"https:\/\/schema.org\",\"@graph\":[{\"@type\":\"NewsArticle\",\"@id\":\"https:\/\/funzine.hu\/sl\/2025\/12\/30\/potovanje\/5-praznicnih-miniaturnih-zeleznic-v-nasi-drzavi-ki-se-to-zimo-vijejo-skozi-pravljicne-pokrajine\/#article\",\"isPartOf\":{\"@id\":\"https:\/\/funzine.hu\/sl\/2025\/12\/30\/potovanje\/5-praznicnih-miniaturnih-zeleznic-v-nasi-drzavi-ki-se-to-zimo-vijejo-skozi-pravljicne-pokrajine\/\"},\"author\":{\"name\":\"Bodn\u00e1r Zsuzsa\",\"@id\":\"https:\/\/funzine.hu\/#\/schema\/person\/f3864a88f41183e8c3af70534ac28bb4\"},\"headline\":\"5 prazni\u010dnih miniaturnih \u017eeleznic v na\u0161i dr\u017eavi, ki se to zimo vijejo skozi pravlji\u010dne pokrajine\",\"datePublished\":\"2025-12-30T13:39:40+00:00\",\"mainEntityOfPage\":{\"@id\":\"https:\/\/funzine.hu\/sl\/2025\/12\/30\/potovanje\/5-praznicnih-miniaturnih-zeleznic-v-nasi-drzavi-ki-se-to-zimo-vijejo-skozi-pravljicne-pokrajine\/\"},\"wordCount\":859,\"image\":{\"@id\":\"https:\/\/funzine.hu\/sl\/2025\/12\/30\/potovanje\/5-praznicnih-miniaturnih-zeleznic-v-nasi-drzavi-ki-se-to-zimo-vijejo-skozi-pravljicne-pokrajine\/#primaryimage\"},\"thumbnailUrl\":\"https:\/\/funzine.hu\/wp-content\/uploads\/2025\/12\/narrow-gauge-railway-3119205_1280.jpg\",\"articleSection\":[\"Potovanje\"],\"inLanguage\":\"sl-SI\"},{\"@type\":\"WebPage\",\"@id\":\"https:\/\/funzine.hu\/sl\/2025\/12\/30\/potovanje\/5-praznicnih-miniaturnih-zeleznic-v-nasi-drzavi-ki-se-to-zimo-vijejo-skozi-pravljicne-pokrajine\/\",\"url\":\"https:\/\/funzine.hu\/sl\/2025\/12\/30\/potovanje\/5-praznicnih-miniaturnih-zeleznic-v-nasi-drzavi-ki-se-to-zimo-vijejo-skozi-pravljicne-pokrajine\/\",\"name\":\"5 prazni\u010dnih miniaturnih \u017eeleznic v na\u0161i dr\u017eavi, ki se to zimo vijejo skozi pravlji\u010dne pokrajine\",\"isPartOf\":{\"@id\":\"https:\/\/funzine.hu\/#website\"},\"primaryImageOfPage\":{\"@id\":\"https:\/\/funzine.hu\/sl\/2025\/12\/30\/potovanje\/5-praznicnih-miniaturnih-zeleznic-v-nasi-drzavi-ki-se-to-zimo-vijejo-skozi-pravljicne-pokrajine\/#primaryimage\"},\"image\":{\"@id\":\"https:\/\/funzine.hu\/sl\/2025\/12\/30\/potovanje\/5-praznicnih-miniaturnih-zeleznic-v-nasi-drzavi-ki-se-to-zimo-vijejo-skozi-pravljicne-pokrajine\/#primaryimage\"},\"thumbnailUrl\":\"https:\/\/funzine.hu\/wp-content\/uploads\/2025\/12\/narrow-gauge-railway-3119205_1280.jpg\",\"datePublished\":\"2025-12-30T13:39:40+00:00\",\"author\":{\"@id\":\"https:\/\/funzine.hu\/#\/schema\/person\/f3864a88f41183e8c3af70534ac28bb4\"},\"breadcrumb\":{\"@id\":\"https:\/\/funzine.hu\/sl\/2025\/12\/30\/potovanje\/5-praznicnih-miniaturnih-zeleznic-v-nasi-drzavi-ki-se-to-zimo-vijejo-skozi-pravljicne-pokrajine\/#breadcrumb\"},\"inLanguage\":\"sl-SI\",\"potentialAction\":[{\"@type\":\"ReadAction\",\"target\":[\"https:\/\/funzine.hu\/sl\/2025\/12\/30\/potovanje\/5-praznicnih-miniaturnih-zeleznic-v-nasi-drzavi-ki-se-to-zimo-vijejo-skozi-pravljicne-pokrajine\/\"]}]},{\"@type\":\"ImageObject\",\"inLanguage\":\"sl-SI\",\"@id\":\"https:\/\/funzine.hu\/sl\/2025\/12\/30\/potovanje\/5-praznicnih-miniaturnih-zeleznic-v-nasi-drzavi-ki-se-to-zimo-vijejo-skozi-pravljicne-pokrajine\/#primaryimage\",\"url\":\"https:\/\/funzine.hu\/wp-content\/uploads\/2025\/12\/narrow-gauge-railway-3119205_1280.jpg\",\"contentUrl\":\"https:\/\/funzine.hu\/wp-content\/uploads\/2025\/12\/narrow-gauge-railway-3119205_1280.jpg\",\"width\":1280,\"height\":853,\"caption\":\"ilustracija - pixabay.com\"},{\"@type\":\"BreadcrumbList\",\"@id\":\"https:\/\/funzine.hu\/sl\/2025\/12\/30\/potovanje\/5-praznicnih-miniaturnih-zeleznic-v-nasi-drzavi-ki-se-to-zimo-vijejo-skozi-pravljicne-pokrajine\/#breadcrumb\",\"itemListElement\":[{\"@type\":\"ListItem\",\"position\":1,\"name\":\"Home\",\"item\":\"https:\/\/funzine.hu\/sl\/\"},{\"@type\":\"ListItem\",\"position\":2,\"name\":\"5 prazni\u010dnih miniaturnih \u017eeleznic v na\u0161i dr\u017eavi, ki se to zimo vijejo skozi pravlji\u010dne pokrajine\"}]},{\"@type\":\"WebSite\",\"@id\":\"https:\/\/funzine.hu\/#website\",\"url\":\"https:\/\/funzine.hu\/\",\"name\":\"Funzine\",\"description\":\"\",\"potentialAction\":[{\"@type\":\"SearchAction\",\"target\":{\"@type\":\"EntryPoint\",\"urlTemplate\":\"https:\/\/funzine.hu\/?s={search_term_string}\"},\"query-input\":{\"@type\":\"PropertyValueSpecification\",\"valueRequired\":true,\"valueName\":\"search_term_string\"}}],\"inLanguage\":\"sl-SI\"},{\"@type\":\"Person\",\"@id\":\"https:\/\/funzine.hu\/#\/schema\/person\/f3864a88f41183e8c3af70534ac28bb4\",\"name\":\"Bodn\u00e1r Zsuzsa\",\"image\":{\"@type\":\"ImageObject\",\"inLanguage\":\"sl-SI\",\"@id\":\"https:\/\/secure.gravatar.com\/avatar\/3dac04a042bfb0c015d0f893ef5eb9cca9d966bb5795039862dafd8d2ab5d410?s=96&d=mm&r=g\",\"url\":\"https:\/\/secure.gravatar.com\/avatar\/3dac04a042bfb0c015d0f893ef5eb9cca9d966bb5795039862dafd8d2ab5d410?s=96&d=mm&r=g\",\"contentUrl\":\"https:\/\/secure.gravatar.com\/avatar\/3dac04a042bfb0c015d0f893ef5eb9cca9d966bb5795039862dafd8d2ab5d410?s=96&d=mm&r=g\",\"caption\":\"Bodn\u00e1r Zsuzsa\"},\"url\":\"https:\/\/funzine.hu\/sl\/author\/bodnar-zsuzsa-1984\/\"}]}<\/script>\n<!-- \/ Yoast SEO plugin. -->","yoast_head_json":{"title":"5 prazni\u010dnih miniaturnih \u017eeleznic v na\u0161i dr\u017eavi, ki se to zimo vijejo skozi pravlji\u010dne pokrajine","robots":{"index":"index","follow":"follow","max-snippet":"max-snippet:-1","max-image-preview":"max-image-preview:large","max-video-preview":"max-video-preview:-1"},"canonical":"https:\/\/funzine.hu\/sl\/2025\/12\/30\/potovanje\/5-praznicnih-miniaturnih-zeleznic-v-nasi-drzavi-ki-se-to-zimo-vijejo-skozi-pravljicne-pokrajine\/","og_locale":"sl_SI","og_type":"article","og_title":"5 prazni\u010dnih miniaturnih \u017eeleznic v na\u0161i dr\u017eavi, ki se to zimo vijejo skozi pravlji\u010dne pokrajine","og_description":"Najbolj priljubljena vozila v na\u0161i dr\u017eavi letos v zimo prina\u0161ajo \u0161tevilne dogodiv\u0161\u010dine \u2013 nekatera so","og_url":"https:\/\/funzine.hu\/sl\/2025\/12\/30\/potovanje\/5-praznicnih-miniaturnih-zeleznic-v-nasi-drzavi-ki-se-to-zimo-vijejo-skozi-pravljicne-pokrajine\/","og_site_name":"Funzine","article_publisher":"https:\/\/www.facebook.com\/funzine\/","article_published_time":"2025-12-30T13:39:40+00:00","og_image":[{"width":1280,"height":853,"url":"https:\/\/funzine.hu\/wp-content\/uploads\/2025\/12\/narrow-gauge-railway-3119205_1280.jpg","type":"image\/jpeg"}],"author":"Bodn\u00e1r Zsuzsa","twitter_card":"summary_large_image","twitter_creator":"@funzine","twitter_site":"@funzine","twitter_misc":{"Written by":"Bodn\u00e1r Zsuzsa","Est. reading time":"5 minut"},"schema":{"@context":"https:\/\/schema.org","@graph":[{"@type":"NewsArticle","@id":"https:\/\/funzine.hu\/sl\/2025\/12\/30\/potovanje\/5-praznicnih-miniaturnih-zeleznic-v-nasi-drzavi-ki-se-to-zimo-vijejo-skozi-pravljicne-pokrajine\/#article","isPartOf":{"@id":"https:\/\/funzine.hu\/sl\/2025\/12\/30\/potovanje\/5-praznicnih-miniaturnih-zeleznic-v-nasi-drzavi-ki-se-to-zimo-vijejo-skozi-pravljicne-pokrajine\/"},"author":{"name":"Bodn\u00e1r Zsuzsa","@id":"https:\/\/funzine.hu\/#\/schema\/person\/f3864a88f41183e8c3af70534ac28bb4"},"headline":"5 prazni\u010dnih miniaturnih \u017eeleznic v na\u0161i dr\u017eavi, ki se to zimo vijejo skozi pravlji\u010dne pokrajine","datePublished":"2025-12-30T13:39:40+00:00","mainEntityOfPage":{"@id":"https:\/\/funzine.hu\/sl\/2025\/12\/30\/potovanje\/5-praznicnih-miniaturnih-zeleznic-v-nasi-drzavi-ki-se-to-zimo-vijejo-skozi-pravljicne-pokrajine\/"},"wordCount":859,"image":{"@id":"https:\/\/funzine.hu\/sl\/2025\/12\/30\/potovanje\/5-praznicnih-miniaturnih-zeleznic-v-nasi-drzavi-ki-se-to-zimo-vijejo-skozi-pravljicne-pokrajine\/#primaryimage"},"thumbnailUrl":"https:\/\/funzine.hu\/wp-content\/uploads\/2025\/12\/narrow-gauge-railway-3119205_1280.jpg","articleSection":["Potovanje"],"inLanguage":"sl-SI"},{"@type":"WebPage","@id":"https:\/\/funzine.hu\/sl\/2025\/12\/30\/potovanje\/5-praznicnih-miniaturnih-zeleznic-v-nasi-drzavi-ki-se-to-zimo-vijejo-skozi-pravljicne-pokrajine\/","url":"https:\/\/funzine.hu\/sl\/2025\/12\/30\/potovanje\/5-praznicnih-miniaturnih-zeleznic-v-nasi-drzavi-ki-se-to-zimo-vijejo-skozi-pravljicne-pokrajine\/","name":"5 prazni\u010dnih miniaturnih \u017eeleznic v na\u0161i dr\u017eavi, ki se to zimo vijejo skozi pravlji\u010dne pokrajine","isPartOf":{"@id":"https:\/\/funzine.hu\/#website"},"primaryImageOfPage":{"@id":"https:\/\/funzine.hu\/sl\/2025\/12\/30\/potovanje\/5-praznicnih-miniaturnih-zeleznic-v-nasi-drzavi-ki-se-to-zimo-vijejo-skozi-pravljicne-pokrajine\/#primaryimage"},"image":{"@id":"https:\/\/funzine.hu\/sl\/2025\/12\/30\/potovanje\/5-praznicnih-miniaturnih-zeleznic-v-nasi-drzavi-ki-se-to-zimo-vijejo-skozi-pravljicne-pokrajine\/#primaryimage"},"thumbnailUrl":"https:\/\/funzine.hu\/wp-content\/uploads\/2025\/12\/narrow-gauge-railway-3119205_1280.jpg","datePublished":"2025-12-30T13:39:40+00:00","author":{"@id":"https:\/\/funzine.hu\/#\/schema\/person\/f3864a88f41183e8c3af70534ac28bb4"},"breadcrumb":{"@id":"https:\/\/funzine.hu\/sl\/2025\/12\/30\/potovanje\/5-praznicnih-miniaturnih-zeleznic-v-nasi-drzavi-ki-se-to-zimo-vijejo-skozi-pravljicne-pokrajine\/#breadcrumb"},"inLanguage":"sl-SI","potentialAction":[{"@type":"ReadAction","target":["https:\/\/funzine.hu\/sl\/2025\/12\/30\/potovanje\/5-praznicnih-miniaturnih-zeleznic-v-nasi-drzavi-ki-se-to-zimo-vijejo-skozi-pravljicne-pokrajine\/"]}]},{"@type":"ImageObject","inLanguage":"sl-SI","@id":"https:\/\/funzine.hu\/sl\/2025\/12\/30\/potovanje\/5-praznicnih-miniaturnih-zeleznic-v-nasi-drzavi-ki-se-to-zimo-vijejo-skozi-pravljicne-pokrajine\/#primaryimage","url":"https:\/\/funzine.hu\/wp-content\/uploads\/2025\/12\/narrow-gauge-railway-3119205_1280.jpg","contentUrl":"https:\/\/funzine.hu\/wp-content\/uploads\/2025\/12\/narrow-gauge-railway-3119205_1280.jpg","width":1280,"height":853,"caption":"ilustracija - pixabay.com"},{"@type":"BreadcrumbList","@id":"https:\/\/funzine.hu\/sl\/2025\/12\/30\/potovanje\/5-praznicnih-miniaturnih-zeleznic-v-nasi-drzavi-ki-se-to-zimo-vijejo-skozi-pravljicne-pokrajine\/#breadcrumb","itemListElement":[{"@type":"ListItem","position":1,"name":"Home","item":"https:\/\/funzine.hu\/sl\/"},{"@type":"ListItem","position":2,"name":"5 prazni\u010dnih miniaturnih \u017eeleznic v na\u0161i dr\u017eavi, ki se to zimo vijejo skozi pravlji\u010dne pokrajine"}]},{"@type":"WebSite","@id":"https:\/\/funzine.hu\/#website","url":"https:\/\/funzine.hu\/","name":"Funzine","description":"","potentialAction":[{"@type":"SearchAction","target":{"@type":"EntryPoint","urlTemplate":"https:\/\/funzine.hu\/?s={search_term_string}"},"query-input":{"@type":"PropertyValueSpecification","valueRequired":true,"valueName":"search_term_string"}}],"inLanguage":"sl-SI"},{"@type":"Person","@id":"https:\/\/funzine.hu\/#\/schema\/person\/f3864a88f41183e8c3af70534ac28bb4","name":"Bodn\u00e1r Zsuzsa","image":{"@type":"ImageObject","inLanguage":"sl-SI","@id":"https:\/\/secure.gravatar.com\/avatar\/3dac04a042bfb0c015d0f893ef5eb9cca9d966bb5795039862dafd8d2ab5d410?s=96&d=mm&r=g","url":"https:\/\/secure.gravatar.com\/avatar\/3dac04a042bfb0c015d0f893ef5eb9cca9d966bb5795039862dafd8d2ab5d410?s=96&d=mm&r=g","contentUrl":"https:\/\/secure.gravatar.com\/avatar\/3dac04a042bfb0c015d0f893ef5eb9cca9d966bb5795039862dafd8d2ab5d410?s=96&d=mm&r=g","caption":"Bodn\u00e1r Zsuzsa"},"url":"https:\/\/funzine.hu\/sl\/author\/bodnar-zsuzsa-1984\/"}]}},"amp_enabled":true,"_links":{"self":[{"href":"https:\/\/funzine.hu\/sl\/wp-json\/wp\/v2\/posts\/618185","targetHints":{"allow":["GET"]}}],"collection":[{"href":"https:\/\/funzine.hu\/sl\/wp-json\/wp\/v2\/posts"}],"about":[{"href":"https:\/\/funzine.hu\/sl\/wp-json\/wp\/v2\/types\/post"}],"author":[{"embeddable":true,"href":"https:\/\/funzine.hu\/sl\/wp-json\/wp\/v2\/users\/391"}],"replies":[{"embeddable":true,"href":"https:\/\/funzine.hu\/sl\/wp-json\/wp\/v2\/comments?post=618185"}],"version-history":[{"count":1,"href":"https:\/\/funzine.hu\/sl\/wp-json\/wp\/v2\/posts\/618185\/revisions"}],"predecessor-version":[{"id":618187,"href":"https:\/\/funzine.hu\/sl\/wp-json\/wp\/v2\/posts\/618185\/revisions\/618187"}],"wp:featuredmedia":[{"embeddable":true,"href":"https:\/\/funzine.hu\/sl\/wp-json\/wp\/v2\/media\/618186"}],"wp:attachment":[{"href":"https:\/\/funzine.hu\/sl\/wp-json\/wp\/v2\/media?parent=618185"}],"wp:term":[{"taxonomy":"category","embeddable":true,"href":"https:\/\/funzine.hu\/sl\/wp-json\/wp\/v2\/categories?post=618185"},{"taxonomy":"post_tag","embeddable":true,"href":"https:\/\/funzine.hu\/sl\/wp-json\/wp\/v2\/tags?post=618185"},{"taxonomy":"post_places","embeddable":true,"href":"https:\/\/funzine.hu\/sl\/wp-json\/wp\/v2\/post_places?post=618185"}],"curies":[{"name":"wp","href":"https:\/\/api.w.org\/{rel}","templated":true}]}}