{"id":617954,"date":"2025-12-19T15:58:32","date_gmt":"2025-12-19T14:58:32","guid":{"rendered":"https:\/\/funzine.hu\/?p=617954"},"modified":"2025-12-19T15:58:32","modified_gmt":"2025-12-19T14:58:32","slug":"advent-v-budi-15-velicastnih-programov-in-lokacij-ki-bodo-pricarale-carobnost-praznikov","status":"publish","type":"post","link":"https:\/\/funzine.hu\/sl\/2025\/12\/19\/potovanje\/advent-v-budi-15-velicastnih-programov-in-lokacij-ki-bodo-pricarale-carobnost-praznikov\/","title":{"rendered":"Advent v Budi: 15 veli\u010dastnih programov in lokacij, ki bodo pri\u010darale \u010darobnost praznikov"},"content":{"rendered":"<p>Vabimo vas v Budo, da ne zamudite prazni\u010dnih programov v preostalem adventnem \u010dasu: \u010dakajo vas brezpla\u010dni adventni in bo\u017ei\u010dni koncerti, tr\u017enice in sejmi, polni daril, posebne predstave in razstave.<\/p>\n<p>Projekt B\u00edbola \/\/ Bart\u00f3k Pagony (20. december 2025)<br \/>\n20. decembra bodo imeli vsi mal\u010dki in njihovi star\u0161i prostor v Bart\u00f3k Pagony, kjer se bodo otroci do 3. leta starosti lahko udele\u017eili adventne in bo\u017ei\u010dne gledali\u0161ke predstave za dojen\u010dke in mal\u010dke v okviru projekta B\u00edbola. Predstava je izvedena po principu Montessori in z ustvarjalno uporabo orodij, ki se uporabljajo doma.<\/p>\n<p>Adventni koncert na tr\u017enici F\u00e9ny (20. december 2025)<br \/>\n20. decembra bo tr\u017enica F\u00e9ny preplavljena z melodijami, ki jih igrajo na lokalnem klavirju, in ne smemo oklevati \u2013 stopimo iz nakupovalne mrzlice, se za trenutek ustavimo in se prepustimo nepozabni glasbeni izku\u0161nji, ki vam bo zagotovo prinesla prazni\u010dno razpolo\u017eenje.<\/p>\n<p>Ne zamudite niti brezpla\u010dne svetlobne predstave na gradu Buda:<br \/>\nBrezpla\u010dna svetlobna predstava in predstava z droni bosta kmalu osvetlila srce okro\u017eja gradu Buda<br \/>\nOkro\u017eje gradu Buda \u0161e ni videlo \u010desa takega: na pro\u010delju Mad\u017earske narodne galerije se bo kmalu za\u010dela adventna svetlobna predstava!<\/p>\n<p>Tkani bo\u017ei\u010d \/\/ Zbirka tekstila Goldberger (20. december 2025)<br \/>\nOd tekstilnih spomenikov zgodnjekr\u0161\u010danske umetnosti do tapiserij 21. stoletja se bo\u017ei\u010dni prazni\u010dni \u010das vedno pojavi v neki obliki, le upodobitev se spreminja iz obdobja v obdobje. Predstavitev z naslovom Tkani bo\u017ei\u010d ponuja vpogled v raznolike namene tekstilij in njihovo edinstveno vlogo v umetni\u0161kem upodabljanju. Med projiciranim potovanjem skozi \u010das lahko spremljamo spreminjajo\u010de se upodobitve prizorov, ki se ujemajo s temo bo\u017ei\u010da iz obdobja v obdobje, in tekstilne \u010dude\u017ee, ki so nastajale skozi stoletja.<\/p>\n<p>Kraljevi bo\u017ei\u010d \u2013 voden sprehod (20., 23., 27., 28. december 2025)<br \/>\nDecembra, pred in po praznikih, bomo imeli na sprehodu Delavnica sprehoda prilo\u017enost spoznati, kak\u0161en je pravi kraljevi bo\u017ei\u010d. Tokrat bo lokacija Budimski grad, kjer nam pravlji\u010dne lokacije in nekdanji ljudski obi\u010daji bo\u017ei\u010da pomagajo spoznati, kako so praznovali kraljevi otroci. Medtem ko mal\u010dki i\u0161\u010dejo sledi bo\u017ei\u010dnega vilinca, odraslim pripovedujejo nenavadne zgodbe o tem, kako je v preteklih stoletjih praznoval vi\u0161ji sloj.<\/p>\n<p>Koncerti v Matijevi cerkvi (20. in 27. december 2025)<br \/>\nV duhu bo\u017ei\u010da bodo Judit Faludi, Armand Kautzky, Kriszti\u00e1n Szenthelyi, Mih\u00e1ly Demeniv, Csaba Czenke in Komorni ansambel T\u2019ensemble 20. decembra v impozantni Matja\u017eevi cerkvi pripravili skupni koncert z naslovom Glasba in literatura. 27. decembra bomo lahko okusili bo\u017ei\u010dni koncert Komornega orkestra Mad\u017earski virtuozi, na katerem bosta nastopila tudi Kriszti\u00e1n Szenthelyi in Mikl\u00f3s Szenthelyi.<\/p>\n<p>Market Makers\u2019 \/\/ konferen\u010dni center Vill\u00e1nyi \u00fat (21. december 2025)<br \/>\nVsi razstavljavci na Makers\u2019 Market se \u017ee navdu\u0161eno pripravljajo na praznike, zato bo dogodek, ki bo 21. decembra, pri\u010dakal tudi obiskovalce s tem prijetnim bo\u017ei\u010dnim vzdu\u0161jem v konferen\u010dnem centru Vill\u00e1nyi \u00fat. Na zimskem prizori\u0161\u010du lahko izbiramo med \u010dudovitimi izdelki ve\u010d kot 70 ustvarjalcev, od \u010dudovite keramike do ble\u0161\u010de\u010dega nakita in dobrot proizvajalcev, zapakiranih s srcem in du\u0161o.<\/p>\n<figure id=\"attachment_617955\" aria-describedby=\"caption-attachment-617955\" style=\"width: 850px\" class=\"wp-caption aligncenter\"><img decoding=\"async\" class=\"size-funzine-large wp-image-617955\" src=\"https:\/\/funzine.hu\/wp-content\/uploads\/2025\/12\/advent-wreath-3853579_1280-1200x780.jpg\" alt=\"\" width=\"850\" height=\"553\" srcset=\"https:\/\/funzine.hu\/wp-content\/uploads\/2025\/12\/advent-wreath-3853579_1280-1200x780.jpg 1200w, https:\/\/funzine.hu\/wp-content\/uploads\/2025\/12\/advent-wreath-3853579_1280-300x195.jpg 300w, https:\/\/funzine.hu\/wp-content\/uploads\/2025\/12\/advent-wreath-3853579_1280-1024x666.jpg 1024w, https:\/\/funzine.hu\/wp-content\/uploads\/2025\/12\/advent-wreath-3853579_1280-768x499.jpg 768w, https:\/\/funzine.hu\/wp-content\/uploads\/2025\/12\/advent-wreath-3853579_1280-100x65.jpg 100w, https:\/\/funzine.hu\/wp-content\/uploads\/2025\/12\/advent-wreath-3853579_1280.jpg 1280w\" sizes=\"(max-width: 850px) 100vw, 850px\" \/><figcaption id=\"caption-attachment-617955\" class=\"wp-caption-text\">ilustracija &#8211; pixabay.com<\/figcaption><\/figure>\n<p>POKET Bo\u017ei\u010d \/\/ MOMKult (21. december 2025)<br \/>\nLetos bo ekipa POKET Pocket Books 21. decembra gostila celodnevni bo\u017ei\u010dni festival za tiste, ki i\u0161\u010dejo mir in ti\u0161ino v MOMKultu. \u010cez dan bomo lahko pri\u010da igri s kartami v kombinaciji s pripovedovanjem zgodb: Zoli Beck in Mikl\u00f3s H. Vecsei bosta obujala spomin, pesem ali pesem in jih vpletla v poseben odrski nastop. Poleg tega se lahko udele\u017eimo velikega koncerta salona Cso\u00f3ri, predstavitve knjige K\u00f6zel lenni, na voljo pa bo tudi bo\u017ei\u010dna tr\u017enica in POKET kviz.<\/p>\n<p>Brezpla\u010den bo\u017ei\u010dni koncert na ulici F\u0151 \/\/ cerkev sv. Fran\u010di\u0161ka Asi\u0161kega (21. december 2025)<br \/>\nLetos bo brezpla\u010dni prazni\u010dni koncert cerkve sv. Fran\u010di\u0161ka Asi\u0161kega potekal \u017ee \u010detrti\u010d. 21. decembra ob 19. uri bomo imeli prilo\u017enost, da se nekoliko umirimo, umirimo in skupaj do\u017eivimo lepoto bo\u017ei\u010da, med drugim ob delih H\u00e4ndla, Bizeta in Schuberta. Koncert bo prilo\u017enost za donacijo domu za starej\u0161e na ulici F\u0151 Malte\u0161ke dobrodelne slu\u017ebe.<\/p>\n<p>Resni\u010dna ljubezen \/\/ Kino Bem (21., 22. in 23. december 2025)<br \/>\n21., 22. in 23. decembra se lahko v kinu Bem lotimo priprav na praznike s pravo klasiko, ki je ne smete zamuditi. Gonilna sila filma Resni\u010dna ljubezen je ljubezen, pa naj se zgodi na prvi pogled ali pa je le neusli\u0161ana, ne glede na rang, starost ali zakonski stan.<\/p>\n<p>Advent v Starem Budimu \/\/ Glavni trg (do 23. decembra 2025)<br \/>\nPriljubljena serija adventnih dogodkov v Starem Budimu, ki je priljubljena med mnogimi, \u010daka tiste, ki si \u017eelijo ogledati prazni\u010dne programe in u\u017eivati v njih, vse do 23. decembra 2025. Letos bodo zainteresirane pri\u010dakali brezpla\u010dni vikend koncerti, priljubljena hi\u0161a Bo\u017ei\u010dka in Bo\u017ei\u010dka ter adventna tr\u017enica, seveda pa ne bodo izpu\u0161\u010dene tudi gastronomske dobrote. Poleg vsega tega v okro\u017eju delujeta tudi dve brezpla\u010dni drsali\u0161\u010du, na Glavnem trgu in na skupnostnem trgu tr\u017enice B\u00e9k\u00e1smegyeri.<\/p>\n<p>Advent v gorski regiji (do 23. decembra 2025)<br \/>\nV 12. okro\u017eju nas do 23. decembra \u010daka prisr\u010dna adventna tr\u017enica, kjer so pripravljeni glasbeno-scenski programi za mlade in stare, potopimo pa se lahko tudi v vrtinec \u010dudovitih bo\u017ei\u010dnih lu\u010di, vrtiljaka, Bo\u017ei\u010dkovih sani ter veli\u010dastne hrane in pija\u010de.<\/p>\n<p>Advent na bulvarju Bart\u00f3k B\u00e9la (do 24. decembra 2025)<br \/>\nBart\u00f3kovo \u010detrt se spla\u010da obiskati do bo\u017ei\u010da, saj vas do 24. decembra na najbolj vznemirljivih lokacijah v \u010detrti \u010daka vrsta \u010darobnih adventnih programov. Udele\u017eite se lahko prazni\u010dnega dobrodelnega sejma, degustacije kave, predstavitve vina, razi\u0161\u010dete razli\u010dne pop-up stojnice, ogledati pa si je vredno tudi sejem likovne umetnosti v galeriji Resident Art.<\/p>\n<p>Bo\u017ei\u010dni koncert Kal\u00e1ka \/\/ Kulturni center na trgu Marczib\u00e1nyi (25. december 2025)<br \/>\nAnsambel Kal\u00e1ka vas 25. decembra vabi na fantasti\u010den prazni\u010dni akusti\u010dni koncert v Kulturnem centru na trgu Marczib\u00e1nyi, kjer hkrati o\u017eivita glasba in poezija. Na bo\u017ei\u010dnem nastopu bo nastopil tudi stari, \u010dastni \u010dlan Kal\u00e1ke, P\u00e9ter Huzella, ki je delo ansambla obogatil s ne\u0161tetimi \u010dudovitimi pesmimi.<\/p>\n<p>Budapest Advent \/\/ Trg Trojice (do 4. januarja 2026)<br \/>\nNa Trgu Trojice pripravljajo izjemno adventno vzdu\u0161je in programe, kjer bodo privla\u010dni ro\u010dni izdelki, okusni prigrizki in tople prazni\u010dne pija\u010de zagotovo navdu\u0161ili vse. Potopljeni v \u010dudovito zgodovinsko okolje in panoramo Donave lahko do\u017eivimo intimnost prihajajo\u010dega praznika in se prepustimo \u010darobnemu vrtincu \u010dudovito zvene\u010dih bo\u017ei\u010dnih pesmi in prisr\u010dnih dru\u017einskih dogodkov.<\/p>\n<p>Adventni koledar \u2013 razstava grafi\u010dne umetnice Kinge Rofusz \/\/ Kulturni dvorec Klebelsberg (do 11. januarja 2026)<br \/>\nKinga Rofusz je ena najbolj izvirnih ilustratork na\u0161e dr\u017eave, katere slike si lahko ogledate v dvorcu Klebelsberg do 11. januarja. Njene razstavljene ilustracije so povezane s prazniki in pri\u010dakovanjem praznikov, ki jih je ustvarila za zbirko z naslovom Adventni koledar. Vizualno izku\u0161njo dopolnjujejo pesmi Anne T. Szab\u00f3, ki ustvarjajo popolno bo\u017ei\u010dno vzdu\u0161je.<\/p>\n","protected":false},"excerpt":{"rendered":"<p>Vabimo vas v Budo, da ne zamudite prazni\u010dnih programov v preostalem adventnem \u010dasu: \u010dakajo vas<\/p>\n","protected":false},"author":391,"featured_media":617955,"comment_status":"closed","ping_status":"closed","sticky":false,"template":"","format":"standard","meta":{"_acf_changed":false,"wprm-recipe-roundup-name":"","wprm-recipe-roundup-description":"","ngg_post_thumbnail":0,"footnotes":""},"categories":[14345],"tags":[],"post_places":[],"class_list":["post-617954","post","type-post","status-publish","format-standard","has-post-thumbnail","hentry","category-potovanje"],"acf":{"connected_places":"","del_image":""},"yoast_head":"<!-- This site is optimized with the Yoast SEO plugin v27.2 - https:\/\/yoast.com\/product\/yoast-seo-wordpress\/ -->\n<title>Advent v Budi: 15 veli\u010dastnih programov in lokacij, ki bodo pri\u010darale \u010darobnost praznikov<\/title>\n<meta name=\"robots\" content=\"index, follow, max-snippet:-1, max-image-preview:large, max-video-preview:-1\" \/>\n<link rel=\"canonical\" href=\"https:\/\/funzine.hu\/sl\/2025\/12\/19\/potovanje\/advent-v-budi-15-velicastnih-programov-in-lokacij-ki-bodo-pricarale-carobnost-praznikov\/\" \/>\n<meta property=\"og:locale\" content=\"sl_SI\" \/>\n<meta property=\"og:type\" content=\"article\" \/>\n<meta property=\"og:title\" content=\"Advent v Budi: 15 veli\u010dastnih programov in lokacij, ki bodo pri\u010darale \u010darobnost praznikov\" \/>\n<meta property=\"og:description\" content=\"Vabimo vas v Budo, da ne zamudite prazni\u010dnih programov v preostalem adventnem \u010dasu: \u010dakajo vas\" \/>\n<meta property=\"og:url\" content=\"https:\/\/funzine.hu\/sl\/2025\/12\/19\/potovanje\/advent-v-budi-15-velicastnih-programov-in-lokacij-ki-bodo-pricarale-carobnost-praznikov\/\" \/>\n<meta property=\"og:site_name\" content=\"Funzine\" \/>\n<meta property=\"article:publisher\" content=\"https:\/\/www.facebook.com\/funzine\/\" \/>\n<meta property=\"article:published_time\" content=\"2025-12-19T14:58:32+00:00\" \/>\n<meta property=\"og:image\" content=\"https:\/\/funzine.hu\/wp-content\/uploads\/2025\/12\/advent-wreath-3853579_1280.jpg\" \/>\n\t<meta property=\"og:image:width\" content=\"1280\" \/>\n\t<meta property=\"og:image:height\" content=\"832\" \/>\n\t<meta property=\"og:image:type\" content=\"image\/jpeg\" \/>\n<meta name=\"author\" content=\"Bodn\u00e1r Zsuzsa\" \/>\n<meta name=\"twitter:card\" content=\"summary_large_image\" \/>\n<meta name=\"twitter:creator\" content=\"@funzine\" \/>\n<meta name=\"twitter:site\" content=\"@funzine\" \/>\n<meta name=\"twitter:label1\" content=\"Written by\" \/>\n\t<meta name=\"twitter:data1\" content=\"Bodn\u00e1r Zsuzsa\" \/>\n\t<meta name=\"twitter:label2\" content=\"Est. reading time\" \/>\n\t<meta name=\"twitter:data2\" content=\"7 minut\" \/>\n<script type=\"application\/ld+json\" class=\"yoast-schema-graph\">{\"@context\":\"https:\/\/schema.org\",\"@graph\":[{\"@type\":\"NewsArticle\",\"@id\":\"https:\/\/funzine.hu\/sl\/2025\/12\/19\/potovanje\/advent-v-budi-15-velicastnih-programov-in-lokacij-ki-bodo-pricarale-carobnost-praznikov\/#article\",\"isPartOf\":{\"@id\":\"https:\/\/funzine.hu\/sl\/2025\/12\/19\/potovanje\/advent-v-budi-15-velicastnih-programov-in-lokacij-ki-bodo-pricarale-carobnost-praznikov\/\"},\"author\":{\"name\":\"Bodn\u00e1r Zsuzsa\",\"@id\":\"https:\/\/funzine.hu\/#\/schema\/person\/f3864a88f41183e8c3af70534ac28bb4\"},\"headline\":\"Advent v Budi: 15 veli\u010dastnih programov in lokacij, ki bodo pri\u010darale \u010darobnost praznikov\",\"datePublished\":\"2025-12-19T14:58:32+00:00\",\"mainEntityOfPage\":{\"@id\":\"https:\/\/funzine.hu\/sl\/2025\/12\/19\/potovanje\/advent-v-budi-15-velicastnih-programov-in-lokacij-ki-bodo-pricarale-carobnost-praznikov\/\"},\"wordCount\":1182,\"image\":{\"@id\":\"https:\/\/funzine.hu\/sl\/2025\/12\/19\/potovanje\/advent-v-budi-15-velicastnih-programov-in-lokacij-ki-bodo-pricarale-carobnost-praznikov\/#primaryimage\"},\"thumbnailUrl\":\"https:\/\/funzine.hu\/wp-content\/uploads\/2025\/12\/advent-wreath-3853579_1280.jpg\",\"articleSection\":[\"Potovanje\"],\"inLanguage\":\"sl-SI\"},{\"@type\":\"WebPage\",\"@id\":\"https:\/\/funzine.hu\/sl\/2025\/12\/19\/potovanje\/advent-v-budi-15-velicastnih-programov-in-lokacij-ki-bodo-pricarale-carobnost-praznikov\/\",\"url\":\"https:\/\/funzine.hu\/sl\/2025\/12\/19\/potovanje\/advent-v-budi-15-velicastnih-programov-in-lokacij-ki-bodo-pricarale-carobnost-praznikov\/\",\"name\":\"Advent v Budi: 15 veli\u010dastnih programov in lokacij, ki bodo pri\u010darale \u010darobnost praznikov\",\"isPartOf\":{\"@id\":\"https:\/\/funzine.hu\/#website\"},\"primaryImageOfPage\":{\"@id\":\"https:\/\/funzine.hu\/sl\/2025\/12\/19\/potovanje\/advent-v-budi-15-velicastnih-programov-in-lokacij-ki-bodo-pricarale-carobnost-praznikov\/#primaryimage\"},\"image\":{\"@id\":\"https:\/\/funzine.hu\/sl\/2025\/12\/19\/potovanje\/advent-v-budi-15-velicastnih-programov-in-lokacij-ki-bodo-pricarale-carobnost-praznikov\/#primaryimage\"},\"thumbnailUrl\":\"https:\/\/funzine.hu\/wp-content\/uploads\/2025\/12\/advent-wreath-3853579_1280.jpg\",\"datePublished\":\"2025-12-19T14:58:32+00:00\",\"author\":{\"@id\":\"https:\/\/funzine.hu\/#\/schema\/person\/f3864a88f41183e8c3af70534ac28bb4\"},\"breadcrumb\":{\"@id\":\"https:\/\/funzine.hu\/sl\/2025\/12\/19\/potovanje\/advent-v-budi-15-velicastnih-programov-in-lokacij-ki-bodo-pricarale-carobnost-praznikov\/#breadcrumb\"},\"inLanguage\":\"sl-SI\",\"potentialAction\":[{\"@type\":\"ReadAction\",\"target\":[\"https:\/\/funzine.hu\/sl\/2025\/12\/19\/potovanje\/advent-v-budi-15-velicastnih-programov-in-lokacij-ki-bodo-pricarale-carobnost-praznikov\/\"]}]},{\"@type\":\"ImageObject\",\"inLanguage\":\"sl-SI\",\"@id\":\"https:\/\/funzine.hu\/sl\/2025\/12\/19\/potovanje\/advent-v-budi-15-velicastnih-programov-in-lokacij-ki-bodo-pricarale-carobnost-praznikov\/#primaryimage\",\"url\":\"https:\/\/funzine.hu\/wp-content\/uploads\/2025\/12\/advent-wreath-3853579_1280.jpg\",\"contentUrl\":\"https:\/\/funzine.hu\/wp-content\/uploads\/2025\/12\/advent-wreath-3853579_1280.jpg\",\"width\":1280,\"height\":832,\"caption\":\"ilustracija - pixabay.com\"},{\"@type\":\"BreadcrumbList\",\"@id\":\"https:\/\/funzine.hu\/sl\/2025\/12\/19\/potovanje\/advent-v-budi-15-velicastnih-programov-in-lokacij-ki-bodo-pricarale-carobnost-praznikov\/#breadcrumb\",\"itemListElement\":[{\"@type\":\"ListItem\",\"position\":1,\"name\":\"Home\",\"item\":\"https:\/\/funzine.hu\/sl\/\"},{\"@type\":\"ListItem\",\"position\":2,\"name\":\"Advent v Budi: 15 veli\u010dastnih programov in lokacij, ki bodo pri\u010darale \u010darobnost praznikov\"}]},{\"@type\":\"WebSite\",\"@id\":\"https:\/\/funzine.hu\/#website\",\"url\":\"https:\/\/funzine.hu\/\",\"name\":\"Funzine\",\"description\":\"\",\"potentialAction\":[{\"@type\":\"SearchAction\",\"target\":{\"@type\":\"EntryPoint\",\"urlTemplate\":\"https:\/\/funzine.hu\/?s={search_term_string}\"},\"query-input\":{\"@type\":\"PropertyValueSpecification\",\"valueRequired\":true,\"valueName\":\"search_term_string\"}}],\"inLanguage\":\"sl-SI\"},{\"@type\":\"Person\",\"@id\":\"https:\/\/funzine.hu\/#\/schema\/person\/f3864a88f41183e8c3af70534ac28bb4\",\"name\":\"Bodn\u00e1r Zsuzsa\",\"image\":{\"@type\":\"ImageObject\",\"inLanguage\":\"sl-SI\",\"@id\":\"https:\/\/secure.gravatar.com\/avatar\/3dac04a042bfb0c015d0f893ef5eb9cca9d966bb5795039862dafd8d2ab5d410?s=96&d=mm&r=g\",\"url\":\"https:\/\/secure.gravatar.com\/avatar\/3dac04a042bfb0c015d0f893ef5eb9cca9d966bb5795039862dafd8d2ab5d410?s=96&d=mm&r=g\",\"contentUrl\":\"https:\/\/secure.gravatar.com\/avatar\/3dac04a042bfb0c015d0f893ef5eb9cca9d966bb5795039862dafd8d2ab5d410?s=96&d=mm&r=g\",\"caption\":\"Bodn\u00e1r Zsuzsa\"},\"url\":\"https:\/\/funzine.hu\/sl\/author\/bodnar-zsuzsa-1984\/\"}]}<\/script>\n<!-- \/ Yoast SEO plugin. -->","yoast_head_json":{"title":"Advent v Budi: 15 veli\u010dastnih programov in lokacij, ki bodo pri\u010darale \u010darobnost praznikov","robots":{"index":"index","follow":"follow","max-snippet":"max-snippet:-1","max-image-preview":"max-image-preview:large","max-video-preview":"max-video-preview:-1"},"canonical":"https:\/\/funzine.hu\/sl\/2025\/12\/19\/potovanje\/advent-v-budi-15-velicastnih-programov-in-lokacij-ki-bodo-pricarale-carobnost-praznikov\/","og_locale":"sl_SI","og_type":"article","og_title":"Advent v Budi: 15 veli\u010dastnih programov in lokacij, ki bodo pri\u010darale \u010darobnost praznikov","og_description":"Vabimo vas v Budo, da ne zamudite prazni\u010dnih programov v preostalem adventnem \u010dasu: \u010dakajo vas","og_url":"https:\/\/funzine.hu\/sl\/2025\/12\/19\/potovanje\/advent-v-budi-15-velicastnih-programov-in-lokacij-ki-bodo-pricarale-carobnost-praznikov\/","og_site_name":"Funzine","article_publisher":"https:\/\/www.facebook.com\/funzine\/","article_published_time":"2025-12-19T14:58:32+00:00","og_image":[{"width":1280,"height":832,"url":"https:\/\/funzine.hu\/wp-content\/uploads\/2025\/12\/advent-wreath-3853579_1280.jpg","type":"image\/jpeg"}],"author":"Bodn\u00e1r Zsuzsa","twitter_card":"summary_large_image","twitter_creator":"@funzine","twitter_site":"@funzine","twitter_misc":{"Written by":"Bodn\u00e1r Zsuzsa","Est. reading time":"7 minut"},"schema":{"@context":"https:\/\/schema.org","@graph":[{"@type":"NewsArticle","@id":"https:\/\/funzine.hu\/sl\/2025\/12\/19\/potovanje\/advent-v-budi-15-velicastnih-programov-in-lokacij-ki-bodo-pricarale-carobnost-praznikov\/#article","isPartOf":{"@id":"https:\/\/funzine.hu\/sl\/2025\/12\/19\/potovanje\/advent-v-budi-15-velicastnih-programov-in-lokacij-ki-bodo-pricarale-carobnost-praznikov\/"},"author":{"name":"Bodn\u00e1r Zsuzsa","@id":"https:\/\/funzine.hu\/#\/schema\/person\/f3864a88f41183e8c3af70534ac28bb4"},"headline":"Advent v Budi: 15 veli\u010dastnih programov in lokacij, ki bodo pri\u010darale \u010darobnost praznikov","datePublished":"2025-12-19T14:58:32+00:00","mainEntityOfPage":{"@id":"https:\/\/funzine.hu\/sl\/2025\/12\/19\/potovanje\/advent-v-budi-15-velicastnih-programov-in-lokacij-ki-bodo-pricarale-carobnost-praznikov\/"},"wordCount":1182,"image":{"@id":"https:\/\/funzine.hu\/sl\/2025\/12\/19\/potovanje\/advent-v-budi-15-velicastnih-programov-in-lokacij-ki-bodo-pricarale-carobnost-praznikov\/#primaryimage"},"thumbnailUrl":"https:\/\/funzine.hu\/wp-content\/uploads\/2025\/12\/advent-wreath-3853579_1280.jpg","articleSection":["Potovanje"],"inLanguage":"sl-SI"},{"@type":"WebPage","@id":"https:\/\/funzine.hu\/sl\/2025\/12\/19\/potovanje\/advent-v-budi-15-velicastnih-programov-in-lokacij-ki-bodo-pricarale-carobnost-praznikov\/","url":"https:\/\/funzine.hu\/sl\/2025\/12\/19\/potovanje\/advent-v-budi-15-velicastnih-programov-in-lokacij-ki-bodo-pricarale-carobnost-praznikov\/","name":"Advent v Budi: 15 veli\u010dastnih programov in lokacij, ki bodo pri\u010darale \u010darobnost praznikov","isPartOf":{"@id":"https:\/\/funzine.hu\/#website"},"primaryImageOfPage":{"@id":"https:\/\/funzine.hu\/sl\/2025\/12\/19\/potovanje\/advent-v-budi-15-velicastnih-programov-in-lokacij-ki-bodo-pricarale-carobnost-praznikov\/#primaryimage"},"image":{"@id":"https:\/\/funzine.hu\/sl\/2025\/12\/19\/potovanje\/advent-v-budi-15-velicastnih-programov-in-lokacij-ki-bodo-pricarale-carobnost-praznikov\/#primaryimage"},"thumbnailUrl":"https:\/\/funzine.hu\/wp-content\/uploads\/2025\/12\/advent-wreath-3853579_1280.jpg","datePublished":"2025-12-19T14:58:32+00:00","author":{"@id":"https:\/\/funzine.hu\/#\/schema\/person\/f3864a88f41183e8c3af70534ac28bb4"},"breadcrumb":{"@id":"https:\/\/funzine.hu\/sl\/2025\/12\/19\/potovanje\/advent-v-budi-15-velicastnih-programov-in-lokacij-ki-bodo-pricarale-carobnost-praznikov\/#breadcrumb"},"inLanguage":"sl-SI","potentialAction":[{"@type":"ReadAction","target":["https:\/\/funzine.hu\/sl\/2025\/12\/19\/potovanje\/advent-v-budi-15-velicastnih-programov-in-lokacij-ki-bodo-pricarale-carobnost-praznikov\/"]}]},{"@type":"ImageObject","inLanguage":"sl-SI","@id":"https:\/\/funzine.hu\/sl\/2025\/12\/19\/potovanje\/advent-v-budi-15-velicastnih-programov-in-lokacij-ki-bodo-pricarale-carobnost-praznikov\/#primaryimage","url":"https:\/\/funzine.hu\/wp-content\/uploads\/2025\/12\/advent-wreath-3853579_1280.jpg","contentUrl":"https:\/\/funzine.hu\/wp-content\/uploads\/2025\/12\/advent-wreath-3853579_1280.jpg","width":1280,"height":832,"caption":"ilustracija - pixabay.com"},{"@type":"BreadcrumbList","@id":"https:\/\/funzine.hu\/sl\/2025\/12\/19\/potovanje\/advent-v-budi-15-velicastnih-programov-in-lokacij-ki-bodo-pricarale-carobnost-praznikov\/#breadcrumb","itemListElement":[{"@type":"ListItem","position":1,"name":"Home","item":"https:\/\/funzine.hu\/sl\/"},{"@type":"ListItem","position":2,"name":"Advent v Budi: 15 veli\u010dastnih programov in lokacij, ki bodo pri\u010darale \u010darobnost praznikov"}]},{"@type":"WebSite","@id":"https:\/\/funzine.hu\/#website","url":"https:\/\/funzine.hu\/","name":"Funzine","description":"","potentialAction":[{"@type":"SearchAction","target":{"@type":"EntryPoint","urlTemplate":"https:\/\/funzine.hu\/?s={search_term_string}"},"query-input":{"@type":"PropertyValueSpecification","valueRequired":true,"valueName":"search_term_string"}}],"inLanguage":"sl-SI"},{"@type":"Person","@id":"https:\/\/funzine.hu\/#\/schema\/person\/f3864a88f41183e8c3af70534ac28bb4","name":"Bodn\u00e1r Zsuzsa","image":{"@type":"ImageObject","inLanguage":"sl-SI","@id":"https:\/\/secure.gravatar.com\/avatar\/3dac04a042bfb0c015d0f893ef5eb9cca9d966bb5795039862dafd8d2ab5d410?s=96&d=mm&r=g","url":"https:\/\/secure.gravatar.com\/avatar\/3dac04a042bfb0c015d0f893ef5eb9cca9d966bb5795039862dafd8d2ab5d410?s=96&d=mm&r=g","contentUrl":"https:\/\/secure.gravatar.com\/avatar\/3dac04a042bfb0c015d0f893ef5eb9cca9d966bb5795039862dafd8d2ab5d410?s=96&d=mm&r=g","caption":"Bodn\u00e1r Zsuzsa"},"url":"https:\/\/funzine.hu\/sl\/author\/bodnar-zsuzsa-1984\/"}]}},"amp_enabled":true,"_links":{"self":[{"href":"https:\/\/funzine.hu\/sl\/wp-json\/wp\/v2\/posts\/617954","targetHints":{"allow":["GET"]}}],"collection":[{"href":"https:\/\/funzine.hu\/sl\/wp-json\/wp\/v2\/posts"}],"about":[{"href":"https:\/\/funzine.hu\/sl\/wp-json\/wp\/v2\/types\/post"}],"author":[{"embeddable":true,"href":"https:\/\/funzine.hu\/sl\/wp-json\/wp\/v2\/users\/391"}],"replies":[{"embeddable":true,"href":"https:\/\/funzine.hu\/sl\/wp-json\/wp\/v2\/comments?post=617954"}],"version-history":[{"count":1,"href":"https:\/\/funzine.hu\/sl\/wp-json\/wp\/v2\/posts\/617954\/revisions"}],"predecessor-version":[{"id":617956,"href":"https:\/\/funzine.hu\/sl\/wp-json\/wp\/v2\/posts\/617954\/revisions\/617956"}],"wp:featuredmedia":[{"embeddable":true,"href":"https:\/\/funzine.hu\/sl\/wp-json\/wp\/v2\/media\/617955"}],"wp:attachment":[{"href":"https:\/\/funzine.hu\/sl\/wp-json\/wp\/v2\/media?parent=617954"}],"wp:term":[{"taxonomy":"category","embeddable":true,"href":"https:\/\/funzine.hu\/sl\/wp-json\/wp\/v2\/categories?post=617954"},{"taxonomy":"post_tag","embeddable":true,"href":"https:\/\/funzine.hu\/sl\/wp-json\/wp\/v2\/tags?post=617954"},{"taxonomy":"post_places","embeddable":true,"href":"https:\/\/funzine.hu\/sl\/wp-json\/wp\/v2\/post_places?post=617954"}],"curies":[{"name":"wp","href":"https:\/\/api.w.org\/{rel}","templated":true}]}}