{"id":617368,"date":"2025-12-09T10:27:46","date_gmt":"2025-12-09T09:27:46","guid":{"rendered":"https:\/\/funzine.hu\/?p=617368"},"modified":"2025-12-09T10:27:46","modified_gmt":"2025-12-09T09:27:46","slug":"zimska-pravljica-v-debrecenu-letos-vas-cakajo-praznicne-luci-in-carobna-dozivetja","status":"publish","type":"post","link":"https:\/\/funzine.hu\/sl\/2025\/12\/09\/potovanje\/zimska-pravljica-v-debrecenu-letos-vas-cakajo-praznicne-luci-in-carobna-dozivetja\/","title":{"rendered":"Zimska pravljica v Debrecenu: Letos vas \u010dakajo prazni\u010dne lu\u010di in \u010darobna do\u017eivetja"},"content":{"rendered":"<p>Z nastopom zime Debrecen obdajajo prazni\u010dne lu\u010di v \u010dudovitem sijaju. Zlati girlandi lu\u010di v sredi\u0161\u010du mesta, di\u0161e\u010de kuhano vino, toplina kaminske torte, impozantna Velika cerkev in adventno vzdu\u0161je vsako leto privabljajo v Debrecen vse ve\u010d obiskovalcev, tudi pozimi.<\/p>\n<figure id=\"attachment_617369\" aria-describedby=\"caption-attachment-617369\" style=\"width: 850px\" class=\"wp-caption aligncenter\"><img decoding=\"async\" class=\"size-funzine-large wp-image-617369\" src=\"https:\/\/funzine.hu\/wp-content\/uploads\/2025\/12\/debrecen-hungary-591835_1280-1200x677.jpg\" alt=\"\" width=\"850\" height=\"480\" srcset=\"https:\/\/funzine.hu\/wp-content\/uploads\/2025\/12\/debrecen-hungary-591835_1280-1200x677.jpg 1200w, https:\/\/funzine.hu\/wp-content\/uploads\/2025\/12\/debrecen-hungary-591835_1280-300x169.jpg 300w, https:\/\/funzine.hu\/wp-content\/uploads\/2025\/12\/debrecen-hungary-591835_1280-1024x578.jpg 1024w, https:\/\/funzine.hu\/wp-content\/uploads\/2025\/12\/debrecen-hungary-591835_1280-768x433.jpg 768w, https:\/\/funzine.hu\/wp-content\/uploads\/2025\/12\/debrecen-hungary-591835_1280-480x270.jpg 480w, https:\/\/funzine.hu\/wp-content\/uploads\/2025\/12\/debrecen-hungary-591835_1280.jpg 1280w\" sizes=\"(max-width: 850px) 100vw, 850px\" \/><figcaption id=\"caption-attachment-617369\" class=\"wp-caption-text\">ilustracija &#8211; pixabay.com<\/figcaption><\/figure>\n<p>Adventna \u010darovnija v Debrecenu<br \/>\nAdvent v Debrecenu ni le sejem \u2013 je bolj mesto do\u017eivetij, v katerem lahko vsaka generacija najde svoj najljub\u0161i trenutek. Prazni\u010dni vrve\u017e mestnega sredi\u0161\u010da s Pravlji\u010dnim mestom, Svetlobnim parkom in adventnimi odrskimi programi zagotavlja, da je december resni\u010dno v znamenju pri\u010dakovanja \u010dude\u017ea.<\/p>\n<p>Para vro\u010de \u010dokolade se me\u0161a z aromo sve\u017ee pe\u010denih dobrot, medtem ko pot sprehajalcev spremljajo obrtni\u0161ki izdelki in svetle\u010di okraski. Otroci lahko u\u017eivajo v igrivih programih, vrtiljaku, miniaturni \u017eeleznici, adventnem kucku in pravlji\u010dnih likih, odrasli pa se lahko sprostijo na koncertih lahke in klasi\u010dne glasbe. 13. decembra bo mesto odeto v led: pravlji\u010dno vzdu\u0161je karnevala ledenega cvetja bo obdalo Debrecen.<\/p>\n<p>Romanti\u010dna sprostitev v dvoje<br \/>\nStisniti se med ble\u0161\u010de\u010de lu\u010di in odkriti \u010darobni svet adventnega Kuck\u00f3ja je intimno in nepozabno \u2013 pa naj gre za romanti\u010den zmenek ali dru\u017einsko zabavo. Debrecen je \u0161e posebej dober kraj za skupne trenutke pozimi: prijetna ve\u010derja med ikoni\u010dnimi me\u0161\u010danskimi hi\u0161ami in pala\u010dami, drsanje z roko v roki pod ve\u010dernim nebom, ki se lesketa s tiso\u010di svetlobnih krogel, ali intimen sprehod s toplim \u010dajem v adventnem vrtincu \u2013 resni\u010dno filmsko do\u017eivetje.<\/p>\n<p>Predstave gledali\u0161\u010da Csokonai, zbirke muzeja D\u00e9ri, ki obljubljajo odkritja, ali razstave MODEM, ki spodbujajo razmi\u0161ljanje, so navdihujo\u010de lokacije za skupne trenutke. Panoramski most med stolpoma reformirane Velike cerkve je nepozabno do\u017eivetje mestnega sredi\u0161\u010da, ki se lesketa v prazni\u010dni svetlobi!<\/p>\n<p>Zimski u\u017eitki blizu narave<br \/>\nIn za tiste, ki i\u0161\u010dejo zimsko \u010darovnijo v naravi, lahko pravlji\u010dno vzdu\u0161je Velikega gozda, dru\u017eba rac, ki plavajo v jezeru B\u00e9k\u00e1s, prinese popolno sprostitev. Za tiste, ki imajo raje sprostitev v topli vodi, je tropsko podnebje mediteranskega pustolovskega kopali\u0161\u010da Aquaticum pravo poletje sredi zime: bazen z valovi, palme, pustolovski tobogani in parni bazeni s termalno vodo \u010dakajo tiste, ki se \u017eelijo osve\u017eiti.<\/p>\n<p>Debrecen je do\u017eivetje vse leto \u2013 pa naj gre za adventne \u010dude\u017ee, sprostitev v naravi, dru\u017einsko sprostitev v wellnessu, \u017eivahne poletne glasbene in gastronomske festivale ali romanti\u010den vikend. Vsako gibanje v mestu je namenjeno u\u017eivanju v trenutku in povezavi lu\u010di, vonjav in do\u017eivetij v nepozabno potovanje.<\/p>\n<p>Za ve\u010d nepozabnih do\u017eivetij Debrecena in priporo\u010dil za programe kliknite tukaj na spletni strani VisitDebrecen.<\/p>\n","protected":false},"excerpt":{"rendered":"<p>Z nastopom zime Debrecen obdajajo prazni\u010dne lu\u010di v \u010dudovitem sijaju. Zlati girlandi lu\u010di v sredi\u0161\u010du<\/p>\n","protected":false},"author":391,"featured_media":617369,"comment_status":"closed","ping_status":"closed","sticky":false,"template":"","format":"standard","meta":{"_acf_changed":false,"wprm-recipe-roundup-name":"","wprm-recipe-roundup-description":"","ngg_post_thumbnail":0,"footnotes":""},"categories":[14345],"tags":[],"post_places":[],"class_list":["post-617368","post","type-post","status-publish","format-standard","has-post-thumbnail","hentry","category-potovanje"],"acf":{"connected_places":"","del_image":""},"yoast_head":"<!-- This site is optimized with the Yoast SEO plugin v27.2 - https:\/\/yoast.com\/product\/yoast-seo-wordpress\/ -->\n<title>Zimska pravljica v Debrecenu: Letos vas \u010dakajo prazni\u010dne lu\u010di in \u010darobna do\u017eivetja<\/title>\n<meta name=\"robots\" content=\"index, follow, max-snippet:-1, max-image-preview:large, max-video-preview:-1\" \/>\n<link rel=\"canonical\" href=\"https:\/\/funzine.hu\/sl\/2025\/12\/09\/potovanje\/zimska-pravljica-v-debrecenu-letos-vas-cakajo-praznicne-luci-in-carobna-dozivetja\/\" \/>\n<meta property=\"og:locale\" content=\"sl_SI\" \/>\n<meta property=\"og:type\" content=\"article\" \/>\n<meta property=\"og:title\" content=\"Zimska pravljica v Debrecenu: Letos vas \u010dakajo prazni\u010dne lu\u010di in \u010darobna do\u017eivetja\" \/>\n<meta property=\"og:description\" content=\"Z nastopom zime Debrecen obdajajo prazni\u010dne lu\u010di v \u010dudovitem sijaju. Zlati girlandi lu\u010di v sredi\u0161\u010du\" \/>\n<meta property=\"og:url\" content=\"https:\/\/funzine.hu\/sl\/2025\/12\/09\/potovanje\/zimska-pravljica-v-debrecenu-letos-vas-cakajo-praznicne-luci-in-carobna-dozivetja\/\" \/>\n<meta property=\"og:site_name\" content=\"Funzine\" \/>\n<meta property=\"article:publisher\" content=\"https:\/\/www.facebook.com\/funzine\/\" \/>\n<meta property=\"article:published_time\" content=\"2025-12-09T09:27:46+00:00\" \/>\n<meta property=\"og:image\" content=\"https:\/\/funzine.hu\/wp-content\/uploads\/2025\/12\/debrecen-hungary-591835_1280.jpg\" \/>\n\t<meta property=\"og:image:width\" content=\"1280\" \/>\n\t<meta property=\"og:image:height\" content=\"722\" \/>\n\t<meta property=\"og:image:type\" content=\"image\/jpeg\" \/>\n<meta name=\"author\" content=\"Bodn\u00e1r Zsuzsa\" \/>\n<meta name=\"twitter:card\" content=\"summary_large_image\" \/>\n<meta name=\"twitter:creator\" content=\"@funzine\" \/>\n<meta name=\"twitter:site\" content=\"@funzine\" \/>\n<meta name=\"twitter:label1\" content=\"Written by\" \/>\n\t<meta name=\"twitter:data1\" content=\"Bodn\u00e1r Zsuzsa\" \/>\n\t<meta name=\"twitter:label2\" content=\"Est. reading time\" \/>\n\t<meta name=\"twitter:data2\" content=\"3 minute\" \/>\n<script type=\"application\/ld+json\" class=\"yoast-schema-graph\">{\"@context\":\"https:\/\/schema.org\",\"@graph\":[{\"@type\":\"NewsArticle\",\"@id\":\"https:\/\/funzine.hu\/sl\/2025\/12\/09\/potovanje\/zimska-pravljica-v-debrecenu-letos-vas-cakajo-praznicne-luci-in-carobna-dozivetja\/#article\",\"isPartOf\":{\"@id\":\"https:\/\/funzine.hu\/sl\/2025\/12\/09\/potovanje\/zimska-pravljica-v-debrecenu-letos-vas-cakajo-praznicne-luci-in-carobna-dozivetja\/\"},\"author\":{\"name\":\"Bodn\u00e1r Zsuzsa\",\"@id\":\"https:\/\/funzine.hu\/#\/schema\/person\/f3864a88f41183e8c3af70534ac28bb4\"},\"headline\":\"Zimska pravljica v Debrecenu: Letos vas \u010dakajo prazni\u010dne lu\u010di in \u010darobna do\u017eivetja\",\"datePublished\":\"2025-12-09T09:27:46+00:00\",\"mainEntityOfPage\":{\"@id\":\"https:\/\/funzine.hu\/sl\/2025\/12\/09\/potovanje\/zimska-pravljica-v-debrecenu-letos-vas-cakajo-praznicne-luci-in-carobna-dozivetja\/\"},\"wordCount\":473,\"image\":{\"@id\":\"https:\/\/funzine.hu\/sl\/2025\/12\/09\/potovanje\/zimska-pravljica-v-debrecenu-letos-vas-cakajo-praznicne-luci-in-carobna-dozivetja\/#primaryimage\"},\"thumbnailUrl\":\"https:\/\/funzine.hu\/wp-content\/uploads\/2025\/12\/debrecen-hungary-591835_1280.jpg\",\"articleSection\":[\"Potovanje\"],\"inLanguage\":\"sl-SI\"},{\"@type\":\"WebPage\",\"@id\":\"https:\/\/funzine.hu\/sl\/2025\/12\/09\/potovanje\/zimska-pravljica-v-debrecenu-letos-vas-cakajo-praznicne-luci-in-carobna-dozivetja\/\",\"url\":\"https:\/\/funzine.hu\/sl\/2025\/12\/09\/potovanje\/zimska-pravljica-v-debrecenu-letos-vas-cakajo-praznicne-luci-in-carobna-dozivetja\/\",\"name\":\"Zimska pravljica v Debrecenu: Letos vas \u010dakajo prazni\u010dne lu\u010di in \u010darobna do\u017eivetja\",\"isPartOf\":{\"@id\":\"https:\/\/funzine.hu\/#website\"},\"primaryImageOfPage\":{\"@id\":\"https:\/\/funzine.hu\/sl\/2025\/12\/09\/potovanje\/zimska-pravljica-v-debrecenu-letos-vas-cakajo-praznicne-luci-in-carobna-dozivetja\/#primaryimage\"},\"image\":{\"@id\":\"https:\/\/funzine.hu\/sl\/2025\/12\/09\/potovanje\/zimska-pravljica-v-debrecenu-letos-vas-cakajo-praznicne-luci-in-carobna-dozivetja\/#primaryimage\"},\"thumbnailUrl\":\"https:\/\/funzine.hu\/wp-content\/uploads\/2025\/12\/debrecen-hungary-591835_1280.jpg\",\"datePublished\":\"2025-12-09T09:27:46+00:00\",\"author\":{\"@id\":\"https:\/\/funzine.hu\/#\/schema\/person\/f3864a88f41183e8c3af70534ac28bb4\"},\"breadcrumb\":{\"@id\":\"https:\/\/funzine.hu\/sl\/2025\/12\/09\/potovanje\/zimska-pravljica-v-debrecenu-letos-vas-cakajo-praznicne-luci-in-carobna-dozivetja\/#breadcrumb\"},\"inLanguage\":\"sl-SI\",\"potentialAction\":[{\"@type\":\"ReadAction\",\"target\":[\"https:\/\/funzine.hu\/sl\/2025\/12\/09\/potovanje\/zimska-pravljica-v-debrecenu-letos-vas-cakajo-praznicne-luci-in-carobna-dozivetja\/\"]}]},{\"@type\":\"ImageObject\",\"inLanguage\":\"sl-SI\",\"@id\":\"https:\/\/funzine.hu\/sl\/2025\/12\/09\/potovanje\/zimska-pravljica-v-debrecenu-letos-vas-cakajo-praznicne-luci-in-carobna-dozivetja\/#primaryimage\",\"url\":\"https:\/\/funzine.hu\/wp-content\/uploads\/2025\/12\/debrecen-hungary-591835_1280.jpg\",\"contentUrl\":\"https:\/\/funzine.hu\/wp-content\/uploads\/2025\/12\/debrecen-hungary-591835_1280.jpg\",\"width\":1280,\"height\":722,\"caption\":\"ilustracija - pixabay.com\"},{\"@type\":\"BreadcrumbList\",\"@id\":\"https:\/\/funzine.hu\/sl\/2025\/12\/09\/potovanje\/zimska-pravljica-v-debrecenu-letos-vas-cakajo-praznicne-luci-in-carobna-dozivetja\/#breadcrumb\",\"itemListElement\":[{\"@type\":\"ListItem\",\"position\":1,\"name\":\"Home\",\"item\":\"https:\/\/funzine.hu\/sl\/\"},{\"@type\":\"ListItem\",\"position\":2,\"name\":\"Zimska pravljica v Debrecenu: Letos vas \u010dakajo prazni\u010dne lu\u010di in \u010darobna do\u017eivetja\"}]},{\"@type\":\"WebSite\",\"@id\":\"https:\/\/funzine.hu\/#website\",\"url\":\"https:\/\/funzine.hu\/\",\"name\":\"Funzine\",\"description\":\"\",\"potentialAction\":[{\"@type\":\"SearchAction\",\"target\":{\"@type\":\"EntryPoint\",\"urlTemplate\":\"https:\/\/funzine.hu\/?s={search_term_string}\"},\"query-input\":{\"@type\":\"PropertyValueSpecification\",\"valueRequired\":true,\"valueName\":\"search_term_string\"}}],\"inLanguage\":\"sl-SI\"},{\"@type\":\"Person\",\"@id\":\"https:\/\/funzine.hu\/#\/schema\/person\/f3864a88f41183e8c3af70534ac28bb4\",\"name\":\"Bodn\u00e1r Zsuzsa\",\"image\":{\"@type\":\"ImageObject\",\"inLanguage\":\"sl-SI\",\"@id\":\"https:\/\/secure.gravatar.com\/avatar\/3dac04a042bfb0c015d0f893ef5eb9cca9d966bb5795039862dafd8d2ab5d410?s=96&d=mm&r=g\",\"url\":\"https:\/\/secure.gravatar.com\/avatar\/3dac04a042bfb0c015d0f893ef5eb9cca9d966bb5795039862dafd8d2ab5d410?s=96&d=mm&r=g\",\"contentUrl\":\"https:\/\/secure.gravatar.com\/avatar\/3dac04a042bfb0c015d0f893ef5eb9cca9d966bb5795039862dafd8d2ab5d410?s=96&d=mm&r=g\",\"caption\":\"Bodn\u00e1r Zsuzsa\"},\"url\":\"https:\/\/funzine.hu\/sl\/author\/bodnar-zsuzsa-1984\/\"}]}<\/script>\n<!-- \/ Yoast SEO plugin. -->","yoast_head_json":{"title":"Zimska pravljica v Debrecenu: Letos vas \u010dakajo prazni\u010dne lu\u010di in \u010darobna do\u017eivetja","robots":{"index":"index","follow":"follow","max-snippet":"max-snippet:-1","max-image-preview":"max-image-preview:large","max-video-preview":"max-video-preview:-1"},"canonical":"https:\/\/funzine.hu\/sl\/2025\/12\/09\/potovanje\/zimska-pravljica-v-debrecenu-letos-vas-cakajo-praznicne-luci-in-carobna-dozivetja\/","og_locale":"sl_SI","og_type":"article","og_title":"Zimska pravljica v Debrecenu: Letos vas \u010dakajo prazni\u010dne lu\u010di in \u010darobna do\u017eivetja","og_description":"Z nastopom zime Debrecen obdajajo prazni\u010dne lu\u010di v \u010dudovitem sijaju. Zlati girlandi lu\u010di v sredi\u0161\u010du","og_url":"https:\/\/funzine.hu\/sl\/2025\/12\/09\/potovanje\/zimska-pravljica-v-debrecenu-letos-vas-cakajo-praznicne-luci-in-carobna-dozivetja\/","og_site_name":"Funzine","article_publisher":"https:\/\/www.facebook.com\/funzine\/","article_published_time":"2025-12-09T09:27:46+00:00","og_image":[{"width":1280,"height":722,"url":"https:\/\/funzine.hu\/wp-content\/uploads\/2025\/12\/debrecen-hungary-591835_1280.jpg","type":"image\/jpeg"}],"author":"Bodn\u00e1r Zsuzsa","twitter_card":"summary_large_image","twitter_creator":"@funzine","twitter_site":"@funzine","twitter_misc":{"Written by":"Bodn\u00e1r Zsuzsa","Est. reading time":"3 minute"},"schema":{"@context":"https:\/\/schema.org","@graph":[{"@type":"NewsArticle","@id":"https:\/\/funzine.hu\/sl\/2025\/12\/09\/potovanje\/zimska-pravljica-v-debrecenu-letos-vas-cakajo-praznicne-luci-in-carobna-dozivetja\/#article","isPartOf":{"@id":"https:\/\/funzine.hu\/sl\/2025\/12\/09\/potovanje\/zimska-pravljica-v-debrecenu-letos-vas-cakajo-praznicne-luci-in-carobna-dozivetja\/"},"author":{"name":"Bodn\u00e1r Zsuzsa","@id":"https:\/\/funzine.hu\/#\/schema\/person\/f3864a88f41183e8c3af70534ac28bb4"},"headline":"Zimska pravljica v Debrecenu: Letos vas \u010dakajo prazni\u010dne lu\u010di in \u010darobna do\u017eivetja","datePublished":"2025-12-09T09:27:46+00:00","mainEntityOfPage":{"@id":"https:\/\/funzine.hu\/sl\/2025\/12\/09\/potovanje\/zimska-pravljica-v-debrecenu-letos-vas-cakajo-praznicne-luci-in-carobna-dozivetja\/"},"wordCount":473,"image":{"@id":"https:\/\/funzine.hu\/sl\/2025\/12\/09\/potovanje\/zimska-pravljica-v-debrecenu-letos-vas-cakajo-praznicne-luci-in-carobna-dozivetja\/#primaryimage"},"thumbnailUrl":"https:\/\/funzine.hu\/wp-content\/uploads\/2025\/12\/debrecen-hungary-591835_1280.jpg","articleSection":["Potovanje"],"inLanguage":"sl-SI"},{"@type":"WebPage","@id":"https:\/\/funzine.hu\/sl\/2025\/12\/09\/potovanje\/zimska-pravljica-v-debrecenu-letos-vas-cakajo-praznicne-luci-in-carobna-dozivetja\/","url":"https:\/\/funzine.hu\/sl\/2025\/12\/09\/potovanje\/zimska-pravljica-v-debrecenu-letos-vas-cakajo-praznicne-luci-in-carobna-dozivetja\/","name":"Zimska pravljica v Debrecenu: Letos vas \u010dakajo prazni\u010dne lu\u010di in \u010darobna do\u017eivetja","isPartOf":{"@id":"https:\/\/funzine.hu\/#website"},"primaryImageOfPage":{"@id":"https:\/\/funzine.hu\/sl\/2025\/12\/09\/potovanje\/zimska-pravljica-v-debrecenu-letos-vas-cakajo-praznicne-luci-in-carobna-dozivetja\/#primaryimage"},"image":{"@id":"https:\/\/funzine.hu\/sl\/2025\/12\/09\/potovanje\/zimska-pravljica-v-debrecenu-letos-vas-cakajo-praznicne-luci-in-carobna-dozivetja\/#primaryimage"},"thumbnailUrl":"https:\/\/funzine.hu\/wp-content\/uploads\/2025\/12\/debrecen-hungary-591835_1280.jpg","datePublished":"2025-12-09T09:27:46+00:00","author":{"@id":"https:\/\/funzine.hu\/#\/schema\/person\/f3864a88f41183e8c3af70534ac28bb4"},"breadcrumb":{"@id":"https:\/\/funzine.hu\/sl\/2025\/12\/09\/potovanje\/zimska-pravljica-v-debrecenu-letos-vas-cakajo-praznicne-luci-in-carobna-dozivetja\/#breadcrumb"},"inLanguage":"sl-SI","potentialAction":[{"@type":"ReadAction","target":["https:\/\/funzine.hu\/sl\/2025\/12\/09\/potovanje\/zimska-pravljica-v-debrecenu-letos-vas-cakajo-praznicne-luci-in-carobna-dozivetja\/"]}]},{"@type":"ImageObject","inLanguage":"sl-SI","@id":"https:\/\/funzine.hu\/sl\/2025\/12\/09\/potovanje\/zimska-pravljica-v-debrecenu-letos-vas-cakajo-praznicne-luci-in-carobna-dozivetja\/#primaryimage","url":"https:\/\/funzine.hu\/wp-content\/uploads\/2025\/12\/debrecen-hungary-591835_1280.jpg","contentUrl":"https:\/\/funzine.hu\/wp-content\/uploads\/2025\/12\/debrecen-hungary-591835_1280.jpg","width":1280,"height":722,"caption":"ilustracija - pixabay.com"},{"@type":"BreadcrumbList","@id":"https:\/\/funzine.hu\/sl\/2025\/12\/09\/potovanje\/zimska-pravljica-v-debrecenu-letos-vas-cakajo-praznicne-luci-in-carobna-dozivetja\/#breadcrumb","itemListElement":[{"@type":"ListItem","position":1,"name":"Home","item":"https:\/\/funzine.hu\/sl\/"},{"@type":"ListItem","position":2,"name":"Zimska pravljica v Debrecenu: Letos vas \u010dakajo prazni\u010dne lu\u010di in \u010darobna do\u017eivetja"}]},{"@type":"WebSite","@id":"https:\/\/funzine.hu\/#website","url":"https:\/\/funzine.hu\/","name":"Funzine","description":"","potentialAction":[{"@type":"SearchAction","target":{"@type":"EntryPoint","urlTemplate":"https:\/\/funzine.hu\/?s={search_term_string}"},"query-input":{"@type":"PropertyValueSpecification","valueRequired":true,"valueName":"search_term_string"}}],"inLanguage":"sl-SI"},{"@type":"Person","@id":"https:\/\/funzine.hu\/#\/schema\/person\/f3864a88f41183e8c3af70534ac28bb4","name":"Bodn\u00e1r Zsuzsa","image":{"@type":"ImageObject","inLanguage":"sl-SI","@id":"https:\/\/secure.gravatar.com\/avatar\/3dac04a042bfb0c015d0f893ef5eb9cca9d966bb5795039862dafd8d2ab5d410?s=96&d=mm&r=g","url":"https:\/\/secure.gravatar.com\/avatar\/3dac04a042bfb0c015d0f893ef5eb9cca9d966bb5795039862dafd8d2ab5d410?s=96&d=mm&r=g","contentUrl":"https:\/\/secure.gravatar.com\/avatar\/3dac04a042bfb0c015d0f893ef5eb9cca9d966bb5795039862dafd8d2ab5d410?s=96&d=mm&r=g","caption":"Bodn\u00e1r Zsuzsa"},"url":"https:\/\/funzine.hu\/sl\/author\/bodnar-zsuzsa-1984\/"}]}},"amp_enabled":true,"_links":{"self":[{"href":"https:\/\/funzine.hu\/sl\/wp-json\/wp\/v2\/posts\/617368","targetHints":{"allow":["GET"]}}],"collection":[{"href":"https:\/\/funzine.hu\/sl\/wp-json\/wp\/v2\/posts"}],"about":[{"href":"https:\/\/funzine.hu\/sl\/wp-json\/wp\/v2\/types\/post"}],"author":[{"embeddable":true,"href":"https:\/\/funzine.hu\/sl\/wp-json\/wp\/v2\/users\/391"}],"replies":[{"embeddable":true,"href":"https:\/\/funzine.hu\/sl\/wp-json\/wp\/v2\/comments?post=617368"}],"version-history":[{"count":1,"href":"https:\/\/funzine.hu\/sl\/wp-json\/wp\/v2\/posts\/617368\/revisions"}],"predecessor-version":[{"id":617370,"href":"https:\/\/funzine.hu\/sl\/wp-json\/wp\/v2\/posts\/617368\/revisions\/617370"}],"wp:featuredmedia":[{"embeddable":true,"href":"https:\/\/funzine.hu\/sl\/wp-json\/wp\/v2\/media\/617369"}],"wp:attachment":[{"href":"https:\/\/funzine.hu\/sl\/wp-json\/wp\/v2\/media?parent=617368"}],"wp:term":[{"taxonomy":"category","embeddable":true,"href":"https:\/\/funzine.hu\/sl\/wp-json\/wp\/v2\/categories?post=617368"},{"taxonomy":"post_tag","embeddable":true,"href":"https:\/\/funzine.hu\/sl\/wp-json\/wp\/v2\/tags?post=617368"},{"taxonomy":"post_places","embeddable":true,"href":"https:\/\/funzine.hu\/sl\/wp-json\/wp\/v2\/post_places?post=617368"}],"curies":[{"name":"wp","href":"https:\/\/api.w.org\/{rel}","templated":true}]}}