{"id":617361,"date":"2025-12-09T10:24:11","date_gmt":"2025-12-09T09:24:11","guid":{"rendered":"https:\/\/funzine.hu\/?p=617361"},"modified":"2025-12-09T10:24:11","modified_gmt":"2025-12-09T09:24:11","slug":"skotska-na-dosegu-roke-5-dih-jemajocih-gradov-ki-so-se-danes-obdani-z-legendami","status":"publish","type":"post","link":"https:\/\/funzine.hu\/sl\/2025\/12\/09\/potovanje\/skotska-na-dosegu-roke-5-dih-jemajocih-gradov-ki-so-se-danes-obdani-z-legendami\/","title":{"rendered":"\u0160kotska na dosegu roke: 5 dih jemajo\u010dih gradov, ki so \u0161e danes obdani z legendami"},"content":{"rendered":"<p>\u0160kotsko bi lahko imenovali tudi de\u017eela legend, kjer neskon\u010dno, hribovito pode\u017eelje \u017ee stoletja varujejo pravlji\u010dni, visokogorski gradovi. \u010ceprav na\u0161a drobna domovina le\u017ei tiso\u010de kilometrov od dr\u017eave \u010dlanice, ki je prav tako do\u017eivela te\u017eke \u010dase, so tudi tukaj pokrajine, kjer vzdu\u0161je \u0160kotske o\u017eivi. Pridite z nami in odkrijte zgodbe na\u0161ih dih jemajo\u010dih gradov!<\/p>\n<figure id=\"attachment_617362\" aria-describedby=\"caption-attachment-617362\" style=\"width: 862px\" class=\"wp-caption aligncenter\"><img decoding=\"async\" class=\"size-full wp-image-617362\" src=\"https:\/\/funzine.hu\/wp-content\/uploads\/2025\/12\/scotland-7264041_1280.jpg\" alt=\"\" width=\"862\" height=\"1280\" srcset=\"https:\/\/funzine.hu\/wp-content\/uploads\/2025\/12\/scotland-7264041_1280.jpg 862w, https:\/\/funzine.hu\/wp-content\/uploads\/2025\/12\/scotland-7264041_1280-202x300.jpg 202w, https:\/\/funzine.hu\/wp-content\/uploads\/2025\/12\/scotland-7264041_1280-690x1024.jpg 690w, https:\/\/funzine.hu\/wp-content\/uploads\/2025\/12\/scotland-7264041_1280-768x1140.jpg 768w\" sizes=\"(max-width: 862px) 100vw, 862px\" \/><figcaption id=\"caption-attachment-617362\" class=\"wp-caption-text\">ilustracija &#8211; pixabay.com<\/figcaption><\/figure>\n<p>Grad Salg\u00f3<br \/>\nLegendo o gradu Salg\u00f3, zgrajenem v 13. stoletju in visokem 625 metrov, in bli\u017enjem \u010carovni\u0161kem kamnu je te\u017eko lo\u010diti. Legende pripovedujejo o duhovih, vilah in \u010darovnicah, obstaja pa tudi zgodba o dekletu, ki ga je ljubezen pripeljala v smrt. Pred davnimi \u010dasi je \u017eivel kralj, \u010digar dva sinova sta se zaljubila v isto dekle. Mlada dama si je izbrala mlaj\u0161ega princa, starej\u0161i pa ni bil zadovoljen in je dekle obto\u017eil \u010darovni\u0161tva. Kralj je mlaj\u0161emu sinu prepovedal, da bi jo ljubil, brat pa je obljubil, da bo opustil obto\u017ebe, \u010de bo dobil izvoljenko svojega srca. Po drugi strani pa, \u010de bi dekle vztrajalo pri svoji izvoljenki, se njuna ljubezen ne bi nikoli izpolnila. Novica je dosegla dekle, ki se je kon\u010dno odlo\u010dila, da se bo vrgla v globino s pe\u010dine nedale\u010d od gradu.<br \/>\n\u010ceprav je o resni\u010dnosti legende mogo\u010de razpravljati, je gotovo, da je bil grad v lasti tako Sz\u00e9cs\u00e9nyija kot \u010cehov, avstrijske cesarske \u010dete pa so ga na koncu razstrelile.<\/p>\n<p>Grad Bolgodk\u0151<br \/>\nPo legendi je IV. kralj B\u00e9la, ko je be\u017eal pred Tatari proti Hern\u00e1du, skril lokalni mojster suhega su\u0161enja Bod\u00f3, ki mu je tako re\u0161il \u017eivljenje. V znak zahvale je kralj svojemu re\u0161itelju podaril posestvo pod pogojem, da tam zgradi mo\u010dan grad. Po legendi je to postal grad Bod\u00f3k\u0151, kjer se je poro\u010dilo vseh sedem Bod\u00f3jevih h\u010dera, ki so jih zaradi svoje lepote imenovali vile. Poroke se je udele\u017eil tudi B\u00e9la IV., ki je pozneje kraj poimenoval Boldogk\u0151 po najsre\u010dnej\u0161ih trenutkih deklet. Skozi stoletja je trdnjava prehajala iz rok v roke, njena vloga v tur\u0161ko-ogrskih vojnah je bila majhnega pomena, bolj pa v \u010dasu kurucev. Leta 1678 je grad Boldogk\u0151 osvojil tudi Imre Th\u00f6k\u00f6ly. Nazadnje, ko je bil v lasti dru\u017eine Zichy, so ga cesarji leta 1701 dokon\u010dno naredili neprimernega za bivanje. Od takrat je bil obnovljen, utrjen in trenutno deluje kot muzej.<br \/>\n3885 Predmestje Boldogk\u0151v\u00e1ralja<\/p>\n<p>Grad Reg\u00e9c<br \/>\nNedale\u010d od Boldogk\u0151a, pol ure vo\u017enje stran, se nahaja grad Reg\u00e9c, ki \u017ee stoletja stoji na vulkanskem sto\u017ecu. Kot mnoge trdnjave je bil tudi Reg\u00e9c v rokah ve\u010d dru\u017ein, med njimi pa bi zagotovo izpostavili Ferenca R\u00e1k\u00f3czija II., ki je odra\u0161\u010dal znotraj grajskega obzidja in se nato od tam preselil v Munk\u00e1cs z Ilono Zr\u00ednyi in njeno materjo. Poleg R\u00e1k\u00f3czijev ne smemo pozabiti na ime Pank\u00f3ja Doleszn\u00e9ja, ki ga je takratno sodi\u0161\u010de obsodilo kot \u010darovnico.<br \/>\n\u017denska, znana kot \u017eena in takratna vdova reg\u00e9\u0161kega sodnika, je bila v 17. stoletju ve\u010dkrat zaprta v grajski je\u010di. In ko je bil na prostosti, je meril vino, grdo govoril in z devi\u0161kimi lasmi za\u0161ival \u017eabje o\u010di. Nazadnje je po legendi vklenjen sko\u010dil z gradu in se smejal \u2013 kot so pripovedovali sodobni o\u010dividci. Vendar se zgodovina gradu Reg\u00e9c tu ne kon\u010da, saj je zagotovo znano, da ga je leta 1686 uni\u010dil cesarski general Capara. Obnova zanemarjenega gradu se je za\u010dela leta 2003, do leta 2016 pa je bila kon\u010dana rekonstrukcija Starega stolpa, leta 2021 pa je bilo namenu predano renesan\u010dno pala\u010dno krilo.<br \/>\n3893 Obrobje Reg\u00e9ca<\/p>\n<p>Grad Csesznek<br \/>\nGrad Csesznek, ki se dviga nedale\u010d od Zirca, morda ne bi obstajal, \u010de se ka\u010da ne bi gnezdila na pobo\u010dju grajskega hriba. Legenda pravi, da je ogromna orja\u0161ka ka\u010da plenila va\u0161ko \u017eivino. Dokler na neki to\u010dki ni dosegla celo enega od pra\u0161i\u010dev gospostva Garai. Razjarjeno zaradi tega je gospostvo poiskalo ka\u010djo jamo, ubilo \u017eival in nad jamo dalo zgraditi grad. To je postal grad Csesznek, ki ga je poimenoval po svojem najljub\u0161em pra\u0161i\u010du Cseszneku. Seveda je resnica druga\u010dna, zato moramo v prvotni zgodovini gradu odlo\u010dilno vlogo dati mojstru me\u010devanja B\u00e9li IV., ki je dal trdnjavo zgraditi v gotskem slogu. Dolga leta je bil mejni grad, ki je slu\u017eil udobju dru\u017eine Eszterh\u00e1zy, a sta ga potres in poznej\u0161i po\u017ear uni\u010dila. S\u010dasoma so ru\u0161evine doma\u010dini uporabljali kot kamnolom, na sre\u010do pa so v zadnjih letih na tem obmo\u010dju izvedli ve\u010d konservatorskih in restavratorskih del.<\/p>\n<p>8419 Csesznek, 0158\/1 ura<\/p>\n<p>Grad Cs\u00f3kak\u0151<br \/>\nDo 479 metrov visokega gradu Cs\u00f3kak\u0151, ki je bil zgrajen za nadzor voja\u0161ke ceste do Feh\u00e9rv\u00e1rja v 13. stoletju, se lahko povzpnete po udobni asfaltirani cesti ali strmem stopni\u0161\u010du. Trdnjavo, ki jo sestavljata zgornji in spodnji grad ter grajska kapela, obdajajo \u0161tevilne legende, ena od njih pa se pojavlja v delu K\u00e1lm\u00e1na Miksz\u00e1tha \u00bbVite\u0161ki gradovi Mad\u017earske\u00ab.<br \/>\nPo tej pripovedi sta se med vladavino kralja Sigismunda namesto svojih mo\u017e borili proti Turkom dve pogumni \u017eenski, \u00c9va in Kata. Kralj je sli\u0161al za skrivanje mo\u017e, zato je poklical \u00bbvitezki\u00ab, ko pa sta si sneli \u010delade, je videl, da se v te\u017ekem oklepu skrivata \u017eenski. Kralja je o\u010daral njun pogum, priznal njuno juna\u0161tvo in v znak hvale\u017enosti \u00c9vi in Kati podelil grad Cs\u00f3kak\u0151 z njegovimi posestmi. Medtem ko druga zgodba pripoveduje, da so Turki, ko so ponovno zavzeli Budimski grad, tukaj skrili svoje zaklade. \u010ceprav tega tudi ne moremo dokazati, jih je vredno poiskati, saj tudi \u010de ne najdemo nobenega zaklada, je razgled, ki nas \u010daka, vreden obiska trdnjave, ki je \u017ee videla bolj\u0161e \u010dase.<br \/>\n8074 Predmestje Cs\u00f3kak\u0151<\/p>\n","protected":false},"excerpt":{"rendered":"<p>\u0160kotsko bi lahko imenovali tudi de\u017eela legend, kjer neskon\u010dno, hribovito pode\u017eelje \u017ee stoletja<\/p>\n","protected":false},"author":391,"featured_media":617362,"comment_status":"closed","ping_status":"closed","sticky":false,"template":"","format":"standard","meta":{"_acf_changed":false,"wprm-recipe-roundup-name":"","wprm-recipe-roundup-description":"","ngg_post_thumbnail":0,"footnotes":""},"categories":[14345],"tags":[],"post_places":[],"class_list":["post-617361","post","type-post","status-publish","format-standard","has-post-thumbnail","hentry","category-potovanje"],"acf":{"connected_places":"","del_image":""},"yoast_head":"<!-- This site is optimized with the Yoast SEO plugin v27.2 - https:\/\/yoast.com\/product\/yoast-seo-wordpress\/ -->\n<title>\u0160kotska na dosegu roke: 5 dih jemajo\u010dih gradov, ki so \u0161e danes obdani z legendami<\/title>\n<meta name=\"robots\" content=\"index, follow, max-snippet:-1, max-image-preview:large, max-video-preview:-1\" \/>\n<link rel=\"canonical\" href=\"https:\/\/funzine.hu\/sl\/2025\/12\/09\/potovanje\/skotska-na-dosegu-roke-5-dih-jemajocih-gradov-ki-so-se-danes-obdani-z-legendami\/\" \/>\n<meta property=\"og:locale\" content=\"sl_SI\" \/>\n<meta property=\"og:type\" content=\"article\" \/>\n<meta property=\"og:title\" content=\"\u0160kotska na dosegu roke: 5 dih jemajo\u010dih gradov, ki so \u0161e danes obdani z legendami\" \/>\n<meta property=\"og:description\" content=\"\u0160kotsko bi lahko imenovali tudi de\u017eela legend, kjer neskon\u010dno, hribovito pode\u017eelje \u017ee stoletja\" \/>\n<meta property=\"og:url\" content=\"https:\/\/funzine.hu\/sl\/2025\/12\/09\/potovanje\/skotska-na-dosegu-roke-5-dih-jemajocih-gradov-ki-so-se-danes-obdani-z-legendami\/\" \/>\n<meta property=\"og:site_name\" content=\"Funzine\" \/>\n<meta property=\"article:publisher\" content=\"https:\/\/www.facebook.com\/funzine\/\" \/>\n<meta property=\"article:published_time\" content=\"2025-12-09T09:24:11+00:00\" \/>\n<meta property=\"og:image\" content=\"https:\/\/funzine.hu\/wp-content\/uploads\/2025\/12\/scotland-7264041_1280.jpg\" \/>\n\t<meta property=\"og:image:width\" content=\"862\" \/>\n\t<meta property=\"og:image:height\" content=\"1280\" \/>\n\t<meta property=\"og:image:type\" content=\"image\/jpeg\" \/>\n<meta name=\"author\" content=\"Bodn\u00e1r Zsuzsa\" \/>\n<meta name=\"twitter:card\" content=\"summary_large_image\" \/>\n<meta name=\"twitter:creator\" content=\"@funzine\" \/>\n<meta name=\"twitter:site\" content=\"@funzine\" \/>\n<meta name=\"twitter:label1\" content=\"Written by\" \/>\n\t<meta name=\"twitter:data1\" content=\"Bodn\u00e1r Zsuzsa\" \/>\n\t<meta name=\"twitter:label2\" content=\"Est. reading time\" \/>\n\t<meta name=\"twitter:data2\" content=\"6 minut\" \/>\n<script type=\"application\/ld+json\" class=\"yoast-schema-graph\">{\"@context\":\"https:\/\/schema.org\",\"@graph\":[{\"@type\":\"NewsArticle\",\"@id\":\"https:\/\/funzine.hu\/sl\/2025\/12\/09\/potovanje\/skotska-na-dosegu-roke-5-dih-jemajocih-gradov-ki-so-se-danes-obdani-z-legendami\/#article\",\"isPartOf\":{\"@id\":\"https:\/\/funzine.hu\/sl\/2025\/12\/09\/potovanje\/skotska-na-dosegu-roke-5-dih-jemajocih-gradov-ki-so-se-danes-obdani-z-legendami\/\"},\"author\":{\"name\":\"Bodn\u00e1r Zsuzsa\",\"@id\":\"https:\/\/funzine.hu\/#\/schema\/person\/f3864a88f41183e8c3af70534ac28bb4\"},\"headline\":\"\u0160kotska na dosegu roke: 5 dih jemajo\u010dih gradov, ki so \u0161e danes obdani z legendami\",\"datePublished\":\"2025-12-09T09:24:11+00:00\",\"mainEntityOfPage\":{\"@id\":\"https:\/\/funzine.hu\/sl\/2025\/12\/09\/potovanje\/skotska-na-dosegu-roke-5-dih-jemajocih-gradov-ki-so-se-danes-obdani-z-legendami\/\"},\"wordCount\":1010,\"image\":{\"@id\":\"https:\/\/funzine.hu\/sl\/2025\/12\/09\/potovanje\/skotska-na-dosegu-roke-5-dih-jemajocih-gradov-ki-so-se-danes-obdani-z-legendami\/#primaryimage\"},\"thumbnailUrl\":\"https:\/\/funzine.hu\/wp-content\/uploads\/2025\/12\/scotland-7264041_1280.jpg\",\"articleSection\":[\"Potovanje\"],\"inLanguage\":\"sl-SI\"},{\"@type\":\"WebPage\",\"@id\":\"https:\/\/funzine.hu\/sl\/2025\/12\/09\/potovanje\/skotska-na-dosegu-roke-5-dih-jemajocih-gradov-ki-so-se-danes-obdani-z-legendami\/\",\"url\":\"https:\/\/funzine.hu\/sl\/2025\/12\/09\/potovanje\/skotska-na-dosegu-roke-5-dih-jemajocih-gradov-ki-so-se-danes-obdani-z-legendami\/\",\"name\":\"\u0160kotska na dosegu roke: 5 dih jemajo\u010dih gradov, ki so \u0161e danes obdani z legendami\",\"isPartOf\":{\"@id\":\"https:\/\/funzine.hu\/#website\"},\"primaryImageOfPage\":{\"@id\":\"https:\/\/funzine.hu\/sl\/2025\/12\/09\/potovanje\/skotska-na-dosegu-roke-5-dih-jemajocih-gradov-ki-so-se-danes-obdani-z-legendami\/#primaryimage\"},\"image\":{\"@id\":\"https:\/\/funzine.hu\/sl\/2025\/12\/09\/potovanje\/skotska-na-dosegu-roke-5-dih-jemajocih-gradov-ki-so-se-danes-obdani-z-legendami\/#primaryimage\"},\"thumbnailUrl\":\"https:\/\/funzine.hu\/wp-content\/uploads\/2025\/12\/scotland-7264041_1280.jpg\",\"datePublished\":\"2025-12-09T09:24:11+00:00\",\"author\":{\"@id\":\"https:\/\/funzine.hu\/#\/schema\/person\/f3864a88f41183e8c3af70534ac28bb4\"},\"breadcrumb\":{\"@id\":\"https:\/\/funzine.hu\/sl\/2025\/12\/09\/potovanje\/skotska-na-dosegu-roke-5-dih-jemajocih-gradov-ki-so-se-danes-obdani-z-legendami\/#breadcrumb\"},\"inLanguage\":\"sl-SI\",\"potentialAction\":[{\"@type\":\"ReadAction\",\"target\":[\"https:\/\/funzine.hu\/sl\/2025\/12\/09\/potovanje\/skotska-na-dosegu-roke-5-dih-jemajocih-gradov-ki-so-se-danes-obdani-z-legendami\/\"]}]},{\"@type\":\"ImageObject\",\"inLanguage\":\"sl-SI\",\"@id\":\"https:\/\/funzine.hu\/sl\/2025\/12\/09\/potovanje\/skotska-na-dosegu-roke-5-dih-jemajocih-gradov-ki-so-se-danes-obdani-z-legendami\/#primaryimage\",\"url\":\"https:\/\/funzine.hu\/wp-content\/uploads\/2025\/12\/scotland-7264041_1280.jpg\",\"contentUrl\":\"https:\/\/funzine.hu\/wp-content\/uploads\/2025\/12\/scotland-7264041_1280.jpg\",\"width\":862,\"height\":1280,\"caption\":\"ilustracija - pixabay.com\"},{\"@type\":\"BreadcrumbList\",\"@id\":\"https:\/\/funzine.hu\/sl\/2025\/12\/09\/potovanje\/skotska-na-dosegu-roke-5-dih-jemajocih-gradov-ki-so-se-danes-obdani-z-legendami\/#breadcrumb\",\"itemListElement\":[{\"@type\":\"ListItem\",\"position\":1,\"name\":\"Home\",\"item\":\"https:\/\/funzine.hu\/sl\/\"},{\"@type\":\"ListItem\",\"position\":2,\"name\":\"\u0160kotska na dosegu roke: 5 dih jemajo\u010dih gradov, ki so \u0161e danes obdani z legendami\"}]},{\"@type\":\"WebSite\",\"@id\":\"https:\/\/funzine.hu\/#website\",\"url\":\"https:\/\/funzine.hu\/\",\"name\":\"Funzine\",\"description\":\"\",\"potentialAction\":[{\"@type\":\"SearchAction\",\"target\":{\"@type\":\"EntryPoint\",\"urlTemplate\":\"https:\/\/funzine.hu\/?s={search_term_string}\"},\"query-input\":{\"@type\":\"PropertyValueSpecification\",\"valueRequired\":true,\"valueName\":\"search_term_string\"}}],\"inLanguage\":\"sl-SI\"},{\"@type\":\"Person\",\"@id\":\"https:\/\/funzine.hu\/#\/schema\/person\/f3864a88f41183e8c3af70534ac28bb4\",\"name\":\"Bodn\u00e1r Zsuzsa\",\"image\":{\"@type\":\"ImageObject\",\"inLanguage\":\"sl-SI\",\"@id\":\"https:\/\/secure.gravatar.com\/avatar\/3dac04a042bfb0c015d0f893ef5eb9cca9d966bb5795039862dafd8d2ab5d410?s=96&d=mm&r=g\",\"url\":\"https:\/\/secure.gravatar.com\/avatar\/3dac04a042bfb0c015d0f893ef5eb9cca9d966bb5795039862dafd8d2ab5d410?s=96&d=mm&r=g\",\"contentUrl\":\"https:\/\/secure.gravatar.com\/avatar\/3dac04a042bfb0c015d0f893ef5eb9cca9d966bb5795039862dafd8d2ab5d410?s=96&d=mm&r=g\",\"caption\":\"Bodn\u00e1r Zsuzsa\"},\"url\":\"https:\/\/funzine.hu\/sl\/author\/bodnar-zsuzsa-1984\/\"}]}<\/script>\n<!-- \/ Yoast SEO plugin. -->","yoast_head_json":{"title":"\u0160kotska na dosegu roke: 5 dih jemajo\u010dih gradov, ki so \u0161e danes obdani z legendami","robots":{"index":"index","follow":"follow","max-snippet":"max-snippet:-1","max-image-preview":"max-image-preview:large","max-video-preview":"max-video-preview:-1"},"canonical":"https:\/\/funzine.hu\/sl\/2025\/12\/09\/potovanje\/skotska-na-dosegu-roke-5-dih-jemajocih-gradov-ki-so-se-danes-obdani-z-legendami\/","og_locale":"sl_SI","og_type":"article","og_title":"\u0160kotska na dosegu roke: 5 dih jemajo\u010dih gradov, ki so \u0161e danes obdani z legendami","og_description":"\u0160kotsko bi lahko imenovali tudi de\u017eela legend, kjer neskon\u010dno, hribovito pode\u017eelje \u017ee stoletja","og_url":"https:\/\/funzine.hu\/sl\/2025\/12\/09\/potovanje\/skotska-na-dosegu-roke-5-dih-jemajocih-gradov-ki-so-se-danes-obdani-z-legendami\/","og_site_name":"Funzine","article_publisher":"https:\/\/www.facebook.com\/funzine\/","article_published_time":"2025-12-09T09:24:11+00:00","og_image":[{"width":862,"height":1280,"url":"https:\/\/funzine.hu\/wp-content\/uploads\/2025\/12\/scotland-7264041_1280.jpg","type":"image\/jpeg"}],"author":"Bodn\u00e1r Zsuzsa","twitter_card":"summary_large_image","twitter_creator":"@funzine","twitter_site":"@funzine","twitter_misc":{"Written by":"Bodn\u00e1r Zsuzsa","Est. reading time":"6 minut"},"schema":{"@context":"https:\/\/schema.org","@graph":[{"@type":"NewsArticle","@id":"https:\/\/funzine.hu\/sl\/2025\/12\/09\/potovanje\/skotska-na-dosegu-roke-5-dih-jemajocih-gradov-ki-so-se-danes-obdani-z-legendami\/#article","isPartOf":{"@id":"https:\/\/funzine.hu\/sl\/2025\/12\/09\/potovanje\/skotska-na-dosegu-roke-5-dih-jemajocih-gradov-ki-so-se-danes-obdani-z-legendami\/"},"author":{"name":"Bodn\u00e1r Zsuzsa","@id":"https:\/\/funzine.hu\/#\/schema\/person\/f3864a88f41183e8c3af70534ac28bb4"},"headline":"\u0160kotska na dosegu roke: 5 dih jemajo\u010dih gradov, ki so \u0161e danes obdani z legendami","datePublished":"2025-12-09T09:24:11+00:00","mainEntityOfPage":{"@id":"https:\/\/funzine.hu\/sl\/2025\/12\/09\/potovanje\/skotska-na-dosegu-roke-5-dih-jemajocih-gradov-ki-so-se-danes-obdani-z-legendami\/"},"wordCount":1010,"image":{"@id":"https:\/\/funzine.hu\/sl\/2025\/12\/09\/potovanje\/skotska-na-dosegu-roke-5-dih-jemajocih-gradov-ki-so-se-danes-obdani-z-legendami\/#primaryimage"},"thumbnailUrl":"https:\/\/funzine.hu\/wp-content\/uploads\/2025\/12\/scotland-7264041_1280.jpg","articleSection":["Potovanje"],"inLanguage":"sl-SI"},{"@type":"WebPage","@id":"https:\/\/funzine.hu\/sl\/2025\/12\/09\/potovanje\/skotska-na-dosegu-roke-5-dih-jemajocih-gradov-ki-so-se-danes-obdani-z-legendami\/","url":"https:\/\/funzine.hu\/sl\/2025\/12\/09\/potovanje\/skotska-na-dosegu-roke-5-dih-jemajocih-gradov-ki-so-se-danes-obdani-z-legendami\/","name":"\u0160kotska na dosegu roke: 5 dih jemajo\u010dih gradov, ki so \u0161e danes obdani z legendami","isPartOf":{"@id":"https:\/\/funzine.hu\/#website"},"primaryImageOfPage":{"@id":"https:\/\/funzine.hu\/sl\/2025\/12\/09\/potovanje\/skotska-na-dosegu-roke-5-dih-jemajocih-gradov-ki-so-se-danes-obdani-z-legendami\/#primaryimage"},"image":{"@id":"https:\/\/funzine.hu\/sl\/2025\/12\/09\/potovanje\/skotska-na-dosegu-roke-5-dih-jemajocih-gradov-ki-so-se-danes-obdani-z-legendami\/#primaryimage"},"thumbnailUrl":"https:\/\/funzine.hu\/wp-content\/uploads\/2025\/12\/scotland-7264041_1280.jpg","datePublished":"2025-12-09T09:24:11+00:00","author":{"@id":"https:\/\/funzine.hu\/#\/schema\/person\/f3864a88f41183e8c3af70534ac28bb4"},"breadcrumb":{"@id":"https:\/\/funzine.hu\/sl\/2025\/12\/09\/potovanje\/skotska-na-dosegu-roke-5-dih-jemajocih-gradov-ki-so-se-danes-obdani-z-legendami\/#breadcrumb"},"inLanguage":"sl-SI","potentialAction":[{"@type":"ReadAction","target":["https:\/\/funzine.hu\/sl\/2025\/12\/09\/potovanje\/skotska-na-dosegu-roke-5-dih-jemajocih-gradov-ki-so-se-danes-obdani-z-legendami\/"]}]},{"@type":"ImageObject","inLanguage":"sl-SI","@id":"https:\/\/funzine.hu\/sl\/2025\/12\/09\/potovanje\/skotska-na-dosegu-roke-5-dih-jemajocih-gradov-ki-so-se-danes-obdani-z-legendami\/#primaryimage","url":"https:\/\/funzine.hu\/wp-content\/uploads\/2025\/12\/scotland-7264041_1280.jpg","contentUrl":"https:\/\/funzine.hu\/wp-content\/uploads\/2025\/12\/scotland-7264041_1280.jpg","width":862,"height":1280,"caption":"ilustracija - pixabay.com"},{"@type":"BreadcrumbList","@id":"https:\/\/funzine.hu\/sl\/2025\/12\/09\/potovanje\/skotska-na-dosegu-roke-5-dih-jemajocih-gradov-ki-so-se-danes-obdani-z-legendami\/#breadcrumb","itemListElement":[{"@type":"ListItem","position":1,"name":"Home","item":"https:\/\/funzine.hu\/sl\/"},{"@type":"ListItem","position":2,"name":"\u0160kotska na dosegu roke: 5 dih jemajo\u010dih gradov, ki so \u0161e danes obdani z legendami"}]},{"@type":"WebSite","@id":"https:\/\/funzine.hu\/#website","url":"https:\/\/funzine.hu\/","name":"Funzine","description":"","potentialAction":[{"@type":"SearchAction","target":{"@type":"EntryPoint","urlTemplate":"https:\/\/funzine.hu\/?s={search_term_string}"},"query-input":{"@type":"PropertyValueSpecification","valueRequired":true,"valueName":"search_term_string"}}],"inLanguage":"sl-SI"},{"@type":"Person","@id":"https:\/\/funzine.hu\/#\/schema\/person\/f3864a88f41183e8c3af70534ac28bb4","name":"Bodn\u00e1r Zsuzsa","image":{"@type":"ImageObject","inLanguage":"sl-SI","@id":"https:\/\/secure.gravatar.com\/avatar\/3dac04a042bfb0c015d0f893ef5eb9cca9d966bb5795039862dafd8d2ab5d410?s=96&d=mm&r=g","url":"https:\/\/secure.gravatar.com\/avatar\/3dac04a042bfb0c015d0f893ef5eb9cca9d966bb5795039862dafd8d2ab5d410?s=96&d=mm&r=g","contentUrl":"https:\/\/secure.gravatar.com\/avatar\/3dac04a042bfb0c015d0f893ef5eb9cca9d966bb5795039862dafd8d2ab5d410?s=96&d=mm&r=g","caption":"Bodn\u00e1r Zsuzsa"},"url":"https:\/\/funzine.hu\/sl\/author\/bodnar-zsuzsa-1984\/"}]}},"amp_enabled":true,"_links":{"self":[{"href":"https:\/\/funzine.hu\/sl\/wp-json\/wp\/v2\/posts\/617361","targetHints":{"allow":["GET"]}}],"collection":[{"href":"https:\/\/funzine.hu\/sl\/wp-json\/wp\/v2\/posts"}],"about":[{"href":"https:\/\/funzine.hu\/sl\/wp-json\/wp\/v2\/types\/post"}],"author":[{"embeddable":true,"href":"https:\/\/funzine.hu\/sl\/wp-json\/wp\/v2\/users\/391"}],"replies":[{"embeddable":true,"href":"https:\/\/funzine.hu\/sl\/wp-json\/wp\/v2\/comments?post=617361"}],"version-history":[{"count":2,"href":"https:\/\/funzine.hu\/sl\/wp-json\/wp\/v2\/posts\/617361\/revisions"}],"predecessor-version":[{"id":617364,"href":"https:\/\/funzine.hu\/sl\/wp-json\/wp\/v2\/posts\/617361\/revisions\/617364"}],"wp:featuredmedia":[{"embeddable":true,"href":"https:\/\/funzine.hu\/sl\/wp-json\/wp\/v2\/media\/617362"}],"wp:attachment":[{"href":"https:\/\/funzine.hu\/sl\/wp-json\/wp\/v2\/media?parent=617361"}],"wp:term":[{"taxonomy":"category","embeddable":true,"href":"https:\/\/funzine.hu\/sl\/wp-json\/wp\/v2\/categories?post=617361"},{"taxonomy":"post_tag","embeddable":true,"href":"https:\/\/funzine.hu\/sl\/wp-json\/wp\/v2\/tags?post=617361"},{"taxonomy":"post_places","embeddable":true,"href":"https:\/\/funzine.hu\/sl\/wp-json\/wp\/v2\/post_places?post=617361"}],"curies":[{"name":"wp","href":"https:\/\/api.w.org\/{rel}","templated":true}]}}