{"id":615108,"date":"2025-11-13T11:45:52","date_gmt":"2025-11-13T10:45:52","guid":{"rendered":"https:\/\/funzine.hu\/?p=615108"},"modified":"2025-11-13T11:45:52","modified_gmt":"2025-11-13T10:45:52","slug":"10-carobnih-arboretumov-po-vsej-drzavi-kjer-vas-caka-blesceca-jesenska-pravljicna-dezela","status":"publish","type":"post","link":"https:\/\/funzine.hu\/sl\/2025\/11\/13\/potovanje\/10-carobnih-arboretumov-po-vsej-drzavi-kjer-vas-caka-blesceca-jesenska-pravljicna-dezela\/","title":{"rendered":"10 \u010darobnih arboretumov po vsej dr\u017eavi, kjer vas \u010daka ble\u0161\u010de\u010da jesenska pravlji\u010dna de\u017eela"},"content":{"rendered":"<p>prehod pod zlatim listjem in mimo \u0161krlatno pora\u0161\u010denih grmovnic lahko resni\u010dno do\u017eivite tisto, kar so mnogi pesniki posku\u0161ali ubesediti: neprimerljivo, osupljivo \u010darobnost jeseni. Sprehodite se torej po najlep\u0161ih arboretumih na\u0161e dr\u017eave, ki so zdaj zaviti v jesenski sijaj in ponujajo neskon\u010den navdih ter pri\u010dajo o neopisljivi lepoti narave!<\/p>\n<p>Arboretum S\u00e1rv\u00e1r<br \/>\nS\u00e1rv\u00e1r ni vreden obiska le zaradi spro\u0161\u010dujo\u010dih wellness do\u017eivetij: veli\u010dastno naselje, ki meji na grad N\u00e1dasdy, je tudi dom ene najstarej\u0161ih botani\u010dnih zbirk v na\u0161i dr\u017eavi. Pokrajino arboretuma S\u00e1rv\u00e1r zaznamuje obilica skoraj 200 let starih platan, \u010drnih borovcev, tis in japonskih akacij, v tem skoraj petstoletnem rastlinskem raju pa ne manjka niti hrastov dobov. Biser zahodne Mad\u017earske skriva prave redkosti, greh bi bil, \u010de bi ga jeseni zamudili!<br \/>\n9600 S\u00e1rv\u00e1r, V\u00e1rker\u00fclet utca 30\/A<\/p>\n<p>Arboretum Sellye<br \/>\nSellye v \u017eupaniji Baranya je priljubljena destinacija za raziskovalce, ki jih zanimajo zgodovinske znamenitosti. 7,65 hektarja velik arboretum, ki obdaja grad Draskovi\u010d, v mesto privablja celo ljubitelje narave! Jeseni se v arboretumu Sellye obarva zlato ve\u010d kot 240 listavcev, med pisanim listjem pa lahko ob\u010dudujete ve\u010d kot sto zimzelenih vrst. \u010ceprav grad, ki trenutno deluje kot \u0161tudentski dom, ne sprejema obiskovalcev, arboretum vse sprejme z odprtimi vrati in vstopnice sploh ni treba kupiti.<br \/>\n7960 Sellye, Kast\u00e9lypark<\/p>\n<p>Arboretum Kecskem\u00e9t<br \/>\nArboretum prestolnice Kiskuns\u00e1g, ki je brezpla\u010den, je iz Kecskem\u00e9ta enostavno dostopen z avtobusom in avtomobilom. Njegovo obmo\u010dje lahko razdelimo na tri glavne dele: za\u0161\u010ditni gozdni pas, hrastov nabor in zbirko, po slednjem pa se lahko sprehodite po 14 poteh. Po \u010dudovitih poteh se lahko sprehajate med ve\u010d kot 800 vrstami lesnatih rastlin, po ob\u010dudovanju vrtnega ribnika, polnega vodnih rastlin, pa si lahko privo\u0161\u010dite sapo v prijetnem po\u010divali\u0161\u010du \u2013 medtem ko vas navdu\u0161ujejo najlep\u0161e jesenske barve.<\/p>\n<p>6000 Kecskem\u00e9t, Ny\u00edri \u00fat 48.<\/p>\n<p>Arboretum Alcs\u00fat<br \/>\nArboretum Alcs\u00fat, ki se nahaja le 40 km od Budimpe\u0161te, je kraj tako za ljubitelje aktivnega odmora kot za tiste, ki si \u017eelijo napolniti baterije v naravi, ne glede na letni \u010das. Jeseni, obdan z gozdom Csapl\u00e1r, lahko ob\u010dudujete pisano listje med raziskovanjem vrtnih znamenitosti, od romanti\u010dnih ru\u0161evin preteklosti do kapele in otoka Klotild v osr\u010dju arboretuma.<br \/>\n8087 Alcs\u00fatdoboz, Kast\u00e9ly 2.<\/p>\n<p>Botani\u010dni vrt v Segedinu<br \/>\n\u010ce ste jesensko razpolo\u017eeni, ne zamudite Botani\u010dnega vrta v Segedinu! Botani\u010dni vrt, ki pripada Univerzi v Segedinu, je skozi leta postal edinstvena mestna znamenitost, ki zadovolji vse potrebe, zahvaljujo\u010d predanemu delu \u0161tevilnih strokovnjakov. Vedno ve\u010dja in bogatej\u0161a zbirka obiskovalcem ponuja do\u017eivetje v vsakem letnem \u010dasu \u2013 na primer, 8. novembra lahko u\u017eivate v spreminjajo\u010dih se barvah listov na tradicionalnem japonskem prazni\u010dnem dogodku.<\/p>\n<p>6726 Szeged, L\u00f6v\u00f6lde \u00fat 42.<\/p>\n<figure id=\"attachment_615109\" aria-describedby=\"caption-attachment-615109\" style=\"width: 850px\" class=\"wp-caption aligncenter\"><img decoding=\"async\" class=\"size-funzine-large wp-image-615109\" src=\"https:\/\/funzine.hu\/wp-content\/uploads\/2025\/11\/lake-2807197_1280-1200x675.jpg\" alt=\"\" width=\"850\" height=\"478\" srcset=\"https:\/\/funzine.hu\/wp-content\/uploads\/2025\/11\/lake-2807197_1280-1200x675.jpg 1200w, https:\/\/funzine.hu\/wp-content\/uploads\/2025\/11\/lake-2807197_1280-300x169.jpg 300w, https:\/\/funzine.hu\/wp-content\/uploads\/2025\/11\/lake-2807197_1280-1024x576.jpg 1024w, https:\/\/funzine.hu\/wp-content\/uploads\/2025\/11\/lake-2807197_1280-768x432.jpg 768w, https:\/\/funzine.hu\/wp-content\/uploads\/2025\/11\/lake-2807197_1280-480x270.jpg 480w, https:\/\/funzine.hu\/wp-content\/uploads\/2025\/11\/lake-2807197_1280.jpg 1280w\" sizes=\"(max-width: 850px) 100vw, 850px\" \/><figcaption id=\"caption-attachment-615109\" class=\"wp-caption-text\">ilustracija &#8211; pixabay.com<\/figcaption><\/figure>\n<p>Arboretum Agosty\u00e1ni<br \/>\nNekaj kilometrov od Tate, v dolini Bocs\u00e1jt\u00f3, se nahaja edinstveni biser Gerecseja, Arboretum Agosty\u00e1ni, ki se razprostira na 30,5 hektarja. Obmo\u010dje je dom stotinam drevesnih vrst, vklju\u010dno s sekvojami, mo\u010dvirskimi cipresami, brezami, \u017eelezovimi drevesi, javorji in orehi. Najbolj presenetljiva znamenitost arboretuma je jezero v dolini, ki je nastalo z zajezitvijo potoka \u00c1rend\u00e1s in je \u0161e lep\u0161e kot kdaj koli prej, ko je prekrito z jesenskim listjem. Do \u010darobne zbirke rastlin lahko pridete pe\u0161, s kolesom, avtomobilom ali celo z javnim prevozom \u2013 najbolj\u0161e pa je, da je arboretum dostopen celo s psom!<\/p>\n<p>2835 Tata-Agosty\u00e1n, ur: 01134<\/p>\n<p>Arboretum P\u00fcsp\u00f6kszentl\u00e1szl\u00f3<br \/>\nP\u00fcsp\u00f6kszentl\u00e1szl\u00f3 se nahaja le streljaj od Hossz\u00fahet\u00e9nyja in je zlahka dostopen tudi s prijetnim jesenskim sprehodom. Eno uli\u010dno naselje ponuja pohodnikom osupljiv razgled v vsakem letnem \u010dasu, arboretum P\u00fcsp\u00f6kszentl\u00e1szl\u00f3, ki je zdaj odet v jesen, pa jih vabi v osr\u010dje gorovja Mecsek. V arboretumu si lahko od blizu ogledate ve\u010d kot osemdeset vrst dreves in grmovnic z vsega sveta \u2013 med izletom ne zamudite drugih zakladov, skritih v arboretumu, gradu in kapeli!<br \/>\n7694 Hossz\u00fahet\u00e9ny, P\u00fcsp\u00f6kszentl\u00e1szl\u00f3 utca<\/p>\n<p>Arbo-park G\u00f6d\u00f6ll\u0151i<br \/>\nV prenovljenem, \u010dudovito obarvanem arboretumu G\u00f6d\u00f6ll\u0151 lahko pre\u017eivite cel dan, saj poleg divjih in romanti\u010dnih poti, ki potekajo skozenj, \u010dakajo na tiste, ki se \u017eelijo odpraviti v naravo, interaktivne table, fitnes naprave na prostem, klopi z valovi, miniaturna \u017eeleznica in igri\u0161\u010de z gozdno tematiko. Arboretum, ki je le nekaj minut vo\u017enje od sredi\u0161\u010da mesta, je bil ustanovljen leta 1902 in je hitro postal najbolj znan botani\u010dni vrt na Mad\u017earskem. Arboretum trenutno obsega 350 hektarjev, od tega se skoraj 90 % uporablja za gozdarske raziskave, preostalo, \u0161e vedno obse\u017eno obmo\u010dje parka pa si lahko ogledate z vozi\u010dkom ali psom.<br \/>\n2100 G\u00f6d\u00f6ll\u0151, Isaszegi \u00fat 164.<\/p>\n<p>Arboretum Szarvas<br \/>\nV najve\u010djem mad\u017earskem arboretumu so perzijska \u010darobna drevesa, hikorije, praprotni borovci, japonski javorji in pogubna drevesa v \u010dudovitih jesenskih barvah \u2013 in \u0161e nismo omenili \u010dudovitih drevesnih elementov, hrastov in sekvoj &#8230; Szarvasov dragulj, \u00bbPepijev vrt\u00ab, se razprostira na 82 hektarjih in s svojimi 1600 drevesnimi in grmovnimi vrstami je ena najpomembnej\u0161ih drevesnih zbirk v dr\u017eavi. Njegovo raznoliko floro in favno lahko odkrijete med ogledi in vodenimi sprehodi po veli\u010dastnem krajinskem vrtu, celo skrivnosti Vrta skrivnosti pa vas bodo o\u010darale, \u010de obi\u0161\u010dete Szarvas.<br \/>\n5540 Szarvas, 1. okro\u017eje 9.<\/p>\n<p>Arboretum Buda<br \/>\n\u010ce i\u0161\u010dete najlep\u0161e jesenske barve prestolnice, obi\u0161\u010dite Arboretum Buda v 11. okro\u017eju, kjer so tople barve letnega \u010dasa povsod! V vrtu, ki pripada Mad\u017earski univerzi za kmetijstvo in bioznanost, je poleg barvite narave prav tako prijetna tudi ti\u0161ina, ki obdaja vse okoli sebe: tukaj lahko pre\u017eivite \u010das v popolnem miru, medtem ko spoznavate skoraj 2250 rastlinskih vrst.<br \/>\n1114 Budimpe\u0161ta, Vill\u00e1nyi \u00fat 29-43.<\/p>\n","protected":false},"excerpt":{"rendered":"<p>prehod pod zlatim listjem in mimo \u0161krlatno pora\u0161\u010denih grmovnic lahko resni\u010dno do\u017eivite tisto, kar so<\/p>\n","protected":false},"author":391,"featured_media":615109,"comment_status":"closed","ping_status":"closed","sticky":false,"template":"","format":"standard","meta":{"_acf_changed":false,"wprm-recipe-roundup-name":"","wprm-recipe-roundup-description":"","ngg_post_thumbnail":0,"footnotes":""},"categories":[14345],"tags":[],"post_places":[],"class_list":["post-615108","post","type-post","status-publish","format-standard","has-post-thumbnail","hentry","category-potovanje"],"acf":{"connected_places":"","del_image":""},"yoast_head":"<!-- This site is optimized with the Yoast SEO plugin v27.2 - https:\/\/yoast.com\/product\/yoast-seo-wordpress\/ -->\n<title>10 \u010darobnih arboretumov po vsej dr\u017eavi, kjer vas \u010daka ble\u0161\u010de\u010da jesenska pravlji\u010dna de\u017eela<\/title>\n<meta name=\"robots\" content=\"index, follow, max-snippet:-1, max-image-preview:large, max-video-preview:-1\" \/>\n<link rel=\"canonical\" href=\"https:\/\/funzine.hu\/sl\/2025\/11\/13\/potovanje\/10-carobnih-arboretumov-po-vsej-drzavi-kjer-vas-caka-blesceca-jesenska-pravljicna-dezela\/\" \/>\n<meta property=\"og:locale\" content=\"sl_SI\" \/>\n<meta property=\"og:type\" content=\"article\" \/>\n<meta property=\"og:title\" content=\"10 \u010darobnih arboretumov po vsej dr\u017eavi, kjer vas \u010daka ble\u0161\u010de\u010da jesenska pravlji\u010dna de\u017eela\" \/>\n<meta property=\"og:description\" content=\"prehod pod zlatim listjem in mimo \u0161krlatno pora\u0161\u010denih grmovnic lahko resni\u010dno do\u017eivite tisto, kar so\" \/>\n<meta property=\"og:url\" content=\"https:\/\/funzine.hu\/sl\/2025\/11\/13\/potovanje\/10-carobnih-arboretumov-po-vsej-drzavi-kjer-vas-caka-blesceca-jesenska-pravljicna-dezela\/\" \/>\n<meta property=\"og:site_name\" content=\"Funzine\" \/>\n<meta property=\"article:publisher\" content=\"https:\/\/www.facebook.com\/funzine\/\" \/>\n<meta property=\"article:published_time\" content=\"2025-11-13T10:45:52+00:00\" \/>\n<meta property=\"og:image\" content=\"https:\/\/funzine.hu\/wp-content\/uploads\/2025\/11\/lake-2807197_1280.jpg\" \/>\n\t<meta property=\"og:image:width\" content=\"1280\" \/>\n\t<meta property=\"og:image:height\" content=\"720\" \/>\n\t<meta property=\"og:image:type\" content=\"image\/jpeg\" \/>\n<meta name=\"author\" content=\"Bodn\u00e1r Zsuzsa\" \/>\n<meta name=\"twitter:card\" content=\"summary_large_image\" \/>\n<meta name=\"twitter:creator\" content=\"@funzine\" \/>\n<meta name=\"twitter:site\" content=\"@funzine\" \/>\n<meta name=\"twitter:label1\" content=\"Written by\" \/>\n\t<meta name=\"twitter:data1\" content=\"Bodn\u00e1r Zsuzsa\" \/>\n\t<meta name=\"twitter:label2\" content=\"Est. reading time\" \/>\n\t<meta name=\"twitter:data2\" content=\"6 minut\" \/>\n<script type=\"application\/ld+json\" class=\"yoast-schema-graph\">{\"@context\":\"https:\/\/schema.org\",\"@graph\":[{\"@type\":\"NewsArticle\",\"@id\":\"https:\/\/funzine.hu\/sl\/2025\/11\/13\/potovanje\/10-carobnih-arboretumov-po-vsej-drzavi-kjer-vas-caka-blesceca-jesenska-pravljicna-dezela\/#article\",\"isPartOf\":{\"@id\":\"https:\/\/funzine.hu\/sl\/2025\/11\/13\/potovanje\/10-carobnih-arboretumov-po-vsej-drzavi-kjer-vas-caka-blesceca-jesenska-pravljicna-dezela\/\"},\"author\":{\"name\":\"Bodn\u00e1r Zsuzsa\",\"@id\":\"https:\/\/funzine.hu\/#\/schema\/person\/f3864a88f41183e8c3af70534ac28bb4\"},\"headline\":\"10 \u010darobnih arboretumov po vsej dr\u017eavi, kjer vas \u010daka ble\u0161\u010de\u010da jesenska pravlji\u010dna de\u017eela\",\"datePublished\":\"2025-11-13T10:45:52+00:00\",\"mainEntityOfPage\":{\"@id\":\"https:\/\/funzine.hu\/sl\/2025\/11\/13\/potovanje\/10-carobnih-arboretumov-po-vsej-drzavi-kjer-vas-caka-blesceca-jesenska-pravljicna-dezela\/\"},\"wordCount\":970,\"image\":{\"@id\":\"https:\/\/funzine.hu\/sl\/2025\/11\/13\/potovanje\/10-carobnih-arboretumov-po-vsej-drzavi-kjer-vas-caka-blesceca-jesenska-pravljicna-dezela\/#primaryimage\"},\"thumbnailUrl\":\"https:\/\/funzine.hu\/wp-content\/uploads\/2025\/11\/lake-2807197_1280.jpg\",\"articleSection\":[\"Potovanje\"],\"inLanguage\":\"sl-SI\"},{\"@type\":\"WebPage\",\"@id\":\"https:\/\/funzine.hu\/sl\/2025\/11\/13\/potovanje\/10-carobnih-arboretumov-po-vsej-drzavi-kjer-vas-caka-blesceca-jesenska-pravljicna-dezela\/\",\"url\":\"https:\/\/funzine.hu\/sl\/2025\/11\/13\/potovanje\/10-carobnih-arboretumov-po-vsej-drzavi-kjer-vas-caka-blesceca-jesenska-pravljicna-dezela\/\",\"name\":\"10 \u010darobnih arboretumov po vsej dr\u017eavi, kjer vas \u010daka ble\u0161\u010de\u010da jesenska pravlji\u010dna de\u017eela\",\"isPartOf\":{\"@id\":\"https:\/\/funzine.hu\/#website\"},\"primaryImageOfPage\":{\"@id\":\"https:\/\/funzine.hu\/sl\/2025\/11\/13\/potovanje\/10-carobnih-arboretumov-po-vsej-drzavi-kjer-vas-caka-blesceca-jesenska-pravljicna-dezela\/#primaryimage\"},\"image\":{\"@id\":\"https:\/\/funzine.hu\/sl\/2025\/11\/13\/potovanje\/10-carobnih-arboretumov-po-vsej-drzavi-kjer-vas-caka-blesceca-jesenska-pravljicna-dezela\/#primaryimage\"},\"thumbnailUrl\":\"https:\/\/funzine.hu\/wp-content\/uploads\/2025\/11\/lake-2807197_1280.jpg\",\"datePublished\":\"2025-11-13T10:45:52+00:00\",\"author\":{\"@id\":\"https:\/\/funzine.hu\/#\/schema\/person\/f3864a88f41183e8c3af70534ac28bb4\"},\"breadcrumb\":{\"@id\":\"https:\/\/funzine.hu\/sl\/2025\/11\/13\/potovanje\/10-carobnih-arboretumov-po-vsej-drzavi-kjer-vas-caka-blesceca-jesenska-pravljicna-dezela\/#breadcrumb\"},\"inLanguage\":\"sl-SI\",\"potentialAction\":[{\"@type\":\"ReadAction\",\"target\":[\"https:\/\/funzine.hu\/sl\/2025\/11\/13\/potovanje\/10-carobnih-arboretumov-po-vsej-drzavi-kjer-vas-caka-blesceca-jesenska-pravljicna-dezela\/\"]}]},{\"@type\":\"ImageObject\",\"inLanguage\":\"sl-SI\",\"@id\":\"https:\/\/funzine.hu\/sl\/2025\/11\/13\/potovanje\/10-carobnih-arboretumov-po-vsej-drzavi-kjer-vas-caka-blesceca-jesenska-pravljicna-dezela\/#primaryimage\",\"url\":\"https:\/\/funzine.hu\/wp-content\/uploads\/2025\/11\/lake-2807197_1280.jpg\",\"contentUrl\":\"https:\/\/funzine.hu\/wp-content\/uploads\/2025\/11\/lake-2807197_1280.jpg\",\"width\":1280,\"height\":720,\"caption\":\"ilustracija - pixabay.com\"},{\"@type\":\"BreadcrumbList\",\"@id\":\"https:\/\/funzine.hu\/sl\/2025\/11\/13\/potovanje\/10-carobnih-arboretumov-po-vsej-drzavi-kjer-vas-caka-blesceca-jesenska-pravljicna-dezela\/#breadcrumb\",\"itemListElement\":[{\"@type\":\"ListItem\",\"position\":1,\"name\":\"Home\",\"item\":\"https:\/\/funzine.hu\/sl\/\"},{\"@type\":\"ListItem\",\"position\":2,\"name\":\"10 \u010darobnih arboretumov po vsej dr\u017eavi, kjer vas \u010daka ble\u0161\u010de\u010da jesenska pravlji\u010dna de\u017eela\"}]},{\"@type\":\"WebSite\",\"@id\":\"https:\/\/funzine.hu\/#website\",\"url\":\"https:\/\/funzine.hu\/\",\"name\":\"Funzine\",\"description\":\"\",\"potentialAction\":[{\"@type\":\"SearchAction\",\"target\":{\"@type\":\"EntryPoint\",\"urlTemplate\":\"https:\/\/funzine.hu\/?s={search_term_string}\"},\"query-input\":{\"@type\":\"PropertyValueSpecification\",\"valueRequired\":true,\"valueName\":\"search_term_string\"}}],\"inLanguage\":\"sl-SI\"},{\"@type\":\"Person\",\"@id\":\"https:\/\/funzine.hu\/#\/schema\/person\/f3864a88f41183e8c3af70534ac28bb4\",\"name\":\"Bodn\u00e1r Zsuzsa\",\"image\":{\"@type\":\"ImageObject\",\"inLanguage\":\"sl-SI\",\"@id\":\"https:\/\/secure.gravatar.com\/avatar\/3dac04a042bfb0c015d0f893ef5eb9cca9d966bb5795039862dafd8d2ab5d410?s=96&d=mm&r=g\",\"url\":\"https:\/\/secure.gravatar.com\/avatar\/3dac04a042bfb0c015d0f893ef5eb9cca9d966bb5795039862dafd8d2ab5d410?s=96&d=mm&r=g\",\"contentUrl\":\"https:\/\/secure.gravatar.com\/avatar\/3dac04a042bfb0c015d0f893ef5eb9cca9d966bb5795039862dafd8d2ab5d410?s=96&d=mm&r=g\",\"caption\":\"Bodn\u00e1r Zsuzsa\"},\"url\":\"https:\/\/funzine.hu\/sl\/author\/bodnar-zsuzsa-1984\/\"}]}<\/script>\n<!-- \/ Yoast SEO plugin. -->","yoast_head_json":{"title":"10 \u010darobnih arboretumov po vsej dr\u017eavi, kjer vas \u010daka ble\u0161\u010de\u010da jesenska pravlji\u010dna de\u017eela","robots":{"index":"index","follow":"follow","max-snippet":"max-snippet:-1","max-image-preview":"max-image-preview:large","max-video-preview":"max-video-preview:-1"},"canonical":"https:\/\/funzine.hu\/sl\/2025\/11\/13\/potovanje\/10-carobnih-arboretumov-po-vsej-drzavi-kjer-vas-caka-blesceca-jesenska-pravljicna-dezela\/","og_locale":"sl_SI","og_type":"article","og_title":"10 \u010darobnih arboretumov po vsej dr\u017eavi, kjer vas \u010daka ble\u0161\u010de\u010da jesenska pravlji\u010dna de\u017eela","og_description":"prehod pod zlatim listjem in mimo \u0161krlatno pora\u0161\u010denih grmovnic lahko resni\u010dno do\u017eivite tisto, kar so","og_url":"https:\/\/funzine.hu\/sl\/2025\/11\/13\/potovanje\/10-carobnih-arboretumov-po-vsej-drzavi-kjer-vas-caka-blesceca-jesenska-pravljicna-dezela\/","og_site_name":"Funzine","article_publisher":"https:\/\/www.facebook.com\/funzine\/","article_published_time":"2025-11-13T10:45:52+00:00","og_image":[{"width":1280,"height":720,"url":"https:\/\/funzine.hu\/wp-content\/uploads\/2025\/11\/lake-2807197_1280.jpg","type":"image\/jpeg"}],"author":"Bodn\u00e1r Zsuzsa","twitter_card":"summary_large_image","twitter_creator":"@funzine","twitter_site":"@funzine","twitter_misc":{"Written by":"Bodn\u00e1r Zsuzsa","Est. reading time":"6 minut"},"schema":{"@context":"https:\/\/schema.org","@graph":[{"@type":"NewsArticle","@id":"https:\/\/funzine.hu\/sl\/2025\/11\/13\/potovanje\/10-carobnih-arboretumov-po-vsej-drzavi-kjer-vas-caka-blesceca-jesenska-pravljicna-dezela\/#article","isPartOf":{"@id":"https:\/\/funzine.hu\/sl\/2025\/11\/13\/potovanje\/10-carobnih-arboretumov-po-vsej-drzavi-kjer-vas-caka-blesceca-jesenska-pravljicna-dezela\/"},"author":{"name":"Bodn\u00e1r Zsuzsa","@id":"https:\/\/funzine.hu\/#\/schema\/person\/f3864a88f41183e8c3af70534ac28bb4"},"headline":"10 \u010darobnih arboretumov po vsej dr\u017eavi, kjer vas \u010daka ble\u0161\u010de\u010da jesenska pravlji\u010dna de\u017eela","datePublished":"2025-11-13T10:45:52+00:00","mainEntityOfPage":{"@id":"https:\/\/funzine.hu\/sl\/2025\/11\/13\/potovanje\/10-carobnih-arboretumov-po-vsej-drzavi-kjer-vas-caka-blesceca-jesenska-pravljicna-dezela\/"},"wordCount":970,"image":{"@id":"https:\/\/funzine.hu\/sl\/2025\/11\/13\/potovanje\/10-carobnih-arboretumov-po-vsej-drzavi-kjer-vas-caka-blesceca-jesenska-pravljicna-dezela\/#primaryimage"},"thumbnailUrl":"https:\/\/funzine.hu\/wp-content\/uploads\/2025\/11\/lake-2807197_1280.jpg","articleSection":["Potovanje"],"inLanguage":"sl-SI"},{"@type":"WebPage","@id":"https:\/\/funzine.hu\/sl\/2025\/11\/13\/potovanje\/10-carobnih-arboretumov-po-vsej-drzavi-kjer-vas-caka-blesceca-jesenska-pravljicna-dezela\/","url":"https:\/\/funzine.hu\/sl\/2025\/11\/13\/potovanje\/10-carobnih-arboretumov-po-vsej-drzavi-kjer-vas-caka-blesceca-jesenska-pravljicna-dezela\/","name":"10 \u010darobnih arboretumov po vsej dr\u017eavi, kjer vas \u010daka ble\u0161\u010de\u010da jesenska pravlji\u010dna de\u017eela","isPartOf":{"@id":"https:\/\/funzine.hu\/#website"},"primaryImageOfPage":{"@id":"https:\/\/funzine.hu\/sl\/2025\/11\/13\/potovanje\/10-carobnih-arboretumov-po-vsej-drzavi-kjer-vas-caka-blesceca-jesenska-pravljicna-dezela\/#primaryimage"},"image":{"@id":"https:\/\/funzine.hu\/sl\/2025\/11\/13\/potovanje\/10-carobnih-arboretumov-po-vsej-drzavi-kjer-vas-caka-blesceca-jesenska-pravljicna-dezela\/#primaryimage"},"thumbnailUrl":"https:\/\/funzine.hu\/wp-content\/uploads\/2025\/11\/lake-2807197_1280.jpg","datePublished":"2025-11-13T10:45:52+00:00","author":{"@id":"https:\/\/funzine.hu\/#\/schema\/person\/f3864a88f41183e8c3af70534ac28bb4"},"breadcrumb":{"@id":"https:\/\/funzine.hu\/sl\/2025\/11\/13\/potovanje\/10-carobnih-arboretumov-po-vsej-drzavi-kjer-vas-caka-blesceca-jesenska-pravljicna-dezela\/#breadcrumb"},"inLanguage":"sl-SI","potentialAction":[{"@type":"ReadAction","target":["https:\/\/funzine.hu\/sl\/2025\/11\/13\/potovanje\/10-carobnih-arboretumov-po-vsej-drzavi-kjer-vas-caka-blesceca-jesenska-pravljicna-dezela\/"]}]},{"@type":"ImageObject","inLanguage":"sl-SI","@id":"https:\/\/funzine.hu\/sl\/2025\/11\/13\/potovanje\/10-carobnih-arboretumov-po-vsej-drzavi-kjer-vas-caka-blesceca-jesenska-pravljicna-dezela\/#primaryimage","url":"https:\/\/funzine.hu\/wp-content\/uploads\/2025\/11\/lake-2807197_1280.jpg","contentUrl":"https:\/\/funzine.hu\/wp-content\/uploads\/2025\/11\/lake-2807197_1280.jpg","width":1280,"height":720,"caption":"ilustracija - pixabay.com"},{"@type":"BreadcrumbList","@id":"https:\/\/funzine.hu\/sl\/2025\/11\/13\/potovanje\/10-carobnih-arboretumov-po-vsej-drzavi-kjer-vas-caka-blesceca-jesenska-pravljicna-dezela\/#breadcrumb","itemListElement":[{"@type":"ListItem","position":1,"name":"Home","item":"https:\/\/funzine.hu\/sl\/"},{"@type":"ListItem","position":2,"name":"10 \u010darobnih arboretumov po vsej dr\u017eavi, kjer vas \u010daka ble\u0161\u010de\u010da jesenska pravlji\u010dna de\u017eela"}]},{"@type":"WebSite","@id":"https:\/\/funzine.hu\/#website","url":"https:\/\/funzine.hu\/","name":"Funzine","description":"","potentialAction":[{"@type":"SearchAction","target":{"@type":"EntryPoint","urlTemplate":"https:\/\/funzine.hu\/?s={search_term_string}"},"query-input":{"@type":"PropertyValueSpecification","valueRequired":true,"valueName":"search_term_string"}}],"inLanguage":"sl-SI"},{"@type":"Person","@id":"https:\/\/funzine.hu\/#\/schema\/person\/f3864a88f41183e8c3af70534ac28bb4","name":"Bodn\u00e1r Zsuzsa","image":{"@type":"ImageObject","inLanguage":"sl-SI","@id":"https:\/\/secure.gravatar.com\/avatar\/3dac04a042bfb0c015d0f893ef5eb9cca9d966bb5795039862dafd8d2ab5d410?s=96&d=mm&r=g","url":"https:\/\/secure.gravatar.com\/avatar\/3dac04a042bfb0c015d0f893ef5eb9cca9d966bb5795039862dafd8d2ab5d410?s=96&d=mm&r=g","contentUrl":"https:\/\/secure.gravatar.com\/avatar\/3dac04a042bfb0c015d0f893ef5eb9cca9d966bb5795039862dafd8d2ab5d410?s=96&d=mm&r=g","caption":"Bodn\u00e1r Zsuzsa"},"url":"https:\/\/funzine.hu\/sl\/author\/bodnar-zsuzsa-1984\/"}]}},"amp_enabled":true,"_links":{"self":[{"href":"https:\/\/funzine.hu\/sl\/wp-json\/wp\/v2\/posts\/615108","targetHints":{"allow":["GET"]}}],"collection":[{"href":"https:\/\/funzine.hu\/sl\/wp-json\/wp\/v2\/posts"}],"about":[{"href":"https:\/\/funzine.hu\/sl\/wp-json\/wp\/v2\/types\/post"}],"author":[{"embeddable":true,"href":"https:\/\/funzine.hu\/sl\/wp-json\/wp\/v2\/users\/391"}],"replies":[{"embeddable":true,"href":"https:\/\/funzine.hu\/sl\/wp-json\/wp\/v2\/comments?post=615108"}],"version-history":[{"count":1,"href":"https:\/\/funzine.hu\/sl\/wp-json\/wp\/v2\/posts\/615108\/revisions"}],"predecessor-version":[{"id":615110,"href":"https:\/\/funzine.hu\/sl\/wp-json\/wp\/v2\/posts\/615108\/revisions\/615110"}],"wp:featuredmedia":[{"embeddable":true,"href":"https:\/\/funzine.hu\/sl\/wp-json\/wp\/v2\/media\/615109"}],"wp:attachment":[{"href":"https:\/\/funzine.hu\/sl\/wp-json\/wp\/v2\/media?parent=615108"}],"wp:term":[{"taxonomy":"category","embeddable":true,"href":"https:\/\/funzine.hu\/sl\/wp-json\/wp\/v2\/categories?post=615108"},{"taxonomy":"post_tag","embeddable":true,"href":"https:\/\/funzine.hu\/sl\/wp-json\/wp\/v2\/tags?post=615108"},{"taxonomy":"post_places","embeddable":true,"href":"https:\/\/funzine.hu\/sl\/wp-json\/wp\/v2\/post_places?post=615108"}],"curies":[{"name":"wp","href":"https:\/\/api.w.org\/{rel}","templated":true}]}}