{"id":614912,"date":"2025-11-09T22:56:39","date_gmt":"2025-11-09T21:56:39","guid":{"rendered":"https:\/\/funzine.hu\/?p=614912"},"modified":"2025-11-09T22:56:39","modified_gmt":"2025-11-09T21:56:39","slug":"ljubitelje-narave-caka-skatla-z-dragulji-bukka-zavita-v-neprimerljiv-jesenski-sijaj","status":"publish","type":"post","link":"https:\/\/funzine.hu\/sl\/2025\/11\/09\/potovanje\/ljubitelje-narave-caka-skatla-z-dragulji-bukka-zavita-v-neprimerljiv-jesenski-sijaj\/","title":{"rendered":"Ljubitelje narave \u010daka \u0161katla z dragulji B\u00fckka, zavita v neprimerljiv jesenski sijaj"},"content":{"rendered":"<p>Biser gorovja B\u00fckk, Lillaf\u00fcred, se v vsakem letnem \u010dasu prikrade v srca pohodnikov: tokrat vam poka\u017eemo jesenski obraz \u010dudovitega naselja!<\/p>\n<figure id=\"attachment_614913\" aria-describedby=\"caption-attachment-614913\" style=\"width: 850px\" class=\"wp-caption aligncenter\"><img decoding=\"async\" class=\"size-funzine-large wp-image-614913\" src=\"https:\/\/funzine.hu\/wp-content\/uploads\/2025\/11\/beech-2422683_1280-1200x800.jpg\" alt=\"\" width=\"850\" height=\"567\" srcset=\"https:\/\/funzine.hu\/wp-content\/uploads\/2025\/11\/beech-2422683_1280-1200x800.jpg 1200w, https:\/\/funzine.hu\/wp-content\/uploads\/2025\/11\/beech-2422683_1280-300x200.jpg 300w, https:\/\/funzine.hu\/wp-content\/uploads\/2025\/11\/beech-2422683_1280-1024x682.jpg 1024w, https:\/\/funzine.hu\/wp-content\/uploads\/2025\/11\/beech-2422683_1280-768x512.jpg 768w, https:\/\/funzine.hu\/wp-content\/uploads\/2025\/11\/beech-2422683_1280-360x240.jpg 360w, https:\/\/funzine.hu\/wp-content\/uploads\/2025\/11\/beech-2422683_1280.jpg 1280w\" sizes=\"(max-width: 850px) 100vw, 850px\" \/><figcaption id=\"caption-attachment-614913\" class=\"wp-caption-text\">ilustracija &#8211; pixabay.com<\/figcaption><\/figure>\n<p>Komaj 10 kilometrov od sredi\u0161\u010da mesta Miskolc najdete majhno, a toliko bolj impresivno naselje. Lillaf\u00fcred, priljubljena destinacija v regiji, ponuja odli\u010dne programe za smiselno sprostitev pozimi in poleti &#8211; pa naj gre za edinstvene naravne znamenitosti, romanti\u010dne sprehajalne poti ali vzpenjajo\u010de se in padajo\u010de sledi aristokratske elegance.<\/p>\n<p>\u010car doline Szinva vas o\u010dara na vsakem koraku.<br \/>\nSlednjega lahko odkrijete predvsem z obiskom neorenesan\u010dnega hotela Palace. Simbol naselja je nastal na za\u010detku 20. stoletja kot dr\u017eavna nalo\u017eba &#8211; dobra novica je, da je \u0161e vedno odprt za tiste, ki se \u017eelijo sprostiti.<\/p>\n<p>Hotel Palace je od leta 2015 uvr\u0161\u010den tudi na seznam narodnih zakladov na\u0161e dr\u017eave, pod njim pa pohodnike navdu\u0161uje najvi\u0161ji navpi\u010dni slap na Mad\u017earskem, znameniti slap Szinva.<\/p>\n<p>\u010ce \u017eelite, da bo va\u0161 jesenski izlet resni\u010dno nepozaben, se vkrcajte na \u010doln in ob\u010dudujte veli\u010dasten hotel, medtem ko se zibljete na jezeru!<\/p>\n<p>Nato razi\u0161\u010dite vise\u010de mostove in sprehajalne poti ob slapu, kjer lahko do\u017eivite romanti\u010dna do\u017eivetja, kot jih \u0161e niste videli.<\/p>\n<p>Med potovanjem v Lillaf\u00fcred je \u0161e eno do\u017eivetje s seznama \u017eelja, ki ga res ne smete zamuditi: ogled jame! Jesen si lahko popestrite tudi z nenavadnimi dogodiv\u0161\u010dinami z raziskovanjem ve\u010d jam v okolici. V jami Anna ob slapu se 30-minutni vodeni ogledi za\u010dnejo vsak dan od novembra do konca marca opoldne, v jami Szent-Istv\u00e1n pa se 30-minutni vodeni ogledi za\u010dnejo vsako uro med 9. in 14. uro, med katerimi lahko opazujete tudi posebne fosile.<\/p>\n<p>Zato se potopite v jesenske barve Lillaf\u00fcreda in se \u010dim prej vrnite \u2013 na primer spomladi, ko boste lahko ob\u010dudovali pokrajino z Lillaf\u00fcred Libeg\u0151!<\/p>\n","protected":false},"excerpt":{"rendered":"<p>Biser gorovja B\u00fckk, Lillaf\u00fcred, se v vsakem letnem \u010dasu prikrade v srca pohodnikov: tokrat vam<\/p>\n","protected":false},"author":391,"featured_media":614913,"comment_status":"closed","ping_status":"closed","sticky":false,"template":"","format":"standard","meta":{"_acf_changed":false,"wprm-recipe-roundup-name":"","wprm-recipe-roundup-description":"","ngg_post_thumbnail":0,"footnotes":""},"categories":[14345],"tags":[],"post_places":[],"class_list":["post-614912","post","type-post","status-publish","format-standard","has-post-thumbnail","hentry","category-potovanje"],"acf":{"connected_places":"","del_image":""},"yoast_head":"<!-- This site is optimized with the Yoast SEO plugin v27.2 - https:\/\/yoast.com\/product\/yoast-seo-wordpress\/ -->\n<title>Ljubitelje narave \u010daka \u0161katla z dragulji B\u00fckka, zavita v neprimerljiv jesenski sijaj<\/title>\n<meta name=\"robots\" content=\"index, follow, max-snippet:-1, max-image-preview:large, max-video-preview:-1\" \/>\n<link rel=\"canonical\" href=\"https:\/\/funzine.hu\/sl\/2025\/11\/09\/potovanje\/ljubitelje-narave-caka-skatla-z-dragulji-bukka-zavita-v-neprimerljiv-jesenski-sijaj\/\" \/>\n<meta property=\"og:locale\" content=\"sl_SI\" \/>\n<meta property=\"og:type\" content=\"article\" \/>\n<meta property=\"og:title\" content=\"Ljubitelje narave \u010daka \u0161katla z dragulji B\u00fckka, zavita v neprimerljiv jesenski sijaj\" \/>\n<meta property=\"og:description\" content=\"Biser gorovja B\u00fckk, Lillaf\u00fcred, se v vsakem letnem \u010dasu prikrade v srca pohodnikov: tokrat vam\" \/>\n<meta property=\"og:url\" content=\"https:\/\/funzine.hu\/sl\/2025\/11\/09\/potovanje\/ljubitelje-narave-caka-skatla-z-dragulji-bukka-zavita-v-neprimerljiv-jesenski-sijaj\/\" \/>\n<meta property=\"og:site_name\" content=\"Funzine\" \/>\n<meta property=\"article:publisher\" content=\"https:\/\/www.facebook.com\/funzine\/\" \/>\n<meta property=\"article:published_time\" content=\"2025-11-09T21:56:39+00:00\" \/>\n<meta property=\"og:image\" content=\"https:\/\/funzine.hu\/wp-content\/uploads\/2025\/11\/beech-2422683_1280.jpg\" \/>\n\t<meta property=\"og:image:width\" content=\"1280\" \/>\n\t<meta property=\"og:image:height\" content=\"853\" \/>\n\t<meta property=\"og:image:type\" content=\"image\/jpeg\" \/>\n<meta name=\"author\" content=\"Bodn\u00e1r Zsuzsa\" \/>\n<meta name=\"twitter:card\" content=\"summary_large_image\" \/>\n<meta name=\"twitter:creator\" content=\"@funzine\" \/>\n<meta name=\"twitter:site\" content=\"@funzine\" \/>\n<meta name=\"twitter:label1\" content=\"Written by\" \/>\n\t<meta name=\"twitter:data1\" content=\"Bodn\u00e1r Zsuzsa\" \/>\n\t<meta name=\"twitter:label2\" content=\"Est. reading time\" \/>\n\t<meta name=\"twitter:data2\" content=\"2 minuti\" \/>\n<script type=\"application\/ld+json\" class=\"yoast-schema-graph\">{\"@context\":\"https:\/\/schema.org\",\"@graph\":[{\"@type\":\"NewsArticle\",\"@id\":\"https:\/\/funzine.hu\/sl\/2025\/11\/09\/potovanje\/ljubitelje-narave-caka-skatla-z-dragulji-bukka-zavita-v-neprimerljiv-jesenski-sijaj\/#article\",\"isPartOf\":{\"@id\":\"https:\/\/funzine.hu\/sl\/2025\/11\/09\/potovanje\/ljubitelje-narave-caka-skatla-z-dragulji-bukka-zavita-v-neprimerljiv-jesenski-sijaj\/\"},\"author\":{\"name\":\"Bodn\u00e1r Zsuzsa\",\"@id\":\"https:\/\/funzine.hu\/#\/schema\/person\/f3864a88f41183e8c3af70534ac28bb4\"},\"headline\":\"Ljubitelje narave \u010daka \u0161katla z dragulji B\u00fckka, zavita v neprimerljiv jesenski sijaj\",\"datePublished\":\"2025-11-09T21:56:39+00:00\",\"mainEntityOfPage\":{\"@id\":\"https:\/\/funzine.hu\/sl\/2025\/11\/09\/potovanje\/ljubitelje-narave-caka-skatla-z-dragulji-bukka-zavita-v-neprimerljiv-jesenski-sijaj\/\"},\"wordCount\":333,\"image\":{\"@id\":\"https:\/\/funzine.hu\/sl\/2025\/11\/09\/potovanje\/ljubitelje-narave-caka-skatla-z-dragulji-bukka-zavita-v-neprimerljiv-jesenski-sijaj\/#primaryimage\"},\"thumbnailUrl\":\"https:\/\/funzine.hu\/wp-content\/uploads\/2025\/11\/beech-2422683_1280.jpg\",\"articleSection\":[\"Potovanje\"],\"inLanguage\":\"sl-SI\"},{\"@type\":\"WebPage\",\"@id\":\"https:\/\/funzine.hu\/sl\/2025\/11\/09\/potovanje\/ljubitelje-narave-caka-skatla-z-dragulji-bukka-zavita-v-neprimerljiv-jesenski-sijaj\/\",\"url\":\"https:\/\/funzine.hu\/sl\/2025\/11\/09\/potovanje\/ljubitelje-narave-caka-skatla-z-dragulji-bukka-zavita-v-neprimerljiv-jesenski-sijaj\/\",\"name\":\"Ljubitelje narave \u010daka \u0161katla z dragulji B\u00fckka, zavita v neprimerljiv jesenski sijaj\",\"isPartOf\":{\"@id\":\"https:\/\/funzine.hu\/#website\"},\"primaryImageOfPage\":{\"@id\":\"https:\/\/funzine.hu\/sl\/2025\/11\/09\/potovanje\/ljubitelje-narave-caka-skatla-z-dragulji-bukka-zavita-v-neprimerljiv-jesenski-sijaj\/#primaryimage\"},\"image\":{\"@id\":\"https:\/\/funzine.hu\/sl\/2025\/11\/09\/potovanje\/ljubitelje-narave-caka-skatla-z-dragulji-bukka-zavita-v-neprimerljiv-jesenski-sijaj\/#primaryimage\"},\"thumbnailUrl\":\"https:\/\/funzine.hu\/wp-content\/uploads\/2025\/11\/beech-2422683_1280.jpg\",\"datePublished\":\"2025-11-09T21:56:39+00:00\",\"author\":{\"@id\":\"https:\/\/funzine.hu\/#\/schema\/person\/f3864a88f41183e8c3af70534ac28bb4\"},\"breadcrumb\":{\"@id\":\"https:\/\/funzine.hu\/sl\/2025\/11\/09\/potovanje\/ljubitelje-narave-caka-skatla-z-dragulji-bukka-zavita-v-neprimerljiv-jesenski-sijaj\/#breadcrumb\"},\"inLanguage\":\"sl-SI\",\"potentialAction\":[{\"@type\":\"ReadAction\",\"target\":[\"https:\/\/funzine.hu\/sl\/2025\/11\/09\/potovanje\/ljubitelje-narave-caka-skatla-z-dragulji-bukka-zavita-v-neprimerljiv-jesenski-sijaj\/\"]}]},{\"@type\":\"ImageObject\",\"inLanguage\":\"sl-SI\",\"@id\":\"https:\/\/funzine.hu\/sl\/2025\/11\/09\/potovanje\/ljubitelje-narave-caka-skatla-z-dragulji-bukka-zavita-v-neprimerljiv-jesenski-sijaj\/#primaryimage\",\"url\":\"https:\/\/funzine.hu\/wp-content\/uploads\/2025\/11\/beech-2422683_1280.jpg\",\"contentUrl\":\"https:\/\/funzine.hu\/wp-content\/uploads\/2025\/11\/beech-2422683_1280.jpg\",\"width\":1280,\"height\":853,\"caption\":\"ilustracija - pixabay.com\"},{\"@type\":\"BreadcrumbList\",\"@id\":\"https:\/\/funzine.hu\/sl\/2025\/11\/09\/potovanje\/ljubitelje-narave-caka-skatla-z-dragulji-bukka-zavita-v-neprimerljiv-jesenski-sijaj\/#breadcrumb\",\"itemListElement\":[{\"@type\":\"ListItem\",\"position\":1,\"name\":\"Home\",\"item\":\"https:\/\/funzine.hu\/sl\/\"},{\"@type\":\"ListItem\",\"position\":2,\"name\":\"Ljubitelje narave \u010daka \u0161katla z dragulji B\u00fckka, zavita v neprimerljiv jesenski sijaj\"}]},{\"@type\":\"WebSite\",\"@id\":\"https:\/\/funzine.hu\/#website\",\"url\":\"https:\/\/funzine.hu\/\",\"name\":\"Funzine\",\"description\":\"\",\"potentialAction\":[{\"@type\":\"SearchAction\",\"target\":{\"@type\":\"EntryPoint\",\"urlTemplate\":\"https:\/\/funzine.hu\/?s={search_term_string}\"},\"query-input\":{\"@type\":\"PropertyValueSpecification\",\"valueRequired\":true,\"valueName\":\"search_term_string\"}}],\"inLanguage\":\"sl-SI\"},{\"@type\":\"Person\",\"@id\":\"https:\/\/funzine.hu\/#\/schema\/person\/f3864a88f41183e8c3af70534ac28bb4\",\"name\":\"Bodn\u00e1r Zsuzsa\",\"image\":{\"@type\":\"ImageObject\",\"inLanguage\":\"sl-SI\",\"@id\":\"https:\/\/secure.gravatar.com\/avatar\/3dac04a042bfb0c015d0f893ef5eb9cca9d966bb5795039862dafd8d2ab5d410?s=96&d=mm&r=g\",\"url\":\"https:\/\/secure.gravatar.com\/avatar\/3dac04a042bfb0c015d0f893ef5eb9cca9d966bb5795039862dafd8d2ab5d410?s=96&d=mm&r=g\",\"contentUrl\":\"https:\/\/secure.gravatar.com\/avatar\/3dac04a042bfb0c015d0f893ef5eb9cca9d966bb5795039862dafd8d2ab5d410?s=96&d=mm&r=g\",\"caption\":\"Bodn\u00e1r Zsuzsa\"},\"url\":\"https:\/\/funzine.hu\/sl\/author\/bodnar-zsuzsa-1984\/\"}]}<\/script>\n<!-- \/ Yoast SEO plugin. -->","yoast_head_json":{"title":"Ljubitelje narave \u010daka \u0161katla z dragulji B\u00fckka, zavita v neprimerljiv jesenski sijaj","robots":{"index":"index","follow":"follow","max-snippet":"max-snippet:-1","max-image-preview":"max-image-preview:large","max-video-preview":"max-video-preview:-1"},"canonical":"https:\/\/funzine.hu\/sl\/2025\/11\/09\/potovanje\/ljubitelje-narave-caka-skatla-z-dragulji-bukka-zavita-v-neprimerljiv-jesenski-sijaj\/","og_locale":"sl_SI","og_type":"article","og_title":"Ljubitelje narave \u010daka \u0161katla z dragulji B\u00fckka, zavita v neprimerljiv jesenski sijaj","og_description":"Biser gorovja B\u00fckk, Lillaf\u00fcred, se v vsakem letnem \u010dasu prikrade v srca pohodnikov: tokrat vam","og_url":"https:\/\/funzine.hu\/sl\/2025\/11\/09\/potovanje\/ljubitelje-narave-caka-skatla-z-dragulji-bukka-zavita-v-neprimerljiv-jesenski-sijaj\/","og_site_name":"Funzine","article_publisher":"https:\/\/www.facebook.com\/funzine\/","article_published_time":"2025-11-09T21:56:39+00:00","og_image":[{"width":1280,"height":853,"url":"https:\/\/funzine.hu\/wp-content\/uploads\/2025\/11\/beech-2422683_1280.jpg","type":"image\/jpeg"}],"author":"Bodn\u00e1r Zsuzsa","twitter_card":"summary_large_image","twitter_creator":"@funzine","twitter_site":"@funzine","twitter_misc":{"Written by":"Bodn\u00e1r Zsuzsa","Est. reading time":"2 minuti"},"schema":{"@context":"https:\/\/schema.org","@graph":[{"@type":"NewsArticle","@id":"https:\/\/funzine.hu\/sl\/2025\/11\/09\/potovanje\/ljubitelje-narave-caka-skatla-z-dragulji-bukka-zavita-v-neprimerljiv-jesenski-sijaj\/#article","isPartOf":{"@id":"https:\/\/funzine.hu\/sl\/2025\/11\/09\/potovanje\/ljubitelje-narave-caka-skatla-z-dragulji-bukka-zavita-v-neprimerljiv-jesenski-sijaj\/"},"author":{"name":"Bodn\u00e1r Zsuzsa","@id":"https:\/\/funzine.hu\/#\/schema\/person\/f3864a88f41183e8c3af70534ac28bb4"},"headline":"Ljubitelje narave \u010daka \u0161katla z dragulji B\u00fckka, zavita v neprimerljiv jesenski sijaj","datePublished":"2025-11-09T21:56:39+00:00","mainEntityOfPage":{"@id":"https:\/\/funzine.hu\/sl\/2025\/11\/09\/potovanje\/ljubitelje-narave-caka-skatla-z-dragulji-bukka-zavita-v-neprimerljiv-jesenski-sijaj\/"},"wordCount":333,"image":{"@id":"https:\/\/funzine.hu\/sl\/2025\/11\/09\/potovanje\/ljubitelje-narave-caka-skatla-z-dragulji-bukka-zavita-v-neprimerljiv-jesenski-sijaj\/#primaryimage"},"thumbnailUrl":"https:\/\/funzine.hu\/wp-content\/uploads\/2025\/11\/beech-2422683_1280.jpg","articleSection":["Potovanje"],"inLanguage":"sl-SI"},{"@type":"WebPage","@id":"https:\/\/funzine.hu\/sl\/2025\/11\/09\/potovanje\/ljubitelje-narave-caka-skatla-z-dragulji-bukka-zavita-v-neprimerljiv-jesenski-sijaj\/","url":"https:\/\/funzine.hu\/sl\/2025\/11\/09\/potovanje\/ljubitelje-narave-caka-skatla-z-dragulji-bukka-zavita-v-neprimerljiv-jesenski-sijaj\/","name":"Ljubitelje narave \u010daka \u0161katla z dragulji B\u00fckka, zavita v neprimerljiv jesenski sijaj","isPartOf":{"@id":"https:\/\/funzine.hu\/#website"},"primaryImageOfPage":{"@id":"https:\/\/funzine.hu\/sl\/2025\/11\/09\/potovanje\/ljubitelje-narave-caka-skatla-z-dragulji-bukka-zavita-v-neprimerljiv-jesenski-sijaj\/#primaryimage"},"image":{"@id":"https:\/\/funzine.hu\/sl\/2025\/11\/09\/potovanje\/ljubitelje-narave-caka-skatla-z-dragulji-bukka-zavita-v-neprimerljiv-jesenski-sijaj\/#primaryimage"},"thumbnailUrl":"https:\/\/funzine.hu\/wp-content\/uploads\/2025\/11\/beech-2422683_1280.jpg","datePublished":"2025-11-09T21:56:39+00:00","author":{"@id":"https:\/\/funzine.hu\/#\/schema\/person\/f3864a88f41183e8c3af70534ac28bb4"},"breadcrumb":{"@id":"https:\/\/funzine.hu\/sl\/2025\/11\/09\/potovanje\/ljubitelje-narave-caka-skatla-z-dragulji-bukka-zavita-v-neprimerljiv-jesenski-sijaj\/#breadcrumb"},"inLanguage":"sl-SI","potentialAction":[{"@type":"ReadAction","target":["https:\/\/funzine.hu\/sl\/2025\/11\/09\/potovanje\/ljubitelje-narave-caka-skatla-z-dragulji-bukka-zavita-v-neprimerljiv-jesenski-sijaj\/"]}]},{"@type":"ImageObject","inLanguage":"sl-SI","@id":"https:\/\/funzine.hu\/sl\/2025\/11\/09\/potovanje\/ljubitelje-narave-caka-skatla-z-dragulji-bukka-zavita-v-neprimerljiv-jesenski-sijaj\/#primaryimage","url":"https:\/\/funzine.hu\/wp-content\/uploads\/2025\/11\/beech-2422683_1280.jpg","contentUrl":"https:\/\/funzine.hu\/wp-content\/uploads\/2025\/11\/beech-2422683_1280.jpg","width":1280,"height":853,"caption":"ilustracija - pixabay.com"},{"@type":"BreadcrumbList","@id":"https:\/\/funzine.hu\/sl\/2025\/11\/09\/potovanje\/ljubitelje-narave-caka-skatla-z-dragulji-bukka-zavita-v-neprimerljiv-jesenski-sijaj\/#breadcrumb","itemListElement":[{"@type":"ListItem","position":1,"name":"Home","item":"https:\/\/funzine.hu\/sl\/"},{"@type":"ListItem","position":2,"name":"Ljubitelje narave \u010daka \u0161katla z dragulji B\u00fckka, zavita v neprimerljiv jesenski sijaj"}]},{"@type":"WebSite","@id":"https:\/\/funzine.hu\/#website","url":"https:\/\/funzine.hu\/","name":"Funzine","description":"","potentialAction":[{"@type":"SearchAction","target":{"@type":"EntryPoint","urlTemplate":"https:\/\/funzine.hu\/?s={search_term_string}"},"query-input":{"@type":"PropertyValueSpecification","valueRequired":true,"valueName":"search_term_string"}}],"inLanguage":"sl-SI"},{"@type":"Person","@id":"https:\/\/funzine.hu\/#\/schema\/person\/f3864a88f41183e8c3af70534ac28bb4","name":"Bodn\u00e1r Zsuzsa","image":{"@type":"ImageObject","inLanguage":"sl-SI","@id":"https:\/\/secure.gravatar.com\/avatar\/3dac04a042bfb0c015d0f893ef5eb9cca9d966bb5795039862dafd8d2ab5d410?s=96&d=mm&r=g","url":"https:\/\/secure.gravatar.com\/avatar\/3dac04a042bfb0c015d0f893ef5eb9cca9d966bb5795039862dafd8d2ab5d410?s=96&d=mm&r=g","contentUrl":"https:\/\/secure.gravatar.com\/avatar\/3dac04a042bfb0c015d0f893ef5eb9cca9d966bb5795039862dafd8d2ab5d410?s=96&d=mm&r=g","caption":"Bodn\u00e1r Zsuzsa"},"url":"https:\/\/funzine.hu\/sl\/author\/bodnar-zsuzsa-1984\/"}]}},"amp_enabled":true,"_links":{"self":[{"href":"https:\/\/funzine.hu\/sl\/wp-json\/wp\/v2\/posts\/614912","targetHints":{"allow":["GET"]}}],"collection":[{"href":"https:\/\/funzine.hu\/sl\/wp-json\/wp\/v2\/posts"}],"about":[{"href":"https:\/\/funzine.hu\/sl\/wp-json\/wp\/v2\/types\/post"}],"author":[{"embeddable":true,"href":"https:\/\/funzine.hu\/sl\/wp-json\/wp\/v2\/users\/391"}],"replies":[{"embeddable":true,"href":"https:\/\/funzine.hu\/sl\/wp-json\/wp\/v2\/comments?post=614912"}],"version-history":[{"count":1,"href":"https:\/\/funzine.hu\/sl\/wp-json\/wp\/v2\/posts\/614912\/revisions"}],"predecessor-version":[{"id":614914,"href":"https:\/\/funzine.hu\/sl\/wp-json\/wp\/v2\/posts\/614912\/revisions\/614914"}],"wp:featuredmedia":[{"embeddable":true,"href":"https:\/\/funzine.hu\/sl\/wp-json\/wp\/v2\/media\/614913"}],"wp:attachment":[{"href":"https:\/\/funzine.hu\/sl\/wp-json\/wp\/v2\/media?parent=614912"}],"wp:term":[{"taxonomy":"category","embeddable":true,"href":"https:\/\/funzine.hu\/sl\/wp-json\/wp\/v2\/categories?post=614912"},{"taxonomy":"post_tag","embeddable":true,"href":"https:\/\/funzine.hu\/sl\/wp-json\/wp\/v2\/tags?post=614912"},{"taxonomy":"post_places","embeddable":true,"href":"https:\/\/funzine.hu\/sl\/wp-json\/wp\/v2\/post_places?post=614912"}],"curies":[{"name":"wp","href":"https:\/\/api.w.org\/{rel}","templated":true}]}}