{"id":614729,"date":"2025-11-05T12:15:59","date_gmt":"2025-11-05T11:15:59","guid":{"rendered":"https:\/\/funzine.hu\/?p=614729"},"modified":"2025-11-05T12:15:59","modified_gmt":"2025-11-05T11:15:59","slug":"seznam-kulturnih-zelja-5-programov-v-budimpesti-ki-bodo-novembra-prinesli-barvitost","status":"publish","type":"post","link":"https:\/\/funzine.hu\/sl\/2025\/11\/05\/potovanje\/seznam-kulturnih-zelja-5-programov-v-budimpesti-ki-bodo-novembra-prinesli-barvitost\/","title":{"rendered":"Seznam kulturnih \u017eelja: 5 programov v Budimpe\u0161ti, ki bodo novembra prinesli barvitost"},"content":{"rendered":"<p>Vznemirljiva, miselno spodbudna, zabavna ali preprosto osupljiva \u2013 umetnost je lahko zelo raznolika. Eno je gotovo: \u010de boste odkljukali vse to\u010dke na na\u0161em novembrskem seznamu \u017eelja, ne boste ostali prikraj\u0161ani za kulturni program.<\/p>\n<p>GLEDALI\u0160\u010cE: Candide ali radikalni optimizem \/\/ Narodno gledali\u0161\u010de (2., 3. november 2025)<br \/>\nKdaj smo se nazadnje za trenutek ustavili in se iskreno razveselili malenkosti? Son\u010dnega \u017earka, dobre kave ali dejstva, da smo pravkar prispeli do metroja? \u010ce se te\u017eko spomnimo takega trenutka, je nova produkcija Narodnega gledali\u0161\u010da, Candide ali radikalni optimizem, kot nala\u0161\u010d za nas. V re\u017eiji Aleksandra Popovskega spektakularno in srce parajo\u010de prenese Voltairejevo klasiko v 21. stoletje. Roland Bord\u00e1sov Candide ni naiven sanja\u010d, temve\u010d trmasto \u017eivljenje potrjujo\u010d \u010dlovek, ki posku\u0161a verjeti v dobro tudi v najbolj absurdnih situacijah. Veli\u010dasten vizualni svet, filozofski humor in globoki \u010dlove\u0161ki trenutki skupaj vzbujajo ob\u010dutek osvobajajo\u010dega, da ponovno u\u017eivamo v \u017eivljenju \u2013 z vsemi njegovimi pomanjkljivostmi. Naslednja predstava bo 2. in 3. novembra.<\/p>\n<figure id=\"attachment_614730\" aria-describedby=\"caption-attachment-614730\" style=\"width: 850px\" class=\"wp-caption aligncenter\"><img decoding=\"async\" class=\"size-funzine-large wp-image-614730\" src=\"https:\/\/funzine.hu\/wp-content\/uploads\/2025\/11\/budapest-342499_1280-1200x675.jpg\" alt=\"\" width=\"850\" height=\"478\" srcset=\"https:\/\/funzine.hu\/wp-content\/uploads\/2025\/11\/budapest-342499_1280-1200x675.jpg 1200w, https:\/\/funzine.hu\/wp-content\/uploads\/2025\/11\/budapest-342499_1280-300x169.jpg 300w, https:\/\/funzine.hu\/wp-content\/uploads\/2025\/11\/budapest-342499_1280-1024x576.jpg 1024w, https:\/\/funzine.hu\/wp-content\/uploads\/2025\/11\/budapest-342499_1280-768x432.jpg 768w, https:\/\/funzine.hu\/wp-content\/uploads\/2025\/11\/budapest-342499_1280-480x270.jpg 480w, https:\/\/funzine.hu\/wp-content\/uploads\/2025\/11\/budapest-342499_1280.jpg 1280w\" sizes=\"(max-width: 850px) 100vw, 850px\" \/><figcaption id=\"caption-attachment-614730\" class=\"wp-caption-text\">ilustracija &#8211; pixabay.com<\/figcaption><\/figure>\n<p>FILM: L\u00e1szl\u00f3 Nemes: Sirota<br \/>\n23. oktobra je premierno predvajan mad\u017earski film, nominiran za oskarja, najnovej\u0161e re\u017eisersko delo L\u00e1szl\u00f3ja Nemesa, ki je nagrado \u017ee prejel, Sirota, ki bo predvidoma predvajan ves november tako v kinu Cinema City kot v art kinodvoranah. Film, ki se dogaja leta 1957, je navdihnila re\u017eiserjeva dru\u017einska zgodovina \u2013 glavni junak Andor, ki ga je vzgajala samo mati, je odra\u0161\u010dal z upanjem, da se bo njegov o\u010de, ki je izginil v vojni, nekega dne vrnil. Toda nekega dne se v njihovem domu pojavi mo\u0161ki, ki trdi, da je Andorjev pravi o\u010de, in fant se je prisiljen soo\u010diti s svojimi iluzijami.<\/p>\n<p>LITERATURA: Festival PesText \/\/ Trije krokarji, Literarni muzej Pet\u0151fi (6.\u20138. november 2025)<br \/>\nJeseni v Budimpe\u0161ti poteka obse\u017een dogodek svetovne knji\u017eevnosti \u2013 v okviru PesTexta, ki bo potekal med 6. in 8. novembrom, bodo v mad\u017earsko prestolnico, natan\u010dneje v Tri krokarje in Literarni muzej Pet\u0151fi, med drugim pri\u0161li Silvia Avallone, Inkeri Markkula, Cara Hunter, Miljenko Jergovi\u0107, Andris Kalnozols in Grzegorz Musia\u0142. Ne bo manjkalo pogovorov na odru in podpisovanja knjig \u2013 festival je dobra prilo\u017enost za odkrivanje novih priljubljenih del in osve\u017eitev doma\u010de knji\u017enice.<\/p>\n<p>RAZSTAVA: Brezmejno oblikovanje \/\/ Muzej Kiscelli (do 16. novembra 2025)<br \/>\nPoleg stalnih razstav Muzeja Kiscelli, ki pokrivajo \u0161irok spekter tem, je vredno biti pozoren tudi na ob\u010dasne razstave. Razstava Boundless Design, ki si jo je mogo\u010de ogledati do 16. novembra, na primer zdru\u017euje dela 180 umetnikov iz 18 dr\u017eav, s poudarkom na nizozemskih in poljskih umetnikih. Razstava med drugim zajema zgodovino upognjenega pohi\u0161tva, tekstilna dela, ustvarjena na prese\u010di\u0161\u010du oblikovanja in sodobne glasbe, ter vklju\u010duje tudi dela iz mednarodnega izbora sodobnega oblikovanja in nakita.<\/p>\n<p>GLEDALI\u0160\u010cE: P\u00e9ter K\u00e1rp\u00e1ti in njegovi prijatelji: Mange Dog \/\/ Traf\u00f3 (20. november 2025)<br \/>\nZa\u010deli smo z gledali\u0161\u010dem in na\u0161 seznam \u017eelja bomo zaklju\u010dili z gledali\u0161\u010dem \u2013 tokrat se bomo podali v vode neodvisne scene, ki ni ni\u010d manj pomemben teren za mad\u017earske uprizoritvene umetnosti. Najnovej\u0161a produkcija dramatika in re\u017eiserja P\u00e9terja K\u00e1rp\u00e1tija, R\u00fches kutya, je v sinopsisu opisana kot \u00bbvizionarska kriminalna folklora\u00ab, kar se nam ob ogledu igre zdi dokaj natan\u010dna \u017eanrska oznaka. Neverjetno surova in bizarna predstava, ki jo je navdihnil mo\u010dvirni svet ljudskih pravljic iz Karcse, raziskuje globoke psiholo\u0161ke vidike nasilja.<\/p>\n","protected":false},"excerpt":{"rendered":"<p>Vznemirljiva, miselno spodbudna, zabavna ali preprosto osupljiva \u2013 umetnost je lahko zelo raznolika<\/p>\n","protected":false},"author":391,"featured_media":614730,"comment_status":"closed","ping_status":"closed","sticky":false,"template":"","format":"standard","meta":{"_acf_changed":false,"wprm-recipe-roundup-name":"","wprm-recipe-roundup-description":"","ngg_post_thumbnail":0,"footnotes":""},"categories":[14345],"tags":[],"post_places":[],"class_list":["post-614729","post","type-post","status-publish","format-standard","has-post-thumbnail","hentry","category-potovanje"],"acf":{"connected_places":"","del_image":""},"yoast_head":"<!-- This site is optimized with the Yoast SEO plugin v27.2 - https:\/\/yoast.com\/product\/yoast-seo-wordpress\/ -->\n<title>Seznam kulturnih \u017eelja: 5 programov v Budimpe\u0161ti, ki bodo novembra prinesli barvitost<\/title>\n<meta name=\"robots\" content=\"index, follow, max-snippet:-1, max-image-preview:large, max-video-preview:-1\" \/>\n<link rel=\"canonical\" href=\"https:\/\/funzine.hu\/sl\/2025\/11\/05\/potovanje\/seznam-kulturnih-zelja-5-programov-v-budimpesti-ki-bodo-novembra-prinesli-barvitost\/\" \/>\n<meta property=\"og:locale\" content=\"sl_SI\" \/>\n<meta property=\"og:type\" content=\"article\" \/>\n<meta property=\"og:title\" content=\"Seznam kulturnih \u017eelja: 5 programov v Budimpe\u0161ti, ki bodo novembra prinesli barvitost\" \/>\n<meta property=\"og:description\" content=\"Vznemirljiva, miselno spodbudna, zabavna ali preprosto osupljiva \u2013 umetnost je lahko zelo raznolika\" \/>\n<meta property=\"og:url\" content=\"https:\/\/funzine.hu\/sl\/2025\/11\/05\/potovanje\/seznam-kulturnih-zelja-5-programov-v-budimpesti-ki-bodo-novembra-prinesli-barvitost\/\" \/>\n<meta property=\"og:site_name\" content=\"Funzine\" \/>\n<meta property=\"article:publisher\" content=\"https:\/\/www.facebook.com\/funzine\/\" \/>\n<meta property=\"article:published_time\" content=\"2025-11-05T11:15:59+00:00\" \/>\n<meta property=\"og:image\" content=\"https:\/\/funzine.hu\/wp-content\/uploads\/2025\/11\/budapest-342499_1280.jpg\" \/>\n\t<meta property=\"og:image:width\" content=\"1280\" \/>\n\t<meta property=\"og:image:height\" content=\"720\" \/>\n\t<meta property=\"og:image:type\" content=\"image\/jpeg\" \/>\n<meta name=\"author\" content=\"Bodn\u00e1r Zsuzsa\" \/>\n<meta name=\"twitter:card\" content=\"summary_large_image\" \/>\n<meta name=\"twitter:creator\" content=\"@funzine\" \/>\n<meta name=\"twitter:site\" content=\"@funzine\" \/>\n<meta name=\"twitter:label1\" content=\"Written by\" \/>\n\t<meta name=\"twitter:data1\" content=\"Bodn\u00e1r Zsuzsa\" \/>\n\t<meta name=\"twitter:label2\" content=\"Est. reading time\" \/>\n\t<meta name=\"twitter:data2\" content=\"4 minute\" \/>\n<script type=\"application\/ld+json\" class=\"yoast-schema-graph\">{\"@context\":\"https:\/\/schema.org\",\"@graph\":[{\"@type\":\"NewsArticle\",\"@id\":\"https:\/\/funzine.hu\/sl\/2025\/11\/05\/potovanje\/seznam-kulturnih-zelja-5-programov-v-budimpesti-ki-bodo-novembra-prinesli-barvitost\/#article\",\"isPartOf\":{\"@id\":\"https:\/\/funzine.hu\/sl\/2025\/11\/05\/potovanje\/seznam-kulturnih-zelja-5-programov-v-budimpesti-ki-bodo-novembra-prinesli-barvitost\/\"},\"author\":{\"name\":\"Bodn\u00e1r Zsuzsa\",\"@id\":\"https:\/\/funzine.hu\/#\/schema\/person\/f3864a88f41183e8c3af70534ac28bb4\"},\"headline\":\"Seznam kulturnih \u017eelja: 5 programov v Budimpe\u0161ti, ki bodo novembra prinesli barvitost\",\"datePublished\":\"2025-11-05T11:15:59+00:00\",\"mainEntityOfPage\":{\"@id\":\"https:\/\/funzine.hu\/sl\/2025\/11\/05\/potovanje\/seznam-kulturnih-zelja-5-programov-v-budimpesti-ki-bodo-novembra-prinesli-barvitost\/\"},\"wordCount\":576,\"image\":{\"@id\":\"https:\/\/funzine.hu\/sl\/2025\/11\/05\/potovanje\/seznam-kulturnih-zelja-5-programov-v-budimpesti-ki-bodo-novembra-prinesli-barvitost\/#primaryimage\"},\"thumbnailUrl\":\"https:\/\/funzine.hu\/wp-content\/uploads\/2025\/11\/budapest-342499_1280.jpg\",\"articleSection\":[\"Potovanje\"],\"inLanguage\":\"sl-SI\"},{\"@type\":\"WebPage\",\"@id\":\"https:\/\/funzine.hu\/sl\/2025\/11\/05\/potovanje\/seznam-kulturnih-zelja-5-programov-v-budimpesti-ki-bodo-novembra-prinesli-barvitost\/\",\"url\":\"https:\/\/funzine.hu\/sl\/2025\/11\/05\/potovanje\/seznam-kulturnih-zelja-5-programov-v-budimpesti-ki-bodo-novembra-prinesli-barvitost\/\",\"name\":\"Seznam kulturnih \u017eelja: 5 programov v Budimpe\u0161ti, ki bodo novembra prinesli barvitost\",\"isPartOf\":{\"@id\":\"https:\/\/funzine.hu\/#website\"},\"primaryImageOfPage\":{\"@id\":\"https:\/\/funzine.hu\/sl\/2025\/11\/05\/potovanje\/seznam-kulturnih-zelja-5-programov-v-budimpesti-ki-bodo-novembra-prinesli-barvitost\/#primaryimage\"},\"image\":{\"@id\":\"https:\/\/funzine.hu\/sl\/2025\/11\/05\/potovanje\/seznam-kulturnih-zelja-5-programov-v-budimpesti-ki-bodo-novembra-prinesli-barvitost\/#primaryimage\"},\"thumbnailUrl\":\"https:\/\/funzine.hu\/wp-content\/uploads\/2025\/11\/budapest-342499_1280.jpg\",\"datePublished\":\"2025-11-05T11:15:59+00:00\",\"author\":{\"@id\":\"https:\/\/funzine.hu\/#\/schema\/person\/f3864a88f41183e8c3af70534ac28bb4\"},\"breadcrumb\":{\"@id\":\"https:\/\/funzine.hu\/sl\/2025\/11\/05\/potovanje\/seznam-kulturnih-zelja-5-programov-v-budimpesti-ki-bodo-novembra-prinesli-barvitost\/#breadcrumb\"},\"inLanguage\":\"sl-SI\",\"potentialAction\":[{\"@type\":\"ReadAction\",\"target\":[\"https:\/\/funzine.hu\/sl\/2025\/11\/05\/potovanje\/seznam-kulturnih-zelja-5-programov-v-budimpesti-ki-bodo-novembra-prinesli-barvitost\/\"]}]},{\"@type\":\"ImageObject\",\"inLanguage\":\"sl-SI\",\"@id\":\"https:\/\/funzine.hu\/sl\/2025\/11\/05\/potovanje\/seznam-kulturnih-zelja-5-programov-v-budimpesti-ki-bodo-novembra-prinesli-barvitost\/#primaryimage\",\"url\":\"https:\/\/funzine.hu\/wp-content\/uploads\/2025\/11\/budapest-342499_1280.jpg\",\"contentUrl\":\"https:\/\/funzine.hu\/wp-content\/uploads\/2025\/11\/budapest-342499_1280.jpg\",\"width\":1280,\"height\":720,\"caption\":\"ilustracija - pixabay.com\"},{\"@type\":\"BreadcrumbList\",\"@id\":\"https:\/\/funzine.hu\/sl\/2025\/11\/05\/potovanje\/seznam-kulturnih-zelja-5-programov-v-budimpesti-ki-bodo-novembra-prinesli-barvitost\/#breadcrumb\",\"itemListElement\":[{\"@type\":\"ListItem\",\"position\":1,\"name\":\"Home\",\"item\":\"https:\/\/funzine.hu\/sl\/\"},{\"@type\":\"ListItem\",\"position\":2,\"name\":\"Seznam kulturnih \u017eelja: 5 programov v Budimpe\u0161ti, ki bodo novembra prinesli barvitost\"}]},{\"@type\":\"WebSite\",\"@id\":\"https:\/\/funzine.hu\/#website\",\"url\":\"https:\/\/funzine.hu\/\",\"name\":\"Funzine\",\"description\":\"\",\"potentialAction\":[{\"@type\":\"SearchAction\",\"target\":{\"@type\":\"EntryPoint\",\"urlTemplate\":\"https:\/\/funzine.hu\/?s={search_term_string}\"},\"query-input\":{\"@type\":\"PropertyValueSpecification\",\"valueRequired\":true,\"valueName\":\"search_term_string\"}}],\"inLanguage\":\"sl-SI\"},{\"@type\":\"Person\",\"@id\":\"https:\/\/funzine.hu\/#\/schema\/person\/f3864a88f41183e8c3af70534ac28bb4\",\"name\":\"Bodn\u00e1r Zsuzsa\",\"image\":{\"@type\":\"ImageObject\",\"inLanguage\":\"sl-SI\",\"@id\":\"https:\/\/secure.gravatar.com\/avatar\/3dac04a042bfb0c015d0f893ef5eb9cca9d966bb5795039862dafd8d2ab5d410?s=96&d=mm&r=g\",\"url\":\"https:\/\/secure.gravatar.com\/avatar\/3dac04a042bfb0c015d0f893ef5eb9cca9d966bb5795039862dafd8d2ab5d410?s=96&d=mm&r=g\",\"contentUrl\":\"https:\/\/secure.gravatar.com\/avatar\/3dac04a042bfb0c015d0f893ef5eb9cca9d966bb5795039862dafd8d2ab5d410?s=96&d=mm&r=g\",\"caption\":\"Bodn\u00e1r Zsuzsa\"},\"url\":\"https:\/\/funzine.hu\/sl\/author\/bodnar-zsuzsa-1984\/\"}]}<\/script>\n<!-- \/ Yoast SEO plugin. -->","yoast_head_json":{"title":"Seznam kulturnih \u017eelja: 5 programov v Budimpe\u0161ti, ki bodo novembra prinesli barvitost","robots":{"index":"index","follow":"follow","max-snippet":"max-snippet:-1","max-image-preview":"max-image-preview:large","max-video-preview":"max-video-preview:-1"},"canonical":"https:\/\/funzine.hu\/sl\/2025\/11\/05\/potovanje\/seznam-kulturnih-zelja-5-programov-v-budimpesti-ki-bodo-novembra-prinesli-barvitost\/","og_locale":"sl_SI","og_type":"article","og_title":"Seznam kulturnih \u017eelja: 5 programov v Budimpe\u0161ti, ki bodo novembra prinesli barvitost","og_description":"Vznemirljiva, miselno spodbudna, zabavna ali preprosto osupljiva \u2013 umetnost je lahko zelo raznolika","og_url":"https:\/\/funzine.hu\/sl\/2025\/11\/05\/potovanje\/seznam-kulturnih-zelja-5-programov-v-budimpesti-ki-bodo-novembra-prinesli-barvitost\/","og_site_name":"Funzine","article_publisher":"https:\/\/www.facebook.com\/funzine\/","article_published_time":"2025-11-05T11:15:59+00:00","og_image":[{"width":1280,"height":720,"url":"https:\/\/funzine.hu\/wp-content\/uploads\/2025\/11\/budapest-342499_1280.jpg","type":"image\/jpeg"}],"author":"Bodn\u00e1r Zsuzsa","twitter_card":"summary_large_image","twitter_creator":"@funzine","twitter_site":"@funzine","twitter_misc":{"Written by":"Bodn\u00e1r Zsuzsa","Est. reading time":"4 minute"},"schema":{"@context":"https:\/\/schema.org","@graph":[{"@type":"NewsArticle","@id":"https:\/\/funzine.hu\/sl\/2025\/11\/05\/potovanje\/seznam-kulturnih-zelja-5-programov-v-budimpesti-ki-bodo-novembra-prinesli-barvitost\/#article","isPartOf":{"@id":"https:\/\/funzine.hu\/sl\/2025\/11\/05\/potovanje\/seznam-kulturnih-zelja-5-programov-v-budimpesti-ki-bodo-novembra-prinesli-barvitost\/"},"author":{"name":"Bodn\u00e1r Zsuzsa","@id":"https:\/\/funzine.hu\/#\/schema\/person\/f3864a88f41183e8c3af70534ac28bb4"},"headline":"Seznam kulturnih \u017eelja: 5 programov v Budimpe\u0161ti, ki bodo novembra prinesli barvitost","datePublished":"2025-11-05T11:15:59+00:00","mainEntityOfPage":{"@id":"https:\/\/funzine.hu\/sl\/2025\/11\/05\/potovanje\/seznam-kulturnih-zelja-5-programov-v-budimpesti-ki-bodo-novembra-prinesli-barvitost\/"},"wordCount":576,"image":{"@id":"https:\/\/funzine.hu\/sl\/2025\/11\/05\/potovanje\/seznam-kulturnih-zelja-5-programov-v-budimpesti-ki-bodo-novembra-prinesli-barvitost\/#primaryimage"},"thumbnailUrl":"https:\/\/funzine.hu\/wp-content\/uploads\/2025\/11\/budapest-342499_1280.jpg","articleSection":["Potovanje"],"inLanguage":"sl-SI"},{"@type":"WebPage","@id":"https:\/\/funzine.hu\/sl\/2025\/11\/05\/potovanje\/seznam-kulturnih-zelja-5-programov-v-budimpesti-ki-bodo-novembra-prinesli-barvitost\/","url":"https:\/\/funzine.hu\/sl\/2025\/11\/05\/potovanje\/seznam-kulturnih-zelja-5-programov-v-budimpesti-ki-bodo-novembra-prinesli-barvitost\/","name":"Seznam kulturnih \u017eelja: 5 programov v Budimpe\u0161ti, ki bodo novembra prinesli barvitost","isPartOf":{"@id":"https:\/\/funzine.hu\/#website"},"primaryImageOfPage":{"@id":"https:\/\/funzine.hu\/sl\/2025\/11\/05\/potovanje\/seznam-kulturnih-zelja-5-programov-v-budimpesti-ki-bodo-novembra-prinesli-barvitost\/#primaryimage"},"image":{"@id":"https:\/\/funzine.hu\/sl\/2025\/11\/05\/potovanje\/seznam-kulturnih-zelja-5-programov-v-budimpesti-ki-bodo-novembra-prinesli-barvitost\/#primaryimage"},"thumbnailUrl":"https:\/\/funzine.hu\/wp-content\/uploads\/2025\/11\/budapest-342499_1280.jpg","datePublished":"2025-11-05T11:15:59+00:00","author":{"@id":"https:\/\/funzine.hu\/#\/schema\/person\/f3864a88f41183e8c3af70534ac28bb4"},"breadcrumb":{"@id":"https:\/\/funzine.hu\/sl\/2025\/11\/05\/potovanje\/seznam-kulturnih-zelja-5-programov-v-budimpesti-ki-bodo-novembra-prinesli-barvitost\/#breadcrumb"},"inLanguage":"sl-SI","potentialAction":[{"@type":"ReadAction","target":["https:\/\/funzine.hu\/sl\/2025\/11\/05\/potovanje\/seznam-kulturnih-zelja-5-programov-v-budimpesti-ki-bodo-novembra-prinesli-barvitost\/"]}]},{"@type":"ImageObject","inLanguage":"sl-SI","@id":"https:\/\/funzine.hu\/sl\/2025\/11\/05\/potovanje\/seznam-kulturnih-zelja-5-programov-v-budimpesti-ki-bodo-novembra-prinesli-barvitost\/#primaryimage","url":"https:\/\/funzine.hu\/wp-content\/uploads\/2025\/11\/budapest-342499_1280.jpg","contentUrl":"https:\/\/funzine.hu\/wp-content\/uploads\/2025\/11\/budapest-342499_1280.jpg","width":1280,"height":720,"caption":"ilustracija - pixabay.com"},{"@type":"BreadcrumbList","@id":"https:\/\/funzine.hu\/sl\/2025\/11\/05\/potovanje\/seznam-kulturnih-zelja-5-programov-v-budimpesti-ki-bodo-novembra-prinesli-barvitost\/#breadcrumb","itemListElement":[{"@type":"ListItem","position":1,"name":"Home","item":"https:\/\/funzine.hu\/sl\/"},{"@type":"ListItem","position":2,"name":"Seznam kulturnih \u017eelja: 5 programov v Budimpe\u0161ti, ki bodo novembra prinesli barvitost"}]},{"@type":"WebSite","@id":"https:\/\/funzine.hu\/#website","url":"https:\/\/funzine.hu\/","name":"Funzine","description":"","potentialAction":[{"@type":"SearchAction","target":{"@type":"EntryPoint","urlTemplate":"https:\/\/funzine.hu\/?s={search_term_string}"},"query-input":{"@type":"PropertyValueSpecification","valueRequired":true,"valueName":"search_term_string"}}],"inLanguage":"sl-SI"},{"@type":"Person","@id":"https:\/\/funzine.hu\/#\/schema\/person\/f3864a88f41183e8c3af70534ac28bb4","name":"Bodn\u00e1r Zsuzsa","image":{"@type":"ImageObject","inLanguage":"sl-SI","@id":"https:\/\/secure.gravatar.com\/avatar\/3dac04a042bfb0c015d0f893ef5eb9cca9d966bb5795039862dafd8d2ab5d410?s=96&d=mm&r=g","url":"https:\/\/secure.gravatar.com\/avatar\/3dac04a042bfb0c015d0f893ef5eb9cca9d966bb5795039862dafd8d2ab5d410?s=96&d=mm&r=g","contentUrl":"https:\/\/secure.gravatar.com\/avatar\/3dac04a042bfb0c015d0f893ef5eb9cca9d966bb5795039862dafd8d2ab5d410?s=96&d=mm&r=g","caption":"Bodn\u00e1r Zsuzsa"},"url":"https:\/\/funzine.hu\/sl\/author\/bodnar-zsuzsa-1984\/"}]}},"amp_enabled":true,"_links":{"self":[{"href":"https:\/\/funzine.hu\/sl\/wp-json\/wp\/v2\/posts\/614729","targetHints":{"allow":["GET"]}}],"collection":[{"href":"https:\/\/funzine.hu\/sl\/wp-json\/wp\/v2\/posts"}],"about":[{"href":"https:\/\/funzine.hu\/sl\/wp-json\/wp\/v2\/types\/post"}],"author":[{"embeddable":true,"href":"https:\/\/funzine.hu\/sl\/wp-json\/wp\/v2\/users\/391"}],"replies":[{"embeddable":true,"href":"https:\/\/funzine.hu\/sl\/wp-json\/wp\/v2\/comments?post=614729"}],"version-history":[{"count":1,"href":"https:\/\/funzine.hu\/sl\/wp-json\/wp\/v2\/posts\/614729\/revisions"}],"predecessor-version":[{"id":614731,"href":"https:\/\/funzine.hu\/sl\/wp-json\/wp\/v2\/posts\/614729\/revisions\/614731"}],"wp:featuredmedia":[{"embeddable":true,"href":"https:\/\/funzine.hu\/sl\/wp-json\/wp\/v2\/media\/614730"}],"wp:attachment":[{"href":"https:\/\/funzine.hu\/sl\/wp-json\/wp\/v2\/media?parent=614729"}],"wp:term":[{"taxonomy":"category","embeddable":true,"href":"https:\/\/funzine.hu\/sl\/wp-json\/wp\/v2\/categories?post=614729"},{"taxonomy":"post_tag","embeddable":true,"href":"https:\/\/funzine.hu\/sl\/wp-json\/wp\/v2\/tags?post=614729"},{"taxonomy":"post_places","embeddable":true,"href":"https:\/\/funzine.hu\/sl\/wp-json\/wp\/v2\/post_places?post=614729"}],"curies":[{"name":"wp","href":"https:\/\/api.w.org\/{rel}","templated":true}]}}