{"id":613143,"date":"2025-10-17T10:51:08","date_gmt":"2025-10-17T08:51:08","guid":{"rendered":"https:\/\/funzine.hu\/?p=613143"},"modified":"2025-10-17T10:51:08","modified_gmt":"2025-10-17T08:51:08","slug":"letosnji-zmagovalec-natecaja-razgledna-tocka-leta-vas-popelje-v-neprimerljivo-pokrajino","status":"publish","type":"post","link":"https:\/\/funzine.hu\/sl\/2025\/10\/17\/potovanje\/letosnji-zmagovalec-natecaja-razgledna-tocka-leta-vas-popelje-v-neprimerljivo-pokrajino\/","title":{"rendered":"Leto\u0161nji zmagovalec nate\u010daja Razgledna to\u010dka leta vas popelje v neprimerljivo pokrajino"},"content":{"rendered":"<p>Letos je bil nate\u010daj Razgledna to\u010dka leta razgla\u0161en \u017ee \u0161esti\u010d \u2013 po lanskoletni nagrajeni razgledni to\u010dki Bolgod M\u00f3r v Pannonhalmi je leto\u0161nji zmagovalec v Mecseku.<\/p>\n<p>Akt\u00edv Kalandor vsako leto organizira nate\u010daj Razgledna to\u010dka leta z nerazkritim ciljem, da pohodnike spodbudi k izletom in osvajanju gorskih vrhov, hkrati pa jim raz\u0161iri obzorja tako, da jim poka\u017ee, koliko fantasti\u010dnih destinacij jih \u010daka v na\u0161i dr\u017eavi.<\/p>\n<p>Kon\u010dni zmagovalec je bil razgla\u0161en na podlagi glasov javnosti med desetimi kandidati na seznamu najlep\u0161ih razglednih to\u010dk na Mad\u017earskem. Nate\u010daj se je zaklju\u010dil 29. septembra opolno\u010di \u2013 do zdaj so ljubitelji narave lahko glasovali za naslednje kandidate:<\/p>\n<figure id=\"attachment_613144\" aria-describedby=\"caption-attachment-613144\" style=\"width: 850px\" class=\"wp-caption aligncenter\"><img decoding=\"async\" class=\"size-funzine-large wp-image-613144\" src=\"https:\/\/funzine.hu\/wp-content\/uploads\/2025\/10\/binoculars-1026427_1280-1200x1200.jpg\" alt=\"\" width=\"850\" height=\"850\" srcset=\"https:\/\/funzine.hu\/wp-content\/uploads\/2025\/10\/binoculars-1026427_1280-1200x1200.jpg 1200w, https:\/\/funzine.hu\/wp-content\/uploads\/2025\/10\/binoculars-1026427_1280-300x300.jpg 300w, https:\/\/funzine.hu\/wp-content\/uploads\/2025\/10\/binoculars-1026427_1280-1024x1024.jpg 1024w, https:\/\/funzine.hu\/wp-content\/uploads\/2025\/10\/binoculars-1026427_1280-150x150.jpg 150w, https:\/\/funzine.hu\/wp-content\/uploads\/2025\/10\/binoculars-1026427_1280-768x768.jpg 768w, https:\/\/funzine.hu\/wp-content\/uploads\/2025\/10\/binoculars-1026427_1280-500x500.jpg 500w, https:\/\/funzine.hu\/wp-content\/uploads\/2025\/10\/binoculars-1026427_1280.jpg 1280w\" sizes=\"(max-width: 850px) 100vw, 850px\" \/><figcaption id=\"caption-attachment-613144\" class=\"wp-caption-text\">ilustracija &#8211; pixabay.com<\/figcaption><\/figure>\n<p>Razgledna to\u010dka Csere-hegyi, Als\u00f3\u00f6rs<br \/>\nRazgledna to\u010dka L\u00e1bash\u00e1z, Kisk\u00f6re<br \/>\nRazgledna to\u010dka Thur\u00f3czy Lajos \/ Razgledna to\u010dka Galya, M\u00e1traszentimre<br \/>\nRazgledna to\u010dka Gloriette, Fert\u0151boz<br \/>\nRazgledna to\u010dka Sz\u00e1r-hegyi, Ugod<br \/>\nRazgledna to\u010dka Megyer-hegyi, S\u00e1rospatak<br \/>\nJulianus Lookout, Nagymaros<br \/>\nRazgledna to\u010dka Gortva-J\u00f3j\u00e1rt, P\u00e1szt\u00f3<br \/>\nRazgledna to\u010dka K\u00f6mpe Szeme, Szalaf\u0151<br \/>\nRazgledna to\u010dka Zeng\u0151, Hossz\u00fahet\u00e9ny<\/p>\n<p>Razglednica leta 2025<br \/>\nGlasovanje za razglednico leta 2025 je s prepri\u010dljivo zmago dobilo razgledi\u0161\u010de Zeng\u0151 v Mecseku, ki je prejelo skupno 5.752 glasov. Ni\u010d \u010dudnega: betonski stolp, lepo vpet v pokrajino in obdan s kovinskim okvirjem, ponuja dih jemajo\u010do panoramo.<\/p>\n<p>Med pohodni\u0161tvom po Hossz\u00fahet\u00e9nyju se spla\u010da obiskati razgledni stolp, obnovljen leta 2020, saj je okoli\u0161ka pokrajina z veliko vi\u0161insko razliko in \u0161portno vrednostjo vredna pohoda.<\/p>\n","protected":false},"excerpt":{"rendered":"<p>Letos je bil nate\u010daj Razgledna to\u010dka leta razgla\u0161en \u017ee \u0161esti\u010d \u2013 po lanskoletni nagrajeni razgledni<\/p>\n","protected":false},"author":391,"featured_media":613144,"comment_status":"closed","ping_status":"closed","sticky":false,"template":"","format":"standard","meta":{"_acf_changed":false,"wprm-recipe-roundup-name":"","wprm-recipe-roundup-description":"","ngg_post_thumbnail":0,"footnotes":""},"categories":[14345],"tags":[],"post_places":[],"class_list":["post-613143","post","type-post","status-publish","format-standard","has-post-thumbnail","hentry","category-potovanje"],"acf":{"connected_places":"","del_image":""},"yoast_head":"<!-- This site is optimized with the Yoast SEO plugin v27.2 - https:\/\/yoast.com\/product\/yoast-seo-wordpress\/ -->\n<title>Leto\u0161nji zmagovalec nate\u010daja Razgledna to\u010dka leta vas popelje v neprimerljivo pokrajino<\/title>\n<meta name=\"robots\" content=\"index, follow, max-snippet:-1, max-image-preview:large, max-video-preview:-1\" \/>\n<link rel=\"canonical\" href=\"https:\/\/funzine.hu\/sl\/2025\/10\/17\/potovanje\/letosnji-zmagovalec-natecaja-razgledna-tocka-leta-vas-popelje-v-neprimerljivo-pokrajino\/\" \/>\n<meta property=\"og:locale\" content=\"sl_SI\" \/>\n<meta property=\"og:type\" content=\"article\" \/>\n<meta property=\"og:title\" content=\"Leto\u0161nji zmagovalec nate\u010daja Razgledna to\u010dka leta vas popelje v neprimerljivo pokrajino\" \/>\n<meta property=\"og:description\" content=\"Letos je bil nate\u010daj Razgledna to\u010dka leta razgla\u0161en \u017ee \u0161esti\u010d \u2013 po lanskoletni nagrajeni razgledni\" \/>\n<meta property=\"og:url\" content=\"https:\/\/funzine.hu\/sl\/2025\/10\/17\/potovanje\/letosnji-zmagovalec-natecaja-razgledna-tocka-leta-vas-popelje-v-neprimerljivo-pokrajino\/\" \/>\n<meta property=\"og:site_name\" content=\"Funzine\" \/>\n<meta property=\"article:publisher\" content=\"https:\/\/www.facebook.com\/funzine\/\" \/>\n<meta property=\"article:published_time\" content=\"2025-10-17T08:51:08+00:00\" \/>\n<meta property=\"og:image\" content=\"https:\/\/funzine.hu\/wp-content\/uploads\/2025\/10\/binoculars-1026427_1280.jpg\" \/>\n\t<meta property=\"og:image:width\" content=\"1280\" \/>\n\t<meta property=\"og:image:height\" content=\"1280\" \/>\n\t<meta property=\"og:image:type\" content=\"image\/jpeg\" \/>\n<meta name=\"author\" content=\"Bodn\u00e1r Zsuzsa\" \/>\n<meta name=\"twitter:card\" content=\"summary_large_image\" \/>\n<meta name=\"twitter:creator\" content=\"@funzine\" \/>\n<meta name=\"twitter:site\" content=\"@funzine\" \/>\n<meta name=\"twitter:label1\" content=\"Written by\" \/>\n\t<meta name=\"twitter:data1\" content=\"Bodn\u00e1r Zsuzsa\" \/>\n\t<meta name=\"twitter:label2\" content=\"Est. reading time\" \/>\n\t<meta name=\"twitter:data2\" content=\"2 minuti\" \/>\n<script type=\"application\/ld+json\" class=\"yoast-schema-graph\">{\"@context\":\"https:\/\/schema.org\",\"@graph\":[{\"@type\":\"NewsArticle\",\"@id\":\"https:\/\/funzine.hu\/sl\/2025\/10\/17\/potovanje\/letosnji-zmagovalec-natecaja-razgledna-tocka-leta-vas-popelje-v-neprimerljivo-pokrajino\/#article\",\"isPartOf\":{\"@id\":\"https:\/\/funzine.hu\/sl\/2025\/10\/17\/potovanje\/letosnji-zmagovalec-natecaja-razgledna-tocka-leta-vas-popelje-v-neprimerljivo-pokrajino\/\"},\"author\":{\"name\":\"Bodn\u00e1r Zsuzsa\",\"@id\":\"https:\/\/funzine.hu\/#\/schema\/person\/f3864a88f41183e8c3af70534ac28bb4\"},\"headline\":\"Leto\u0161nji zmagovalec nate\u010daja Razgledna to\u010dka leta vas popelje v neprimerljivo pokrajino\",\"datePublished\":\"2025-10-17T08:51:08+00:00\",\"mainEntityOfPage\":{\"@id\":\"https:\/\/funzine.hu\/sl\/2025\/10\/17\/potovanje\/letosnji-zmagovalec-natecaja-razgledna-tocka-leta-vas-popelje-v-neprimerljivo-pokrajino\/\"},\"wordCount\":283,\"image\":{\"@id\":\"https:\/\/funzine.hu\/sl\/2025\/10\/17\/potovanje\/letosnji-zmagovalec-natecaja-razgledna-tocka-leta-vas-popelje-v-neprimerljivo-pokrajino\/#primaryimage\"},\"thumbnailUrl\":\"https:\/\/funzine.hu\/wp-content\/uploads\/2025\/10\/binoculars-1026427_1280.jpg\",\"articleSection\":[\"Potovanje\"],\"inLanguage\":\"sl-SI\"},{\"@type\":\"WebPage\",\"@id\":\"https:\/\/funzine.hu\/sl\/2025\/10\/17\/potovanje\/letosnji-zmagovalec-natecaja-razgledna-tocka-leta-vas-popelje-v-neprimerljivo-pokrajino\/\",\"url\":\"https:\/\/funzine.hu\/sl\/2025\/10\/17\/potovanje\/letosnji-zmagovalec-natecaja-razgledna-tocka-leta-vas-popelje-v-neprimerljivo-pokrajino\/\",\"name\":\"Leto\u0161nji zmagovalec nate\u010daja Razgledna to\u010dka leta vas popelje v neprimerljivo pokrajino\",\"isPartOf\":{\"@id\":\"https:\/\/funzine.hu\/#website\"},\"primaryImageOfPage\":{\"@id\":\"https:\/\/funzine.hu\/sl\/2025\/10\/17\/potovanje\/letosnji-zmagovalec-natecaja-razgledna-tocka-leta-vas-popelje-v-neprimerljivo-pokrajino\/#primaryimage\"},\"image\":{\"@id\":\"https:\/\/funzine.hu\/sl\/2025\/10\/17\/potovanje\/letosnji-zmagovalec-natecaja-razgledna-tocka-leta-vas-popelje-v-neprimerljivo-pokrajino\/#primaryimage\"},\"thumbnailUrl\":\"https:\/\/funzine.hu\/wp-content\/uploads\/2025\/10\/binoculars-1026427_1280.jpg\",\"datePublished\":\"2025-10-17T08:51:08+00:00\",\"author\":{\"@id\":\"https:\/\/funzine.hu\/#\/schema\/person\/f3864a88f41183e8c3af70534ac28bb4\"},\"breadcrumb\":{\"@id\":\"https:\/\/funzine.hu\/sl\/2025\/10\/17\/potovanje\/letosnji-zmagovalec-natecaja-razgledna-tocka-leta-vas-popelje-v-neprimerljivo-pokrajino\/#breadcrumb\"},\"inLanguage\":\"sl-SI\",\"potentialAction\":[{\"@type\":\"ReadAction\",\"target\":[\"https:\/\/funzine.hu\/sl\/2025\/10\/17\/potovanje\/letosnji-zmagovalec-natecaja-razgledna-tocka-leta-vas-popelje-v-neprimerljivo-pokrajino\/\"]}]},{\"@type\":\"ImageObject\",\"inLanguage\":\"sl-SI\",\"@id\":\"https:\/\/funzine.hu\/sl\/2025\/10\/17\/potovanje\/letosnji-zmagovalec-natecaja-razgledna-tocka-leta-vas-popelje-v-neprimerljivo-pokrajino\/#primaryimage\",\"url\":\"https:\/\/funzine.hu\/wp-content\/uploads\/2025\/10\/binoculars-1026427_1280.jpg\",\"contentUrl\":\"https:\/\/funzine.hu\/wp-content\/uploads\/2025\/10\/binoculars-1026427_1280.jpg\",\"width\":1280,\"height\":1280,\"caption\":\"ilustracija - pixabay.com\"},{\"@type\":\"BreadcrumbList\",\"@id\":\"https:\/\/funzine.hu\/sl\/2025\/10\/17\/potovanje\/letosnji-zmagovalec-natecaja-razgledna-tocka-leta-vas-popelje-v-neprimerljivo-pokrajino\/#breadcrumb\",\"itemListElement\":[{\"@type\":\"ListItem\",\"position\":1,\"name\":\"Home\",\"item\":\"https:\/\/funzine.hu\/sl\/\"},{\"@type\":\"ListItem\",\"position\":2,\"name\":\"Leto\u0161nji zmagovalec nate\u010daja Razgledna to\u010dka leta vas popelje v neprimerljivo pokrajino\"}]},{\"@type\":\"WebSite\",\"@id\":\"https:\/\/funzine.hu\/#website\",\"url\":\"https:\/\/funzine.hu\/\",\"name\":\"Funzine\",\"description\":\"\",\"potentialAction\":[{\"@type\":\"SearchAction\",\"target\":{\"@type\":\"EntryPoint\",\"urlTemplate\":\"https:\/\/funzine.hu\/?s={search_term_string}\"},\"query-input\":{\"@type\":\"PropertyValueSpecification\",\"valueRequired\":true,\"valueName\":\"search_term_string\"}}],\"inLanguage\":\"sl-SI\"},{\"@type\":\"Person\",\"@id\":\"https:\/\/funzine.hu\/#\/schema\/person\/f3864a88f41183e8c3af70534ac28bb4\",\"name\":\"Bodn\u00e1r Zsuzsa\",\"image\":{\"@type\":\"ImageObject\",\"inLanguage\":\"sl-SI\",\"@id\":\"https:\/\/secure.gravatar.com\/avatar\/3dac04a042bfb0c015d0f893ef5eb9cca9d966bb5795039862dafd8d2ab5d410?s=96&d=mm&r=g\",\"url\":\"https:\/\/secure.gravatar.com\/avatar\/3dac04a042bfb0c015d0f893ef5eb9cca9d966bb5795039862dafd8d2ab5d410?s=96&d=mm&r=g\",\"contentUrl\":\"https:\/\/secure.gravatar.com\/avatar\/3dac04a042bfb0c015d0f893ef5eb9cca9d966bb5795039862dafd8d2ab5d410?s=96&d=mm&r=g\",\"caption\":\"Bodn\u00e1r Zsuzsa\"},\"url\":\"https:\/\/funzine.hu\/sl\/author\/bodnar-zsuzsa-1984\/\"}]}<\/script>\n<!-- \/ Yoast SEO plugin. -->","yoast_head_json":{"title":"Leto\u0161nji zmagovalec nate\u010daja Razgledna to\u010dka leta vas popelje v neprimerljivo pokrajino","robots":{"index":"index","follow":"follow","max-snippet":"max-snippet:-1","max-image-preview":"max-image-preview:large","max-video-preview":"max-video-preview:-1"},"canonical":"https:\/\/funzine.hu\/sl\/2025\/10\/17\/potovanje\/letosnji-zmagovalec-natecaja-razgledna-tocka-leta-vas-popelje-v-neprimerljivo-pokrajino\/","og_locale":"sl_SI","og_type":"article","og_title":"Leto\u0161nji zmagovalec nate\u010daja Razgledna to\u010dka leta vas popelje v neprimerljivo pokrajino","og_description":"Letos je bil nate\u010daj Razgledna to\u010dka leta razgla\u0161en \u017ee \u0161esti\u010d \u2013 po lanskoletni nagrajeni razgledni","og_url":"https:\/\/funzine.hu\/sl\/2025\/10\/17\/potovanje\/letosnji-zmagovalec-natecaja-razgledna-tocka-leta-vas-popelje-v-neprimerljivo-pokrajino\/","og_site_name":"Funzine","article_publisher":"https:\/\/www.facebook.com\/funzine\/","article_published_time":"2025-10-17T08:51:08+00:00","og_image":[{"width":1280,"height":1280,"url":"https:\/\/funzine.hu\/wp-content\/uploads\/2025\/10\/binoculars-1026427_1280.jpg","type":"image\/jpeg"}],"author":"Bodn\u00e1r Zsuzsa","twitter_card":"summary_large_image","twitter_creator":"@funzine","twitter_site":"@funzine","twitter_misc":{"Written by":"Bodn\u00e1r Zsuzsa","Est. reading time":"2 minuti"},"schema":{"@context":"https:\/\/schema.org","@graph":[{"@type":"NewsArticle","@id":"https:\/\/funzine.hu\/sl\/2025\/10\/17\/potovanje\/letosnji-zmagovalec-natecaja-razgledna-tocka-leta-vas-popelje-v-neprimerljivo-pokrajino\/#article","isPartOf":{"@id":"https:\/\/funzine.hu\/sl\/2025\/10\/17\/potovanje\/letosnji-zmagovalec-natecaja-razgledna-tocka-leta-vas-popelje-v-neprimerljivo-pokrajino\/"},"author":{"name":"Bodn\u00e1r Zsuzsa","@id":"https:\/\/funzine.hu\/#\/schema\/person\/f3864a88f41183e8c3af70534ac28bb4"},"headline":"Leto\u0161nji zmagovalec nate\u010daja Razgledna to\u010dka leta vas popelje v neprimerljivo pokrajino","datePublished":"2025-10-17T08:51:08+00:00","mainEntityOfPage":{"@id":"https:\/\/funzine.hu\/sl\/2025\/10\/17\/potovanje\/letosnji-zmagovalec-natecaja-razgledna-tocka-leta-vas-popelje-v-neprimerljivo-pokrajino\/"},"wordCount":283,"image":{"@id":"https:\/\/funzine.hu\/sl\/2025\/10\/17\/potovanje\/letosnji-zmagovalec-natecaja-razgledna-tocka-leta-vas-popelje-v-neprimerljivo-pokrajino\/#primaryimage"},"thumbnailUrl":"https:\/\/funzine.hu\/wp-content\/uploads\/2025\/10\/binoculars-1026427_1280.jpg","articleSection":["Potovanje"],"inLanguage":"sl-SI"},{"@type":"WebPage","@id":"https:\/\/funzine.hu\/sl\/2025\/10\/17\/potovanje\/letosnji-zmagovalec-natecaja-razgledna-tocka-leta-vas-popelje-v-neprimerljivo-pokrajino\/","url":"https:\/\/funzine.hu\/sl\/2025\/10\/17\/potovanje\/letosnji-zmagovalec-natecaja-razgledna-tocka-leta-vas-popelje-v-neprimerljivo-pokrajino\/","name":"Leto\u0161nji zmagovalec nate\u010daja Razgledna to\u010dka leta vas popelje v neprimerljivo pokrajino","isPartOf":{"@id":"https:\/\/funzine.hu\/#website"},"primaryImageOfPage":{"@id":"https:\/\/funzine.hu\/sl\/2025\/10\/17\/potovanje\/letosnji-zmagovalec-natecaja-razgledna-tocka-leta-vas-popelje-v-neprimerljivo-pokrajino\/#primaryimage"},"image":{"@id":"https:\/\/funzine.hu\/sl\/2025\/10\/17\/potovanje\/letosnji-zmagovalec-natecaja-razgledna-tocka-leta-vas-popelje-v-neprimerljivo-pokrajino\/#primaryimage"},"thumbnailUrl":"https:\/\/funzine.hu\/wp-content\/uploads\/2025\/10\/binoculars-1026427_1280.jpg","datePublished":"2025-10-17T08:51:08+00:00","author":{"@id":"https:\/\/funzine.hu\/#\/schema\/person\/f3864a88f41183e8c3af70534ac28bb4"},"breadcrumb":{"@id":"https:\/\/funzine.hu\/sl\/2025\/10\/17\/potovanje\/letosnji-zmagovalec-natecaja-razgledna-tocka-leta-vas-popelje-v-neprimerljivo-pokrajino\/#breadcrumb"},"inLanguage":"sl-SI","potentialAction":[{"@type":"ReadAction","target":["https:\/\/funzine.hu\/sl\/2025\/10\/17\/potovanje\/letosnji-zmagovalec-natecaja-razgledna-tocka-leta-vas-popelje-v-neprimerljivo-pokrajino\/"]}]},{"@type":"ImageObject","inLanguage":"sl-SI","@id":"https:\/\/funzine.hu\/sl\/2025\/10\/17\/potovanje\/letosnji-zmagovalec-natecaja-razgledna-tocka-leta-vas-popelje-v-neprimerljivo-pokrajino\/#primaryimage","url":"https:\/\/funzine.hu\/wp-content\/uploads\/2025\/10\/binoculars-1026427_1280.jpg","contentUrl":"https:\/\/funzine.hu\/wp-content\/uploads\/2025\/10\/binoculars-1026427_1280.jpg","width":1280,"height":1280,"caption":"ilustracija - pixabay.com"},{"@type":"BreadcrumbList","@id":"https:\/\/funzine.hu\/sl\/2025\/10\/17\/potovanje\/letosnji-zmagovalec-natecaja-razgledna-tocka-leta-vas-popelje-v-neprimerljivo-pokrajino\/#breadcrumb","itemListElement":[{"@type":"ListItem","position":1,"name":"Home","item":"https:\/\/funzine.hu\/sl\/"},{"@type":"ListItem","position":2,"name":"Leto\u0161nji zmagovalec nate\u010daja Razgledna to\u010dka leta vas popelje v neprimerljivo pokrajino"}]},{"@type":"WebSite","@id":"https:\/\/funzine.hu\/#website","url":"https:\/\/funzine.hu\/","name":"Funzine","description":"","potentialAction":[{"@type":"SearchAction","target":{"@type":"EntryPoint","urlTemplate":"https:\/\/funzine.hu\/?s={search_term_string}"},"query-input":{"@type":"PropertyValueSpecification","valueRequired":true,"valueName":"search_term_string"}}],"inLanguage":"sl-SI"},{"@type":"Person","@id":"https:\/\/funzine.hu\/#\/schema\/person\/f3864a88f41183e8c3af70534ac28bb4","name":"Bodn\u00e1r Zsuzsa","image":{"@type":"ImageObject","inLanguage":"sl-SI","@id":"https:\/\/secure.gravatar.com\/avatar\/3dac04a042bfb0c015d0f893ef5eb9cca9d966bb5795039862dafd8d2ab5d410?s=96&d=mm&r=g","url":"https:\/\/secure.gravatar.com\/avatar\/3dac04a042bfb0c015d0f893ef5eb9cca9d966bb5795039862dafd8d2ab5d410?s=96&d=mm&r=g","contentUrl":"https:\/\/secure.gravatar.com\/avatar\/3dac04a042bfb0c015d0f893ef5eb9cca9d966bb5795039862dafd8d2ab5d410?s=96&d=mm&r=g","caption":"Bodn\u00e1r Zsuzsa"},"url":"https:\/\/funzine.hu\/sl\/author\/bodnar-zsuzsa-1984\/"}]}},"amp_enabled":true,"_links":{"self":[{"href":"https:\/\/funzine.hu\/sl\/wp-json\/wp\/v2\/posts\/613143","targetHints":{"allow":["GET"]}}],"collection":[{"href":"https:\/\/funzine.hu\/sl\/wp-json\/wp\/v2\/posts"}],"about":[{"href":"https:\/\/funzine.hu\/sl\/wp-json\/wp\/v2\/types\/post"}],"author":[{"embeddable":true,"href":"https:\/\/funzine.hu\/sl\/wp-json\/wp\/v2\/users\/391"}],"replies":[{"embeddable":true,"href":"https:\/\/funzine.hu\/sl\/wp-json\/wp\/v2\/comments?post=613143"}],"version-history":[{"count":1,"href":"https:\/\/funzine.hu\/sl\/wp-json\/wp\/v2\/posts\/613143\/revisions"}],"predecessor-version":[{"id":613145,"href":"https:\/\/funzine.hu\/sl\/wp-json\/wp\/v2\/posts\/613143\/revisions\/613145"}],"wp:featuredmedia":[{"embeddable":true,"href":"https:\/\/funzine.hu\/sl\/wp-json\/wp\/v2\/media\/613144"}],"wp:attachment":[{"href":"https:\/\/funzine.hu\/sl\/wp-json\/wp\/v2\/media?parent=613143"}],"wp:term":[{"taxonomy":"category","embeddable":true,"href":"https:\/\/funzine.hu\/sl\/wp-json\/wp\/v2\/categories?post=613143"},{"taxonomy":"post_tag","embeddable":true,"href":"https:\/\/funzine.hu\/sl\/wp-json\/wp\/v2\/tags?post=613143"},{"taxonomy":"post_places","embeddable":true,"href":"https:\/\/funzine.hu\/sl\/wp-json\/wp\/v2\/post_places?post=613143"}],"curies":[{"name":"wp","href":"https:\/\/api.w.org\/{rel}","templated":true}]}}