{"id":612823,"date":"2025-10-13T14:58:07","date_gmt":"2025-10-13T12:58:07","guid":{"rendered":"https:\/\/funzine.hu\/?p=612823"},"modified":"2025-10-13T14:58:07","modified_gmt":"2025-10-13T12:58:07","slug":"5-fascinantnih-znamenitosti-v-vertesu-ki-jih-ne-smete-zamuditi-med-jesenskim-potovanjem","status":"publish","type":"post","link":"https:\/\/funzine.hu\/sl\/2025\/10\/13\/potovanje\/5-fascinantnih-znamenitosti-v-vertesu-ki-jih-ne-smete-zamuditi-med-jesenskim-potovanjem\/","title":{"rendered":"5 fascinantnih znamenitosti v V\u00e9rtesu, ki jih ne smete zamuditi med jesenskim potovanjem"},"content":{"rendered":"<p>Jesensko obdobje, \u0161e posebej september, je odli\u010den \u010das za odhod v naravo in dolge pohode po najlep\u0161ih pokrajinah Mad\u017earske. Zdaj vas vabimo na posebno jesensko pustolov\u0161\u010dino v V\u00e9rtesu, ki skriva \u0161tevilne \u010dudesa.<\/p>\n<p>Grad Cs\u00f3kak\u0151<br \/>\nGotski grad Cs\u00f3kak\u0151, ki se ponosno dviga nad mestom v ju\u017enem delu gorovja V\u00e9rtes, je bil neko\u010d pomembna mejna obrambna zgradba, drugo najmo\u010dnej\u0161e sredi\u0161\u010de v 13. stoletju za Sz\u00e9kesfeh\u00e9rv\u00e1rjem. Danes so okusno obnovljene in skrbno vzdr\u017eevane grajske ru\u0161evine prisotne kot del zgodovine in privabljajo \u0161tevilne pohodnike v to obmo\u010dje. Ogled stavbe je brezpla\u010den in poleg neprimerljive, \u010dudovite panorame ponuja edinstveno izku\u0161njo vsem obiskovalcem z impresivnim pogledom na pobeljene stolpe, pomirjujo\u010do ti\u0161ino kapele in pristno okolje grajskega dvori\u0161\u010da.<\/p>\n<p>Pohodni\u0161tvo v gorovju V\u00e9rtes<br \/>\nMed pohodom v gorovju V\u00e9rtes vam v raznoliki pokrajini zagotovo ne bo dolg\u010das, izbirate pa lahko med \u0161tevilnimi pohodni\u0161kimi potmi. Ju\u017eni del gorovja krasijo sne\u017eno bele pe\u010dine, ki se pojavljajo tu in tam, in \u010de\u0161nje, ki jeseni sijejo v tiso\u010dih barvah. Z vrha gore se pred pohodniki odpre nepozaben razgled, ravnine spodaj, posejane z majhnimi hi\u0161icami, ter hribi in gore, ki se dvigajo v daljavi, tvorijo \u010darobni kontrast in oblikujejo pokrajino. Med pohodom v V\u00e9rtes lahko opazujete raznoliko floro, zna\u010dilno za to obmo\u010dje, za tiste z ostrim o\u010desom pa tudi favno, ki tukaj \u017eivi.<\/p>\n<p>Geolo\u0161ki park boksita, G\u00e1nt<br \/>\nNa pustolov\u0161\u010dini v gorovju V\u00e9rtes, na obrobju G\u00e1nta, rde\u010da in oran\u017ena pobo\u010dja pokrajine, ki velja za redkost v Evropi, ponujajo okus nepozabne izku\u0161nje odprave na Mars. Zapu\u0161\u010deni rudnik boksita na odprtem kopu Rudarske galerije in geolo\u0161kega parka Bal\u00e1s Jen\u0151, ki se nahaja na ju\u017eni konici G\u00e1nta, in u\u010dna pot, ki se vije tukaj, ponujata koristne informacije o spominih, ki so jih za seboj pustila geolo\u0161ka obdobja. Na poti s 13 postajami, ki jo lahko prehodite v uri in pol, se lahko nau\u010dite, kako je nastalo nahajali\u0161\u010de boksita ter kateri minerali in kamnine se nahajajo na tem obmo\u010dju.<\/p>\n<figure id=\"attachment_612824\" aria-describedby=\"caption-attachment-612824\" style=\"width: 850px\" class=\"wp-caption aligncenter\"><img decoding=\"async\" class=\"size-funzine-large wp-image-612824\" src=\"https:\/\/funzine.hu\/wp-content\/uploads\/2025\/10\/hall-3808959_1280-1200x800.jpg\" alt=\"\" width=\"850\" height=\"567\" srcset=\"https:\/\/funzine.hu\/wp-content\/uploads\/2025\/10\/hall-3808959_1280-1200x800.jpg 1200w, https:\/\/funzine.hu\/wp-content\/uploads\/2025\/10\/hall-3808959_1280-300x200.jpg 300w, https:\/\/funzine.hu\/wp-content\/uploads\/2025\/10\/hall-3808959_1280-1024x682.jpg 1024w, https:\/\/funzine.hu\/wp-content\/uploads\/2025\/10\/hall-3808959_1280-768x512.jpg 768w, https:\/\/funzine.hu\/wp-content\/uploads\/2025\/10\/hall-3808959_1280-360x240.jpg 360w, https:\/\/funzine.hu\/wp-content\/uploads\/2025\/10\/hall-3808959_1280.jpg 1280w\" sizes=\"(max-width: 850px) 100vw, 850px\" \/><figcaption id=\"caption-attachment-612824\" class=\"wp-caption-text\">ilustracija &#8211; pixabay.com<\/figcaption><\/figure>\n<p>U\u010dna pot V\u00e9rtes Panorama, Cs\u00e1kber\u00e9ny<\/p>\n<p>Zaslu\u017eeno priljubljena u\u010dna pot V\u00e9rtes Panorama vodi obiskovalce skozi ju\u017eni del gorovja V\u00e9rtes in kot \u017ee ime pove, obljublja osupljiv razgled, ko dose\u017eete vrh gore. Med hojo po poti se lahko prepustite ti\u0161ini gozda, medtem ko opazujete zna\u010dilno vegetacijo pokrajine. Glede na teren se na u\u010dni poti izmenjujejo skalnati travniki, kra\u0161ki grmovni gozdovi, suhi hrastovi gozdovi, bukovi gozdovi in \u010de\u0161njevi gozdovi, ki dajejo pokrajini vznemirljiv videz. Informacijske table vam pomagajo pri orientaciji in spoznavanju obmo\u010dja.<\/p>\n<p>Lovska kapela, Cs\u00e1kv\u00e1r<br \/>\nBogato okra\u0161eno lovsko kapelo, ki se nahaja na obrobju Cs\u00e1kv\u00e1rja, na ju\u017enem robu V\u00e9rtesa, je v 18. stoletju zgradil grof J\u00e1nos Esterh\u00e1zy za god svoje \u017eene Anne. Kapela ni le zgodovinski spomenik, temve\u010d tudi nepozabna destinacija za ljubitelje arhitekture in narave. V 20. stoletju je bila kapela posve\u010dena svetemu Fran\u010di\u0161ku, ki velja za zavetnika \u017eivali in narave. Majhna stavba, ki se nahaja v miru V\u00e9rtesa in ti\u0161ini gozda, je priljubljena med romarji in pohodniki, saj je idealna lokacija za sprostitev v bli\u017eini narave.<\/p>\n","protected":false},"excerpt":{"rendered":"<p>Jesensko obdobje, \u0161e posebej september, je odli\u010den \u010das za odhod v naravo in dolge pohode po<\/p>\n","protected":false},"author":391,"featured_media":612824,"comment_status":"closed","ping_status":"closed","sticky":false,"template":"","format":"standard","meta":{"_acf_changed":false,"wprm-recipe-roundup-name":"","wprm-recipe-roundup-description":"","ngg_post_thumbnail":0,"footnotes":""},"categories":[14345],"tags":[],"post_places":[],"class_list":["post-612823","post","type-post","status-publish","format-standard","has-post-thumbnail","hentry","category-potovanje"],"acf":{"connected_places":"","del_image":""},"yoast_head":"<!-- This site is optimized with the Yoast SEO plugin v27.2 - https:\/\/yoast.com\/product\/yoast-seo-wordpress\/ -->\n<title>5 fascinantnih znamenitosti v V\u00e9rtesu, ki jih ne smete zamuditi med jesenskim potovanjem<\/title>\n<meta name=\"robots\" content=\"index, follow, max-snippet:-1, max-image-preview:large, max-video-preview:-1\" \/>\n<link rel=\"canonical\" href=\"https:\/\/funzine.hu\/sl\/2025\/10\/13\/potovanje\/5-fascinantnih-znamenitosti-v-vertesu-ki-jih-ne-smete-zamuditi-med-jesenskim-potovanjem\/\" \/>\n<meta property=\"og:locale\" content=\"sl_SI\" \/>\n<meta property=\"og:type\" content=\"article\" \/>\n<meta property=\"og:title\" content=\"5 fascinantnih znamenitosti v V\u00e9rtesu, ki jih ne smete zamuditi med jesenskim potovanjem\" \/>\n<meta property=\"og:description\" content=\"Jesensko obdobje, \u0161e posebej september, je odli\u010den \u010das za odhod v naravo in dolge pohode po\" \/>\n<meta property=\"og:url\" content=\"https:\/\/funzine.hu\/sl\/2025\/10\/13\/potovanje\/5-fascinantnih-znamenitosti-v-vertesu-ki-jih-ne-smete-zamuditi-med-jesenskim-potovanjem\/\" \/>\n<meta property=\"og:site_name\" content=\"Funzine\" \/>\n<meta property=\"article:publisher\" content=\"https:\/\/www.facebook.com\/funzine\/\" \/>\n<meta property=\"article:published_time\" content=\"2025-10-13T12:58:07+00:00\" \/>\n<meta property=\"og:image\" content=\"https:\/\/funzine.hu\/wp-content\/uploads\/2025\/10\/hall-3808959_1280.jpg\" \/>\n\t<meta property=\"og:image:width\" content=\"1280\" \/>\n\t<meta property=\"og:image:height\" content=\"853\" \/>\n\t<meta property=\"og:image:type\" content=\"image\/jpeg\" \/>\n<meta name=\"author\" content=\"Bodn\u00e1r Zsuzsa\" \/>\n<meta name=\"twitter:card\" content=\"summary_large_image\" \/>\n<meta name=\"twitter:creator\" content=\"@funzine\" \/>\n<meta name=\"twitter:site\" content=\"@funzine\" \/>\n<meta name=\"twitter:label1\" content=\"Written by\" \/>\n\t<meta name=\"twitter:data1\" content=\"Bodn\u00e1r Zsuzsa\" \/>\n\t<meta name=\"twitter:label2\" content=\"Est. reading time\" \/>\n\t<meta name=\"twitter:data2\" content=\"4 minute\" \/>\n<script type=\"application\/ld+json\" class=\"yoast-schema-graph\">{\"@context\":\"https:\/\/schema.org\",\"@graph\":[{\"@type\":\"NewsArticle\",\"@id\":\"https:\/\/funzine.hu\/sl\/2025\/10\/13\/potovanje\/5-fascinantnih-znamenitosti-v-vertesu-ki-jih-ne-smete-zamuditi-med-jesenskim-potovanjem\/#article\",\"isPartOf\":{\"@id\":\"https:\/\/funzine.hu\/sl\/2025\/10\/13\/potovanje\/5-fascinantnih-znamenitosti-v-vertesu-ki-jih-ne-smete-zamuditi-med-jesenskim-potovanjem\/\"},\"author\":{\"name\":\"Bodn\u00e1r Zsuzsa\",\"@id\":\"https:\/\/funzine.hu\/#\/schema\/person\/f3864a88f41183e8c3af70534ac28bb4\"},\"headline\":\"5 fascinantnih znamenitosti v V\u00e9rtesu, ki jih ne smete zamuditi med jesenskim potovanjem\",\"datePublished\":\"2025-10-13T12:58:07+00:00\",\"mainEntityOfPage\":{\"@id\":\"https:\/\/funzine.hu\/sl\/2025\/10\/13\/potovanje\/5-fascinantnih-znamenitosti-v-vertesu-ki-jih-ne-smete-zamuditi-med-jesenskim-potovanjem\/\"},\"wordCount\":584,\"image\":{\"@id\":\"https:\/\/funzine.hu\/sl\/2025\/10\/13\/potovanje\/5-fascinantnih-znamenitosti-v-vertesu-ki-jih-ne-smete-zamuditi-med-jesenskim-potovanjem\/#primaryimage\"},\"thumbnailUrl\":\"https:\/\/funzine.hu\/wp-content\/uploads\/2025\/10\/hall-3808959_1280.jpg\",\"articleSection\":[\"Potovanje\"],\"inLanguage\":\"sl-SI\"},{\"@type\":\"WebPage\",\"@id\":\"https:\/\/funzine.hu\/sl\/2025\/10\/13\/potovanje\/5-fascinantnih-znamenitosti-v-vertesu-ki-jih-ne-smete-zamuditi-med-jesenskim-potovanjem\/\",\"url\":\"https:\/\/funzine.hu\/sl\/2025\/10\/13\/potovanje\/5-fascinantnih-znamenitosti-v-vertesu-ki-jih-ne-smete-zamuditi-med-jesenskim-potovanjem\/\",\"name\":\"5 fascinantnih znamenitosti v V\u00e9rtesu, ki jih ne smete zamuditi med jesenskim potovanjem\",\"isPartOf\":{\"@id\":\"https:\/\/funzine.hu\/#website\"},\"primaryImageOfPage\":{\"@id\":\"https:\/\/funzine.hu\/sl\/2025\/10\/13\/potovanje\/5-fascinantnih-znamenitosti-v-vertesu-ki-jih-ne-smete-zamuditi-med-jesenskim-potovanjem\/#primaryimage\"},\"image\":{\"@id\":\"https:\/\/funzine.hu\/sl\/2025\/10\/13\/potovanje\/5-fascinantnih-znamenitosti-v-vertesu-ki-jih-ne-smete-zamuditi-med-jesenskim-potovanjem\/#primaryimage\"},\"thumbnailUrl\":\"https:\/\/funzine.hu\/wp-content\/uploads\/2025\/10\/hall-3808959_1280.jpg\",\"datePublished\":\"2025-10-13T12:58:07+00:00\",\"author\":{\"@id\":\"https:\/\/funzine.hu\/#\/schema\/person\/f3864a88f41183e8c3af70534ac28bb4\"},\"breadcrumb\":{\"@id\":\"https:\/\/funzine.hu\/sl\/2025\/10\/13\/potovanje\/5-fascinantnih-znamenitosti-v-vertesu-ki-jih-ne-smete-zamuditi-med-jesenskim-potovanjem\/#breadcrumb\"},\"inLanguage\":\"sl-SI\",\"potentialAction\":[{\"@type\":\"ReadAction\",\"target\":[\"https:\/\/funzine.hu\/sl\/2025\/10\/13\/potovanje\/5-fascinantnih-znamenitosti-v-vertesu-ki-jih-ne-smete-zamuditi-med-jesenskim-potovanjem\/\"]}]},{\"@type\":\"ImageObject\",\"inLanguage\":\"sl-SI\",\"@id\":\"https:\/\/funzine.hu\/sl\/2025\/10\/13\/potovanje\/5-fascinantnih-znamenitosti-v-vertesu-ki-jih-ne-smete-zamuditi-med-jesenskim-potovanjem\/#primaryimage\",\"url\":\"https:\/\/funzine.hu\/wp-content\/uploads\/2025\/10\/hall-3808959_1280.jpg\",\"contentUrl\":\"https:\/\/funzine.hu\/wp-content\/uploads\/2025\/10\/hall-3808959_1280.jpg\",\"width\":1280,\"height\":853,\"caption\":\"ilustracija - pixabay.com\"},{\"@type\":\"BreadcrumbList\",\"@id\":\"https:\/\/funzine.hu\/sl\/2025\/10\/13\/potovanje\/5-fascinantnih-znamenitosti-v-vertesu-ki-jih-ne-smete-zamuditi-med-jesenskim-potovanjem\/#breadcrumb\",\"itemListElement\":[{\"@type\":\"ListItem\",\"position\":1,\"name\":\"Home\",\"item\":\"https:\/\/funzine.hu\/sl\/\"},{\"@type\":\"ListItem\",\"position\":2,\"name\":\"5 fascinantnih znamenitosti v V\u00e9rtesu, ki jih ne smete zamuditi med jesenskim potovanjem\"}]},{\"@type\":\"WebSite\",\"@id\":\"https:\/\/funzine.hu\/#website\",\"url\":\"https:\/\/funzine.hu\/\",\"name\":\"Funzine\",\"description\":\"\",\"potentialAction\":[{\"@type\":\"SearchAction\",\"target\":{\"@type\":\"EntryPoint\",\"urlTemplate\":\"https:\/\/funzine.hu\/?s={search_term_string}\"},\"query-input\":{\"@type\":\"PropertyValueSpecification\",\"valueRequired\":true,\"valueName\":\"search_term_string\"}}],\"inLanguage\":\"sl-SI\"},{\"@type\":\"Person\",\"@id\":\"https:\/\/funzine.hu\/#\/schema\/person\/f3864a88f41183e8c3af70534ac28bb4\",\"name\":\"Bodn\u00e1r Zsuzsa\",\"image\":{\"@type\":\"ImageObject\",\"inLanguage\":\"sl-SI\",\"@id\":\"https:\/\/secure.gravatar.com\/avatar\/3dac04a042bfb0c015d0f893ef5eb9cca9d966bb5795039862dafd8d2ab5d410?s=96&d=mm&r=g\",\"url\":\"https:\/\/secure.gravatar.com\/avatar\/3dac04a042bfb0c015d0f893ef5eb9cca9d966bb5795039862dafd8d2ab5d410?s=96&d=mm&r=g\",\"contentUrl\":\"https:\/\/secure.gravatar.com\/avatar\/3dac04a042bfb0c015d0f893ef5eb9cca9d966bb5795039862dafd8d2ab5d410?s=96&d=mm&r=g\",\"caption\":\"Bodn\u00e1r Zsuzsa\"},\"url\":\"https:\/\/funzine.hu\/sl\/author\/bodnar-zsuzsa-1984\/\"}]}<\/script>\n<!-- \/ Yoast SEO plugin. -->","yoast_head_json":{"title":"5 fascinantnih znamenitosti v V\u00e9rtesu, ki jih ne smete zamuditi med jesenskim potovanjem","robots":{"index":"index","follow":"follow","max-snippet":"max-snippet:-1","max-image-preview":"max-image-preview:large","max-video-preview":"max-video-preview:-1"},"canonical":"https:\/\/funzine.hu\/sl\/2025\/10\/13\/potovanje\/5-fascinantnih-znamenitosti-v-vertesu-ki-jih-ne-smete-zamuditi-med-jesenskim-potovanjem\/","og_locale":"sl_SI","og_type":"article","og_title":"5 fascinantnih znamenitosti v V\u00e9rtesu, ki jih ne smete zamuditi med jesenskim potovanjem","og_description":"Jesensko obdobje, \u0161e posebej september, je odli\u010den \u010das za odhod v naravo in dolge pohode po","og_url":"https:\/\/funzine.hu\/sl\/2025\/10\/13\/potovanje\/5-fascinantnih-znamenitosti-v-vertesu-ki-jih-ne-smete-zamuditi-med-jesenskim-potovanjem\/","og_site_name":"Funzine","article_publisher":"https:\/\/www.facebook.com\/funzine\/","article_published_time":"2025-10-13T12:58:07+00:00","og_image":[{"width":1280,"height":853,"url":"https:\/\/funzine.hu\/wp-content\/uploads\/2025\/10\/hall-3808959_1280.jpg","type":"image\/jpeg"}],"author":"Bodn\u00e1r Zsuzsa","twitter_card":"summary_large_image","twitter_creator":"@funzine","twitter_site":"@funzine","twitter_misc":{"Written by":"Bodn\u00e1r Zsuzsa","Est. reading time":"4 minute"},"schema":{"@context":"https:\/\/schema.org","@graph":[{"@type":"NewsArticle","@id":"https:\/\/funzine.hu\/sl\/2025\/10\/13\/potovanje\/5-fascinantnih-znamenitosti-v-vertesu-ki-jih-ne-smete-zamuditi-med-jesenskim-potovanjem\/#article","isPartOf":{"@id":"https:\/\/funzine.hu\/sl\/2025\/10\/13\/potovanje\/5-fascinantnih-znamenitosti-v-vertesu-ki-jih-ne-smete-zamuditi-med-jesenskim-potovanjem\/"},"author":{"name":"Bodn\u00e1r Zsuzsa","@id":"https:\/\/funzine.hu\/#\/schema\/person\/f3864a88f41183e8c3af70534ac28bb4"},"headline":"5 fascinantnih znamenitosti v V\u00e9rtesu, ki jih ne smete zamuditi med jesenskim potovanjem","datePublished":"2025-10-13T12:58:07+00:00","mainEntityOfPage":{"@id":"https:\/\/funzine.hu\/sl\/2025\/10\/13\/potovanje\/5-fascinantnih-znamenitosti-v-vertesu-ki-jih-ne-smete-zamuditi-med-jesenskim-potovanjem\/"},"wordCount":584,"image":{"@id":"https:\/\/funzine.hu\/sl\/2025\/10\/13\/potovanje\/5-fascinantnih-znamenitosti-v-vertesu-ki-jih-ne-smete-zamuditi-med-jesenskim-potovanjem\/#primaryimage"},"thumbnailUrl":"https:\/\/funzine.hu\/wp-content\/uploads\/2025\/10\/hall-3808959_1280.jpg","articleSection":["Potovanje"],"inLanguage":"sl-SI"},{"@type":"WebPage","@id":"https:\/\/funzine.hu\/sl\/2025\/10\/13\/potovanje\/5-fascinantnih-znamenitosti-v-vertesu-ki-jih-ne-smete-zamuditi-med-jesenskim-potovanjem\/","url":"https:\/\/funzine.hu\/sl\/2025\/10\/13\/potovanje\/5-fascinantnih-znamenitosti-v-vertesu-ki-jih-ne-smete-zamuditi-med-jesenskim-potovanjem\/","name":"5 fascinantnih znamenitosti v V\u00e9rtesu, ki jih ne smete zamuditi med jesenskim potovanjem","isPartOf":{"@id":"https:\/\/funzine.hu\/#website"},"primaryImageOfPage":{"@id":"https:\/\/funzine.hu\/sl\/2025\/10\/13\/potovanje\/5-fascinantnih-znamenitosti-v-vertesu-ki-jih-ne-smete-zamuditi-med-jesenskim-potovanjem\/#primaryimage"},"image":{"@id":"https:\/\/funzine.hu\/sl\/2025\/10\/13\/potovanje\/5-fascinantnih-znamenitosti-v-vertesu-ki-jih-ne-smete-zamuditi-med-jesenskim-potovanjem\/#primaryimage"},"thumbnailUrl":"https:\/\/funzine.hu\/wp-content\/uploads\/2025\/10\/hall-3808959_1280.jpg","datePublished":"2025-10-13T12:58:07+00:00","author":{"@id":"https:\/\/funzine.hu\/#\/schema\/person\/f3864a88f41183e8c3af70534ac28bb4"},"breadcrumb":{"@id":"https:\/\/funzine.hu\/sl\/2025\/10\/13\/potovanje\/5-fascinantnih-znamenitosti-v-vertesu-ki-jih-ne-smete-zamuditi-med-jesenskim-potovanjem\/#breadcrumb"},"inLanguage":"sl-SI","potentialAction":[{"@type":"ReadAction","target":["https:\/\/funzine.hu\/sl\/2025\/10\/13\/potovanje\/5-fascinantnih-znamenitosti-v-vertesu-ki-jih-ne-smete-zamuditi-med-jesenskim-potovanjem\/"]}]},{"@type":"ImageObject","inLanguage":"sl-SI","@id":"https:\/\/funzine.hu\/sl\/2025\/10\/13\/potovanje\/5-fascinantnih-znamenitosti-v-vertesu-ki-jih-ne-smete-zamuditi-med-jesenskim-potovanjem\/#primaryimage","url":"https:\/\/funzine.hu\/wp-content\/uploads\/2025\/10\/hall-3808959_1280.jpg","contentUrl":"https:\/\/funzine.hu\/wp-content\/uploads\/2025\/10\/hall-3808959_1280.jpg","width":1280,"height":853,"caption":"ilustracija - pixabay.com"},{"@type":"BreadcrumbList","@id":"https:\/\/funzine.hu\/sl\/2025\/10\/13\/potovanje\/5-fascinantnih-znamenitosti-v-vertesu-ki-jih-ne-smete-zamuditi-med-jesenskim-potovanjem\/#breadcrumb","itemListElement":[{"@type":"ListItem","position":1,"name":"Home","item":"https:\/\/funzine.hu\/sl\/"},{"@type":"ListItem","position":2,"name":"5 fascinantnih znamenitosti v V\u00e9rtesu, ki jih ne smete zamuditi med jesenskim potovanjem"}]},{"@type":"WebSite","@id":"https:\/\/funzine.hu\/#website","url":"https:\/\/funzine.hu\/","name":"Funzine","description":"","potentialAction":[{"@type":"SearchAction","target":{"@type":"EntryPoint","urlTemplate":"https:\/\/funzine.hu\/?s={search_term_string}"},"query-input":{"@type":"PropertyValueSpecification","valueRequired":true,"valueName":"search_term_string"}}],"inLanguage":"sl-SI"},{"@type":"Person","@id":"https:\/\/funzine.hu\/#\/schema\/person\/f3864a88f41183e8c3af70534ac28bb4","name":"Bodn\u00e1r Zsuzsa","image":{"@type":"ImageObject","inLanguage":"sl-SI","@id":"https:\/\/secure.gravatar.com\/avatar\/3dac04a042bfb0c015d0f893ef5eb9cca9d966bb5795039862dafd8d2ab5d410?s=96&d=mm&r=g","url":"https:\/\/secure.gravatar.com\/avatar\/3dac04a042bfb0c015d0f893ef5eb9cca9d966bb5795039862dafd8d2ab5d410?s=96&d=mm&r=g","contentUrl":"https:\/\/secure.gravatar.com\/avatar\/3dac04a042bfb0c015d0f893ef5eb9cca9d966bb5795039862dafd8d2ab5d410?s=96&d=mm&r=g","caption":"Bodn\u00e1r Zsuzsa"},"url":"https:\/\/funzine.hu\/sl\/author\/bodnar-zsuzsa-1984\/"}]}},"amp_enabled":true,"_links":{"self":[{"href":"https:\/\/funzine.hu\/sl\/wp-json\/wp\/v2\/posts\/612823","targetHints":{"allow":["GET"]}}],"collection":[{"href":"https:\/\/funzine.hu\/sl\/wp-json\/wp\/v2\/posts"}],"about":[{"href":"https:\/\/funzine.hu\/sl\/wp-json\/wp\/v2\/types\/post"}],"author":[{"embeddable":true,"href":"https:\/\/funzine.hu\/sl\/wp-json\/wp\/v2\/users\/391"}],"replies":[{"embeddable":true,"href":"https:\/\/funzine.hu\/sl\/wp-json\/wp\/v2\/comments?post=612823"}],"version-history":[{"count":1,"href":"https:\/\/funzine.hu\/sl\/wp-json\/wp\/v2\/posts\/612823\/revisions"}],"predecessor-version":[{"id":612825,"href":"https:\/\/funzine.hu\/sl\/wp-json\/wp\/v2\/posts\/612823\/revisions\/612825"}],"wp:featuredmedia":[{"embeddable":true,"href":"https:\/\/funzine.hu\/sl\/wp-json\/wp\/v2\/media\/612824"}],"wp:attachment":[{"href":"https:\/\/funzine.hu\/sl\/wp-json\/wp\/v2\/media?parent=612823"}],"wp:term":[{"taxonomy":"category","embeddable":true,"href":"https:\/\/funzine.hu\/sl\/wp-json\/wp\/v2\/categories?post=612823"},{"taxonomy":"post_tag","embeddable":true,"href":"https:\/\/funzine.hu\/sl\/wp-json\/wp\/v2\/tags?post=612823"},{"taxonomy":"post_places","embeddable":true,"href":"https:\/\/funzine.hu\/sl\/wp-json\/wp\/v2\/post_places?post=612823"}],"curies":[{"name":"wp","href":"https:\/\/api.w.org\/{rel}","templated":true}]}}