{"id":612814,"date":"2025-10-13T14:19:01","date_gmt":"2025-10-13T12:19:01","guid":{"rendered":"https:\/\/funzine.hu\/?p=612814"},"modified":"2025-10-13T14:19:01","modified_gmt":"2025-10-13T12:19:01","slug":"pravljicno-barocno-naselje-z-ocarljivo-vrsto-kleti-in-atmosferskimi-ulicami-vabi-na-jesenski-izlet","status":"publish","type":"post","link":"https:\/\/funzine.hu\/sl\/2025\/10\/13\/potovanje\/pravljicno-barocno-naselje-z-ocarljivo-vrsto-kleti-in-atmosferskimi-ulicami-vabi-na-jesenski-izlet\/","title":{"rendered":"Pravlji\u010dno baro\u010dno naselje z o\u010darljivo vrsto kleti in atmosferskimi ulicami vabi na jesenski izlet."},"content":{"rendered":"<p>Na\u0161a mad\u017earska pustolov\u0161\u010dina se nadaljuje in tokrat smo prinesli \u0161e en skriti, morda manj znan biser, ki ni nih\u010de drug kot Haj\u00f3s na jugu Mad\u017earske. Vznemirljiva zgodovina in fascinantno vzdu\u0161je mesta bosta zagotovo o\u010darala vsakogar!<\/p>\n<p>Haj\u00f3s, klet, vino, gastronomija, barok, mesto, izlet, jesen, september<\/p>\n<p>Mesto v \u017eupaniji B\u00e1cs-Kiskun je skozi zgodovino do\u017eivelo veliko, sledi tega pa je na tem obmo\u010dju \u0161e danes mogo\u010de najti. Ime naselja je bilo prvi\u010d omenjeno v dokumentu v 14. stoletju, vendar je bilo med vladavino Turkov izpraznjeno.<\/p>\n<p>Predniki \u0161vabskega prebivalstva so se naselili v 18. stoletju, nato pa je mesto postalo baro\u010dno sredi\u0161\u010de, trend, ki se \u0161e danes mo\u010dno odra\u017ea v podrobnostih.<\/p>\n<p>Haj\u00f3s, klet, vino, gastronomija, barok, mesto, izlet, jesen, september<\/p>\n<p>Edinstvene stavbe mestnega sredi\u0161\u010da so bile prenovljene, a so ohranile baro\u010dne elemente, zato se lahko sprehodimo po o\u010darljivih ulicah in se podamo na nami\u0161ljeno potovanje skozi \u010das. V sredi\u0161\u010du mesta si lahko ogledamo rimskokatoli\u0161ko cerkev sv. Imreja, prav tako zgrajeno v baro\u010dnem slogu, kjer nas z glavnega oltarja gleda \u010dude\u017eni lesen kip Device Marije. Med raziskovanjem parka ob cerkvi se lahko sprehodimo skozi postaje Kalvarije, okra\u0161ene z Zsolnayjevo keramiko.<\/p>\n<p>Haj\u00f3s, klet, vino, gastronomija, barok, mesto, izlet, jesen, september<\/p>\n<p>Med znamenitosti Haj\u00f3sa, ki jih ne smete zamuditi, spada tudi sedanja Hi\u0161a dru\u0161tev, ustanova, ki je skozi zgodovino opravljala \u0161tevilne funkcije. Svojo ustanovitev dolguje kalo\u0161kemu nad\u0161kofu, ki jo je v 18. stoletju dal zgraditi kot lovsko ko\u010do, kasneje pa jo preuredili v siroti\u0161nico in nato v rejni\u0161ki dom, nekaj \u010dasa pa je delovala tudi kot nad\u0161kofova rezidenca in reformirana molitvena hi\u0161a.<\/p>\n<p>Haj\u00f3s, klet, vino, gastronomija, barok, mesto, izlet, jesen, september<\/p>\n<figure id=\"attachment_612815\" aria-describedby=\"caption-attachment-612815\" style=\"width: 850px\" class=\"wp-caption aligncenter\"><img decoding=\"async\" class=\"size-funzine-large wp-image-612815\" src=\"https:\/\/funzine.hu\/wp-content\/uploads\/2025\/10\/wine-3998256_1280-1200x800.jpg\" alt=\"\" width=\"850\" height=\"567\" srcset=\"https:\/\/funzine.hu\/wp-content\/uploads\/2025\/10\/wine-3998256_1280-1200x800.jpg 1200w, https:\/\/funzine.hu\/wp-content\/uploads\/2025\/10\/wine-3998256_1280-300x200.jpg 300w, https:\/\/funzine.hu\/wp-content\/uploads\/2025\/10\/wine-3998256_1280-1024x682.jpg 1024w, https:\/\/funzine.hu\/wp-content\/uploads\/2025\/10\/wine-3998256_1280-768x512.jpg 768w, https:\/\/funzine.hu\/wp-content\/uploads\/2025\/10\/wine-3998256_1280-360x240.jpg 360w, https:\/\/funzine.hu\/wp-content\/uploads\/2025\/10\/wine-3998256_1280.jpg 1280w\" sizes=\"(max-width: 850px) 100vw, 850px\" \/><figcaption id=\"caption-attachment-612815\" class=\"wp-caption-text\">ilustracija &#8211; pixabay.com<\/figcaption><\/figure>\n<p>V bli\u017eini mesta se nahaja Haj\u00f3s-Pincefalu, ki ga sestavlja 24 vijugastih ulic, obdanih z neprimerljivo lepimi stiskalnicami in kletmi, vklesanimi v les. Kletna vas je biser ljudske arhitekture in \u0161vabske kulture, izjemen prizor pridelave vina in vinogradni\u0161tva.<\/p>\n<p>Majhne pobeljene stiskalnice, okra\u0161ene z ope\u010dnimi intarzijami, postavljene druga ob drugi, dajejo naselju edinstveno vzdu\u0161je, kjer lahko do\u017eivimo nepozabna do\u017eivetja ob srkanju okusnih vin, pridelanih z najve\u010djo skrbnostjo.<\/p>\n<p>Ne glede na to, ali gre za izlet ali gastronomsko potovanje, se mesto vsekakor spla\u010da obiskati, saj skriva ne\u0161teto \u010dudes!<\/p>\n<p>Haj\u00f3s, klet, vino, gastronomija, barok, mesto, izlet, jesen, september<\/p>\n","protected":false},"excerpt":{"rendered":"<p>Na\u0161a mad\u017earska pustolov\u0161\u010dina se nadaljuje in tokrat smo prinesli \u0161e en skriti, morda manj znan<\/p>\n","protected":false},"author":391,"featured_media":612815,"comment_status":"closed","ping_status":"closed","sticky":false,"template":"","format":"standard","meta":{"_acf_changed":false,"wprm-recipe-roundup-name":"","wprm-recipe-roundup-description":"","ngg_post_thumbnail":0,"footnotes":""},"categories":[14345],"tags":[],"post_places":[],"class_list":["post-612814","post","type-post","status-publish","format-standard","has-post-thumbnail","hentry","category-potovanje"],"acf":{"connected_places":"","del_image":""},"yoast_head":"<!-- This site is optimized with the Yoast SEO plugin v27.2 - https:\/\/yoast.com\/product\/yoast-seo-wordpress\/ -->\n<title>Pravlji\u010dno baro\u010dno naselje z o\u010darljivo vrsto kleti in atmosferskimi ulicami vabi na jesenski izlet.<\/title>\n<meta name=\"robots\" content=\"index, follow, max-snippet:-1, max-image-preview:large, max-video-preview:-1\" \/>\n<link rel=\"canonical\" href=\"https:\/\/funzine.hu\/sl\/2025\/10\/13\/potovanje\/pravljicno-barocno-naselje-z-ocarljivo-vrsto-kleti-in-atmosferskimi-ulicami-vabi-na-jesenski-izlet\/\" \/>\n<meta property=\"og:locale\" content=\"sl_SI\" \/>\n<meta property=\"og:type\" content=\"article\" \/>\n<meta property=\"og:title\" content=\"Pravlji\u010dno baro\u010dno naselje z o\u010darljivo vrsto kleti in atmosferskimi ulicami vabi na jesenski izlet.\" \/>\n<meta property=\"og:description\" content=\"Na\u0161a mad\u017earska pustolov\u0161\u010dina se nadaljuje in tokrat smo prinesli \u0161e en skriti, morda manj znan\" \/>\n<meta property=\"og:url\" content=\"https:\/\/funzine.hu\/sl\/2025\/10\/13\/potovanje\/pravljicno-barocno-naselje-z-ocarljivo-vrsto-kleti-in-atmosferskimi-ulicami-vabi-na-jesenski-izlet\/\" \/>\n<meta property=\"og:site_name\" content=\"Funzine\" \/>\n<meta property=\"article:publisher\" content=\"https:\/\/www.facebook.com\/funzine\/\" \/>\n<meta property=\"article:published_time\" content=\"2025-10-13T12:19:01+00:00\" \/>\n<meta property=\"og:image\" content=\"https:\/\/funzine.hu\/wp-content\/uploads\/2025\/10\/wine-3998256_1280.jpg\" \/>\n\t<meta property=\"og:image:width\" content=\"1280\" \/>\n\t<meta property=\"og:image:height\" content=\"853\" \/>\n\t<meta property=\"og:image:type\" content=\"image\/jpeg\" \/>\n<meta name=\"author\" content=\"Bodn\u00e1r Zsuzsa\" \/>\n<meta name=\"twitter:card\" content=\"summary_large_image\" \/>\n<meta name=\"twitter:creator\" content=\"@funzine\" \/>\n<meta name=\"twitter:site\" content=\"@funzine\" \/>\n<meta name=\"twitter:label1\" content=\"Written by\" \/>\n\t<meta name=\"twitter:data1\" content=\"Bodn\u00e1r Zsuzsa\" \/>\n\t<meta name=\"twitter:label2\" content=\"Est. reading time\" \/>\n\t<meta name=\"twitter:data2\" content=\"3 minute\" \/>\n<script type=\"application\/ld+json\" class=\"yoast-schema-graph\">{\"@context\":\"https:\/\/schema.org\",\"@graph\":[{\"@type\":\"NewsArticle\",\"@id\":\"https:\/\/funzine.hu\/sl\/2025\/10\/13\/potovanje\/pravljicno-barocno-naselje-z-ocarljivo-vrsto-kleti-in-atmosferskimi-ulicami-vabi-na-jesenski-izlet\/#article\",\"isPartOf\":{\"@id\":\"https:\/\/funzine.hu\/sl\/2025\/10\/13\/potovanje\/pravljicno-barocno-naselje-z-ocarljivo-vrsto-kleti-in-atmosferskimi-ulicami-vabi-na-jesenski-izlet\/\"},\"author\":{\"name\":\"Bodn\u00e1r Zsuzsa\",\"@id\":\"https:\/\/funzine.hu\/#\/schema\/person\/f3864a88f41183e8c3af70534ac28bb4\"},\"headline\":\"Pravlji\u010dno baro\u010dno naselje z o\u010darljivo vrsto kleti in atmosferskimi ulicami vabi na jesenski izlet.\",\"datePublished\":\"2025-10-13T12:19:01+00:00\",\"mainEntityOfPage\":{\"@id\":\"https:\/\/funzine.hu\/sl\/2025\/10\/13\/potovanje\/pravljicno-barocno-naselje-z-ocarljivo-vrsto-kleti-in-atmosferskimi-ulicami-vabi-na-jesenski-izlet\/\"},\"wordCount\":433,\"image\":{\"@id\":\"https:\/\/funzine.hu\/sl\/2025\/10\/13\/potovanje\/pravljicno-barocno-naselje-z-ocarljivo-vrsto-kleti-in-atmosferskimi-ulicami-vabi-na-jesenski-izlet\/#primaryimage\"},\"thumbnailUrl\":\"https:\/\/funzine.hu\/wp-content\/uploads\/2025\/10\/wine-3998256_1280.jpg\",\"articleSection\":[\"Potovanje\"],\"inLanguage\":\"sl-SI\"},{\"@type\":\"WebPage\",\"@id\":\"https:\/\/funzine.hu\/sl\/2025\/10\/13\/potovanje\/pravljicno-barocno-naselje-z-ocarljivo-vrsto-kleti-in-atmosferskimi-ulicami-vabi-na-jesenski-izlet\/\",\"url\":\"https:\/\/funzine.hu\/sl\/2025\/10\/13\/potovanje\/pravljicno-barocno-naselje-z-ocarljivo-vrsto-kleti-in-atmosferskimi-ulicami-vabi-na-jesenski-izlet\/\",\"name\":\"Pravlji\u010dno baro\u010dno naselje z o\u010darljivo vrsto kleti in atmosferskimi ulicami vabi na jesenski izlet.\",\"isPartOf\":{\"@id\":\"https:\/\/funzine.hu\/#website\"},\"primaryImageOfPage\":{\"@id\":\"https:\/\/funzine.hu\/sl\/2025\/10\/13\/potovanje\/pravljicno-barocno-naselje-z-ocarljivo-vrsto-kleti-in-atmosferskimi-ulicami-vabi-na-jesenski-izlet\/#primaryimage\"},\"image\":{\"@id\":\"https:\/\/funzine.hu\/sl\/2025\/10\/13\/potovanje\/pravljicno-barocno-naselje-z-ocarljivo-vrsto-kleti-in-atmosferskimi-ulicami-vabi-na-jesenski-izlet\/#primaryimage\"},\"thumbnailUrl\":\"https:\/\/funzine.hu\/wp-content\/uploads\/2025\/10\/wine-3998256_1280.jpg\",\"datePublished\":\"2025-10-13T12:19:01+00:00\",\"author\":{\"@id\":\"https:\/\/funzine.hu\/#\/schema\/person\/f3864a88f41183e8c3af70534ac28bb4\"},\"breadcrumb\":{\"@id\":\"https:\/\/funzine.hu\/sl\/2025\/10\/13\/potovanje\/pravljicno-barocno-naselje-z-ocarljivo-vrsto-kleti-in-atmosferskimi-ulicami-vabi-na-jesenski-izlet\/#breadcrumb\"},\"inLanguage\":\"sl-SI\",\"potentialAction\":[{\"@type\":\"ReadAction\",\"target\":[\"https:\/\/funzine.hu\/sl\/2025\/10\/13\/potovanje\/pravljicno-barocno-naselje-z-ocarljivo-vrsto-kleti-in-atmosferskimi-ulicami-vabi-na-jesenski-izlet\/\"]}]},{\"@type\":\"ImageObject\",\"inLanguage\":\"sl-SI\",\"@id\":\"https:\/\/funzine.hu\/sl\/2025\/10\/13\/potovanje\/pravljicno-barocno-naselje-z-ocarljivo-vrsto-kleti-in-atmosferskimi-ulicami-vabi-na-jesenski-izlet\/#primaryimage\",\"url\":\"https:\/\/funzine.hu\/wp-content\/uploads\/2025\/10\/wine-3998256_1280.jpg\",\"contentUrl\":\"https:\/\/funzine.hu\/wp-content\/uploads\/2025\/10\/wine-3998256_1280.jpg\",\"width\":1280,\"height\":853,\"caption\":\"ilustracija - pixabay.com\"},{\"@type\":\"BreadcrumbList\",\"@id\":\"https:\/\/funzine.hu\/sl\/2025\/10\/13\/potovanje\/pravljicno-barocno-naselje-z-ocarljivo-vrsto-kleti-in-atmosferskimi-ulicami-vabi-na-jesenski-izlet\/#breadcrumb\",\"itemListElement\":[{\"@type\":\"ListItem\",\"position\":1,\"name\":\"Home\",\"item\":\"https:\/\/funzine.hu\/sl\/\"},{\"@type\":\"ListItem\",\"position\":2,\"name\":\"Pravlji\u010dno baro\u010dno naselje z o\u010darljivo vrsto kleti in atmosferskimi ulicami vabi na jesenski izlet.\"}]},{\"@type\":\"WebSite\",\"@id\":\"https:\/\/funzine.hu\/#website\",\"url\":\"https:\/\/funzine.hu\/\",\"name\":\"Funzine\",\"description\":\"\",\"potentialAction\":[{\"@type\":\"SearchAction\",\"target\":{\"@type\":\"EntryPoint\",\"urlTemplate\":\"https:\/\/funzine.hu\/?s={search_term_string}\"},\"query-input\":{\"@type\":\"PropertyValueSpecification\",\"valueRequired\":true,\"valueName\":\"search_term_string\"}}],\"inLanguage\":\"sl-SI\"},{\"@type\":\"Person\",\"@id\":\"https:\/\/funzine.hu\/#\/schema\/person\/f3864a88f41183e8c3af70534ac28bb4\",\"name\":\"Bodn\u00e1r Zsuzsa\",\"image\":{\"@type\":\"ImageObject\",\"inLanguage\":\"sl-SI\",\"@id\":\"https:\/\/secure.gravatar.com\/avatar\/3dac04a042bfb0c015d0f893ef5eb9cca9d966bb5795039862dafd8d2ab5d410?s=96&d=mm&r=g\",\"url\":\"https:\/\/secure.gravatar.com\/avatar\/3dac04a042bfb0c015d0f893ef5eb9cca9d966bb5795039862dafd8d2ab5d410?s=96&d=mm&r=g\",\"contentUrl\":\"https:\/\/secure.gravatar.com\/avatar\/3dac04a042bfb0c015d0f893ef5eb9cca9d966bb5795039862dafd8d2ab5d410?s=96&d=mm&r=g\",\"caption\":\"Bodn\u00e1r Zsuzsa\"},\"url\":\"https:\/\/funzine.hu\/sl\/author\/bodnar-zsuzsa-1984\/\"}]}<\/script>\n<!-- \/ Yoast SEO plugin. -->","yoast_head_json":{"title":"Pravlji\u010dno baro\u010dno naselje z o\u010darljivo vrsto kleti in atmosferskimi ulicami vabi na jesenski izlet.","robots":{"index":"index","follow":"follow","max-snippet":"max-snippet:-1","max-image-preview":"max-image-preview:large","max-video-preview":"max-video-preview:-1"},"canonical":"https:\/\/funzine.hu\/sl\/2025\/10\/13\/potovanje\/pravljicno-barocno-naselje-z-ocarljivo-vrsto-kleti-in-atmosferskimi-ulicami-vabi-na-jesenski-izlet\/","og_locale":"sl_SI","og_type":"article","og_title":"Pravlji\u010dno baro\u010dno naselje z o\u010darljivo vrsto kleti in atmosferskimi ulicami vabi na jesenski izlet.","og_description":"Na\u0161a mad\u017earska pustolov\u0161\u010dina se nadaljuje in tokrat smo prinesli \u0161e en skriti, morda manj znan","og_url":"https:\/\/funzine.hu\/sl\/2025\/10\/13\/potovanje\/pravljicno-barocno-naselje-z-ocarljivo-vrsto-kleti-in-atmosferskimi-ulicami-vabi-na-jesenski-izlet\/","og_site_name":"Funzine","article_publisher":"https:\/\/www.facebook.com\/funzine\/","article_published_time":"2025-10-13T12:19:01+00:00","og_image":[{"width":1280,"height":853,"url":"https:\/\/funzine.hu\/wp-content\/uploads\/2025\/10\/wine-3998256_1280.jpg","type":"image\/jpeg"}],"author":"Bodn\u00e1r Zsuzsa","twitter_card":"summary_large_image","twitter_creator":"@funzine","twitter_site":"@funzine","twitter_misc":{"Written by":"Bodn\u00e1r Zsuzsa","Est. reading time":"3 minute"},"schema":{"@context":"https:\/\/schema.org","@graph":[{"@type":"NewsArticle","@id":"https:\/\/funzine.hu\/sl\/2025\/10\/13\/potovanje\/pravljicno-barocno-naselje-z-ocarljivo-vrsto-kleti-in-atmosferskimi-ulicami-vabi-na-jesenski-izlet\/#article","isPartOf":{"@id":"https:\/\/funzine.hu\/sl\/2025\/10\/13\/potovanje\/pravljicno-barocno-naselje-z-ocarljivo-vrsto-kleti-in-atmosferskimi-ulicami-vabi-na-jesenski-izlet\/"},"author":{"name":"Bodn\u00e1r Zsuzsa","@id":"https:\/\/funzine.hu\/#\/schema\/person\/f3864a88f41183e8c3af70534ac28bb4"},"headline":"Pravlji\u010dno baro\u010dno naselje z o\u010darljivo vrsto kleti in atmosferskimi ulicami vabi na jesenski izlet.","datePublished":"2025-10-13T12:19:01+00:00","mainEntityOfPage":{"@id":"https:\/\/funzine.hu\/sl\/2025\/10\/13\/potovanje\/pravljicno-barocno-naselje-z-ocarljivo-vrsto-kleti-in-atmosferskimi-ulicami-vabi-na-jesenski-izlet\/"},"wordCount":433,"image":{"@id":"https:\/\/funzine.hu\/sl\/2025\/10\/13\/potovanje\/pravljicno-barocno-naselje-z-ocarljivo-vrsto-kleti-in-atmosferskimi-ulicami-vabi-na-jesenski-izlet\/#primaryimage"},"thumbnailUrl":"https:\/\/funzine.hu\/wp-content\/uploads\/2025\/10\/wine-3998256_1280.jpg","articleSection":["Potovanje"],"inLanguage":"sl-SI"},{"@type":"WebPage","@id":"https:\/\/funzine.hu\/sl\/2025\/10\/13\/potovanje\/pravljicno-barocno-naselje-z-ocarljivo-vrsto-kleti-in-atmosferskimi-ulicami-vabi-na-jesenski-izlet\/","url":"https:\/\/funzine.hu\/sl\/2025\/10\/13\/potovanje\/pravljicno-barocno-naselje-z-ocarljivo-vrsto-kleti-in-atmosferskimi-ulicami-vabi-na-jesenski-izlet\/","name":"Pravlji\u010dno baro\u010dno naselje z o\u010darljivo vrsto kleti in atmosferskimi ulicami vabi na jesenski izlet.","isPartOf":{"@id":"https:\/\/funzine.hu\/#website"},"primaryImageOfPage":{"@id":"https:\/\/funzine.hu\/sl\/2025\/10\/13\/potovanje\/pravljicno-barocno-naselje-z-ocarljivo-vrsto-kleti-in-atmosferskimi-ulicami-vabi-na-jesenski-izlet\/#primaryimage"},"image":{"@id":"https:\/\/funzine.hu\/sl\/2025\/10\/13\/potovanje\/pravljicno-barocno-naselje-z-ocarljivo-vrsto-kleti-in-atmosferskimi-ulicami-vabi-na-jesenski-izlet\/#primaryimage"},"thumbnailUrl":"https:\/\/funzine.hu\/wp-content\/uploads\/2025\/10\/wine-3998256_1280.jpg","datePublished":"2025-10-13T12:19:01+00:00","author":{"@id":"https:\/\/funzine.hu\/#\/schema\/person\/f3864a88f41183e8c3af70534ac28bb4"},"breadcrumb":{"@id":"https:\/\/funzine.hu\/sl\/2025\/10\/13\/potovanje\/pravljicno-barocno-naselje-z-ocarljivo-vrsto-kleti-in-atmosferskimi-ulicami-vabi-na-jesenski-izlet\/#breadcrumb"},"inLanguage":"sl-SI","potentialAction":[{"@type":"ReadAction","target":["https:\/\/funzine.hu\/sl\/2025\/10\/13\/potovanje\/pravljicno-barocno-naselje-z-ocarljivo-vrsto-kleti-in-atmosferskimi-ulicami-vabi-na-jesenski-izlet\/"]}]},{"@type":"ImageObject","inLanguage":"sl-SI","@id":"https:\/\/funzine.hu\/sl\/2025\/10\/13\/potovanje\/pravljicno-barocno-naselje-z-ocarljivo-vrsto-kleti-in-atmosferskimi-ulicami-vabi-na-jesenski-izlet\/#primaryimage","url":"https:\/\/funzine.hu\/wp-content\/uploads\/2025\/10\/wine-3998256_1280.jpg","contentUrl":"https:\/\/funzine.hu\/wp-content\/uploads\/2025\/10\/wine-3998256_1280.jpg","width":1280,"height":853,"caption":"ilustracija - pixabay.com"},{"@type":"BreadcrumbList","@id":"https:\/\/funzine.hu\/sl\/2025\/10\/13\/potovanje\/pravljicno-barocno-naselje-z-ocarljivo-vrsto-kleti-in-atmosferskimi-ulicami-vabi-na-jesenski-izlet\/#breadcrumb","itemListElement":[{"@type":"ListItem","position":1,"name":"Home","item":"https:\/\/funzine.hu\/sl\/"},{"@type":"ListItem","position":2,"name":"Pravlji\u010dno baro\u010dno naselje z o\u010darljivo vrsto kleti in atmosferskimi ulicami vabi na jesenski izlet."}]},{"@type":"WebSite","@id":"https:\/\/funzine.hu\/#website","url":"https:\/\/funzine.hu\/","name":"Funzine","description":"","potentialAction":[{"@type":"SearchAction","target":{"@type":"EntryPoint","urlTemplate":"https:\/\/funzine.hu\/?s={search_term_string}"},"query-input":{"@type":"PropertyValueSpecification","valueRequired":true,"valueName":"search_term_string"}}],"inLanguage":"sl-SI"},{"@type":"Person","@id":"https:\/\/funzine.hu\/#\/schema\/person\/f3864a88f41183e8c3af70534ac28bb4","name":"Bodn\u00e1r Zsuzsa","image":{"@type":"ImageObject","inLanguage":"sl-SI","@id":"https:\/\/secure.gravatar.com\/avatar\/3dac04a042bfb0c015d0f893ef5eb9cca9d966bb5795039862dafd8d2ab5d410?s=96&d=mm&r=g","url":"https:\/\/secure.gravatar.com\/avatar\/3dac04a042bfb0c015d0f893ef5eb9cca9d966bb5795039862dafd8d2ab5d410?s=96&d=mm&r=g","contentUrl":"https:\/\/secure.gravatar.com\/avatar\/3dac04a042bfb0c015d0f893ef5eb9cca9d966bb5795039862dafd8d2ab5d410?s=96&d=mm&r=g","caption":"Bodn\u00e1r Zsuzsa"},"url":"https:\/\/funzine.hu\/sl\/author\/bodnar-zsuzsa-1984\/"}]}},"amp_enabled":true,"_links":{"self":[{"href":"https:\/\/funzine.hu\/sl\/wp-json\/wp\/v2\/posts\/612814","targetHints":{"allow":["GET"]}}],"collection":[{"href":"https:\/\/funzine.hu\/sl\/wp-json\/wp\/v2\/posts"}],"about":[{"href":"https:\/\/funzine.hu\/sl\/wp-json\/wp\/v2\/types\/post"}],"author":[{"embeddable":true,"href":"https:\/\/funzine.hu\/sl\/wp-json\/wp\/v2\/users\/391"}],"replies":[{"embeddable":true,"href":"https:\/\/funzine.hu\/sl\/wp-json\/wp\/v2\/comments?post=612814"}],"version-history":[{"count":1,"href":"https:\/\/funzine.hu\/sl\/wp-json\/wp\/v2\/posts\/612814\/revisions"}],"predecessor-version":[{"id":612816,"href":"https:\/\/funzine.hu\/sl\/wp-json\/wp\/v2\/posts\/612814\/revisions\/612816"}],"wp:featuredmedia":[{"embeddable":true,"href":"https:\/\/funzine.hu\/sl\/wp-json\/wp\/v2\/media\/612815"}],"wp:attachment":[{"href":"https:\/\/funzine.hu\/sl\/wp-json\/wp\/v2\/media?parent=612814"}],"wp:term":[{"taxonomy":"category","embeddable":true,"href":"https:\/\/funzine.hu\/sl\/wp-json\/wp\/v2\/categories?post=612814"},{"taxonomy":"post_tag","embeddable":true,"href":"https:\/\/funzine.hu\/sl\/wp-json\/wp\/v2\/tags?post=612814"},{"taxonomy":"post_places","embeddable":true,"href":"https:\/\/funzine.hu\/sl\/wp-json\/wp\/v2\/post_places?post=612814"}],"curies":[{"name":"wp","href":"https:\/\/api.w.org\/{rel}","templated":true}]}}