{"id":612419,"date":"2025-10-07T16:59:07","date_gmt":"2025-10-07T14:59:07","guid":{"rendered":"https:\/\/funzine.hu\/?p=612419"},"modified":"2025-10-07T16:59:07","modified_gmt":"2025-10-07T14:59:07","slug":"debrecen-jeseni-znamenitosti-ki-jih-ne-smete-zamuditi-in-briljantni-programi-na-enem-mestu","status":"publish","type":"post","link":"https:\/\/funzine.hu\/sl\/2025\/10\/07\/potovanje\/debrecen-jeseni-znamenitosti-ki-jih-ne-smete-zamuditi-in-briljantni-programi-na-enem-mestu\/","title":{"rendered":"Debrecen jeseni: znamenitosti, ki jih ne smete zamuditi, in briljantni programi na enem mestu"},"content":{"rendered":"<p>Poplava programov se ne kon\u010da s poletjem, saj kulturno \u017eivljenje Debrecena obljublja vznemirljive poslastice tudi jeseni.<\/p>\n<p>Tudi jeseni se bo spla\u010dalo odpraviti v Debrecen, saj poleg sezonskih programov tukaj popotnike \u010daka tudi veliko zanimivosti. Ljubitelji glasbe lahko u\u017eivajo v \u0161tevilnih koncertih v vzdu\u0161nem vrtu vodnega stolpa Nagyerdei, kjer barvit program spremlja posebno vzdu\u0161je.<\/p>\n<figure id=\"attachment_612420\" aria-describedby=\"caption-attachment-612420\" style=\"width: 850px\" class=\"wp-caption aligncenter\"><img decoding=\"async\" class=\"size-funzine-large wp-image-612420\" src=\"https:\/\/funzine.hu\/wp-content\/uploads\/2025\/10\/nature-6116411_1280-1200x900.jpg\" alt=\"\" width=\"850\" height=\"638\" srcset=\"https:\/\/funzine.hu\/wp-content\/uploads\/2025\/10\/nature-6116411_1280-1200x900.jpg 1200w, https:\/\/funzine.hu\/wp-content\/uploads\/2025\/10\/nature-6116411_1280-300x225.jpg 300w, https:\/\/funzine.hu\/wp-content\/uploads\/2025\/10\/nature-6116411_1280-1024x768.jpg 1024w, https:\/\/funzine.hu\/wp-content\/uploads\/2025\/10\/nature-6116411_1280-768x576.jpg 768w, https:\/\/funzine.hu\/wp-content\/uploads\/2025\/10\/nature-6116411_1280-500x375.jpg 500w, https:\/\/funzine.hu\/wp-content\/uploads\/2025\/10\/nature-6116411_1280.jpg 1280w\" sizes=\"(max-width: 850px) 100vw, 850px\" \/><figcaption id=\"caption-attachment-612420\" class=\"wp-caption-text\">ilustracija &#8211; pixabay.com<\/figcaption><\/figure>\n<p>Kot v vseh letnih \u010dasih se tudi jeseni spla\u010da obiskati mestne muzeje, zlasti stalni razstavi muzeja D\u00e9ri in muzeja reformiranega kolid\u017ea, kjer se lahko seznanite s preteklostjo in dedi\u0161\u010dino Debrecena, se podate na pustolov\u0161\u010dine v de\u017eeli piramid in celo posedite na klopeh stare u\u010dilnice.<\/p>\n<p>\u010ce i\u0161\u010dete pravo razvajanje v hladnih dneh, se odpravite v kopali\u0161\u010de Aquaticum SPA, kjer za prijetno sprostitev poskrbijo notranji pustolovski bazen s tropsko tematiko, razli\u010dni termalni bazeni, spro\u0161\u010dujo\u010di wellness tretmaji in tematske savne. Poleg tega prihaja program Terme in pivo, kjer se lahko sprostite v vro\u010di vodi z osve\u017eilnim pivom.<\/p>\n<p>Tudi ljubitelji nogometa niso izpu\u0161\u010deni, saj podobno kot najve\u010dji in najbolj priljubljeni stadioni na svetu tudi Debrecen ponuja prilo\u017enost, da si ogledate zakulisje stadiona Nagyerdei. Med ogledom stadiona si lahko ogledate zaprte, a toliko bolj vznemirljive prostore arene, kot so garderobe, telovadnice, novinarska soba, ekskluzivne lo\u017ee, od blizu pa si lahko ogledate tudi najdragocenej\u0161i del stadiona, trato.<\/p>\n<p>Jesenski program v Debrecenu<br \/>\nyoUDay \u2013 najve\u010dja otvoritvena zabava univerzitetnega leta v Nagyerd\u0151u (17. september 2025)<br \/>\nSeptembra bo stadion Nagyerdei znova za\u017eivel, saj bo 17. septembra potekal yoUday, ikoni\u010dna otvoritvena predstava univerzitetne sezone v Debrecenu, kjer Univerza v Debrecenu obiskovalce pri\u010daka z veliko zabavo v obliki spektakularne predstave. Zabava ni le obvezen program za univerzitetne \u0161tudente, temve\u010d je odprta tudi za vse, ki si \u017eelijo biti del nepozabne, skupne izku\u0161nje s tiso\u010di ljudi. Spektakularne odrske produkcije, zvezdni\u0161ki nastopajo\u010di in DJ-ji zagotavljajo \u017eivahno vzdu\u0161je skozi ves ve\u010der.<\/p>\n<p>Portretna fotografija \u00bbv stilu Szip\u00e1la\u00ab (17., 24. september, 1. oktober 2025)<br \/>\nVstopite v svet legendarnega fotografa M\u00e1rtona Szip\u00e1la v razstavnem prostoru MODEM in odkrijte njegove posebne interierje, ikoni\u010dne predmete in edinstveno vizijo, zaradi katere so bile njegove fotografije nepozabne. Ogledate si lahko obse\u017eno razstavo in izkusite, kako je pozirati kot model, obsijan z Mojstrovo svetlobno postavitvijo. Poleg tega si lahko v originalnem studiu v stilu Szip\u00e1la v razstavnem prostoru s pomo\u010djo profesionalnega fotografa pustite posneti svoj portret.<\/p>\n<p>Bodite burger dr\u017eave! (20. september 2025)<br \/>\nBli\u017ea se dogodek ob 5. obletnici, ko bo Debrecen za en dan prestolnica burgerjev! \u017de tako priljubljen program vklju\u010duje hamburgerje, zrezke in jedi z \u017eara, okusne prigrizke pa spremljajo koncerti, bikoborba, kraft piva, demonstracije in predstave. Seveda bo potekalo tudi tekmovanje: za naziv burgerja v dr\u017eavi se lahko potegujete v razli\u010dnih kategorijah, ki vklju\u010dujejo profesionalno individualno tekmovanje, individualno amatersko tekmovanje, freestyle in mladinsko tekmovanje, pa tudi ekipna tekmovanja za dru\u017eine, prijatelje in poslovne ekipe.<\/p>\n<p>Glasbeno gledali\u0161\u010de (28. september 2025)<br \/>\nNarodno gledali\u0161\u010de Csokonai bo v jubilejni sezoni nadaljevalo s tematskimi gledali\u0161kimi ogledi in 28. septembra bo ob\u010dinstvo pozdravilo z novostjo: pevci skupine bodo ob svetovnem dnevu glasbe vodili glasbeno gledali\u0161ko turnejo. Med programom bodo pevci iz 73 let starega opernega oddelka gledali\u0161\u010da vodili obiskovalce po zakulisju gledali\u0161\u010da, med katerim bodo obiskovalci lahko ne le pokukali v vznemirljive prostore gledali\u0161\u010da, temve\u010d tudi do\u017eiveli ustvarjalne procese v nepri\u010dakovanih trenutkih.<\/p>\n<p>Bavarsko do\u017eivetje v Velikem gozdu (1.\u20134. oktober 2025)<br \/>\nOktoberfest Debrecen, ki spominja na priljubljen bavarski festival z ve\u010d kot 200-letno tradicijo, bo v znamenju kakovostnega bavarskega piva in slastnih bavarskih kulinari\u010dnih specialitet, ki jih bo spremljala vesela glasba in tradicionalne igre. Vznemirljiv dogodek zdru\u017euje nem\u0161ke tradicije z elementi mad\u017earske kulture, zaradi \u010desar tiste, ki i\u0161\u010dejo zabavo, \u010daka resni\u010dno edinstven in o\u010darljiv dogodek.<\/p>\n<p>Ve\u010d nepozabnih do\u017eivetij Debrecena in priporo\u010dil za program najdete na spletni strani VisitDebrecen s klikom tukaj.<\/p>\n","protected":false},"excerpt":{"rendered":"<p>Poplava programov se ne kon\u010da s poletjem, saj kulturno \u017eivljenje Debrecena obljublja vznemirljive<\/p>\n","protected":false},"author":391,"featured_media":612420,"comment_status":"closed","ping_status":"closed","sticky":false,"template":"","format":"standard","meta":{"_acf_changed":false,"wprm-recipe-roundup-name":"","wprm-recipe-roundup-description":"","ngg_post_thumbnail":0,"footnotes":""},"categories":[14345],"tags":[],"post_places":[],"class_list":["post-612419","post","type-post","status-publish","format-standard","has-post-thumbnail","hentry","category-potovanje"],"acf":{"connected_places":"","del_image":""},"yoast_head":"<!-- This site is optimized with the Yoast SEO plugin v27.2 - https:\/\/yoast.com\/product\/yoast-seo-wordpress\/ -->\n<title>Debrecen jeseni: znamenitosti, ki jih ne smete zamuditi, in briljantni programi na enem mestu<\/title>\n<meta name=\"robots\" content=\"index, follow, max-snippet:-1, max-image-preview:large, max-video-preview:-1\" \/>\n<link rel=\"canonical\" href=\"https:\/\/funzine.hu\/sl\/2025\/10\/07\/potovanje\/debrecen-jeseni-znamenitosti-ki-jih-ne-smete-zamuditi-in-briljantni-programi-na-enem-mestu\/\" \/>\n<meta property=\"og:locale\" content=\"sl_SI\" \/>\n<meta property=\"og:type\" content=\"article\" \/>\n<meta property=\"og:title\" content=\"Debrecen jeseni: znamenitosti, ki jih ne smete zamuditi, in briljantni programi na enem mestu\" \/>\n<meta property=\"og:description\" content=\"Poplava programov se ne kon\u010da s poletjem, saj kulturno \u017eivljenje Debrecena obljublja vznemirljive\" \/>\n<meta property=\"og:url\" content=\"https:\/\/funzine.hu\/sl\/2025\/10\/07\/potovanje\/debrecen-jeseni-znamenitosti-ki-jih-ne-smete-zamuditi-in-briljantni-programi-na-enem-mestu\/\" \/>\n<meta property=\"og:site_name\" content=\"Funzine\" \/>\n<meta property=\"article:publisher\" content=\"https:\/\/www.facebook.com\/funzine\/\" \/>\n<meta property=\"article:published_time\" content=\"2025-10-07T14:59:07+00:00\" \/>\n<meta property=\"og:image\" content=\"https:\/\/funzine.hu\/wp-content\/uploads\/2025\/10\/nature-6116411_1280.jpg\" \/>\n\t<meta property=\"og:image:width\" content=\"1280\" \/>\n\t<meta property=\"og:image:height\" content=\"960\" \/>\n\t<meta property=\"og:image:type\" content=\"image\/jpeg\" \/>\n<meta name=\"author\" content=\"Bodn\u00e1r Zsuzsa\" \/>\n<meta name=\"twitter:card\" content=\"summary_large_image\" \/>\n<meta name=\"twitter:creator\" content=\"@funzine\" \/>\n<meta name=\"twitter:site\" content=\"@funzine\" \/>\n<meta name=\"twitter:label1\" content=\"Written by\" \/>\n\t<meta name=\"twitter:data1\" content=\"Bodn\u00e1r Zsuzsa\" \/>\n\t<meta name=\"twitter:label2\" content=\"Est. reading time\" \/>\n\t<meta name=\"twitter:data2\" content=\"4 minute\" \/>\n<script type=\"application\/ld+json\" class=\"yoast-schema-graph\">{\"@context\":\"https:\/\/schema.org\",\"@graph\":[{\"@type\":\"NewsArticle\",\"@id\":\"https:\/\/funzine.hu\/sl\/2025\/10\/07\/potovanje\/debrecen-jeseni-znamenitosti-ki-jih-ne-smete-zamuditi-in-briljantni-programi-na-enem-mestu\/#article\",\"isPartOf\":{\"@id\":\"https:\/\/funzine.hu\/sl\/2025\/10\/07\/potovanje\/debrecen-jeseni-znamenitosti-ki-jih-ne-smete-zamuditi-in-briljantni-programi-na-enem-mestu\/\"},\"author\":{\"name\":\"Bodn\u00e1r Zsuzsa\",\"@id\":\"https:\/\/funzine.hu\/#\/schema\/person\/f3864a88f41183e8c3af70534ac28bb4\"},\"headline\":\"Debrecen jeseni: znamenitosti, ki jih ne smete zamuditi, in briljantni programi na enem mestu\",\"datePublished\":\"2025-10-07T14:59:07+00:00\",\"mainEntityOfPage\":{\"@id\":\"https:\/\/funzine.hu\/sl\/2025\/10\/07\/potovanje\/debrecen-jeseni-znamenitosti-ki-jih-ne-smete-zamuditi-in-briljantni-programi-na-enem-mestu\/\"},\"wordCount\":674,\"image\":{\"@id\":\"https:\/\/funzine.hu\/sl\/2025\/10\/07\/potovanje\/debrecen-jeseni-znamenitosti-ki-jih-ne-smete-zamuditi-in-briljantni-programi-na-enem-mestu\/#primaryimage\"},\"thumbnailUrl\":\"https:\/\/funzine.hu\/wp-content\/uploads\/2025\/10\/nature-6116411_1280.jpg\",\"articleSection\":[\"Potovanje\"],\"inLanguage\":\"sl-SI\"},{\"@type\":\"WebPage\",\"@id\":\"https:\/\/funzine.hu\/sl\/2025\/10\/07\/potovanje\/debrecen-jeseni-znamenitosti-ki-jih-ne-smete-zamuditi-in-briljantni-programi-na-enem-mestu\/\",\"url\":\"https:\/\/funzine.hu\/sl\/2025\/10\/07\/potovanje\/debrecen-jeseni-znamenitosti-ki-jih-ne-smete-zamuditi-in-briljantni-programi-na-enem-mestu\/\",\"name\":\"Debrecen jeseni: znamenitosti, ki jih ne smete zamuditi, in briljantni programi na enem mestu\",\"isPartOf\":{\"@id\":\"https:\/\/funzine.hu\/#website\"},\"primaryImageOfPage\":{\"@id\":\"https:\/\/funzine.hu\/sl\/2025\/10\/07\/potovanje\/debrecen-jeseni-znamenitosti-ki-jih-ne-smete-zamuditi-in-briljantni-programi-na-enem-mestu\/#primaryimage\"},\"image\":{\"@id\":\"https:\/\/funzine.hu\/sl\/2025\/10\/07\/potovanje\/debrecen-jeseni-znamenitosti-ki-jih-ne-smete-zamuditi-in-briljantni-programi-na-enem-mestu\/#primaryimage\"},\"thumbnailUrl\":\"https:\/\/funzine.hu\/wp-content\/uploads\/2025\/10\/nature-6116411_1280.jpg\",\"datePublished\":\"2025-10-07T14:59:07+00:00\",\"author\":{\"@id\":\"https:\/\/funzine.hu\/#\/schema\/person\/f3864a88f41183e8c3af70534ac28bb4\"},\"breadcrumb\":{\"@id\":\"https:\/\/funzine.hu\/sl\/2025\/10\/07\/potovanje\/debrecen-jeseni-znamenitosti-ki-jih-ne-smete-zamuditi-in-briljantni-programi-na-enem-mestu\/#breadcrumb\"},\"inLanguage\":\"sl-SI\",\"potentialAction\":[{\"@type\":\"ReadAction\",\"target\":[\"https:\/\/funzine.hu\/sl\/2025\/10\/07\/potovanje\/debrecen-jeseni-znamenitosti-ki-jih-ne-smete-zamuditi-in-briljantni-programi-na-enem-mestu\/\"]}]},{\"@type\":\"ImageObject\",\"inLanguage\":\"sl-SI\",\"@id\":\"https:\/\/funzine.hu\/sl\/2025\/10\/07\/potovanje\/debrecen-jeseni-znamenitosti-ki-jih-ne-smete-zamuditi-in-briljantni-programi-na-enem-mestu\/#primaryimage\",\"url\":\"https:\/\/funzine.hu\/wp-content\/uploads\/2025\/10\/nature-6116411_1280.jpg\",\"contentUrl\":\"https:\/\/funzine.hu\/wp-content\/uploads\/2025\/10\/nature-6116411_1280.jpg\",\"width\":1280,\"height\":960,\"caption\":\"ilustracija - pixabay.com\"},{\"@type\":\"BreadcrumbList\",\"@id\":\"https:\/\/funzine.hu\/sl\/2025\/10\/07\/potovanje\/debrecen-jeseni-znamenitosti-ki-jih-ne-smete-zamuditi-in-briljantni-programi-na-enem-mestu\/#breadcrumb\",\"itemListElement\":[{\"@type\":\"ListItem\",\"position\":1,\"name\":\"Home\",\"item\":\"https:\/\/funzine.hu\/sl\/\"},{\"@type\":\"ListItem\",\"position\":2,\"name\":\"Debrecen jeseni: znamenitosti, ki jih ne smete zamuditi, in briljantni programi na enem mestu\"}]},{\"@type\":\"WebSite\",\"@id\":\"https:\/\/funzine.hu\/#website\",\"url\":\"https:\/\/funzine.hu\/\",\"name\":\"Funzine\",\"description\":\"\",\"potentialAction\":[{\"@type\":\"SearchAction\",\"target\":{\"@type\":\"EntryPoint\",\"urlTemplate\":\"https:\/\/funzine.hu\/?s={search_term_string}\"},\"query-input\":{\"@type\":\"PropertyValueSpecification\",\"valueRequired\":true,\"valueName\":\"search_term_string\"}}],\"inLanguage\":\"sl-SI\"},{\"@type\":\"Person\",\"@id\":\"https:\/\/funzine.hu\/#\/schema\/person\/f3864a88f41183e8c3af70534ac28bb4\",\"name\":\"Bodn\u00e1r Zsuzsa\",\"image\":{\"@type\":\"ImageObject\",\"inLanguage\":\"sl-SI\",\"@id\":\"https:\/\/secure.gravatar.com\/avatar\/3dac04a042bfb0c015d0f893ef5eb9cca9d966bb5795039862dafd8d2ab5d410?s=96&d=mm&r=g\",\"url\":\"https:\/\/secure.gravatar.com\/avatar\/3dac04a042bfb0c015d0f893ef5eb9cca9d966bb5795039862dafd8d2ab5d410?s=96&d=mm&r=g\",\"contentUrl\":\"https:\/\/secure.gravatar.com\/avatar\/3dac04a042bfb0c015d0f893ef5eb9cca9d966bb5795039862dafd8d2ab5d410?s=96&d=mm&r=g\",\"caption\":\"Bodn\u00e1r Zsuzsa\"},\"url\":\"https:\/\/funzine.hu\/sl\/author\/bodnar-zsuzsa-1984\/\"}]}<\/script>\n<!-- \/ Yoast SEO plugin. -->","yoast_head_json":{"title":"Debrecen jeseni: znamenitosti, ki jih ne smete zamuditi, in briljantni programi na enem mestu","robots":{"index":"index","follow":"follow","max-snippet":"max-snippet:-1","max-image-preview":"max-image-preview:large","max-video-preview":"max-video-preview:-1"},"canonical":"https:\/\/funzine.hu\/sl\/2025\/10\/07\/potovanje\/debrecen-jeseni-znamenitosti-ki-jih-ne-smete-zamuditi-in-briljantni-programi-na-enem-mestu\/","og_locale":"sl_SI","og_type":"article","og_title":"Debrecen jeseni: znamenitosti, ki jih ne smete zamuditi, in briljantni programi na enem mestu","og_description":"Poplava programov se ne kon\u010da s poletjem, saj kulturno \u017eivljenje Debrecena obljublja vznemirljive","og_url":"https:\/\/funzine.hu\/sl\/2025\/10\/07\/potovanje\/debrecen-jeseni-znamenitosti-ki-jih-ne-smete-zamuditi-in-briljantni-programi-na-enem-mestu\/","og_site_name":"Funzine","article_publisher":"https:\/\/www.facebook.com\/funzine\/","article_published_time":"2025-10-07T14:59:07+00:00","og_image":[{"width":1280,"height":960,"url":"https:\/\/funzine.hu\/wp-content\/uploads\/2025\/10\/nature-6116411_1280.jpg","type":"image\/jpeg"}],"author":"Bodn\u00e1r Zsuzsa","twitter_card":"summary_large_image","twitter_creator":"@funzine","twitter_site":"@funzine","twitter_misc":{"Written by":"Bodn\u00e1r Zsuzsa","Est. reading time":"4 minute"},"schema":{"@context":"https:\/\/schema.org","@graph":[{"@type":"NewsArticle","@id":"https:\/\/funzine.hu\/sl\/2025\/10\/07\/potovanje\/debrecen-jeseni-znamenitosti-ki-jih-ne-smete-zamuditi-in-briljantni-programi-na-enem-mestu\/#article","isPartOf":{"@id":"https:\/\/funzine.hu\/sl\/2025\/10\/07\/potovanje\/debrecen-jeseni-znamenitosti-ki-jih-ne-smete-zamuditi-in-briljantni-programi-na-enem-mestu\/"},"author":{"name":"Bodn\u00e1r Zsuzsa","@id":"https:\/\/funzine.hu\/#\/schema\/person\/f3864a88f41183e8c3af70534ac28bb4"},"headline":"Debrecen jeseni: znamenitosti, ki jih ne smete zamuditi, in briljantni programi na enem mestu","datePublished":"2025-10-07T14:59:07+00:00","mainEntityOfPage":{"@id":"https:\/\/funzine.hu\/sl\/2025\/10\/07\/potovanje\/debrecen-jeseni-znamenitosti-ki-jih-ne-smete-zamuditi-in-briljantni-programi-na-enem-mestu\/"},"wordCount":674,"image":{"@id":"https:\/\/funzine.hu\/sl\/2025\/10\/07\/potovanje\/debrecen-jeseni-znamenitosti-ki-jih-ne-smete-zamuditi-in-briljantni-programi-na-enem-mestu\/#primaryimage"},"thumbnailUrl":"https:\/\/funzine.hu\/wp-content\/uploads\/2025\/10\/nature-6116411_1280.jpg","articleSection":["Potovanje"],"inLanguage":"sl-SI"},{"@type":"WebPage","@id":"https:\/\/funzine.hu\/sl\/2025\/10\/07\/potovanje\/debrecen-jeseni-znamenitosti-ki-jih-ne-smete-zamuditi-in-briljantni-programi-na-enem-mestu\/","url":"https:\/\/funzine.hu\/sl\/2025\/10\/07\/potovanje\/debrecen-jeseni-znamenitosti-ki-jih-ne-smete-zamuditi-in-briljantni-programi-na-enem-mestu\/","name":"Debrecen jeseni: znamenitosti, ki jih ne smete zamuditi, in briljantni programi na enem mestu","isPartOf":{"@id":"https:\/\/funzine.hu\/#website"},"primaryImageOfPage":{"@id":"https:\/\/funzine.hu\/sl\/2025\/10\/07\/potovanje\/debrecen-jeseni-znamenitosti-ki-jih-ne-smete-zamuditi-in-briljantni-programi-na-enem-mestu\/#primaryimage"},"image":{"@id":"https:\/\/funzine.hu\/sl\/2025\/10\/07\/potovanje\/debrecen-jeseni-znamenitosti-ki-jih-ne-smete-zamuditi-in-briljantni-programi-na-enem-mestu\/#primaryimage"},"thumbnailUrl":"https:\/\/funzine.hu\/wp-content\/uploads\/2025\/10\/nature-6116411_1280.jpg","datePublished":"2025-10-07T14:59:07+00:00","author":{"@id":"https:\/\/funzine.hu\/#\/schema\/person\/f3864a88f41183e8c3af70534ac28bb4"},"breadcrumb":{"@id":"https:\/\/funzine.hu\/sl\/2025\/10\/07\/potovanje\/debrecen-jeseni-znamenitosti-ki-jih-ne-smete-zamuditi-in-briljantni-programi-na-enem-mestu\/#breadcrumb"},"inLanguage":"sl-SI","potentialAction":[{"@type":"ReadAction","target":["https:\/\/funzine.hu\/sl\/2025\/10\/07\/potovanje\/debrecen-jeseni-znamenitosti-ki-jih-ne-smete-zamuditi-in-briljantni-programi-na-enem-mestu\/"]}]},{"@type":"ImageObject","inLanguage":"sl-SI","@id":"https:\/\/funzine.hu\/sl\/2025\/10\/07\/potovanje\/debrecen-jeseni-znamenitosti-ki-jih-ne-smete-zamuditi-in-briljantni-programi-na-enem-mestu\/#primaryimage","url":"https:\/\/funzine.hu\/wp-content\/uploads\/2025\/10\/nature-6116411_1280.jpg","contentUrl":"https:\/\/funzine.hu\/wp-content\/uploads\/2025\/10\/nature-6116411_1280.jpg","width":1280,"height":960,"caption":"ilustracija - pixabay.com"},{"@type":"BreadcrumbList","@id":"https:\/\/funzine.hu\/sl\/2025\/10\/07\/potovanje\/debrecen-jeseni-znamenitosti-ki-jih-ne-smete-zamuditi-in-briljantni-programi-na-enem-mestu\/#breadcrumb","itemListElement":[{"@type":"ListItem","position":1,"name":"Home","item":"https:\/\/funzine.hu\/sl\/"},{"@type":"ListItem","position":2,"name":"Debrecen jeseni: znamenitosti, ki jih ne smete zamuditi, in briljantni programi na enem mestu"}]},{"@type":"WebSite","@id":"https:\/\/funzine.hu\/#website","url":"https:\/\/funzine.hu\/","name":"Funzine","description":"","potentialAction":[{"@type":"SearchAction","target":{"@type":"EntryPoint","urlTemplate":"https:\/\/funzine.hu\/?s={search_term_string}"},"query-input":{"@type":"PropertyValueSpecification","valueRequired":true,"valueName":"search_term_string"}}],"inLanguage":"sl-SI"},{"@type":"Person","@id":"https:\/\/funzine.hu\/#\/schema\/person\/f3864a88f41183e8c3af70534ac28bb4","name":"Bodn\u00e1r Zsuzsa","image":{"@type":"ImageObject","inLanguage":"sl-SI","@id":"https:\/\/secure.gravatar.com\/avatar\/3dac04a042bfb0c015d0f893ef5eb9cca9d966bb5795039862dafd8d2ab5d410?s=96&d=mm&r=g","url":"https:\/\/secure.gravatar.com\/avatar\/3dac04a042bfb0c015d0f893ef5eb9cca9d966bb5795039862dafd8d2ab5d410?s=96&d=mm&r=g","contentUrl":"https:\/\/secure.gravatar.com\/avatar\/3dac04a042bfb0c015d0f893ef5eb9cca9d966bb5795039862dafd8d2ab5d410?s=96&d=mm&r=g","caption":"Bodn\u00e1r Zsuzsa"},"url":"https:\/\/funzine.hu\/sl\/author\/bodnar-zsuzsa-1984\/"}]}},"amp_enabled":true,"_links":{"self":[{"href":"https:\/\/funzine.hu\/sl\/wp-json\/wp\/v2\/posts\/612419","targetHints":{"allow":["GET"]}}],"collection":[{"href":"https:\/\/funzine.hu\/sl\/wp-json\/wp\/v2\/posts"}],"about":[{"href":"https:\/\/funzine.hu\/sl\/wp-json\/wp\/v2\/types\/post"}],"author":[{"embeddable":true,"href":"https:\/\/funzine.hu\/sl\/wp-json\/wp\/v2\/users\/391"}],"replies":[{"embeddable":true,"href":"https:\/\/funzine.hu\/sl\/wp-json\/wp\/v2\/comments?post=612419"}],"version-history":[{"count":1,"href":"https:\/\/funzine.hu\/sl\/wp-json\/wp\/v2\/posts\/612419\/revisions"}],"predecessor-version":[{"id":612421,"href":"https:\/\/funzine.hu\/sl\/wp-json\/wp\/v2\/posts\/612419\/revisions\/612421"}],"wp:featuredmedia":[{"embeddable":true,"href":"https:\/\/funzine.hu\/sl\/wp-json\/wp\/v2\/media\/612420"}],"wp:attachment":[{"href":"https:\/\/funzine.hu\/sl\/wp-json\/wp\/v2\/media?parent=612419"}],"wp:term":[{"taxonomy":"category","embeddable":true,"href":"https:\/\/funzine.hu\/sl\/wp-json\/wp\/v2\/categories?post=612419"},{"taxonomy":"post_tag","embeddable":true,"href":"https:\/\/funzine.hu\/sl\/wp-json\/wp\/v2\/tags?post=612419"},{"taxonomy":"post_places","embeddable":true,"href":"https:\/\/funzine.hu\/sl\/wp-json\/wp\/v2\/post_places?post=612419"}],"curies":[{"name":"wp","href":"https:\/\/api.w.org\/{rel}","templated":true}]}}