{"id":612416,"date":"2025-10-07T16:57:13","date_gmt":"2025-10-07T14:57:13","guid":{"rendered":"https:\/\/funzine.hu\/?p=612416"},"modified":"2025-10-07T16:57:13","modified_gmt":"2025-10-07T14:57:13","slug":"madzarski-versailles-grad-v-fertodu-kjer-gresta-z-roko-v-roki-okrasen-sijaj-in-barocni-luksuz","status":"publish","type":"post","link":"https:\/\/funzine.hu\/sl\/2025\/10\/07\/potovanje\/madzarski-versailles-grad-v-fertodu-kjer-gresta-z-roko-v-roki-okrasen-sijaj-in-barocni-luksuz\/","title":{"rendered":"Mad\u017earski Versailles: Grad v Fert\u0151du, kjer gresta z roko v roki okra\u0161en sijaj in baro\u010dni luksuz"},"content":{"rendered":"<p>Le na dosegu roke od avstrijske meje se nahaja drugi najve\u010dji in najbolj okra\u0161en plemi\u0161ki grad v na\u0161i dr\u017eavi, kjer gresta z roko v roki baro\u010dni sijaj in rokokojski luksuz. Grad Esterh\u00e1zy v Fert\u0151du, znan tudi kot mad\u017earski Versailles, o\u010dara vsakogar s svojimi prostranimi dvoranami in \u010dudovitim francoskim vrtom.<\/p>\n<figure id=\"attachment_612417\" aria-describedby=\"caption-attachment-612417\" style=\"width: 850px\" class=\"wp-caption aligncenter\"><img decoding=\"async\" class=\"size-funzine-large wp-image-612417\" src=\"https:\/\/funzine.hu\/wp-content\/uploads\/2025\/10\/versailles-94574_1280-1200x675.jpg\" alt=\"\" width=\"850\" height=\"478\" srcset=\"https:\/\/funzine.hu\/wp-content\/uploads\/2025\/10\/versailles-94574_1280-1200x675.jpg 1200w, https:\/\/funzine.hu\/wp-content\/uploads\/2025\/10\/versailles-94574_1280-300x169.jpg 300w, https:\/\/funzine.hu\/wp-content\/uploads\/2025\/10\/versailles-94574_1280-1024x576.jpg 1024w, https:\/\/funzine.hu\/wp-content\/uploads\/2025\/10\/versailles-94574_1280-768x432.jpg 768w, https:\/\/funzine.hu\/wp-content\/uploads\/2025\/10\/versailles-94574_1280-480x270.jpg 480w, https:\/\/funzine.hu\/wp-content\/uploads\/2025\/10\/versailles-94574_1280.jpg 1280w\" sizes=\"(max-width: 850px) 100vw, 850px\" \/><figcaption id=\"caption-attachment-612417\" class=\"wp-caption-text\">ilustracija &#8211; pixabay.com<\/figcaption><\/figure>\n<p>Od za\u010detka do razcveta<br \/>\nZa nastanek gradu se lahko zahvalimo grofu J\u00f3zsefu Esterh\u00e1zyju, ki je leta 1720 naro\u010dil dunajskemu arhitektu, naj v trsti\u010dju obdani, divjadi bogati pokrajini jezera Fert\u0151 zgradi lovsko ko\u010do z 22 sobami. Stavba je do\u017eivela svoj razcvet v \u010dasu J\u00f3zsefovega sina Mikl\u00f3sa Esterh\u00e1zyja, ki je vse \u017eivljenje gradil in dal zgraditi grad, ki se je kosal s sijajem kraljevih dvorov.<\/p>\n<p>Sijaj in razko\u0161je<br \/>\nNikl\u00f3s ni zani\u010deval razko\u0161ja, vsaka podrobnost gradu je odra\u017eala njegov status kultiviranega plemi\u010da, radodarnega mecena in fantasti\u010dnega poznavalca umetnosti. Takrat so bila v pala\u010di nekaj obi\u010dajnega tudi \u010darobna praznovanja in sve\u010danosti.<\/p>\n<p>Deli stavbe s prostornimi dvoranami, najizvrstnej\u0161im in najrazko\u0161nej\u0161im pohi\u0161tvom ter razko\u0161nimi umetni\u0161kimi zakladi tistega \u010dasa, knji\u017enica in gledali\u0161\u010de, ki sta pripadala gradu, ter opera in lutkovno gledali\u0161\u010de, zgrajeno na posestvu, so bili na posestvu prisotni kot nekak\u0161en statusni simbol, ki je utele\u0161al sijaj in glamur, zna\u010dilen za baro\u010dni in rokokojski slog.<\/p>\n<p>Joseph Haydn v gradu<br \/>\nJosepha Haydna verjetno ni treba nikomur predstavljati, saj je vsakdo vsaj enkrat v \u017eivljenju sre\u010dal njegovo ime. Haydn je bil ena najpomembnej\u0161ih osebnosti dunajske klasike in je pomemben del svoje kariere pre\u017eivel na posestvu Esterh\u00e1zy, v gradu.<\/p>\n<p>Neverjetni virtuoz je v 18. stoletju slu\u017eil plemi\u0161ki dru\u017eini, sprva kot drugi dirigent, nato pa kot glavni glasbeni direktor. \u0160tevilna njegova pomembna dela so nastala znotraj obzidja gradu, ki je neprecenljivo bogastvo.<\/p>\n<p>Grad danes<br \/>\nZ Mikl\u00f3som Esterh\u00e1zyjem je \u010dudoviti grad za\u010del propadati, nato pa sta ga knez Mikl\u00f3s Esterh\u00e1zy IV. in njegova \u017eena, grofica Margit Czir\u00e1ky, dala obnoviti. Vendar pa stiske druge svetovne vojne niso prizanesle niti tej stavbi. Danes grad Esterh\u00e1zy pripada Kulturnemu, raziskovalnemu in festivalskemu centru Eszterh\u00e1za, ki si \u0161e vedno prizadeva, da bi mu povrnili nekdanji impozanten videz.<\/p>\n<p>Za\u010dasne in stalne razstave ponujajo vpogled v o\u010darljivo resni\u010dnost baro\u010dnega sijaja in nepozabno do\u017eivetje za vse ljubitelje kulture.<\/p>\n<p>\u010cudovit grajski park<br \/>\nOb obisku Fert\u0151da vas ne navdu\u0161i le grad sam, temve\u010d tudi njegov veli\u010dasten vrt. Dvori\u0161\u010de je bilo neko\u010d okra\u0161eno s fontanami, kipi, slapovi in zabavi\u0161\u010dnimi hi\u0161icami.<\/p>\n<p>Njegova sedanja oblika je nekoliko bolj zadr\u017eana, vendar sprednje dvori\u0161\u010de gradu krasijo pisane ro\u017ee, \u010dudovit vodnjak in obrezano grmi\u010devje, zadnje posestvo pa je bogato z bujnimi zelenimi rastlinami in nepozabnim vrtom vrtnic.<\/p>\n","protected":false},"excerpt":{"rendered":"<p>Le na dosegu roke od avstrijske meje se nahaja drugi najve\u010dji in najbolj okra\u0161en plemi\u0161ki grad v<\/p>\n","protected":false},"author":391,"featured_media":612417,"comment_status":"closed","ping_status":"closed","sticky":false,"template":"","format":"standard","meta":{"_acf_changed":false,"wprm-recipe-roundup-name":"","wprm-recipe-roundup-description":"","ngg_post_thumbnail":0,"footnotes":""},"categories":[14345],"tags":[],"post_places":[],"class_list":["post-612416","post","type-post","status-publish","format-standard","has-post-thumbnail","hentry","category-potovanje"],"acf":{"connected_places":"","del_image":""},"yoast_head":"<!-- This site is optimized with the Yoast SEO plugin v27.2 - https:\/\/yoast.com\/product\/yoast-seo-wordpress\/ -->\n<title>Mad\u017earski Versailles: Grad v Fert\u0151du, kjer gresta z roko v roki okra\u0161en sijaj in baro\u010dni luksuz<\/title>\n<meta name=\"robots\" content=\"index, follow, max-snippet:-1, max-image-preview:large, max-video-preview:-1\" \/>\n<link rel=\"canonical\" href=\"https:\/\/funzine.hu\/sl\/2025\/10\/07\/potovanje\/madzarski-versailles-grad-v-fertodu-kjer-gresta-z-roko-v-roki-okrasen-sijaj-in-barocni-luksuz\/\" \/>\n<meta property=\"og:locale\" content=\"sl_SI\" \/>\n<meta property=\"og:type\" content=\"article\" \/>\n<meta property=\"og:title\" content=\"Mad\u017earski Versailles: Grad v Fert\u0151du, kjer gresta z roko v roki okra\u0161en sijaj in baro\u010dni luksuz\" \/>\n<meta property=\"og:description\" content=\"Le na dosegu roke od avstrijske meje se nahaja drugi najve\u010dji in najbolj okra\u0161en plemi\u0161ki grad v\" \/>\n<meta property=\"og:url\" content=\"https:\/\/funzine.hu\/sl\/2025\/10\/07\/potovanje\/madzarski-versailles-grad-v-fertodu-kjer-gresta-z-roko-v-roki-okrasen-sijaj-in-barocni-luksuz\/\" \/>\n<meta property=\"og:site_name\" content=\"Funzine\" \/>\n<meta property=\"article:publisher\" content=\"https:\/\/www.facebook.com\/funzine\/\" \/>\n<meta property=\"article:published_time\" content=\"2025-10-07T14:57:13+00:00\" \/>\n<meta property=\"og:image\" content=\"https:\/\/funzine.hu\/wp-content\/uploads\/2025\/10\/versailles-94574_1280.jpg\" \/>\n\t<meta property=\"og:image:width\" content=\"1280\" \/>\n\t<meta property=\"og:image:height\" content=\"720\" \/>\n\t<meta property=\"og:image:type\" content=\"image\/jpeg\" \/>\n<meta name=\"author\" content=\"Bodn\u00e1r Zsuzsa\" \/>\n<meta name=\"twitter:card\" content=\"summary_large_image\" \/>\n<meta name=\"twitter:creator\" content=\"@funzine\" \/>\n<meta name=\"twitter:site\" content=\"@funzine\" \/>\n<meta name=\"twitter:label1\" content=\"Written by\" \/>\n\t<meta name=\"twitter:data1\" content=\"Bodn\u00e1r Zsuzsa\" \/>\n\t<meta name=\"twitter:label2\" content=\"Est. reading time\" \/>\n\t<meta name=\"twitter:data2\" content=\"3 minute\" \/>\n<script type=\"application\/ld+json\" class=\"yoast-schema-graph\">{\"@context\":\"https:\/\/schema.org\",\"@graph\":[{\"@type\":\"NewsArticle\",\"@id\":\"https:\/\/funzine.hu\/sl\/2025\/10\/07\/potovanje\/madzarski-versailles-grad-v-fertodu-kjer-gresta-z-roko-v-roki-okrasen-sijaj-in-barocni-luksuz\/#article\",\"isPartOf\":{\"@id\":\"https:\/\/funzine.hu\/sl\/2025\/10\/07\/potovanje\/madzarski-versailles-grad-v-fertodu-kjer-gresta-z-roko-v-roki-okrasen-sijaj-in-barocni-luksuz\/\"},\"author\":{\"name\":\"Bodn\u00e1r Zsuzsa\",\"@id\":\"https:\/\/funzine.hu\/#\/schema\/person\/f3864a88f41183e8c3af70534ac28bb4\"},\"headline\":\"Mad\u017earski Versailles: Grad v Fert\u0151du, kjer gresta z roko v roki okra\u0161en sijaj in baro\u010dni luksuz\",\"datePublished\":\"2025-10-07T14:57:13+00:00\",\"mainEntityOfPage\":{\"@id\":\"https:\/\/funzine.hu\/sl\/2025\/10\/07\/potovanje\/madzarski-versailles-grad-v-fertodu-kjer-gresta-z-roko-v-roki-okrasen-sijaj-in-barocni-luksuz\/\"},\"wordCount\":510,\"image\":{\"@id\":\"https:\/\/funzine.hu\/sl\/2025\/10\/07\/potovanje\/madzarski-versailles-grad-v-fertodu-kjer-gresta-z-roko-v-roki-okrasen-sijaj-in-barocni-luksuz\/#primaryimage\"},\"thumbnailUrl\":\"https:\/\/funzine.hu\/wp-content\/uploads\/2025\/10\/versailles-94574_1280.jpg\",\"articleSection\":[\"Potovanje\"],\"inLanguage\":\"sl-SI\"},{\"@type\":\"WebPage\",\"@id\":\"https:\/\/funzine.hu\/sl\/2025\/10\/07\/potovanje\/madzarski-versailles-grad-v-fertodu-kjer-gresta-z-roko-v-roki-okrasen-sijaj-in-barocni-luksuz\/\",\"url\":\"https:\/\/funzine.hu\/sl\/2025\/10\/07\/potovanje\/madzarski-versailles-grad-v-fertodu-kjer-gresta-z-roko-v-roki-okrasen-sijaj-in-barocni-luksuz\/\",\"name\":\"Mad\u017earski Versailles: Grad v Fert\u0151du, kjer gresta z roko v roki okra\u0161en sijaj in baro\u010dni luksuz\",\"isPartOf\":{\"@id\":\"https:\/\/funzine.hu\/#website\"},\"primaryImageOfPage\":{\"@id\":\"https:\/\/funzine.hu\/sl\/2025\/10\/07\/potovanje\/madzarski-versailles-grad-v-fertodu-kjer-gresta-z-roko-v-roki-okrasen-sijaj-in-barocni-luksuz\/#primaryimage\"},\"image\":{\"@id\":\"https:\/\/funzine.hu\/sl\/2025\/10\/07\/potovanje\/madzarski-versailles-grad-v-fertodu-kjer-gresta-z-roko-v-roki-okrasen-sijaj-in-barocni-luksuz\/#primaryimage\"},\"thumbnailUrl\":\"https:\/\/funzine.hu\/wp-content\/uploads\/2025\/10\/versailles-94574_1280.jpg\",\"datePublished\":\"2025-10-07T14:57:13+00:00\",\"author\":{\"@id\":\"https:\/\/funzine.hu\/#\/schema\/person\/f3864a88f41183e8c3af70534ac28bb4\"},\"breadcrumb\":{\"@id\":\"https:\/\/funzine.hu\/sl\/2025\/10\/07\/potovanje\/madzarski-versailles-grad-v-fertodu-kjer-gresta-z-roko-v-roki-okrasen-sijaj-in-barocni-luksuz\/#breadcrumb\"},\"inLanguage\":\"sl-SI\",\"potentialAction\":[{\"@type\":\"ReadAction\",\"target\":[\"https:\/\/funzine.hu\/sl\/2025\/10\/07\/potovanje\/madzarski-versailles-grad-v-fertodu-kjer-gresta-z-roko-v-roki-okrasen-sijaj-in-barocni-luksuz\/\"]}]},{\"@type\":\"ImageObject\",\"inLanguage\":\"sl-SI\",\"@id\":\"https:\/\/funzine.hu\/sl\/2025\/10\/07\/potovanje\/madzarski-versailles-grad-v-fertodu-kjer-gresta-z-roko-v-roki-okrasen-sijaj-in-barocni-luksuz\/#primaryimage\",\"url\":\"https:\/\/funzine.hu\/wp-content\/uploads\/2025\/10\/versailles-94574_1280.jpg\",\"contentUrl\":\"https:\/\/funzine.hu\/wp-content\/uploads\/2025\/10\/versailles-94574_1280.jpg\",\"width\":1280,\"height\":720,\"caption\":\"ilustracija - pixabay.com\"},{\"@type\":\"BreadcrumbList\",\"@id\":\"https:\/\/funzine.hu\/sl\/2025\/10\/07\/potovanje\/madzarski-versailles-grad-v-fertodu-kjer-gresta-z-roko-v-roki-okrasen-sijaj-in-barocni-luksuz\/#breadcrumb\",\"itemListElement\":[{\"@type\":\"ListItem\",\"position\":1,\"name\":\"Home\",\"item\":\"https:\/\/funzine.hu\/sl\/\"},{\"@type\":\"ListItem\",\"position\":2,\"name\":\"Mad\u017earski Versailles: Grad v Fert\u0151du, kjer gresta z roko v roki okra\u0161en sijaj in baro\u010dni luksuz\"}]},{\"@type\":\"WebSite\",\"@id\":\"https:\/\/funzine.hu\/#website\",\"url\":\"https:\/\/funzine.hu\/\",\"name\":\"Funzine\",\"description\":\"\",\"potentialAction\":[{\"@type\":\"SearchAction\",\"target\":{\"@type\":\"EntryPoint\",\"urlTemplate\":\"https:\/\/funzine.hu\/?s={search_term_string}\"},\"query-input\":{\"@type\":\"PropertyValueSpecification\",\"valueRequired\":true,\"valueName\":\"search_term_string\"}}],\"inLanguage\":\"sl-SI\"},{\"@type\":\"Person\",\"@id\":\"https:\/\/funzine.hu\/#\/schema\/person\/f3864a88f41183e8c3af70534ac28bb4\",\"name\":\"Bodn\u00e1r Zsuzsa\",\"image\":{\"@type\":\"ImageObject\",\"inLanguage\":\"sl-SI\",\"@id\":\"https:\/\/secure.gravatar.com\/avatar\/3dac04a042bfb0c015d0f893ef5eb9cca9d966bb5795039862dafd8d2ab5d410?s=96&d=mm&r=g\",\"url\":\"https:\/\/secure.gravatar.com\/avatar\/3dac04a042bfb0c015d0f893ef5eb9cca9d966bb5795039862dafd8d2ab5d410?s=96&d=mm&r=g\",\"contentUrl\":\"https:\/\/secure.gravatar.com\/avatar\/3dac04a042bfb0c015d0f893ef5eb9cca9d966bb5795039862dafd8d2ab5d410?s=96&d=mm&r=g\",\"caption\":\"Bodn\u00e1r Zsuzsa\"},\"url\":\"https:\/\/funzine.hu\/sl\/author\/bodnar-zsuzsa-1984\/\"}]}<\/script>\n<!-- \/ Yoast SEO plugin. -->","yoast_head_json":{"title":"Mad\u017earski Versailles: Grad v Fert\u0151du, kjer gresta z roko v roki okra\u0161en sijaj in baro\u010dni luksuz","robots":{"index":"index","follow":"follow","max-snippet":"max-snippet:-1","max-image-preview":"max-image-preview:large","max-video-preview":"max-video-preview:-1"},"canonical":"https:\/\/funzine.hu\/sl\/2025\/10\/07\/potovanje\/madzarski-versailles-grad-v-fertodu-kjer-gresta-z-roko-v-roki-okrasen-sijaj-in-barocni-luksuz\/","og_locale":"sl_SI","og_type":"article","og_title":"Mad\u017earski Versailles: Grad v Fert\u0151du, kjer gresta z roko v roki okra\u0161en sijaj in baro\u010dni luksuz","og_description":"Le na dosegu roke od avstrijske meje se nahaja drugi najve\u010dji in najbolj okra\u0161en plemi\u0161ki grad v","og_url":"https:\/\/funzine.hu\/sl\/2025\/10\/07\/potovanje\/madzarski-versailles-grad-v-fertodu-kjer-gresta-z-roko-v-roki-okrasen-sijaj-in-barocni-luksuz\/","og_site_name":"Funzine","article_publisher":"https:\/\/www.facebook.com\/funzine\/","article_published_time":"2025-10-07T14:57:13+00:00","og_image":[{"width":1280,"height":720,"url":"https:\/\/funzine.hu\/wp-content\/uploads\/2025\/10\/versailles-94574_1280.jpg","type":"image\/jpeg"}],"author":"Bodn\u00e1r Zsuzsa","twitter_card":"summary_large_image","twitter_creator":"@funzine","twitter_site":"@funzine","twitter_misc":{"Written by":"Bodn\u00e1r Zsuzsa","Est. reading time":"3 minute"},"schema":{"@context":"https:\/\/schema.org","@graph":[{"@type":"NewsArticle","@id":"https:\/\/funzine.hu\/sl\/2025\/10\/07\/potovanje\/madzarski-versailles-grad-v-fertodu-kjer-gresta-z-roko-v-roki-okrasen-sijaj-in-barocni-luksuz\/#article","isPartOf":{"@id":"https:\/\/funzine.hu\/sl\/2025\/10\/07\/potovanje\/madzarski-versailles-grad-v-fertodu-kjer-gresta-z-roko-v-roki-okrasen-sijaj-in-barocni-luksuz\/"},"author":{"name":"Bodn\u00e1r Zsuzsa","@id":"https:\/\/funzine.hu\/#\/schema\/person\/f3864a88f41183e8c3af70534ac28bb4"},"headline":"Mad\u017earski Versailles: Grad v Fert\u0151du, kjer gresta z roko v roki okra\u0161en sijaj in baro\u010dni luksuz","datePublished":"2025-10-07T14:57:13+00:00","mainEntityOfPage":{"@id":"https:\/\/funzine.hu\/sl\/2025\/10\/07\/potovanje\/madzarski-versailles-grad-v-fertodu-kjer-gresta-z-roko-v-roki-okrasen-sijaj-in-barocni-luksuz\/"},"wordCount":510,"image":{"@id":"https:\/\/funzine.hu\/sl\/2025\/10\/07\/potovanje\/madzarski-versailles-grad-v-fertodu-kjer-gresta-z-roko-v-roki-okrasen-sijaj-in-barocni-luksuz\/#primaryimage"},"thumbnailUrl":"https:\/\/funzine.hu\/wp-content\/uploads\/2025\/10\/versailles-94574_1280.jpg","articleSection":["Potovanje"],"inLanguage":"sl-SI"},{"@type":"WebPage","@id":"https:\/\/funzine.hu\/sl\/2025\/10\/07\/potovanje\/madzarski-versailles-grad-v-fertodu-kjer-gresta-z-roko-v-roki-okrasen-sijaj-in-barocni-luksuz\/","url":"https:\/\/funzine.hu\/sl\/2025\/10\/07\/potovanje\/madzarski-versailles-grad-v-fertodu-kjer-gresta-z-roko-v-roki-okrasen-sijaj-in-barocni-luksuz\/","name":"Mad\u017earski Versailles: Grad v Fert\u0151du, kjer gresta z roko v roki okra\u0161en sijaj in baro\u010dni luksuz","isPartOf":{"@id":"https:\/\/funzine.hu\/#website"},"primaryImageOfPage":{"@id":"https:\/\/funzine.hu\/sl\/2025\/10\/07\/potovanje\/madzarski-versailles-grad-v-fertodu-kjer-gresta-z-roko-v-roki-okrasen-sijaj-in-barocni-luksuz\/#primaryimage"},"image":{"@id":"https:\/\/funzine.hu\/sl\/2025\/10\/07\/potovanje\/madzarski-versailles-grad-v-fertodu-kjer-gresta-z-roko-v-roki-okrasen-sijaj-in-barocni-luksuz\/#primaryimage"},"thumbnailUrl":"https:\/\/funzine.hu\/wp-content\/uploads\/2025\/10\/versailles-94574_1280.jpg","datePublished":"2025-10-07T14:57:13+00:00","author":{"@id":"https:\/\/funzine.hu\/#\/schema\/person\/f3864a88f41183e8c3af70534ac28bb4"},"breadcrumb":{"@id":"https:\/\/funzine.hu\/sl\/2025\/10\/07\/potovanje\/madzarski-versailles-grad-v-fertodu-kjer-gresta-z-roko-v-roki-okrasen-sijaj-in-barocni-luksuz\/#breadcrumb"},"inLanguage":"sl-SI","potentialAction":[{"@type":"ReadAction","target":["https:\/\/funzine.hu\/sl\/2025\/10\/07\/potovanje\/madzarski-versailles-grad-v-fertodu-kjer-gresta-z-roko-v-roki-okrasen-sijaj-in-barocni-luksuz\/"]}]},{"@type":"ImageObject","inLanguage":"sl-SI","@id":"https:\/\/funzine.hu\/sl\/2025\/10\/07\/potovanje\/madzarski-versailles-grad-v-fertodu-kjer-gresta-z-roko-v-roki-okrasen-sijaj-in-barocni-luksuz\/#primaryimage","url":"https:\/\/funzine.hu\/wp-content\/uploads\/2025\/10\/versailles-94574_1280.jpg","contentUrl":"https:\/\/funzine.hu\/wp-content\/uploads\/2025\/10\/versailles-94574_1280.jpg","width":1280,"height":720,"caption":"ilustracija - pixabay.com"},{"@type":"BreadcrumbList","@id":"https:\/\/funzine.hu\/sl\/2025\/10\/07\/potovanje\/madzarski-versailles-grad-v-fertodu-kjer-gresta-z-roko-v-roki-okrasen-sijaj-in-barocni-luksuz\/#breadcrumb","itemListElement":[{"@type":"ListItem","position":1,"name":"Home","item":"https:\/\/funzine.hu\/sl\/"},{"@type":"ListItem","position":2,"name":"Mad\u017earski Versailles: Grad v Fert\u0151du, kjer gresta z roko v roki okra\u0161en sijaj in baro\u010dni luksuz"}]},{"@type":"WebSite","@id":"https:\/\/funzine.hu\/#website","url":"https:\/\/funzine.hu\/","name":"Funzine","description":"","potentialAction":[{"@type":"SearchAction","target":{"@type":"EntryPoint","urlTemplate":"https:\/\/funzine.hu\/?s={search_term_string}"},"query-input":{"@type":"PropertyValueSpecification","valueRequired":true,"valueName":"search_term_string"}}],"inLanguage":"sl-SI"},{"@type":"Person","@id":"https:\/\/funzine.hu\/#\/schema\/person\/f3864a88f41183e8c3af70534ac28bb4","name":"Bodn\u00e1r Zsuzsa","image":{"@type":"ImageObject","inLanguage":"sl-SI","@id":"https:\/\/secure.gravatar.com\/avatar\/3dac04a042bfb0c015d0f893ef5eb9cca9d966bb5795039862dafd8d2ab5d410?s=96&d=mm&r=g","url":"https:\/\/secure.gravatar.com\/avatar\/3dac04a042bfb0c015d0f893ef5eb9cca9d966bb5795039862dafd8d2ab5d410?s=96&d=mm&r=g","contentUrl":"https:\/\/secure.gravatar.com\/avatar\/3dac04a042bfb0c015d0f893ef5eb9cca9d966bb5795039862dafd8d2ab5d410?s=96&d=mm&r=g","caption":"Bodn\u00e1r Zsuzsa"},"url":"https:\/\/funzine.hu\/sl\/author\/bodnar-zsuzsa-1984\/"}]}},"amp_enabled":true,"_links":{"self":[{"href":"https:\/\/funzine.hu\/sl\/wp-json\/wp\/v2\/posts\/612416","targetHints":{"allow":["GET"]}}],"collection":[{"href":"https:\/\/funzine.hu\/sl\/wp-json\/wp\/v2\/posts"}],"about":[{"href":"https:\/\/funzine.hu\/sl\/wp-json\/wp\/v2\/types\/post"}],"author":[{"embeddable":true,"href":"https:\/\/funzine.hu\/sl\/wp-json\/wp\/v2\/users\/391"}],"replies":[{"embeddable":true,"href":"https:\/\/funzine.hu\/sl\/wp-json\/wp\/v2\/comments?post=612416"}],"version-history":[{"count":1,"href":"https:\/\/funzine.hu\/sl\/wp-json\/wp\/v2\/posts\/612416\/revisions"}],"predecessor-version":[{"id":612418,"href":"https:\/\/funzine.hu\/sl\/wp-json\/wp\/v2\/posts\/612416\/revisions\/612418"}],"wp:featuredmedia":[{"embeddable":true,"href":"https:\/\/funzine.hu\/sl\/wp-json\/wp\/v2\/media\/612417"}],"wp:attachment":[{"href":"https:\/\/funzine.hu\/sl\/wp-json\/wp\/v2\/media?parent=612416"}],"wp:term":[{"taxonomy":"category","embeddable":true,"href":"https:\/\/funzine.hu\/sl\/wp-json\/wp\/v2\/categories?post=612416"},{"taxonomy":"post_tag","embeddable":true,"href":"https:\/\/funzine.hu\/sl\/wp-json\/wp\/v2\/tags?post=612416"},{"taxonomy":"post_places","embeddable":true,"href":"https:\/\/funzine.hu\/sl\/wp-json\/wp\/v2\/post_places?post=612416"}],"curies":[{"name":"wp","href":"https:\/\/api.w.org\/{rel}","templated":true}]}}