{"id":612356,"date":"2025-10-06T15:57:45","date_gmt":"2025-10-06T13:57:45","guid":{"rendered":"https:\/\/funzine.hu\/?p=612356"},"modified":"2025-10-06T15:57:45","modified_gmt":"2025-10-06T13:57:45","slug":"7-dih-jemajocih-razglednih-teras-ob-blatnem-jezeru-kjer-lahko-uzivate-v-ocarljivi-panorami-tudi-jeseni","status":"publish","type":"post","link":"https:\/\/funzine.hu\/sl\/2025\/10\/06\/potovanje\/7-dih-jemajocih-razglednih-teras-ob-blatnem-jezeru-kjer-lahko-uzivate-v-ocarljivi-panorami-tudi-jeseni\/","title":{"rendered":"7 dih jemajo\u010dih razglednih teras ob Blatnem jezeru, kjer lahko u\u017eivate v o\u010darljivi panorami tudi jeseni"},"content":{"rendered":"<p>V na\u0161em naslednjem priporo\u010dilu priporo\u010damo 7 razglednih teras z dih jemajo\u010dimi panoramami, kjer lahko u\u017eivate v neutrudnem razgledu na Blatno jezero skoraj iz ko\u010de. Greh bi bil, \u010de jih ne bi obiskali med jesenskim izletom!<\/p>\n<p>Razgledna to\u010dka Kishegyi, Balatonlelle<br \/>\nSkoraj dvajset kvadratnih metrov velika razgledna terasa na Kishegyiju velja za eno od nepozabnih znamenitosti Balatonlelleja, kjer se lahko sprostite po prijetnem izletu ob Blatnem jezeru, medtem ko u\u017eivate v \u010dudoviti pokrajini. Z razgledne to\u010dke lahko vidite Badacsony, ki se ponosno dviga nad jezerom, spro\u0161\u010deno valovito strmino, pene\u010do vodo spodaj, naselja, ki mejijo nanj, in polja, ki se raztezajo v neskon\u010dnost ob vzno\u017eju Kishegyija.<\/p>\n<figure id=\"attachment_612357\" aria-describedby=\"caption-attachment-612357\" style=\"width: 850px\" class=\"wp-caption aligncenter\"><img decoding=\"async\" class=\"size-funzine-large wp-image-612357\" src=\"https:\/\/funzine.hu\/wp-content\/uploads\/2025\/10\/binoculars-3616333_1280-1200x800.jpg\" alt=\"\" width=\"850\" height=\"567\" srcset=\"https:\/\/funzine.hu\/wp-content\/uploads\/2025\/10\/binoculars-3616333_1280-1200x800.jpg 1200w, https:\/\/funzine.hu\/wp-content\/uploads\/2025\/10\/binoculars-3616333_1280-300x200.jpg 300w, https:\/\/funzine.hu\/wp-content\/uploads\/2025\/10\/binoculars-3616333_1280-1024x682.jpg 1024w, https:\/\/funzine.hu\/wp-content\/uploads\/2025\/10\/binoculars-3616333_1280-768x512.jpg 768w, https:\/\/funzine.hu\/wp-content\/uploads\/2025\/10\/binoculars-3616333_1280-360x240.jpg 360w, https:\/\/funzine.hu\/wp-content\/uploads\/2025\/10\/binoculars-3616333_1280.jpg 1280w\" sizes=\"(max-width: 850px) 100vw, 850px\" \/><figcaption id=\"caption-attachment-612357\" class=\"wp-caption-text\">ilustracija &#8211; pixabay.com<\/figcaption><\/figure>\n<p>Kil\u00e1t\u00f3 Terasz Zam\u00e1rdi<br \/>\nRazgledni stolp, ki se nahaja v neposredni bli\u017eini vinske kleti Kil\u00e1t\u00f3 Terasz v Zam\u00e1rdiju, ponuja dih jemajo\u010d razgled na Blatno jezero in okoli\u0161ke strmine. Medtem ko restavracija ponuja okusna vina in slastne jedi, ki se cedijo po vodi, razvaja na\u0161e brbon\u010dice, \u010darobna panorama, ki jo ponuja razgledni stolp, o\u010dara na\u0161e \u010dute. Vredno si je vzeti \u010das in mirno pre\u010desati slikovito pokrajino, ki jo lahko opazujemo z razgledne to\u010dke, ter se potopiti v neutrudno lepoto modrine jezera.<\/p>\n<p>Razgledni stolp Kisfaludy, Balatonakarattya<br \/>\nZ razglednega stolpa Kisfaludy, ki se nahaja v Balatonakarattyi, lahko z vi\u0161ine kar dvajsetih nadstropij ob\u010dudujemo mad\u017earsko morje, ki je osupljivo v vseh letnih \u010dasih. Razgledna to\u010dka in njena okolica se pogosto imenujeta Pla\u017ea z razgledom na morje, saj se lahko resni\u010dno po\u010dutimo, kot da bi vohunili za vodami neskon\u010dnega morja. V jasnem vremenu lahko s terase, ki se dviga nad hribom Akaratty\u00e1, ob\u010dudujemo celo silhueto benediktinske opatije Tihany, Badacsonyja in Szigligeta.<\/p>\n<p>Xantus J\u00e1nos G\u00f6mbkil\u00e1t\u00f3, Balatonbogl\u00e1r<br \/>\nKo govorimo o Balatonbogl\u00e1rju, ne moremo niti za trenutek pozabiti na Xantus J\u00e1nos G\u00f6mbkil\u00e1t\u00f3, ki velja za ikoni\u010den simbol mesta. Vendar zna\u010dilna razgledna to\u010dka ni edinstvena le po svojem videzu: panorama, ki jo do\u017eivimo od tam, je tisto, zaradi \u010desar je ta vi\u0161ina resni\u010dno nepozabna za pohodnike. Med sprehodom po 165 metrov visoki razgledni to\u010dki lahko hkrati ob\u010dudujemo Blatno jezero, Badacsony in razgled na mesta pod G\u00f6mbkil\u00e1t\u00f3jem.<\/p>\n<p>Razgledna terasa na sprehajali\u0161\u010du Szaplonczay, Fony\u00f3d<br \/>\nPravi biser je sprehajali\u0161\u010de Szaplonczay v Fony\u00f3du, ki je po prenovi postalo \u0161e bolj priljubljeno med turisti. Brez pretiravanja lahko re\u010demo, da ga imamo za eno najbolj priljubljenih sprehajali\u0161\u010d v na\u0161i dr\u017eavi. Ni \u010dudno, saj je sprehajali\u0161\u010de visoka obala Fony\u00f3da na severni strani Blatnega jezera in resni\u010dno ponuja eno najlep\u0161ih panoram mad\u017earskega morja. Z razgledne terase na promenadi lahko nemoteno u\u017eivamo v neprimerljivem razgledu.<\/p>\n<p>Razgledna to\u010dka Sipos-hegyi, Fony\u00f3d<br \/>\nSipos-hegyi, ki pripada Fony\u00f3du, in razgledna to\u010dka Sipos-hegyi, ki se dviga na vrhu, bogatita seznam znamenitosti, ki jih ne smete zamuditi. \u010ce se imamo za ljubitelje \u010dudovitih pokrajin, potem je ta razgledna to\u010dka vsekakor vredna ogleda, saj lahko u\u017eivamo v nepozabnem panoramskem razgledu. Do razgledne to\u010dke vodi dolgo spiralno stopni\u0161\u010de, a ko enkrat pridete tja, bo razgled na polotok Tihany, zaliv Keszthely, strme stene na severni obali in jadrnice, ki se vrstijo ob pristani\u0161\u010dih, zagotovo popla\u010dal ves trud.<\/p>\n<p>Razgledna to\u010dka ob stra\u017enem stolpu, Tihany<br \/>\nRazgledna to\u010dka ob stra\u017enem stolpu, zgrajena na hribu Ap\u00e1ti, ponuja o\u010darljiv pogled na celotno cenjeno naselje polotoka Tihany. 16,5-metrska, trinadstropna razgledna to\u010dka z ble\u0161\u010de\u010dim panoramskim razgledom ne ponuja le pogleda na \u010dudovito modrino Blatnega jezera, temve\u010d tudi na Notranje jezero Tihany, Bakony in viadukt K\u0151r\u00f6shegy. Razgledna to\u010dka, ki se dviga izza dreves, je priljubljena destinacija \u0161tevilnih pohodnikov in ni naklju\u010dje, da se tukaj lahko ure in ure zadr\u017eujete in ob\u010dudujete \u010dudovito pokrajino.<\/p>\n","protected":false},"excerpt":{"rendered":"<p>V na\u0161em naslednjem priporo\u010dilu priporo\u010damo 7 razglednih teras z dih jemajo\u010dimi panoramami, kjer<\/p>\n","protected":false},"author":391,"featured_media":612357,"comment_status":"closed","ping_status":"closed","sticky":false,"template":"","format":"standard","meta":{"_acf_changed":false,"wprm-recipe-roundup-name":"","wprm-recipe-roundup-description":"","ngg_post_thumbnail":0,"footnotes":""},"categories":[14345],"tags":[],"post_places":[],"class_list":["post-612356","post","type-post","status-publish","format-standard","has-post-thumbnail","hentry","category-potovanje"],"acf":{"connected_places":"","del_image":""},"yoast_head":"<!-- This site is optimized with the Yoast SEO plugin v27.2 - https:\/\/yoast.com\/product\/yoast-seo-wordpress\/ -->\n<title>7 dih jemajo\u010dih razglednih teras ob Blatnem jezeru, kjer lahko u\u017eivate v o\u010darljivi panorami tudi jeseni<\/title>\n<meta name=\"robots\" content=\"index, follow, max-snippet:-1, max-image-preview:large, max-video-preview:-1\" \/>\n<link rel=\"canonical\" href=\"https:\/\/funzine.hu\/sl\/2025\/10\/06\/potovanje\/7-dih-jemajocih-razglednih-teras-ob-blatnem-jezeru-kjer-lahko-uzivate-v-ocarljivi-panorami-tudi-jeseni\/\" \/>\n<meta property=\"og:locale\" content=\"sl_SI\" \/>\n<meta property=\"og:type\" content=\"article\" \/>\n<meta property=\"og:title\" content=\"7 dih jemajo\u010dih razglednih teras ob Blatnem jezeru, kjer lahko u\u017eivate v o\u010darljivi panorami tudi jeseni\" \/>\n<meta property=\"og:description\" content=\"V na\u0161em naslednjem priporo\u010dilu priporo\u010damo 7 razglednih teras z dih jemajo\u010dimi panoramami, kjer\" \/>\n<meta property=\"og:url\" content=\"https:\/\/funzine.hu\/sl\/2025\/10\/06\/potovanje\/7-dih-jemajocih-razglednih-teras-ob-blatnem-jezeru-kjer-lahko-uzivate-v-ocarljivi-panorami-tudi-jeseni\/\" \/>\n<meta property=\"og:site_name\" content=\"Funzine\" \/>\n<meta property=\"article:publisher\" content=\"https:\/\/www.facebook.com\/funzine\/\" \/>\n<meta property=\"article:published_time\" content=\"2025-10-06T13:57:45+00:00\" \/>\n<meta property=\"og:image\" content=\"https:\/\/funzine.hu\/wp-content\/uploads\/2025\/10\/binoculars-3616333_1280.jpg\" \/>\n\t<meta property=\"og:image:width\" content=\"1280\" \/>\n\t<meta property=\"og:image:height\" content=\"853\" \/>\n\t<meta property=\"og:image:type\" content=\"image\/jpeg\" \/>\n<meta name=\"author\" content=\"Bodn\u00e1r Zsuzsa\" \/>\n<meta name=\"twitter:card\" content=\"summary_large_image\" \/>\n<meta name=\"twitter:creator\" content=\"@funzine\" \/>\n<meta name=\"twitter:site\" content=\"@funzine\" \/>\n<meta name=\"twitter:label1\" content=\"Written by\" \/>\n\t<meta name=\"twitter:data1\" content=\"Bodn\u00e1r Zsuzsa\" \/>\n\t<meta name=\"twitter:label2\" content=\"Est. reading time\" \/>\n\t<meta name=\"twitter:data2\" content=\"4 minute\" \/>\n<script type=\"application\/ld+json\" class=\"yoast-schema-graph\">{\"@context\":\"https:\/\/schema.org\",\"@graph\":[{\"@type\":\"NewsArticle\",\"@id\":\"https:\/\/funzine.hu\/sl\/2025\/10\/06\/potovanje\/7-dih-jemajocih-razglednih-teras-ob-blatnem-jezeru-kjer-lahko-uzivate-v-ocarljivi-panorami-tudi-jeseni\/#article\",\"isPartOf\":{\"@id\":\"https:\/\/funzine.hu\/sl\/2025\/10\/06\/potovanje\/7-dih-jemajocih-razglednih-teras-ob-blatnem-jezeru-kjer-lahko-uzivate-v-ocarljivi-panorami-tudi-jeseni\/\"},\"author\":{\"name\":\"Bodn\u00e1r Zsuzsa\",\"@id\":\"https:\/\/funzine.hu\/#\/schema\/person\/f3864a88f41183e8c3af70534ac28bb4\"},\"headline\":\"7 dih jemajo\u010dih razglednih teras ob Blatnem jezeru, kjer lahko u\u017eivate v o\u010darljivi panorami tudi jeseni\",\"datePublished\":\"2025-10-06T13:57:45+00:00\",\"mainEntityOfPage\":{\"@id\":\"https:\/\/funzine.hu\/sl\/2025\/10\/06\/potovanje\/7-dih-jemajocih-razglednih-teras-ob-blatnem-jezeru-kjer-lahko-uzivate-v-ocarljivi-panorami-tudi-jeseni\/\"},\"wordCount\":677,\"image\":{\"@id\":\"https:\/\/funzine.hu\/sl\/2025\/10\/06\/potovanje\/7-dih-jemajocih-razglednih-teras-ob-blatnem-jezeru-kjer-lahko-uzivate-v-ocarljivi-panorami-tudi-jeseni\/#primaryimage\"},\"thumbnailUrl\":\"https:\/\/funzine.hu\/wp-content\/uploads\/2025\/10\/binoculars-3616333_1280.jpg\",\"articleSection\":[\"Potovanje\"],\"inLanguage\":\"sl-SI\"},{\"@type\":\"WebPage\",\"@id\":\"https:\/\/funzine.hu\/sl\/2025\/10\/06\/potovanje\/7-dih-jemajocih-razglednih-teras-ob-blatnem-jezeru-kjer-lahko-uzivate-v-ocarljivi-panorami-tudi-jeseni\/\",\"url\":\"https:\/\/funzine.hu\/sl\/2025\/10\/06\/potovanje\/7-dih-jemajocih-razglednih-teras-ob-blatnem-jezeru-kjer-lahko-uzivate-v-ocarljivi-panorami-tudi-jeseni\/\",\"name\":\"7 dih jemajo\u010dih razglednih teras ob Blatnem jezeru, kjer lahko u\u017eivate v o\u010darljivi panorami tudi jeseni\",\"isPartOf\":{\"@id\":\"https:\/\/funzine.hu\/#website\"},\"primaryImageOfPage\":{\"@id\":\"https:\/\/funzine.hu\/sl\/2025\/10\/06\/potovanje\/7-dih-jemajocih-razglednih-teras-ob-blatnem-jezeru-kjer-lahko-uzivate-v-ocarljivi-panorami-tudi-jeseni\/#primaryimage\"},\"image\":{\"@id\":\"https:\/\/funzine.hu\/sl\/2025\/10\/06\/potovanje\/7-dih-jemajocih-razglednih-teras-ob-blatnem-jezeru-kjer-lahko-uzivate-v-ocarljivi-panorami-tudi-jeseni\/#primaryimage\"},\"thumbnailUrl\":\"https:\/\/funzine.hu\/wp-content\/uploads\/2025\/10\/binoculars-3616333_1280.jpg\",\"datePublished\":\"2025-10-06T13:57:45+00:00\",\"author\":{\"@id\":\"https:\/\/funzine.hu\/#\/schema\/person\/f3864a88f41183e8c3af70534ac28bb4\"},\"breadcrumb\":{\"@id\":\"https:\/\/funzine.hu\/sl\/2025\/10\/06\/potovanje\/7-dih-jemajocih-razglednih-teras-ob-blatnem-jezeru-kjer-lahko-uzivate-v-ocarljivi-panorami-tudi-jeseni\/#breadcrumb\"},\"inLanguage\":\"sl-SI\",\"potentialAction\":[{\"@type\":\"ReadAction\",\"target\":[\"https:\/\/funzine.hu\/sl\/2025\/10\/06\/potovanje\/7-dih-jemajocih-razglednih-teras-ob-blatnem-jezeru-kjer-lahko-uzivate-v-ocarljivi-panorami-tudi-jeseni\/\"]}]},{\"@type\":\"ImageObject\",\"inLanguage\":\"sl-SI\",\"@id\":\"https:\/\/funzine.hu\/sl\/2025\/10\/06\/potovanje\/7-dih-jemajocih-razglednih-teras-ob-blatnem-jezeru-kjer-lahko-uzivate-v-ocarljivi-panorami-tudi-jeseni\/#primaryimage\",\"url\":\"https:\/\/funzine.hu\/wp-content\/uploads\/2025\/10\/binoculars-3616333_1280.jpg\",\"contentUrl\":\"https:\/\/funzine.hu\/wp-content\/uploads\/2025\/10\/binoculars-3616333_1280.jpg\",\"width\":1280,\"height\":853,\"caption\":\"ilustracija - pixabay.com\"},{\"@type\":\"BreadcrumbList\",\"@id\":\"https:\/\/funzine.hu\/sl\/2025\/10\/06\/potovanje\/7-dih-jemajocih-razglednih-teras-ob-blatnem-jezeru-kjer-lahko-uzivate-v-ocarljivi-panorami-tudi-jeseni\/#breadcrumb\",\"itemListElement\":[{\"@type\":\"ListItem\",\"position\":1,\"name\":\"Home\",\"item\":\"https:\/\/funzine.hu\/sl\/\"},{\"@type\":\"ListItem\",\"position\":2,\"name\":\"7 dih jemajo\u010dih razglednih teras ob Blatnem jezeru, kjer lahko u\u017eivate v o\u010darljivi panorami tudi jeseni\"}]},{\"@type\":\"WebSite\",\"@id\":\"https:\/\/funzine.hu\/#website\",\"url\":\"https:\/\/funzine.hu\/\",\"name\":\"Funzine\",\"description\":\"\",\"potentialAction\":[{\"@type\":\"SearchAction\",\"target\":{\"@type\":\"EntryPoint\",\"urlTemplate\":\"https:\/\/funzine.hu\/?s={search_term_string}\"},\"query-input\":{\"@type\":\"PropertyValueSpecification\",\"valueRequired\":true,\"valueName\":\"search_term_string\"}}],\"inLanguage\":\"sl-SI\"},{\"@type\":\"Person\",\"@id\":\"https:\/\/funzine.hu\/#\/schema\/person\/f3864a88f41183e8c3af70534ac28bb4\",\"name\":\"Bodn\u00e1r Zsuzsa\",\"image\":{\"@type\":\"ImageObject\",\"inLanguage\":\"sl-SI\",\"@id\":\"https:\/\/secure.gravatar.com\/avatar\/3dac04a042bfb0c015d0f893ef5eb9cca9d966bb5795039862dafd8d2ab5d410?s=96&d=mm&r=g\",\"url\":\"https:\/\/secure.gravatar.com\/avatar\/3dac04a042bfb0c015d0f893ef5eb9cca9d966bb5795039862dafd8d2ab5d410?s=96&d=mm&r=g\",\"contentUrl\":\"https:\/\/secure.gravatar.com\/avatar\/3dac04a042bfb0c015d0f893ef5eb9cca9d966bb5795039862dafd8d2ab5d410?s=96&d=mm&r=g\",\"caption\":\"Bodn\u00e1r Zsuzsa\"},\"url\":\"https:\/\/funzine.hu\/sl\/author\/bodnar-zsuzsa-1984\/\"}]}<\/script>\n<!-- \/ Yoast SEO plugin. -->","yoast_head_json":{"title":"7 dih jemajo\u010dih razglednih teras ob Blatnem jezeru, kjer lahko u\u017eivate v o\u010darljivi panorami tudi jeseni","robots":{"index":"index","follow":"follow","max-snippet":"max-snippet:-1","max-image-preview":"max-image-preview:large","max-video-preview":"max-video-preview:-1"},"canonical":"https:\/\/funzine.hu\/sl\/2025\/10\/06\/potovanje\/7-dih-jemajocih-razglednih-teras-ob-blatnem-jezeru-kjer-lahko-uzivate-v-ocarljivi-panorami-tudi-jeseni\/","og_locale":"sl_SI","og_type":"article","og_title":"7 dih jemajo\u010dih razglednih teras ob Blatnem jezeru, kjer lahko u\u017eivate v o\u010darljivi panorami tudi jeseni","og_description":"V na\u0161em naslednjem priporo\u010dilu priporo\u010damo 7 razglednih teras z dih jemajo\u010dimi panoramami, kjer","og_url":"https:\/\/funzine.hu\/sl\/2025\/10\/06\/potovanje\/7-dih-jemajocih-razglednih-teras-ob-blatnem-jezeru-kjer-lahko-uzivate-v-ocarljivi-panorami-tudi-jeseni\/","og_site_name":"Funzine","article_publisher":"https:\/\/www.facebook.com\/funzine\/","article_published_time":"2025-10-06T13:57:45+00:00","og_image":[{"width":1280,"height":853,"url":"https:\/\/funzine.hu\/wp-content\/uploads\/2025\/10\/binoculars-3616333_1280.jpg","type":"image\/jpeg"}],"author":"Bodn\u00e1r Zsuzsa","twitter_card":"summary_large_image","twitter_creator":"@funzine","twitter_site":"@funzine","twitter_misc":{"Written by":"Bodn\u00e1r Zsuzsa","Est. reading time":"4 minute"},"schema":{"@context":"https:\/\/schema.org","@graph":[{"@type":"NewsArticle","@id":"https:\/\/funzine.hu\/sl\/2025\/10\/06\/potovanje\/7-dih-jemajocih-razglednih-teras-ob-blatnem-jezeru-kjer-lahko-uzivate-v-ocarljivi-panorami-tudi-jeseni\/#article","isPartOf":{"@id":"https:\/\/funzine.hu\/sl\/2025\/10\/06\/potovanje\/7-dih-jemajocih-razglednih-teras-ob-blatnem-jezeru-kjer-lahko-uzivate-v-ocarljivi-panorami-tudi-jeseni\/"},"author":{"name":"Bodn\u00e1r Zsuzsa","@id":"https:\/\/funzine.hu\/#\/schema\/person\/f3864a88f41183e8c3af70534ac28bb4"},"headline":"7 dih jemajo\u010dih razglednih teras ob Blatnem jezeru, kjer lahko u\u017eivate v o\u010darljivi panorami tudi jeseni","datePublished":"2025-10-06T13:57:45+00:00","mainEntityOfPage":{"@id":"https:\/\/funzine.hu\/sl\/2025\/10\/06\/potovanje\/7-dih-jemajocih-razglednih-teras-ob-blatnem-jezeru-kjer-lahko-uzivate-v-ocarljivi-panorami-tudi-jeseni\/"},"wordCount":677,"image":{"@id":"https:\/\/funzine.hu\/sl\/2025\/10\/06\/potovanje\/7-dih-jemajocih-razglednih-teras-ob-blatnem-jezeru-kjer-lahko-uzivate-v-ocarljivi-panorami-tudi-jeseni\/#primaryimage"},"thumbnailUrl":"https:\/\/funzine.hu\/wp-content\/uploads\/2025\/10\/binoculars-3616333_1280.jpg","articleSection":["Potovanje"],"inLanguage":"sl-SI"},{"@type":"WebPage","@id":"https:\/\/funzine.hu\/sl\/2025\/10\/06\/potovanje\/7-dih-jemajocih-razglednih-teras-ob-blatnem-jezeru-kjer-lahko-uzivate-v-ocarljivi-panorami-tudi-jeseni\/","url":"https:\/\/funzine.hu\/sl\/2025\/10\/06\/potovanje\/7-dih-jemajocih-razglednih-teras-ob-blatnem-jezeru-kjer-lahko-uzivate-v-ocarljivi-panorami-tudi-jeseni\/","name":"7 dih jemajo\u010dih razglednih teras ob Blatnem jezeru, kjer lahko u\u017eivate v o\u010darljivi panorami tudi jeseni","isPartOf":{"@id":"https:\/\/funzine.hu\/#website"},"primaryImageOfPage":{"@id":"https:\/\/funzine.hu\/sl\/2025\/10\/06\/potovanje\/7-dih-jemajocih-razglednih-teras-ob-blatnem-jezeru-kjer-lahko-uzivate-v-ocarljivi-panorami-tudi-jeseni\/#primaryimage"},"image":{"@id":"https:\/\/funzine.hu\/sl\/2025\/10\/06\/potovanje\/7-dih-jemajocih-razglednih-teras-ob-blatnem-jezeru-kjer-lahko-uzivate-v-ocarljivi-panorami-tudi-jeseni\/#primaryimage"},"thumbnailUrl":"https:\/\/funzine.hu\/wp-content\/uploads\/2025\/10\/binoculars-3616333_1280.jpg","datePublished":"2025-10-06T13:57:45+00:00","author":{"@id":"https:\/\/funzine.hu\/#\/schema\/person\/f3864a88f41183e8c3af70534ac28bb4"},"breadcrumb":{"@id":"https:\/\/funzine.hu\/sl\/2025\/10\/06\/potovanje\/7-dih-jemajocih-razglednih-teras-ob-blatnem-jezeru-kjer-lahko-uzivate-v-ocarljivi-panorami-tudi-jeseni\/#breadcrumb"},"inLanguage":"sl-SI","potentialAction":[{"@type":"ReadAction","target":["https:\/\/funzine.hu\/sl\/2025\/10\/06\/potovanje\/7-dih-jemajocih-razglednih-teras-ob-blatnem-jezeru-kjer-lahko-uzivate-v-ocarljivi-panorami-tudi-jeseni\/"]}]},{"@type":"ImageObject","inLanguage":"sl-SI","@id":"https:\/\/funzine.hu\/sl\/2025\/10\/06\/potovanje\/7-dih-jemajocih-razglednih-teras-ob-blatnem-jezeru-kjer-lahko-uzivate-v-ocarljivi-panorami-tudi-jeseni\/#primaryimage","url":"https:\/\/funzine.hu\/wp-content\/uploads\/2025\/10\/binoculars-3616333_1280.jpg","contentUrl":"https:\/\/funzine.hu\/wp-content\/uploads\/2025\/10\/binoculars-3616333_1280.jpg","width":1280,"height":853,"caption":"ilustracija - pixabay.com"},{"@type":"BreadcrumbList","@id":"https:\/\/funzine.hu\/sl\/2025\/10\/06\/potovanje\/7-dih-jemajocih-razglednih-teras-ob-blatnem-jezeru-kjer-lahko-uzivate-v-ocarljivi-panorami-tudi-jeseni\/#breadcrumb","itemListElement":[{"@type":"ListItem","position":1,"name":"Home","item":"https:\/\/funzine.hu\/sl\/"},{"@type":"ListItem","position":2,"name":"7 dih jemajo\u010dih razglednih teras ob Blatnem jezeru, kjer lahko u\u017eivate v o\u010darljivi panorami tudi jeseni"}]},{"@type":"WebSite","@id":"https:\/\/funzine.hu\/#website","url":"https:\/\/funzine.hu\/","name":"Funzine","description":"","potentialAction":[{"@type":"SearchAction","target":{"@type":"EntryPoint","urlTemplate":"https:\/\/funzine.hu\/?s={search_term_string}"},"query-input":{"@type":"PropertyValueSpecification","valueRequired":true,"valueName":"search_term_string"}}],"inLanguage":"sl-SI"},{"@type":"Person","@id":"https:\/\/funzine.hu\/#\/schema\/person\/f3864a88f41183e8c3af70534ac28bb4","name":"Bodn\u00e1r Zsuzsa","image":{"@type":"ImageObject","inLanguage":"sl-SI","@id":"https:\/\/secure.gravatar.com\/avatar\/3dac04a042bfb0c015d0f893ef5eb9cca9d966bb5795039862dafd8d2ab5d410?s=96&d=mm&r=g","url":"https:\/\/secure.gravatar.com\/avatar\/3dac04a042bfb0c015d0f893ef5eb9cca9d966bb5795039862dafd8d2ab5d410?s=96&d=mm&r=g","contentUrl":"https:\/\/secure.gravatar.com\/avatar\/3dac04a042bfb0c015d0f893ef5eb9cca9d966bb5795039862dafd8d2ab5d410?s=96&d=mm&r=g","caption":"Bodn\u00e1r Zsuzsa"},"url":"https:\/\/funzine.hu\/sl\/author\/bodnar-zsuzsa-1984\/"}]}},"amp_enabled":true,"_links":{"self":[{"href":"https:\/\/funzine.hu\/sl\/wp-json\/wp\/v2\/posts\/612356","targetHints":{"allow":["GET"]}}],"collection":[{"href":"https:\/\/funzine.hu\/sl\/wp-json\/wp\/v2\/posts"}],"about":[{"href":"https:\/\/funzine.hu\/sl\/wp-json\/wp\/v2\/types\/post"}],"author":[{"embeddable":true,"href":"https:\/\/funzine.hu\/sl\/wp-json\/wp\/v2\/users\/391"}],"replies":[{"embeddable":true,"href":"https:\/\/funzine.hu\/sl\/wp-json\/wp\/v2\/comments?post=612356"}],"version-history":[{"count":1,"href":"https:\/\/funzine.hu\/sl\/wp-json\/wp\/v2\/posts\/612356\/revisions"}],"predecessor-version":[{"id":612358,"href":"https:\/\/funzine.hu\/sl\/wp-json\/wp\/v2\/posts\/612356\/revisions\/612358"}],"wp:featuredmedia":[{"embeddable":true,"href":"https:\/\/funzine.hu\/sl\/wp-json\/wp\/v2\/media\/612357"}],"wp:attachment":[{"href":"https:\/\/funzine.hu\/sl\/wp-json\/wp\/v2\/media?parent=612356"}],"wp:term":[{"taxonomy":"category","embeddable":true,"href":"https:\/\/funzine.hu\/sl\/wp-json\/wp\/v2\/categories?post=612356"},{"taxonomy":"post_tag","embeddable":true,"href":"https:\/\/funzine.hu\/sl\/wp-json\/wp\/v2\/tags?post=612356"},{"taxonomy":"post_places","embeddable":true,"href":"https:\/\/funzine.hu\/sl\/wp-json\/wp\/v2\/post_places?post=612356"}],"curies":[{"name":"wp","href":"https:\/\/api.w.org\/{rel}","templated":true}]}}