{"id":611961,"date":"2025-10-01T11:40:53","date_gmt":"2025-10-01T09:40:53","guid":{"rendered":"https:\/\/funzine.hu\/?p=611961"},"modified":"2025-10-01T11:40:53","modified_gmt":"2025-10-01T09:40:53","slug":"najsodobnejse-dnevno-prizorisce-v-budimpesti-se-septembra-odpira-z-mednarodnimi-zvezdniki","status":"publish","type":"post","link":"https:\/\/funzine.hu\/sl\/2025\/10\/01\/potovanje\/najsodobnejse-dnevno-prizorisce-v-budimpesti-se-septembra-odpira-z-mednarodnimi-zvezdniki\/","title":{"rendered":"Najsodobnej\u0161e dnevno prizori\u0161\u010de v Budimpe\u0161ti se septembra odpira z mednarodnimi zvezdniki"},"content":{"rendered":"<p>V kulturnem in zabavnem \u017eivljenju Budimpe\u0161te se odpira novo poglavje: v zadnjih dneh septembra bo svoja vrata odprl \u00d3buda Bay, prvo in edino prizori\u0161\u010de izklju\u010dno za dnevne dogodke na Mad\u017earskem, ki bo ponudilo vrhunski dom za dnevne dogodke.<\/p>\n<p>Kmalu odprti \u00d3buda Bay bo zapolnil pomembno vrzel v sicer \u017eivahni festivalski in klubski kulturi mesta ter je posebej zasnovan tako, da ponuja vrhunske izku\u0161nje podnevi \u2013 \u0161e preden se ugasnejo lu\u010di.<\/p>\n<figure id=\"attachment_611962\" aria-describedby=\"caption-attachment-611962\" style=\"width: 853px\" class=\"wp-caption aligncenter\"><img decoding=\"async\" class=\"size-full wp-image-611962\" src=\"https:\/\/funzine.hu\/wp-content\/uploads\/2025\/10\/ceiling-3410403_1280.jpg\" alt=\"\" width=\"853\" height=\"1280\" srcset=\"https:\/\/funzine.hu\/wp-content\/uploads\/2025\/10\/ceiling-3410403_1280.jpg 853w, https:\/\/funzine.hu\/wp-content\/uploads\/2025\/10\/ceiling-3410403_1280-200x300.jpg 200w, https:\/\/funzine.hu\/wp-content\/uploads\/2025\/10\/ceiling-3410403_1280-682x1024.jpg 682w, https:\/\/funzine.hu\/wp-content\/uploads\/2025\/10\/ceiling-3410403_1280-768x1152.jpg 768w\" sizes=\"(max-width: 853px) 100vw, 853px\" \/><figcaption id=\"caption-attachment-611962\" class=\"wp-caption-text\">ilustracija &#8211; pixabay.com<\/figcaption><\/figure>\n<p>Ve\u010dnamenski prostor s profesionalno tehnologijo<br \/>\n1500 kvadratnih metrov veliko obmo\u010dje je v vseh podrobnostih prilagojeno potrebam vrhunske zabave in vsestranske organizacije dogodkov. Pokrito plesi\u0161\u010de, zaklepljive stranske stene in sodobna tehni\u010dna oprema zagotavljajo, da vreme nikoli ne bo oviralo, pa naj gre za zabavo, modno revijo ali celo konferenco \u2013 ve\u010dnamensko prizori\u0161\u010de je na\u010drtovano tudi za tak\u0161ne dogodke.<\/p>\n<p>Prizori\u0161\u010de, ki se nahaja na ju\u017enem delu otoka \u00d3buda, si prizadeva vnesti novo energijo v dru\u017eabne in poslovne dogodke mesta na vseh podro\u010djih. V zalivu \u00d3buda bodo med drugim potekali poslovni dogodki, delavnice in celo predstavitve izdelkov.<\/p>\n<p>In seveda glasbeni dogodki, za katere kompleks \u00d3buda ustvarja posebno okolje: VIP del v zaodrju in postre\u017eba za mizami dvigneta udobje gostov na vi\u0161jo raven, najsodobnej\u0161i zvo\u010dni sistem L\u2019Acoustics pa zagotavlja kristalno \u010dist zvok.<\/p>\n<p>Tudi vizualna podoba obljublja nekaj posebnega: impresivna 120 kvadratnih metrov velika LED stena in ve\u010d kot 150 svetlobnih enot ustvarjajo nepozabno vzdu\u0161je.<\/p>\n<p>Otvoritvena zabava v zalivu \u00d3buda septembra<br \/>\nSlavna otvoritev 27. septembra je nedvomno ena najbolj pri\u010dakovanih zabav jeseni: v skupni organizaciji Cinematin\u00e9 in House Piknik bodo mednarodne zvezde in klju\u010dne osebnosti mad\u017earske elektronske glasbene scene odprle prizori\u0161\u010de, kamor bodo vso jesen prihajali DJ-ji svetovnega formata.<\/p>\n<p>Program nastopajo\u010dih na otvoritvenem dogodku vsebuje prave posebne\u017ee: Franky Rizardo, klju\u010dna osebnost skupine MusicOn, Marco Faraone, rezident kluba Amnesia na Ibizi, in Joey Daniel, ena najbolj vznemirljivih osebnosti underground sveta, bodo pri\u0161li iz ospredja mednarodne scene.<\/p>\n<p>Mad\u017earsko elektronsko glasbo bodo zastopali James Cole &amp; Matu, Jaffa Surfa, Andras Garay in ekipa House Piknik, ki bodo poskrbeli, da bomo prvi dan od\u0161li z nepozabnimi do\u017eivetji.<\/p>\n<p>Ta dan ne praznuje le rojstva novega doma za dnevne zabave, temve\u010d pomeni tudi mejnik za mestno ob\u010dinstvo: od zdaj naprej je na zemljevidu Budimpe\u0161te kraj, kjer se lahko dnevni programi odvijajo tudi v festivalskem vzdu\u0161ju.<\/p>\n","protected":false},"excerpt":{"rendered":"<p>V kulturnem in zabavnem \u017eivljenju Budimpe\u0161te se odpira novo poglavje: v zadnjih dneh septembra bo<\/p>\n","protected":false},"author":391,"featured_media":611962,"comment_status":"closed","ping_status":"closed","sticky":false,"template":"","format":"standard","meta":{"_acf_changed":false,"wprm-recipe-roundup-name":"","wprm-recipe-roundup-description":"","ngg_post_thumbnail":0,"footnotes":""},"categories":[14345],"tags":[],"post_places":[],"class_list":["post-611961","post","type-post","status-publish","format-standard","has-post-thumbnail","hentry","category-potovanje"],"acf":{"connected_places":"","del_image":""},"yoast_head":"<!-- This site is optimized with the Yoast SEO plugin v27.2 - https:\/\/yoast.com\/product\/yoast-seo-wordpress\/ -->\n<title>Najsodobnej\u0161e dnevno prizori\u0161\u010de v Budimpe\u0161ti se septembra odpira z mednarodnimi zvezdniki<\/title>\n<meta name=\"robots\" content=\"index, follow, max-snippet:-1, max-image-preview:large, max-video-preview:-1\" \/>\n<link rel=\"canonical\" href=\"https:\/\/funzine.hu\/sl\/2025\/10\/01\/potovanje\/najsodobnejse-dnevno-prizorisce-v-budimpesti-se-septembra-odpira-z-mednarodnimi-zvezdniki\/\" \/>\n<meta property=\"og:locale\" content=\"sl_SI\" \/>\n<meta property=\"og:type\" content=\"article\" \/>\n<meta property=\"og:title\" content=\"Najsodobnej\u0161e dnevno prizori\u0161\u010de v Budimpe\u0161ti se septembra odpira z mednarodnimi zvezdniki\" \/>\n<meta property=\"og:description\" content=\"V kulturnem in zabavnem \u017eivljenju Budimpe\u0161te se odpira novo poglavje: v zadnjih dneh septembra bo\" \/>\n<meta property=\"og:url\" content=\"https:\/\/funzine.hu\/sl\/2025\/10\/01\/potovanje\/najsodobnejse-dnevno-prizorisce-v-budimpesti-se-septembra-odpira-z-mednarodnimi-zvezdniki\/\" \/>\n<meta property=\"og:site_name\" content=\"Funzine\" \/>\n<meta property=\"article:publisher\" content=\"https:\/\/www.facebook.com\/funzine\/\" \/>\n<meta property=\"article:published_time\" content=\"2025-10-01T09:40:53+00:00\" \/>\n<meta property=\"og:image\" content=\"https:\/\/funzine.hu\/wp-content\/uploads\/2025\/10\/ceiling-3410403_1280.jpg\" \/>\n\t<meta property=\"og:image:width\" content=\"853\" \/>\n\t<meta property=\"og:image:height\" content=\"1280\" \/>\n\t<meta property=\"og:image:type\" content=\"image\/jpeg\" \/>\n<meta name=\"author\" content=\"Bodn\u00e1r Zsuzsa\" \/>\n<meta name=\"twitter:card\" content=\"summary_large_image\" \/>\n<meta name=\"twitter:creator\" content=\"@funzine\" \/>\n<meta name=\"twitter:site\" content=\"@funzine\" \/>\n<meta name=\"twitter:label1\" content=\"Written by\" \/>\n\t<meta name=\"twitter:data1\" content=\"Bodn\u00e1r Zsuzsa\" \/>\n\t<meta name=\"twitter:label2\" content=\"Est. reading time\" \/>\n\t<meta name=\"twitter:data2\" content=\"3 minute\" \/>\n<script type=\"application\/ld+json\" class=\"yoast-schema-graph\">{\"@context\":\"https:\/\/schema.org\",\"@graph\":[{\"@type\":\"NewsArticle\",\"@id\":\"https:\/\/funzine.hu\/sl\/2025\/10\/01\/potovanje\/najsodobnejse-dnevno-prizorisce-v-budimpesti-se-septembra-odpira-z-mednarodnimi-zvezdniki\/#article\",\"isPartOf\":{\"@id\":\"https:\/\/funzine.hu\/sl\/2025\/10\/01\/potovanje\/najsodobnejse-dnevno-prizorisce-v-budimpesti-se-septembra-odpira-z-mednarodnimi-zvezdniki\/\"},\"author\":{\"name\":\"Bodn\u00e1r Zsuzsa\",\"@id\":\"https:\/\/funzine.hu\/#\/schema\/person\/f3864a88f41183e8c3af70534ac28bb4\"},\"headline\":\"Najsodobnej\u0161e dnevno prizori\u0161\u010de v Budimpe\u0161ti se septembra odpira z mednarodnimi zvezdniki\",\"datePublished\":\"2025-10-01T09:40:53+00:00\",\"mainEntityOfPage\":{\"@id\":\"https:\/\/funzine.hu\/sl\/2025\/10\/01\/potovanje\/najsodobnejse-dnevno-prizorisce-v-budimpesti-se-septembra-odpira-z-mednarodnimi-zvezdniki\/\"},\"wordCount\":421,\"image\":{\"@id\":\"https:\/\/funzine.hu\/sl\/2025\/10\/01\/potovanje\/najsodobnejse-dnevno-prizorisce-v-budimpesti-se-septembra-odpira-z-mednarodnimi-zvezdniki\/#primaryimage\"},\"thumbnailUrl\":\"https:\/\/funzine.hu\/wp-content\/uploads\/2025\/10\/ceiling-3410403_1280.jpg\",\"articleSection\":[\"Potovanje\"],\"inLanguage\":\"sl-SI\"},{\"@type\":\"WebPage\",\"@id\":\"https:\/\/funzine.hu\/sl\/2025\/10\/01\/potovanje\/najsodobnejse-dnevno-prizorisce-v-budimpesti-se-septembra-odpira-z-mednarodnimi-zvezdniki\/\",\"url\":\"https:\/\/funzine.hu\/sl\/2025\/10\/01\/potovanje\/najsodobnejse-dnevno-prizorisce-v-budimpesti-se-septembra-odpira-z-mednarodnimi-zvezdniki\/\",\"name\":\"Najsodobnej\u0161e dnevno prizori\u0161\u010de v Budimpe\u0161ti se septembra odpira z mednarodnimi zvezdniki\",\"isPartOf\":{\"@id\":\"https:\/\/funzine.hu\/#website\"},\"primaryImageOfPage\":{\"@id\":\"https:\/\/funzine.hu\/sl\/2025\/10\/01\/potovanje\/najsodobnejse-dnevno-prizorisce-v-budimpesti-se-septembra-odpira-z-mednarodnimi-zvezdniki\/#primaryimage\"},\"image\":{\"@id\":\"https:\/\/funzine.hu\/sl\/2025\/10\/01\/potovanje\/najsodobnejse-dnevno-prizorisce-v-budimpesti-se-septembra-odpira-z-mednarodnimi-zvezdniki\/#primaryimage\"},\"thumbnailUrl\":\"https:\/\/funzine.hu\/wp-content\/uploads\/2025\/10\/ceiling-3410403_1280.jpg\",\"datePublished\":\"2025-10-01T09:40:53+00:00\",\"author\":{\"@id\":\"https:\/\/funzine.hu\/#\/schema\/person\/f3864a88f41183e8c3af70534ac28bb4\"},\"breadcrumb\":{\"@id\":\"https:\/\/funzine.hu\/sl\/2025\/10\/01\/potovanje\/najsodobnejse-dnevno-prizorisce-v-budimpesti-se-septembra-odpira-z-mednarodnimi-zvezdniki\/#breadcrumb\"},\"inLanguage\":\"sl-SI\",\"potentialAction\":[{\"@type\":\"ReadAction\",\"target\":[\"https:\/\/funzine.hu\/sl\/2025\/10\/01\/potovanje\/najsodobnejse-dnevno-prizorisce-v-budimpesti-se-septembra-odpira-z-mednarodnimi-zvezdniki\/\"]}]},{\"@type\":\"ImageObject\",\"inLanguage\":\"sl-SI\",\"@id\":\"https:\/\/funzine.hu\/sl\/2025\/10\/01\/potovanje\/najsodobnejse-dnevno-prizorisce-v-budimpesti-se-septembra-odpira-z-mednarodnimi-zvezdniki\/#primaryimage\",\"url\":\"https:\/\/funzine.hu\/wp-content\/uploads\/2025\/10\/ceiling-3410403_1280.jpg\",\"contentUrl\":\"https:\/\/funzine.hu\/wp-content\/uploads\/2025\/10\/ceiling-3410403_1280.jpg\",\"width\":853,\"height\":1280,\"caption\":\"ilustracija - pixabay.com\"},{\"@type\":\"BreadcrumbList\",\"@id\":\"https:\/\/funzine.hu\/sl\/2025\/10\/01\/potovanje\/najsodobnejse-dnevno-prizorisce-v-budimpesti-se-septembra-odpira-z-mednarodnimi-zvezdniki\/#breadcrumb\",\"itemListElement\":[{\"@type\":\"ListItem\",\"position\":1,\"name\":\"Home\",\"item\":\"https:\/\/funzine.hu\/sl\/\"},{\"@type\":\"ListItem\",\"position\":2,\"name\":\"Najsodobnej\u0161e dnevno prizori\u0161\u010de v Budimpe\u0161ti se septembra odpira z mednarodnimi zvezdniki\"}]},{\"@type\":\"WebSite\",\"@id\":\"https:\/\/funzine.hu\/#website\",\"url\":\"https:\/\/funzine.hu\/\",\"name\":\"Funzine\",\"description\":\"\",\"potentialAction\":[{\"@type\":\"SearchAction\",\"target\":{\"@type\":\"EntryPoint\",\"urlTemplate\":\"https:\/\/funzine.hu\/?s={search_term_string}\"},\"query-input\":{\"@type\":\"PropertyValueSpecification\",\"valueRequired\":true,\"valueName\":\"search_term_string\"}}],\"inLanguage\":\"sl-SI\"},{\"@type\":\"Person\",\"@id\":\"https:\/\/funzine.hu\/#\/schema\/person\/f3864a88f41183e8c3af70534ac28bb4\",\"name\":\"Bodn\u00e1r Zsuzsa\",\"image\":{\"@type\":\"ImageObject\",\"inLanguage\":\"sl-SI\",\"@id\":\"https:\/\/secure.gravatar.com\/avatar\/3dac04a042bfb0c015d0f893ef5eb9cca9d966bb5795039862dafd8d2ab5d410?s=96&d=mm&r=g\",\"url\":\"https:\/\/secure.gravatar.com\/avatar\/3dac04a042bfb0c015d0f893ef5eb9cca9d966bb5795039862dafd8d2ab5d410?s=96&d=mm&r=g\",\"contentUrl\":\"https:\/\/secure.gravatar.com\/avatar\/3dac04a042bfb0c015d0f893ef5eb9cca9d966bb5795039862dafd8d2ab5d410?s=96&d=mm&r=g\",\"caption\":\"Bodn\u00e1r Zsuzsa\"},\"url\":\"https:\/\/funzine.hu\/sl\/author\/bodnar-zsuzsa-1984\/\"}]}<\/script>\n<!-- \/ Yoast SEO plugin. -->","yoast_head_json":{"title":"Najsodobnej\u0161e dnevno prizori\u0161\u010de v Budimpe\u0161ti se septembra odpira z mednarodnimi zvezdniki","robots":{"index":"index","follow":"follow","max-snippet":"max-snippet:-1","max-image-preview":"max-image-preview:large","max-video-preview":"max-video-preview:-1"},"canonical":"https:\/\/funzine.hu\/sl\/2025\/10\/01\/potovanje\/najsodobnejse-dnevno-prizorisce-v-budimpesti-se-septembra-odpira-z-mednarodnimi-zvezdniki\/","og_locale":"sl_SI","og_type":"article","og_title":"Najsodobnej\u0161e dnevno prizori\u0161\u010de v Budimpe\u0161ti se septembra odpira z mednarodnimi zvezdniki","og_description":"V kulturnem in zabavnem \u017eivljenju Budimpe\u0161te se odpira novo poglavje: v zadnjih dneh septembra bo","og_url":"https:\/\/funzine.hu\/sl\/2025\/10\/01\/potovanje\/najsodobnejse-dnevno-prizorisce-v-budimpesti-se-septembra-odpira-z-mednarodnimi-zvezdniki\/","og_site_name":"Funzine","article_publisher":"https:\/\/www.facebook.com\/funzine\/","article_published_time":"2025-10-01T09:40:53+00:00","og_image":[{"width":853,"height":1280,"url":"https:\/\/funzine.hu\/wp-content\/uploads\/2025\/10\/ceiling-3410403_1280.jpg","type":"image\/jpeg"}],"author":"Bodn\u00e1r Zsuzsa","twitter_card":"summary_large_image","twitter_creator":"@funzine","twitter_site":"@funzine","twitter_misc":{"Written by":"Bodn\u00e1r Zsuzsa","Est. reading time":"3 minute"},"schema":{"@context":"https:\/\/schema.org","@graph":[{"@type":"NewsArticle","@id":"https:\/\/funzine.hu\/sl\/2025\/10\/01\/potovanje\/najsodobnejse-dnevno-prizorisce-v-budimpesti-se-septembra-odpira-z-mednarodnimi-zvezdniki\/#article","isPartOf":{"@id":"https:\/\/funzine.hu\/sl\/2025\/10\/01\/potovanje\/najsodobnejse-dnevno-prizorisce-v-budimpesti-se-septembra-odpira-z-mednarodnimi-zvezdniki\/"},"author":{"name":"Bodn\u00e1r Zsuzsa","@id":"https:\/\/funzine.hu\/#\/schema\/person\/f3864a88f41183e8c3af70534ac28bb4"},"headline":"Najsodobnej\u0161e dnevno prizori\u0161\u010de v Budimpe\u0161ti se septembra odpira z mednarodnimi zvezdniki","datePublished":"2025-10-01T09:40:53+00:00","mainEntityOfPage":{"@id":"https:\/\/funzine.hu\/sl\/2025\/10\/01\/potovanje\/najsodobnejse-dnevno-prizorisce-v-budimpesti-se-septembra-odpira-z-mednarodnimi-zvezdniki\/"},"wordCount":421,"image":{"@id":"https:\/\/funzine.hu\/sl\/2025\/10\/01\/potovanje\/najsodobnejse-dnevno-prizorisce-v-budimpesti-se-septembra-odpira-z-mednarodnimi-zvezdniki\/#primaryimage"},"thumbnailUrl":"https:\/\/funzine.hu\/wp-content\/uploads\/2025\/10\/ceiling-3410403_1280.jpg","articleSection":["Potovanje"],"inLanguage":"sl-SI"},{"@type":"WebPage","@id":"https:\/\/funzine.hu\/sl\/2025\/10\/01\/potovanje\/najsodobnejse-dnevno-prizorisce-v-budimpesti-se-septembra-odpira-z-mednarodnimi-zvezdniki\/","url":"https:\/\/funzine.hu\/sl\/2025\/10\/01\/potovanje\/najsodobnejse-dnevno-prizorisce-v-budimpesti-se-septembra-odpira-z-mednarodnimi-zvezdniki\/","name":"Najsodobnej\u0161e dnevno prizori\u0161\u010de v Budimpe\u0161ti se septembra odpira z mednarodnimi zvezdniki","isPartOf":{"@id":"https:\/\/funzine.hu\/#website"},"primaryImageOfPage":{"@id":"https:\/\/funzine.hu\/sl\/2025\/10\/01\/potovanje\/najsodobnejse-dnevno-prizorisce-v-budimpesti-se-septembra-odpira-z-mednarodnimi-zvezdniki\/#primaryimage"},"image":{"@id":"https:\/\/funzine.hu\/sl\/2025\/10\/01\/potovanje\/najsodobnejse-dnevno-prizorisce-v-budimpesti-se-septembra-odpira-z-mednarodnimi-zvezdniki\/#primaryimage"},"thumbnailUrl":"https:\/\/funzine.hu\/wp-content\/uploads\/2025\/10\/ceiling-3410403_1280.jpg","datePublished":"2025-10-01T09:40:53+00:00","author":{"@id":"https:\/\/funzine.hu\/#\/schema\/person\/f3864a88f41183e8c3af70534ac28bb4"},"breadcrumb":{"@id":"https:\/\/funzine.hu\/sl\/2025\/10\/01\/potovanje\/najsodobnejse-dnevno-prizorisce-v-budimpesti-se-septembra-odpira-z-mednarodnimi-zvezdniki\/#breadcrumb"},"inLanguage":"sl-SI","potentialAction":[{"@type":"ReadAction","target":["https:\/\/funzine.hu\/sl\/2025\/10\/01\/potovanje\/najsodobnejse-dnevno-prizorisce-v-budimpesti-se-septembra-odpira-z-mednarodnimi-zvezdniki\/"]}]},{"@type":"ImageObject","inLanguage":"sl-SI","@id":"https:\/\/funzine.hu\/sl\/2025\/10\/01\/potovanje\/najsodobnejse-dnevno-prizorisce-v-budimpesti-se-septembra-odpira-z-mednarodnimi-zvezdniki\/#primaryimage","url":"https:\/\/funzine.hu\/wp-content\/uploads\/2025\/10\/ceiling-3410403_1280.jpg","contentUrl":"https:\/\/funzine.hu\/wp-content\/uploads\/2025\/10\/ceiling-3410403_1280.jpg","width":853,"height":1280,"caption":"ilustracija - pixabay.com"},{"@type":"BreadcrumbList","@id":"https:\/\/funzine.hu\/sl\/2025\/10\/01\/potovanje\/najsodobnejse-dnevno-prizorisce-v-budimpesti-se-septembra-odpira-z-mednarodnimi-zvezdniki\/#breadcrumb","itemListElement":[{"@type":"ListItem","position":1,"name":"Home","item":"https:\/\/funzine.hu\/sl\/"},{"@type":"ListItem","position":2,"name":"Najsodobnej\u0161e dnevno prizori\u0161\u010de v Budimpe\u0161ti se septembra odpira z mednarodnimi zvezdniki"}]},{"@type":"WebSite","@id":"https:\/\/funzine.hu\/#website","url":"https:\/\/funzine.hu\/","name":"Funzine","description":"","potentialAction":[{"@type":"SearchAction","target":{"@type":"EntryPoint","urlTemplate":"https:\/\/funzine.hu\/?s={search_term_string}"},"query-input":{"@type":"PropertyValueSpecification","valueRequired":true,"valueName":"search_term_string"}}],"inLanguage":"sl-SI"},{"@type":"Person","@id":"https:\/\/funzine.hu\/#\/schema\/person\/f3864a88f41183e8c3af70534ac28bb4","name":"Bodn\u00e1r Zsuzsa","image":{"@type":"ImageObject","inLanguage":"sl-SI","@id":"https:\/\/secure.gravatar.com\/avatar\/3dac04a042bfb0c015d0f893ef5eb9cca9d966bb5795039862dafd8d2ab5d410?s=96&d=mm&r=g","url":"https:\/\/secure.gravatar.com\/avatar\/3dac04a042bfb0c015d0f893ef5eb9cca9d966bb5795039862dafd8d2ab5d410?s=96&d=mm&r=g","contentUrl":"https:\/\/secure.gravatar.com\/avatar\/3dac04a042bfb0c015d0f893ef5eb9cca9d966bb5795039862dafd8d2ab5d410?s=96&d=mm&r=g","caption":"Bodn\u00e1r Zsuzsa"},"url":"https:\/\/funzine.hu\/sl\/author\/bodnar-zsuzsa-1984\/"}]}},"amp_enabled":true,"_links":{"self":[{"href":"https:\/\/funzine.hu\/sl\/wp-json\/wp\/v2\/posts\/611961","targetHints":{"allow":["GET"]}}],"collection":[{"href":"https:\/\/funzine.hu\/sl\/wp-json\/wp\/v2\/posts"}],"about":[{"href":"https:\/\/funzine.hu\/sl\/wp-json\/wp\/v2\/types\/post"}],"author":[{"embeddable":true,"href":"https:\/\/funzine.hu\/sl\/wp-json\/wp\/v2\/users\/391"}],"replies":[{"embeddable":true,"href":"https:\/\/funzine.hu\/sl\/wp-json\/wp\/v2\/comments?post=611961"}],"version-history":[{"count":1,"href":"https:\/\/funzine.hu\/sl\/wp-json\/wp\/v2\/posts\/611961\/revisions"}],"predecessor-version":[{"id":611963,"href":"https:\/\/funzine.hu\/sl\/wp-json\/wp\/v2\/posts\/611961\/revisions\/611963"}],"wp:featuredmedia":[{"embeddable":true,"href":"https:\/\/funzine.hu\/sl\/wp-json\/wp\/v2\/media\/611962"}],"wp:attachment":[{"href":"https:\/\/funzine.hu\/sl\/wp-json\/wp\/v2\/media?parent=611961"}],"wp:term":[{"taxonomy":"category","embeddable":true,"href":"https:\/\/funzine.hu\/sl\/wp-json\/wp\/v2\/categories?post=611961"},{"taxonomy":"post_tag","embeddable":true,"href":"https:\/\/funzine.hu\/sl\/wp-json\/wp\/v2\/tags?post=611961"},{"taxonomy":"post_places","embeddable":true,"href":"https:\/\/funzine.hu\/sl\/wp-json\/wp\/v2\/post_places?post=611961"}],"curies":[{"name":"wp","href":"https:\/\/api.w.org\/{rel}","templated":true}]}}