{"id":611785,"date":"2025-09-29T15:11:17","date_gmt":"2025-09-29T13:11:17","guid":{"rendered":"https:\/\/funzine.hu\/?p=611785"},"modified":"2025-09-29T15:11:17","modified_gmt":"2025-09-29T13:11:17","slug":"6-pravljicnih-koc-in-hisic-na-drevesu-za-jesenski-umik","status":"publish","type":"post","link":"https:\/\/funzine.hu\/sl\/2025\/09\/29\/potovanje\/6-pravljicnih-koc-in-hisic-na-drevesu-za-jesenski-umik\/","title":{"rendered":"6 pravlji\u010dnih ko\u010d in hi\u0161ic na drevesu za jesenski umik"},"content":{"rendered":"<p>Jesen je tu, spet je tu, in ob tej prilo\u017enosti smo vam predstavili \u0161est pravlji\u010dnih ko\u010d in hi\u0161ic na drevesu, ki ponujajo spro\u0161\u010dujo\u010da do\u017eivetja na najlep\u0161ih lokacijah v dr\u017eavi med zgodnjim jesenskim umikom.<\/p>\n<p>Mala sr\u010dna ko\u010da<br \/>\nRob gozda, divje ro\u017ee, nasproti gradu Vi\u0161egrad: \u010dudovita mala sr\u010dna ko\u010da se skriva nad Nagymarosom, dale\u010d od hi\u0161, in vas vabi, da si napolnite baterije za jesen. Prikupna namestitev sije v sodobnem, minimalisti\u010dnem sijaju in zahvaljujo\u010d \u0161tevilnim pametnim re\u0161itvam iz\u017eareva resni\u010dno posebno vzdu\u0161je.<br \/>\n2626 Nagymaros, Nagyhenc d\u0171l\u0151<\/p>\n<figure id=\"attachment_611786\" aria-describedby=\"caption-attachment-611786\" style=\"width: 850px\" class=\"wp-caption aligncenter\"><img decoding=\"async\" class=\"size-funzine-large wp-image-611786\" src=\"https:\/\/funzine.hu\/wp-content\/uploads\/2025\/09\/bat-boxes-1581018_1280-1200x922.jpg\" alt=\"\" width=\"850\" height=\"653\" srcset=\"https:\/\/funzine.hu\/wp-content\/uploads\/2025\/09\/bat-boxes-1581018_1280-1200x922.jpg 1200w, https:\/\/funzine.hu\/wp-content\/uploads\/2025\/09\/bat-boxes-1581018_1280-300x230.jpg 300w, https:\/\/funzine.hu\/wp-content\/uploads\/2025\/09\/bat-boxes-1581018_1280-1024x786.jpg 1024w, https:\/\/funzine.hu\/wp-content\/uploads\/2025\/09\/bat-boxes-1581018_1280-768x590.jpg 768w, https:\/\/funzine.hu\/wp-content\/uploads\/2025\/09\/bat-boxes-1581018_1280.jpg 1280w\" sizes=\"(max-width: 850px) 100vw, 850px\" \/><figcaption id=\"caption-attachment-611786\" class=\"wp-caption-text\">ilustracija &#8211; pixabay.com<\/figcaption><\/figure>\n<p>DunaTwinhouse<br \/>\nRazko\u0161je in narava gresta v D\u00f6m\u00f6su z roko v roki \u2013 osupljive lesene hi\u0161ice DunaTwinhouse samo \u010dakajo, da obi\u0161\u010dete Pilis! Vrhunska namestitev v hi\u0161icah na drevesu ob vzno\u017eju Pr\u00e9dik\u00e1l\u00f3sz\u00e9ka ima vse, kar potrebujete za jesenski oddih: teraso, jacuzzi, panoramo Donavskega ovinka in \u0161tiri edinstvene, dobro opremljene lesene hi\u0161ice.<br \/>\n2027 D\u00f6m\u00f6s, Koml\u00f3s utca 4.<\/p>\n<p>Hi\u0161ice na drevesu Noszvaj<br \/>\nNoszvaj je postal Meka za pohodnike in v mestu ne boste na\u0161li bolj popolnega kraja za sprostitev kot so dragulji hi\u0161ic na drevesu! Izbirate lahko med \u0161tevilnimi hi\u0161icami in hi\u0161icami na drevesu, vsaka z brezpla\u010dnimi kolesi in masa\u017eno kadjo na terasi. Lahko celo naro\u010dite zajtrk, ki vam ga dostavijo neposredno na dom!<br \/>\n3325 Noszvaj, T\u00f3s\u00e9t\u00e1ny utca 20-22.<\/p>\n<p>Kapolcsi Szikl\u00e1k<br \/>\nV petzvezdi\u010dnih, dizajnerskih ko\u010dah Kapolcsi Szikl\u00e1k, med pobo\u010dji Blatnega vi\u0161avja, je zagotovljena telesna in du\u0161evna pomlajevanje. Popolnoma lo\u010dene kabine romanti\u010dnega letovi\u0161\u010da, prijaznega odraslim, obljubljajo ne le zasebne wellness storitve, temve\u010d tudi slikovito panoramo za pare, ki vas obiskujejo.<br \/>\n8294 Vig\u00e1ntpetend, Cs\u00f3rompuszta<\/p>\n<p>Kabinl\u00e1z<br \/>\n\u010ce i\u0161\u010dete namestitev, kjer ni ni\u010desar drugega okoli vas kot gozd, je Kabinl\u00e1z pravi kraj za vas! Mini hi\u0161a, ki se lesketa v divji romanti\u010dni pokrajini B\u00f6rzs\u00f6nyligeta, je odli\u010den primer, kako preprostost navdu\u0161uje: li\u010dna ko\u010da vas vabi na Donavski ovinek z ugodnimi cenami in doma\u010dim vzdu\u0161jem.<br \/>\n2623 B\u00f6rzs\u00f6nyliget, \u00d6r\u00f6kz\u00f6ld utca\/Lejt\u0151 t\u00f6pp\u00e4 3.<\/p>\n<p>Fecske Kabin<br \/>\nAlpska lesena hi\u0161a na ju\u017eni obali Blatnega jezera: in to \u0161e ni vse, saj se edinstvena Fecske Kabin nahaja nad vinogradi! Slikovito panoramo kronajo \u0161tevilne mo\u017enosti za aktivno sprostitev, nastanitev Somogy pa ponuja tudi jacuzzi in zeli\u0161\u010dne \u010daje za jesensko sprostitev.<br \/>\n8625 Hotel<\/p>\n","protected":false},"excerpt":{"rendered":"<p>Jesen je tu, spet je tu, in ob tej prilo\u017enosti smo vam predstavili \u0161est pravlji\u010dnih ko\u010d in hi\u0161ic na<\/p>\n","protected":false},"author":391,"featured_media":611786,"comment_status":"closed","ping_status":"closed","sticky":false,"template":"","format":"standard","meta":{"_acf_changed":false,"wprm-recipe-roundup-name":"","wprm-recipe-roundup-description":"","ngg_post_thumbnail":0,"footnotes":""},"categories":[14345],"tags":[],"post_places":[],"class_list":["post-611785","post","type-post","status-publish","format-standard","has-post-thumbnail","hentry","category-potovanje"],"acf":{"connected_places":"","del_image":""},"yoast_head":"<!-- This site is optimized with the Yoast SEO plugin v27.2 - https:\/\/yoast.com\/product\/yoast-seo-wordpress\/ -->\n<title>6 pravlji\u010dnih ko\u010d in hi\u0161ic na drevesu za jesenski umik<\/title>\n<meta name=\"robots\" content=\"index, follow, max-snippet:-1, max-image-preview:large, max-video-preview:-1\" \/>\n<link rel=\"canonical\" href=\"https:\/\/funzine.hu\/sl\/2025\/09\/29\/potovanje\/6-pravljicnih-koc-in-hisic-na-drevesu-za-jesenski-umik\/\" \/>\n<meta property=\"og:locale\" content=\"sl_SI\" \/>\n<meta property=\"og:type\" content=\"article\" \/>\n<meta property=\"og:title\" content=\"6 pravlji\u010dnih ko\u010d in hi\u0161ic na drevesu za jesenski umik\" \/>\n<meta property=\"og:description\" content=\"Jesen je tu, spet je tu, in ob tej prilo\u017enosti smo vam predstavili \u0161est pravlji\u010dnih ko\u010d in hi\u0161ic na\" \/>\n<meta property=\"og:url\" content=\"https:\/\/funzine.hu\/sl\/2025\/09\/29\/potovanje\/6-pravljicnih-koc-in-hisic-na-drevesu-za-jesenski-umik\/\" \/>\n<meta property=\"og:site_name\" content=\"Funzine\" \/>\n<meta property=\"article:publisher\" content=\"https:\/\/www.facebook.com\/funzine\/\" \/>\n<meta property=\"article:published_time\" content=\"2025-09-29T13:11:17+00:00\" \/>\n<meta property=\"og:image\" content=\"https:\/\/funzine.hu\/wp-content\/uploads\/2025\/09\/bat-boxes-1581018_1280.jpg\" \/>\n\t<meta property=\"og:image:width\" content=\"1280\" \/>\n\t<meta property=\"og:image:height\" content=\"983\" \/>\n\t<meta property=\"og:image:type\" content=\"image\/jpeg\" \/>\n<meta name=\"author\" content=\"Bodn\u00e1r Zsuzsa\" \/>\n<meta name=\"twitter:card\" content=\"summary_large_image\" \/>\n<meta name=\"twitter:creator\" content=\"@funzine\" \/>\n<meta name=\"twitter:site\" content=\"@funzine\" \/>\n<meta name=\"twitter:label1\" content=\"Written by\" \/>\n\t<meta name=\"twitter:data1\" content=\"Bodn\u00e1r Zsuzsa\" \/>\n\t<meta name=\"twitter:label2\" content=\"Est. reading time\" \/>\n\t<meta name=\"twitter:data2\" content=\"3 minute\" \/>\n<script type=\"application\/ld+json\" class=\"yoast-schema-graph\">{\"@context\":\"https:\/\/schema.org\",\"@graph\":[{\"@type\":\"NewsArticle\",\"@id\":\"https:\/\/funzine.hu\/sl\/2025\/09\/29\/potovanje\/6-pravljicnih-koc-in-hisic-na-drevesu-za-jesenski-umik\/#article\",\"isPartOf\":{\"@id\":\"https:\/\/funzine.hu\/sl\/2025\/09\/29\/potovanje\/6-pravljicnih-koc-in-hisic-na-drevesu-za-jesenski-umik\/\"},\"author\":{\"name\":\"Bodn\u00e1r Zsuzsa\",\"@id\":\"https:\/\/funzine.hu\/#\/schema\/person\/f3864a88f41183e8c3af70534ac28bb4\"},\"headline\":\"6 pravlji\u010dnih ko\u010d in hi\u0161ic na drevesu za jesenski umik\",\"datePublished\":\"2025-09-29T13:11:17+00:00\",\"mainEntityOfPage\":{\"@id\":\"https:\/\/funzine.hu\/sl\/2025\/09\/29\/potovanje\/6-pravljicnih-koc-in-hisic-na-drevesu-za-jesenski-umik\/\"},\"wordCount\":434,\"image\":{\"@id\":\"https:\/\/funzine.hu\/sl\/2025\/09\/29\/potovanje\/6-pravljicnih-koc-in-hisic-na-drevesu-za-jesenski-umik\/#primaryimage\"},\"thumbnailUrl\":\"https:\/\/funzine.hu\/wp-content\/uploads\/2025\/09\/bat-boxes-1581018_1280.jpg\",\"articleSection\":[\"Potovanje\"],\"inLanguage\":\"sl-SI\"},{\"@type\":\"WebPage\",\"@id\":\"https:\/\/funzine.hu\/sl\/2025\/09\/29\/potovanje\/6-pravljicnih-koc-in-hisic-na-drevesu-za-jesenski-umik\/\",\"url\":\"https:\/\/funzine.hu\/sl\/2025\/09\/29\/potovanje\/6-pravljicnih-koc-in-hisic-na-drevesu-za-jesenski-umik\/\",\"name\":\"6 pravlji\u010dnih ko\u010d in hi\u0161ic na drevesu za jesenski umik\",\"isPartOf\":{\"@id\":\"https:\/\/funzine.hu\/#website\"},\"primaryImageOfPage\":{\"@id\":\"https:\/\/funzine.hu\/sl\/2025\/09\/29\/potovanje\/6-pravljicnih-koc-in-hisic-na-drevesu-za-jesenski-umik\/#primaryimage\"},\"image\":{\"@id\":\"https:\/\/funzine.hu\/sl\/2025\/09\/29\/potovanje\/6-pravljicnih-koc-in-hisic-na-drevesu-za-jesenski-umik\/#primaryimage\"},\"thumbnailUrl\":\"https:\/\/funzine.hu\/wp-content\/uploads\/2025\/09\/bat-boxes-1581018_1280.jpg\",\"datePublished\":\"2025-09-29T13:11:17+00:00\",\"author\":{\"@id\":\"https:\/\/funzine.hu\/#\/schema\/person\/f3864a88f41183e8c3af70534ac28bb4\"},\"breadcrumb\":{\"@id\":\"https:\/\/funzine.hu\/sl\/2025\/09\/29\/potovanje\/6-pravljicnih-koc-in-hisic-na-drevesu-za-jesenski-umik\/#breadcrumb\"},\"inLanguage\":\"sl-SI\",\"potentialAction\":[{\"@type\":\"ReadAction\",\"target\":[\"https:\/\/funzine.hu\/sl\/2025\/09\/29\/potovanje\/6-pravljicnih-koc-in-hisic-na-drevesu-za-jesenski-umik\/\"]}]},{\"@type\":\"ImageObject\",\"inLanguage\":\"sl-SI\",\"@id\":\"https:\/\/funzine.hu\/sl\/2025\/09\/29\/potovanje\/6-pravljicnih-koc-in-hisic-na-drevesu-za-jesenski-umik\/#primaryimage\",\"url\":\"https:\/\/funzine.hu\/wp-content\/uploads\/2025\/09\/bat-boxes-1581018_1280.jpg\",\"contentUrl\":\"https:\/\/funzine.hu\/wp-content\/uploads\/2025\/09\/bat-boxes-1581018_1280.jpg\",\"width\":1280,\"height\":983,\"caption\":\"ilustracija - pixabay.com\"},{\"@type\":\"BreadcrumbList\",\"@id\":\"https:\/\/funzine.hu\/sl\/2025\/09\/29\/potovanje\/6-pravljicnih-koc-in-hisic-na-drevesu-za-jesenski-umik\/#breadcrumb\",\"itemListElement\":[{\"@type\":\"ListItem\",\"position\":1,\"name\":\"Home\",\"item\":\"https:\/\/funzine.hu\/sl\/\"},{\"@type\":\"ListItem\",\"position\":2,\"name\":\"6 pravlji\u010dnih ko\u010d in hi\u0161ic na drevesu za jesenski umik\"}]},{\"@type\":\"WebSite\",\"@id\":\"https:\/\/funzine.hu\/#website\",\"url\":\"https:\/\/funzine.hu\/\",\"name\":\"Funzine\",\"description\":\"\",\"potentialAction\":[{\"@type\":\"SearchAction\",\"target\":{\"@type\":\"EntryPoint\",\"urlTemplate\":\"https:\/\/funzine.hu\/?s={search_term_string}\"},\"query-input\":{\"@type\":\"PropertyValueSpecification\",\"valueRequired\":true,\"valueName\":\"search_term_string\"}}],\"inLanguage\":\"sl-SI\"},{\"@type\":\"Person\",\"@id\":\"https:\/\/funzine.hu\/#\/schema\/person\/f3864a88f41183e8c3af70534ac28bb4\",\"name\":\"Bodn\u00e1r Zsuzsa\",\"image\":{\"@type\":\"ImageObject\",\"inLanguage\":\"sl-SI\",\"@id\":\"https:\/\/secure.gravatar.com\/avatar\/3dac04a042bfb0c015d0f893ef5eb9cca9d966bb5795039862dafd8d2ab5d410?s=96&d=mm&r=g\",\"url\":\"https:\/\/secure.gravatar.com\/avatar\/3dac04a042bfb0c015d0f893ef5eb9cca9d966bb5795039862dafd8d2ab5d410?s=96&d=mm&r=g\",\"contentUrl\":\"https:\/\/secure.gravatar.com\/avatar\/3dac04a042bfb0c015d0f893ef5eb9cca9d966bb5795039862dafd8d2ab5d410?s=96&d=mm&r=g\",\"caption\":\"Bodn\u00e1r Zsuzsa\"},\"url\":\"https:\/\/funzine.hu\/sl\/author\/bodnar-zsuzsa-1984\/\"}]}<\/script>\n<!-- \/ Yoast SEO plugin. -->","yoast_head_json":{"title":"6 pravlji\u010dnih ko\u010d in hi\u0161ic na drevesu za jesenski umik","robots":{"index":"index","follow":"follow","max-snippet":"max-snippet:-1","max-image-preview":"max-image-preview:large","max-video-preview":"max-video-preview:-1"},"canonical":"https:\/\/funzine.hu\/sl\/2025\/09\/29\/potovanje\/6-pravljicnih-koc-in-hisic-na-drevesu-za-jesenski-umik\/","og_locale":"sl_SI","og_type":"article","og_title":"6 pravlji\u010dnih ko\u010d in hi\u0161ic na drevesu za jesenski umik","og_description":"Jesen je tu, spet je tu, in ob tej prilo\u017enosti smo vam predstavili \u0161est pravlji\u010dnih ko\u010d in hi\u0161ic na","og_url":"https:\/\/funzine.hu\/sl\/2025\/09\/29\/potovanje\/6-pravljicnih-koc-in-hisic-na-drevesu-za-jesenski-umik\/","og_site_name":"Funzine","article_publisher":"https:\/\/www.facebook.com\/funzine\/","article_published_time":"2025-09-29T13:11:17+00:00","og_image":[{"width":1280,"height":983,"url":"https:\/\/funzine.hu\/wp-content\/uploads\/2025\/09\/bat-boxes-1581018_1280.jpg","type":"image\/jpeg"}],"author":"Bodn\u00e1r Zsuzsa","twitter_card":"summary_large_image","twitter_creator":"@funzine","twitter_site":"@funzine","twitter_misc":{"Written by":"Bodn\u00e1r Zsuzsa","Est. reading time":"3 minute"},"schema":{"@context":"https:\/\/schema.org","@graph":[{"@type":"NewsArticle","@id":"https:\/\/funzine.hu\/sl\/2025\/09\/29\/potovanje\/6-pravljicnih-koc-in-hisic-na-drevesu-za-jesenski-umik\/#article","isPartOf":{"@id":"https:\/\/funzine.hu\/sl\/2025\/09\/29\/potovanje\/6-pravljicnih-koc-in-hisic-na-drevesu-za-jesenski-umik\/"},"author":{"name":"Bodn\u00e1r Zsuzsa","@id":"https:\/\/funzine.hu\/#\/schema\/person\/f3864a88f41183e8c3af70534ac28bb4"},"headline":"6 pravlji\u010dnih ko\u010d in hi\u0161ic na drevesu za jesenski umik","datePublished":"2025-09-29T13:11:17+00:00","mainEntityOfPage":{"@id":"https:\/\/funzine.hu\/sl\/2025\/09\/29\/potovanje\/6-pravljicnih-koc-in-hisic-na-drevesu-za-jesenski-umik\/"},"wordCount":434,"image":{"@id":"https:\/\/funzine.hu\/sl\/2025\/09\/29\/potovanje\/6-pravljicnih-koc-in-hisic-na-drevesu-za-jesenski-umik\/#primaryimage"},"thumbnailUrl":"https:\/\/funzine.hu\/wp-content\/uploads\/2025\/09\/bat-boxes-1581018_1280.jpg","articleSection":["Potovanje"],"inLanguage":"sl-SI"},{"@type":"WebPage","@id":"https:\/\/funzine.hu\/sl\/2025\/09\/29\/potovanje\/6-pravljicnih-koc-in-hisic-na-drevesu-za-jesenski-umik\/","url":"https:\/\/funzine.hu\/sl\/2025\/09\/29\/potovanje\/6-pravljicnih-koc-in-hisic-na-drevesu-za-jesenski-umik\/","name":"6 pravlji\u010dnih ko\u010d in hi\u0161ic na drevesu za jesenski umik","isPartOf":{"@id":"https:\/\/funzine.hu\/#website"},"primaryImageOfPage":{"@id":"https:\/\/funzine.hu\/sl\/2025\/09\/29\/potovanje\/6-pravljicnih-koc-in-hisic-na-drevesu-za-jesenski-umik\/#primaryimage"},"image":{"@id":"https:\/\/funzine.hu\/sl\/2025\/09\/29\/potovanje\/6-pravljicnih-koc-in-hisic-na-drevesu-za-jesenski-umik\/#primaryimage"},"thumbnailUrl":"https:\/\/funzine.hu\/wp-content\/uploads\/2025\/09\/bat-boxes-1581018_1280.jpg","datePublished":"2025-09-29T13:11:17+00:00","author":{"@id":"https:\/\/funzine.hu\/#\/schema\/person\/f3864a88f41183e8c3af70534ac28bb4"},"breadcrumb":{"@id":"https:\/\/funzine.hu\/sl\/2025\/09\/29\/potovanje\/6-pravljicnih-koc-in-hisic-na-drevesu-za-jesenski-umik\/#breadcrumb"},"inLanguage":"sl-SI","potentialAction":[{"@type":"ReadAction","target":["https:\/\/funzine.hu\/sl\/2025\/09\/29\/potovanje\/6-pravljicnih-koc-in-hisic-na-drevesu-za-jesenski-umik\/"]}]},{"@type":"ImageObject","inLanguage":"sl-SI","@id":"https:\/\/funzine.hu\/sl\/2025\/09\/29\/potovanje\/6-pravljicnih-koc-in-hisic-na-drevesu-za-jesenski-umik\/#primaryimage","url":"https:\/\/funzine.hu\/wp-content\/uploads\/2025\/09\/bat-boxes-1581018_1280.jpg","contentUrl":"https:\/\/funzine.hu\/wp-content\/uploads\/2025\/09\/bat-boxes-1581018_1280.jpg","width":1280,"height":983,"caption":"ilustracija - pixabay.com"},{"@type":"BreadcrumbList","@id":"https:\/\/funzine.hu\/sl\/2025\/09\/29\/potovanje\/6-pravljicnih-koc-in-hisic-na-drevesu-za-jesenski-umik\/#breadcrumb","itemListElement":[{"@type":"ListItem","position":1,"name":"Home","item":"https:\/\/funzine.hu\/sl\/"},{"@type":"ListItem","position":2,"name":"6 pravlji\u010dnih ko\u010d in hi\u0161ic na drevesu za jesenski umik"}]},{"@type":"WebSite","@id":"https:\/\/funzine.hu\/#website","url":"https:\/\/funzine.hu\/","name":"Funzine","description":"","potentialAction":[{"@type":"SearchAction","target":{"@type":"EntryPoint","urlTemplate":"https:\/\/funzine.hu\/?s={search_term_string}"},"query-input":{"@type":"PropertyValueSpecification","valueRequired":true,"valueName":"search_term_string"}}],"inLanguage":"sl-SI"},{"@type":"Person","@id":"https:\/\/funzine.hu\/#\/schema\/person\/f3864a88f41183e8c3af70534ac28bb4","name":"Bodn\u00e1r Zsuzsa","image":{"@type":"ImageObject","inLanguage":"sl-SI","@id":"https:\/\/secure.gravatar.com\/avatar\/3dac04a042bfb0c015d0f893ef5eb9cca9d966bb5795039862dafd8d2ab5d410?s=96&d=mm&r=g","url":"https:\/\/secure.gravatar.com\/avatar\/3dac04a042bfb0c015d0f893ef5eb9cca9d966bb5795039862dafd8d2ab5d410?s=96&d=mm&r=g","contentUrl":"https:\/\/secure.gravatar.com\/avatar\/3dac04a042bfb0c015d0f893ef5eb9cca9d966bb5795039862dafd8d2ab5d410?s=96&d=mm&r=g","caption":"Bodn\u00e1r Zsuzsa"},"url":"https:\/\/funzine.hu\/sl\/author\/bodnar-zsuzsa-1984\/"}]}},"amp_enabled":true,"_links":{"self":[{"href":"https:\/\/funzine.hu\/sl\/wp-json\/wp\/v2\/posts\/611785","targetHints":{"allow":["GET"]}}],"collection":[{"href":"https:\/\/funzine.hu\/sl\/wp-json\/wp\/v2\/posts"}],"about":[{"href":"https:\/\/funzine.hu\/sl\/wp-json\/wp\/v2\/types\/post"}],"author":[{"embeddable":true,"href":"https:\/\/funzine.hu\/sl\/wp-json\/wp\/v2\/users\/391"}],"replies":[{"embeddable":true,"href":"https:\/\/funzine.hu\/sl\/wp-json\/wp\/v2\/comments?post=611785"}],"version-history":[{"count":1,"href":"https:\/\/funzine.hu\/sl\/wp-json\/wp\/v2\/posts\/611785\/revisions"}],"predecessor-version":[{"id":611787,"href":"https:\/\/funzine.hu\/sl\/wp-json\/wp\/v2\/posts\/611785\/revisions\/611787"}],"wp:featuredmedia":[{"embeddable":true,"href":"https:\/\/funzine.hu\/sl\/wp-json\/wp\/v2\/media\/611786"}],"wp:attachment":[{"href":"https:\/\/funzine.hu\/sl\/wp-json\/wp\/v2\/media?parent=611785"}],"wp:term":[{"taxonomy":"category","embeddable":true,"href":"https:\/\/funzine.hu\/sl\/wp-json\/wp\/v2\/categories?post=611785"},{"taxonomy":"post_tag","embeddable":true,"href":"https:\/\/funzine.hu\/sl\/wp-json\/wp\/v2\/tags?post=611785"},{"taxonomy":"post_places","embeddable":true,"href":"https:\/\/funzine.hu\/sl\/wp-json\/wp\/v2\/post_places?post=611785"}],"curies":[{"name":"wp","href":"https:\/\/api.w.org\/{rel}","templated":true}]}}