{"id":611029,"date":"2025-09-17T13:28:07","date_gmt":"2025-09-17T11:28:07","guid":{"rendered":"https:\/\/funzine.hu\/?p=611029"},"modified":"2025-09-17T13:28:07","modified_gmt":"2025-09-17T11:28:07","slug":"okolju-prijazen-in-trajnosten-promet-lahko-praznujemo-z-brezplacnim-in-barvitim-programom","status":"publish","type":"post","link":"https:\/\/funzine.hu\/sl\/2025\/09\/17\/potovanje\/okolju-prijazen-in-trajnosten-promet-lahko-praznujemo-z-brezplacnim-in-barvitim-programom\/","title":{"rendered":"Okolju prijazen in trajnosten promet lahko praznujemo z brezpla\u010dnim in barvitim programom"},"content":{"rendered":"<p>Letos bo najve\u010dja evropska prometna in okoljska kampanja, Evropski teden mobilnosti, potekala \u017ee 24. zapored.<\/p>\n<figure id=\"attachment_611031\" aria-describedby=\"caption-attachment-611031\" style=\"width: 850px\" class=\"wp-caption aligncenter\"><img decoding=\"async\" class=\"size-funzine-large wp-image-611031\" src=\"https:\/\/funzine.hu\/wp-content\/uploads\/2025\/09\/scooter-7396608_1280-1200x791.jpg\" alt=\"\" width=\"850\" height=\"560\" srcset=\"https:\/\/funzine.hu\/wp-content\/uploads\/2025\/09\/scooter-7396608_1280-1200x791.jpg 1200w, https:\/\/funzine.hu\/wp-content\/uploads\/2025\/09\/scooter-7396608_1280-300x198.jpg 300w, https:\/\/funzine.hu\/wp-content\/uploads\/2025\/09\/scooter-7396608_1280-1024x675.jpg 1024w, https:\/\/funzine.hu\/wp-content\/uploads\/2025\/09\/scooter-7396608_1280-768x506.jpg 768w, https:\/\/funzine.hu\/wp-content\/uploads\/2025\/09\/scooter-7396608_1280-100x65.jpg 100w, https:\/\/funzine.hu\/wp-content\/uploads\/2025\/09\/scooter-7396608_1280.jpg 1280w\" sizes=\"(max-width: 850px) 100vw, 850px\" \/><figcaption id=\"caption-attachment-611031\" class=\"wp-caption-text\">ilustracija &#8211; pixabay.com<\/figcaption><\/figure>\n<p>V okviru Evropskega tedna mobilnosti bosta Budapest Transport Center in Metropolitanska ob\u010dina Budimpe\u0161ta med 16. in 22. septembrom z razli\u010dnimi programi opozorila na okolju prijazne in trajnostne mo\u017enosti prevoza v Budimpe\u0161ti.<\/p>\n<p>Cilj serije dogodkov je predstaviti pomen odgovorne izbire prevoznega sredstva, poudariti vplive avtomobilskega prometa na okolje, nesre\u010de in mestno krajino, opozoriti na prednosti trajnostnega prometa ter na potrebo po razvoju javnega prevoza, kolesarjenja in hoje.<\/p>\n<p>Vrhunec budimpe\u0161tanske programske serije letos je Vikend brez avtomobila 20. in 21. septembra, ko bodo od K\u00e1lvinovega trga do mosti\u0161\u010da mostu Szabads\u00e1g v Budi in na Pesti als\u00f3 rakpart potekali programi, ki bodo spodbujali okoljsko ozave\u0161\u010denost in trajnostni promet. Med vikendom lahko preizkusite razli\u010dna trajnostna prevozna sredstva, nostalgi\u010dna in sodobna vozila ter si ogledate delo ponudnikov javnih storitev.<\/p>\n<p>O organizaciji prevoza v Budimpe\u0161ti in razvoju javnih prostorov se lahko seznanite tudi s tematskimi mestnimi sprehodi.<\/p>\n<p>Ve\u010d informacij o programu najdete na spletni strani BKK s klikom tukaj ali na dogodku na Facebooku na tej povezavi.<\/p>\n","protected":false},"excerpt":{"rendered":"<p>Letos bo najve\u010dja evropska prometna in okoljska kampanja, Evropski teden mobilnosti, potekala \u017ee 24<\/p>\n","protected":false},"author":391,"featured_media":611031,"comment_status":"closed","ping_status":"closed","sticky":false,"template":"","format":"standard","meta":{"_acf_changed":false,"wprm-recipe-roundup-name":"","wprm-recipe-roundup-description":"","ngg_post_thumbnail":0,"footnotes":""},"categories":[14345],"tags":[],"post_places":[],"class_list":["post-611029","post","type-post","status-publish","format-standard","has-post-thumbnail","hentry","category-potovanje"],"acf":{"connected_places":"","del_image":""},"yoast_head":"<!-- This site is optimized with the Yoast SEO plugin v27.2 - https:\/\/yoast.com\/product\/yoast-seo-wordpress\/ -->\n<title>Okolju prijazen in trajnosten promet lahko praznujemo z brezpla\u010dnim in barvitim programom<\/title>\n<meta name=\"robots\" content=\"index, follow, max-snippet:-1, max-image-preview:large, max-video-preview:-1\" \/>\n<link rel=\"canonical\" href=\"https:\/\/funzine.hu\/sl\/2025\/09\/17\/potovanje\/okolju-prijazen-in-trajnosten-promet-lahko-praznujemo-z-brezplacnim-in-barvitim-programom\/\" \/>\n<meta property=\"og:locale\" content=\"sl_SI\" \/>\n<meta property=\"og:type\" content=\"article\" \/>\n<meta property=\"og:title\" content=\"Okolju prijazen in trajnosten promet lahko praznujemo z brezpla\u010dnim in barvitim programom\" \/>\n<meta property=\"og:description\" content=\"Letos bo najve\u010dja evropska prometna in okoljska kampanja, Evropski teden mobilnosti, potekala \u017ee 24\" \/>\n<meta property=\"og:url\" content=\"https:\/\/funzine.hu\/sl\/2025\/09\/17\/potovanje\/okolju-prijazen-in-trajnosten-promet-lahko-praznujemo-z-brezplacnim-in-barvitim-programom\/\" \/>\n<meta property=\"og:site_name\" content=\"Funzine\" \/>\n<meta property=\"article:publisher\" content=\"https:\/\/www.facebook.com\/funzine\/\" \/>\n<meta property=\"article:published_time\" content=\"2025-09-17T11:28:07+00:00\" \/>\n<meta property=\"og:image\" content=\"https:\/\/funzine.hu\/wp-content\/uploads\/2025\/09\/scooter-7396608_1280.jpg\" \/>\n\t<meta property=\"og:image:width\" content=\"1280\" \/>\n\t<meta property=\"og:image:height\" content=\"844\" \/>\n\t<meta property=\"og:image:type\" content=\"image\/jpeg\" \/>\n<meta name=\"author\" content=\"Bodn\u00e1r Zsuzsa\" \/>\n<meta name=\"twitter:card\" content=\"summary_large_image\" \/>\n<meta name=\"twitter:creator\" content=\"@funzine\" \/>\n<meta name=\"twitter:site\" content=\"@funzine\" \/>\n<meta name=\"twitter:label1\" content=\"Written by\" \/>\n\t<meta name=\"twitter:data1\" content=\"Bodn\u00e1r Zsuzsa\" \/>\n\t<meta name=\"twitter:label2\" content=\"Est. reading time\" \/>\n\t<meta name=\"twitter:data2\" content=\"2 minuti\" \/>\n<script type=\"application\/ld+json\" class=\"yoast-schema-graph\">{\"@context\":\"https:\/\/schema.org\",\"@graph\":[{\"@type\":\"NewsArticle\",\"@id\":\"https:\/\/funzine.hu\/sl\/2025\/09\/17\/potovanje\/okolju-prijazen-in-trajnosten-promet-lahko-praznujemo-z-brezplacnim-in-barvitim-programom\/#article\",\"isPartOf\":{\"@id\":\"https:\/\/funzine.hu\/sl\/2025\/09\/17\/potovanje\/okolju-prijazen-in-trajnosten-promet-lahko-praznujemo-z-brezplacnim-in-barvitim-programom\/\"},\"author\":{\"name\":\"Bodn\u00e1r Zsuzsa\",\"@id\":\"https:\/\/funzine.hu\/#\/schema\/person\/f3864a88f41183e8c3af70534ac28bb4\"},\"headline\":\"Okolju prijazen in trajnosten promet lahko praznujemo z brezpla\u010dnim in barvitim programom\",\"datePublished\":\"2025-09-17T11:28:07+00:00\",\"mainEntityOfPage\":{\"@id\":\"https:\/\/funzine.hu\/sl\/2025\/09\/17\/potovanje\/okolju-prijazen-in-trajnosten-promet-lahko-praznujemo-z-brezplacnim-in-barvitim-programom\/\"},\"wordCount\":210,\"image\":{\"@id\":\"https:\/\/funzine.hu\/sl\/2025\/09\/17\/potovanje\/okolju-prijazen-in-trajnosten-promet-lahko-praznujemo-z-brezplacnim-in-barvitim-programom\/#primaryimage\"},\"thumbnailUrl\":\"https:\/\/funzine.hu\/wp-content\/uploads\/2025\/09\/scooter-7396608_1280.jpg\",\"articleSection\":[\"Potovanje\"],\"inLanguage\":\"sl-SI\"},{\"@type\":\"WebPage\",\"@id\":\"https:\/\/funzine.hu\/sl\/2025\/09\/17\/potovanje\/okolju-prijazen-in-trajnosten-promet-lahko-praznujemo-z-brezplacnim-in-barvitim-programom\/\",\"url\":\"https:\/\/funzine.hu\/sl\/2025\/09\/17\/potovanje\/okolju-prijazen-in-trajnosten-promet-lahko-praznujemo-z-brezplacnim-in-barvitim-programom\/\",\"name\":\"Okolju prijazen in trajnosten promet lahko praznujemo z brezpla\u010dnim in barvitim programom\",\"isPartOf\":{\"@id\":\"https:\/\/funzine.hu\/#website\"},\"primaryImageOfPage\":{\"@id\":\"https:\/\/funzine.hu\/sl\/2025\/09\/17\/potovanje\/okolju-prijazen-in-trajnosten-promet-lahko-praznujemo-z-brezplacnim-in-barvitim-programom\/#primaryimage\"},\"image\":{\"@id\":\"https:\/\/funzine.hu\/sl\/2025\/09\/17\/potovanje\/okolju-prijazen-in-trajnosten-promet-lahko-praznujemo-z-brezplacnim-in-barvitim-programom\/#primaryimage\"},\"thumbnailUrl\":\"https:\/\/funzine.hu\/wp-content\/uploads\/2025\/09\/scooter-7396608_1280.jpg\",\"datePublished\":\"2025-09-17T11:28:07+00:00\",\"author\":{\"@id\":\"https:\/\/funzine.hu\/#\/schema\/person\/f3864a88f41183e8c3af70534ac28bb4\"},\"breadcrumb\":{\"@id\":\"https:\/\/funzine.hu\/sl\/2025\/09\/17\/potovanje\/okolju-prijazen-in-trajnosten-promet-lahko-praznujemo-z-brezplacnim-in-barvitim-programom\/#breadcrumb\"},\"inLanguage\":\"sl-SI\",\"potentialAction\":[{\"@type\":\"ReadAction\",\"target\":[\"https:\/\/funzine.hu\/sl\/2025\/09\/17\/potovanje\/okolju-prijazen-in-trajnosten-promet-lahko-praznujemo-z-brezplacnim-in-barvitim-programom\/\"]}]},{\"@type\":\"ImageObject\",\"inLanguage\":\"sl-SI\",\"@id\":\"https:\/\/funzine.hu\/sl\/2025\/09\/17\/potovanje\/okolju-prijazen-in-trajnosten-promet-lahko-praznujemo-z-brezplacnim-in-barvitim-programom\/#primaryimage\",\"url\":\"https:\/\/funzine.hu\/wp-content\/uploads\/2025\/09\/scooter-7396608_1280.jpg\",\"contentUrl\":\"https:\/\/funzine.hu\/wp-content\/uploads\/2025\/09\/scooter-7396608_1280.jpg\",\"width\":1280,\"height\":844,\"caption\":\"ilustracija - pixabay.com\"},{\"@type\":\"BreadcrumbList\",\"@id\":\"https:\/\/funzine.hu\/sl\/2025\/09\/17\/potovanje\/okolju-prijazen-in-trajnosten-promet-lahko-praznujemo-z-brezplacnim-in-barvitim-programom\/#breadcrumb\",\"itemListElement\":[{\"@type\":\"ListItem\",\"position\":1,\"name\":\"Home\",\"item\":\"https:\/\/funzine.hu\/sl\/\"},{\"@type\":\"ListItem\",\"position\":2,\"name\":\"Okolju prijazen in trajnosten promet lahko praznujemo z brezpla\u010dnim in barvitim programom\"}]},{\"@type\":\"WebSite\",\"@id\":\"https:\/\/funzine.hu\/#website\",\"url\":\"https:\/\/funzine.hu\/\",\"name\":\"Funzine\",\"description\":\"\",\"potentialAction\":[{\"@type\":\"SearchAction\",\"target\":{\"@type\":\"EntryPoint\",\"urlTemplate\":\"https:\/\/funzine.hu\/?s={search_term_string}\"},\"query-input\":{\"@type\":\"PropertyValueSpecification\",\"valueRequired\":true,\"valueName\":\"search_term_string\"}}],\"inLanguage\":\"sl-SI\"},{\"@type\":\"Person\",\"@id\":\"https:\/\/funzine.hu\/#\/schema\/person\/f3864a88f41183e8c3af70534ac28bb4\",\"name\":\"Bodn\u00e1r Zsuzsa\",\"image\":{\"@type\":\"ImageObject\",\"inLanguage\":\"sl-SI\",\"@id\":\"https:\/\/secure.gravatar.com\/avatar\/3dac04a042bfb0c015d0f893ef5eb9cca9d966bb5795039862dafd8d2ab5d410?s=96&d=mm&r=g\",\"url\":\"https:\/\/secure.gravatar.com\/avatar\/3dac04a042bfb0c015d0f893ef5eb9cca9d966bb5795039862dafd8d2ab5d410?s=96&d=mm&r=g\",\"contentUrl\":\"https:\/\/secure.gravatar.com\/avatar\/3dac04a042bfb0c015d0f893ef5eb9cca9d966bb5795039862dafd8d2ab5d410?s=96&d=mm&r=g\",\"caption\":\"Bodn\u00e1r Zsuzsa\"},\"url\":\"https:\/\/funzine.hu\/sl\/author\/bodnar-zsuzsa-1984\/\"}]}<\/script>\n<!-- \/ Yoast SEO plugin. -->","yoast_head_json":{"title":"Okolju prijazen in trajnosten promet lahko praznujemo z brezpla\u010dnim in barvitim programom","robots":{"index":"index","follow":"follow","max-snippet":"max-snippet:-1","max-image-preview":"max-image-preview:large","max-video-preview":"max-video-preview:-1"},"canonical":"https:\/\/funzine.hu\/sl\/2025\/09\/17\/potovanje\/okolju-prijazen-in-trajnosten-promet-lahko-praznujemo-z-brezplacnim-in-barvitim-programom\/","og_locale":"sl_SI","og_type":"article","og_title":"Okolju prijazen in trajnosten promet lahko praznujemo z brezpla\u010dnim in barvitim programom","og_description":"Letos bo najve\u010dja evropska prometna in okoljska kampanja, Evropski teden mobilnosti, potekala \u017ee 24","og_url":"https:\/\/funzine.hu\/sl\/2025\/09\/17\/potovanje\/okolju-prijazen-in-trajnosten-promet-lahko-praznujemo-z-brezplacnim-in-barvitim-programom\/","og_site_name":"Funzine","article_publisher":"https:\/\/www.facebook.com\/funzine\/","article_published_time":"2025-09-17T11:28:07+00:00","og_image":[{"width":1280,"height":844,"url":"https:\/\/funzine.hu\/wp-content\/uploads\/2025\/09\/scooter-7396608_1280.jpg","type":"image\/jpeg"}],"author":"Bodn\u00e1r Zsuzsa","twitter_card":"summary_large_image","twitter_creator":"@funzine","twitter_site":"@funzine","twitter_misc":{"Written by":"Bodn\u00e1r Zsuzsa","Est. reading time":"2 minuti"},"schema":{"@context":"https:\/\/schema.org","@graph":[{"@type":"NewsArticle","@id":"https:\/\/funzine.hu\/sl\/2025\/09\/17\/potovanje\/okolju-prijazen-in-trajnosten-promet-lahko-praznujemo-z-brezplacnim-in-barvitim-programom\/#article","isPartOf":{"@id":"https:\/\/funzine.hu\/sl\/2025\/09\/17\/potovanje\/okolju-prijazen-in-trajnosten-promet-lahko-praznujemo-z-brezplacnim-in-barvitim-programom\/"},"author":{"name":"Bodn\u00e1r Zsuzsa","@id":"https:\/\/funzine.hu\/#\/schema\/person\/f3864a88f41183e8c3af70534ac28bb4"},"headline":"Okolju prijazen in trajnosten promet lahko praznujemo z brezpla\u010dnim in barvitim programom","datePublished":"2025-09-17T11:28:07+00:00","mainEntityOfPage":{"@id":"https:\/\/funzine.hu\/sl\/2025\/09\/17\/potovanje\/okolju-prijazen-in-trajnosten-promet-lahko-praznujemo-z-brezplacnim-in-barvitim-programom\/"},"wordCount":210,"image":{"@id":"https:\/\/funzine.hu\/sl\/2025\/09\/17\/potovanje\/okolju-prijazen-in-trajnosten-promet-lahko-praznujemo-z-brezplacnim-in-barvitim-programom\/#primaryimage"},"thumbnailUrl":"https:\/\/funzine.hu\/wp-content\/uploads\/2025\/09\/scooter-7396608_1280.jpg","articleSection":["Potovanje"],"inLanguage":"sl-SI"},{"@type":"WebPage","@id":"https:\/\/funzine.hu\/sl\/2025\/09\/17\/potovanje\/okolju-prijazen-in-trajnosten-promet-lahko-praznujemo-z-brezplacnim-in-barvitim-programom\/","url":"https:\/\/funzine.hu\/sl\/2025\/09\/17\/potovanje\/okolju-prijazen-in-trajnosten-promet-lahko-praznujemo-z-brezplacnim-in-barvitim-programom\/","name":"Okolju prijazen in trajnosten promet lahko praznujemo z brezpla\u010dnim in barvitim programom","isPartOf":{"@id":"https:\/\/funzine.hu\/#website"},"primaryImageOfPage":{"@id":"https:\/\/funzine.hu\/sl\/2025\/09\/17\/potovanje\/okolju-prijazen-in-trajnosten-promet-lahko-praznujemo-z-brezplacnim-in-barvitim-programom\/#primaryimage"},"image":{"@id":"https:\/\/funzine.hu\/sl\/2025\/09\/17\/potovanje\/okolju-prijazen-in-trajnosten-promet-lahko-praznujemo-z-brezplacnim-in-barvitim-programom\/#primaryimage"},"thumbnailUrl":"https:\/\/funzine.hu\/wp-content\/uploads\/2025\/09\/scooter-7396608_1280.jpg","datePublished":"2025-09-17T11:28:07+00:00","author":{"@id":"https:\/\/funzine.hu\/#\/schema\/person\/f3864a88f41183e8c3af70534ac28bb4"},"breadcrumb":{"@id":"https:\/\/funzine.hu\/sl\/2025\/09\/17\/potovanje\/okolju-prijazen-in-trajnosten-promet-lahko-praznujemo-z-brezplacnim-in-barvitim-programom\/#breadcrumb"},"inLanguage":"sl-SI","potentialAction":[{"@type":"ReadAction","target":["https:\/\/funzine.hu\/sl\/2025\/09\/17\/potovanje\/okolju-prijazen-in-trajnosten-promet-lahko-praznujemo-z-brezplacnim-in-barvitim-programom\/"]}]},{"@type":"ImageObject","inLanguage":"sl-SI","@id":"https:\/\/funzine.hu\/sl\/2025\/09\/17\/potovanje\/okolju-prijazen-in-trajnosten-promet-lahko-praznujemo-z-brezplacnim-in-barvitim-programom\/#primaryimage","url":"https:\/\/funzine.hu\/wp-content\/uploads\/2025\/09\/scooter-7396608_1280.jpg","contentUrl":"https:\/\/funzine.hu\/wp-content\/uploads\/2025\/09\/scooter-7396608_1280.jpg","width":1280,"height":844,"caption":"ilustracija - pixabay.com"},{"@type":"BreadcrumbList","@id":"https:\/\/funzine.hu\/sl\/2025\/09\/17\/potovanje\/okolju-prijazen-in-trajnosten-promet-lahko-praznujemo-z-brezplacnim-in-barvitim-programom\/#breadcrumb","itemListElement":[{"@type":"ListItem","position":1,"name":"Home","item":"https:\/\/funzine.hu\/sl\/"},{"@type":"ListItem","position":2,"name":"Okolju prijazen in trajnosten promet lahko praznujemo z brezpla\u010dnim in barvitim programom"}]},{"@type":"WebSite","@id":"https:\/\/funzine.hu\/#website","url":"https:\/\/funzine.hu\/","name":"Funzine","description":"","potentialAction":[{"@type":"SearchAction","target":{"@type":"EntryPoint","urlTemplate":"https:\/\/funzine.hu\/?s={search_term_string}"},"query-input":{"@type":"PropertyValueSpecification","valueRequired":true,"valueName":"search_term_string"}}],"inLanguage":"sl-SI"},{"@type":"Person","@id":"https:\/\/funzine.hu\/#\/schema\/person\/f3864a88f41183e8c3af70534ac28bb4","name":"Bodn\u00e1r Zsuzsa","image":{"@type":"ImageObject","inLanguage":"sl-SI","@id":"https:\/\/secure.gravatar.com\/avatar\/3dac04a042bfb0c015d0f893ef5eb9cca9d966bb5795039862dafd8d2ab5d410?s=96&d=mm&r=g","url":"https:\/\/secure.gravatar.com\/avatar\/3dac04a042bfb0c015d0f893ef5eb9cca9d966bb5795039862dafd8d2ab5d410?s=96&d=mm&r=g","contentUrl":"https:\/\/secure.gravatar.com\/avatar\/3dac04a042bfb0c015d0f893ef5eb9cca9d966bb5795039862dafd8d2ab5d410?s=96&d=mm&r=g","caption":"Bodn\u00e1r Zsuzsa"},"url":"https:\/\/funzine.hu\/sl\/author\/bodnar-zsuzsa-1984\/"}]}},"amp_enabled":true,"_links":{"self":[{"href":"https:\/\/funzine.hu\/sl\/wp-json\/wp\/v2\/posts\/611029","targetHints":{"allow":["GET"]}}],"collection":[{"href":"https:\/\/funzine.hu\/sl\/wp-json\/wp\/v2\/posts"}],"about":[{"href":"https:\/\/funzine.hu\/sl\/wp-json\/wp\/v2\/types\/post"}],"author":[{"embeddable":true,"href":"https:\/\/funzine.hu\/sl\/wp-json\/wp\/v2\/users\/391"}],"replies":[{"embeddable":true,"href":"https:\/\/funzine.hu\/sl\/wp-json\/wp\/v2\/comments?post=611029"}],"version-history":[{"count":1,"href":"https:\/\/funzine.hu\/sl\/wp-json\/wp\/v2\/posts\/611029\/revisions"}],"predecessor-version":[{"id":611032,"href":"https:\/\/funzine.hu\/sl\/wp-json\/wp\/v2\/posts\/611029\/revisions\/611032"}],"wp:featuredmedia":[{"embeddable":true,"href":"https:\/\/funzine.hu\/sl\/wp-json\/wp\/v2\/media\/611031"}],"wp:attachment":[{"href":"https:\/\/funzine.hu\/sl\/wp-json\/wp\/v2\/media?parent=611029"}],"wp:term":[{"taxonomy":"category","embeddable":true,"href":"https:\/\/funzine.hu\/sl\/wp-json\/wp\/v2\/categories?post=611029"},{"taxonomy":"post_tag","embeddable":true,"href":"https:\/\/funzine.hu\/sl\/wp-json\/wp\/v2\/tags?post=611029"},{"taxonomy":"post_places","embeddable":true,"href":"https:\/\/funzine.hu\/sl\/wp-json\/wp\/v2\/post_places?post=611029"}],"curies":[{"name":"wp","href":"https:\/\/api.w.org\/{rel}","templated":true}]}}