{"id":611018,"date":"2025-09-17T12:41:56","date_gmt":"2025-09-17T10:41:56","guid":{"rendered":"https:\/\/funzine.hu\/?p=611018"},"modified":"2025-09-17T12:41:56","modified_gmt":"2025-09-17T10:41:56","slug":"razkrito-je-kdo-bo-letos-glavni-junak-pravljicnega-svetlobnega-kraljestva-vrta-luci-vrt-luci-2025-prihaja","status":"publish","type":"post","link":"https:\/\/funzine.hu\/sl\/2025\/09\/17\/potovanje\/razkrito-je-kdo-bo-letos-glavni-junak-pravljicnega-svetlobnega-kraljestva-vrta-luci-vrt-luci-2025-prihaja\/","title":{"rendered":"Razkrito je, kdo bo letos glavni junak pravlji\u010dnega svetlobnega kraljestva Vrta lu\u010di Vrt lu\u010di 2025 prihaja!"},"content":{"rendered":"<p>Na veliko veselje dru\u017ein in ljubiteljev romanti\u010dnih programov bo Vrt lu\u010di ELTE letos oktobra znova napolnjen s sijajem, ki bo zagotovo pozlatil na\u0161e vse bolj temne ve\u010dere.<\/p>\n<p>Letos so se v botani\u010dni vrt \u0161tevilka ena v prestolnici \u017ee tretje leto zapored preselila pravlji\u010dna bitja. Po \u010darobni Ali\u010dini \u010dude\u017eni de\u017eeli so nam nostalgi\u010den nasmeh na obraz narisali o\u010darljivi \u0161kratje Aprajafalva.<\/p>\n<p>Najnovej\u0161a sr\u010dna zgodba priljubljene multimedijske in svetlobne razstave Vrta lu\u010di nas bo letos popeljala vse do Nikollandije, kjer bomo lahko spremljali dogodiv\u0161\u010dine nagajivega de\u010dka Petra Pana. Med ble\u0161\u010de\u010dim sprehodom lahko sre\u010damo morske deklice, vile, Indijance in pirate ter morda celo izvemo skrivnost ve\u010dne mladosti.<\/p>\n<figure id=\"attachment_611019\" aria-describedby=\"caption-attachment-611019\" style=\"width: 850px\" class=\"wp-caption aligncenter\"><img decoding=\"async\" class=\"size-funzine-large wp-image-611019\" src=\"https:\/\/funzine.hu\/wp-content\/uploads\/2025\/09\/szeged-hungary-699629_1280-1200x900.jpg\" alt=\"\" width=\"850\" height=\"638\" srcset=\"https:\/\/funzine.hu\/wp-content\/uploads\/2025\/09\/szeged-hungary-699629_1280-1200x900.jpg 1200w, https:\/\/funzine.hu\/wp-content\/uploads\/2025\/09\/szeged-hungary-699629_1280-300x225.jpg 300w, https:\/\/funzine.hu\/wp-content\/uploads\/2025\/09\/szeged-hungary-699629_1280-1024x768.jpg 1024w, https:\/\/funzine.hu\/wp-content\/uploads\/2025\/09\/szeged-hungary-699629_1280-768x576.jpg 768w, https:\/\/funzine.hu\/wp-content\/uploads\/2025\/09\/szeged-hungary-699629_1280-500x375.jpg 500w, https:\/\/funzine.hu\/wp-content\/uploads\/2025\/09\/szeged-hungary-699629_1280.jpg 1280w\" sizes=\"(max-width: 850px) 100vw, 850px\" \/><figcaption id=\"caption-attachment-611019\" class=\"wp-caption-text\">ilustracija &#8211; pixabay.com<\/figcaption><\/figure>\n<p>Nadaljnja obvestila o natan\u010dnem odprtju in informacijah o vstopnicah pri\u010dakujemo na Facebook strani Botani\u010dnega vrta ELTE.<\/p>\n","protected":false},"excerpt":{"rendered":"<p>Na veliko veselje dru\u017ein in ljubiteljev romanti\u010dnih programov bo Vrt lu\u010di ELTE letos oktobra znova<\/p>\n","protected":false},"author":391,"featured_media":611019,"comment_status":"closed","ping_status":"closed","sticky":false,"template":"","format":"standard","meta":{"_acf_changed":false,"wprm-recipe-roundup-name":"","wprm-recipe-roundup-description":"","ngg_post_thumbnail":0,"footnotes":""},"categories":[14345],"tags":[],"post_places":[],"class_list":["post-611018","post","type-post","status-publish","format-standard","has-post-thumbnail","hentry","category-potovanje"],"acf":{"connected_places":"","del_image":""},"yoast_head":"<!-- This site is optimized with the Yoast SEO plugin v27.2 - https:\/\/yoast.com\/product\/yoast-seo-wordpress\/ -->\n<title>Razkrito je, kdo bo letos glavni junak pravlji\u010dnega svetlobnega kraljestva Vrta lu\u010di Vrt lu\u010di 2025 prihaja!<\/title>\n<meta name=\"robots\" content=\"index, follow, max-snippet:-1, max-image-preview:large, max-video-preview:-1\" \/>\n<link rel=\"canonical\" href=\"https:\/\/funzine.hu\/sl\/2025\/09\/17\/potovanje\/razkrito-je-kdo-bo-letos-glavni-junak-pravljicnega-svetlobnega-kraljestva-vrta-luci-vrt-luci-2025-prihaja\/\" \/>\n<meta property=\"og:locale\" content=\"sl_SI\" \/>\n<meta property=\"og:type\" content=\"article\" \/>\n<meta property=\"og:title\" content=\"Razkrito je, kdo bo letos glavni junak pravlji\u010dnega svetlobnega kraljestva Vrta lu\u010di Vrt lu\u010di 2025 prihaja!\" \/>\n<meta property=\"og:description\" content=\"Na veliko veselje dru\u017ein in ljubiteljev romanti\u010dnih programov bo Vrt lu\u010di ELTE letos oktobra znova\" \/>\n<meta property=\"og:url\" content=\"https:\/\/funzine.hu\/sl\/2025\/09\/17\/potovanje\/razkrito-je-kdo-bo-letos-glavni-junak-pravljicnega-svetlobnega-kraljestva-vrta-luci-vrt-luci-2025-prihaja\/\" \/>\n<meta property=\"og:site_name\" content=\"Funzine\" \/>\n<meta property=\"article:publisher\" content=\"https:\/\/www.facebook.com\/funzine\/\" \/>\n<meta property=\"article:published_time\" content=\"2025-09-17T10:41:56+00:00\" \/>\n<meta property=\"og:image\" content=\"https:\/\/funzine.hu\/wp-content\/uploads\/2025\/09\/szeged-hungary-699629_1280.jpg\" \/>\n\t<meta property=\"og:image:width\" content=\"1280\" \/>\n\t<meta property=\"og:image:height\" content=\"960\" \/>\n\t<meta property=\"og:image:type\" content=\"image\/jpeg\" \/>\n<meta name=\"author\" content=\"Bodn\u00e1r Zsuzsa\" \/>\n<meta name=\"twitter:card\" content=\"summary_large_image\" \/>\n<meta name=\"twitter:creator\" content=\"@funzine\" \/>\n<meta name=\"twitter:site\" content=\"@funzine\" \/>\n<meta name=\"twitter:label1\" content=\"Written by\" \/>\n\t<meta name=\"twitter:data1\" content=\"Bodn\u00e1r Zsuzsa\" \/>\n\t<meta name=\"twitter:label2\" content=\"Est. reading time\" \/>\n\t<meta name=\"twitter:data2\" content=\"2 minuti\" \/>\n<script type=\"application\/ld+json\" class=\"yoast-schema-graph\">{\"@context\":\"https:\/\/schema.org\",\"@graph\":[{\"@type\":\"NewsArticle\",\"@id\":\"https:\/\/funzine.hu\/sl\/2025\/09\/17\/potovanje\/razkrito-je-kdo-bo-letos-glavni-junak-pravljicnega-svetlobnega-kraljestva-vrta-luci-vrt-luci-2025-prihaja\/#article\",\"isPartOf\":{\"@id\":\"https:\/\/funzine.hu\/sl\/2025\/09\/17\/potovanje\/razkrito-je-kdo-bo-letos-glavni-junak-pravljicnega-svetlobnega-kraljestva-vrta-luci-vrt-luci-2025-prihaja\/\"},\"author\":{\"name\":\"Bodn\u00e1r Zsuzsa\",\"@id\":\"https:\/\/funzine.hu\/#\/schema\/person\/f3864a88f41183e8c3af70534ac28bb4\"},\"headline\":\"Razkrito je, kdo bo letos glavni junak pravlji\u010dnega svetlobnega kraljestva Vrta lu\u010di Vrt lu\u010di 2025 prihaja!\",\"datePublished\":\"2025-09-17T10:41:56+00:00\",\"mainEntityOfPage\":{\"@id\":\"https:\/\/funzine.hu\/sl\/2025\/09\/17\/potovanje\/razkrito-je-kdo-bo-letos-glavni-junak-pravljicnega-svetlobnega-kraljestva-vrta-luci-vrt-luci-2025-prihaja\/\"},\"wordCount\":172,\"image\":{\"@id\":\"https:\/\/funzine.hu\/sl\/2025\/09\/17\/potovanje\/razkrito-je-kdo-bo-letos-glavni-junak-pravljicnega-svetlobnega-kraljestva-vrta-luci-vrt-luci-2025-prihaja\/#primaryimage\"},\"thumbnailUrl\":\"https:\/\/funzine.hu\/wp-content\/uploads\/2025\/09\/szeged-hungary-699629_1280.jpg\",\"articleSection\":[\"Potovanje\"],\"inLanguage\":\"sl-SI\"},{\"@type\":\"WebPage\",\"@id\":\"https:\/\/funzine.hu\/sl\/2025\/09\/17\/potovanje\/razkrito-je-kdo-bo-letos-glavni-junak-pravljicnega-svetlobnega-kraljestva-vrta-luci-vrt-luci-2025-prihaja\/\",\"url\":\"https:\/\/funzine.hu\/sl\/2025\/09\/17\/potovanje\/razkrito-je-kdo-bo-letos-glavni-junak-pravljicnega-svetlobnega-kraljestva-vrta-luci-vrt-luci-2025-prihaja\/\",\"name\":\"Razkrito je, kdo bo letos glavni junak pravlji\u010dnega svetlobnega kraljestva Vrta lu\u010di Vrt lu\u010di 2025 prihaja!\",\"isPartOf\":{\"@id\":\"https:\/\/funzine.hu\/#website\"},\"primaryImageOfPage\":{\"@id\":\"https:\/\/funzine.hu\/sl\/2025\/09\/17\/potovanje\/razkrito-je-kdo-bo-letos-glavni-junak-pravljicnega-svetlobnega-kraljestva-vrta-luci-vrt-luci-2025-prihaja\/#primaryimage\"},\"image\":{\"@id\":\"https:\/\/funzine.hu\/sl\/2025\/09\/17\/potovanje\/razkrito-je-kdo-bo-letos-glavni-junak-pravljicnega-svetlobnega-kraljestva-vrta-luci-vrt-luci-2025-prihaja\/#primaryimage\"},\"thumbnailUrl\":\"https:\/\/funzine.hu\/wp-content\/uploads\/2025\/09\/szeged-hungary-699629_1280.jpg\",\"datePublished\":\"2025-09-17T10:41:56+00:00\",\"author\":{\"@id\":\"https:\/\/funzine.hu\/#\/schema\/person\/f3864a88f41183e8c3af70534ac28bb4\"},\"breadcrumb\":{\"@id\":\"https:\/\/funzine.hu\/sl\/2025\/09\/17\/potovanje\/razkrito-je-kdo-bo-letos-glavni-junak-pravljicnega-svetlobnega-kraljestva-vrta-luci-vrt-luci-2025-prihaja\/#breadcrumb\"},\"inLanguage\":\"sl-SI\",\"potentialAction\":[{\"@type\":\"ReadAction\",\"target\":[\"https:\/\/funzine.hu\/sl\/2025\/09\/17\/potovanje\/razkrito-je-kdo-bo-letos-glavni-junak-pravljicnega-svetlobnega-kraljestva-vrta-luci-vrt-luci-2025-prihaja\/\"]}]},{\"@type\":\"ImageObject\",\"inLanguage\":\"sl-SI\",\"@id\":\"https:\/\/funzine.hu\/sl\/2025\/09\/17\/potovanje\/razkrito-je-kdo-bo-letos-glavni-junak-pravljicnega-svetlobnega-kraljestva-vrta-luci-vrt-luci-2025-prihaja\/#primaryimage\",\"url\":\"https:\/\/funzine.hu\/wp-content\/uploads\/2025\/09\/szeged-hungary-699629_1280.jpg\",\"contentUrl\":\"https:\/\/funzine.hu\/wp-content\/uploads\/2025\/09\/szeged-hungary-699629_1280.jpg\",\"width\":1280,\"height\":960,\"caption\":\"ilustracija - pixabay.com\"},{\"@type\":\"BreadcrumbList\",\"@id\":\"https:\/\/funzine.hu\/sl\/2025\/09\/17\/potovanje\/razkrito-je-kdo-bo-letos-glavni-junak-pravljicnega-svetlobnega-kraljestva-vrta-luci-vrt-luci-2025-prihaja\/#breadcrumb\",\"itemListElement\":[{\"@type\":\"ListItem\",\"position\":1,\"name\":\"Home\",\"item\":\"https:\/\/funzine.hu\/sl\/\"},{\"@type\":\"ListItem\",\"position\":2,\"name\":\"Razkrito je, kdo bo letos glavni junak pravlji\u010dnega svetlobnega kraljestva Vrta lu\u010di Vrt lu\u010di 2025 prihaja!\"}]},{\"@type\":\"WebSite\",\"@id\":\"https:\/\/funzine.hu\/#website\",\"url\":\"https:\/\/funzine.hu\/\",\"name\":\"Funzine\",\"description\":\"\",\"potentialAction\":[{\"@type\":\"SearchAction\",\"target\":{\"@type\":\"EntryPoint\",\"urlTemplate\":\"https:\/\/funzine.hu\/?s={search_term_string}\"},\"query-input\":{\"@type\":\"PropertyValueSpecification\",\"valueRequired\":true,\"valueName\":\"search_term_string\"}}],\"inLanguage\":\"sl-SI\"},{\"@type\":\"Person\",\"@id\":\"https:\/\/funzine.hu\/#\/schema\/person\/f3864a88f41183e8c3af70534ac28bb4\",\"name\":\"Bodn\u00e1r Zsuzsa\",\"image\":{\"@type\":\"ImageObject\",\"inLanguage\":\"sl-SI\",\"@id\":\"https:\/\/secure.gravatar.com\/avatar\/3dac04a042bfb0c015d0f893ef5eb9cca9d966bb5795039862dafd8d2ab5d410?s=96&d=mm&r=g\",\"url\":\"https:\/\/secure.gravatar.com\/avatar\/3dac04a042bfb0c015d0f893ef5eb9cca9d966bb5795039862dafd8d2ab5d410?s=96&d=mm&r=g\",\"contentUrl\":\"https:\/\/secure.gravatar.com\/avatar\/3dac04a042bfb0c015d0f893ef5eb9cca9d966bb5795039862dafd8d2ab5d410?s=96&d=mm&r=g\",\"caption\":\"Bodn\u00e1r Zsuzsa\"},\"url\":\"https:\/\/funzine.hu\/sl\/author\/bodnar-zsuzsa-1984\/\"}]}<\/script>\n<!-- \/ Yoast SEO plugin. -->","yoast_head_json":{"title":"Razkrito je, kdo bo letos glavni junak pravlji\u010dnega svetlobnega kraljestva Vrta lu\u010di Vrt lu\u010di 2025 prihaja!","robots":{"index":"index","follow":"follow","max-snippet":"max-snippet:-1","max-image-preview":"max-image-preview:large","max-video-preview":"max-video-preview:-1"},"canonical":"https:\/\/funzine.hu\/sl\/2025\/09\/17\/potovanje\/razkrito-je-kdo-bo-letos-glavni-junak-pravljicnega-svetlobnega-kraljestva-vrta-luci-vrt-luci-2025-prihaja\/","og_locale":"sl_SI","og_type":"article","og_title":"Razkrito je, kdo bo letos glavni junak pravlji\u010dnega svetlobnega kraljestva Vrta lu\u010di Vrt lu\u010di 2025 prihaja!","og_description":"Na veliko veselje dru\u017ein in ljubiteljev romanti\u010dnih programov bo Vrt lu\u010di ELTE letos oktobra znova","og_url":"https:\/\/funzine.hu\/sl\/2025\/09\/17\/potovanje\/razkrito-je-kdo-bo-letos-glavni-junak-pravljicnega-svetlobnega-kraljestva-vrta-luci-vrt-luci-2025-prihaja\/","og_site_name":"Funzine","article_publisher":"https:\/\/www.facebook.com\/funzine\/","article_published_time":"2025-09-17T10:41:56+00:00","og_image":[{"width":1280,"height":960,"url":"https:\/\/funzine.hu\/wp-content\/uploads\/2025\/09\/szeged-hungary-699629_1280.jpg","type":"image\/jpeg"}],"author":"Bodn\u00e1r Zsuzsa","twitter_card":"summary_large_image","twitter_creator":"@funzine","twitter_site":"@funzine","twitter_misc":{"Written by":"Bodn\u00e1r Zsuzsa","Est. reading time":"2 minuti"},"schema":{"@context":"https:\/\/schema.org","@graph":[{"@type":"NewsArticle","@id":"https:\/\/funzine.hu\/sl\/2025\/09\/17\/potovanje\/razkrito-je-kdo-bo-letos-glavni-junak-pravljicnega-svetlobnega-kraljestva-vrta-luci-vrt-luci-2025-prihaja\/#article","isPartOf":{"@id":"https:\/\/funzine.hu\/sl\/2025\/09\/17\/potovanje\/razkrito-je-kdo-bo-letos-glavni-junak-pravljicnega-svetlobnega-kraljestva-vrta-luci-vrt-luci-2025-prihaja\/"},"author":{"name":"Bodn\u00e1r Zsuzsa","@id":"https:\/\/funzine.hu\/#\/schema\/person\/f3864a88f41183e8c3af70534ac28bb4"},"headline":"Razkrito je, kdo bo letos glavni junak pravlji\u010dnega svetlobnega kraljestva Vrta lu\u010di Vrt lu\u010di 2025 prihaja!","datePublished":"2025-09-17T10:41:56+00:00","mainEntityOfPage":{"@id":"https:\/\/funzine.hu\/sl\/2025\/09\/17\/potovanje\/razkrito-je-kdo-bo-letos-glavni-junak-pravljicnega-svetlobnega-kraljestva-vrta-luci-vrt-luci-2025-prihaja\/"},"wordCount":172,"image":{"@id":"https:\/\/funzine.hu\/sl\/2025\/09\/17\/potovanje\/razkrito-je-kdo-bo-letos-glavni-junak-pravljicnega-svetlobnega-kraljestva-vrta-luci-vrt-luci-2025-prihaja\/#primaryimage"},"thumbnailUrl":"https:\/\/funzine.hu\/wp-content\/uploads\/2025\/09\/szeged-hungary-699629_1280.jpg","articleSection":["Potovanje"],"inLanguage":"sl-SI"},{"@type":"WebPage","@id":"https:\/\/funzine.hu\/sl\/2025\/09\/17\/potovanje\/razkrito-je-kdo-bo-letos-glavni-junak-pravljicnega-svetlobnega-kraljestva-vrta-luci-vrt-luci-2025-prihaja\/","url":"https:\/\/funzine.hu\/sl\/2025\/09\/17\/potovanje\/razkrito-je-kdo-bo-letos-glavni-junak-pravljicnega-svetlobnega-kraljestva-vrta-luci-vrt-luci-2025-prihaja\/","name":"Razkrito je, kdo bo letos glavni junak pravlji\u010dnega svetlobnega kraljestva Vrta lu\u010di Vrt lu\u010di 2025 prihaja!","isPartOf":{"@id":"https:\/\/funzine.hu\/#website"},"primaryImageOfPage":{"@id":"https:\/\/funzine.hu\/sl\/2025\/09\/17\/potovanje\/razkrito-je-kdo-bo-letos-glavni-junak-pravljicnega-svetlobnega-kraljestva-vrta-luci-vrt-luci-2025-prihaja\/#primaryimage"},"image":{"@id":"https:\/\/funzine.hu\/sl\/2025\/09\/17\/potovanje\/razkrito-je-kdo-bo-letos-glavni-junak-pravljicnega-svetlobnega-kraljestva-vrta-luci-vrt-luci-2025-prihaja\/#primaryimage"},"thumbnailUrl":"https:\/\/funzine.hu\/wp-content\/uploads\/2025\/09\/szeged-hungary-699629_1280.jpg","datePublished":"2025-09-17T10:41:56+00:00","author":{"@id":"https:\/\/funzine.hu\/#\/schema\/person\/f3864a88f41183e8c3af70534ac28bb4"},"breadcrumb":{"@id":"https:\/\/funzine.hu\/sl\/2025\/09\/17\/potovanje\/razkrito-je-kdo-bo-letos-glavni-junak-pravljicnega-svetlobnega-kraljestva-vrta-luci-vrt-luci-2025-prihaja\/#breadcrumb"},"inLanguage":"sl-SI","potentialAction":[{"@type":"ReadAction","target":["https:\/\/funzine.hu\/sl\/2025\/09\/17\/potovanje\/razkrito-je-kdo-bo-letos-glavni-junak-pravljicnega-svetlobnega-kraljestva-vrta-luci-vrt-luci-2025-prihaja\/"]}]},{"@type":"ImageObject","inLanguage":"sl-SI","@id":"https:\/\/funzine.hu\/sl\/2025\/09\/17\/potovanje\/razkrito-je-kdo-bo-letos-glavni-junak-pravljicnega-svetlobnega-kraljestva-vrta-luci-vrt-luci-2025-prihaja\/#primaryimage","url":"https:\/\/funzine.hu\/wp-content\/uploads\/2025\/09\/szeged-hungary-699629_1280.jpg","contentUrl":"https:\/\/funzine.hu\/wp-content\/uploads\/2025\/09\/szeged-hungary-699629_1280.jpg","width":1280,"height":960,"caption":"ilustracija - pixabay.com"},{"@type":"BreadcrumbList","@id":"https:\/\/funzine.hu\/sl\/2025\/09\/17\/potovanje\/razkrito-je-kdo-bo-letos-glavni-junak-pravljicnega-svetlobnega-kraljestva-vrta-luci-vrt-luci-2025-prihaja\/#breadcrumb","itemListElement":[{"@type":"ListItem","position":1,"name":"Home","item":"https:\/\/funzine.hu\/sl\/"},{"@type":"ListItem","position":2,"name":"Razkrito je, kdo bo letos glavni junak pravlji\u010dnega svetlobnega kraljestva Vrta lu\u010di Vrt lu\u010di 2025 prihaja!"}]},{"@type":"WebSite","@id":"https:\/\/funzine.hu\/#website","url":"https:\/\/funzine.hu\/","name":"Funzine","description":"","potentialAction":[{"@type":"SearchAction","target":{"@type":"EntryPoint","urlTemplate":"https:\/\/funzine.hu\/?s={search_term_string}"},"query-input":{"@type":"PropertyValueSpecification","valueRequired":true,"valueName":"search_term_string"}}],"inLanguage":"sl-SI"},{"@type":"Person","@id":"https:\/\/funzine.hu\/#\/schema\/person\/f3864a88f41183e8c3af70534ac28bb4","name":"Bodn\u00e1r Zsuzsa","image":{"@type":"ImageObject","inLanguage":"sl-SI","@id":"https:\/\/secure.gravatar.com\/avatar\/3dac04a042bfb0c015d0f893ef5eb9cca9d966bb5795039862dafd8d2ab5d410?s=96&d=mm&r=g","url":"https:\/\/secure.gravatar.com\/avatar\/3dac04a042bfb0c015d0f893ef5eb9cca9d966bb5795039862dafd8d2ab5d410?s=96&d=mm&r=g","contentUrl":"https:\/\/secure.gravatar.com\/avatar\/3dac04a042bfb0c015d0f893ef5eb9cca9d966bb5795039862dafd8d2ab5d410?s=96&d=mm&r=g","caption":"Bodn\u00e1r Zsuzsa"},"url":"https:\/\/funzine.hu\/sl\/author\/bodnar-zsuzsa-1984\/"}]}},"amp_enabled":true,"_links":{"self":[{"href":"https:\/\/funzine.hu\/sl\/wp-json\/wp\/v2\/posts\/611018","targetHints":{"allow":["GET"]}}],"collection":[{"href":"https:\/\/funzine.hu\/sl\/wp-json\/wp\/v2\/posts"}],"about":[{"href":"https:\/\/funzine.hu\/sl\/wp-json\/wp\/v2\/types\/post"}],"author":[{"embeddable":true,"href":"https:\/\/funzine.hu\/sl\/wp-json\/wp\/v2\/users\/391"}],"replies":[{"embeddable":true,"href":"https:\/\/funzine.hu\/sl\/wp-json\/wp\/v2\/comments?post=611018"}],"version-history":[{"count":1,"href":"https:\/\/funzine.hu\/sl\/wp-json\/wp\/v2\/posts\/611018\/revisions"}],"predecessor-version":[{"id":611020,"href":"https:\/\/funzine.hu\/sl\/wp-json\/wp\/v2\/posts\/611018\/revisions\/611020"}],"wp:featuredmedia":[{"embeddable":true,"href":"https:\/\/funzine.hu\/sl\/wp-json\/wp\/v2\/media\/611019"}],"wp:attachment":[{"href":"https:\/\/funzine.hu\/sl\/wp-json\/wp\/v2\/media?parent=611018"}],"wp:term":[{"taxonomy":"category","embeddable":true,"href":"https:\/\/funzine.hu\/sl\/wp-json\/wp\/v2\/categories?post=611018"},{"taxonomy":"post_tag","embeddable":true,"href":"https:\/\/funzine.hu\/sl\/wp-json\/wp\/v2\/tags?post=611018"},{"taxonomy":"post_places","embeddable":true,"href":"https:\/\/funzine.hu\/sl\/wp-json\/wp\/v2\/post_places?post=611018"}],"curies":[{"name":"wp","href":"https:\/\/api.w.org\/{rel}","templated":true}]}}