{"id":610748,"date":"2025-09-11T15:46:25","date_gmt":"2025-09-11T13:46:25","guid":{"rendered":"https:\/\/funzine.hu\/?p=610748"},"modified":"2025-09-11T15:46:25","modified_gmt":"2025-09-11T13:46:25","slug":"tukaj-so-najboljsi-programi-tega-tedna-na-obali-blatnega-jezera-od-3-do-7-septembra-2025","status":"publish","type":"post","link":"https:\/\/funzine.hu\/sl\/2025\/09\/11\/potovanje\/tukaj-so-najboljsi-programi-tega-tedna-na-obali-blatnega-jezera-od-3-do-7-septembra-2025\/","title":{"rendered":"Tukaj so najbolj\u0161i programi tega tedna na obali Blatnega jezera \u2013 od 3. do 7. septembra 2025."},"content":{"rendered":"<p>Prvi teden septembra je poln vznemirljivih mo\u017enosti programa za vas okoli Blatnega jezera, pa naj gre za gastronomska do\u017eivetja, oglede, koncerte ali gledali\u0161\u010de. Eno je gotovo, ne smete zamuditi nobenega od njih!<\/p>\n<p>Orgelski koncerti \/\/ H\u00e9v\u00edz (3. september 2025)<br \/>\nOb sredah zve\u010der skozi ves september bo cerkev Svetega Duha v H\u00e9v\u00edzu napolnjena z zvokom veli\u010dastnih orgel, na katerih bo igral organist Mikl\u00f3s Teleki in bo navdu\u0161il svoje ob\u010dinstvo.<\/p>\n<figure id=\"attachment_610749\" aria-describedby=\"caption-attachment-610749\" style=\"width: 850px\" class=\"wp-caption aligncenter\"><img decoding=\"async\" class=\"size-funzine-large wp-image-610749\" src=\"https:\/\/funzine.hu\/wp-content\/uploads\/2025\/09\/water-201721_1280-1200x800.jpg\" alt=\"\" width=\"850\" height=\"567\" srcset=\"https:\/\/funzine.hu\/wp-content\/uploads\/2025\/09\/water-201721_1280-1200x800.jpg 1200w, https:\/\/funzine.hu\/wp-content\/uploads\/2025\/09\/water-201721_1280-300x200.jpg 300w, https:\/\/funzine.hu\/wp-content\/uploads\/2025\/09\/water-201721_1280-1024x682.jpg 1024w, https:\/\/funzine.hu\/wp-content\/uploads\/2025\/09\/water-201721_1280-768x512.jpg 768w, https:\/\/funzine.hu\/wp-content\/uploads\/2025\/09\/water-201721_1280-360x240.jpg 360w, https:\/\/funzine.hu\/wp-content\/uploads\/2025\/09\/water-201721_1280.jpg 1280w\" sizes=\"(max-width: 850px) 100vw, 850px\" \/><figcaption id=\"caption-attachment-610749\" class=\"wp-caption-text\">ilustracija &#8211; pixabay.com<\/figcaption><\/figure>\n<p>Bratje na\u0161e Zemlje: Planeti v Oson\u010dju \u2013 Predstavitev astronoma L\u00e1szl\u00f3a Kissa \/\/ Balatongy\u00f6r\u00f6k (4. september 2025)<br \/>\nTokrat si bo astronom L\u00e1szl\u00f3 Kiss podrobneje ogledal \u010dudovite planete Oson\u010dja, s katerimi lahko odkrijete fascinantne skrivnosti vesolja.<\/p>\n<p>Lahkoten sprehod do hriba Badacsony \/\/ Badacsonytomaj (5. september 2025)<br \/>\nTourinform Badacsony organizira lahkoten, skoraj dvourni izlet, med katerim se lahko sprehodimo do R\u00f3zsak\u0151ja in odkrijemo jesensko podobo gore, medtem ko poslu\u0161amo zanimiva dejstva o zgodovini vinske regije, njenih geolo\u0161kih zna\u010dilnostih in z njo povezanih kulturnih osebnostih.<\/p>\n<p>Koncert skupine Bagossy Brothers Company \/\/ Veszpr\u00e9m (5. september 2025)<br \/>\n5. septembra bo Kulturni park Gy\u00e1rkert v Veszpr\u00e9mu napolnjen z \u017eivljenjem in po\u017eivljajo\u010do energijo, saj bo na odru zapela priljubljena skupina Bagossy Brothers Company svoje najbolj znane pesmi. S \u010dlove\u0161kimi besedili indie, alternativne rock skupine, ustanovljene v Transilvaniji, se zlahka poistovetijo tako starej\u0161e kot mlaj\u0161e generacije.<\/p>\n<p>Traccsparti Extra z J\u00e1nosom Kardos-Horv\u00e1thom \/\/ Gyenesdi\u00e1s (5. september 2025)<br \/>\n5. septembra se bomo v Gyenesdi\u00e1su sre\u010dali z J\u00e1nosom Kardos-Horv\u00e1thom, mad\u017earskim pevcem, glasbenikom in tekstopiscem, na vznemirljivi razpravi o glasbi, umetnosti, kulturi in \u017eivljenju za \u017earometi. J\u00e1nos bo imel tudi kratek koncert.<\/p>\n<p>Andr\u00e1s Berecz \u2013 Do medveda! \/\/ Tihany (5. september 2025)<br \/>\n5. septembra bo Andr\u00e1s Berecz, dobitnik Kossuthove nagrade, v sla\u0161\u010di\u010darni Rege v Tihanyju, ki ponuja impresiven in neprimerljiv razgled, imel samostojni ve\u010der in obudil davno pozabljene zgodbe. Eno je gotovo, dober humor in smeh sta zagotovljena!<\/p>\n<p>Gastronomski festival Bakony &amp; Balaton \/\/ Csopak (5.\u20137. september 2025)<br \/>\nTridnevni gastronomski festival Bakony &amp; Balaton med 5. in 7. septembrom na pla\u017ei Csopak pri\u010dakuje ljubitelje gastronomije in kulturnih programov, kjer bodo prvi vikend v mesecu naredili nepozaben s sobo pobega, lutkovnim gledali\u0161\u010dem, raznolikimi glasbenimi programi, kuharskimi in zmajevimi \u010dolni tekmovanji ter plesno dvorano.<\/p>\n<p>Razstava \u010dolnov Balaton \/\/ Balatonkenese (5.\u20137. september 2025)<br \/>\nRazstava \u010dolnov Balaton bo \u017ee 30. potekala med 5. in 7. septembrom v Balatonkeneseju, v pristani\u0161\u010du Kenese Marina. Dogodek je \u017ee desetletja eno najbolj priljubljenih sti\u010di\u0161\u010d za tiste, ki jih zanima doma\u010de \u010dolnarjenje in vodni \u0161porti, v zadnjih letih pa u\u017eiva neomajno priljubljenost.<\/p>\n<p>Popoldanska zabava na hribu sv. Jurija (6. september 2025)<br \/>\nPopoldanska zabava na hribu sv. Jurija, ki poteka na enem najlep\u0161ih opornih to\u010dk Blatnega vi\u0161avja, hribu sv. Jurija, postaja vsako leto vse bolj priljubljena in ponuja odli\u010dne mo\u017enosti za rekreacijo od poldneva do son\u010dnega zahoda ter nepozabne programe. Kaj lahko pri\u010dakujete letos? \u010cakajo vas degustacije vin, ognjene predstave, pikniki, akusti\u010dni koncerti, zeli\u0161\u010dne delavnice in \u0161tevilna druga do\u017eivetja!<\/p>\n<p>XXVI. \u017detvena parada in ples \/\/ Balatonf\u0171zf\u0151 (6. september 2025)<br \/>\nUlice Balatonf\u0171zf\u0151a, ki jih organizira upokojenski klub Csebszalto, bodo 6. septembra napolnjene z \u017eivljenjem, ponovno pa se bosta za\u010dela \u017eetvena parada in ples, ki je vsako leto eden od vrhuncev mesta. Po paradi bodo obiskovalci dele\u017eni \u010dudovite predstave, ki ji bo sledil elektri\u010den ples.<\/p>\n<p>Festival vina in rib \/\/ Balatonbogl\u00e1r (6. september 2025)<br \/>\n6. septembra se bo ponovno razkrilo, kdo ima v Balatonbogl\u00e1rju najbolj\u0161o ribjo juho. Tisti s podjetni\u0161kim duhom lahko svojo namero prijavijo do 2. septembra, nato pa lahko na dan dogodka, od 14. ure dalje, prevzamejo 5-5 kg o\u010di\u0161\u010denih krapov za ekipe. Od razdelitve rib bodo potekali glasbeni programi za vse, ki bi raje u\u017eivali v pripravljenih jedeh. Po razglasitvi rezultatov se bo dogodek zaklju\u010dil z uli\u010dno \u017eogo pod vodstvom dua Creapop.<\/p>\n<p>Kulth\u00e1jo \/\/ Keszthely (6. september 2025)<br \/>\nVsako soboto v septembru se bo ob 10. uri za\u010del program Kulth\u00e1jo, z njim pa tudi ena od nostalgi\u010dnih ladij BAHART, Helka. Med enourno kri\u017earjenjem vas bo zabavala \u010dudovita produkcija glasbene \u0161ole Festetics Gy\u00f6rgy, vpogled v svet muzejev Keszthely pa boste lahko dobili tudi z vznemirljivimi nastopi.<\/p>\n<p>\u017detvene radosti \/\/ Gyenesdi\u00e1s (6. september 2025)<br \/>\n\u010ce je jesen, se za\u010dne \u017eetev, in \u010de je \u017eetev, tudi \u017eetvenih u\u017eitkov ne smete zamuditi! \u017detvene radosti v Gyenesdi\u00e1su se bodo za\u010dele 6. septembra ob 14. uri, kjer se bodo zainteresirani lahko udele\u017eili parade ob \u017eetvi, degustacije mo\u0161ta in vina ter si ogledali razli\u010dne folklorne in glasbene programe.<\/p>\n<p>Najprijaznej\u0161i mo\u017eje na Zemlji \u2013 premiera \/\/ Csopak (6. september 2025)<br \/>\nV organizaciji Pont Csopak si bomo 6. septembra lahko ogledali premierno projekcijo filma Najprijaznej\u0161i mo\u017eje na Zemlji, ki analizira, kak\u0161no je lahko \u017eivljenje danskih mo\u0161kih, ki i\u0161\u010dejo svoje mesto v 21. stoletju na Danskem, ob boku mo\u010dnih, neodvisnih \u017eensk. Zve\u010der bodo izvedli tudi stand-up predstavo, po projekciji pa bo sre\u010danje z ob\u010dinstvom in pogovor z re\u017eiserjem Sebastianom Gerdessom.<\/p>\n<p>Smrt v Benetkah \u2013 performans J\u00e1nosa Kulke \/\/ Balatonf\u00fcred (6. september 2025)<br \/>\nKratko zgodbo Thomasa Manna Smrt v Benetkah si lahko ogledate 6. septembra v kongresnem centru Balatonf\u00fcred v izvedbi Kossutha in J\u00e1szai Mari nagrajenega mad\u017earskega igralca J\u00e1nosa Kulke. Odrsko delo me\u0161a ve\u010d slogov hkrati, performans, zvo\u010dno igro in monodramo, v kateri se nelo\u010dljivo prepletajo \u017eivljenje, gledali\u0161\u010de in literatura.<\/p>\n<p>30Y_25 \/\/ Peter\u2019s Terasz, Balatonakarattya (6. september 2025)<br \/>\n6. septembra bo turneja ob 25. obletnici 30Y prispela v Peter\u2019s Terasz v Balatonakarattya.<\/p>\n<p>B\u00fag\u00f3csiga Retro Party \/\/ Balatonf\u00fcred (6. september 2025)<br \/>\nB\u00fag\u00f3csiga Retro Party 6. septembra organizira prijetno teraso Borh\u00e1z \u00e9s Pizzah\u00e1z, kjer je vstop brezpla\u010den. Okusna hrana in pija\u010da, retro glasba in odli\u010dno vzdu\u0161je so zagotovljeni!<\/p>\n<p>Izlet v mese\u010dini na grad Csob\u00e1nc (6. september 2025)<br \/>\nNepozaben, romanti\u010den izlet v mraku na hribu Csob\u00e1nc, okronanem z gradom.<\/p>\n<p>FinallyFriday! Poseben dnevni tehno + Takkra \/\/ B\u00e1nya Kert, Salf\u00f6ld (6. september 2025)<br \/>\nZaklju\u010dite poletno sezono v B\u00e1nya Kert z bendom Takkra, ki se iz dneva spremeni v no\u010d, FinallyFriday! Posebna tehno zabava.<\/p>\n<p>DJ v vinogradu \/\/ Vinarija Homola, Paloznak (6. september 2025)<br \/>\nSpro\u0161\u010deno popoldne na vrhu hriba, kjer se glasba, vino in sonce ponovno sre\u010dajo. Zvonite z vznemirljivimi jedmi, oku\u0161ajte jedi, pripravljene na ognju, in se prepustite ritmom \u2013 vse do son\u010dnega zahoda.<\/p>\n<p>Zabava Necc \/\/ Veszpr\u00e9m (6. september 2025)<br \/>\n6. septembra bodo v Kulturnem parku Gy\u00e1rkert predvajali znane uspe\u0161nice 90., 2000-ih in 2010-ih, ve\u010der poln zabave in plesa pa se bo za\u010del ob 18. uri.<\/p>\n<p>Gurmanska predstava Move for the tirs! \/\/ S\u00f3ly (7. september 2025)<br \/>\nGurmanska predstava za potni\u0161ki promet v spomin na \u017eelezni\u0161ko progo Hajm\u00e1sk\u00e9r-Leps\u00e9ny, ki je bila zaprta leta 2007, z za\u010detno-ciljno postajo v S\u00f3lyju, z razdaljami 27, 12 in 4 km.<\/p>\n<p>Zvo\u010dni val \/\/ Tihany (7. september 2025)<br \/>\nZvo\u010dni val je poseben program z ladjo in izlet po Blatnem jezeru s tematiko cerkvene zgodovine, ki ga 7. septembra organizira nad\u0161kofija Veszpr\u00e9m. Poleg edinstvenih lepot Blatnega jezera program udele\u017eencem ponuja tudi kulturo in vero, tokrat pa je pripravljen tudi presenetljiv gost.<\/p>\n<p>Vinska tura okoli hriba T\u00f3ti (7. september 2025)<br \/>\nTri vinogradni\u0161ke hribe \u2013 T\u00f3ti, Sabar in \u00d6rsi \u2013 lahko obi\u0161\u010dete po skrivnih poteh, ki jih poznajo le doma\u010dini, in na vsakem hribu obi\u0161\u010dete klet.<\/p>\n<p>Zaklju\u010dni koncert sezone Sickratman \/\/ B\u00e1nya Kert, Salf\u00f6ld (7. september 2025)<br \/>\nDekadentni, apokalipti\u010dni \u0161ansoni, (samo)kriti\u010dni verzi, veliko humorja in improviziranih prehodov: vsak koncert Sickratmana oziroma Mikl\u00f3sa Paizsa je edinstven, briljanten in neponovljiv.<\/p>\n","protected":false},"excerpt":{"rendered":"<p>Prvi teden septembra je poln vznemirljivih mo\u017enosti programa za vas okoli Blatnega jezera, pa naj<\/p>\n","protected":false},"author":391,"featured_media":610749,"comment_status":"closed","ping_status":"closed","sticky":false,"template":"","format":"standard","meta":{"_acf_changed":false,"wprm-recipe-roundup-name":"","wprm-recipe-roundup-description":"","ngg_post_thumbnail":0,"footnotes":""},"categories":[14345],"tags":[],"post_places":[],"class_list":["post-610748","post","type-post","status-publish","format-standard","has-post-thumbnail","hentry","category-potovanje"],"acf":{"connected_places":"","del_image":""},"yoast_head":"<!-- This site is optimized with the Yoast SEO plugin v27.2 - https:\/\/yoast.com\/product\/yoast-seo-wordpress\/ -->\n<title>Tukaj so najbolj\u0161i programi tega tedna na obali Blatnega jezera \u2013 od 3. do 7. septembra 2025.<\/title>\n<meta name=\"robots\" content=\"index, follow, max-snippet:-1, max-image-preview:large, max-video-preview:-1\" \/>\n<link rel=\"canonical\" href=\"https:\/\/funzine.hu\/sl\/2025\/09\/11\/potovanje\/tukaj-so-najboljsi-programi-tega-tedna-na-obali-blatnega-jezera-od-3-do-7-septembra-2025\/\" \/>\n<meta property=\"og:locale\" content=\"sl_SI\" \/>\n<meta property=\"og:type\" content=\"article\" \/>\n<meta property=\"og:title\" content=\"Tukaj so najbolj\u0161i programi tega tedna na obali Blatnega jezera \u2013 od 3. do 7. septembra 2025.\" \/>\n<meta property=\"og:description\" content=\"Prvi teden septembra je poln vznemirljivih mo\u017enosti programa za vas okoli Blatnega jezera, pa naj\" \/>\n<meta property=\"og:url\" content=\"https:\/\/funzine.hu\/sl\/2025\/09\/11\/potovanje\/tukaj-so-najboljsi-programi-tega-tedna-na-obali-blatnega-jezera-od-3-do-7-septembra-2025\/\" \/>\n<meta property=\"og:site_name\" content=\"Funzine\" \/>\n<meta property=\"article:publisher\" content=\"https:\/\/www.facebook.com\/funzine\/\" \/>\n<meta property=\"article:published_time\" content=\"2025-09-11T13:46:25+00:00\" \/>\n<meta property=\"og:image\" content=\"https:\/\/funzine.hu\/wp-content\/uploads\/2025\/09\/water-201721_1280.jpg\" \/>\n\t<meta property=\"og:image:width\" content=\"1280\" \/>\n\t<meta property=\"og:image:height\" content=\"853\" \/>\n\t<meta property=\"og:image:type\" content=\"image\/jpeg\" \/>\n<meta name=\"author\" content=\"Bodn\u00e1r Zsuzsa\" \/>\n<meta name=\"twitter:card\" content=\"summary_large_image\" \/>\n<meta name=\"twitter:creator\" content=\"@funzine\" \/>\n<meta name=\"twitter:site\" content=\"@funzine\" \/>\n<meta name=\"twitter:label1\" content=\"Written by\" \/>\n\t<meta name=\"twitter:data1\" content=\"Bodn\u00e1r Zsuzsa\" \/>\n\t<meta name=\"twitter:label2\" content=\"Est. reading time\" \/>\n\t<meta name=\"twitter:data2\" content=\"7 minut\" \/>\n<script type=\"application\/ld+json\" class=\"yoast-schema-graph\">{\"@context\":\"https:\/\/schema.org\",\"@graph\":[{\"@type\":\"NewsArticle\",\"@id\":\"https:\/\/funzine.hu\/sl\/2025\/09\/11\/potovanje\/tukaj-so-najboljsi-programi-tega-tedna-na-obali-blatnega-jezera-od-3-do-7-septembra-2025\/#article\",\"isPartOf\":{\"@id\":\"https:\/\/funzine.hu\/sl\/2025\/09\/11\/potovanje\/tukaj-so-najboljsi-programi-tega-tedna-na-obali-blatnega-jezera-od-3-do-7-septembra-2025\/\"},\"author\":{\"name\":\"Bodn\u00e1r Zsuzsa\",\"@id\":\"https:\/\/funzine.hu\/#\/schema\/person\/f3864a88f41183e8c3af70534ac28bb4\"},\"headline\":\"Tukaj so najbolj\u0161i programi tega tedna na obali Blatnega jezera \u2013 od 3. do 7. septembra 2025.\",\"datePublished\":\"2025-09-11T13:46:25+00:00\",\"mainEntityOfPage\":{\"@id\":\"https:\/\/funzine.hu\/sl\/2025\/09\/11\/potovanje\/tukaj-so-najboljsi-programi-tega-tedna-na-obali-blatnega-jezera-od-3-do-7-septembra-2025\/\"},\"wordCount\":1259,\"image\":{\"@id\":\"https:\/\/funzine.hu\/sl\/2025\/09\/11\/potovanje\/tukaj-so-najboljsi-programi-tega-tedna-na-obali-blatnega-jezera-od-3-do-7-septembra-2025\/#primaryimage\"},\"thumbnailUrl\":\"https:\/\/funzine.hu\/wp-content\/uploads\/2025\/09\/water-201721_1280.jpg\",\"articleSection\":[\"Potovanje\"],\"inLanguage\":\"sl-SI\"},{\"@type\":\"WebPage\",\"@id\":\"https:\/\/funzine.hu\/sl\/2025\/09\/11\/potovanje\/tukaj-so-najboljsi-programi-tega-tedna-na-obali-blatnega-jezera-od-3-do-7-septembra-2025\/\",\"url\":\"https:\/\/funzine.hu\/sl\/2025\/09\/11\/potovanje\/tukaj-so-najboljsi-programi-tega-tedna-na-obali-blatnega-jezera-od-3-do-7-septembra-2025\/\",\"name\":\"Tukaj so najbolj\u0161i programi tega tedna na obali Blatnega jezera \u2013 od 3. do 7. septembra 2025.\",\"isPartOf\":{\"@id\":\"https:\/\/funzine.hu\/#website\"},\"primaryImageOfPage\":{\"@id\":\"https:\/\/funzine.hu\/sl\/2025\/09\/11\/potovanje\/tukaj-so-najboljsi-programi-tega-tedna-na-obali-blatnega-jezera-od-3-do-7-septembra-2025\/#primaryimage\"},\"image\":{\"@id\":\"https:\/\/funzine.hu\/sl\/2025\/09\/11\/potovanje\/tukaj-so-najboljsi-programi-tega-tedna-na-obali-blatnega-jezera-od-3-do-7-septembra-2025\/#primaryimage\"},\"thumbnailUrl\":\"https:\/\/funzine.hu\/wp-content\/uploads\/2025\/09\/water-201721_1280.jpg\",\"datePublished\":\"2025-09-11T13:46:25+00:00\",\"author\":{\"@id\":\"https:\/\/funzine.hu\/#\/schema\/person\/f3864a88f41183e8c3af70534ac28bb4\"},\"breadcrumb\":{\"@id\":\"https:\/\/funzine.hu\/sl\/2025\/09\/11\/potovanje\/tukaj-so-najboljsi-programi-tega-tedna-na-obali-blatnega-jezera-od-3-do-7-septembra-2025\/#breadcrumb\"},\"inLanguage\":\"sl-SI\",\"potentialAction\":[{\"@type\":\"ReadAction\",\"target\":[\"https:\/\/funzine.hu\/sl\/2025\/09\/11\/potovanje\/tukaj-so-najboljsi-programi-tega-tedna-na-obali-blatnega-jezera-od-3-do-7-septembra-2025\/\"]}]},{\"@type\":\"ImageObject\",\"inLanguage\":\"sl-SI\",\"@id\":\"https:\/\/funzine.hu\/sl\/2025\/09\/11\/potovanje\/tukaj-so-najboljsi-programi-tega-tedna-na-obali-blatnega-jezera-od-3-do-7-septembra-2025\/#primaryimage\",\"url\":\"https:\/\/funzine.hu\/wp-content\/uploads\/2025\/09\/water-201721_1280.jpg\",\"contentUrl\":\"https:\/\/funzine.hu\/wp-content\/uploads\/2025\/09\/water-201721_1280.jpg\",\"width\":1280,\"height\":853,\"caption\":\"ilustracija - pixabay.com\"},{\"@type\":\"BreadcrumbList\",\"@id\":\"https:\/\/funzine.hu\/sl\/2025\/09\/11\/potovanje\/tukaj-so-najboljsi-programi-tega-tedna-na-obali-blatnega-jezera-od-3-do-7-septembra-2025\/#breadcrumb\",\"itemListElement\":[{\"@type\":\"ListItem\",\"position\":1,\"name\":\"Home\",\"item\":\"https:\/\/funzine.hu\/sl\/\"},{\"@type\":\"ListItem\",\"position\":2,\"name\":\"Tukaj so najbolj\u0161i programi tega tedna na obali Blatnega jezera \u2013 od 3. do 7. septembra 2025.\"}]},{\"@type\":\"WebSite\",\"@id\":\"https:\/\/funzine.hu\/#website\",\"url\":\"https:\/\/funzine.hu\/\",\"name\":\"Funzine\",\"description\":\"\",\"potentialAction\":[{\"@type\":\"SearchAction\",\"target\":{\"@type\":\"EntryPoint\",\"urlTemplate\":\"https:\/\/funzine.hu\/?s={search_term_string}\"},\"query-input\":{\"@type\":\"PropertyValueSpecification\",\"valueRequired\":true,\"valueName\":\"search_term_string\"}}],\"inLanguage\":\"sl-SI\"},{\"@type\":\"Person\",\"@id\":\"https:\/\/funzine.hu\/#\/schema\/person\/f3864a88f41183e8c3af70534ac28bb4\",\"name\":\"Bodn\u00e1r Zsuzsa\",\"image\":{\"@type\":\"ImageObject\",\"inLanguage\":\"sl-SI\",\"@id\":\"https:\/\/secure.gravatar.com\/avatar\/3dac04a042bfb0c015d0f893ef5eb9cca9d966bb5795039862dafd8d2ab5d410?s=96&d=mm&r=g\",\"url\":\"https:\/\/secure.gravatar.com\/avatar\/3dac04a042bfb0c015d0f893ef5eb9cca9d966bb5795039862dafd8d2ab5d410?s=96&d=mm&r=g\",\"contentUrl\":\"https:\/\/secure.gravatar.com\/avatar\/3dac04a042bfb0c015d0f893ef5eb9cca9d966bb5795039862dafd8d2ab5d410?s=96&d=mm&r=g\",\"caption\":\"Bodn\u00e1r Zsuzsa\"},\"url\":\"https:\/\/funzine.hu\/sl\/author\/bodnar-zsuzsa-1984\/\"}]}<\/script>\n<!-- \/ Yoast SEO plugin. -->","yoast_head_json":{"title":"Tukaj so najbolj\u0161i programi tega tedna na obali Blatnega jezera \u2013 od 3. do 7. septembra 2025.","robots":{"index":"index","follow":"follow","max-snippet":"max-snippet:-1","max-image-preview":"max-image-preview:large","max-video-preview":"max-video-preview:-1"},"canonical":"https:\/\/funzine.hu\/sl\/2025\/09\/11\/potovanje\/tukaj-so-najboljsi-programi-tega-tedna-na-obali-blatnega-jezera-od-3-do-7-septembra-2025\/","og_locale":"sl_SI","og_type":"article","og_title":"Tukaj so najbolj\u0161i programi tega tedna na obali Blatnega jezera \u2013 od 3. do 7. septembra 2025.","og_description":"Prvi teden septembra je poln vznemirljivih mo\u017enosti programa za vas okoli Blatnega jezera, pa naj","og_url":"https:\/\/funzine.hu\/sl\/2025\/09\/11\/potovanje\/tukaj-so-najboljsi-programi-tega-tedna-na-obali-blatnega-jezera-od-3-do-7-septembra-2025\/","og_site_name":"Funzine","article_publisher":"https:\/\/www.facebook.com\/funzine\/","article_published_time":"2025-09-11T13:46:25+00:00","og_image":[{"width":1280,"height":853,"url":"https:\/\/funzine.hu\/wp-content\/uploads\/2025\/09\/water-201721_1280.jpg","type":"image\/jpeg"}],"author":"Bodn\u00e1r Zsuzsa","twitter_card":"summary_large_image","twitter_creator":"@funzine","twitter_site":"@funzine","twitter_misc":{"Written by":"Bodn\u00e1r Zsuzsa","Est. reading time":"7 minut"},"schema":{"@context":"https:\/\/schema.org","@graph":[{"@type":"NewsArticle","@id":"https:\/\/funzine.hu\/sl\/2025\/09\/11\/potovanje\/tukaj-so-najboljsi-programi-tega-tedna-na-obali-blatnega-jezera-od-3-do-7-septembra-2025\/#article","isPartOf":{"@id":"https:\/\/funzine.hu\/sl\/2025\/09\/11\/potovanje\/tukaj-so-najboljsi-programi-tega-tedna-na-obali-blatnega-jezera-od-3-do-7-septembra-2025\/"},"author":{"name":"Bodn\u00e1r Zsuzsa","@id":"https:\/\/funzine.hu\/#\/schema\/person\/f3864a88f41183e8c3af70534ac28bb4"},"headline":"Tukaj so najbolj\u0161i programi tega tedna na obali Blatnega jezera \u2013 od 3. do 7. septembra 2025.","datePublished":"2025-09-11T13:46:25+00:00","mainEntityOfPage":{"@id":"https:\/\/funzine.hu\/sl\/2025\/09\/11\/potovanje\/tukaj-so-najboljsi-programi-tega-tedna-na-obali-blatnega-jezera-od-3-do-7-septembra-2025\/"},"wordCount":1259,"image":{"@id":"https:\/\/funzine.hu\/sl\/2025\/09\/11\/potovanje\/tukaj-so-najboljsi-programi-tega-tedna-na-obali-blatnega-jezera-od-3-do-7-septembra-2025\/#primaryimage"},"thumbnailUrl":"https:\/\/funzine.hu\/wp-content\/uploads\/2025\/09\/water-201721_1280.jpg","articleSection":["Potovanje"],"inLanguage":"sl-SI"},{"@type":"WebPage","@id":"https:\/\/funzine.hu\/sl\/2025\/09\/11\/potovanje\/tukaj-so-najboljsi-programi-tega-tedna-na-obali-blatnega-jezera-od-3-do-7-septembra-2025\/","url":"https:\/\/funzine.hu\/sl\/2025\/09\/11\/potovanje\/tukaj-so-najboljsi-programi-tega-tedna-na-obali-blatnega-jezera-od-3-do-7-septembra-2025\/","name":"Tukaj so najbolj\u0161i programi tega tedna na obali Blatnega jezera \u2013 od 3. do 7. septembra 2025.","isPartOf":{"@id":"https:\/\/funzine.hu\/#website"},"primaryImageOfPage":{"@id":"https:\/\/funzine.hu\/sl\/2025\/09\/11\/potovanje\/tukaj-so-najboljsi-programi-tega-tedna-na-obali-blatnega-jezera-od-3-do-7-septembra-2025\/#primaryimage"},"image":{"@id":"https:\/\/funzine.hu\/sl\/2025\/09\/11\/potovanje\/tukaj-so-najboljsi-programi-tega-tedna-na-obali-blatnega-jezera-od-3-do-7-septembra-2025\/#primaryimage"},"thumbnailUrl":"https:\/\/funzine.hu\/wp-content\/uploads\/2025\/09\/water-201721_1280.jpg","datePublished":"2025-09-11T13:46:25+00:00","author":{"@id":"https:\/\/funzine.hu\/#\/schema\/person\/f3864a88f41183e8c3af70534ac28bb4"},"breadcrumb":{"@id":"https:\/\/funzine.hu\/sl\/2025\/09\/11\/potovanje\/tukaj-so-najboljsi-programi-tega-tedna-na-obali-blatnega-jezera-od-3-do-7-septembra-2025\/#breadcrumb"},"inLanguage":"sl-SI","potentialAction":[{"@type":"ReadAction","target":["https:\/\/funzine.hu\/sl\/2025\/09\/11\/potovanje\/tukaj-so-najboljsi-programi-tega-tedna-na-obali-blatnega-jezera-od-3-do-7-septembra-2025\/"]}]},{"@type":"ImageObject","inLanguage":"sl-SI","@id":"https:\/\/funzine.hu\/sl\/2025\/09\/11\/potovanje\/tukaj-so-najboljsi-programi-tega-tedna-na-obali-blatnega-jezera-od-3-do-7-septembra-2025\/#primaryimage","url":"https:\/\/funzine.hu\/wp-content\/uploads\/2025\/09\/water-201721_1280.jpg","contentUrl":"https:\/\/funzine.hu\/wp-content\/uploads\/2025\/09\/water-201721_1280.jpg","width":1280,"height":853,"caption":"ilustracija - pixabay.com"},{"@type":"BreadcrumbList","@id":"https:\/\/funzine.hu\/sl\/2025\/09\/11\/potovanje\/tukaj-so-najboljsi-programi-tega-tedna-na-obali-blatnega-jezera-od-3-do-7-septembra-2025\/#breadcrumb","itemListElement":[{"@type":"ListItem","position":1,"name":"Home","item":"https:\/\/funzine.hu\/sl\/"},{"@type":"ListItem","position":2,"name":"Tukaj so najbolj\u0161i programi tega tedna na obali Blatnega jezera \u2013 od 3. do 7. septembra 2025."}]},{"@type":"WebSite","@id":"https:\/\/funzine.hu\/#website","url":"https:\/\/funzine.hu\/","name":"Funzine","description":"","potentialAction":[{"@type":"SearchAction","target":{"@type":"EntryPoint","urlTemplate":"https:\/\/funzine.hu\/?s={search_term_string}"},"query-input":{"@type":"PropertyValueSpecification","valueRequired":true,"valueName":"search_term_string"}}],"inLanguage":"sl-SI"},{"@type":"Person","@id":"https:\/\/funzine.hu\/#\/schema\/person\/f3864a88f41183e8c3af70534ac28bb4","name":"Bodn\u00e1r Zsuzsa","image":{"@type":"ImageObject","inLanguage":"sl-SI","@id":"https:\/\/secure.gravatar.com\/avatar\/3dac04a042bfb0c015d0f893ef5eb9cca9d966bb5795039862dafd8d2ab5d410?s=96&d=mm&r=g","url":"https:\/\/secure.gravatar.com\/avatar\/3dac04a042bfb0c015d0f893ef5eb9cca9d966bb5795039862dafd8d2ab5d410?s=96&d=mm&r=g","contentUrl":"https:\/\/secure.gravatar.com\/avatar\/3dac04a042bfb0c015d0f893ef5eb9cca9d966bb5795039862dafd8d2ab5d410?s=96&d=mm&r=g","caption":"Bodn\u00e1r Zsuzsa"},"url":"https:\/\/funzine.hu\/sl\/author\/bodnar-zsuzsa-1984\/"}]}},"amp_enabled":true,"_links":{"self":[{"href":"https:\/\/funzine.hu\/sl\/wp-json\/wp\/v2\/posts\/610748","targetHints":{"allow":["GET"]}}],"collection":[{"href":"https:\/\/funzine.hu\/sl\/wp-json\/wp\/v2\/posts"}],"about":[{"href":"https:\/\/funzine.hu\/sl\/wp-json\/wp\/v2\/types\/post"}],"author":[{"embeddable":true,"href":"https:\/\/funzine.hu\/sl\/wp-json\/wp\/v2\/users\/391"}],"replies":[{"embeddable":true,"href":"https:\/\/funzine.hu\/sl\/wp-json\/wp\/v2\/comments?post=610748"}],"version-history":[{"count":1,"href":"https:\/\/funzine.hu\/sl\/wp-json\/wp\/v2\/posts\/610748\/revisions"}],"predecessor-version":[{"id":610750,"href":"https:\/\/funzine.hu\/sl\/wp-json\/wp\/v2\/posts\/610748\/revisions\/610750"}],"wp:featuredmedia":[{"embeddable":true,"href":"https:\/\/funzine.hu\/sl\/wp-json\/wp\/v2\/media\/610749"}],"wp:attachment":[{"href":"https:\/\/funzine.hu\/sl\/wp-json\/wp\/v2\/media?parent=610748"}],"wp:term":[{"taxonomy":"category","embeddable":true,"href":"https:\/\/funzine.hu\/sl\/wp-json\/wp\/v2\/categories?post=610748"},{"taxonomy":"post_tag","embeddable":true,"href":"https:\/\/funzine.hu\/sl\/wp-json\/wp\/v2\/tags?post=610748"},{"taxonomy":"post_places","embeddable":true,"href":"https:\/\/funzine.hu\/sl\/wp-json\/wp\/v2\/post_places?post=610748"}],"curies":[{"name":"wp","href":"https:\/\/api.w.org\/{rel}","templated":true}]}}