{"id":610742,"date":"2025-09-11T15:42:51","date_gmt":"2025-09-11T13:42:51","guid":{"rendered":"https:\/\/funzine.hu\/?p=610742"},"modified":"2025-09-11T15:42:51","modified_gmt":"2025-09-11T13:42:51","slug":"5-stvari-ki-jih-lahko-pocnete-v-septembru-da-bo-jesen-nepozabna","status":"publish","type":"post","link":"https:\/\/funzine.hu\/sl\/2025\/09\/11\/potovanje\/5-stvari-ki-jih-lahko-pocnete-v-septembru-da-bo-jesen-nepozabna\/","title":{"rendered":"5 stvari, ki jih lahko po\u010dnete v septembru, da bo jesen nepozabna"},"content":{"rendered":"<p>Narava ponuja fascinantne prizore in vznemirljive pojave v vsakem letnem \u010dasu. Tudi septembrske stvari, ki jih lahko po\u010dnete, ponujajo nepozabna do\u017eivetja, saj je to \u010das jelenjega rjovenja, cvetenja jesenskih trobentic in parjenja netopirjev.<\/p>\n<figure id=\"attachment_610743\" aria-describedby=\"caption-attachment-610743\" style=\"width: 850px\" class=\"wp-caption aligncenter\"><img decoding=\"async\" class=\"size-funzine-large wp-image-610743\" src=\"https:\/\/funzine.hu\/wp-content\/uploads\/2025\/09\/autumn-8367628_1280-1200x1019.jpg\" alt=\"\" width=\"850\" height=\"722\" srcset=\"https:\/\/funzine.hu\/wp-content\/uploads\/2025\/09\/autumn-8367628_1280-1200x1019.jpg 1200w, https:\/\/funzine.hu\/wp-content\/uploads\/2025\/09\/autumn-8367628_1280-300x255.jpg 300w, https:\/\/funzine.hu\/wp-content\/uploads\/2025\/09\/autumn-8367628_1280-1024x870.jpg 1024w, https:\/\/funzine.hu\/wp-content\/uploads\/2025\/09\/autumn-8367628_1280-768x652.jpg 768w, https:\/\/funzine.hu\/wp-content\/uploads\/2025\/09\/autumn-8367628_1280.jpg 1280w\" sizes=\"(max-width: 850px) 100vw, 850px\" \/><figcaption id=\"caption-attachment-610743\" class=\"wp-caption-text\">ilustracija &#8211; pixabay.com<\/figcaption><\/figure>\n<p>Ogledi jelenjega rjovenja z gozdnim parkom Pilis<br \/>\nSezona parjenja jelenov se za\u010dne septembra, spremlja pa jo edinstveno do\u017eivetje jelenjega rjovenja, ki napolni gozdove. Temu izjemnemu dogodku lahko pri\u010da z ogledi gozdnega parka Pilis. Vodeni ogledi se odvijajo v ve\u010d delih dr\u017eave, vklju\u010dno z budimpe\u0161tanskim Vadaskertom, G\u00f6d\u00f6ll\u0151om, Vi\u0161egradom, Valk\u00f3jem in Szentendrejem, tako da lahko od blizu opazujemo paritveni ritual ponosnih jelenov in do\u017eivimo poro\u010dno pesem rjove\u010dih bikov, ki bo zagotovo ostala v trajnem spominu!<\/p>\n<p>Festival bu\u010d v \u0150rs\u00e9gu<br \/>\n\u0150rs\u00e9g vas pri\u010dakuje z neverjetno jesensko sprostitvijo med 20. in 21. septembrom! Dvodnevni programi festivala bu\u010d bodo potekali na ve\u010d lokacijah, tako bodo Szalaf\u0151, Pityerszer in \u0150riszentp\u00e9ter prav tako pripravili barvita do\u017eivetja, v sredi\u0161\u010du katerih bodo bu\u010de. Na Obrtni\u0161kem dvori\u0161\u010du bomo lahko izrezljali svoje unikatne bu\u010de ali izdelali razli\u010dne okraske iz bu\u010d, na Gastro dvori\u0161\u010du pa bomo lahko poskusili bo\u017eanske bu\u010dne in regionalne jedi ali si ogledali, kako poteka tradicionalno stiskanje bu\u010dnega olja, ki ga bomo tudi poskusili. Festival bu\u010d v \u0150rs\u00e9gu bodo dodatno obogatili razli\u010dni koncerti, glasbeni nastopi, poleg tega pa bomo lahko izbirali tudi med odli\u010dnimi izdelki obrtnega sejma.<\/p>\n<p>Netopirjeva poroka v B\u00fckku<br \/>\nNarodni park B\u00fckk vas vabi na vznemirljiv ve\u010derni program, v katerem se bomo 13. septembra v jami blizu Miskolca seznanili z zanimivimi, a manj znanimi sezonskimi aktivnostmi mad\u017earskih vrst netopirjev. Med sezono netopirjevih svatb je za ve\u010d vrst zna\u010dilno, da samci \u010dakajo na samice pri vhodu v jame, v nekaterih primerih pa se pono\u010di lahko pojavijo mno\u017eice netopirjev, ki izvajajo svoje svatbene aktivnosti. Ta pojav lahko opazujemo od blizu med vodenim ogledom in izvemo veliko zanimivih informacij o teh misti\u010dnih malih bitjih.<\/p>\n<p>24 ur v B\u00f6rzs\u00f6nyju z varuhi narave<br \/>\n\u010cudovite pokrajine B\u00f6rzs\u00f6nyja so \u010dudovite tudi podnevi, pono\u010di pa nam pode\u017eelje poka\u017ee nov obraz. 13. septembra bomo imeli prilo\u017enost sprehoditi se po skritih poteh B\u00f6rzs\u00f6nyja, ki jih poznajo le prebivalci B\u00f6rzs\u00f6nyja, spoznati zgodnjo jesen, favno in floro gozda ter nato preno\u010diti pod zvezdnatim nebom. Med ogledom nas bodo po gorskih poteh v son\u010dni svetlobi in svetlobi svetilk vodili naravovarstveniki, ki bodo s svojim strokovnim znanjem zagotovili varne razmere in nas zabavali s \u0161tevilnimi zanimivimi informacijami o tej neverjetni pustolov\u0161\u010dini.<\/p>\n<p>Jesenski izlet odkrivanja trobentic, \u00d3csa<br \/>\nObisk obmo\u010dja \u00d3csa v septembru je nepogre\u0161ljiv program, kjer lahko odkrijemo obraz regije Turj\u00e1n, ki se spu\u0161\u010da v jesen, in smo pri\u010da cvetenju \u0161tevilnih \u010darobnih jesenskih trobentic. Majhne rastline bogatijo bujne, zelene travnate odeje in ponosno dvigajo\u010de se okrasne okraske polj in jas, ki jih obrobljajo drevesa z vijoli\u010dnimi pikami. Poleg ob\u010dudovanja \u010dudovitih cvetov se lahko med ogledom seznanimo tudi z drugimi vrednotami za\u0161\u010ditenega obmo\u010dja krajine ter opazujemo zna\u010dilno favno in floro narodnega parka Duna-Ipoly.<\/p>\n","protected":false},"excerpt":{"rendered":"<p>Narava ponuja fascinantne prizore in vznemirljive pojave v vsakem letnem \u010dasu. Tudi septembrske<\/p>\n","protected":false},"author":391,"featured_media":610743,"comment_status":"closed","ping_status":"closed","sticky":false,"template":"","format":"standard","meta":{"_acf_changed":false,"wprm-recipe-roundup-name":"","wprm-recipe-roundup-description":"","ngg_post_thumbnail":0,"footnotes":""},"categories":[14345],"tags":[],"post_places":[],"class_list":["post-610742","post","type-post","status-publish","format-standard","has-post-thumbnail","hentry","category-potovanje"],"acf":{"connected_places":"","del_image":""},"yoast_head":"<!-- This site is optimized with the Yoast SEO plugin v27.2 - https:\/\/yoast.com\/product\/yoast-seo-wordpress\/ -->\n<title>5 stvari, ki jih lahko po\u010dnete v septembru, da bo jesen nepozabna<\/title>\n<meta name=\"robots\" content=\"index, follow, max-snippet:-1, max-image-preview:large, max-video-preview:-1\" \/>\n<link rel=\"canonical\" href=\"https:\/\/funzine.hu\/sl\/2025\/09\/11\/potovanje\/5-stvari-ki-jih-lahko-pocnete-v-septembru-da-bo-jesen-nepozabna\/\" \/>\n<meta property=\"og:locale\" content=\"sl_SI\" \/>\n<meta property=\"og:type\" content=\"article\" \/>\n<meta property=\"og:title\" content=\"5 stvari, ki jih lahko po\u010dnete v septembru, da bo jesen nepozabna\" \/>\n<meta property=\"og:description\" content=\"Narava ponuja fascinantne prizore in vznemirljive pojave v vsakem letnem \u010dasu. Tudi septembrske\" \/>\n<meta property=\"og:url\" content=\"https:\/\/funzine.hu\/sl\/2025\/09\/11\/potovanje\/5-stvari-ki-jih-lahko-pocnete-v-septembru-da-bo-jesen-nepozabna\/\" \/>\n<meta property=\"og:site_name\" content=\"Funzine\" \/>\n<meta property=\"article:publisher\" content=\"https:\/\/www.facebook.com\/funzine\/\" \/>\n<meta property=\"article:published_time\" content=\"2025-09-11T13:42:51+00:00\" \/>\n<meta property=\"og:image\" content=\"https:\/\/funzine.hu\/wp-content\/uploads\/2025\/09\/autumn-8367628_1280.jpg\" \/>\n\t<meta property=\"og:image:width\" content=\"1280\" \/>\n\t<meta property=\"og:image:height\" content=\"1087\" \/>\n\t<meta property=\"og:image:type\" content=\"image\/jpeg\" \/>\n<meta name=\"author\" content=\"Bodn\u00e1r Zsuzsa\" \/>\n<meta name=\"twitter:card\" content=\"summary_large_image\" \/>\n<meta name=\"twitter:creator\" content=\"@funzine\" \/>\n<meta name=\"twitter:site\" content=\"@funzine\" \/>\n<meta name=\"twitter:label1\" content=\"Written by\" \/>\n\t<meta name=\"twitter:data1\" content=\"Bodn\u00e1r Zsuzsa\" \/>\n\t<meta name=\"twitter:label2\" content=\"Est. reading time\" \/>\n\t<meta name=\"twitter:data2\" content=\"3 minute\" \/>\n<script type=\"application\/ld+json\" class=\"yoast-schema-graph\">{\"@context\":\"https:\/\/schema.org\",\"@graph\":[{\"@type\":\"NewsArticle\",\"@id\":\"https:\/\/funzine.hu\/sl\/2025\/09\/11\/potovanje\/5-stvari-ki-jih-lahko-pocnete-v-septembru-da-bo-jesen-nepozabna\/#article\",\"isPartOf\":{\"@id\":\"https:\/\/funzine.hu\/sl\/2025\/09\/11\/potovanje\/5-stvari-ki-jih-lahko-pocnete-v-septembru-da-bo-jesen-nepozabna\/\"},\"author\":{\"name\":\"Bodn\u00e1r Zsuzsa\",\"@id\":\"https:\/\/funzine.hu\/#\/schema\/person\/f3864a88f41183e8c3af70534ac28bb4\"},\"headline\":\"5 stvari, ki jih lahko po\u010dnete v septembru, da bo jesen nepozabna\",\"datePublished\":\"2025-09-11T13:42:51+00:00\",\"mainEntityOfPage\":{\"@id\":\"https:\/\/funzine.hu\/sl\/2025\/09\/11\/potovanje\/5-stvari-ki-jih-lahko-pocnete-v-septembru-da-bo-jesen-nepozabna\/\"},\"wordCount\":549,\"image\":{\"@id\":\"https:\/\/funzine.hu\/sl\/2025\/09\/11\/potovanje\/5-stvari-ki-jih-lahko-pocnete-v-septembru-da-bo-jesen-nepozabna\/#primaryimage\"},\"thumbnailUrl\":\"https:\/\/funzine.hu\/wp-content\/uploads\/2025\/09\/autumn-8367628_1280.jpg\",\"articleSection\":[\"Potovanje\"],\"inLanguage\":\"sl-SI\"},{\"@type\":\"WebPage\",\"@id\":\"https:\/\/funzine.hu\/sl\/2025\/09\/11\/potovanje\/5-stvari-ki-jih-lahko-pocnete-v-septembru-da-bo-jesen-nepozabna\/\",\"url\":\"https:\/\/funzine.hu\/sl\/2025\/09\/11\/potovanje\/5-stvari-ki-jih-lahko-pocnete-v-septembru-da-bo-jesen-nepozabna\/\",\"name\":\"5 stvari, ki jih lahko po\u010dnete v septembru, da bo jesen nepozabna\",\"isPartOf\":{\"@id\":\"https:\/\/funzine.hu\/#website\"},\"primaryImageOfPage\":{\"@id\":\"https:\/\/funzine.hu\/sl\/2025\/09\/11\/potovanje\/5-stvari-ki-jih-lahko-pocnete-v-septembru-da-bo-jesen-nepozabna\/#primaryimage\"},\"image\":{\"@id\":\"https:\/\/funzine.hu\/sl\/2025\/09\/11\/potovanje\/5-stvari-ki-jih-lahko-pocnete-v-septembru-da-bo-jesen-nepozabna\/#primaryimage\"},\"thumbnailUrl\":\"https:\/\/funzine.hu\/wp-content\/uploads\/2025\/09\/autumn-8367628_1280.jpg\",\"datePublished\":\"2025-09-11T13:42:51+00:00\",\"author\":{\"@id\":\"https:\/\/funzine.hu\/#\/schema\/person\/f3864a88f41183e8c3af70534ac28bb4\"},\"breadcrumb\":{\"@id\":\"https:\/\/funzine.hu\/sl\/2025\/09\/11\/potovanje\/5-stvari-ki-jih-lahko-pocnete-v-septembru-da-bo-jesen-nepozabna\/#breadcrumb\"},\"inLanguage\":\"sl-SI\",\"potentialAction\":[{\"@type\":\"ReadAction\",\"target\":[\"https:\/\/funzine.hu\/sl\/2025\/09\/11\/potovanje\/5-stvari-ki-jih-lahko-pocnete-v-septembru-da-bo-jesen-nepozabna\/\"]}]},{\"@type\":\"ImageObject\",\"inLanguage\":\"sl-SI\",\"@id\":\"https:\/\/funzine.hu\/sl\/2025\/09\/11\/potovanje\/5-stvari-ki-jih-lahko-pocnete-v-septembru-da-bo-jesen-nepozabna\/#primaryimage\",\"url\":\"https:\/\/funzine.hu\/wp-content\/uploads\/2025\/09\/autumn-8367628_1280.jpg\",\"contentUrl\":\"https:\/\/funzine.hu\/wp-content\/uploads\/2025\/09\/autumn-8367628_1280.jpg\",\"width\":1280,\"height\":1087,\"caption\":\"ilustracija - pixabay.com\"},{\"@type\":\"BreadcrumbList\",\"@id\":\"https:\/\/funzine.hu\/sl\/2025\/09\/11\/potovanje\/5-stvari-ki-jih-lahko-pocnete-v-septembru-da-bo-jesen-nepozabna\/#breadcrumb\",\"itemListElement\":[{\"@type\":\"ListItem\",\"position\":1,\"name\":\"Home\",\"item\":\"https:\/\/funzine.hu\/sl\/\"},{\"@type\":\"ListItem\",\"position\":2,\"name\":\"5 stvari, ki jih lahko po\u010dnete v septembru, da bo jesen nepozabna\"}]},{\"@type\":\"WebSite\",\"@id\":\"https:\/\/funzine.hu\/#website\",\"url\":\"https:\/\/funzine.hu\/\",\"name\":\"Funzine\",\"description\":\"\",\"potentialAction\":[{\"@type\":\"SearchAction\",\"target\":{\"@type\":\"EntryPoint\",\"urlTemplate\":\"https:\/\/funzine.hu\/?s={search_term_string}\"},\"query-input\":{\"@type\":\"PropertyValueSpecification\",\"valueRequired\":true,\"valueName\":\"search_term_string\"}}],\"inLanguage\":\"sl-SI\"},{\"@type\":\"Person\",\"@id\":\"https:\/\/funzine.hu\/#\/schema\/person\/f3864a88f41183e8c3af70534ac28bb4\",\"name\":\"Bodn\u00e1r Zsuzsa\",\"image\":{\"@type\":\"ImageObject\",\"inLanguage\":\"sl-SI\",\"@id\":\"https:\/\/secure.gravatar.com\/avatar\/3dac04a042bfb0c015d0f893ef5eb9cca9d966bb5795039862dafd8d2ab5d410?s=96&d=mm&r=g\",\"url\":\"https:\/\/secure.gravatar.com\/avatar\/3dac04a042bfb0c015d0f893ef5eb9cca9d966bb5795039862dafd8d2ab5d410?s=96&d=mm&r=g\",\"contentUrl\":\"https:\/\/secure.gravatar.com\/avatar\/3dac04a042bfb0c015d0f893ef5eb9cca9d966bb5795039862dafd8d2ab5d410?s=96&d=mm&r=g\",\"caption\":\"Bodn\u00e1r Zsuzsa\"},\"url\":\"https:\/\/funzine.hu\/sl\/author\/bodnar-zsuzsa-1984\/\"}]}<\/script>\n<!-- \/ Yoast SEO plugin. -->","yoast_head_json":{"title":"5 stvari, ki jih lahko po\u010dnete v septembru, da bo jesen nepozabna","robots":{"index":"index","follow":"follow","max-snippet":"max-snippet:-1","max-image-preview":"max-image-preview:large","max-video-preview":"max-video-preview:-1"},"canonical":"https:\/\/funzine.hu\/sl\/2025\/09\/11\/potovanje\/5-stvari-ki-jih-lahko-pocnete-v-septembru-da-bo-jesen-nepozabna\/","og_locale":"sl_SI","og_type":"article","og_title":"5 stvari, ki jih lahko po\u010dnete v septembru, da bo jesen nepozabna","og_description":"Narava ponuja fascinantne prizore in vznemirljive pojave v vsakem letnem \u010dasu. Tudi septembrske","og_url":"https:\/\/funzine.hu\/sl\/2025\/09\/11\/potovanje\/5-stvari-ki-jih-lahko-pocnete-v-septembru-da-bo-jesen-nepozabna\/","og_site_name":"Funzine","article_publisher":"https:\/\/www.facebook.com\/funzine\/","article_published_time":"2025-09-11T13:42:51+00:00","og_image":[{"width":1280,"height":1087,"url":"https:\/\/funzine.hu\/wp-content\/uploads\/2025\/09\/autumn-8367628_1280.jpg","type":"image\/jpeg"}],"author":"Bodn\u00e1r Zsuzsa","twitter_card":"summary_large_image","twitter_creator":"@funzine","twitter_site":"@funzine","twitter_misc":{"Written by":"Bodn\u00e1r Zsuzsa","Est. reading time":"3 minute"},"schema":{"@context":"https:\/\/schema.org","@graph":[{"@type":"NewsArticle","@id":"https:\/\/funzine.hu\/sl\/2025\/09\/11\/potovanje\/5-stvari-ki-jih-lahko-pocnete-v-septembru-da-bo-jesen-nepozabna\/#article","isPartOf":{"@id":"https:\/\/funzine.hu\/sl\/2025\/09\/11\/potovanje\/5-stvari-ki-jih-lahko-pocnete-v-septembru-da-bo-jesen-nepozabna\/"},"author":{"name":"Bodn\u00e1r Zsuzsa","@id":"https:\/\/funzine.hu\/#\/schema\/person\/f3864a88f41183e8c3af70534ac28bb4"},"headline":"5 stvari, ki jih lahko po\u010dnete v septembru, da bo jesen nepozabna","datePublished":"2025-09-11T13:42:51+00:00","mainEntityOfPage":{"@id":"https:\/\/funzine.hu\/sl\/2025\/09\/11\/potovanje\/5-stvari-ki-jih-lahko-pocnete-v-septembru-da-bo-jesen-nepozabna\/"},"wordCount":549,"image":{"@id":"https:\/\/funzine.hu\/sl\/2025\/09\/11\/potovanje\/5-stvari-ki-jih-lahko-pocnete-v-septembru-da-bo-jesen-nepozabna\/#primaryimage"},"thumbnailUrl":"https:\/\/funzine.hu\/wp-content\/uploads\/2025\/09\/autumn-8367628_1280.jpg","articleSection":["Potovanje"],"inLanguage":"sl-SI"},{"@type":"WebPage","@id":"https:\/\/funzine.hu\/sl\/2025\/09\/11\/potovanje\/5-stvari-ki-jih-lahko-pocnete-v-septembru-da-bo-jesen-nepozabna\/","url":"https:\/\/funzine.hu\/sl\/2025\/09\/11\/potovanje\/5-stvari-ki-jih-lahko-pocnete-v-septembru-da-bo-jesen-nepozabna\/","name":"5 stvari, ki jih lahko po\u010dnete v septembru, da bo jesen nepozabna","isPartOf":{"@id":"https:\/\/funzine.hu\/#website"},"primaryImageOfPage":{"@id":"https:\/\/funzine.hu\/sl\/2025\/09\/11\/potovanje\/5-stvari-ki-jih-lahko-pocnete-v-septembru-da-bo-jesen-nepozabna\/#primaryimage"},"image":{"@id":"https:\/\/funzine.hu\/sl\/2025\/09\/11\/potovanje\/5-stvari-ki-jih-lahko-pocnete-v-septembru-da-bo-jesen-nepozabna\/#primaryimage"},"thumbnailUrl":"https:\/\/funzine.hu\/wp-content\/uploads\/2025\/09\/autumn-8367628_1280.jpg","datePublished":"2025-09-11T13:42:51+00:00","author":{"@id":"https:\/\/funzine.hu\/#\/schema\/person\/f3864a88f41183e8c3af70534ac28bb4"},"breadcrumb":{"@id":"https:\/\/funzine.hu\/sl\/2025\/09\/11\/potovanje\/5-stvari-ki-jih-lahko-pocnete-v-septembru-da-bo-jesen-nepozabna\/#breadcrumb"},"inLanguage":"sl-SI","potentialAction":[{"@type":"ReadAction","target":["https:\/\/funzine.hu\/sl\/2025\/09\/11\/potovanje\/5-stvari-ki-jih-lahko-pocnete-v-septembru-da-bo-jesen-nepozabna\/"]}]},{"@type":"ImageObject","inLanguage":"sl-SI","@id":"https:\/\/funzine.hu\/sl\/2025\/09\/11\/potovanje\/5-stvari-ki-jih-lahko-pocnete-v-septembru-da-bo-jesen-nepozabna\/#primaryimage","url":"https:\/\/funzine.hu\/wp-content\/uploads\/2025\/09\/autumn-8367628_1280.jpg","contentUrl":"https:\/\/funzine.hu\/wp-content\/uploads\/2025\/09\/autumn-8367628_1280.jpg","width":1280,"height":1087,"caption":"ilustracija - pixabay.com"},{"@type":"BreadcrumbList","@id":"https:\/\/funzine.hu\/sl\/2025\/09\/11\/potovanje\/5-stvari-ki-jih-lahko-pocnete-v-septembru-da-bo-jesen-nepozabna\/#breadcrumb","itemListElement":[{"@type":"ListItem","position":1,"name":"Home","item":"https:\/\/funzine.hu\/sl\/"},{"@type":"ListItem","position":2,"name":"5 stvari, ki jih lahko po\u010dnete v septembru, da bo jesen nepozabna"}]},{"@type":"WebSite","@id":"https:\/\/funzine.hu\/#website","url":"https:\/\/funzine.hu\/","name":"Funzine","description":"","potentialAction":[{"@type":"SearchAction","target":{"@type":"EntryPoint","urlTemplate":"https:\/\/funzine.hu\/?s={search_term_string}"},"query-input":{"@type":"PropertyValueSpecification","valueRequired":true,"valueName":"search_term_string"}}],"inLanguage":"sl-SI"},{"@type":"Person","@id":"https:\/\/funzine.hu\/#\/schema\/person\/f3864a88f41183e8c3af70534ac28bb4","name":"Bodn\u00e1r Zsuzsa","image":{"@type":"ImageObject","inLanguage":"sl-SI","@id":"https:\/\/secure.gravatar.com\/avatar\/3dac04a042bfb0c015d0f893ef5eb9cca9d966bb5795039862dafd8d2ab5d410?s=96&d=mm&r=g","url":"https:\/\/secure.gravatar.com\/avatar\/3dac04a042bfb0c015d0f893ef5eb9cca9d966bb5795039862dafd8d2ab5d410?s=96&d=mm&r=g","contentUrl":"https:\/\/secure.gravatar.com\/avatar\/3dac04a042bfb0c015d0f893ef5eb9cca9d966bb5795039862dafd8d2ab5d410?s=96&d=mm&r=g","caption":"Bodn\u00e1r Zsuzsa"},"url":"https:\/\/funzine.hu\/sl\/author\/bodnar-zsuzsa-1984\/"}]}},"amp_enabled":true,"_links":{"self":[{"href":"https:\/\/funzine.hu\/sl\/wp-json\/wp\/v2\/posts\/610742","targetHints":{"allow":["GET"]}}],"collection":[{"href":"https:\/\/funzine.hu\/sl\/wp-json\/wp\/v2\/posts"}],"about":[{"href":"https:\/\/funzine.hu\/sl\/wp-json\/wp\/v2\/types\/post"}],"author":[{"embeddable":true,"href":"https:\/\/funzine.hu\/sl\/wp-json\/wp\/v2\/users\/391"}],"replies":[{"embeddable":true,"href":"https:\/\/funzine.hu\/sl\/wp-json\/wp\/v2\/comments?post=610742"}],"version-history":[{"count":1,"href":"https:\/\/funzine.hu\/sl\/wp-json\/wp\/v2\/posts\/610742\/revisions"}],"predecessor-version":[{"id":610744,"href":"https:\/\/funzine.hu\/sl\/wp-json\/wp\/v2\/posts\/610742\/revisions\/610744"}],"wp:featuredmedia":[{"embeddable":true,"href":"https:\/\/funzine.hu\/sl\/wp-json\/wp\/v2\/media\/610743"}],"wp:attachment":[{"href":"https:\/\/funzine.hu\/sl\/wp-json\/wp\/v2\/media?parent=610742"}],"wp:term":[{"taxonomy":"category","embeddable":true,"href":"https:\/\/funzine.hu\/sl\/wp-json\/wp\/v2\/categories?post=610742"},{"taxonomy":"post_tag","embeddable":true,"href":"https:\/\/funzine.hu\/sl\/wp-json\/wp\/v2\/tags?post=610742"},{"taxonomy":"post_places","embeddable":true,"href":"https:\/\/funzine.hu\/sl\/wp-json\/wp\/v2\/post_places?post=610742"}],"curies":[{"name":"wp","href":"https:\/\/api.w.org\/{rel}","templated":true}]}}