{"id":610108,"date":"2025-09-03T15:41:18","date_gmt":"2025-09-03T13:41:18","guid":{"rendered":"https:\/\/funzine.hu\/?p=610108"},"modified":"2025-09-03T15:41:18","modified_gmt":"2025-09-03T13:41:18","slug":"7-odlicnih-vodenih-sprehodov-po-budimpesti-ki-bodo-v-prvi-jesenski-mesec-vnesli-vznemirjenje","status":"publish","type":"post","link":"https:\/\/funzine.hu\/sl\/2025\/09\/03\/potovanje\/7-odlicnih-vodenih-sprehodov-po-budimpesti-ki-bodo-v-prvi-jesenski-mesec-vnesli-vznemirjenje\/","title":{"rendered":"7 odli\u010dnih vodenih sprehodov po Budimpe\u0161ti, ki bodo v prvi jesenski mesec vnesli vznemirjenje"},"content":{"rendered":"<p>Ko zadu\u0161ljiva poletna vro\u010dina pojenja, prvi jesenski mesec ponuja \u0161tevilne odli\u010dne prilo\u017enosti za dalj\u0161i jesenski sprehod. Izberite med na\u0161im naslednjim priporo\u010dilom, kjer vas poleg prijetnega sprehoda \u010dakajo tudi do\u017eivetja!<\/p>\n<p>200 let stare zgodbe o Pe\u0161ti<br \/>\n6. septembra se lahko odpravite nazaj v \u010das z vodenim sprehodom. \u010ce vas je vedno zanimalo, kaj se je iz starega mestnega jedra Pe\u0161te ohranilo za potomce, potem je ta program kot nala\u0161\u010d za vas! Najstarej\u0161e stavbe v Pe\u0161ti se bodo na ta dan odprle za javnost in pokazale svoje vsakdanje zgodbe, za katere se je mislilo, da so pozabljene. Tokrat lahko vstopite skozi vrata restavracije, stanovanjske hi\u0161e, cerkve, voja\u0161nice in pala\u010de, ki je bila spremenjena v bordel.<br \/>\nDatum sprehoda: 6. september 2025<\/p>\n<p>Sprehod po lokalni zgodovini v eksperimentalnem stanovanjskem naselju Budafok<br \/>\nV soboto, 13. septembra, od 10. ure dalje se lahko na posebnem sprehodu seznanite z zgodovino eksperimentalnega stanovanjskega naselja Budafok. Sprehod po lokalni zgodovini, ki se za\u010dne ob 10. uri, bo vodil arhitekt Zoran Vukosz\u00e1vlyev in predstavil to stanovanjsko naselje, ki ga mnogi imajo za utopi\u010dni eksperiment ali slabo razumljen model. Na sre\u010do sprehod ne bo pustil neodgovorjenih vpra\u0161anj, kot je, kaj je ustvarilo ta poseben arhitekturni in sociolo\u0161ki model?<br \/>\nDatum sprehoda: 13. september 2025<\/p>\n<figure id=\"attachment_610109\" aria-describedby=\"caption-attachment-610109\" style=\"width: 850px\" class=\"wp-caption aligncenter\"><img decoding=\"async\" class=\"size-funzine-large wp-image-610109\" src=\"https:\/\/funzine.hu\/wp-content\/uploads\/2025\/09\/park-2805772_1280-1200x709.jpg\" alt=\"\" width=\"850\" height=\"502\" srcset=\"https:\/\/funzine.hu\/wp-content\/uploads\/2025\/09\/park-2805772_1280-1200x709.jpg 1200w, https:\/\/funzine.hu\/wp-content\/uploads\/2025\/09\/park-2805772_1280-300x177.jpg 300w, https:\/\/funzine.hu\/wp-content\/uploads\/2025\/09\/park-2805772_1280-1024x605.jpg 1024w, https:\/\/funzine.hu\/wp-content\/uploads\/2025\/09\/park-2805772_1280-768x454.jpg 768w, https:\/\/funzine.hu\/wp-content\/uploads\/2025\/09\/park-2805772_1280.jpg 1280w\" sizes=\"(max-width: 850px) 100vw, 850px\" \/><figcaption id=\"caption-attachment-610109\" class=\"wp-caption-text\">ilustracija &#8211; pixabay.com<\/figcaption><\/figure>\n<p>Obisk pala\u010de Csekonics \u2013 plemenit \u017eivljenjski slog na mizi<br \/>\n13. in 20. septembra bo osupljivo lepa pala\u010da Csekonics na ste\u017eaj odprla svoja vrata udele\u017eencem vodenega sprehoda Imagine. Kdor je bil tukaj, ne bo nikoli pozabil neprimerljivega razgleda, mojstrskih detajlov in elegantne lahkotnosti prostorov. V teh dveh dneh boste imeli prilo\u017enost, da se potopite v skrivnosti stavbe med 90-minutnimi sprehodi, ki se za\u010dnejo vsako pol ure, kjer neko\u010d potekajo razko\u0161ni ve\u010deri, danes pa snemanja hollywoodskih filmov.<br \/>\nDatum sprehoda: 13. in 20. september 2025<\/p>\n<p>Zeli\u0161\u010dni ogled v Mocs\u00e1rosd\u0171l\u0151u<br \/>\n14. septembra vas v Mocs\u00e1rosd\u0171l\u0151 vabi vznemirljiv ogled. Na tem 3-urnem gozdnem ogledu lahko udele\u017eenci programa pridobijo osnovno znanje o prepoznavanju divjih zeli\u0161\u010d, njihovem pravilnem nabiranju, predelavi in uporabi. Ogled se za\u010dne ob 9.30, zaradi postopnega napredovanja pa ga lahko opravijo tudi starej\u0161i. Vsekakor priporo\u010damo vremensko primerna pohodni\u0161ka obla\u010dila, fotoaparat in zvezek!<br \/>\nDatum sprehoda: 14. september 2025<\/p>\n<p>Hvalni sprehod<br \/>\n19. septembra si lahko v okviru festivala Ars Sacra ogledate ru\u0161evine samostana in cerkve klaris v \u00d3budi, kjer se lahko nau\u010dite tudi ve\u010d o zgodovini klaris v \u00d3budi, skrivnostih dolgega \u017eivljenja njihove ustanoviteljice, kraljice Elizabete Piast, in njenih mecenskih dejavnostih. Na brezpla\u010dnem, a z obvezno registracijo trajajo\u010dem 90-minutnem sprehodu lahko izveste tudi, zakaj P\u00e9ter Zichy leta 1712 redovnicam ni dovolil vrnitve v \u00d3budo.<br \/>\nDatum sprehoda: 19. september 2025<\/p>\n<p>Me\u0161\u010danski sprehodi \u2013 M\u00e1rai Buda<br \/>\nV soboto, 20. septembra, se lahko ob 125. obletnici rojstva S\u00e1ndorja M\u00e1raija odpravite na poseben tematski mestni sprehod. Med programom se lahko seznanite z \u017eivljenjem priljubljenega pisatelja v Kristinav\u00e1rosu, pa tudi z lokacijami, ki so imele odlo\u010dilno vlogo v njegovem \u017eivljenju in delu. Pot vodi od trga B\u00e9csi kapu t\u00e9r do kulturnega centra S\u00e1ndor M\u00e1rai, mimo promenade \u00c1rp\u00e1d T\u00f3th, Granitnega stopni\u0161\u010da in nekdanje kavarne Philadelphia.<br \/>\nDatum sprehoda: 20. september 2025<\/p>\n<p>Po stopinjah nevarnih razmerij<br \/>\nV soboto, 20. septembra, bodo razkrite zahrbtne skrivnosti stoletne zgodovine prestolnice. Tokrat bo vodeni sprehod Korz\u00f3zz Vel\u00fcnk! osvetlil prepovedane ljubezni, nezvestobo, zahrbtne prijatelje in gre\u0161ne razmerja. Na sprehodu po sredi\u0161\u010du mesta se lahko odpravite nazaj v \u010das in dobite odgovore na vpra\u0161anja, kot so s kom je prvi premier pre\u017eivel svojo zadnjo prosto no\u010d, ali se je dovoljeno poro\u010diti v morilsko dru\u017eino in kje je \u017eivela pe\u0161tanska vrtnica?<br \/>\nDatum sprehoda: 20. september 2025<\/p>\n","protected":false},"excerpt":{"rendered":"<p>Ko zadu\u0161ljiva poletna vro\u010dina pojenja, prvi jesenski mesec ponuja \u0161tevilne odli\u010dne prilo\u017enosti za<\/p>\n","protected":false},"author":391,"featured_media":610109,"comment_status":"closed","ping_status":"closed","sticky":false,"template":"","format":"standard","meta":{"_acf_changed":false,"wprm-recipe-roundup-name":"","wprm-recipe-roundup-description":"","ngg_post_thumbnail":0,"footnotes":""},"categories":[14345],"tags":[],"post_places":[],"class_list":["post-610108","post","type-post","status-publish","format-standard","has-post-thumbnail","hentry","category-potovanje"],"acf":{"connected_places":"","del_image":""},"yoast_head":"<!-- This site is optimized with the Yoast SEO plugin v27.2 - https:\/\/yoast.com\/product\/yoast-seo-wordpress\/ -->\n<title>7 odli\u010dnih vodenih sprehodov po Budimpe\u0161ti, ki bodo v prvi jesenski mesec vnesli vznemirjenje<\/title>\n<meta name=\"robots\" content=\"index, follow, max-snippet:-1, max-image-preview:large, max-video-preview:-1\" \/>\n<link rel=\"canonical\" href=\"https:\/\/funzine.hu\/sl\/2025\/09\/03\/potovanje\/7-odlicnih-vodenih-sprehodov-po-budimpesti-ki-bodo-v-prvi-jesenski-mesec-vnesli-vznemirjenje\/\" \/>\n<meta property=\"og:locale\" content=\"sl_SI\" \/>\n<meta property=\"og:type\" content=\"article\" \/>\n<meta property=\"og:title\" content=\"7 odli\u010dnih vodenih sprehodov po Budimpe\u0161ti, ki bodo v prvi jesenski mesec vnesli vznemirjenje\" \/>\n<meta property=\"og:description\" content=\"Ko zadu\u0161ljiva poletna vro\u010dina pojenja, prvi jesenski mesec ponuja \u0161tevilne odli\u010dne prilo\u017enosti za\" \/>\n<meta property=\"og:url\" content=\"https:\/\/funzine.hu\/sl\/2025\/09\/03\/potovanje\/7-odlicnih-vodenih-sprehodov-po-budimpesti-ki-bodo-v-prvi-jesenski-mesec-vnesli-vznemirjenje\/\" \/>\n<meta property=\"og:site_name\" content=\"Funzine\" \/>\n<meta property=\"article:publisher\" content=\"https:\/\/www.facebook.com\/funzine\/\" \/>\n<meta property=\"article:published_time\" content=\"2025-09-03T13:41:18+00:00\" \/>\n<meta property=\"og:image\" content=\"https:\/\/funzine.hu\/wp-content\/uploads\/2025\/09\/park-2805772_1280.jpg\" \/>\n\t<meta property=\"og:image:width\" content=\"1280\" \/>\n\t<meta property=\"og:image:height\" content=\"756\" \/>\n\t<meta property=\"og:image:type\" content=\"image\/jpeg\" \/>\n<meta name=\"author\" content=\"Bodn\u00e1r Zsuzsa\" \/>\n<meta name=\"twitter:card\" content=\"summary_large_image\" \/>\n<meta name=\"twitter:creator\" content=\"@funzine\" \/>\n<meta name=\"twitter:site\" content=\"@funzine\" \/>\n<meta name=\"twitter:label1\" content=\"Written by\" \/>\n\t<meta name=\"twitter:data1\" content=\"Bodn\u00e1r Zsuzsa\" \/>\n\t<meta name=\"twitter:label2\" content=\"Est. reading time\" \/>\n\t<meta name=\"twitter:data2\" content=\"4 minute\" \/>\n<script type=\"application\/ld+json\" class=\"yoast-schema-graph\">{\"@context\":\"https:\/\/schema.org\",\"@graph\":[{\"@type\":\"NewsArticle\",\"@id\":\"https:\/\/funzine.hu\/sl\/2025\/09\/03\/potovanje\/7-odlicnih-vodenih-sprehodov-po-budimpesti-ki-bodo-v-prvi-jesenski-mesec-vnesli-vznemirjenje\/#article\",\"isPartOf\":{\"@id\":\"https:\/\/funzine.hu\/sl\/2025\/09\/03\/potovanje\/7-odlicnih-vodenih-sprehodov-po-budimpesti-ki-bodo-v-prvi-jesenski-mesec-vnesli-vznemirjenje\/\"},\"author\":{\"name\":\"Bodn\u00e1r Zsuzsa\",\"@id\":\"https:\/\/funzine.hu\/#\/schema\/person\/f3864a88f41183e8c3af70534ac28bb4\"},\"headline\":\"7 odli\u010dnih vodenih sprehodov po Budimpe\u0161ti, ki bodo v prvi jesenski mesec vnesli vznemirjenje\",\"datePublished\":\"2025-09-03T13:41:18+00:00\",\"mainEntityOfPage\":{\"@id\":\"https:\/\/funzine.hu\/sl\/2025\/09\/03\/potovanje\/7-odlicnih-vodenih-sprehodov-po-budimpesti-ki-bodo-v-prvi-jesenski-mesec-vnesli-vznemirjenje\/\"},\"wordCount\":630,\"image\":{\"@id\":\"https:\/\/funzine.hu\/sl\/2025\/09\/03\/potovanje\/7-odlicnih-vodenih-sprehodov-po-budimpesti-ki-bodo-v-prvi-jesenski-mesec-vnesli-vznemirjenje\/#primaryimage\"},\"thumbnailUrl\":\"https:\/\/funzine.hu\/wp-content\/uploads\/2025\/09\/park-2805772_1280.jpg\",\"articleSection\":[\"Potovanje\"],\"inLanguage\":\"sl-SI\"},{\"@type\":\"WebPage\",\"@id\":\"https:\/\/funzine.hu\/sl\/2025\/09\/03\/potovanje\/7-odlicnih-vodenih-sprehodov-po-budimpesti-ki-bodo-v-prvi-jesenski-mesec-vnesli-vznemirjenje\/\",\"url\":\"https:\/\/funzine.hu\/sl\/2025\/09\/03\/potovanje\/7-odlicnih-vodenih-sprehodov-po-budimpesti-ki-bodo-v-prvi-jesenski-mesec-vnesli-vznemirjenje\/\",\"name\":\"7 odli\u010dnih vodenih sprehodov po Budimpe\u0161ti, ki bodo v prvi jesenski mesec vnesli vznemirjenje\",\"isPartOf\":{\"@id\":\"https:\/\/funzine.hu\/#website\"},\"primaryImageOfPage\":{\"@id\":\"https:\/\/funzine.hu\/sl\/2025\/09\/03\/potovanje\/7-odlicnih-vodenih-sprehodov-po-budimpesti-ki-bodo-v-prvi-jesenski-mesec-vnesli-vznemirjenje\/#primaryimage\"},\"image\":{\"@id\":\"https:\/\/funzine.hu\/sl\/2025\/09\/03\/potovanje\/7-odlicnih-vodenih-sprehodov-po-budimpesti-ki-bodo-v-prvi-jesenski-mesec-vnesli-vznemirjenje\/#primaryimage\"},\"thumbnailUrl\":\"https:\/\/funzine.hu\/wp-content\/uploads\/2025\/09\/park-2805772_1280.jpg\",\"datePublished\":\"2025-09-03T13:41:18+00:00\",\"author\":{\"@id\":\"https:\/\/funzine.hu\/#\/schema\/person\/f3864a88f41183e8c3af70534ac28bb4\"},\"breadcrumb\":{\"@id\":\"https:\/\/funzine.hu\/sl\/2025\/09\/03\/potovanje\/7-odlicnih-vodenih-sprehodov-po-budimpesti-ki-bodo-v-prvi-jesenski-mesec-vnesli-vznemirjenje\/#breadcrumb\"},\"inLanguage\":\"sl-SI\",\"potentialAction\":[{\"@type\":\"ReadAction\",\"target\":[\"https:\/\/funzine.hu\/sl\/2025\/09\/03\/potovanje\/7-odlicnih-vodenih-sprehodov-po-budimpesti-ki-bodo-v-prvi-jesenski-mesec-vnesli-vznemirjenje\/\"]}]},{\"@type\":\"ImageObject\",\"inLanguage\":\"sl-SI\",\"@id\":\"https:\/\/funzine.hu\/sl\/2025\/09\/03\/potovanje\/7-odlicnih-vodenih-sprehodov-po-budimpesti-ki-bodo-v-prvi-jesenski-mesec-vnesli-vznemirjenje\/#primaryimage\",\"url\":\"https:\/\/funzine.hu\/wp-content\/uploads\/2025\/09\/park-2805772_1280.jpg\",\"contentUrl\":\"https:\/\/funzine.hu\/wp-content\/uploads\/2025\/09\/park-2805772_1280.jpg\",\"width\":1280,\"height\":756,\"caption\":\"ilustracija - pixabay.com\"},{\"@type\":\"BreadcrumbList\",\"@id\":\"https:\/\/funzine.hu\/sl\/2025\/09\/03\/potovanje\/7-odlicnih-vodenih-sprehodov-po-budimpesti-ki-bodo-v-prvi-jesenski-mesec-vnesli-vznemirjenje\/#breadcrumb\",\"itemListElement\":[{\"@type\":\"ListItem\",\"position\":1,\"name\":\"Home\",\"item\":\"https:\/\/funzine.hu\/sl\/\"},{\"@type\":\"ListItem\",\"position\":2,\"name\":\"7 odli\u010dnih vodenih sprehodov po Budimpe\u0161ti, ki bodo v prvi jesenski mesec vnesli vznemirjenje\"}]},{\"@type\":\"WebSite\",\"@id\":\"https:\/\/funzine.hu\/#website\",\"url\":\"https:\/\/funzine.hu\/\",\"name\":\"Funzine\",\"description\":\"\",\"potentialAction\":[{\"@type\":\"SearchAction\",\"target\":{\"@type\":\"EntryPoint\",\"urlTemplate\":\"https:\/\/funzine.hu\/?s={search_term_string}\"},\"query-input\":{\"@type\":\"PropertyValueSpecification\",\"valueRequired\":true,\"valueName\":\"search_term_string\"}}],\"inLanguage\":\"sl-SI\"},{\"@type\":\"Person\",\"@id\":\"https:\/\/funzine.hu\/#\/schema\/person\/f3864a88f41183e8c3af70534ac28bb4\",\"name\":\"Bodn\u00e1r Zsuzsa\",\"image\":{\"@type\":\"ImageObject\",\"inLanguage\":\"sl-SI\",\"@id\":\"https:\/\/secure.gravatar.com\/avatar\/3dac04a042bfb0c015d0f893ef5eb9cca9d966bb5795039862dafd8d2ab5d410?s=96&d=mm&r=g\",\"url\":\"https:\/\/secure.gravatar.com\/avatar\/3dac04a042bfb0c015d0f893ef5eb9cca9d966bb5795039862dafd8d2ab5d410?s=96&d=mm&r=g\",\"contentUrl\":\"https:\/\/secure.gravatar.com\/avatar\/3dac04a042bfb0c015d0f893ef5eb9cca9d966bb5795039862dafd8d2ab5d410?s=96&d=mm&r=g\",\"caption\":\"Bodn\u00e1r Zsuzsa\"},\"url\":\"https:\/\/funzine.hu\/sl\/author\/bodnar-zsuzsa-1984\/\"}]}<\/script>\n<!-- \/ Yoast SEO plugin. -->","yoast_head_json":{"title":"7 odli\u010dnih vodenih sprehodov po Budimpe\u0161ti, ki bodo v prvi jesenski mesec vnesli vznemirjenje","robots":{"index":"index","follow":"follow","max-snippet":"max-snippet:-1","max-image-preview":"max-image-preview:large","max-video-preview":"max-video-preview:-1"},"canonical":"https:\/\/funzine.hu\/sl\/2025\/09\/03\/potovanje\/7-odlicnih-vodenih-sprehodov-po-budimpesti-ki-bodo-v-prvi-jesenski-mesec-vnesli-vznemirjenje\/","og_locale":"sl_SI","og_type":"article","og_title":"7 odli\u010dnih vodenih sprehodov po Budimpe\u0161ti, ki bodo v prvi jesenski mesec vnesli vznemirjenje","og_description":"Ko zadu\u0161ljiva poletna vro\u010dina pojenja, prvi jesenski mesec ponuja \u0161tevilne odli\u010dne prilo\u017enosti za","og_url":"https:\/\/funzine.hu\/sl\/2025\/09\/03\/potovanje\/7-odlicnih-vodenih-sprehodov-po-budimpesti-ki-bodo-v-prvi-jesenski-mesec-vnesli-vznemirjenje\/","og_site_name":"Funzine","article_publisher":"https:\/\/www.facebook.com\/funzine\/","article_published_time":"2025-09-03T13:41:18+00:00","og_image":[{"width":1280,"height":756,"url":"https:\/\/funzine.hu\/wp-content\/uploads\/2025\/09\/park-2805772_1280.jpg","type":"image\/jpeg"}],"author":"Bodn\u00e1r Zsuzsa","twitter_card":"summary_large_image","twitter_creator":"@funzine","twitter_site":"@funzine","twitter_misc":{"Written by":"Bodn\u00e1r Zsuzsa","Est. reading time":"4 minute"},"schema":{"@context":"https:\/\/schema.org","@graph":[{"@type":"NewsArticle","@id":"https:\/\/funzine.hu\/sl\/2025\/09\/03\/potovanje\/7-odlicnih-vodenih-sprehodov-po-budimpesti-ki-bodo-v-prvi-jesenski-mesec-vnesli-vznemirjenje\/#article","isPartOf":{"@id":"https:\/\/funzine.hu\/sl\/2025\/09\/03\/potovanje\/7-odlicnih-vodenih-sprehodov-po-budimpesti-ki-bodo-v-prvi-jesenski-mesec-vnesli-vznemirjenje\/"},"author":{"name":"Bodn\u00e1r Zsuzsa","@id":"https:\/\/funzine.hu\/#\/schema\/person\/f3864a88f41183e8c3af70534ac28bb4"},"headline":"7 odli\u010dnih vodenih sprehodov po Budimpe\u0161ti, ki bodo v prvi jesenski mesec vnesli vznemirjenje","datePublished":"2025-09-03T13:41:18+00:00","mainEntityOfPage":{"@id":"https:\/\/funzine.hu\/sl\/2025\/09\/03\/potovanje\/7-odlicnih-vodenih-sprehodov-po-budimpesti-ki-bodo-v-prvi-jesenski-mesec-vnesli-vznemirjenje\/"},"wordCount":630,"image":{"@id":"https:\/\/funzine.hu\/sl\/2025\/09\/03\/potovanje\/7-odlicnih-vodenih-sprehodov-po-budimpesti-ki-bodo-v-prvi-jesenski-mesec-vnesli-vznemirjenje\/#primaryimage"},"thumbnailUrl":"https:\/\/funzine.hu\/wp-content\/uploads\/2025\/09\/park-2805772_1280.jpg","articleSection":["Potovanje"],"inLanguage":"sl-SI"},{"@type":"WebPage","@id":"https:\/\/funzine.hu\/sl\/2025\/09\/03\/potovanje\/7-odlicnih-vodenih-sprehodov-po-budimpesti-ki-bodo-v-prvi-jesenski-mesec-vnesli-vznemirjenje\/","url":"https:\/\/funzine.hu\/sl\/2025\/09\/03\/potovanje\/7-odlicnih-vodenih-sprehodov-po-budimpesti-ki-bodo-v-prvi-jesenski-mesec-vnesli-vznemirjenje\/","name":"7 odli\u010dnih vodenih sprehodov po Budimpe\u0161ti, ki bodo v prvi jesenski mesec vnesli vznemirjenje","isPartOf":{"@id":"https:\/\/funzine.hu\/#website"},"primaryImageOfPage":{"@id":"https:\/\/funzine.hu\/sl\/2025\/09\/03\/potovanje\/7-odlicnih-vodenih-sprehodov-po-budimpesti-ki-bodo-v-prvi-jesenski-mesec-vnesli-vznemirjenje\/#primaryimage"},"image":{"@id":"https:\/\/funzine.hu\/sl\/2025\/09\/03\/potovanje\/7-odlicnih-vodenih-sprehodov-po-budimpesti-ki-bodo-v-prvi-jesenski-mesec-vnesli-vznemirjenje\/#primaryimage"},"thumbnailUrl":"https:\/\/funzine.hu\/wp-content\/uploads\/2025\/09\/park-2805772_1280.jpg","datePublished":"2025-09-03T13:41:18+00:00","author":{"@id":"https:\/\/funzine.hu\/#\/schema\/person\/f3864a88f41183e8c3af70534ac28bb4"},"breadcrumb":{"@id":"https:\/\/funzine.hu\/sl\/2025\/09\/03\/potovanje\/7-odlicnih-vodenih-sprehodov-po-budimpesti-ki-bodo-v-prvi-jesenski-mesec-vnesli-vznemirjenje\/#breadcrumb"},"inLanguage":"sl-SI","potentialAction":[{"@type":"ReadAction","target":["https:\/\/funzine.hu\/sl\/2025\/09\/03\/potovanje\/7-odlicnih-vodenih-sprehodov-po-budimpesti-ki-bodo-v-prvi-jesenski-mesec-vnesli-vznemirjenje\/"]}]},{"@type":"ImageObject","inLanguage":"sl-SI","@id":"https:\/\/funzine.hu\/sl\/2025\/09\/03\/potovanje\/7-odlicnih-vodenih-sprehodov-po-budimpesti-ki-bodo-v-prvi-jesenski-mesec-vnesli-vznemirjenje\/#primaryimage","url":"https:\/\/funzine.hu\/wp-content\/uploads\/2025\/09\/park-2805772_1280.jpg","contentUrl":"https:\/\/funzine.hu\/wp-content\/uploads\/2025\/09\/park-2805772_1280.jpg","width":1280,"height":756,"caption":"ilustracija - pixabay.com"},{"@type":"BreadcrumbList","@id":"https:\/\/funzine.hu\/sl\/2025\/09\/03\/potovanje\/7-odlicnih-vodenih-sprehodov-po-budimpesti-ki-bodo-v-prvi-jesenski-mesec-vnesli-vznemirjenje\/#breadcrumb","itemListElement":[{"@type":"ListItem","position":1,"name":"Home","item":"https:\/\/funzine.hu\/sl\/"},{"@type":"ListItem","position":2,"name":"7 odli\u010dnih vodenih sprehodov po Budimpe\u0161ti, ki bodo v prvi jesenski mesec vnesli vznemirjenje"}]},{"@type":"WebSite","@id":"https:\/\/funzine.hu\/#website","url":"https:\/\/funzine.hu\/","name":"Funzine","description":"","potentialAction":[{"@type":"SearchAction","target":{"@type":"EntryPoint","urlTemplate":"https:\/\/funzine.hu\/?s={search_term_string}"},"query-input":{"@type":"PropertyValueSpecification","valueRequired":true,"valueName":"search_term_string"}}],"inLanguage":"sl-SI"},{"@type":"Person","@id":"https:\/\/funzine.hu\/#\/schema\/person\/f3864a88f41183e8c3af70534ac28bb4","name":"Bodn\u00e1r Zsuzsa","image":{"@type":"ImageObject","inLanguage":"sl-SI","@id":"https:\/\/secure.gravatar.com\/avatar\/3dac04a042bfb0c015d0f893ef5eb9cca9d966bb5795039862dafd8d2ab5d410?s=96&d=mm&r=g","url":"https:\/\/secure.gravatar.com\/avatar\/3dac04a042bfb0c015d0f893ef5eb9cca9d966bb5795039862dafd8d2ab5d410?s=96&d=mm&r=g","contentUrl":"https:\/\/secure.gravatar.com\/avatar\/3dac04a042bfb0c015d0f893ef5eb9cca9d966bb5795039862dafd8d2ab5d410?s=96&d=mm&r=g","caption":"Bodn\u00e1r Zsuzsa"},"url":"https:\/\/funzine.hu\/sl\/author\/bodnar-zsuzsa-1984\/"}]}},"amp_enabled":true,"_links":{"self":[{"href":"https:\/\/funzine.hu\/sl\/wp-json\/wp\/v2\/posts\/610108","targetHints":{"allow":["GET"]}}],"collection":[{"href":"https:\/\/funzine.hu\/sl\/wp-json\/wp\/v2\/posts"}],"about":[{"href":"https:\/\/funzine.hu\/sl\/wp-json\/wp\/v2\/types\/post"}],"author":[{"embeddable":true,"href":"https:\/\/funzine.hu\/sl\/wp-json\/wp\/v2\/users\/391"}],"replies":[{"embeddable":true,"href":"https:\/\/funzine.hu\/sl\/wp-json\/wp\/v2\/comments?post=610108"}],"version-history":[{"count":1,"href":"https:\/\/funzine.hu\/sl\/wp-json\/wp\/v2\/posts\/610108\/revisions"}],"predecessor-version":[{"id":610110,"href":"https:\/\/funzine.hu\/sl\/wp-json\/wp\/v2\/posts\/610108\/revisions\/610110"}],"wp:featuredmedia":[{"embeddable":true,"href":"https:\/\/funzine.hu\/sl\/wp-json\/wp\/v2\/media\/610109"}],"wp:attachment":[{"href":"https:\/\/funzine.hu\/sl\/wp-json\/wp\/v2\/media?parent=610108"}],"wp:term":[{"taxonomy":"category","embeddable":true,"href":"https:\/\/funzine.hu\/sl\/wp-json\/wp\/v2\/categories?post=610108"},{"taxonomy":"post_tag","embeddable":true,"href":"https:\/\/funzine.hu\/sl\/wp-json\/wp\/v2\/tags?post=610108"},{"taxonomy":"post_places","embeddable":true,"href":"https:\/\/funzine.hu\/sl\/wp-json\/wp\/v2\/post_places?post=610108"}],"curies":[{"name":"wp","href":"https:\/\/api.w.org\/{rel}","templated":true}]}}