{"id":609518,"date":"2025-08-27T11:51:21","date_gmt":"2025-08-27T09:51:21","guid":{"rendered":"https:\/\/funzine.hu\/?p=609518"},"modified":"2025-08-27T11:51:21","modified_gmt":"2025-08-27T09:51:21","slug":"dozivetja-na-gellert-hillu-6-zakladov-ki-jih-ne-smete-zamuditi-pod-carobnimi-pobocji-gellert-hilla","status":"publish","type":"post","link":"https:\/\/funzine.hu\/sl\/2025\/08\/27\/potovanje\/dozivetja-na-gellert-hillu-6-zakladov-ki-jih-ne-smete-zamuditi-pod-carobnimi-pobocji-gellert-hilla\/","title":{"rendered":"Do\u017eivetja na Gell\u00e9rt Hillu: 6 zakladov, ki jih ne smete zamuditi pod \u010darobnimi pobo\u010dji Gell\u00e9rt Hilla"},"content":{"rendered":"<p>ll\u00e9rt Hill, okro\u017eje 1. in 11. okro\u017eja prestolnice, le\u017ei pod pobo\u010dji Gell\u00e9rt Hilla, ki skriva na stotine zgodb in je pravi pene\u010di koti\u010dek Budimpe\u0161te. Med sprehodom vrste vil razkrivajo zgodovino preteklih stoletij, gastronomske dobrote vabijo k nebe\u0161kemu zlo\u010dinu, \u010dudesa narave pa nas vse osupljajo.<\/p>\n<figure id=\"attachment_609519\" aria-describedby=\"caption-attachment-609519\" style=\"width: 853px\" class=\"wp-caption aligncenter\"><img decoding=\"async\" class=\"size-full wp-image-609519\" src=\"https:\/\/funzine.hu\/wp-content\/uploads\/2025\/08\/budapest-630158_1280.jpg\" alt=\"\" width=\"853\" height=\"1280\" srcset=\"https:\/\/funzine.hu\/wp-content\/uploads\/2025\/08\/budapest-630158_1280.jpg 853w, https:\/\/funzine.hu\/wp-content\/uploads\/2025\/08\/budapest-630158_1280-200x300.jpg 200w, https:\/\/funzine.hu\/wp-content\/uploads\/2025\/08\/budapest-630158_1280-682x1024.jpg 682w, https:\/\/funzine.hu\/wp-content\/uploads\/2025\/08\/budapest-630158_1280-768x1152.jpg 768w\" sizes=\"(max-width: 853px) 100vw, 853px\" \/><figcaption id=\"caption-attachment-609519\" class=\"wp-caption-text\">ilustracija &#8211; pixabay.com<\/figcaption><\/figure>\n<p>Arboretum Buda<br \/>\nArboretum, ki ga M\u00f3r J\u00f3kai imenuje Raj na Gell\u00e9rt Hillu, je bil neko\u010d dom dolgih vinogradov, dokler epidemija filoksere konec 19. stoletja ni uni\u010dila vsega. Medtem je leta 1860 \u017ee za\u010dela delovati vrtnarska \u0161ola, ki jo je ustanovil Ferenc Entz, in od takrat ni nikoli izgubila svojega institucionalnega zna\u010daja. Na na\u0161o sre\u010do lahko razi\u0161\u010demo tudi kraj, ki slu\u017ei kot demonstracijski vrt za \u0161tudente Mad\u017earske univerze za kmetijstvo in bioznanost. Med sprehodom po 7,5 hektarjev velikem obmo\u010dju si lahko med 2000 lesnatimi rastlinami ogledamo najstarej\u0161e perzijsko drevo v dr\u017eavi in libanonski hrast. V enem najtoplej\u0161ih predelov na\u0161e dr\u017eave pa lahko ob\u010dudujemo tudi 250 vrst trajnic okrasnih rastlin in na stotine \u010debulnic.<\/p>\n<p>1114 Budimpe\u0161ta, Vill\u00e1nyi \u00fat 29-43.<\/p>\n<p>Atelje<br \/>\nBudimpe\u0161ta, ki se je konec 19. stoletja mo\u010dno razvila, je takrat postala kulturno sredi\u0161\u010de Mad\u017earske, medtem ko so slikarji in kiparji v prestolnici komajda na\u0161li ateljeje. Zato je v za\u010detku 20. stoletja mnogim umetnikom prinesla osve\u017eitev, ko je bil zgrajen secesijski \u010dude\u017e Gellertov hrib.<\/p>\n<p>Edino znano in ohranjeno delo Gyule Kosztol\u00e1nyi-Kanna \u0161e vedno prikazuje okraske, podobne tistim v Muzeju uporabne umetnosti. Ateljejska hi\u0161a je prav tako prava zanimivost zaradi svoje ogromne notranje vi\u0161ine, oken od tal do stropa in \u2013 do vojne \u2013 stre\u0161nih oken na strehi.<\/p>\n<p>Poleg tega so po mnenju sodobnega umetnostnega zgodovinarja K\u00e1rolyja Lyke secesijske mojstrovine edinstvene na celotni celini, kjer po njegovem mnenju ni nobenih dveh enakih ateljejev, nobenih dveh enakih oken in nobenih dveh enakih balkonov.<\/p>\n<p>Kipar Frigyes Matzon je v svojem ateljeju v Ateljejski hi\u0161i na hribu Gell\u00e9r izklesal kamnito skulpturo Morska \u017eelva. Foto: Fortepan\/S\u00e1ndor Boj\u00e1r<br \/>\nV preteklosti so zgornje sobe zasedali veliki slikarji, kot so J\u00f3zsef Rippl-R\u00f3nai, B\u00e9la Cz\u00f3bel, Ign\u00e1c Kokas, Viktor Madar\u00e1sz, Erzs\u00e9bet Vojnich, medtem ko so v pritli\u010dju prevladovali kiparji. Vstop je bil po vrstnem redu prijave, novi stanovalec pa je moral zagotoviti nastanitev za dru\u017eino pokojnega umetnika. Po vojni so stanovanja lo\u010dili od ateljejev, ustvarili galerije ali pa so nekdanje garderobe modelov preuredili v sobe.<br \/>\n1118 Budimpe\u0161ta, Kelenhegyi \u00fat 12\u201314.<\/p>\n<p>Ro\u017eni vrt, park Jubileumi<br \/>\nJunija 2024 se je obmo\u010dje Gell\u00e9rt Hilla obogatilo z veli\u010dastnim ro\u017enim vrtom, kjer cvetijo vrtni\u010dni popki na 3195 rastlinah. Vsak od grmov vrtnic slu\u017ei kot simbol naselja na Mad\u017earskem in v tujini ter simbolizira enotnost prestolnice in pode\u017eelja. Med 50 vrstami vrtnic se skriva tudi budimpe\u0161tanska vrtnica, \u010dudovita breskovo obarvana ro\u017ea vrste Gro\u00dfherzogin Luise. Poleg cvetov ljubezni so v ro\u017enem vrtu parka Jubilee postavili tudi trajnice in de\u017eni vrt.<\/p>\n<p>Atelje-muzej Moln\u00e1r-C. P\u00e1l<br \/>\nSlikar in grafik Moln\u00e1r-C. P\u00e1l, rojen leta 1894, je v svoji vili na ulici M\u00e9nesi \u00fat 50 let ustvarjal razli\u010dne grafike, oljne slike, lesoreze in ve\u010d fresk. Njegovo delo je bilo nagrajeno z ve\u010d nagradami, vklju\u010dno z zlato medaljo za slikarstvo, ki mu je bila podeljena na svetovni razstavi v Parizu leta 1937. Po njegovi smrti je ena od njegovih h\u010dera ustanovila dru\u017einski zasebni muzej, ki je najstarej\u0161i v na\u0161i dr\u017eavi. Stalna razstava predstavlja presek bogate umetni\u0161ke zapu\u0161\u010dine v rojstnem kraju del, skupaj z umetnikovimi osebnimi predmeti.<br \/>\n1118 Budimpe\u0161ta, M\u00e9nesi \u00fat 65.<\/p>\n<p>Kavarna in galerija Kelet<br \/>\nS svojim prijaznim vzdu\u0161jem in prijetnimi gastronomskimi dobrotami je Kelet lahko zlatar na\u0161ih juter, vsakdana in poznih ve\u010derov hkrati. Kakovostne kavne specialitete nas s svojimi ble\u0161\u010de\u010dimi aromami kadar koli pritegnejo. Njihova orientalska bistrojska kuhinja pa je zagotovilo, da jih lahko obi\u0161\u010demo na zajtrk, kosilo ali celo le hiter prigrizek. Dolge, prijetne poletne ve\u010dere lahko kronamo z okusnim koktajlom, kozarcem vina ali celo pivom. Poleg vsega tega je prostor, ki se pona\u0161a s 5\u20136000 knjigami, tudi kulturni prostor, kjer se odvijajo predstavitve knjig ali celo vznemirljive razstave.<\/p>\n<p>1114 Budimpe\u0161ta, Bart\u00f3k B\u00e9la \u00fat 29.<\/p>\n<p>N\u00e9mi Keny\u00e9r P\u00e9km\u0171hely<br \/>\nZgodba majhne lokalne pekarne na ulici Vill\u00e1nyi se je za\u010dela leta 2020, ko je Krisztina zaradi epidemije nenadoma izgubila slu\u017ebo in za\u010dela vzgajati kislo testo. To ji je uspelo po sre\u010dnem naklju\u010dju, saj danes njeni nagrajeni, dolgo zorjeni izdelki mnogim nari\u0161ejo zadovoljen nasmeh na obraz. Pekarna je odprta dva dni v tednu po nekaj ur, kruh iz doma\u010de moke in razli\u010dne pekovske izdelke pa izdelujejo po predhodnih naro\u010dilih.<br \/>\n1118 Budimpe\u0161ta, Vill\u00e1nyi \u00fat 103.<\/p>\n","protected":false},"excerpt":{"rendered":"<p>ll\u00e9rt Hill, okro\u017eje 1. in 11. okro\u017eja prestolnice, le\u017ei pod pobo\u010dji Gell\u00e9rt Hilla, ki skriva na<\/p>\n","protected":false},"author":391,"featured_media":609519,"comment_status":"closed","ping_status":"closed","sticky":false,"template":"","format":"standard","meta":{"_acf_changed":false,"wprm-recipe-roundup-name":"","wprm-recipe-roundup-description":"","ngg_post_thumbnail":0,"footnotes":""},"categories":[14345],"tags":[],"post_places":[],"class_list":["post-609518","post","type-post","status-publish","format-standard","has-post-thumbnail","hentry","category-potovanje"],"acf":{"connected_places":"","del_image":""},"yoast_head":"<!-- This site is optimized with the Yoast SEO plugin v27.2 - https:\/\/yoast.com\/product\/yoast-seo-wordpress\/ -->\n<title>Do\u017eivetja na Gell\u00e9rt Hillu: 6 zakladov, ki jih ne smete zamuditi pod \u010darobnimi pobo\u010dji Gell\u00e9rt Hilla<\/title>\n<meta name=\"robots\" content=\"index, follow, max-snippet:-1, max-image-preview:large, max-video-preview:-1\" \/>\n<link rel=\"canonical\" href=\"https:\/\/funzine.hu\/sl\/2025\/08\/27\/potovanje\/dozivetja-na-gellert-hillu-6-zakladov-ki-jih-ne-smete-zamuditi-pod-carobnimi-pobocji-gellert-hilla\/\" \/>\n<meta property=\"og:locale\" content=\"sl_SI\" \/>\n<meta property=\"og:type\" content=\"article\" \/>\n<meta property=\"og:title\" content=\"Do\u017eivetja na Gell\u00e9rt Hillu: 6 zakladov, ki jih ne smete zamuditi pod \u010darobnimi pobo\u010dji Gell\u00e9rt Hilla\" \/>\n<meta property=\"og:description\" content=\"ll\u00e9rt Hill, okro\u017eje 1. in 11. okro\u017eja prestolnice, le\u017ei pod pobo\u010dji Gell\u00e9rt Hilla, ki skriva na\" \/>\n<meta property=\"og:url\" content=\"https:\/\/funzine.hu\/sl\/2025\/08\/27\/potovanje\/dozivetja-na-gellert-hillu-6-zakladov-ki-jih-ne-smete-zamuditi-pod-carobnimi-pobocji-gellert-hilla\/\" \/>\n<meta property=\"og:site_name\" content=\"Funzine\" \/>\n<meta property=\"article:publisher\" content=\"https:\/\/www.facebook.com\/funzine\/\" \/>\n<meta property=\"article:published_time\" content=\"2025-08-27T09:51:21+00:00\" \/>\n<meta property=\"og:image\" content=\"https:\/\/funzine.hu\/wp-content\/uploads\/2025\/08\/budapest-630158_1280.jpg\" \/>\n\t<meta property=\"og:image:width\" content=\"853\" \/>\n\t<meta property=\"og:image:height\" content=\"1280\" \/>\n\t<meta property=\"og:image:type\" content=\"image\/jpeg\" \/>\n<meta name=\"author\" content=\"Bodn\u00e1r Zsuzsa\" \/>\n<meta name=\"twitter:card\" content=\"summary_large_image\" \/>\n<meta name=\"twitter:creator\" content=\"@funzine\" \/>\n<meta name=\"twitter:site\" content=\"@funzine\" \/>\n<meta name=\"twitter:label1\" content=\"Written by\" \/>\n\t<meta name=\"twitter:data1\" content=\"Bodn\u00e1r Zsuzsa\" \/>\n\t<meta name=\"twitter:label2\" content=\"Est. reading time\" \/>\n\t<meta name=\"twitter:data2\" content=\"5 minut\" \/>\n<script type=\"application\/ld+json\" class=\"yoast-schema-graph\">{\"@context\":\"https:\/\/schema.org\",\"@graph\":[{\"@type\":\"NewsArticle\",\"@id\":\"https:\/\/funzine.hu\/sl\/2025\/08\/27\/potovanje\/dozivetja-na-gellert-hillu-6-zakladov-ki-jih-ne-smete-zamuditi-pod-carobnimi-pobocji-gellert-hilla\/#article\",\"isPartOf\":{\"@id\":\"https:\/\/funzine.hu\/sl\/2025\/08\/27\/potovanje\/dozivetja-na-gellert-hillu-6-zakladov-ki-jih-ne-smete-zamuditi-pod-carobnimi-pobocji-gellert-hilla\/\"},\"author\":{\"name\":\"Bodn\u00e1r Zsuzsa\",\"@id\":\"https:\/\/funzine.hu\/#\/schema\/person\/f3864a88f41183e8c3af70534ac28bb4\"},\"headline\":\"Do\u017eivetja na Gell\u00e9rt Hillu: 6 zakladov, ki jih ne smete zamuditi pod \u010darobnimi pobo\u010dji Gell\u00e9rt Hilla\",\"datePublished\":\"2025-08-27T09:51:21+00:00\",\"mainEntityOfPage\":{\"@id\":\"https:\/\/funzine.hu\/sl\/2025\/08\/27\/potovanje\/dozivetja-na-gellert-hillu-6-zakladov-ki-jih-ne-smete-zamuditi-pod-carobnimi-pobocji-gellert-hilla\/\"},\"wordCount\":830,\"image\":{\"@id\":\"https:\/\/funzine.hu\/sl\/2025\/08\/27\/potovanje\/dozivetja-na-gellert-hillu-6-zakladov-ki-jih-ne-smete-zamuditi-pod-carobnimi-pobocji-gellert-hilla\/#primaryimage\"},\"thumbnailUrl\":\"https:\/\/funzine.hu\/wp-content\/uploads\/2025\/08\/budapest-630158_1280.jpg\",\"articleSection\":[\"Potovanje\"],\"inLanguage\":\"sl-SI\"},{\"@type\":\"WebPage\",\"@id\":\"https:\/\/funzine.hu\/sl\/2025\/08\/27\/potovanje\/dozivetja-na-gellert-hillu-6-zakladov-ki-jih-ne-smete-zamuditi-pod-carobnimi-pobocji-gellert-hilla\/\",\"url\":\"https:\/\/funzine.hu\/sl\/2025\/08\/27\/potovanje\/dozivetja-na-gellert-hillu-6-zakladov-ki-jih-ne-smete-zamuditi-pod-carobnimi-pobocji-gellert-hilla\/\",\"name\":\"Do\u017eivetja na Gell\u00e9rt Hillu: 6 zakladov, ki jih ne smete zamuditi pod \u010darobnimi pobo\u010dji Gell\u00e9rt Hilla\",\"isPartOf\":{\"@id\":\"https:\/\/funzine.hu\/#website\"},\"primaryImageOfPage\":{\"@id\":\"https:\/\/funzine.hu\/sl\/2025\/08\/27\/potovanje\/dozivetja-na-gellert-hillu-6-zakladov-ki-jih-ne-smete-zamuditi-pod-carobnimi-pobocji-gellert-hilla\/#primaryimage\"},\"image\":{\"@id\":\"https:\/\/funzine.hu\/sl\/2025\/08\/27\/potovanje\/dozivetja-na-gellert-hillu-6-zakladov-ki-jih-ne-smete-zamuditi-pod-carobnimi-pobocji-gellert-hilla\/#primaryimage\"},\"thumbnailUrl\":\"https:\/\/funzine.hu\/wp-content\/uploads\/2025\/08\/budapest-630158_1280.jpg\",\"datePublished\":\"2025-08-27T09:51:21+00:00\",\"author\":{\"@id\":\"https:\/\/funzine.hu\/#\/schema\/person\/f3864a88f41183e8c3af70534ac28bb4\"},\"breadcrumb\":{\"@id\":\"https:\/\/funzine.hu\/sl\/2025\/08\/27\/potovanje\/dozivetja-na-gellert-hillu-6-zakladov-ki-jih-ne-smete-zamuditi-pod-carobnimi-pobocji-gellert-hilla\/#breadcrumb\"},\"inLanguage\":\"sl-SI\",\"potentialAction\":[{\"@type\":\"ReadAction\",\"target\":[\"https:\/\/funzine.hu\/sl\/2025\/08\/27\/potovanje\/dozivetja-na-gellert-hillu-6-zakladov-ki-jih-ne-smete-zamuditi-pod-carobnimi-pobocji-gellert-hilla\/\"]}]},{\"@type\":\"ImageObject\",\"inLanguage\":\"sl-SI\",\"@id\":\"https:\/\/funzine.hu\/sl\/2025\/08\/27\/potovanje\/dozivetja-na-gellert-hillu-6-zakladov-ki-jih-ne-smete-zamuditi-pod-carobnimi-pobocji-gellert-hilla\/#primaryimage\",\"url\":\"https:\/\/funzine.hu\/wp-content\/uploads\/2025\/08\/budapest-630158_1280.jpg\",\"contentUrl\":\"https:\/\/funzine.hu\/wp-content\/uploads\/2025\/08\/budapest-630158_1280.jpg\",\"width\":853,\"height\":1280,\"caption\":\"ilustracija - pixabay.com\"},{\"@type\":\"BreadcrumbList\",\"@id\":\"https:\/\/funzine.hu\/sl\/2025\/08\/27\/potovanje\/dozivetja-na-gellert-hillu-6-zakladov-ki-jih-ne-smete-zamuditi-pod-carobnimi-pobocji-gellert-hilla\/#breadcrumb\",\"itemListElement\":[{\"@type\":\"ListItem\",\"position\":1,\"name\":\"Home\",\"item\":\"https:\/\/funzine.hu\/sl\/\"},{\"@type\":\"ListItem\",\"position\":2,\"name\":\"Do\u017eivetja na Gell\u00e9rt Hillu: 6 zakladov, ki jih ne smete zamuditi pod \u010darobnimi pobo\u010dji Gell\u00e9rt Hilla\"}]},{\"@type\":\"WebSite\",\"@id\":\"https:\/\/funzine.hu\/#website\",\"url\":\"https:\/\/funzine.hu\/\",\"name\":\"Funzine\",\"description\":\"\",\"potentialAction\":[{\"@type\":\"SearchAction\",\"target\":{\"@type\":\"EntryPoint\",\"urlTemplate\":\"https:\/\/funzine.hu\/?s={search_term_string}\"},\"query-input\":{\"@type\":\"PropertyValueSpecification\",\"valueRequired\":true,\"valueName\":\"search_term_string\"}}],\"inLanguage\":\"sl-SI\"},{\"@type\":\"Person\",\"@id\":\"https:\/\/funzine.hu\/#\/schema\/person\/f3864a88f41183e8c3af70534ac28bb4\",\"name\":\"Bodn\u00e1r Zsuzsa\",\"image\":{\"@type\":\"ImageObject\",\"inLanguage\":\"sl-SI\",\"@id\":\"https:\/\/secure.gravatar.com\/avatar\/3dac04a042bfb0c015d0f893ef5eb9cca9d966bb5795039862dafd8d2ab5d410?s=96&d=mm&r=g\",\"url\":\"https:\/\/secure.gravatar.com\/avatar\/3dac04a042bfb0c015d0f893ef5eb9cca9d966bb5795039862dafd8d2ab5d410?s=96&d=mm&r=g\",\"contentUrl\":\"https:\/\/secure.gravatar.com\/avatar\/3dac04a042bfb0c015d0f893ef5eb9cca9d966bb5795039862dafd8d2ab5d410?s=96&d=mm&r=g\",\"caption\":\"Bodn\u00e1r Zsuzsa\"},\"url\":\"https:\/\/funzine.hu\/sl\/author\/bodnar-zsuzsa-1984\/\"}]}<\/script>\n<!-- \/ Yoast SEO plugin. -->","yoast_head_json":{"title":"Do\u017eivetja na Gell\u00e9rt Hillu: 6 zakladov, ki jih ne smete zamuditi pod \u010darobnimi pobo\u010dji Gell\u00e9rt Hilla","robots":{"index":"index","follow":"follow","max-snippet":"max-snippet:-1","max-image-preview":"max-image-preview:large","max-video-preview":"max-video-preview:-1"},"canonical":"https:\/\/funzine.hu\/sl\/2025\/08\/27\/potovanje\/dozivetja-na-gellert-hillu-6-zakladov-ki-jih-ne-smete-zamuditi-pod-carobnimi-pobocji-gellert-hilla\/","og_locale":"sl_SI","og_type":"article","og_title":"Do\u017eivetja na Gell\u00e9rt Hillu: 6 zakladov, ki jih ne smete zamuditi pod \u010darobnimi pobo\u010dji Gell\u00e9rt Hilla","og_description":"ll\u00e9rt Hill, okro\u017eje 1. in 11. okro\u017eja prestolnice, le\u017ei pod pobo\u010dji Gell\u00e9rt Hilla, ki skriva na","og_url":"https:\/\/funzine.hu\/sl\/2025\/08\/27\/potovanje\/dozivetja-na-gellert-hillu-6-zakladov-ki-jih-ne-smete-zamuditi-pod-carobnimi-pobocji-gellert-hilla\/","og_site_name":"Funzine","article_publisher":"https:\/\/www.facebook.com\/funzine\/","article_published_time":"2025-08-27T09:51:21+00:00","og_image":[{"width":853,"height":1280,"url":"https:\/\/funzine.hu\/wp-content\/uploads\/2025\/08\/budapest-630158_1280.jpg","type":"image\/jpeg"}],"author":"Bodn\u00e1r Zsuzsa","twitter_card":"summary_large_image","twitter_creator":"@funzine","twitter_site":"@funzine","twitter_misc":{"Written by":"Bodn\u00e1r Zsuzsa","Est. reading time":"5 minut"},"schema":{"@context":"https:\/\/schema.org","@graph":[{"@type":"NewsArticle","@id":"https:\/\/funzine.hu\/sl\/2025\/08\/27\/potovanje\/dozivetja-na-gellert-hillu-6-zakladov-ki-jih-ne-smete-zamuditi-pod-carobnimi-pobocji-gellert-hilla\/#article","isPartOf":{"@id":"https:\/\/funzine.hu\/sl\/2025\/08\/27\/potovanje\/dozivetja-na-gellert-hillu-6-zakladov-ki-jih-ne-smete-zamuditi-pod-carobnimi-pobocji-gellert-hilla\/"},"author":{"name":"Bodn\u00e1r Zsuzsa","@id":"https:\/\/funzine.hu\/#\/schema\/person\/f3864a88f41183e8c3af70534ac28bb4"},"headline":"Do\u017eivetja na Gell\u00e9rt Hillu: 6 zakladov, ki jih ne smete zamuditi pod \u010darobnimi pobo\u010dji Gell\u00e9rt Hilla","datePublished":"2025-08-27T09:51:21+00:00","mainEntityOfPage":{"@id":"https:\/\/funzine.hu\/sl\/2025\/08\/27\/potovanje\/dozivetja-na-gellert-hillu-6-zakladov-ki-jih-ne-smete-zamuditi-pod-carobnimi-pobocji-gellert-hilla\/"},"wordCount":830,"image":{"@id":"https:\/\/funzine.hu\/sl\/2025\/08\/27\/potovanje\/dozivetja-na-gellert-hillu-6-zakladov-ki-jih-ne-smete-zamuditi-pod-carobnimi-pobocji-gellert-hilla\/#primaryimage"},"thumbnailUrl":"https:\/\/funzine.hu\/wp-content\/uploads\/2025\/08\/budapest-630158_1280.jpg","articleSection":["Potovanje"],"inLanguage":"sl-SI"},{"@type":"WebPage","@id":"https:\/\/funzine.hu\/sl\/2025\/08\/27\/potovanje\/dozivetja-na-gellert-hillu-6-zakladov-ki-jih-ne-smete-zamuditi-pod-carobnimi-pobocji-gellert-hilla\/","url":"https:\/\/funzine.hu\/sl\/2025\/08\/27\/potovanje\/dozivetja-na-gellert-hillu-6-zakladov-ki-jih-ne-smete-zamuditi-pod-carobnimi-pobocji-gellert-hilla\/","name":"Do\u017eivetja na Gell\u00e9rt Hillu: 6 zakladov, ki jih ne smete zamuditi pod \u010darobnimi pobo\u010dji Gell\u00e9rt Hilla","isPartOf":{"@id":"https:\/\/funzine.hu\/#website"},"primaryImageOfPage":{"@id":"https:\/\/funzine.hu\/sl\/2025\/08\/27\/potovanje\/dozivetja-na-gellert-hillu-6-zakladov-ki-jih-ne-smete-zamuditi-pod-carobnimi-pobocji-gellert-hilla\/#primaryimage"},"image":{"@id":"https:\/\/funzine.hu\/sl\/2025\/08\/27\/potovanje\/dozivetja-na-gellert-hillu-6-zakladov-ki-jih-ne-smete-zamuditi-pod-carobnimi-pobocji-gellert-hilla\/#primaryimage"},"thumbnailUrl":"https:\/\/funzine.hu\/wp-content\/uploads\/2025\/08\/budapest-630158_1280.jpg","datePublished":"2025-08-27T09:51:21+00:00","author":{"@id":"https:\/\/funzine.hu\/#\/schema\/person\/f3864a88f41183e8c3af70534ac28bb4"},"breadcrumb":{"@id":"https:\/\/funzine.hu\/sl\/2025\/08\/27\/potovanje\/dozivetja-na-gellert-hillu-6-zakladov-ki-jih-ne-smete-zamuditi-pod-carobnimi-pobocji-gellert-hilla\/#breadcrumb"},"inLanguage":"sl-SI","potentialAction":[{"@type":"ReadAction","target":["https:\/\/funzine.hu\/sl\/2025\/08\/27\/potovanje\/dozivetja-na-gellert-hillu-6-zakladov-ki-jih-ne-smete-zamuditi-pod-carobnimi-pobocji-gellert-hilla\/"]}]},{"@type":"ImageObject","inLanguage":"sl-SI","@id":"https:\/\/funzine.hu\/sl\/2025\/08\/27\/potovanje\/dozivetja-na-gellert-hillu-6-zakladov-ki-jih-ne-smete-zamuditi-pod-carobnimi-pobocji-gellert-hilla\/#primaryimage","url":"https:\/\/funzine.hu\/wp-content\/uploads\/2025\/08\/budapest-630158_1280.jpg","contentUrl":"https:\/\/funzine.hu\/wp-content\/uploads\/2025\/08\/budapest-630158_1280.jpg","width":853,"height":1280,"caption":"ilustracija - pixabay.com"},{"@type":"BreadcrumbList","@id":"https:\/\/funzine.hu\/sl\/2025\/08\/27\/potovanje\/dozivetja-na-gellert-hillu-6-zakladov-ki-jih-ne-smete-zamuditi-pod-carobnimi-pobocji-gellert-hilla\/#breadcrumb","itemListElement":[{"@type":"ListItem","position":1,"name":"Home","item":"https:\/\/funzine.hu\/sl\/"},{"@type":"ListItem","position":2,"name":"Do\u017eivetja na Gell\u00e9rt Hillu: 6 zakladov, ki jih ne smete zamuditi pod \u010darobnimi pobo\u010dji Gell\u00e9rt Hilla"}]},{"@type":"WebSite","@id":"https:\/\/funzine.hu\/#website","url":"https:\/\/funzine.hu\/","name":"Funzine","description":"","potentialAction":[{"@type":"SearchAction","target":{"@type":"EntryPoint","urlTemplate":"https:\/\/funzine.hu\/?s={search_term_string}"},"query-input":{"@type":"PropertyValueSpecification","valueRequired":true,"valueName":"search_term_string"}}],"inLanguage":"sl-SI"},{"@type":"Person","@id":"https:\/\/funzine.hu\/#\/schema\/person\/f3864a88f41183e8c3af70534ac28bb4","name":"Bodn\u00e1r Zsuzsa","image":{"@type":"ImageObject","inLanguage":"sl-SI","@id":"https:\/\/secure.gravatar.com\/avatar\/3dac04a042bfb0c015d0f893ef5eb9cca9d966bb5795039862dafd8d2ab5d410?s=96&d=mm&r=g","url":"https:\/\/secure.gravatar.com\/avatar\/3dac04a042bfb0c015d0f893ef5eb9cca9d966bb5795039862dafd8d2ab5d410?s=96&d=mm&r=g","contentUrl":"https:\/\/secure.gravatar.com\/avatar\/3dac04a042bfb0c015d0f893ef5eb9cca9d966bb5795039862dafd8d2ab5d410?s=96&d=mm&r=g","caption":"Bodn\u00e1r Zsuzsa"},"url":"https:\/\/funzine.hu\/sl\/author\/bodnar-zsuzsa-1984\/"}]}},"amp_enabled":true,"_links":{"self":[{"href":"https:\/\/funzine.hu\/sl\/wp-json\/wp\/v2\/posts\/609518","targetHints":{"allow":["GET"]}}],"collection":[{"href":"https:\/\/funzine.hu\/sl\/wp-json\/wp\/v2\/posts"}],"about":[{"href":"https:\/\/funzine.hu\/sl\/wp-json\/wp\/v2\/types\/post"}],"author":[{"embeddable":true,"href":"https:\/\/funzine.hu\/sl\/wp-json\/wp\/v2\/users\/391"}],"replies":[{"embeddable":true,"href":"https:\/\/funzine.hu\/sl\/wp-json\/wp\/v2\/comments?post=609518"}],"version-history":[{"count":1,"href":"https:\/\/funzine.hu\/sl\/wp-json\/wp\/v2\/posts\/609518\/revisions"}],"predecessor-version":[{"id":609520,"href":"https:\/\/funzine.hu\/sl\/wp-json\/wp\/v2\/posts\/609518\/revisions\/609520"}],"wp:featuredmedia":[{"embeddable":true,"href":"https:\/\/funzine.hu\/sl\/wp-json\/wp\/v2\/media\/609519"}],"wp:attachment":[{"href":"https:\/\/funzine.hu\/sl\/wp-json\/wp\/v2\/media?parent=609518"}],"wp:term":[{"taxonomy":"category","embeddable":true,"href":"https:\/\/funzine.hu\/sl\/wp-json\/wp\/v2\/categories?post=609518"},{"taxonomy":"post_tag","embeddable":true,"href":"https:\/\/funzine.hu\/sl\/wp-json\/wp\/v2\/tags?post=609518"},{"taxonomy":"post_places","embeddable":true,"href":"https:\/\/funzine.hu\/sl\/wp-json\/wp\/v2\/post_places?post=609518"}],"curies":[{"name":"wp","href":"https:\/\/api.w.org\/{rel}","templated":true}]}}