{"id":609193,"date":"2025-08-21T16:37:43","date_gmt":"2025-08-21T14:37:43","guid":{"rendered":"https:\/\/funzine.hu\/?p=609193"},"modified":"2025-08-21T16:37:43","modified_gmt":"2025-08-21T14:37:43","slug":"odprta-najnovejsa-brezplacna-plaza-v-budimpesti-v-prestolnici-se-lahko-brezplacno-cofotate","status":"publish","type":"post","link":"https:\/\/funzine.hu\/sl\/2025\/08\/21\/potovanje\/odprta-najnovejsa-brezplacna-plaza-v-budimpesti-v-prestolnici-se-lahko-brezplacno-cofotate\/","title":{"rendered":"Odprta najnovej\u0161a brezpla\u010dna pla\u017ea v Budimpe\u0161ti: v prestolnici se lahko brezpla\u010dno \u010dofotate"},"content":{"rendered":"<p>To je najbolj\u0161a novica tega poletja: brezpla\u010dna pla\u017ea Donavskega kopali\u0161\u010da v delu \u00c1raszt\u00f3 je danes odprla svoja vrata! Prebivalci Budimpe\u0161te so korak bli\u017eje temu, da bo \u010dudovita re\u010dna obala spet del njihovega vsakdana \u2013 in seveda, da se bodo lahko brezpla\u010dno ohladili v \u017ego\u010di vro\u010dini.<\/p>\n<figure id=\"attachment_609194\" aria-describedby=\"caption-attachment-609194\" style=\"width: 850px\" class=\"wp-caption aligncenter\"><img decoding=\"async\" class=\"size-funzine-large wp-image-609194\" src=\"https:\/\/funzine.hu\/wp-content\/uploads\/2025\/08\/children-8082256_1280-1200x798.jpg\" alt=\"\" width=\"850\" height=\"565\" srcset=\"https:\/\/funzine.hu\/wp-content\/uploads\/2025\/08\/children-8082256_1280-1200x798.jpg 1200w, https:\/\/funzine.hu\/wp-content\/uploads\/2025\/08\/children-8082256_1280-300x200.jpg 300w, https:\/\/funzine.hu\/wp-content\/uploads\/2025\/08\/children-8082256_1280-1024x681.jpg 1024w, https:\/\/funzine.hu\/wp-content\/uploads\/2025\/08\/children-8082256_1280-768x511.jpg 768w, https:\/\/funzine.hu\/wp-content\/uploads\/2025\/08\/children-8082256_1280-360x240.jpg 360w, https:\/\/funzine.hu\/wp-content\/uploads\/2025\/08\/children-8082256_1280-100x65.jpg 100w, https:\/\/funzine.hu\/wp-content\/uploads\/2025\/08\/children-8082256_1280.jpg 1280w\" sizes=\"(max-width: 850px) 100vw, 850px\" \/><figcaption id=\"caption-attachment-609194\" class=\"wp-caption-text\">ilustracija &#8211; pixabay.com<\/figcaption><\/figure>\n<p>Ni \u0161ala, nova brezpla\u010dna pla\u017ea je tu<br \/>\n\u017de nekaj \u010dasa se govori, zdaj pa je uradno: v Donavi se lahko potopite na novem mestu, zahvaljujo\u010d pobudi prestolnice, predanemu delu Budapest Spa and Thermal Baths Ltd., zdru\u017eenja VALYO in ob\u010dine 11. okro\u017eja. Lepo vzdr\u017eevan del \u00c1raszt\u00f3 je v zadnjih petih letih postal pravi koncept in je zrasel v najljub\u0161i skupnostni prostor prestolnice ob Donavi.<\/p>\n<p>Udobne mize za piknik, le\u017ealniki, ognji\u0161\u010da in slikovita okolica v rekreacijskem parku ponujajo navdu\u0161enje za vsakogar, zato se spla\u010da obiskati 11. okro\u017eje. Odli\u010den kraj za piknik s prijatelji, romanti\u010den sprehod ali celo dru\u017einsko sre\u010danje!<\/p>\n<p>Vodna do\u017eivetja v sredi\u0161\u010du pozornosti<br \/>\nRomanti\u010dna brezpla\u010dna pla\u017ea Duna-f\u00fcrd\u0151 \u00c1raszt\u00f3 zdaj v \u00dajbudo privablja tudi ljubitelje vode, da skupaj u\u017eivajo v avgustovskem soncu. Do pla\u017ee se lahko pride pe\u0161 in s kolesom s kri\u017ei\u0161\u010da Kondorosi \u00fat.<\/p>\n<p>Vodni raj \u00dajbuda vabi mlade in stare do konca avgusta \u2013 obljublja poletne dogodiv\u0161\u010dine, sprostitev brez obla\u010dka in te\u017eko pri\u010dakovano osve\u017eitev. Noben \u010dlan dru\u017eine si ne \u017eeli zamuditi te izku\u0161nje!<\/p>\n<p>Naslov<br \/>\nBudimpe\u0161ta, 1113 Bocskai \u00fat 39-41.<\/p>\n<p>Odpiralni \u010das<br \/>\nDo 31. avgusta, vsak dan od 10. do 18. ure<\/p>\n","protected":false},"excerpt":{"rendered":"<p>To je najbolj\u0161a novica tega poletja: brezpla\u010dna pla\u017ea Donavskega kopali\u0161\u010da v delu \u00c1raszt\u00f3 je danes<\/p>\n","protected":false},"author":391,"featured_media":609194,"comment_status":"closed","ping_status":"closed","sticky":false,"template":"","format":"standard","meta":{"_acf_changed":false,"wprm-recipe-roundup-name":"","wprm-recipe-roundup-description":"","ngg_post_thumbnail":0,"footnotes":""},"categories":[14345],"tags":[],"post_places":[],"class_list":["post-609193","post","type-post","status-publish","format-standard","has-post-thumbnail","hentry","category-potovanje"],"acf":{"connected_places":"","del_image":""},"yoast_head":"<!-- This site is optimized with the Yoast SEO plugin v27.2 - https:\/\/yoast.com\/product\/yoast-seo-wordpress\/ -->\n<title>Odprta najnovej\u0161a brezpla\u010dna pla\u017ea v Budimpe\u0161ti: v prestolnici se lahko brezpla\u010dno \u010dofotate<\/title>\n<meta name=\"robots\" content=\"index, follow, max-snippet:-1, max-image-preview:large, max-video-preview:-1\" \/>\n<link rel=\"canonical\" href=\"https:\/\/funzine.hu\/sl\/2025\/08\/21\/potovanje\/odprta-najnovejsa-brezplacna-plaza-v-budimpesti-v-prestolnici-se-lahko-brezplacno-cofotate\/\" \/>\n<meta property=\"og:locale\" content=\"sl_SI\" \/>\n<meta property=\"og:type\" content=\"article\" \/>\n<meta property=\"og:title\" content=\"Odprta najnovej\u0161a brezpla\u010dna pla\u017ea v Budimpe\u0161ti: v prestolnici se lahko brezpla\u010dno \u010dofotate\" \/>\n<meta property=\"og:description\" content=\"To je najbolj\u0161a novica tega poletja: brezpla\u010dna pla\u017ea Donavskega kopali\u0161\u010da v delu \u00c1raszt\u00f3 je danes\" \/>\n<meta property=\"og:url\" content=\"https:\/\/funzine.hu\/sl\/2025\/08\/21\/potovanje\/odprta-najnovejsa-brezplacna-plaza-v-budimpesti-v-prestolnici-se-lahko-brezplacno-cofotate\/\" \/>\n<meta property=\"og:site_name\" content=\"Funzine\" \/>\n<meta property=\"article:publisher\" content=\"https:\/\/www.facebook.com\/funzine\/\" \/>\n<meta property=\"article:published_time\" content=\"2025-08-21T14:37:43+00:00\" \/>\n<meta property=\"og:image\" content=\"https:\/\/funzine.hu\/wp-content\/uploads\/2025\/08\/children-8082256_1280.jpg\" \/>\n\t<meta property=\"og:image:width\" content=\"1280\" \/>\n\t<meta property=\"og:image:height\" content=\"851\" \/>\n\t<meta property=\"og:image:type\" content=\"image\/jpeg\" \/>\n<meta name=\"author\" content=\"Bodn\u00e1r Zsuzsa\" \/>\n<meta name=\"twitter:card\" content=\"summary_large_image\" \/>\n<meta name=\"twitter:creator\" content=\"@funzine\" \/>\n<meta name=\"twitter:site\" content=\"@funzine\" \/>\n<meta name=\"twitter:label1\" content=\"Written by\" \/>\n\t<meta name=\"twitter:data1\" content=\"Bodn\u00e1r Zsuzsa\" \/>\n\t<meta name=\"twitter:label2\" content=\"Est. reading time\" \/>\n\t<meta name=\"twitter:data2\" content=\"2 minuti\" \/>\n<script type=\"application\/ld+json\" class=\"yoast-schema-graph\">{\"@context\":\"https:\/\/schema.org\",\"@graph\":[{\"@type\":\"NewsArticle\",\"@id\":\"https:\/\/funzine.hu\/sl\/2025\/08\/21\/potovanje\/odprta-najnovejsa-brezplacna-plaza-v-budimpesti-v-prestolnici-se-lahko-brezplacno-cofotate\/#article\",\"isPartOf\":{\"@id\":\"https:\/\/funzine.hu\/sl\/2025\/08\/21\/potovanje\/odprta-najnovejsa-brezplacna-plaza-v-budimpesti-v-prestolnici-se-lahko-brezplacno-cofotate\/\"},\"author\":{\"name\":\"Bodn\u00e1r Zsuzsa\",\"@id\":\"https:\/\/funzine.hu\/#\/schema\/person\/f3864a88f41183e8c3af70534ac28bb4\"},\"headline\":\"Odprta najnovej\u0161a brezpla\u010dna pla\u017ea v Budimpe\u0161ti: v prestolnici se lahko brezpla\u010dno \u010dofotate\",\"datePublished\":\"2025-08-21T14:37:43+00:00\",\"mainEntityOfPage\":{\"@id\":\"https:\/\/funzine.hu\/sl\/2025\/08\/21\/potovanje\/odprta-najnovejsa-brezplacna-plaza-v-budimpesti-v-prestolnici-se-lahko-brezplacno-cofotate\/\"},\"wordCount\":290,\"image\":{\"@id\":\"https:\/\/funzine.hu\/sl\/2025\/08\/21\/potovanje\/odprta-najnovejsa-brezplacna-plaza-v-budimpesti-v-prestolnici-se-lahko-brezplacno-cofotate\/#primaryimage\"},\"thumbnailUrl\":\"https:\/\/funzine.hu\/wp-content\/uploads\/2025\/08\/children-8082256_1280.jpg\",\"articleSection\":[\"Potovanje\"],\"inLanguage\":\"sl-SI\"},{\"@type\":\"WebPage\",\"@id\":\"https:\/\/funzine.hu\/sl\/2025\/08\/21\/potovanje\/odprta-najnovejsa-brezplacna-plaza-v-budimpesti-v-prestolnici-se-lahko-brezplacno-cofotate\/\",\"url\":\"https:\/\/funzine.hu\/sl\/2025\/08\/21\/potovanje\/odprta-najnovejsa-brezplacna-plaza-v-budimpesti-v-prestolnici-se-lahko-brezplacno-cofotate\/\",\"name\":\"Odprta najnovej\u0161a brezpla\u010dna pla\u017ea v Budimpe\u0161ti: v prestolnici se lahko brezpla\u010dno \u010dofotate\",\"isPartOf\":{\"@id\":\"https:\/\/funzine.hu\/#website\"},\"primaryImageOfPage\":{\"@id\":\"https:\/\/funzine.hu\/sl\/2025\/08\/21\/potovanje\/odprta-najnovejsa-brezplacna-plaza-v-budimpesti-v-prestolnici-se-lahko-brezplacno-cofotate\/#primaryimage\"},\"image\":{\"@id\":\"https:\/\/funzine.hu\/sl\/2025\/08\/21\/potovanje\/odprta-najnovejsa-brezplacna-plaza-v-budimpesti-v-prestolnici-se-lahko-brezplacno-cofotate\/#primaryimage\"},\"thumbnailUrl\":\"https:\/\/funzine.hu\/wp-content\/uploads\/2025\/08\/children-8082256_1280.jpg\",\"datePublished\":\"2025-08-21T14:37:43+00:00\",\"author\":{\"@id\":\"https:\/\/funzine.hu\/#\/schema\/person\/f3864a88f41183e8c3af70534ac28bb4\"},\"breadcrumb\":{\"@id\":\"https:\/\/funzine.hu\/sl\/2025\/08\/21\/potovanje\/odprta-najnovejsa-brezplacna-plaza-v-budimpesti-v-prestolnici-se-lahko-brezplacno-cofotate\/#breadcrumb\"},\"inLanguage\":\"sl-SI\",\"potentialAction\":[{\"@type\":\"ReadAction\",\"target\":[\"https:\/\/funzine.hu\/sl\/2025\/08\/21\/potovanje\/odprta-najnovejsa-brezplacna-plaza-v-budimpesti-v-prestolnici-se-lahko-brezplacno-cofotate\/\"]}]},{\"@type\":\"ImageObject\",\"inLanguage\":\"sl-SI\",\"@id\":\"https:\/\/funzine.hu\/sl\/2025\/08\/21\/potovanje\/odprta-najnovejsa-brezplacna-plaza-v-budimpesti-v-prestolnici-se-lahko-brezplacno-cofotate\/#primaryimage\",\"url\":\"https:\/\/funzine.hu\/wp-content\/uploads\/2025\/08\/children-8082256_1280.jpg\",\"contentUrl\":\"https:\/\/funzine.hu\/wp-content\/uploads\/2025\/08\/children-8082256_1280.jpg\",\"width\":1280,\"height\":851,\"caption\":\"ilustracija - pixabay.com\"},{\"@type\":\"BreadcrumbList\",\"@id\":\"https:\/\/funzine.hu\/sl\/2025\/08\/21\/potovanje\/odprta-najnovejsa-brezplacna-plaza-v-budimpesti-v-prestolnici-se-lahko-brezplacno-cofotate\/#breadcrumb\",\"itemListElement\":[{\"@type\":\"ListItem\",\"position\":1,\"name\":\"Home\",\"item\":\"https:\/\/funzine.hu\/sl\/\"},{\"@type\":\"ListItem\",\"position\":2,\"name\":\"Odprta najnovej\u0161a brezpla\u010dna pla\u017ea v Budimpe\u0161ti: v prestolnici se lahko brezpla\u010dno \u010dofotate\"}]},{\"@type\":\"WebSite\",\"@id\":\"https:\/\/funzine.hu\/#website\",\"url\":\"https:\/\/funzine.hu\/\",\"name\":\"Funzine\",\"description\":\"\",\"potentialAction\":[{\"@type\":\"SearchAction\",\"target\":{\"@type\":\"EntryPoint\",\"urlTemplate\":\"https:\/\/funzine.hu\/?s={search_term_string}\"},\"query-input\":{\"@type\":\"PropertyValueSpecification\",\"valueRequired\":true,\"valueName\":\"search_term_string\"}}],\"inLanguage\":\"sl-SI\"},{\"@type\":\"Person\",\"@id\":\"https:\/\/funzine.hu\/#\/schema\/person\/f3864a88f41183e8c3af70534ac28bb4\",\"name\":\"Bodn\u00e1r Zsuzsa\",\"image\":{\"@type\":\"ImageObject\",\"inLanguage\":\"sl-SI\",\"@id\":\"https:\/\/secure.gravatar.com\/avatar\/3dac04a042bfb0c015d0f893ef5eb9cca9d966bb5795039862dafd8d2ab5d410?s=96&d=mm&r=g\",\"url\":\"https:\/\/secure.gravatar.com\/avatar\/3dac04a042bfb0c015d0f893ef5eb9cca9d966bb5795039862dafd8d2ab5d410?s=96&d=mm&r=g\",\"contentUrl\":\"https:\/\/secure.gravatar.com\/avatar\/3dac04a042bfb0c015d0f893ef5eb9cca9d966bb5795039862dafd8d2ab5d410?s=96&d=mm&r=g\",\"caption\":\"Bodn\u00e1r Zsuzsa\"},\"url\":\"https:\/\/funzine.hu\/sl\/author\/bodnar-zsuzsa-1984\/\"}]}<\/script>\n<!-- \/ Yoast SEO plugin. -->","yoast_head_json":{"title":"Odprta najnovej\u0161a brezpla\u010dna pla\u017ea v Budimpe\u0161ti: v prestolnici se lahko brezpla\u010dno \u010dofotate","robots":{"index":"index","follow":"follow","max-snippet":"max-snippet:-1","max-image-preview":"max-image-preview:large","max-video-preview":"max-video-preview:-1"},"canonical":"https:\/\/funzine.hu\/sl\/2025\/08\/21\/potovanje\/odprta-najnovejsa-brezplacna-plaza-v-budimpesti-v-prestolnici-se-lahko-brezplacno-cofotate\/","og_locale":"sl_SI","og_type":"article","og_title":"Odprta najnovej\u0161a brezpla\u010dna pla\u017ea v Budimpe\u0161ti: v prestolnici se lahko brezpla\u010dno \u010dofotate","og_description":"To je najbolj\u0161a novica tega poletja: brezpla\u010dna pla\u017ea Donavskega kopali\u0161\u010da v delu \u00c1raszt\u00f3 je danes","og_url":"https:\/\/funzine.hu\/sl\/2025\/08\/21\/potovanje\/odprta-najnovejsa-brezplacna-plaza-v-budimpesti-v-prestolnici-se-lahko-brezplacno-cofotate\/","og_site_name":"Funzine","article_publisher":"https:\/\/www.facebook.com\/funzine\/","article_published_time":"2025-08-21T14:37:43+00:00","og_image":[{"width":1280,"height":851,"url":"https:\/\/funzine.hu\/wp-content\/uploads\/2025\/08\/children-8082256_1280.jpg","type":"image\/jpeg"}],"author":"Bodn\u00e1r Zsuzsa","twitter_card":"summary_large_image","twitter_creator":"@funzine","twitter_site":"@funzine","twitter_misc":{"Written by":"Bodn\u00e1r Zsuzsa","Est. reading time":"2 minuti"},"schema":{"@context":"https:\/\/schema.org","@graph":[{"@type":"NewsArticle","@id":"https:\/\/funzine.hu\/sl\/2025\/08\/21\/potovanje\/odprta-najnovejsa-brezplacna-plaza-v-budimpesti-v-prestolnici-se-lahko-brezplacno-cofotate\/#article","isPartOf":{"@id":"https:\/\/funzine.hu\/sl\/2025\/08\/21\/potovanje\/odprta-najnovejsa-brezplacna-plaza-v-budimpesti-v-prestolnici-se-lahko-brezplacno-cofotate\/"},"author":{"name":"Bodn\u00e1r Zsuzsa","@id":"https:\/\/funzine.hu\/#\/schema\/person\/f3864a88f41183e8c3af70534ac28bb4"},"headline":"Odprta najnovej\u0161a brezpla\u010dna pla\u017ea v Budimpe\u0161ti: v prestolnici se lahko brezpla\u010dno \u010dofotate","datePublished":"2025-08-21T14:37:43+00:00","mainEntityOfPage":{"@id":"https:\/\/funzine.hu\/sl\/2025\/08\/21\/potovanje\/odprta-najnovejsa-brezplacna-plaza-v-budimpesti-v-prestolnici-se-lahko-brezplacno-cofotate\/"},"wordCount":290,"image":{"@id":"https:\/\/funzine.hu\/sl\/2025\/08\/21\/potovanje\/odprta-najnovejsa-brezplacna-plaza-v-budimpesti-v-prestolnici-se-lahko-brezplacno-cofotate\/#primaryimage"},"thumbnailUrl":"https:\/\/funzine.hu\/wp-content\/uploads\/2025\/08\/children-8082256_1280.jpg","articleSection":["Potovanje"],"inLanguage":"sl-SI"},{"@type":"WebPage","@id":"https:\/\/funzine.hu\/sl\/2025\/08\/21\/potovanje\/odprta-najnovejsa-brezplacna-plaza-v-budimpesti-v-prestolnici-se-lahko-brezplacno-cofotate\/","url":"https:\/\/funzine.hu\/sl\/2025\/08\/21\/potovanje\/odprta-najnovejsa-brezplacna-plaza-v-budimpesti-v-prestolnici-se-lahko-brezplacno-cofotate\/","name":"Odprta najnovej\u0161a brezpla\u010dna pla\u017ea v Budimpe\u0161ti: v prestolnici se lahko brezpla\u010dno \u010dofotate","isPartOf":{"@id":"https:\/\/funzine.hu\/#website"},"primaryImageOfPage":{"@id":"https:\/\/funzine.hu\/sl\/2025\/08\/21\/potovanje\/odprta-najnovejsa-brezplacna-plaza-v-budimpesti-v-prestolnici-se-lahko-brezplacno-cofotate\/#primaryimage"},"image":{"@id":"https:\/\/funzine.hu\/sl\/2025\/08\/21\/potovanje\/odprta-najnovejsa-brezplacna-plaza-v-budimpesti-v-prestolnici-se-lahko-brezplacno-cofotate\/#primaryimage"},"thumbnailUrl":"https:\/\/funzine.hu\/wp-content\/uploads\/2025\/08\/children-8082256_1280.jpg","datePublished":"2025-08-21T14:37:43+00:00","author":{"@id":"https:\/\/funzine.hu\/#\/schema\/person\/f3864a88f41183e8c3af70534ac28bb4"},"breadcrumb":{"@id":"https:\/\/funzine.hu\/sl\/2025\/08\/21\/potovanje\/odprta-najnovejsa-brezplacna-plaza-v-budimpesti-v-prestolnici-se-lahko-brezplacno-cofotate\/#breadcrumb"},"inLanguage":"sl-SI","potentialAction":[{"@type":"ReadAction","target":["https:\/\/funzine.hu\/sl\/2025\/08\/21\/potovanje\/odprta-najnovejsa-brezplacna-plaza-v-budimpesti-v-prestolnici-se-lahko-brezplacno-cofotate\/"]}]},{"@type":"ImageObject","inLanguage":"sl-SI","@id":"https:\/\/funzine.hu\/sl\/2025\/08\/21\/potovanje\/odprta-najnovejsa-brezplacna-plaza-v-budimpesti-v-prestolnici-se-lahko-brezplacno-cofotate\/#primaryimage","url":"https:\/\/funzine.hu\/wp-content\/uploads\/2025\/08\/children-8082256_1280.jpg","contentUrl":"https:\/\/funzine.hu\/wp-content\/uploads\/2025\/08\/children-8082256_1280.jpg","width":1280,"height":851,"caption":"ilustracija - pixabay.com"},{"@type":"BreadcrumbList","@id":"https:\/\/funzine.hu\/sl\/2025\/08\/21\/potovanje\/odprta-najnovejsa-brezplacna-plaza-v-budimpesti-v-prestolnici-se-lahko-brezplacno-cofotate\/#breadcrumb","itemListElement":[{"@type":"ListItem","position":1,"name":"Home","item":"https:\/\/funzine.hu\/sl\/"},{"@type":"ListItem","position":2,"name":"Odprta najnovej\u0161a brezpla\u010dna pla\u017ea v Budimpe\u0161ti: v prestolnici se lahko brezpla\u010dno \u010dofotate"}]},{"@type":"WebSite","@id":"https:\/\/funzine.hu\/#website","url":"https:\/\/funzine.hu\/","name":"Funzine","description":"","potentialAction":[{"@type":"SearchAction","target":{"@type":"EntryPoint","urlTemplate":"https:\/\/funzine.hu\/?s={search_term_string}"},"query-input":{"@type":"PropertyValueSpecification","valueRequired":true,"valueName":"search_term_string"}}],"inLanguage":"sl-SI"},{"@type":"Person","@id":"https:\/\/funzine.hu\/#\/schema\/person\/f3864a88f41183e8c3af70534ac28bb4","name":"Bodn\u00e1r Zsuzsa","image":{"@type":"ImageObject","inLanguage":"sl-SI","@id":"https:\/\/secure.gravatar.com\/avatar\/3dac04a042bfb0c015d0f893ef5eb9cca9d966bb5795039862dafd8d2ab5d410?s=96&d=mm&r=g","url":"https:\/\/secure.gravatar.com\/avatar\/3dac04a042bfb0c015d0f893ef5eb9cca9d966bb5795039862dafd8d2ab5d410?s=96&d=mm&r=g","contentUrl":"https:\/\/secure.gravatar.com\/avatar\/3dac04a042bfb0c015d0f893ef5eb9cca9d966bb5795039862dafd8d2ab5d410?s=96&d=mm&r=g","caption":"Bodn\u00e1r Zsuzsa"},"url":"https:\/\/funzine.hu\/sl\/author\/bodnar-zsuzsa-1984\/"}]}},"amp_enabled":true,"_links":{"self":[{"href":"https:\/\/funzine.hu\/sl\/wp-json\/wp\/v2\/posts\/609193","targetHints":{"allow":["GET"]}}],"collection":[{"href":"https:\/\/funzine.hu\/sl\/wp-json\/wp\/v2\/posts"}],"about":[{"href":"https:\/\/funzine.hu\/sl\/wp-json\/wp\/v2\/types\/post"}],"author":[{"embeddable":true,"href":"https:\/\/funzine.hu\/sl\/wp-json\/wp\/v2\/users\/391"}],"replies":[{"embeddable":true,"href":"https:\/\/funzine.hu\/sl\/wp-json\/wp\/v2\/comments?post=609193"}],"version-history":[{"count":1,"href":"https:\/\/funzine.hu\/sl\/wp-json\/wp\/v2\/posts\/609193\/revisions"}],"predecessor-version":[{"id":609195,"href":"https:\/\/funzine.hu\/sl\/wp-json\/wp\/v2\/posts\/609193\/revisions\/609195"}],"wp:featuredmedia":[{"embeddable":true,"href":"https:\/\/funzine.hu\/sl\/wp-json\/wp\/v2\/media\/609194"}],"wp:attachment":[{"href":"https:\/\/funzine.hu\/sl\/wp-json\/wp\/v2\/media?parent=609193"}],"wp:term":[{"taxonomy":"category","embeddable":true,"href":"https:\/\/funzine.hu\/sl\/wp-json\/wp\/v2\/categories?post=609193"},{"taxonomy":"post_tag","embeddable":true,"href":"https:\/\/funzine.hu\/sl\/wp-json\/wp\/v2\/tags?post=609193"},{"taxonomy":"post_places","embeddable":true,"href":"https:\/\/funzine.hu\/sl\/wp-json\/wp\/v2\/post_places?post=609193"}],"curies":[{"name":"wp","href":"https:\/\/api.w.org\/{rel}","templated":true}]}}