{"id":609111,"date":"2025-08-19T18:54:57","date_gmt":"2025-08-19T16:54:57","guid":{"rendered":"https:\/\/funzine.hu\/?p=609111"},"modified":"2025-08-19T18:54:57","modified_gmt":"2025-08-19T16:54:57","slug":"esztergom-vas-ob-20-avgustu-pricakuje-z-brezplacnimi-programi-in-zgodovinskim-sijajem","status":"publish","type":"post","link":"https:\/\/funzine.hu\/sl\/2025\/08\/19\/potovanje\/esztergom-vas-ob-20-avgustu-pricakuje-z-brezplacnimi-programi-in-zgodovinskim-sijajem\/","title":{"rendered":"Esztergom vas ob 20. avgustu pri\u010dakuje z brezpla\u010dnimi programi in zgodovinskim sijajem"},"content":{"rendered":"<p>Kot vsako leto se tudi letos prvo mesto na\u0161e dr\u017eave na dostojen na\u010din spominja na\u0161ega ustanoviteljskega kralja: 19. in 20. avgusta vas \u010dakajo Dnevi svetega \u0160tefana v Esztergomu z brezpla\u010dnimi programi, pisano kavalkado koncertov in dru\u017einskih dogodkov. Dva dni, ko se \u010darobnost tradicij in \u017eivahnost dana\u0161njega \u010dasa prepletata \u2013 v zgodovinskem okolju!<\/p>\n<figure id=\"attachment_609112\" aria-describedby=\"caption-attachment-609112\" style=\"width: 850px\" class=\"wp-caption aligncenter\"><img decoding=\"async\" class=\"size-funzine-large wp-image-609112\" src=\"https:\/\/funzine.hu\/wp-content\/uploads\/2025\/08\/basilica-143153_1280-1200x800.jpg\" alt=\"\" width=\"850\" height=\"567\" srcset=\"https:\/\/funzine.hu\/wp-content\/uploads\/2025\/08\/basilica-143153_1280-1200x800.jpg 1200w, https:\/\/funzine.hu\/wp-content\/uploads\/2025\/08\/basilica-143153_1280-300x200.jpg 300w, https:\/\/funzine.hu\/wp-content\/uploads\/2025\/08\/basilica-143153_1280-1024x682.jpg 1024w, https:\/\/funzine.hu\/wp-content\/uploads\/2025\/08\/basilica-143153_1280-768x512.jpg 768w, https:\/\/funzine.hu\/wp-content\/uploads\/2025\/08\/basilica-143153_1280-360x240.jpg 360w, https:\/\/funzine.hu\/wp-content\/uploads\/2025\/08\/basilica-143153_1280.jpg 1280w\" sizes=\"(max-width: 850px) 100vw, 850px\" \/><figcaption id=\"caption-attachment-609112\" class=\"wp-caption-text\">ilustracija &#8211; pixabay.com<\/figcaption><\/figure>\n<p>Glasbena nostalgija v slikovitem okolju<br \/>\nZve\u010der 19. avgusta se lahko potopimo v glasbeno nostalgijo: na glavnem odru se bo za\u010delo vznemirljivo potovanje skozi \u010das z naslovom \u00bbKiss King, the show\u00ab z ikoni\u010dnimi mad\u017earskimi uspe\u0161nicami, v katerih bodo nastopili P\u00e1l Feke, Viktor Kir\u00e1ly, Andrea Szul\u00e1k, Andr\u00e1s Csonka in Csaba Vastag. Naslednji dan bo prispel najljub\u0161i pevec dr\u017eave Magdi R\u00fazsa, ki bo s \u010dudovitim koncertom na dostojen na\u010din zaklju\u010dil praznik.<\/p>\n<p>Neverjeten program esztergomskih Dnevov svetega \u0160tefana krepijo tudi glasbeni izvajalci, kot so Acoustic Flow, ansambel Muzsik\u00e1s, jazzovski kitarist M\u00e1t\u00e9 Pal\u00e1sti, skupina K\u00e1v\u00e9z\u0151z\u00fcze in L&#8217;Artistic T\u00e1rsulat. Zagotovo ne bo manjkalo fantasti\u010dnih melodij!<\/p>\n<p>Vsa dru\u017eina lahko praznuje skupaj<br \/>\nPoleg odraslih lahko v nepozabnih do\u017eivetjih u\u017eivajo tudi najmlaj\u0161i \u010dlani dru\u017eine: mal\u010dke bodo v \u010dudovitem zelenju parka Erzs\u00e9bet zabavali velikanski \u0161ov z mehur\u010dki, napihljiv grad, poslikava obrazov, ble\u0161\u010de\u010de tetova\u017ee in tradicionalne ljudske lesene igra\u010de.<\/p>\n<p>Na dogodku si lahko ogledate tudi ganljivo zgodbo o petelinjem diamantnem polpeniju in se skupaj navdu\u0161ite nad ugrabljeno princeso na predstavi Csillang\u00f3 Mesemuhely. Poleg predstave z naslovom \u017divljenje svetega \u0160tefana na platnu kina Park bodo za brezmejno sprostitev poskrbele tudi pravljice in filmi!<\/p>\n<p>Seveda ne bo manjkal tradicionalni blagoslov in lomljenje kruha, pomemben dogodek pa bo spremljal prazni\u010dni govor \u00c1d\u00e1ma Hern\u00e1dija, \u017eupana mesta Esztergom z \u017eupanskimi pravicami. Nato bo Nomadska generacija s pomo\u010djo ljudskih motivov, glasbe in plesa obujala svet mad\u017earske poezije. Praznika zagotovo ne bi mogli bolje opisati!<\/p>\n<p>V Esztergomu bodo predstavljene tudi sodobne mojstrovine.<br \/>\n\u010cez dan bomo lahko izbirali med deli lokalnih umetnikov, v gastronomski restavraciji pa bomo lahko razvajali svoje brbon\u010dice z nebe\u0161ko hrano in pija\u010do. Tako kot na festivalu!<\/p>\n<p>In to \u0161e ni vse: letos bo prvi\u010d potekal Teden umetnosti v Esztergomu v okviru Dnevov svetega \u0160tefana, ki jih organizira Ceh umetnikov Esztergoma! Med 15. in 20. avgustom bomo lahko na razstavah, umetni\u0161kih predstavah, vodenih ogledih in delavnicah dobili vpogled v edinstveno umetnost sodobnih umetnikov, povezanih z mestom. Pravzaprav se bomo z njimi lahko celo sre\u010dali v \u017eivo!<\/p>\n<p>Letos se spla\u010da obiskati Dneve svetega \u0160tefana v Esztergomu: kultni dogodek ponuja vznemirljiva do\u017eivetja skupnosti, hkrati pa ponosno promovira in neguje tradicije Esztergoma. Organizatorji toplo pozdravljajo prebivalce Esztergoma in tiste, ki prihajajo v mesto, da bi skupaj praznovali rojstni dan Mad\u017earske na resni\u010dno posebni lokaciji, obdani s sijajem na\u0161e skupne zgodovine.<\/p>\n<p>Udele\u017eba na dogodku je brezpla\u010dna, podroben program je na voljo na spletni strani eszin.visitesztergom.hu, dodatne informacije pa so na voljo na Facebook strani Dnevi svetega \u0160tefana v Esztergomu.<\/p>\n","protected":false},"excerpt":{"rendered":"<p>Kot vsako leto se tudi letos prvo mesto na\u0161e dr\u017eave na dostojen na\u010din spominja na\u0161ega<\/p>\n","protected":false},"author":391,"featured_media":609112,"comment_status":"closed","ping_status":"closed","sticky":false,"template":"","format":"standard","meta":{"_acf_changed":false,"wprm-recipe-roundup-name":"","wprm-recipe-roundup-description":"","ngg_post_thumbnail":0,"footnotes":""},"categories":[14345],"tags":[],"post_places":[],"class_list":["post-609111","post","type-post","status-publish","format-standard","has-post-thumbnail","hentry","category-potovanje"],"acf":{"connected_places":"","del_image":""},"yoast_head":"<!-- This site is optimized with the Yoast SEO plugin v27.2 - https:\/\/yoast.com\/product\/yoast-seo-wordpress\/ -->\n<title>Esztergom vas ob 20. avgustu pri\u010dakuje z brezpla\u010dnimi programi in zgodovinskim sijajem<\/title>\n<meta name=\"robots\" content=\"index, follow, max-snippet:-1, max-image-preview:large, max-video-preview:-1\" \/>\n<link rel=\"canonical\" href=\"https:\/\/funzine.hu\/sl\/2025\/08\/19\/potovanje\/esztergom-vas-ob-20-avgustu-pricakuje-z-brezplacnimi-programi-in-zgodovinskim-sijajem\/\" \/>\n<meta property=\"og:locale\" content=\"sl_SI\" \/>\n<meta property=\"og:type\" content=\"article\" \/>\n<meta property=\"og:title\" content=\"Esztergom vas ob 20. avgustu pri\u010dakuje z brezpla\u010dnimi programi in zgodovinskim sijajem\" \/>\n<meta property=\"og:description\" content=\"Kot vsako leto se tudi letos prvo mesto na\u0161e dr\u017eave na dostojen na\u010din spominja na\u0161ega\" \/>\n<meta property=\"og:url\" content=\"https:\/\/funzine.hu\/sl\/2025\/08\/19\/potovanje\/esztergom-vas-ob-20-avgustu-pricakuje-z-brezplacnimi-programi-in-zgodovinskim-sijajem\/\" \/>\n<meta property=\"og:site_name\" content=\"Funzine\" \/>\n<meta property=\"article:publisher\" content=\"https:\/\/www.facebook.com\/funzine\/\" \/>\n<meta property=\"article:published_time\" content=\"2025-08-19T16:54:57+00:00\" \/>\n<meta property=\"og:image\" content=\"https:\/\/funzine.hu\/wp-content\/uploads\/2025\/08\/basilica-143153_1280.jpg\" \/>\n\t<meta property=\"og:image:width\" content=\"1280\" \/>\n\t<meta property=\"og:image:height\" content=\"853\" \/>\n\t<meta property=\"og:image:type\" content=\"image\/jpeg\" \/>\n<meta name=\"author\" content=\"Bodn\u00e1r Zsuzsa\" \/>\n<meta name=\"twitter:card\" content=\"summary_large_image\" \/>\n<meta name=\"twitter:creator\" content=\"@funzine\" \/>\n<meta name=\"twitter:site\" content=\"@funzine\" \/>\n<meta name=\"twitter:label1\" content=\"Written by\" \/>\n\t<meta name=\"twitter:data1\" content=\"Bodn\u00e1r Zsuzsa\" \/>\n\t<meta name=\"twitter:label2\" content=\"Est. reading time\" \/>\n\t<meta name=\"twitter:data2\" content=\"3 minute\" \/>\n<script type=\"application\/ld+json\" class=\"yoast-schema-graph\">{\"@context\":\"https:\/\/schema.org\",\"@graph\":[{\"@type\":\"NewsArticle\",\"@id\":\"https:\/\/funzine.hu\/sl\/2025\/08\/19\/potovanje\/esztergom-vas-ob-20-avgustu-pricakuje-z-brezplacnimi-programi-in-zgodovinskim-sijajem\/#article\",\"isPartOf\":{\"@id\":\"https:\/\/funzine.hu\/sl\/2025\/08\/19\/potovanje\/esztergom-vas-ob-20-avgustu-pricakuje-z-brezplacnimi-programi-in-zgodovinskim-sijajem\/\"},\"author\":{\"name\":\"Bodn\u00e1r Zsuzsa\",\"@id\":\"https:\/\/funzine.hu\/#\/schema\/person\/f3864a88f41183e8c3af70534ac28bb4\"},\"headline\":\"Esztergom vas ob 20. avgustu pri\u010dakuje z brezpla\u010dnimi programi in zgodovinskim sijajem\",\"datePublished\":\"2025-08-19T16:54:57+00:00\",\"mainEntityOfPage\":{\"@id\":\"https:\/\/funzine.hu\/sl\/2025\/08\/19\/potovanje\/esztergom-vas-ob-20-avgustu-pricakuje-z-brezplacnimi-programi-in-zgodovinskim-sijajem\/\"},\"wordCount\":532,\"image\":{\"@id\":\"https:\/\/funzine.hu\/sl\/2025\/08\/19\/potovanje\/esztergom-vas-ob-20-avgustu-pricakuje-z-brezplacnimi-programi-in-zgodovinskim-sijajem\/#primaryimage\"},\"thumbnailUrl\":\"https:\/\/funzine.hu\/wp-content\/uploads\/2025\/08\/basilica-143153_1280.jpg\",\"articleSection\":[\"Potovanje\"],\"inLanguage\":\"sl-SI\"},{\"@type\":\"WebPage\",\"@id\":\"https:\/\/funzine.hu\/sl\/2025\/08\/19\/potovanje\/esztergom-vas-ob-20-avgustu-pricakuje-z-brezplacnimi-programi-in-zgodovinskim-sijajem\/\",\"url\":\"https:\/\/funzine.hu\/sl\/2025\/08\/19\/potovanje\/esztergom-vas-ob-20-avgustu-pricakuje-z-brezplacnimi-programi-in-zgodovinskim-sijajem\/\",\"name\":\"Esztergom vas ob 20. avgustu pri\u010dakuje z brezpla\u010dnimi programi in zgodovinskim sijajem\",\"isPartOf\":{\"@id\":\"https:\/\/funzine.hu\/#website\"},\"primaryImageOfPage\":{\"@id\":\"https:\/\/funzine.hu\/sl\/2025\/08\/19\/potovanje\/esztergom-vas-ob-20-avgustu-pricakuje-z-brezplacnimi-programi-in-zgodovinskim-sijajem\/#primaryimage\"},\"image\":{\"@id\":\"https:\/\/funzine.hu\/sl\/2025\/08\/19\/potovanje\/esztergom-vas-ob-20-avgustu-pricakuje-z-brezplacnimi-programi-in-zgodovinskim-sijajem\/#primaryimage\"},\"thumbnailUrl\":\"https:\/\/funzine.hu\/wp-content\/uploads\/2025\/08\/basilica-143153_1280.jpg\",\"datePublished\":\"2025-08-19T16:54:57+00:00\",\"author\":{\"@id\":\"https:\/\/funzine.hu\/#\/schema\/person\/f3864a88f41183e8c3af70534ac28bb4\"},\"breadcrumb\":{\"@id\":\"https:\/\/funzine.hu\/sl\/2025\/08\/19\/potovanje\/esztergom-vas-ob-20-avgustu-pricakuje-z-brezplacnimi-programi-in-zgodovinskim-sijajem\/#breadcrumb\"},\"inLanguage\":\"sl-SI\",\"potentialAction\":[{\"@type\":\"ReadAction\",\"target\":[\"https:\/\/funzine.hu\/sl\/2025\/08\/19\/potovanje\/esztergom-vas-ob-20-avgustu-pricakuje-z-brezplacnimi-programi-in-zgodovinskim-sijajem\/\"]}]},{\"@type\":\"ImageObject\",\"inLanguage\":\"sl-SI\",\"@id\":\"https:\/\/funzine.hu\/sl\/2025\/08\/19\/potovanje\/esztergom-vas-ob-20-avgustu-pricakuje-z-brezplacnimi-programi-in-zgodovinskim-sijajem\/#primaryimage\",\"url\":\"https:\/\/funzine.hu\/wp-content\/uploads\/2025\/08\/basilica-143153_1280.jpg\",\"contentUrl\":\"https:\/\/funzine.hu\/wp-content\/uploads\/2025\/08\/basilica-143153_1280.jpg\",\"width\":1280,\"height\":853,\"caption\":\"ilustracija - pixabay.com\"},{\"@type\":\"BreadcrumbList\",\"@id\":\"https:\/\/funzine.hu\/sl\/2025\/08\/19\/potovanje\/esztergom-vas-ob-20-avgustu-pricakuje-z-brezplacnimi-programi-in-zgodovinskim-sijajem\/#breadcrumb\",\"itemListElement\":[{\"@type\":\"ListItem\",\"position\":1,\"name\":\"Home\",\"item\":\"https:\/\/funzine.hu\/sl\/\"},{\"@type\":\"ListItem\",\"position\":2,\"name\":\"Esztergom vas ob 20. avgustu pri\u010dakuje z brezpla\u010dnimi programi in zgodovinskim sijajem\"}]},{\"@type\":\"WebSite\",\"@id\":\"https:\/\/funzine.hu\/#website\",\"url\":\"https:\/\/funzine.hu\/\",\"name\":\"Funzine\",\"description\":\"\",\"potentialAction\":[{\"@type\":\"SearchAction\",\"target\":{\"@type\":\"EntryPoint\",\"urlTemplate\":\"https:\/\/funzine.hu\/?s={search_term_string}\"},\"query-input\":{\"@type\":\"PropertyValueSpecification\",\"valueRequired\":true,\"valueName\":\"search_term_string\"}}],\"inLanguage\":\"sl-SI\"},{\"@type\":\"Person\",\"@id\":\"https:\/\/funzine.hu\/#\/schema\/person\/f3864a88f41183e8c3af70534ac28bb4\",\"name\":\"Bodn\u00e1r Zsuzsa\",\"image\":{\"@type\":\"ImageObject\",\"inLanguage\":\"sl-SI\",\"@id\":\"https:\/\/secure.gravatar.com\/avatar\/3dac04a042bfb0c015d0f893ef5eb9cca9d966bb5795039862dafd8d2ab5d410?s=96&d=mm&r=g\",\"url\":\"https:\/\/secure.gravatar.com\/avatar\/3dac04a042bfb0c015d0f893ef5eb9cca9d966bb5795039862dafd8d2ab5d410?s=96&d=mm&r=g\",\"contentUrl\":\"https:\/\/secure.gravatar.com\/avatar\/3dac04a042bfb0c015d0f893ef5eb9cca9d966bb5795039862dafd8d2ab5d410?s=96&d=mm&r=g\",\"caption\":\"Bodn\u00e1r Zsuzsa\"},\"url\":\"https:\/\/funzine.hu\/sl\/author\/bodnar-zsuzsa-1984\/\"}]}<\/script>\n<!-- \/ Yoast SEO plugin. -->","yoast_head_json":{"title":"Esztergom vas ob 20. avgustu pri\u010dakuje z brezpla\u010dnimi programi in zgodovinskim sijajem","robots":{"index":"index","follow":"follow","max-snippet":"max-snippet:-1","max-image-preview":"max-image-preview:large","max-video-preview":"max-video-preview:-1"},"canonical":"https:\/\/funzine.hu\/sl\/2025\/08\/19\/potovanje\/esztergom-vas-ob-20-avgustu-pricakuje-z-brezplacnimi-programi-in-zgodovinskim-sijajem\/","og_locale":"sl_SI","og_type":"article","og_title":"Esztergom vas ob 20. avgustu pri\u010dakuje z brezpla\u010dnimi programi in zgodovinskim sijajem","og_description":"Kot vsako leto se tudi letos prvo mesto na\u0161e dr\u017eave na dostojen na\u010din spominja na\u0161ega","og_url":"https:\/\/funzine.hu\/sl\/2025\/08\/19\/potovanje\/esztergom-vas-ob-20-avgustu-pricakuje-z-brezplacnimi-programi-in-zgodovinskim-sijajem\/","og_site_name":"Funzine","article_publisher":"https:\/\/www.facebook.com\/funzine\/","article_published_time":"2025-08-19T16:54:57+00:00","og_image":[{"width":1280,"height":853,"url":"https:\/\/funzine.hu\/wp-content\/uploads\/2025\/08\/basilica-143153_1280.jpg","type":"image\/jpeg"}],"author":"Bodn\u00e1r Zsuzsa","twitter_card":"summary_large_image","twitter_creator":"@funzine","twitter_site":"@funzine","twitter_misc":{"Written by":"Bodn\u00e1r Zsuzsa","Est. reading time":"3 minute"},"schema":{"@context":"https:\/\/schema.org","@graph":[{"@type":"NewsArticle","@id":"https:\/\/funzine.hu\/sl\/2025\/08\/19\/potovanje\/esztergom-vas-ob-20-avgustu-pricakuje-z-brezplacnimi-programi-in-zgodovinskim-sijajem\/#article","isPartOf":{"@id":"https:\/\/funzine.hu\/sl\/2025\/08\/19\/potovanje\/esztergom-vas-ob-20-avgustu-pricakuje-z-brezplacnimi-programi-in-zgodovinskim-sijajem\/"},"author":{"name":"Bodn\u00e1r Zsuzsa","@id":"https:\/\/funzine.hu\/#\/schema\/person\/f3864a88f41183e8c3af70534ac28bb4"},"headline":"Esztergom vas ob 20. avgustu pri\u010dakuje z brezpla\u010dnimi programi in zgodovinskim sijajem","datePublished":"2025-08-19T16:54:57+00:00","mainEntityOfPage":{"@id":"https:\/\/funzine.hu\/sl\/2025\/08\/19\/potovanje\/esztergom-vas-ob-20-avgustu-pricakuje-z-brezplacnimi-programi-in-zgodovinskim-sijajem\/"},"wordCount":532,"image":{"@id":"https:\/\/funzine.hu\/sl\/2025\/08\/19\/potovanje\/esztergom-vas-ob-20-avgustu-pricakuje-z-brezplacnimi-programi-in-zgodovinskim-sijajem\/#primaryimage"},"thumbnailUrl":"https:\/\/funzine.hu\/wp-content\/uploads\/2025\/08\/basilica-143153_1280.jpg","articleSection":["Potovanje"],"inLanguage":"sl-SI"},{"@type":"WebPage","@id":"https:\/\/funzine.hu\/sl\/2025\/08\/19\/potovanje\/esztergom-vas-ob-20-avgustu-pricakuje-z-brezplacnimi-programi-in-zgodovinskim-sijajem\/","url":"https:\/\/funzine.hu\/sl\/2025\/08\/19\/potovanje\/esztergom-vas-ob-20-avgustu-pricakuje-z-brezplacnimi-programi-in-zgodovinskim-sijajem\/","name":"Esztergom vas ob 20. avgustu pri\u010dakuje z brezpla\u010dnimi programi in zgodovinskim sijajem","isPartOf":{"@id":"https:\/\/funzine.hu\/#website"},"primaryImageOfPage":{"@id":"https:\/\/funzine.hu\/sl\/2025\/08\/19\/potovanje\/esztergom-vas-ob-20-avgustu-pricakuje-z-brezplacnimi-programi-in-zgodovinskim-sijajem\/#primaryimage"},"image":{"@id":"https:\/\/funzine.hu\/sl\/2025\/08\/19\/potovanje\/esztergom-vas-ob-20-avgustu-pricakuje-z-brezplacnimi-programi-in-zgodovinskim-sijajem\/#primaryimage"},"thumbnailUrl":"https:\/\/funzine.hu\/wp-content\/uploads\/2025\/08\/basilica-143153_1280.jpg","datePublished":"2025-08-19T16:54:57+00:00","author":{"@id":"https:\/\/funzine.hu\/#\/schema\/person\/f3864a88f41183e8c3af70534ac28bb4"},"breadcrumb":{"@id":"https:\/\/funzine.hu\/sl\/2025\/08\/19\/potovanje\/esztergom-vas-ob-20-avgustu-pricakuje-z-brezplacnimi-programi-in-zgodovinskim-sijajem\/#breadcrumb"},"inLanguage":"sl-SI","potentialAction":[{"@type":"ReadAction","target":["https:\/\/funzine.hu\/sl\/2025\/08\/19\/potovanje\/esztergom-vas-ob-20-avgustu-pricakuje-z-brezplacnimi-programi-in-zgodovinskim-sijajem\/"]}]},{"@type":"ImageObject","inLanguage":"sl-SI","@id":"https:\/\/funzine.hu\/sl\/2025\/08\/19\/potovanje\/esztergom-vas-ob-20-avgustu-pricakuje-z-brezplacnimi-programi-in-zgodovinskim-sijajem\/#primaryimage","url":"https:\/\/funzine.hu\/wp-content\/uploads\/2025\/08\/basilica-143153_1280.jpg","contentUrl":"https:\/\/funzine.hu\/wp-content\/uploads\/2025\/08\/basilica-143153_1280.jpg","width":1280,"height":853,"caption":"ilustracija - pixabay.com"},{"@type":"BreadcrumbList","@id":"https:\/\/funzine.hu\/sl\/2025\/08\/19\/potovanje\/esztergom-vas-ob-20-avgustu-pricakuje-z-brezplacnimi-programi-in-zgodovinskim-sijajem\/#breadcrumb","itemListElement":[{"@type":"ListItem","position":1,"name":"Home","item":"https:\/\/funzine.hu\/sl\/"},{"@type":"ListItem","position":2,"name":"Esztergom vas ob 20. avgustu pri\u010dakuje z brezpla\u010dnimi programi in zgodovinskim sijajem"}]},{"@type":"WebSite","@id":"https:\/\/funzine.hu\/#website","url":"https:\/\/funzine.hu\/","name":"Funzine","description":"","potentialAction":[{"@type":"SearchAction","target":{"@type":"EntryPoint","urlTemplate":"https:\/\/funzine.hu\/?s={search_term_string}"},"query-input":{"@type":"PropertyValueSpecification","valueRequired":true,"valueName":"search_term_string"}}],"inLanguage":"sl-SI"},{"@type":"Person","@id":"https:\/\/funzine.hu\/#\/schema\/person\/f3864a88f41183e8c3af70534ac28bb4","name":"Bodn\u00e1r Zsuzsa","image":{"@type":"ImageObject","inLanguage":"sl-SI","@id":"https:\/\/secure.gravatar.com\/avatar\/3dac04a042bfb0c015d0f893ef5eb9cca9d966bb5795039862dafd8d2ab5d410?s=96&d=mm&r=g","url":"https:\/\/secure.gravatar.com\/avatar\/3dac04a042bfb0c015d0f893ef5eb9cca9d966bb5795039862dafd8d2ab5d410?s=96&d=mm&r=g","contentUrl":"https:\/\/secure.gravatar.com\/avatar\/3dac04a042bfb0c015d0f893ef5eb9cca9d966bb5795039862dafd8d2ab5d410?s=96&d=mm&r=g","caption":"Bodn\u00e1r Zsuzsa"},"url":"https:\/\/funzine.hu\/sl\/author\/bodnar-zsuzsa-1984\/"}]}},"amp_enabled":true,"_links":{"self":[{"href":"https:\/\/funzine.hu\/sl\/wp-json\/wp\/v2\/posts\/609111","targetHints":{"allow":["GET"]}}],"collection":[{"href":"https:\/\/funzine.hu\/sl\/wp-json\/wp\/v2\/posts"}],"about":[{"href":"https:\/\/funzine.hu\/sl\/wp-json\/wp\/v2\/types\/post"}],"author":[{"embeddable":true,"href":"https:\/\/funzine.hu\/sl\/wp-json\/wp\/v2\/users\/391"}],"replies":[{"embeddable":true,"href":"https:\/\/funzine.hu\/sl\/wp-json\/wp\/v2\/comments?post=609111"}],"version-history":[{"count":1,"href":"https:\/\/funzine.hu\/sl\/wp-json\/wp\/v2\/posts\/609111\/revisions"}],"predecessor-version":[{"id":609113,"href":"https:\/\/funzine.hu\/sl\/wp-json\/wp\/v2\/posts\/609111\/revisions\/609113"}],"wp:featuredmedia":[{"embeddable":true,"href":"https:\/\/funzine.hu\/sl\/wp-json\/wp\/v2\/media\/609112"}],"wp:attachment":[{"href":"https:\/\/funzine.hu\/sl\/wp-json\/wp\/v2\/media?parent=609111"}],"wp:term":[{"taxonomy":"category","embeddable":true,"href":"https:\/\/funzine.hu\/sl\/wp-json\/wp\/v2\/categories?post=609111"},{"taxonomy":"post_tag","embeddable":true,"href":"https:\/\/funzine.hu\/sl\/wp-json\/wp\/v2\/tags?post=609111"},{"taxonomy":"post_places","embeddable":true,"href":"https:\/\/funzine.hu\/sl\/wp-json\/wp\/v2\/post_places?post=609111"}],"curies":[{"name":"wp","href":"https:\/\/api.w.org\/{rel}","templated":true}]}}