{"id":608930,"date":"2025-08-18T21:06:59","date_gmt":"2025-08-18T19:06:59","guid":{"rendered":"https:\/\/funzine.hu\/?p=608930"},"modified":"2025-08-18T21:06:59","modified_gmt":"2025-08-18T19:06:59","slug":"5-osupljivih-razstav-v-budimpesti-ki-jih-mora-vsakdo-videti-avgusta","status":"publish","type":"post","link":"https:\/\/funzine.hu\/sl\/2025\/08\/18\/potovanje\/5-osupljivih-razstav-v-budimpesti-ki-jih-mora-vsakdo-videti-avgusta\/","title":{"rendered":"5 osupljivih razstav v Budimpe\u0161ti, ki jih mora vsakdo videti avgusta"},"content":{"rendered":"<p>Tudi prestolnica nas avgusta ne bo pustila brez muzejskih dogodiv\u0161\u010din: osupljive fotografske razstave in celo navdihujo\u010da razstava skulptur bodo poskrbele, da se bomo odmaknili od cikla vsakdanjega \u017eivljenja in svet lahko preu\u010dili skozi nove objektive. Priporo\u010damo 5 razstav, ki spodbujajo k razmi\u0161ljanju in bodo v zadnji mesec poletja prinesle izjemne vizualne izku\u0161nje.<\/p>\n<figure id=\"attachment_608933\" aria-describedby=\"caption-attachment-608933\" style=\"width: 850px\" class=\"wp-caption aligncenter\"><img decoding=\"async\" class=\"size-funzine-large wp-image-608933\" src=\"https:\/\/funzine.hu\/wp-content\/uploads\/2025\/08\/cityscape-123084_1280-1200x675.jpg\" alt=\"\" width=\"850\" height=\"478\" srcset=\"https:\/\/funzine.hu\/wp-content\/uploads\/2025\/08\/cityscape-123084_1280-1200x675.jpg 1200w, https:\/\/funzine.hu\/wp-content\/uploads\/2025\/08\/cityscape-123084_1280-300x169.jpg 300w, https:\/\/funzine.hu\/wp-content\/uploads\/2025\/08\/cityscape-123084_1280-1024x576.jpg 1024w, https:\/\/funzine.hu\/wp-content\/uploads\/2025\/08\/cityscape-123084_1280-768x432.jpg 768w, https:\/\/funzine.hu\/wp-content\/uploads\/2025\/08\/cityscape-123084_1280-480x270.jpg 480w, https:\/\/funzine.hu\/wp-content\/uploads\/2025\/08\/cityscape-123084_1280.jpg 1280w\" sizes=\"(max-width: 850px) 100vw, 850px\" \/><figcaption id=\"caption-attachment-608933\" class=\"wp-caption-text\">ilustracija &#8211; pixabay.com<\/figcaption><\/figure>\n<p>Nevideni svet \/\/ Nakupovalni center Allee (11. avgust &#8211; 10. september 2025)<br \/>\nIzjemno uspe\u0161na razstava Nevideni svet se vra\u010da! Letos bo pri\u0161la v nakupovalni center Allee, da bi ponudila edinstveno izku\u0161njo vide\u010dim in slabovidnim ljubiteljem kulture. Slike desetih svetovno znanih fotografov so bile natisnjene s Canonovo posebno tehnologijo &#8211; dotikanje del ni le prepovedano, ampak je tudi zelo priporo\u010dljivo! Razstava nas popelje v daljne de\u017eele: fotografije ponujajo vpogled v aktualne okoljske, dru\u017ebene, kulturne ali druge dru\u017ebeno pomembne teme. Lahko se dotaknemo zadnje slike severnega belega nosoroga, lahko ujamemo zgodbo Darka \u0110uri\u0107a, svetovno znanega plavalca, rojenega s prirojeno amputacijo, in se celo vpra\u0161amo, kako je mogo\u010de, da po\u017eari pusto\u0161ijo po Arktiki. To fascinantno do\u017eivetje bo zagotovo nekaj, kar bo \u017eelela do\u017eiveti vsa dru\u017eina! Nevideni svet \u010daka tiste, ki \u017eeljni sve\u017ee perspektive, od 11. avgusta do 10. septembra, v odpiralnem \u010dasu nakupovalnega sredi\u0161\u010da Allee, v dostopnem okolju.<\/p>\n<p>Sveti kraji \/\/ FUGA (do 31. avgusta 2025)<br \/>\nV Budimpe\u0161to je prispela ble\u0161\u010de\u010da potujo\u010da razstava: razstava, ki je nastala s skupnim delom Mad\u017earskega arhitekturnega muzeja in Centra za dokumentacijo o varstvu spomenikov, ponuja vpogled v cerkve okro\u017eja Veszpr\u00e9m. Smetana stroke se je pridru\u017eila programu Knji\u017enice in arhiva nad\u0161kofije Veszpr\u00e9m in izvedla ve\u010dletne raziskave, med katerimi so odli\u010dni strokovnjaki sodelovali pri ve\u010d kot stotih obiskih na kraju samem. Sadovi njihovega dela so predstavljeni na razstavi z naslovom Sveti kraji, ki poleg neprimerljive lepote cerkva zvesto odra\u017ea tudi profesionalno poni\u017enost, radovednost in strast. Organizatorji upajo, da bomo \u010dim ve\u010d lokacij, predstavljenih na razstavi, obiskali osebno.<\/p>\n<p>Ve\u010d svetlobe, ve\u010d sence. Rogi Andr\u00e9 (1900\u20131970) \/\/ Hi\u0161a Mai Man\u00f3 (do 19. avgusta 2025)<br \/>\nTokrat se Hi\u0161a Mai Man\u00f3 ob 125. obletnici rojstva fotografa poklanja nezaslu\u017eeno malo omenjenemu delu Rogija Andr\u00e9ja, znanega tudi kot J\u00f3zsa Anna Klein. Umetnik, rojen v Budimpe\u0161ti in \u017eive\u010d v Parizu, je pustil trajen pe\u010dat tudi v zgodovini nadrealisti\u010dne fotografije, poleg tega pa je ujel edinstven svet francoske prestolnice v poznih dvajsetih in tridesetih letih prej\u0161njega stoletja. Najve\u010dja mo\u010d Rogija Andr\u00e9ja se odra\u017ea v njegovih portretih: globoko \u010dustven fotograf je svojim modelom posve\u010dal tako predano pozornost, da so fotografije, ki jih je posnel, \u017eanru dale povsem nov pomen. Zahvaljujo\u010d Hi\u0161i Mai Man\u00f3 se lahko zdaj prvi\u010d obrnemo na publikacijo v mad\u017earskem jeziku, ki obele\u017euje edinstveno osebnost in delo fotografa.<\/p>\n<p>Duhovni kamni (do 14. septembra 2025)<br \/>\nImpresivna dela so se preselila v neorenesan\u010dni vrt bazarja V\u00e1rkert: to poletje si lahko na \u017eivljenjski razstavi kiparja J\u00f3zsefa Sz\u0151keja ogledamo ve\u010d kot 50 mojstrovin iz marmorja in brona. Med brezpla\u010dnim ogledom lahko ob\u010dudujemo in se sprehajamo po delih, ki nosijo iskrena sporo\u010dila \u2013 hkrati pa do\u017eivljamo, kako vsak kip napolni na\u0161a srca in du\u0161e z novim sijajem. Izku\u0161njo naredi \u0161e bolj posebno dejstvo, da se pogled na nefigurativna dela iz brona, afri\u0161kega in kararskega marmorja preoblikuje s spreminjajo\u010do se svetlobo. Tako kipi prikazujejo razli\u010dne obraze v razli\u010dnih delih dneva \u2013 so prav tako spremenljivi kot \u017eivljenje samo. Odnosi, nadnaravne sile, pomembni dogodki o\u017eivijo na razstavi, ki dviguje du\u0161o in jo morate vsekakor videti!<\/p>\n<p>Netaktni fotoreporter. Arhiv Lajosa Erd\u00e9lyija iz Ceausescujeve dobe \/\/ Galeria Centralis \/ Blinken OSA Archivum (do 26. oktobra 2025)<br \/>\nLajos Erd\u00e9lyi je najbolj znan po svojih portretih mad\u017earske umetni\u0161ke scene v Transilvaniji. Tokrat si lahko vpogled v njegovo delo fotoreporterja ogledamo na obse\u017eni razstavi v arhivu Blinken OSA. Med svojim delom je Erd\u00e9lyi potoval po vsej Romuniji, kar mu je dalo prilo\u017enost, da iz prve roke izkusi vsakdanje \u017eivljenje Ceausescujeve dobe: svet tovarn, rudnikov, zadrug, \u017eivljenje dnevnih delavcev in te\u017eko usodo stanovalcev izobra\u017eevalnih ustanov. Briljantni umetnik je temno obdobje ujel z neprimerljivo temeljitostjo in iskrenostjo, \u010deprav je cenzura metala senco na vsak posamezen kader. Razstava predstavlja pribli\u017eno 200 transilvanskih fotografij, ki jih \u0161e bolj razburijo originalni rokopisi, korespondenca in osebni predmeti.<\/p>\n","protected":false},"excerpt":{"rendered":"<p>Tudi prestolnica nas avgusta ne bo pustila brez muzejskih dogodiv\u0161\u010din: osupljive fotografske<\/p>\n","protected":false},"author":391,"featured_media":608933,"comment_status":"closed","ping_status":"closed","sticky":false,"template":"","format":"standard","meta":{"_acf_changed":false,"wprm-recipe-roundup-name":"","wprm-recipe-roundup-description":"","ngg_post_thumbnail":0,"footnotes":""},"categories":[14345],"tags":[],"post_places":[],"class_list":["post-608930","post","type-post","status-publish","format-standard","has-post-thumbnail","hentry","category-potovanje"],"acf":{"connected_places":"","del_image":""},"yoast_head":"<!-- This site is optimized with the Yoast SEO plugin v27.2 - https:\/\/yoast.com\/product\/yoast-seo-wordpress\/ -->\n<title>5 osupljivih razstav v Budimpe\u0161ti, ki jih mora vsakdo videti avgusta<\/title>\n<meta name=\"robots\" content=\"index, follow, max-snippet:-1, max-image-preview:large, max-video-preview:-1\" \/>\n<link rel=\"canonical\" href=\"https:\/\/funzine.hu\/sl\/2025\/08\/18\/potovanje\/5-osupljivih-razstav-v-budimpesti-ki-jih-mora-vsakdo-videti-avgusta\/\" \/>\n<meta property=\"og:locale\" content=\"sl_SI\" \/>\n<meta property=\"og:type\" content=\"article\" \/>\n<meta property=\"og:title\" content=\"5 osupljivih razstav v Budimpe\u0161ti, ki jih mora vsakdo videti avgusta\" \/>\n<meta property=\"og:description\" content=\"Tudi prestolnica nas avgusta ne bo pustila brez muzejskih dogodiv\u0161\u010din: osupljive fotografske\" \/>\n<meta property=\"og:url\" content=\"https:\/\/funzine.hu\/sl\/2025\/08\/18\/potovanje\/5-osupljivih-razstav-v-budimpesti-ki-jih-mora-vsakdo-videti-avgusta\/\" \/>\n<meta property=\"og:site_name\" content=\"Funzine\" \/>\n<meta property=\"article:publisher\" content=\"https:\/\/www.facebook.com\/funzine\/\" \/>\n<meta property=\"article:published_time\" content=\"2025-08-18T19:06:59+00:00\" \/>\n<meta property=\"og:image\" content=\"https:\/\/funzine.hu\/wp-content\/uploads\/2025\/08\/cityscape-123084_1280.jpg\" \/>\n\t<meta property=\"og:image:width\" content=\"1280\" \/>\n\t<meta property=\"og:image:height\" content=\"720\" \/>\n\t<meta property=\"og:image:type\" content=\"image\/jpeg\" \/>\n<meta name=\"author\" content=\"Bodn\u00e1r Zsuzsa\" \/>\n<meta name=\"twitter:card\" content=\"summary_large_image\" \/>\n<meta name=\"twitter:creator\" content=\"@funzine\" \/>\n<meta name=\"twitter:site\" content=\"@funzine\" \/>\n<meta name=\"twitter:label1\" content=\"Written by\" \/>\n\t<meta name=\"twitter:data1\" content=\"Bodn\u00e1r Zsuzsa\" \/>\n\t<meta name=\"twitter:label2\" content=\"Est. reading time\" \/>\n\t<meta name=\"twitter:data2\" content=\"5 minut\" \/>\n<script type=\"application\/ld+json\" class=\"yoast-schema-graph\">{\"@context\":\"https:\/\/schema.org\",\"@graph\":[{\"@type\":\"NewsArticle\",\"@id\":\"https:\/\/funzine.hu\/sl\/2025\/08\/18\/potovanje\/5-osupljivih-razstav-v-budimpesti-ki-jih-mora-vsakdo-videti-avgusta\/#article\",\"isPartOf\":{\"@id\":\"https:\/\/funzine.hu\/sl\/2025\/08\/18\/potovanje\/5-osupljivih-razstav-v-budimpesti-ki-jih-mora-vsakdo-videti-avgusta\/\"},\"author\":{\"name\":\"Bodn\u00e1r Zsuzsa\",\"@id\":\"https:\/\/funzine.hu\/#\/schema\/person\/f3864a88f41183e8c3af70534ac28bb4\"},\"headline\":\"5 osupljivih razstav v Budimpe\u0161ti, ki jih mora vsakdo videti avgusta\",\"datePublished\":\"2025-08-18T19:06:59+00:00\",\"mainEntityOfPage\":{\"@id\":\"https:\/\/funzine.hu\/sl\/2025\/08\/18\/potovanje\/5-osupljivih-razstav-v-budimpesti-ki-jih-mora-vsakdo-videti-avgusta\/\"},\"wordCount\":745,\"image\":{\"@id\":\"https:\/\/funzine.hu\/sl\/2025\/08\/18\/potovanje\/5-osupljivih-razstav-v-budimpesti-ki-jih-mora-vsakdo-videti-avgusta\/#primaryimage\"},\"thumbnailUrl\":\"https:\/\/funzine.hu\/wp-content\/uploads\/2025\/08\/cityscape-123084_1280.jpg\",\"articleSection\":[\"Potovanje\"],\"inLanguage\":\"sl-SI\"},{\"@type\":\"WebPage\",\"@id\":\"https:\/\/funzine.hu\/sl\/2025\/08\/18\/potovanje\/5-osupljivih-razstav-v-budimpesti-ki-jih-mora-vsakdo-videti-avgusta\/\",\"url\":\"https:\/\/funzine.hu\/sl\/2025\/08\/18\/potovanje\/5-osupljivih-razstav-v-budimpesti-ki-jih-mora-vsakdo-videti-avgusta\/\",\"name\":\"5 osupljivih razstav v Budimpe\u0161ti, ki jih mora vsakdo videti avgusta\",\"isPartOf\":{\"@id\":\"https:\/\/funzine.hu\/#website\"},\"primaryImageOfPage\":{\"@id\":\"https:\/\/funzine.hu\/sl\/2025\/08\/18\/potovanje\/5-osupljivih-razstav-v-budimpesti-ki-jih-mora-vsakdo-videti-avgusta\/#primaryimage\"},\"image\":{\"@id\":\"https:\/\/funzine.hu\/sl\/2025\/08\/18\/potovanje\/5-osupljivih-razstav-v-budimpesti-ki-jih-mora-vsakdo-videti-avgusta\/#primaryimage\"},\"thumbnailUrl\":\"https:\/\/funzine.hu\/wp-content\/uploads\/2025\/08\/cityscape-123084_1280.jpg\",\"datePublished\":\"2025-08-18T19:06:59+00:00\",\"author\":{\"@id\":\"https:\/\/funzine.hu\/#\/schema\/person\/f3864a88f41183e8c3af70534ac28bb4\"},\"breadcrumb\":{\"@id\":\"https:\/\/funzine.hu\/sl\/2025\/08\/18\/potovanje\/5-osupljivih-razstav-v-budimpesti-ki-jih-mora-vsakdo-videti-avgusta\/#breadcrumb\"},\"inLanguage\":\"sl-SI\",\"potentialAction\":[{\"@type\":\"ReadAction\",\"target\":[\"https:\/\/funzine.hu\/sl\/2025\/08\/18\/potovanje\/5-osupljivih-razstav-v-budimpesti-ki-jih-mora-vsakdo-videti-avgusta\/\"]}]},{\"@type\":\"ImageObject\",\"inLanguage\":\"sl-SI\",\"@id\":\"https:\/\/funzine.hu\/sl\/2025\/08\/18\/potovanje\/5-osupljivih-razstav-v-budimpesti-ki-jih-mora-vsakdo-videti-avgusta\/#primaryimage\",\"url\":\"https:\/\/funzine.hu\/wp-content\/uploads\/2025\/08\/cityscape-123084_1280.jpg\",\"contentUrl\":\"https:\/\/funzine.hu\/wp-content\/uploads\/2025\/08\/cityscape-123084_1280.jpg\",\"width\":1280,\"height\":720,\"caption\":\"ilustracija - pixabay.com\"},{\"@type\":\"BreadcrumbList\",\"@id\":\"https:\/\/funzine.hu\/sl\/2025\/08\/18\/potovanje\/5-osupljivih-razstav-v-budimpesti-ki-jih-mora-vsakdo-videti-avgusta\/#breadcrumb\",\"itemListElement\":[{\"@type\":\"ListItem\",\"position\":1,\"name\":\"Home\",\"item\":\"https:\/\/funzine.hu\/sl\/\"},{\"@type\":\"ListItem\",\"position\":2,\"name\":\"5 osupljivih razstav v Budimpe\u0161ti, ki jih mora vsakdo videti avgusta\"}]},{\"@type\":\"WebSite\",\"@id\":\"https:\/\/funzine.hu\/#website\",\"url\":\"https:\/\/funzine.hu\/\",\"name\":\"Funzine\",\"description\":\"\",\"potentialAction\":[{\"@type\":\"SearchAction\",\"target\":{\"@type\":\"EntryPoint\",\"urlTemplate\":\"https:\/\/funzine.hu\/?s={search_term_string}\"},\"query-input\":{\"@type\":\"PropertyValueSpecification\",\"valueRequired\":true,\"valueName\":\"search_term_string\"}}],\"inLanguage\":\"sl-SI\"},{\"@type\":\"Person\",\"@id\":\"https:\/\/funzine.hu\/#\/schema\/person\/f3864a88f41183e8c3af70534ac28bb4\",\"name\":\"Bodn\u00e1r Zsuzsa\",\"image\":{\"@type\":\"ImageObject\",\"inLanguage\":\"sl-SI\",\"@id\":\"https:\/\/secure.gravatar.com\/avatar\/3dac04a042bfb0c015d0f893ef5eb9cca9d966bb5795039862dafd8d2ab5d410?s=96&d=mm&r=g\",\"url\":\"https:\/\/secure.gravatar.com\/avatar\/3dac04a042bfb0c015d0f893ef5eb9cca9d966bb5795039862dafd8d2ab5d410?s=96&d=mm&r=g\",\"contentUrl\":\"https:\/\/secure.gravatar.com\/avatar\/3dac04a042bfb0c015d0f893ef5eb9cca9d966bb5795039862dafd8d2ab5d410?s=96&d=mm&r=g\",\"caption\":\"Bodn\u00e1r Zsuzsa\"},\"url\":\"https:\/\/funzine.hu\/sl\/author\/bodnar-zsuzsa-1984\/\"}]}<\/script>\n<!-- \/ Yoast SEO plugin. -->","yoast_head_json":{"title":"5 osupljivih razstav v Budimpe\u0161ti, ki jih mora vsakdo videti avgusta","robots":{"index":"index","follow":"follow","max-snippet":"max-snippet:-1","max-image-preview":"max-image-preview:large","max-video-preview":"max-video-preview:-1"},"canonical":"https:\/\/funzine.hu\/sl\/2025\/08\/18\/potovanje\/5-osupljivih-razstav-v-budimpesti-ki-jih-mora-vsakdo-videti-avgusta\/","og_locale":"sl_SI","og_type":"article","og_title":"5 osupljivih razstav v Budimpe\u0161ti, ki jih mora vsakdo videti avgusta","og_description":"Tudi prestolnica nas avgusta ne bo pustila brez muzejskih dogodiv\u0161\u010din: osupljive fotografske","og_url":"https:\/\/funzine.hu\/sl\/2025\/08\/18\/potovanje\/5-osupljivih-razstav-v-budimpesti-ki-jih-mora-vsakdo-videti-avgusta\/","og_site_name":"Funzine","article_publisher":"https:\/\/www.facebook.com\/funzine\/","article_published_time":"2025-08-18T19:06:59+00:00","og_image":[{"width":1280,"height":720,"url":"https:\/\/funzine.hu\/wp-content\/uploads\/2025\/08\/cityscape-123084_1280.jpg","type":"image\/jpeg"}],"author":"Bodn\u00e1r Zsuzsa","twitter_card":"summary_large_image","twitter_creator":"@funzine","twitter_site":"@funzine","twitter_misc":{"Written by":"Bodn\u00e1r Zsuzsa","Est. reading time":"5 minut"},"schema":{"@context":"https:\/\/schema.org","@graph":[{"@type":"NewsArticle","@id":"https:\/\/funzine.hu\/sl\/2025\/08\/18\/potovanje\/5-osupljivih-razstav-v-budimpesti-ki-jih-mora-vsakdo-videti-avgusta\/#article","isPartOf":{"@id":"https:\/\/funzine.hu\/sl\/2025\/08\/18\/potovanje\/5-osupljivih-razstav-v-budimpesti-ki-jih-mora-vsakdo-videti-avgusta\/"},"author":{"name":"Bodn\u00e1r Zsuzsa","@id":"https:\/\/funzine.hu\/#\/schema\/person\/f3864a88f41183e8c3af70534ac28bb4"},"headline":"5 osupljivih razstav v Budimpe\u0161ti, ki jih mora vsakdo videti avgusta","datePublished":"2025-08-18T19:06:59+00:00","mainEntityOfPage":{"@id":"https:\/\/funzine.hu\/sl\/2025\/08\/18\/potovanje\/5-osupljivih-razstav-v-budimpesti-ki-jih-mora-vsakdo-videti-avgusta\/"},"wordCount":745,"image":{"@id":"https:\/\/funzine.hu\/sl\/2025\/08\/18\/potovanje\/5-osupljivih-razstav-v-budimpesti-ki-jih-mora-vsakdo-videti-avgusta\/#primaryimage"},"thumbnailUrl":"https:\/\/funzine.hu\/wp-content\/uploads\/2025\/08\/cityscape-123084_1280.jpg","articleSection":["Potovanje"],"inLanguage":"sl-SI"},{"@type":"WebPage","@id":"https:\/\/funzine.hu\/sl\/2025\/08\/18\/potovanje\/5-osupljivih-razstav-v-budimpesti-ki-jih-mora-vsakdo-videti-avgusta\/","url":"https:\/\/funzine.hu\/sl\/2025\/08\/18\/potovanje\/5-osupljivih-razstav-v-budimpesti-ki-jih-mora-vsakdo-videti-avgusta\/","name":"5 osupljivih razstav v Budimpe\u0161ti, ki jih mora vsakdo videti avgusta","isPartOf":{"@id":"https:\/\/funzine.hu\/#website"},"primaryImageOfPage":{"@id":"https:\/\/funzine.hu\/sl\/2025\/08\/18\/potovanje\/5-osupljivih-razstav-v-budimpesti-ki-jih-mora-vsakdo-videti-avgusta\/#primaryimage"},"image":{"@id":"https:\/\/funzine.hu\/sl\/2025\/08\/18\/potovanje\/5-osupljivih-razstav-v-budimpesti-ki-jih-mora-vsakdo-videti-avgusta\/#primaryimage"},"thumbnailUrl":"https:\/\/funzine.hu\/wp-content\/uploads\/2025\/08\/cityscape-123084_1280.jpg","datePublished":"2025-08-18T19:06:59+00:00","author":{"@id":"https:\/\/funzine.hu\/#\/schema\/person\/f3864a88f41183e8c3af70534ac28bb4"},"breadcrumb":{"@id":"https:\/\/funzine.hu\/sl\/2025\/08\/18\/potovanje\/5-osupljivih-razstav-v-budimpesti-ki-jih-mora-vsakdo-videti-avgusta\/#breadcrumb"},"inLanguage":"sl-SI","potentialAction":[{"@type":"ReadAction","target":["https:\/\/funzine.hu\/sl\/2025\/08\/18\/potovanje\/5-osupljivih-razstav-v-budimpesti-ki-jih-mora-vsakdo-videti-avgusta\/"]}]},{"@type":"ImageObject","inLanguage":"sl-SI","@id":"https:\/\/funzine.hu\/sl\/2025\/08\/18\/potovanje\/5-osupljivih-razstav-v-budimpesti-ki-jih-mora-vsakdo-videti-avgusta\/#primaryimage","url":"https:\/\/funzine.hu\/wp-content\/uploads\/2025\/08\/cityscape-123084_1280.jpg","contentUrl":"https:\/\/funzine.hu\/wp-content\/uploads\/2025\/08\/cityscape-123084_1280.jpg","width":1280,"height":720,"caption":"ilustracija - pixabay.com"},{"@type":"BreadcrumbList","@id":"https:\/\/funzine.hu\/sl\/2025\/08\/18\/potovanje\/5-osupljivih-razstav-v-budimpesti-ki-jih-mora-vsakdo-videti-avgusta\/#breadcrumb","itemListElement":[{"@type":"ListItem","position":1,"name":"Home","item":"https:\/\/funzine.hu\/sl\/"},{"@type":"ListItem","position":2,"name":"5 osupljivih razstav v Budimpe\u0161ti, ki jih mora vsakdo videti avgusta"}]},{"@type":"WebSite","@id":"https:\/\/funzine.hu\/#website","url":"https:\/\/funzine.hu\/","name":"Funzine","description":"","potentialAction":[{"@type":"SearchAction","target":{"@type":"EntryPoint","urlTemplate":"https:\/\/funzine.hu\/?s={search_term_string}"},"query-input":{"@type":"PropertyValueSpecification","valueRequired":true,"valueName":"search_term_string"}}],"inLanguage":"sl-SI"},{"@type":"Person","@id":"https:\/\/funzine.hu\/#\/schema\/person\/f3864a88f41183e8c3af70534ac28bb4","name":"Bodn\u00e1r Zsuzsa","image":{"@type":"ImageObject","inLanguage":"sl-SI","@id":"https:\/\/secure.gravatar.com\/avatar\/3dac04a042bfb0c015d0f893ef5eb9cca9d966bb5795039862dafd8d2ab5d410?s=96&d=mm&r=g","url":"https:\/\/secure.gravatar.com\/avatar\/3dac04a042bfb0c015d0f893ef5eb9cca9d966bb5795039862dafd8d2ab5d410?s=96&d=mm&r=g","contentUrl":"https:\/\/secure.gravatar.com\/avatar\/3dac04a042bfb0c015d0f893ef5eb9cca9d966bb5795039862dafd8d2ab5d410?s=96&d=mm&r=g","caption":"Bodn\u00e1r Zsuzsa"},"url":"https:\/\/funzine.hu\/sl\/author\/bodnar-zsuzsa-1984\/"}]}},"amp_enabled":true,"_links":{"self":[{"href":"https:\/\/funzine.hu\/sl\/wp-json\/wp\/v2\/posts\/608930","targetHints":{"allow":["GET"]}}],"collection":[{"href":"https:\/\/funzine.hu\/sl\/wp-json\/wp\/v2\/posts"}],"about":[{"href":"https:\/\/funzine.hu\/sl\/wp-json\/wp\/v2\/types\/post"}],"author":[{"embeddable":true,"href":"https:\/\/funzine.hu\/sl\/wp-json\/wp\/v2\/users\/391"}],"replies":[{"embeddable":true,"href":"https:\/\/funzine.hu\/sl\/wp-json\/wp\/v2\/comments?post=608930"}],"version-history":[{"count":1,"href":"https:\/\/funzine.hu\/sl\/wp-json\/wp\/v2\/posts\/608930\/revisions"}],"predecessor-version":[{"id":608934,"href":"https:\/\/funzine.hu\/sl\/wp-json\/wp\/v2\/posts\/608930\/revisions\/608934"}],"wp:featuredmedia":[{"embeddable":true,"href":"https:\/\/funzine.hu\/sl\/wp-json\/wp\/v2\/media\/608933"}],"wp:attachment":[{"href":"https:\/\/funzine.hu\/sl\/wp-json\/wp\/v2\/media?parent=608930"}],"wp:term":[{"taxonomy":"category","embeddable":true,"href":"https:\/\/funzine.hu\/sl\/wp-json\/wp\/v2\/categories?post=608930"},{"taxonomy":"post_tag","embeddable":true,"href":"https:\/\/funzine.hu\/sl\/wp-json\/wp\/v2\/tags?post=608930"},{"taxonomy":"post_places","embeddable":true,"href":"https:\/\/funzine.hu\/sl\/wp-json\/wp\/v2\/post_places?post=608930"}],"curies":[{"name":"wp","href":"https:\/\/api.w.org\/{rel}","templated":true}]}}