{"id":607972,"date":"2025-07-31T13:51:15","date_gmt":"2025-07-31T11:51:15","guid":{"rendered":"https:\/\/funzine.hu\/?p=607972"},"modified":"2025-07-31T13:51:15","modified_gmt":"2025-07-31T11:51:15","slug":"5-cudovitih-programov-in-lokacij-v-drzavi-ki-vam-bodo-ponudili-vpogled-v-poseben-svet-modrega-slikanja","status":"publish","type":"post","link":"https:\/\/funzine.hu\/sl\/2025\/07\/31\/potovanje\/5-cudovitih-programov-in-lokacij-v-drzavi-ki-vam-bodo-ponudili-vpogled-v-poseben-svet-modrega-slikanja\/","title":{"rendered":"5 \u010dudovitih programov in lokacij v dr\u017eavi, ki vam bodo ponudili vpogled v poseben svet modrega slikanja"},"content":{"rendered":"<p>Za vas smo zbrali \u0161opek \u010dudovitih lokacij in vznemirljivih programov, ki vas bodo povabili tudi v najlep\u0161e predele dr\u017eave. Tokrat je geslo modro slikanje, ki je od novembra 2018 del Unescove nesnovne kulturne dedi\u0161\u010dine, in rokodelski \u010dude\u017ei, narejeni s tehniko modrega slikanja, ki bodo o\u010darali srca tistih, ki jih zanimajo razstave, delavnice in festivali.<\/p>\n<figure id=\"attachment_607973\" aria-describedby=\"caption-attachment-607973\" style=\"width: 850px\" class=\"wp-caption aligncenter\"><img decoding=\"async\" class=\"size-funzine-large wp-image-607973\" src=\"https:\/\/funzine.hu\/wp-content\/uploads\/2025\/07\/ice-2567399_1280-1200x800.jpg\" alt=\"\" width=\"850\" height=\"567\" srcset=\"https:\/\/funzine.hu\/wp-content\/uploads\/2025\/07\/ice-2567399_1280-1200x800.jpg 1200w, https:\/\/funzine.hu\/wp-content\/uploads\/2025\/07\/ice-2567399_1280-300x200.jpg 300w, https:\/\/funzine.hu\/wp-content\/uploads\/2025\/07\/ice-2567399_1280-1024x682.jpg 1024w, https:\/\/funzine.hu\/wp-content\/uploads\/2025\/07\/ice-2567399_1280-768x512.jpg 768w, https:\/\/funzine.hu\/wp-content\/uploads\/2025\/07\/ice-2567399_1280-360x240.jpg 360w, https:\/\/funzine.hu\/wp-content\/uploads\/2025\/07\/ice-2567399_1280.jpg 1280w\" sizes=\"(max-width: 850px) 100vw, 850px\" \/><figcaption id=\"caption-attachment-607973\" class=\"wp-caption-text\">ilustracija &#8211; pixabay.com<\/figcaption><\/figure>\n<p>XXIV. Nacionalni festival modrega slikanja \/\/ Nagyny\u00e1r\u00e1d (26.\u201327. julij 2025)<br \/>\nModro slikanje bo dva cela dneva glavna vloga na Nacionalnem festivalu modrega slikanja, ki bo potekal 26. in 27. julija. Na festivalu, ki se ozira na \u010detrtstoletno tradicijo, se bodo obiskovalci lahko seznanili ne le s skrivnostmi modrega slikanja v zakulisju, temve\u010d bodo imeli tudi prilo\u017enost izbirati med izdelki razstavljavcev, ki so v celoti modri. Vrve\u017e sejma ne bi bil popoln brez pisanih programov: modna revija, ljudsko igri\u0161\u010de, plesni nastopi, razstave, glasbena budnica in ples naredijo zadnji vikend v juliju nepozaben.<\/p>\n<p>Muzej modrega slikarstva P\u00e1pa<br \/>\nEdini mad\u017earski muzej modrega slikarstva ponuja nepozabna do\u017eivetja v sredi\u0161\u010du mesta P\u00e1pa. Muzej je edinstven tudi v Evropi, obiskovalci pa se tukaj med drugim lahko seznanijo s skrivnostmi kompleksne tehnike modrega slikanja. Na podstre\u0161ju ve\u010d kot 250 let stare trinadstropne su\u0161ilnice si lahko obiskovalci muzeja ogledajo tudi dela nagrajene umetnice Ir\u00e9n B\u00f3dy, ki si lahko ogleda tudi \u0161tevilne posebne in edinstvene predmete in relikvije.<br \/>\n8500 P\u00e1pa, M\u00e1rcius 15. t\u00e9r 12.<\/p>\n<p>Gy\u0151ri K\u00e9kfest\u0151 M\u0171hely<br \/>\nNa odmaknjenem delu pe\u0161 ulice v prijetnem mestnem jedru Gy\u0151ra pritegne pozornost izlo\u017eba, odeta v modro barvo. Gy\u0151ri K\u00e9kfest\u0151 M\u0171hely, ki se nahaja na naslovu Dr. Kov\u00e1cs P\u00e1l utca 9, in njegova ustanoviteljica, dru\u017eina Ehling, se z modrim slikanjem ukvarjata \u017ee od leta 1906. V njihovi trgovini so na ogled ro\u010dno izdelani modro poslikani tekstil in okraski, izdelani s tradicionalnimi orodji in tehnologijami. Po predhodnem dogovoru je od maja do oktobra mo\u017een tudi obisk delavnice, kjer se lahko zainteresirani seznanijo s podrobnostmi obrti.<\/p>\n<p>9021 Gy\u0151r, Dr. Kov\u00e1cs P\u00e1l utca 9.<\/p>\n<p>Delavnica modrega slikarja B\u00e1csalm\u00e1si<br \/>\nV B\u00e1csalm\u00e1su, ki se nahaja na ju\u017eni Veliki ni\u017eini, je nekdanji konjski hlev zdaj delavnica in razstavna dvorana mestnega modrega slikarja. Delavnica modrega slikarja B\u00e1csalm\u00e1si je bila prenovljena leta 2015, kjer se obiskovalci poleg materialnih spominov in fotografij lahko seznanijo s poklicnimi dejavnostmi in vsakdanjim \u017eivljenjem \u0161tirih generacij dru\u017eine Skoruty\u00e1k. Razstava in delavnica ponujata tudi vznemirljiv vpogled v zgodovino modre barve na Mad\u017earskem, delovne procese in mo\u017ene uporabe modrih barvnih materialov, od ljudskih no\u0161 do mestne mode.<\/p>\n<p>6430 B\u00e1csalm\u00e1s, Kossuth Lajos utca 49.<\/p>\n<p>Svet modrega slikarja \u00bbod zaplate do zaplate\u00ab \/\/ Etnografski muzej (13. november 2025 \u2013 1. februar 2026)<br \/>\nJeseni 2025 bo del Etnografskega muzeja v okviru za\u010dasne razstave odet v modro barvo. Razstava z naslovom Svet modrega slikarja \u00bbod zaplate do zaplate\u00ab bo za javnost odprta od 13. novembra in bo predstavila zgodovino in delovanje mad\u017earskega ceha pre\u0161itih odej ter doma\u010dega pre\u0161itja, ki temelji na delu in dejavnostih organiziranja gibanja krajinske arhitektke in tekstilne umetnice Anne Dol\u00e1nyi. Razstava, ki temelji na nate\u010daju, se osredoto\u010da tudi na zgodovino, obseg, mehanizme delovanja in \u00bbnacionalno\u00ab blagovno znamko mad\u017earske pre\u0161ite odeje.<\/p>\n","protected":false},"excerpt":{"rendered":"<p>Za vas smo zbrali \u0161opek \u010dudovitih lokacij in vznemirljivih programov, ki vas bodo povabili tudi v<\/p>\n","protected":false},"author":391,"featured_media":607973,"comment_status":"closed","ping_status":"closed","sticky":false,"template":"","format":"standard","meta":{"_acf_changed":false,"wprm-recipe-roundup-name":"","wprm-recipe-roundup-description":"","ngg_post_thumbnail":0,"footnotes":""},"categories":[14345],"tags":[],"post_places":[],"class_list":["post-607972","post","type-post","status-publish","format-standard","has-post-thumbnail","hentry","category-potovanje"],"acf":{"connected_places":"","del_image":""},"yoast_head":"<!-- This site is optimized with the Yoast SEO plugin v27.2 - https:\/\/yoast.com\/product\/yoast-seo-wordpress\/ -->\n<title>5 \u010dudovitih programov in lokacij v dr\u017eavi, ki vam bodo ponudili vpogled v poseben svet modrega slikanja<\/title>\n<meta name=\"robots\" content=\"index, follow, max-snippet:-1, max-image-preview:large, max-video-preview:-1\" \/>\n<link rel=\"canonical\" href=\"https:\/\/funzine.hu\/sl\/2025\/07\/31\/potovanje\/5-cudovitih-programov-in-lokacij-v-drzavi-ki-vam-bodo-ponudili-vpogled-v-poseben-svet-modrega-slikanja\/\" \/>\n<meta property=\"og:locale\" content=\"sl_SI\" \/>\n<meta property=\"og:type\" content=\"article\" \/>\n<meta property=\"og:title\" content=\"5 \u010dudovitih programov in lokacij v dr\u017eavi, ki vam bodo ponudili vpogled v poseben svet modrega slikanja\" \/>\n<meta property=\"og:description\" content=\"Za vas smo zbrali \u0161opek \u010dudovitih lokacij in vznemirljivih programov, ki vas bodo povabili tudi v\" \/>\n<meta property=\"og:url\" content=\"https:\/\/funzine.hu\/sl\/2025\/07\/31\/potovanje\/5-cudovitih-programov-in-lokacij-v-drzavi-ki-vam-bodo-ponudili-vpogled-v-poseben-svet-modrega-slikanja\/\" \/>\n<meta property=\"og:site_name\" content=\"Funzine\" \/>\n<meta property=\"article:publisher\" content=\"https:\/\/www.facebook.com\/funzine\/\" \/>\n<meta property=\"article:published_time\" content=\"2025-07-31T11:51:15+00:00\" \/>\n<meta property=\"og:image\" content=\"https:\/\/funzine.hu\/wp-content\/uploads\/2025\/07\/ice-2567399_1280.jpg\" \/>\n\t<meta property=\"og:image:width\" content=\"1280\" \/>\n\t<meta property=\"og:image:height\" content=\"853\" \/>\n\t<meta property=\"og:image:type\" content=\"image\/jpeg\" \/>\n<meta name=\"author\" content=\"Bodn\u00e1r Zsuzsa\" \/>\n<meta name=\"twitter:card\" content=\"summary_large_image\" \/>\n<meta name=\"twitter:creator\" content=\"@funzine\" \/>\n<meta name=\"twitter:site\" content=\"@funzine\" \/>\n<meta name=\"twitter:label1\" content=\"Written by\" \/>\n\t<meta name=\"twitter:data1\" content=\"Bodn\u00e1r Zsuzsa\" \/>\n\t<meta name=\"twitter:label2\" content=\"Est. reading time\" \/>\n\t<meta name=\"twitter:data2\" content=\"4 minute\" \/>\n<script type=\"application\/ld+json\" class=\"yoast-schema-graph\">{\"@context\":\"https:\/\/schema.org\",\"@graph\":[{\"@type\":\"NewsArticle\",\"@id\":\"https:\/\/funzine.hu\/sl\/2025\/07\/31\/potovanje\/5-cudovitih-programov-in-lokacij-v-drzavi-ki-vam-bodo-ponudili-vpogled-v-poseben-svet-modrega-slikanja\/#article\",\"isPartOf\":{\"@id\":\"https:\/\/funzine.hu\/sl\/2025\/07\/31\/potovanje\/5-cudovitih-programov-in-lokacij-v-drzavi-ki-vam-bodo-ponudili-vpogled-v-poseben-svet-modrega-slikanja\/\"},\"author\":{\"name\":\"Bodn\u00e1r Zsuzsa\",\"@id\":\"https:\/\/funzine.hu\/#\/schema\/person\/f3864a88f41183e8c3af70534ac28bb4\"},\"headline\":\"5 \u010dudovitih programov in lokacij v dr\u017eavi, ki vam bodo ponudili vpogled v poseben svet modrega slikanja\",\"datePublished\":\"2025-07-31T11:51:15+00:00\",\"mainEntityOfPage\":{\"@id\":\"https:\/\/funzine.hu\/sl\/2025\/07\/31\/potovanje\/5-cudovitih-programov-in-lokacij-v-drzavi-ki-vam-bodo-ponudili-vpogled-v-poseben-svet-modrega-slikanja\/\"},\"wordCount\":559,\"image\":{\"@id\":\"https:\/\/funzine.hu\/sl\/2025\/07\/31\/potovanje\/5-cudovitih-programov-in-lokacij-v-drzavi-ki-vam-bodo-ponudili-vpogled-v-poseben-svet-modrega-slikanja\/#primaryimage\"},\"thumbnailUrl\":\"https:\/\/funzine.hu\/wp-content\/uploads\/2025\/07\/ice-2567399_1280.jpg\",\"articleSection\":[\"Potovanje\"],\"inLanguage\":\"sl-SI\"},{\"@type\":\"WebPage\",\"@id\":\"https:\/\/funzine.hu\/sl\/2025\/07\/31\/potovanje\/5-cudovitih-programov-in-lokacij-v-drzavi-ki-vam-bodo-ponudili-vpogled-v-poseben-svet-modrega-slikanja\/\",\"url\":\"https:\/\/funzine.hu\/sl\/2025\/07\/31\/potovanje\/5-cudovitih-programov-in-lokacij-v-drzavi-ki-vam-bodo-ponudili-vpogled-v-poseben-svet-modrega-slikanja\/\",\"name\":\"5 \u010dudovitih programov in lokacij v dr\u017eavi, ki vam bodo ponudili vpogled v poseben svet modrega slikanja\",\"isPartOf\":{\"@id\":\"https:\/\/funzine.hu\/#website\"},\"primaryImageOfPage\":{\"@id\":\"https:\/\/funzine.hu\/sl\/2025\/07\/31\/potovanje\/5-cudovitih-programov-in-lokacij-v-drzavi-ki-vam-bodo-ponudili-vpogled-v-poseben-svet-modrega-slikanja\/#primaryimage\"},\"image\":{\"@id\":\"https:\/\/funzine.hu\/sl\/2025\/07\/31\/potovanje\/5-cudovitih-programov-in-lokacij-v-drzavi-ki-vam-bodo-ponudili-vpogled-v-poseben-svet-modrega-slikanja\/#primaryimage\"},\"thumbnailUrl\":\"https:\/\/funzine.hu\/wp-content\/uploads\/2025\/07\/ice-2567399_1280.jpg\",\"datePublished\":\"2025-07-31T11:51:15+00:00\",\"author\":{\"@id\":\"https:\/\/funzine.hu\/#\/schema\/person\/f3864a88f41183e8c3af70534ac28bb4\"},\"breadcrumb\":{\"@id\":\"https:\/\/funzine.hu\/sl\/2025\/07\/31\/potovanje\/5-cudovitih-programov-in-lokacij-v-drzavi-ki-vam-bodo-ponudili-vpogled-v-poseben-svet-modrega-slikanja\/#breadcrumb\"},\"inLanguage\":\"sl-SI\",\"potentialAction\":[{\"@type\":\"ReadAction\",\"target\":[\"https:\/\/funzine.hu\/sl\/2025\/07\/31\/potovanje\/5-cudovitih-programov-in-lokacij-v-drzavi-ki-vam-bodo-ponudili-vpogled-v-poseben-svet-modrega-slikanja\/\"]}]},{\"@type\":\"ImageObject\",\"inLanguage\":\"sl-SI\",\"@id\":\"https:\/\/funzine.hu\/sl\/2025\/07\/31\/potovanje\/5-cudovitih-programov-in-lokacij-v-drzavi-ki-vam-bodo-ponudili-vpogled-v-poseben-svet-modrega-slikanja\/#primaryimage\",\"url\":\"https:\/\/funzine.hu\/wp-content\/uploads\/2025\/07\/ice-2567399_1280.jpg\",\"contentUrl\":\"https:\/\/funzine.hu\/wp-content\/uploads\/2025\/07\/ice-2567399_1280.jpg\",\"width\":1280,\"height\":853,\"caption\":\"ilustracija - pixabay.com\"},{\"@type\":\"BreadcrumbList\",\"@id\":\"https:\/\/funzine.hu\/sl\/2025\/07\/31\/potovanje\/5-cudovitih-programov-in-lokacij-v-drzavi-ki-vam-bodo-ponudili-vpogled-v-poseben-svet-modrega-slikanja\/#breadcrumb\",\"itemListElement\":[{\"@type\":\"ListItem\",\"position\":1,\"name\":\"Home\",\"item\":\"https:\/\/funzine.hu\/sl\/\"},{\"@type\":\"ListItem\",\"position\":2,\"name\":\"5 \u010dudovitih programov in lokacij v dr\u017eavi, ki vam bodo ponudili vpogled v poseben svet modrega slikanja\"}]},{\"@type\":\"WebSite\",\"@id\":\"https:\/\/funzine.hu\/#website\",\"url\":\"https:\/\/funzine.hu\/\",\"name\":\"Funzine\",\"description\":\"\",\"potentialAction\":[{\"@type\":\"SearchAction\",\"target\":{\"@type\":\"EntryPoint\",\"urlTemplate\":\"https:\/\/funzine.hu\/?s={search_term_string}\"},\"query-input\":{\"@type\":\"PropertyValueSpecification\",\"valueRequired\":true,\"valueName\":\"search_term_string\"}}],\"inLanguage\":\"sl-SI\"},{\"@type\":\"Person\",\"@id\":\"https:\/\/funzine.hu\/#\/schema\/person\/f3864a88f41183e8c3af70534ac28bb4\",\"name\":\"Bodn\u00e1r Zsuzsa\",\"image\":{\"@type\":\"ImageObject\",\"inLanguage\":\"sl-SI\",\"@id\":\"https:\/\/secure.gravatar.com\/avatar\/3dac04a042bfb0c015d0f893ef5eb9cca9d966bb5795039862dafd8d2ab5d410?s=96&d=mm&r=g\",\"url\":\"https:\/\/secure.gravatar.com\/avatar\/3dac04a042bfb0c015d0f893ef5eb9cca9d966bb5795039862dafd8d2ab5d410?s=96&d=mm&r=g\",\"contentUrl\":\"https:\/\/secure.gravatar.com\/avatar\/3dac04a042bfb0c015d0f893ef5eb9cca9d966bb5795039862dafd8d2ab5d410?s=96&d=mm&r=g\",\"caption\":\"Bodn\u00e1r Zsuzsa\"},\"url\":\"https:\/\/funzine.hu\/sl\/author\/bodnar-zsuzsa-1984\/\"}]}<\/script>\n<!-- \/ Yoast SEO plugin. -->","yoast_head_json":{"title":"5 \u010dudovitih programov in lokacij v dr\u017eavi, ki vam bodo ponudili vpogled v poseben svet modrega slikanja","robots":{"index":"index","follow":"follow","max-snippet":"max-snippet:-1","max-image-preview":"max-image-preview:large","max-video-preview":"max-video-preview:-1"},"canonical":"https:\/\/funzine.hu\/sl\/2025\/07\/31\/potovanje\/5-cudovitih-programov-in-lokacij-v-drzavi-ki-vam-bodo-ponudili-vpogled-v-poseben-svet-modrega-slikanja\/","og_locale":"sl_SI","og_type":"article","og_title":"5 \u010dudovitih programov in lokacij v dr\u017eavi, ki vam bodo ponudili vpogled v poseben svet modrega slikanja","og_description":"Za vas smo zbrali \u0161opek \u010dudovitih lokacij in vznemirljivih programov, ki vas bodo povabili tudi v","og_url":"https:\/\/funzine.hu\/sl\/2025\/07\/31\/potovanje\/5-cudovitih-programov-in-lokacij-v-drzavi-ki-vam-bodo-ponudili-vpogled-v-poseben-svet-modrega-slikanja\/","og_site_name":"Funzine","article_publisher":"https:\/\/www.facebook.com\/funzine\/","article_published_time":"2025-07-31T11:51:15+00:00","og_image":[{"width":1280,"height":853,"url":"https:\/\/funzine.hu\/wp-content\/uploads\/2025\/07\/ice-2567399_1280.jpg","type":"image\/jpeg"}],"author":"Bodn\u00e1r Zsuzsa","twitter_card":"summary_large_image","twitter_creator":"@funzine","twitter_site":"@funzine","twitter_misc":{"Written by":"Bodn\u00e1r Zsuzsa","Est. reading time":"4 minute"},"schema":{"@context":"https:\/\/schema.org","@graph":[{"@type":"NewsArticle","@id":"https:\/\/funzine.hu\/sl\/2025\/07\/31\/potovanje\/5-cudovitih-programov-in-lokacij-v-drzavi-ki-vam-bodo-ponudili-vpogled-v-poseben-svet-modrega-slikanja\/#article","isPartOf":{"@id":"https:\/\/funzine.hu\/sl\/2025\/07\/31\/potovanje\/5-cudovitih-programov-in-lokacij-v-drzavi-ki-vam-bodo-ponudili-vpogled-v-poseben-svet-modrega-slikanja\/"},"author":{"name":"Bodn\u00e1r Zsuzsa","@id":"https:\/\/funzine.hu\/#\/schema\/person\/f3864a88f41183e8c3af70534ac28bb4"},"headline":"5 \u010dudovitih programov in lokacij v dr\u017eavi, ki vam bodo ponudili vpogled v poseben svet modrega slikanja","datePublished":"2025-07-31T11:51:15+00:00","mainEntityOfPage":{"@id":"https:\/\/funzine.hu\/sl\/2025\/07\/31\/potovanje\/5-cudovitih-programov-in-lokacij-v-drzavi-ki-vam-bodo-ponudili-vpogled-v-poseben-svet-modrega-slikanja\/"},"wordCount":559,"image":{"@id":"https:\/\/funzine.hu\/sl\/2025\/07\/31\/potovanje\/5-cudovitih-programov-in-lokacij-v-drzavi-ki-vam-bodo-ponudili-vpogled-v-poseben-svet-modrega-slikanja\/#primaryimage"},"thumbnailUrl":"https:\/\/funzine.hu\/wp-content\/uploads\/2025\/07\/ice-2567399_1280.jpg","articleSection":["Potovanje"],"inLanguage":"sl-SI"},{"@type":"WebPage","@id":"https:\/\/funzine.hu\/sl\/2025\/07\/31\/potovanje\/5-cudovitih-programov-in-lokacij-v-drzavi-ki-vam-bodo-ponudili-vpogled-v-poseben-svet-modrega-slikanja\/","url":"https:\/\/funzine.hu\/sl\/2025\/07\/31\/potovanje\/5-cudovitih-programov-in-lokacij-v-drzavi-ki-vam-bodo-ponudili-vpogled-v-poseben-svet-modrega-slikanja\/","name":"5 \u010dudovitih programov in lokacij v dr\u017eavi, ki vam bodo ponudili vpogled v poseben svet modrega slikanja","isPartOf":{"@id":"https:\/\/funzine.hu\/#website"},"primaryImageOfPage":{"@id":"https:\/\/funzine.hu\/sl\/2025\/07\/31\/potovanje\/5-cudovitih-programov-in-lokacij-v-drzavi-ki-vam-bodo-ponudili-vpogled-v-poseben-svet-modrega-slikanja\/#primaryimage"},"image":{"@id":"https:\/\/funzine.hu\/sl\/2025\/07\/31\/potovanje\/5-cudovitih-programov-in-lokacij-v-drzavi-ki-vam-bodo-ponudili-vpogled-v-poseben-svet-modrega-slikanja\/#primaryimage"},"thumbnailUrl":"https:\/\/funzine.hu\/wp-content\/uploads\/2025\/07\/ice-2567399_1280.jpg","datePublished":"2025-07-31T11:51:15+00:00","author":{"@id":"https:\/\/funzine.hu\/#\/schema\/person\/f3864a88f41183e8c3af70534ac28bb4"},"breadcrumb":{"@id":"https:\/\/funzine.hu\/sl\/2025\/07\/31\/potovanje\/5-cudovitih-programov-in-lokacij-v-drzavi-ki-vam-bodo-ponudili-vpogled-v-poseben-svet-modrega-slikanja\/#breadcrumb"},"inLanguage":"sl-SI","potentialAction":[{"@type":"ReadAction","target":["https:\/\/funzine.hu\/sl\/2025\/07\/31\/potovanje\/5-cudovitih-programov-in-lokacij-v-drzavi-ki-vam-bodo-ponudili-vpogled-v-poseben-svet-modrega-slikanja\/"]}]},{"@type":"ImageObject","inLanguage":"sl-SI","@id":"https:\/\/funzine.hu\/sl\/2025\/07\/31\/potovanje\/5-cudovitih-programov-in-lokacij-v-drzavi-ki-vam-bodo-ponudili-vpogled-v-poseben-svet-modrega-slikanja\/#primaryimage","url":"https:\/\/funzine.hu\/wp-content\/uploads\/2025\/07\/ice-2567399_1280.jpg","contentUrl":"https:\/\/funzine.hu\/wp-content\/uploads\/2025\/07\/ice-2567399_1280.jpg","width":1280,"height":853,"caption":"ilustracija - pixabay.com"},{"@type":"BreadcrumbList","@id":"https:\/\/funzine.hu\/sl\/2025\/07\/31\/potovanje\/5-cudovitih-programov-in-lokacij-v-drzavi-ki-vam-bodo-ponudili-vpogled-v-poseben-svet-modrega-slikanja\/#breadcrumb","itemListElement":[{"@type":"ListItem","position":1,"name":"Home","item":"https:\/\/funzine.hu\/sl\/"},{"@type":"ListItem","position":2,"name":"5 \u010dudovitih programov in lokacij v dr\u017eavi, ki vam bodo ponudili vpogled v poseben svet modrega slikanja"}]},{"@type":"WebSite","@id":"https:\/\/funzine.hu\/#website","url":"https:\/\/funzine.hu\/","name":"Funzine","description":"","potentialAction":[{"@type":"SearchAction","target":{"@type":"EntryPoint","urlTemplate":"https:\/\/funzine.hu\/?s={search_term_string}"},"query-input":{"@type":"PropertyValueSpecification","valueRequired":true,"valueName":"search_term_string"}}],"inLanguage":"sl-SI"},{"@type":"Person","@id":"https:\/\/funzine.hu\/#\/schema\/person\/f3864a88f41183e8c3af70534ac28bb4","name":"Bodn\u00e1r Zsuzsa","image":{"@type":"ImageObject","inLanguage":"sl-SI","@id":"https:\/\/secure.gravatar.com\/avatar\/3dac04a042bfb0c015d0f893ef5eb9cca9d966bb5795039862dafd8d2ab5d410?s=96&d=mm&r=g","url":"https:\/\/secure.gravatar.com\/avatar\/3dac04a042bfb0c015d0f893ef5eb9cca9d966bb5795039862dafd8d2ab5d410?s=96&d=mm&r=g","contentUrl":"https:\/\/secure.gravatar.com\/avatar\/3dac04a042bfb0c015d0f893ef5eb9cca9d966bb5795039862dafd8d2ab5d410?s=96&d=mm&r=g","caption":"Bodn\u00e1r Zsuzsa"},"url":"https:\/\/funzine.hu\/sl\/author\/bodnar-zsuzsa-1984\/"}]}},"amp_enabled":true,"_links":{"self":[{"href":"https:\/\/funzine.hu\/sl\/wp-json\/wp\/v2\/posts\/607972","targetHints":{"allow":["GET"]}}],"collection":[{"href":"https:\/\/funzine.hu\/sl\/wp-json\/wp\/v2\/posts"}],"about":[{"href":"https:\/\/funzine.hu\/sl\/wp-json\/wp\/v2\/types\/post"}],"author":[{"embeddable":true,"href":"https:\/\/funzine.hu\/sl\/wp-json\/wp\/v2\/users\/391"}],"replies":[{"embeddable":true,"href":"https:\/\/funzine.hu\/sl\/wp-json\/wp\/v2\/comments?post=607972"}],"version-history":[{"count":1,"href":"https:\/\/funzine.hu\/sl\/wp-json\/wp\/v2\/posts\/607972\/revisions"}],"predecessor-version":[{"id":607974,"href":"https:\/\/funzine.hu\/sl\/wp-json\/wp\/v2\/posts\/607972\/revisions\/607974"}],"wp:featuredmedia":[{"embeddable":true,"href":"https:\/\/funzine.hu\/sl\/wp-json\/wp\/v2\/media\/607973"}],"wp:attachment":[{"href":"https:\/\/funzine.hu\/sl\/wp-json\/wp\/v2\/media?parent=607972"}],"wp:term":[{"taxonomy":"category","embeddable":true,"href":"https:\/\/funzine.hu\/sl\/wp-json\/wp\/v2\/categories?post=607972"},{"taxonomy":"post_tag","embeddable":true,"href":"https:\/\/funzine.hu\/sl\/wp-json\/wp\/v2\/tags?post=607972"},{"taxonomy":"post_places","embeddable":true,"href":"https:\/\/funzine.hu\/sl\/wp-json\/wp\/v2\/post_places?post=607972"}],"curies":[{"name":"wp","href":"https:\/\/api.w.org\/{rel}","templated":true}]}}