{"id":605284,"date":"2025-07-01T12:44:06","date_gmt":"2025-07-01T10:44:06","guid":{"rendered":"https:\/\/funzine.hu\/?p=605284"},"modified":"2025-07-01T12:44:06","modified_gmt":"2025-07-01T10:44:06","slug":"poletje-2025-smo-zaceli-s-carobnim-krizarjenjem-z-ladjo-mahart-do-szentendreja","status":"publish","type":"post","link":"https:\/\/funzine.hu\/sl\/2025\/07\/01\/potovanje\/poletje-2025-smo-zaceli-s-carobnim-krizarjenjem-z-ladjo-mahart-do-szentendreja\/","title":{"rendered":"Poletje 2025 smo za\u010deli s \u010darobnim kri\u017earjenjem z ladjo Mahart do Szentendreja"},"content":{"rendered":"<p>Dolgo pri\u010dakovana poletna vro\u010dina prihaja junija, a v tem \u010dasu son\u010dni \u017earki \u0161e vedno prijetno bo\u017eajo na\u0161e obraze: \u010das uni\u010dujo\u010de vro\u010dine je \u0161e dale\u010d. To je idealen \u010das za izlet z ladjo &#8211; smo si mislili med brskanjem po Mahart Donavi. In kako prav smo si mislili!<\/p>\n<p>Opremljeni s sendvi\u010di in pripomo\u010dki za piknik prispemo na trg Vigad\u00f3, izhodno postajo Mahart, od koder se odpravimo proti Szentendreju. To smo izbrali izmed ve\u010d mo\u017enih destinacij za kri\u017earjenje &#8211; Szentendre je \u010dudovit in je blizu, a ne preblizu, tako da lahko v celoti u\u017eivamo v \u010dasu, pre\u017eivetem na Donavi.<\/p>\n<figure id=\"attachment_605285\" aria-describedby=\"caption-attachment-605285\" style=\"width: 850px\" class=\"wp-caption aligncenter\"><img decoding=\"async\" class=\"size-funzine-large wp-image-605285\" src=\"https:\/\/funzine.hu\/wp-content\/uploads\/2025\/07\/boat-1254363_1280-1200x798.jpg\" alt=\"\" width=\"850\" height=\"565\" srcset=\"https:\/\/funzine.hu\/wp-content\/uploads\/2025\/07\/boat-1254363_1280-1200x798.jpg 1200w, https:\/\/funzine.hu\/wp-content\/uploads\/2025\/07\/boat-1254363_1280-300x200.jpg 300w, https:\/\/funzine.hu\/wp-content\/uploads\/2025\/07\/boat-1254363_1280-1024x681.jpg 1024w, https:\/\/funzine.hu\/wp-content\/uploads\/2025\/07\/boat-1254363_1280-768x511.jpg 768w, https:\/\/funzine.hu\/wp-content\/uploads\/2025\/07\/boat-1254363_1280-360x240.jpg 360w, https:\/\/funzine.hu\/wp-content\/uploads\/2025\/07\/boat-1254363_1280-100x65.jpg 100w, https:\/\/funzine.hu\/wp-content\/uploads\/2025\/07\/boat-1254363_1280.jpg 1280w\" sizes=\"(max-width: 850px) 100vw, 850px\" \/><figcaption id=\"caption-attachment-605285\" class=\"wp-caption-text\">ilustracija &#8211; pixabay.com<\/figcaption><\/figure>\n<p>Izlet z ladjo po Donavi<br \/>\nKljub odhodu med tednom zjutraj je v pristani\u0161\u010du ob 10:15, \u010detrt ure pred odhodom, precej velika mno\u017eica \u2013 kri\u017earjenja po Donavi so priljubljen program za turiste in mad\u017earske izletni\u0161ke skupine, gurmani pa ne \u017eelijo zamuditi najbolj\u0161ih krajev.<\/p>\n<p>Na Mahartovih letih je \u0161tevilo zunanjih sede\u017eev na zgornji palubi omejeno. Ve\u010dina tistih, ki kupijo vozovnice, se tja \u0161e vedno lahko prilega, ostali pa dobijo notranjo palubo \u2013 v tem delu zrak, ki ga klimatska naprava ohladi na prijetno temperaturo, udobni stoli in mize ter bife, ki v celoti zadovolji osnovne potrebe, nadomestijo pomanjkanje vetri\u010da, ki nam \u017ege\u010dka obraze.<\/p>\n<p>Vzdu\u0161je je odli\u010dno po vsej ladji, razgled od tukaj skozi okno pa je precej impresiven \u2013 kri\u017earjenje po Donavi je odli\u010dna prilo\u017enost, da se ob\u010dudujete \u010dudoviti okolici in veli\u010dastnim stavbam, med katerimi se vsak dan sprehajamo v prestolnici.<\/p>\n<p>Najprej se peljemo pod Veri\u017enim mostom, nato mimo Ribi\u0161kega bastiona in Parlamenta, ki \u017ee od zunaj vzbuja spo\u0161tovanje. Nato se v vsej svoji lepoti poka\u017eejo Margaretin otok, Elizabetin in Svobodni most &#8230;<\/p>\n<p>Skoraj nenadoma se znajdemo, ko zapu\u0161\u010damo mesto. Veli\u010dastne stavbe zamenja ni\u010d manj \u010dudovita pokrajina, vrh Shipyard Island s stolpi plinarne \u00d3buda v ozadju in pla\u017ea R\u00f3mai, kjer nam kopalci na brezpla\u010dni pla\u017ei veselo mahajo med dvema pljuskoma.<\/p>\n<p>Le nekaj vodnih ptic in izku\u0161enih kajaka\u0161ev se vije mimo bujnih zelenih obal \u2013 za\u017eelimo si, da bi sledili njihovemu zgledu, saj kmalu s hrepenenjem pogledamo po\u010ditni\u0161ke hi\u0161ice v slogu Bauhaus na divje romanti\u010dnem otoku Lupa.<\/p>\n<p>Seveda nimamo razloga za zavist: \u010daka nas \u010darobni Szentendre, kamor prispemo kmalu po poldnevu.<\/p>\n<p>Bogaten izlet v Szentendre<br \/>\nV tem mestecu, znanem po bogatem umetni\u0161kem \u017eivljenju, nismo nikoli razo\u010darani \u2013 ne glede na to, ali tam pre\u017eivite uro ali dve, cel dan ali dlje \u010dasa, vedno je mogo\u010de odkriti gastronomske in kulturne novosti, \u017eivahno \u017eivljenje na bregovih Donave pa bo zagotovo kronalo izlet.<\/p>\n<p>Tokrat se je v popoldanski program uvrstila razstava plakatov v slogu art nouveau Umetnostne galerije Szentendre in sla\u0161\u010di\u010darne Muzeja marcipana Szamos \u2013 seveda ne zamudimo niti oddelka muzeja in sla\u0161\u010dic \u2013 nato pa se ohladimo na pla\u017ei Post\u00e1s-szabadstrand: nekateri ska\u010dejo v prijetno hladno vodo, drugi le\u017eijo pod sen\u010dnimi drevesi.<\/p>\n<p>Na poti nazaj potujemo z drugo ladjo \u2013 ne bomo na\u0161tevali, kaj smo \u0161e videli, \u010deprav bi z veseljem ponovili isto potovanje \u0161e tretji\u010d, tako prijeten ob\u010dutek je jadrati po Donavi v juniju, \u0161e posebej, ker imamo tokrat prostor na odprti palubi.<\/p>\n<p>Na poti domov \u2013 morda zato, ker gremo v isto smer kot Donava \u2013 prispemo ve\u010d kot pol ure hitreje, ladja pa se ustavi tudi na Batthy\u00e1nyijevem trgu poleg Vigad\u00f3jevega trga, neposredno nasproti parlamenta. Pomemben prizor za zaklju\u010dek pomenljivega, a neverjetno spro\u0161\u010dujo\u010dega dne.<\/p>\n<p>\u0160iroka izbira kri\u017earjenj<br \/>\nSzentendre je le del \u0161iroke ponudbe kri\u017earjenj, ki jih ponuja Mahart \u2013 ko bomo naslednji\u010d ponovili potovanje, jih bo na voljo \u0161e veliko ve\u010d. Lahko se odpravite tudi v Esztergom, Vi\u0161egrad ali pa razi\u0161\u010dete celoten Donavski ovinek s hidrogliserjem.<\/p>\n<p>Lahko se odpravite na ogled kri\u017earjenja hop-on, hop-off, na voljo pa so tudi ve\u010derna kri\u017earjenja in najem \u010dolnov za dogodke, kri\u017earka pa ponuja znatne popuste za ve\u010dje skupine.<\/p>\n<p>Ve\u010d o razli\u010dnih kri\u017earjenjih in natan\u010dnem urniku si lahko preberete na TEJ strani<\/p>\n","protected":false},"excerpt":{"rendered":"<p>Dolgo pri\u010dakovana poletna vro\u010dina prihaja junija, a v tem \u010dasu son\u010dni \u017earki \u0161e vedno prijetno bo\u017eajo<\/p>\n","protected":false},"author":391,"featured_media":605285,"comment_status":"closed","ping_status":"closed","sticky":false,"template":"","format":"standard","meta":{"_acf_changed":false,"wprm-recipe-roundup-name":"","wprm-recipe-roundup-description":"","ngg_post_thumbnail":0,"footnotes":""},"categories":[14345],"tags":[],"post_places":[],"class_list":["post-605284","post","type-post","status-publish","format-standard","has-post-thumbnail","hentry","category-potovanje"],"acf":{"connected_places":"","del_image":""},"yoast_head":"<!-- This site is optimized with the Yoast SEO plugin v27.2 - https:\/\/yoast.com\/product\/yoast-seo-wordpress\/ -->\n<title>Poletje 2025 smo za\u010deli s \u010darobnim kri\u017earjenjem z ladjo Mahart do Szentendreja<\/title>\n<meta name=\"robots\" content=\"index, follow, max-snippet:-1, max-image-preview:large, max-video-preview:-1\" \/>\n<link rel=\"canonical\" href=\"https:\/\/funzine.hu\/sl\/2025\/07\/01\/potovanje\/poletje-2025-smo-zaceli-s-carobnim-krizarjenjem-z-ladjo-mahart-do-szentendreja\/\" \/>\n<meta property=\"og:locale\" content=\"sl_SI\" \/>\n<meta property=\"og:type\" content=\"article\" \/>\n<meta property=\"og:title\" content=\"Poletje 2025 smo za\u010deli s \u010darobnim kri\u017earjenjem z ladjo Mahart do Szentendreja\" \/>\n<meta property=\"og:description\" content=\"Dolgo pri\u010dakovana poletna vro\u010dina prihaja junija, a v tem \u010dasu son\u010dni \u017earki \u0161e vedno prijetno bo\u017eajo\" \/>\n<meta property=\"og:url\" content=\"https:\/\/funzine.hu\/sl\/2025\/07\/01\/potovanje\/poletje-2025-smo-zaceli-s-carobnim-krizarjenjem-z-ladjo-mahart-do-szentendreja\/\" \/>\n<meta property=\"og:site_name\" content=\"Funzine\" \/>\n<meta property=\"article:publisher\" content=\"https:\/\/www.facebook.com\/funzine\/\" \/>\n<meta property=\"article:published_time\" content=\"2025-07-01T10:44:06+00:00\" \/>\n<meta property=\"og:image\" content=\"https:\/\/funzine.hu\/wp-content\/uploads\/2025\/07\/boat-1254363_1280.jpg\" \/>\n\t<meta property=\"og:image:width\" content=\"1280\" \/>\n\t<meta property=\"og:image:height\" content=\"851\" \/>\n\t<meta property=\"og:image:type\" content=\"image\/jpeg\" \/>\n<meta name=\"author\" content=\"Bodn\u00e1r Zsuzsa\" \/>\n<meta name=\"twitter:card\" content=\"summary_large_image\" \/>\n<meta name=\"twitter:creator\" content=\"@funzine\" \/>\n<meta name=\"twitter:site\" content=\"@funzine\" \/>\n<meta name=\"twitter:label1\" content=\"Written by\" \/>\n\t<meta name=\"twitter:data1\" content=\"Bodn\u00e1r Zsuzsa\" \/>\n\t<meta name=\"twitter:label2\" content=\"Est. reading time\" \/>\n\t<meta name=\"twitter:data2\" content=\"4 minute\" \/>\n<script type=\"application\/ld+json\" class=\"yoast-schema-graph\">{\"@context\":\"https:\/\/schema.org\",\"@graph\":[{\"@type\":\"NewsArticle\",\"@id\":\"https:\/\/funzine.hu\/sl\/2025\/07\/01\/potovanje\/poletje-2025-smo-zaceli-s-carobnim-krizarjenjem-z-ladjo-mahart-do-szentendreja\/#article\",\"isPartOf\":{\"@id\":\"https:\/\/funzine.hu\/sl\/2025\/07\/01\/potovanje\/poletje-2025-smo-zaceli-s-carobnim-krizarjenjem-z-ladjo-mahart-do-szentendreja\/\"},\"author\":{\"name\":\"Bodn\u00e1r Zsuzsa\",\"@id\":\"https:\/\/funzine.hu\/#\/schema\/person\/f3864a88f41183e8c3af70534ac28bb4\"},\"headline\":\"Poletje 2025 smo za\u010deli s \u010darobnim kri\u017earjenjem z ladjo Mahart do Szentendreja\",\"datePublished\":\"2025-07-01T10:44:06+00:00\",\"mainEntityOfPage\":{\"@id\":\"https:\/\/funzine.hu\/sl\/2025\/07\/01\/potovanje\/poletje-2025-smo-zaceli-s-carobnim-krizarjenjem-z-ladjo-mahart-do-szentendreja\/\"},\"wordCount\":711,\"image\":{\"@id\":\"https:\/\/funzine.hu\/sl\/2025\/07\/01\/potovanje\/poletje-2025-smo-zaceli-s-carobnim-krizarjenjem-z-ladjo-mahart-do-szentendreja\/#primaryimage\"},\"thumbnailUrl\":\"https:\/\/funzine.hu\/wp-content\/uploads\/2025\/07\/boat-1254363_1280.jpg\",\"articleSection\":[\"Potovanje\"],\"inLanguage\":\"sl-SI\"},{\"@type\":\"WebPage\",\"@id\":\"https:\/\/funzine.hu\/sl\/2025\/07\/01\/potovanje\/poletje-2025-smo-zaceli-s-carobnim-krizarjenjem-z-ladjo-mahart-do-szentendreja\/\",\"url\":\"https:\/\/funzine.hu\/sl\/2025\/07\/01\/potovanje\/poletje-2025-smo-zaceli-s-carobnim-krizarjenjem-z-ladjo-mahart-do-szentendreja\/\",\"name\":\"Poletje 2025 smo za\u010deli s \u010darobnim kri\u017earjenjem z ladjo Mahart do Szentendreja\",\"isPartOf\":{\"@id\":\"https:\/\/funzine.hu\/#website\"},\"primaryImageOfPage\":{\"@id\":\"https:\/\/funzine.hu\/sl\/2025\/07\/01\/potovanje\/poletje-2025-smo-zaceli-s-carobnim-krizarjenjem-z-ladjo-mahart-do-szentendreja\/#primaryimage\"},\"image\":{\"@id\":\"https:\/\/funzine.hu\/sl\/2025\/07\/01\/potovanje\/poletje-2025-smo-zaceli-s-carobnim-krizarjenjem-z-ladjo-mahart-do-szentendreja\/#primaryimage\"},\"thumbnailUrl\":\"https:\/\/funzine.hu\/wp-content\/uploads\/2025\/07\/boat-1254363_1280.jpg\",\"datePublished\":\"2025-07-01T10:44:06+00:00\",\"author\":{\"@id\":\"https:\/\/funzine.hu\/#\/schema\/person\/f3864a88f41183e8c3af70534ac28bb4\"},\"breadcrumb\":{\"@id\":\"https:\/\/funzine.hu\/sl\/2025\/07\/01\/potovanje\/poletje-2025-smo-zaceli-s-carobnim-krizarjenjem-z-ladjo-mahart-do-szentendreja\/#breadcrumb\"},\"inLanguage\":\"sl-SI\",\"potentialAction\":[{\"@type\":\"ReadAction\",\"target\":[\"https:\/\/funzine.hu\/sl\/2025\/07\/01\/potovanje\/poletje-2025-smo-zaceli-s-carobnim-krizarjenjem-z-ladjo-mahart-do-szentendreja\/\"]}]},{\"@type\":\"ImageObject\",\"inLanguage\":\"sl-SI\",\"@id\":\"https:\/\/funzine.hu\/sl\/2025\/07\/01\/potovanje\/poletje-2025-smo-zaceli-s-carobnim-krizarjenjem-z-ladjo-mahart-do-szentendreja\/#primaryimage\",\"url\":\"https:\/\/funzine.hu\/wp-content\/uploads\/2025\/07\/boat-1254363_1280.jpg\",\"contentUrl\":\"https:\/\/funzine.hu\/wp-content\/uploads\/2025\/07\/boat-1254363_1280.jpg\",\"width\":1280,\"height\":851,\"caption\":\"ilustracija - pixabay.com\"},{\"@type\":\"BreadcrumbList\",\"@id\":\"https:\/\/funzine.hu\/sl\/2025\/07\/01\/potovanje\/poletje-2025-smo-zaceli-s-carobnim-krizarjenjem-z-ladjo-mahart-do-szentendreja\/#breadcrumb\",\"itemListElement\":[{\"@type\":\"ListItem\",\"position\":1,\"name\":\"Home\",\"item\":\"https:\/\/funzine.hu\/sl\/\"},{\"@type\":\"ListItem\",\"position\":2,\"name\":\"Poletje 2025 smo za\u010deli s \u010darobnim kri\u017earjenjem z ladjo Mahart do Szentendreja\"}]},{\"@type\":\"WebSite\",\"@id\":\"https:\/\/funzine.hu\/#website\",\"url\":\"https:\/\/funzine.hu\/\",\"name\":\"Funzine\",\"description\":\"\",\"potentialAction\":[{\"@type\":\"SearchAction\",\"target\":{\"@type\":\"EntryPoint\",\"urlTemplate\":\"https:\/\/funzine.hu\/?s={search_term_string}\"},\"query-input\":{\"@type\":\"PropertyValueSpecification\",\"valueRequired\":true,\"valueName\":\"search_term_string\"}}],\"inLanguage\":\"sl-SI\"},{\"@type\":\"Person\",\"@id\":\"https:\/\/funzine.hu\/#\/schema\/person\/f3864a88f41183e8c3af70534ac28bb4\",\"name\":\"Bodn\u00e1r Zsuzsa\",\"image\":{\"@type\":\"ImageObject\",\"inLanguage\":\"sl-SI\",\"@id\":\"https:\/\/secure.gravatar.com\/avatar\/3dac04a042bfb0c015d0f893ef5eb9cca9d966bb5795039862dafd8d2ab5d410?s=96&d=mm&r=g\",\"url\":\"https:\/\/secure.gravatar.com\/avatar\/3dac04a042bfb0c015d0f893ef5eb9cca9d966bb5795039862dafd8d2ab5d410?s=96&d=mm&r=g\",\"contentUrl\":\"https:\/\/secure.gravatar.com\/avatar\/3dac04a042bfb0c015d0f893ef5eb9cca9d966bb5795039862dafd8d2ab5d410?s=96&d=mm&r=g\",\"caption\":\"Bodn\u00e1r Zsuzsa\"},\"url\":\"https:\/\/funzine.hu\/sl\/author\/bodnar-zsuzsa-1984\/\"}]}<\/script>\n<!-- \/ Yoast SEO plugin. -->","yoast_head_json":{"title":"Poletje 2025 smo za\u010deli s \u010darobnim kri\u017earjenjem z ladjo Mahart do Szentendreja","robots":{"index":"index","follow":"follow","max-snippet":"max-snippet:-1","max-image-preview":"max-image-preview:large","max-video-preview":"max-video-preview:-1"},"canonical":"https:\/\/funzine.hu\/sl\/2025\/07\/01\/potovanje\/poletje-2025-smo-zaceli-s-carobnim-krizarjenjem-z-ladjo-mahart-do-szentendreja\/","og_locale":"sl_SI","og_type":"article","og_title":"Poletje 2025 smo za\u010deli s \u010darobnim kri\u017earjenjem z ladjo Mahart do Szentendreja","og_description":"Dolgo pri\u010dakovana poletna vro\u010dina prihaja junija, a v tem \u010dasu son\u010dni \u017earki \u0161e vedno prijetno bo\u017eajo","og_url":"https:\/\/funzine.hu\/sl\/2025\/07\/01\/potovanje\/poletje-2025-smo-zaceli-s-carobnim-krizarjenjem-z-ladjo-mahart-do-szentendreja\/","og_site_name":"Funzine","article_publisher":"https:\/\/www.facebook.com\/funzine\/","article_published_time":"2025-07-01T10:44:06+00:00","og_image":[{"width":1280,"height":851,"url":"https:\/\/funzine.hu\/wp-content\/uploads\/2025\/07\/boat-1254363_1280.jpg","type":"image\/jpeg"}],"author":"Bodn\u00e1r Zsuzsa","twitter_card":"summary_large_image","twitter_creator":"@funzine","twitter_site":"@funzine","twitter_misc":{"Written by":"Bodn\u00e1r Zsuzsa","Est. reading time":"4 minute"},"schema":{"@context":"https:\/\/schema.org","@graph":[{"@type":"NewsArticle","@id":"https:\/\/funzine.hu\/sl\/2025\/07\/01\/potovanje\/poletje-2025-smo-zaceli-s-carobnim-krizarjenjem-z-ladjo-mahart-do-szentendreja\/#article","isPartOf":{"@id":"https:\/\/funzine.hu\/sl\/2025\/07\/01\/potovanje\/poletje-2025-smo-zaceli-s-carobnim-krizarjenjem-z-ladjo-mahart-do-szentendreja\/"},"author":{"name":"Bodn\u00e1r Zsuzsa","@id":"https:\/\/funzine.hu\/#\/schema\/person\/f3864a88f41183e8c3af70534ac28bb4"},"headline":"Poletje 2025 smo za\u010deli s \u010darobnim kri\u017earjenjem z ladjo Mahart do Szentendreja","datePublished":"2025-07-01T10:44:06+00:00","mainEntityOfPage":{"@id":"https:\/\/funzine.hu\/sl\/2025\/07\/01\/potovanje\/poletje-2025-smo-zaceli-s-carobnim-krizarjenjem-z-ladjo-mahart-do-szentendreja\/"},"wordCount":711,"image":{"@id":"https:\/\/funzine.hu\/sl\/2025\/07\/01\/potovanje\/poletje-2025-smo-zaceli-s-carobnim-krizarjenjem-z-ladjo-mahart-do-szentendreja\/#primaryimage"},"thumbnailUrl":"https:\/\/funzine.hu\/wp-content\/uploads\/2025\/07\/boat-1254363_1280.jpg","articleSection":["Potovanje"],"inLanguage":"sl-SI"},{"@type":"WebPage","@id":"https:\/\/funzine.hu\/sl\/2025\/07\/01\/potovanje\/poletje-2025-smo-zaceli-s-carobnim-krizarjenjem-z-ladjo-mahart-do-szentendreja\/","url":"https:\/\/funzine.hu\/sl\/2025\/07\/01\/potovanje\/poletje-2025-smo-zaceli-s-carobnim-krizarjenjem-z-ladjo-mahart-do-szentendreja\/","name":"Poletje 2025 smo za\u010deli s \u010darobnim kri\u017earjenjem z ladjo Mahart do Szentendreja","isPartOf":{"@id":"https:\/\/funzine.hu\/#website"},"primaryImageOfPage":{"@id":"https:\/\/funzine.hu\/sl\/2025\/07\/01\/potovanje\/poletje-2025-smo-zaceli-s-carobnim-krizarjenjem-z-ladjo-mahart-do-szentendreja\/#primaryimage"},"image":{"@id":"https:\/\/funzine.hu\/sl\/2025\/07\/01\/potovanje\/poletje-2025-smo-zaceli-s-carobnim-krizarjenjem-z-ladjo-mahart-do-szentendreja\/#primaryimage"},"thumbnailUrl":"https:\/\/funzine.hu\/wp-content\/uploads\/2025\/07\/boat-1254363_1280.jpg","datePublished":"2025-07-01T10:44:06+00:00","author":{"@id":"https:\/\/funzine.hu\/#\/schema\/person\/f3864a88f41183e8c3af70534ac28bb4"},"breadcrumb":{"@id":"https:\/\/funzine.hu\/sl\/2025\/07\/01\/potovanje\/poletje-2025-smo-zaceli-s-carobnim-krizarjenjem-z-ladjo-mahart-do-szentendreja\/#breadcrumb"},"inLanguage":"sl-SI","potentialAction":[{"@type":"ReadAction","target":["https:\/\/funzine.hu\/sl\/2025\/07\/01\/potovanje\/poletje-2025-smo-zaceli-s-carobnim-krizarjenjem-z-ladjo-mahart-do-szentendreja\/"]}]},{"@type":"ImageObject","inLanguage":"sl-SI","@id":"https:\/\/funzine.hu\/sl\/2025\/07\/01\/potovanje\/poletje-2025-smo-zaceli-s-carobnim-krizarjenjem-z-ladjo-mahart-do-szentendreja\/#primaryimage","url":"https:\/\/funzine.hu\/wp-content\/uploads\/2025\/07\/boat-1254363_1280.jpg","contentUrl":"https:\/\/funzine.hu\/wp-content\/uploads\/2025\/07\/boat-1254363_1280.jpg","width":1280,"height":851,"caption":"ilustracija - pixabay.com"},{"@type":"BreadcrumbList","@id":"https:\/\/funzine.hu\/sl\/2025\/07\/01\/potovanje\/poletje-2025-smo-zaceli-s-carobnim-krizarjenjem-z-ladjo-mahart-do-szentendreja\/#breadcrumb","itemListElement":[{"@type":"ListItem","position":1,"name":"Home","item":"https:\/\/funzine.hu\/sl\/"},{"@type":"ListItem","position":2,"name":"Poletje 2025 smo za\u010deli s \u010darobnim kri\u017earjenjem z ladjo Mahart do Szentendreja"}]},{"@type":"WebSite","@id":"https:\/\/funzine.hu\/#website","url":"https:\/\/funzine.hu\/","name":"Funzine","description":"","potentialAction":[{"@type":"SearchAction","target":{"@type":"EntryPoint","urlTemplate":"https:\/\/funzine.hu\/?s={search_term_string}"},"query-input":{"@type":"PropertyValueSpecification","valueRequired":true,"valueName":"search_term_string"}}],"inLanguage":"sl-SI"},{"@type":"Person","@id":"https:\/\/funzine.hu\/#\/schema\/person\/f3864a88f41183e8c3af70534ac28bb4","name":"Bodn\u00e1r Zsuzsa","image":{"@type":"ImageObject","inLanguage":"sl-SI","@id":"https:\/\/secure.gravatar.com\/avatar\/3dac04a042bfb0c015d0f893ef5eb9cca9d966bb5795039862dafd8d2ab5d410?s=96&d=mm&r=g","url":"https:\/\/secure.gravatar.com\/avatar\/3dac04a042bfb0c015d0f893ef5eb9cca9d966bb5795039862dafd8d2ab5d410?s=96&d=mm&r=g","contentUrl":"https:\/\/secure.gravatar.com\/avatar\/3dac04a042bfb0c015d0f893ef5eb9cca9d966bb5795039862dafd8d2ab5d410?s=96&d=mm&r=g","caption":"Bodn\u00e1r Zsuzsa"},"url":"https:\/\/funzine.hu\/sl\/author\/bodnar-zsuzsa-1984\/"}]}},"amp_enabled":true,"_links":{"self":[{"href":"https:\/\/funzine.hu\/sl\/wp-json\/wp\/v2\/posts\/605284","targetHints":{"allow":["GET"]}}],"collection":[{"href":"https:\/\/funzine.hu\/sl\/wp-json\/wp\/v2\/posts"}],"about":[{"href":"https:\/\/funzine.hu\/sl\/wp-json\/wp\/v2\/types\/post"}],"author":[{"embeddable":true,"href":"https:\/\/funzine.hu\/sl\/wp-json\/wp\/v2\/users\/391"}],"replies":[{"embeddable":true,"href":"https:\/\/funzine.hu\/sl\/wp-json\/wp\/v2\/comments?post=605284"}],"version-history":[{"count":1,"href":"https:\/\/funzine.hu\/sl\/wp-json\/wp\/v2\/posts\/605284\/revisions"}],"predecessor-version":[{"id":605286,"href":"https:\/\/funzine.hu\/sl\/wp-json\/wp\/v2\/posts\/605284\/revisions\/605286"}],"wp:featuredmedia":[{"embeddable":true,"href":"https:\/\/funzine.hu\/sl\/wp-json\/wp\/v2\/media\/605285"}],"wp:attachment":[{"href":"https:\/\/funzine.hu\/sl\/wp-json\/wp\/v2\/media?parent=605284"}],"wp:term":[{"taxonomy":"category","embeddable":true,"href":"https:\/\/funzine.hu\/sl\/wp-json\/wp\/v2\/categories?post=605284"},{"taxonomy":"post_tag","embeddable":true,"href":"https:\/\/funzine.hu\/sl\/wp-json\/wp\/v2\/tags?post=605284"},{"taxonomy":"post_places","embeddable":true,"href":"https:\/\/funzine.hu\/sl\/wp-json\/wp\/v2\/post_places?post=605284"}],"curies":[{"name":"wp","href":"https:\/\/api.w.org\/{rel}","templated":true}]}}