{"id":605201,"date":"2025-06-30T15:51:00","date_gmt":"2025-06-30T13:51:00","guid":{"rendered":"https:\/\/funzine.hu\/?p=605201"},"modified":"2025-06-30T15:51:00","modified_gmt":"2025-06-30T13:51:00","slug":"kulturna-kavalkada-v-keszthelyju-za-noc-muzejev-pripravljajo-posebne-programe","status":"publish","type":"post","link":"https:\/\/funzine.hu\/sl\/2025\/06\/30\/potovanje\/kulturna-kavalkada-v-keszthelyju-za-noc-muzejev-pripravljajo-posebne-programe\/","title":{"rendered":"Kulturna kavalkada v Keszthelyju \u2013 za No\u010d muzejev pripravljajo posebne programe"},"content":{"rendered":"<p>21. junija 2025 bo v Keszthelyju ponovno potekala No\u010d muzejev, kjer bodo mestni muzeji, razstavni prostori in zbirke obiskovalce pozdravili s pisanimi in vznemirljivimi programi. Dogodek ponuja odli\u010dno prilo\u017enost, da se kultura, zgodovina in zabava zdru\u017eijo v nepozabni no\u010di.<\/p>\n<p>Grad Festetics \u2013 koncert, dru\u017einski programi, svetlobna predstava<br \/>\nPoleg ogleda razstav na gradu Festetics obiskovalce \u010dakajo tudi posebne konjske predstave in obrtni\u0161ke delavnice. Razstava \u00bbSvet kock\u00ab bo priklicala v svet pravljic in sanj, koncert v \u017eivo Borija Heged\u0171sa in Erika Tempflija v grajskem parku ter svetlobna predstava pa bosta ve\u010der poskrbela za \u010daroben.<\/p>\n<figure id=\"attachment_605202\" aria-describedby=\"caption-attachment-605202\" style=\"width: 850px\" class=\"wp-caption aligncenter\"><img decoding=\"async\" class=\"size-funzine-large wp-image-605202\" src=\"https:\/\/funzine.hu\/wp-content\/uploads\/2025\/06\/keszthely-7439635_1280-1200x828.jpg\" alt=\"\" width=\"850\" height=\"587\" srcset=\"https:\/\/funzine.hu\/wp-content\/uploads\/2025\/06\/keszthely-7439635_1280-1200x828.jpg 1200w, https:\/\/funzine.hu\/wp-content\/uploads\/2025\/06\/keszthely-7439635_1280-300x207.jpg 300w, https:\/\/funzine.hu\/wp-content\/uploads\/2025\/06\/keszthely-7439635_1280-1024x706.jpg 1024w, https:\/\/funzine.hu\/wp-content\/uploads\/2025\/06\/keszthely-7439635_1280-768x530.jpg 768w, https:\/\/funzine.hu\/wp-content\/uploads\/2025\/06\/keszthely-7439635_1280.jpg 1280w\" sizes=\"(max-width: 850px) 100vw, 850px\" \/><figcaption id=\"caption-attachment-605202\" class=\"wp-caption-text\">ilustracija &#8211; pixabay.com<\/figcaption><\/figure>\n<p>Fen\u00e9kpuszta Majors\u00e1g \u2013 eleganca konjeni\u0161kega \u0161porta od blizu<br \/>\nProgram bogatijo tudi spektakularen svet preskakovanja ovir, demonstracija lokostrelstva s sodelovanjem Hunting Hungary, degustacija kraft piva, \u010darobni koncert na balkonu in voden sprehod z baklami, ki ga ponuja pivovarna Helka.<\/p>\n<p>Zgodovinska razstava Georgikon Major \u2013 parni stroj, peka kruha in kresni ogenj<br \/>\nZainteresirani lahko ob\u010dudujejo zgodovinski parni stroj Fowler v delovanju od trenutka, ko se vrata odprejo. V okviru programa \u00bbZa\u0161\u010diti svoje \u017eito, specite svoj kruh!\u00ab lahko vsakdo poskusi tradicionalno peko kruha in si spe\u010de svoj hlebec. Vrhunec ve\u010dera je skupno pri\u017eiganje kresu, kjer se skupaj pri\u017ege kresni ogenj, spremlja petje in skupnostna izku\u0161nja.<\/p>\n<p>Muzej Balaton \u2013 \u010dude\u017e letenja od blizu<br \/>\nMuzej Balaton se letos osredoto\u010da na temo letenja. Z razstavami, demonstracijami sokolarstva, okrasnimi pticami in vodenimi ogledi Mad\u017earskega zdru\u017eenja za raziskovanje razbitin lahko obiskovalci dobijo vpogled v ve\u010dno \u017eeljo \u010dlove\u0161tva po letenju. Simulator lovskega letala in modelni klub Wolfpack \u0161e bolj pribli\u017eata svet zraka.<\/p>\n<p>Razstavi\u0161\u010da v sredi\u0161\u010du mesta \u2013 zgodovina in igra na enem mestu<br \/>\nMuzeji v sredi\u0161\u010du mesta pripravljajo tudi posebne programe: zgodovina 60 narodnih gard in odprtje razstave Husarskih pun\u010dk ponujata zgodovinsko do\u017eivetje, v Muzeju igra\u010d pa najmlaj\u0161e \u010dakajo otro\u0161ki avtomobil\u010dki na pedala.<\/p>\n<p>Spominska hi\u0161a Szendrey J\u00falie \u2013 literatura, zgodovina, do\u017eivetje<br \/>\nSkozi interaktivne vodene oglede Spominske hi\u0161e Szendrey J\u00falie se lahko udele\u017eenci seznanijo z \u017eivljenjem in literarnim delom Szendrey J\u00falie, obogatenim s predavanji in zgodbami.<\/p>\n<p>No\u010d muzejev v Keszthelyju ponuja trajna kulturna in zabavna do\u017eivetja za vse starosti \u2013 vredno jo je obiskati z vso dru\u017eino!<\/p>\n","protected":false},"excerpt":{"rendered":"<p>21. junija 2025 bo v Keszthelyju ponovno potekala No\u010d muzejev, kjer bodo mestni muzeji, razstavni<\/p>\n","protected":false},"author":391,"featured_media":605202,"comment_status":"closed","ping_status":"closed","sticky":false,"template":"","format":"standard","meta":{"_acf_changed":false,"wprm-recipe-roundup-name":"","wprm-recipe-roundup-description":"","ngg_post_thumbnail":0,"footnotes":""},"categories":[14345],"tags":[],"post_places":[],"class_list":["post-605201","post","type-post","status-publish","format-standard","has-post-thumbnail","hentry","category-potovanje"],"acf":{"connected_places":"","del_image":""},"yoast_head":"<!-- This site is optimized with the Yoast SEO plugin v27.2 - https:\/\/yoast.com\/product\/yoast-seo-wordpress\/ -->\n<title>Kulturna kavalkada v Keszthelyju \u2013 za No\u010d muzejev pripravljajo posebne programe<\/title>\n<meta name=\"robots\" content=\"index, follow, max-snippet:-1, max-image-preview:large, max-video-preview:-1\" \/>\n<link rel=\"canonical\" href=\"https:\/\/funzine.hu\/sl\/2025\/06\/30\/potovanje\/kulturna-kavalkada-v-keszthelyju-za-noc-muzejev-pripravljajo-posebne-programe\/\" \/>\n<meta property=\"og:locale\" content=\"sl_SI\" \/>\n<meta property=\"og:type\" content=\"article\" \/>\n<meta property=\"og:title\" content=\"Kulturna kavalkada v Keszthelyju \u2013 za No\u010d muzejev pripravljajo posebne programe\" \/>\n<meta property=\"og:description\" content=\"21. junija 2025 bo v Keszthelyju ponovno potekala No\u010d muzejev, kjer bodo mestni muzeji, razstavni\" \/>\n<meta property=\"og:url\" content=\"https:\/\/funzine.hu\/sl\/2025\/06\/30\/potovanje\/kulturna-kavalkada-v-keszthelyju-za-noc-muzejev-pripravljajo-posebne-programe\/\" \/>\n<meta property=\"og:site_name\" content=\"Funzine\" \/>\n<meta property=\"article:publisher\" content=\"https:\/\/www.facebook.com\/funzine\/\" \/>\n<meta property=\"article:published_time\" content=\"2025-06-30T13:51:00+00:00\" \/>\n<meta property=\"og:image\" content=\"https:\/\/funzine.hu\/wp-content\/uploads\/2025\/06\/keszthely-7439635_1280.jpg\" \/>\n\t<meta property=\"og:image:width\" content=\"1280\" \/>\n\t<meta property=\"og:image:height\" content=\"883\" \/>\n\t<meta property=\"og:image:type\" content=\"image\/jpeg\" \/>\n<meta name=\"author\" content=\"Bodn\u00e1r Zsuzsa\" \/>\n<meta name=\"twitter:card\" content=\"summary_large_image\" \/>\n<meta name=\"twitter:creator\" content=\"@funzine\" \/>\n<meta name=\"twitter:site\" content=\"@funzine\" \/>\n<meta name=\"twitter:label1\" content=\"Written by\" \/>\n\t<meta name=\"twitter:data1\" content=\"Bodn\u00e1r Zsuzsa\" \/>\n\t<meta name=\"twitter:label2\" content=\"Est. reading time\" \/>\n\t<meta name=\"twitter:data2\" content=\"3 minute\" \/>\n<script type=\"application\/ld+json\" class=\"yoast-schema-graph\">{\"@context\":\"https:\/\/schema.org\",\"@graph\":[{\"@type\":\"NewsArticle\",\"@id\":\"https:\/\/funzine.hu\/sl\/2025\/06\/30\/potovanje\/kulturna-kavalkada-v-keszthelyju-za-noc-muzejev-pripravljajo-posebne-programe\/#article\",\"isPartOf\":{\"@id\":\"https:\/\/funzine.hu\/sl\/2025\/06\/30\/potovanje\/kulturna-kavalkada-v-keszthelyju-za-noc-muzejev-pripravljajo-posebne-programe\/\"},\"author\":{\"name\":\"Bodn\u00e1r Zsuzsa\",\"@id\":\"https:\/\/funzine.hu\/#\/schema\/person\/f3864a88f41183e8c3af70534ac28bb4\"},\"headline\":\"Kulturna kavalkada v Keszthelyju \u2013 za No\u010d muzejev pripravljajo posebne programe\",\"datePublished\":\"2025-06-30T13:51:00+00:00\",\"mainEntityOfPage\":{\"@id\":\"https:\/\/funzine.hu\/sl\/2025\/06\/30\/potovanje\/kulturna-kavalkada-v-keszthelyju-za-noc-muzejev-pripravljajo-posebne-programe\/\"},\"wordCount\":391,\"image\":{\"@id\":\"https:\/\/funzine.hu\/sl\/2025\/06\/30\/potovanje\/kulturna-kavalkada-v-keszthelyju-za-noc-muzejev-pripravljajo-posebne-programe\/#primaryimage\"},\"thumbnailUrl\":\"https:\/\/funzine.hu\/wp-content\/uploads\/2025\/06\/keszthely-7439635_1280.jpg\",\"articleSection\":[\"Potovanje\"],\"inLanguage\":\"sl-SI\"},{\"@type\":\"WebPage\",\"@id\":\"https:\/\/funzine.hu\/sl\/2025\/06\/30\/potovanje\/kulturna-kavalkada-v-keszthelyju-za-noc-muzejev-pripravljajo-posebne-programe\/\",\"url\":\"https:\/\/funzine.hu\/sl\/2025\/06\/30\/potovanje\/kulturna-kavalkada-v-keszthelyju-za-noc-muzejev-pripravljajo-posebne-programe\/\",\"name\":\"Kulturna kavalkada v Keszthelyju \u2013 za No\u010d muzejev pripravljajo posebne programe\",\"isPartOf\":{\"@id\":\"https:\/\/funzine.hu\/#website\"},\"primaryImageOfPage\":{\"@id\":\"https:\/\/funzine.hu\/sl\/2025\/06\/30\/potovanje\/kulturna-kavalkada-v-keszthelyju-za-noc-muzejev-pripravljajo-posebne-programe\/#primaryimage\"},\"image\":{\"@id\":\"https:\/\/funzine.hu\/sl\/2025\/06\/30\/potovanje\/kulturna-kavalkada-v-keszthelyju-za-noc-muzejev-pripravljajo-posebne-programe\/#primaryimage\"},\"thumbnailUrl\":\"https:\/\/funzine.hu\/wp-content\/uploads\/2025\/06\/keszthely-7439635_1280.jpg\",\"datePublished\":\"2025-06-30T13:51:00+00:00\",\"author\":{\"@id\":\"https:\/\/funzine.hu\/#\/schema\/person\/f3864a88f41183e8c3af70534ac28bb4\"},\"breadcrumb\":{\"@id\":\"https:\/\/funzine.hu\/sl\/2025\/06\/30\/potovanje\/kulturna-kavalkada-v-keszthelyju-za-noc-muzejev-pripravljajo-posebne-programe\/#breadcrumb\"},\"inLanguage\":\"sl-SI\",\"potentialAction\":[{\"@type\":\"ReadAction\",\"target\":[\"https:\/\/funzine.hu\/sl\/2025\/06\/30\/potovanje\/kulturna-kavalkada-v-keszthelyju-za-noc-muzejev-pripravljajo-posebne-programe\/\"]}]},{\"@type\":\"ImageObject\",\"inLanguage\":\"sl-SI\",\"@id\":\"https:\/\/funzine.hu\/sl\/2025\/06\/30\/potovanje\/kulturna-kavalkada-v-keszthelyju-za-noc-muzejev-pripravljajo-posebne-programe\/#primaryimage\",\"url\":\"https:\/\/funzine.hu\/wp-content\/uploads\/2025\/06\/keszthely-7439635_1280.jpg\",\"contentUrl\":\"https:\/\/funzine.hu\/wp-content\/uploads\/2025\/06\/keszthely-7439635_1280.jpg\",\"width\":1280,\"height\":883,\"caption\":\"ilustracija - pixabay.com\"},{\"@type\":\"BreadcrumbList\",\"@id\":\"https:\/\/funzine.hu\/sl\/2025\/06\/30\/potovanje\/kulturna-kavalkada-v-keszthelyju-za-noc-muzejev-pripravljajo-posebne-programe\/#breadcrumb\",\"itemListElement\":[{\"@type\":\"ListItem\",\"position\":1,\"name\":\"Home\",\"item\":\"https:\/\/funzine.hu\/sl\/\"},{\"@type\":\"ListItem\",\"position\":2,\"name\":\"Kulturna kavalkada v Keszthelyju \u2013 za No\u010d muzejev pripravljajo posebne programe\"}]},{\"@type\":\"WebSite\",\"@id\":\"https:\/\/funzine.hu\/#website\",\"url\":\"https:\/\/funzine.hu\/\",\"name\":\"Funzine\",\"description\":\"\",\"potentialAction\":[{\"@type\":\"SearchAction\",\"target\":{\"@type\":\"EntryPoint\",\"urlTemplate\":\"https:\/\/funzine.hu\/?s={search_term_string}\"},\"query-input\":{\"@type\":\"PropertyValueSpecification\",\"valueRequired\":true,\"valueName\":\"search_term_string\"}}],\"inLanguage\":\"sl-SI\"},{\"@type\":\"Person\",\"@id\":\"https:\/\/funzine.hu\/#\/schema\/person\/f3864a88f41183e8c3af70534ac28bb4\",\"name\":\"Bodn\u00e1r Zsuzsa\",\"image\":{\"@type\":\"ImageObject\",\"inLanguage\":\"sl-SI\",\"@id\":\"https:\/\/secure.gravatar.com\/avatar\/3dac04a042bfb0c015d0f893ef5eb9cca9d966bb5795039862dafd8d2ab5d410?s=96&d=mm&r=g\",\"url\":\"https:\/\/secure.gravatar.com\/avatar\/3dac04a042bfb0c015d0f893ef5eb9cca9d966bb5795039862dafd8d2ab5d410?s=96&d=mm&r=g\",\"contentUrl\":\"https:\/\/secure.gravatar.com\/avatar\/3dac04a042bfb0c015d0f893ef5eb9cca9d966bb5795039862dafd8d2ab5d410?s=96&d=mm&r=g\",\"caption\":\"Bodn\u00e1r Zsuzsa\"},\"url\":\"https:\/\/funzine.hu\/sl\/author\/bodnar-zsuzsa-1984\/\"}]}<\/script>\n<!-- \/ Yoast SEO plugin. -->","yoast_head_json":{"title":"Kulturna kavalkada v Keszthelyju \u2013 za No\u010d muzejev pripravljajo posebne programe","robots":{"index":"index","follow":"follow","max-snippet":"max-snippet:-1","max-image-preview":"max-image-preview:large","max-video-preview":"max-video-preview:-1"},"canonical":"https:\/\/funzine.hu\/sl\/2025\/06\/30\/potovanje\/kulturna-kavalkada-v-keszthelyju-za-noc-muzejev-pripravljajo-posebne-programe\/","og_locale":"sl_SI","og_type":"article","og_title":"Kulturna kavalkada v Keszthelyju \u2013 za No\u010d muzejev pripravljajo posebne programe","og_description":"21. junija 2025 bo v Keszthelyju ponovno potekala No\u010d muzejev, kjer bodo mestni muzeji, razstavni","og_url":"https:\/\/funzine.hu\/sl\/2025\/06\/30\/potovanje\/kulturna-kavalkada-v-keszthelyju-za-noc-muzejev-pripravljajo-posebne-programe\/","og_site_name":"Funzine","article_publisher":"https:\/\/www.facebook.com\/funzine\/","article_published_time":"2025-06-30T13:51:00+00:00","og_image":[{"width":1280,"height":883,"url":"https:\/\/funzine.hu\/wp-content\/uploads\/2025\/06\/keszthely-7439635_1280.jpg","type":"image\/jpeg"}],"author":"Bodn\u00e1r Zsuzsa","twitter_card":"summary_large_image","twitter_creator":"@funzine","twitter_site":"@funzine","twitter_misc":{"Written by":"Bodn\u00e1r Zsuzsa","Est. reading time":"3 minute"},"schema":{"@context":"https:\/\/schema.org","@graph":[{"@type":"NewsArticle","@id":"https:\/\/funzine.hu\/sl\/2025\/06\/30\/potovanje\/kulturna-kavalkada-v-keszthelyju-za-noc-muzejev-pripravljajo-posebne-programe\/#article","isPartOf":{"@id":"https:\/\/funzine.hu\/sl\/2025\/06\/30\/potovanje\/kulturna-kavalkada-v-keszthelyju-za-noc-muzejev-pripravljajo-posebne-programe\/"},"author":{"name":"Bodn\u00e1r Zsuzsa","@id":"https:\/\/funzine.hu\/#\/schema\/person\/f3864a88f41183e8c3af70534ac28bb4"},"headline":"Kulturna kavalkada v Keszthelyju \u2013 za No\u010d muzejev pripravljajo posebne programe","datePublished":"2025-06-30T13:51:00+00:00","mainEntityOfPage":{"@id":"https:\/\/funzine.hu\/sl\/2025\/06\/30\/potovanje\/kulturna-kavalkada-v-keszthelyju-za-noc-muzejev-pripravljajo-posebne-programe\/"},"wordCount":391,"image":{"@id":"https:\/\/funzine.hu\/sl\/2025\/06\/30\/potovanje\/kulturna-kavalkada-v-keszthelyju-za-noc-muzejev-pripravljajo-posebne-programe\/#primaryimage"},"thumbnailUrl":"https:\/\/funzine.hu\/wp-content\/uploads\/2025\/06\/keszthely-7439635_1280.jpg","articleSection":["Potovanje"],"inLanguage":"sl-SI"},{"@type":"WebPage","@id":"https:\/\/funzine.hu\/sl\/2025\/06\/30\/potovanje\/kulturna-kavalkada-v-keszthelyju-za-noc-muzejev-pripravljajo-posebne-programe\/","url":"https:\/\/funzine.hu\/sl\/2025\/06\/30\/potovanje\/kulturna-kavalkada-v-keszthelyju-za-noc-muzejev-pripravljajo-posebne-programe\/","name":"Kulturna kavalkada v Keszthelyju \u2013 za No\u010d muzejev pripravljajo posebne programe","isPartOf":{"@id":"https:\/\/funzine.hu\/#website"},"primaryImageOfPage":{"@id":"https:\/\/funzine.hu\/sl\/2025\/06\/30\/potovanje\/kulturna-kavalkada-v-keszthelyju-za-noc-muzejev-pripravljajo-posebne-programe\/#primaryimage"},"image":{"@id":"https:\/\/funzine.hu\/sl\/2025\/06\/30\/potovanje\/kulturna-kavalkada-v-keszthelyju-za-noc-muzejev-pripravljajo-posebne-programe\/#primaryimage"},"thumbnailUrl":"https:\/\/funzine.hu\/wp-content\/uploads\/2025\/06\/keszthely-7439635_1280.jpg","datePublished":"2025-06-30T13:51:00+00:00","author":{"@id":"https:\/\/funzine.hu\/#\/schema\/person\/f3864a88f41183e8c3af70534ac28bb4"},"breadcrumb":{"@id":"https:\/\/funzine.hu\/sl\/2025\/06\/30\/potovanje\/kulturna-kavalkada-v-keszthelyju-za-noc-muzejev-pripravljajo-posebne-programe\/#breadcrumb"},"inLanguage":"sl-SI","potentialAction":[{"@type":"ReadAction","target":["https:\/\/funzine.hu\/sl\/2025\/06\/30\/potovanje\/kulturna-kavalkada-v-keszthelyju-za-noc-muzejev-pripravljajo-posebne-programe\/"]}]},{"@type":"ImageObject","inLanguage":"sl-SI","@id":"https:\/\/funzine.hu\/sl\/2025\/06\/30\/potovanje\/kulturna-kavalkada-v-keszthelyju-za-noc-muzejev-pripravljajo-posebne-programe\/#primaryimage","url":"https:\/\/funzine.hu\/wp-content\/uploads\/2025\/06\/keszthely-7439635_1280.jpg","contentUrl":"https:\/\/funzine.hu\/wp-content\/uploads\/2025\/06\/keszthely-7439635_1280.jpg","width":1280,"height":883,"caption":"ilustracija - pixabay.com"},{"@type":"BreadcrumbList","@id":"https:\/\/funzine.hu\/sl\/2025\/06\/30\/potovanje\/kulturna-kavalkada-v-keszthelyju-za-noc-muzejev-pripravljajo-posebne-programe\/#breadcrumb","itemListElement":[{"@type":"ListItem","position":1,"name":"Home","item":"https:\/\/funzine.hu\/sl\/"},{"@type":"ListItem","position":2,"name":"Kulturna kavalkada v Keszthelyju \u2013 za No\u010d muzejev pripravljajo posebne programe"}]},{"@type":"WebSite","@id":"https:\/\/funzine.hu\/#website","url":"https:\/\/funzine.hu\/","name":"Funzine","description":"","potentialAction":[{"@type":"SearchAction","target":{"@type":"EntryPoint","urlTemplate":"https:\/\/funzine.hu\/?s={search_term_string}"},"query-input":{"@type":"PropertyValueSpecification","valueRequired":true,"valueName":"search_term_string"}}],"inLanguage":"sl-SI"},{"@type":"Person","@id":"https:\/\/funzine.hu\/#\/schema\/person\/f3864a88f41183e8c3af70534ac28bb4","name":"Bodn\u00e1r Zsuzsa","image":{"@type":"ImageObject","inLanguage":"sl-SI","@id":"https:\/\/secure.gravatar.com\/avatar\/3dac04a042bfb0c015d0f893ef5eb9cca9d966bb5795039862dafd8d2ab5d410?s=96&d=mm&r=g","url":"https:\/\/secure.gravatar.com\/avatar\/3dac04a042bfb0c015d0f893ef5eb9cca9d966bb5795039862dafd8d2ab5d410?s=96&d=mm&r=g","contentUrl":"https:\/\/secure.gravatar.com\/avatar\/3dac04a042bfb0c015d0f893ef5eb9cca9d966bb5795039862dafd8d2ab5d410?s=96&d=mm&r=g","caption":"Bodn\u00e1r Zsuzsa"},"url":"https:\/\/funzine.hu\/sl\/author\/bodnar-zsuzsa-1984\/"}]}},"amp_enabled":true,"_links":{"self":[{"href":"https:\/\/funzine.hu\/sl\/wp-json\/wp\/v2\/posts\/605201","targetHints":{"allow":["GET"]}}],"collection":[{"href":"https:\/\/funzine.hu\/sl\/wp-json\/wp\/v2\/posts"}],"about":[{"href":"https:\/\/funzine.hu\/sl\/wp-json\/wp\/v2\/types\/post"}],"author":[{"embeddable":true,"href":"https:\/\/funzine.hu\/sl\/wp-json\/wp\/v2\/users\/391"}],"replies":[{"embeddable":true,"href":"https:\/\/funzine.hu\/sl\/wp-json\/wp\/v2\/comments?post=605201"}],"version-history":[{"count":1,"href":"https:\/\/funzine.hu\/sl\/wp-json\/wp\/v2\/posts\/605201\/revisions"}],"predecessor-version":[{"id":605203,"href":"https:\/\/funzine.hu\/sl\/wp-json\/wp\/v2\/posts\/605201\/revisions\/605203"}],"wp:featuredmedia":[{"embeddable":true,"href":"https:\/\/funzine.hu\/sl\/wp-json\/wp\/v2\/media\/605202"}],"wp:attachment":[{"href":"https:\/\/funzine.hu\/sl\/wp-json\/wp\/v2\/media?parent=605201"}],"wp:term":[{"taxonomy":"category","embeddable":true,"href":"https:\/\/funzine.hu\/sl\/wp-json\/wp\/v2\/categories?post=605201"},{"taxonomy":"post_tag","embeddable":true,"href":"https:\/\/funzine.hu\/sl\/wp-json\/wp\/v2\/tags?post=605201"},{"taxonomy":"post_places","embeddable":true,"href":"https:\/\/funzine.hu\/sl\/wp-json\/wp\/v2\/post_places?post=605201"}],"curies":[{"name":"wp","href":"https:\/\/api.w.org\/{rel}","templated":true}]}}