{"id":604802,"date":"2025-06-24T16:59:29","date_gmt":"2025-06-24T14:59:29","guid":{"rendered":"https:\/\/funzine.hu\/?p=604802"},"modified":"2025-06-24T16:59:29","modified_gmt":"2025-06-24T14:59:29","slug":"brezplacno-kopanje-v-budimpesti-romai-szabadstrand-se-letos-odpira","status":"publish","type":"post","link":"https:\/\/funzine.hu\/sl\/2025\/06\/24\/potovanje\/brezplacno-kopanje-v-budimpesti-romai-szabadstrand-se-letos-odpira\/","title":{"rendered":"Brezpla\u010dno kopanje v Budimpe\u0161ti: R\u00f3mai szabadstrand se letos odpira"},"content":{"rendered":"<p>Kot vsako leto se bo tudi letos odprl R\u00f3mai szabadstrand, ki bo tako mladim kot starim ponudil pristno, naravno izku\u0161njo na pla\u017ei. Potopite se v osve\u017eilne vode Donave, sprostite se v senci dreves in pre\u017eivite nepozabno popoldne s svojimi najdra\u017ejimi na brezpla\u010dni pla\u017ei!<\/p>\n<figure id=\"attachment_604803\" aria-describedby=\"caption-attachment-604803\" style=\"width: 850px\" class=\"wp-caption aligncenter\"><img decoding=\"async\" class=\"size-funzine-large wp-image-604803\" src=\"https:\/\/funzine.hu\/wp-content\/uploads\/2025\/06\/children-8082256_1280-1200x798.jpg\" alt=\"\" width=\"850\" height=\"565\" srcset=\"https:\/\/funzine.hu\/wp-content\/uploads\/2025\/06\/children-8082256_1280-1200x798.jpg 1200w, https:\/\/funzine.hu\/wp-content\/uploads\/2025\/06\/children-8082256_1280-300x200.jpg 300w, https:\/\/funzine.hu\/wp-content\/uploads\/2025\/06\/children-8082256_1280-1024x681.jpg 1024w, https:\/\/funzine.hu\/wp-content\/uploads\/2025\/06\/children-8082256_1280-768x511.jpg 768w, https:\/\/funzine.hu\/wp-content\/uploads\/2025\/06\/children-8082256_1280-360x240.jpg 360w, https:\/\/funzine.hu\/wp-content\/uploads\/2025\/06\/children-8082256_1280-100x65.jpg 100w, https:\/\/funzine.hu\/wp-content\/uploads\/2025\/06\/children-8082256_1280.jpg 1280w\" sizes=\"(max-width: 850px) 100vw, 850px\" \/><figcaption id=\"caption-attachment-604803\" class=\"wp-caption-text\">ilustracija &#8211; pixabay.com<\/figcaption><\/figure>\n<p>Do\u017eivetja, ki trajajo vse poletje<br \/>\nR\u00f3mai szabadstrand lahko obi\u0161\u010dete od 27. junija, zato se spla\u010da pripraviti torbe za na pla\u017eo in se zalo\u017eiti s kremo za son\u010denje, saj pla\u017ea \u010daka svoje obiskovalce do 24. avgusta. Ker je vstop prost, vam ni treba vnaprej na\u010drtovati nakupa vstopnic. Preprosto povedano, \u010de se vam zaho\u010de, se lahko kadar koli, celo vsako popoldne, izognete vrve\u017eu mestnega sredi\u0161\u010da in poletni vro\u010dini na pla\u017eo R\u00f3mai.<\/p>\n<p>Ko\u0161\u010dek narave na obrobju Budimpe\u0161te<br \/>\nSi \u017eelite zaslu\u017eeno sprostitev ob Blatnem jezeru, a trenutno nimate mo\u017enosti za potovanje? V tem primeru bi lahko bila odli\u010dna alternativa brezpla\u010dna pla\u017ea R\u00f3mai z osve\u017eilno obalo, kjer lahko berete v senci listnatih dreves ali se sprostite pri vsakodnevnih te\u017eavah z otroki \u2013 in za to vam sploh ni treba zapustiti Budimpe\u0161te.<\/p>\n<p>Kje se nahaja brezpla\u010dna pla\u017ea R\u00f3mai?<br \/>\nDolo\u010deno kopali\u0161\u010de se nahaja na obmo\u010dju 1039 Budimpe\u0161ta, Kossuth Lajos \u00fad\u00fcl\u0151part, topografska \u0161tevilka 60001, med nepremi\u010dnino pod naslovom 60086 hrsz. Hatty\u00fa in nepremi\u010dnino pod naslovom 60076 hrsz., poleg Kossuth Lajos \u00fad\u00fcl\u0151part 15-17.<\/p>\n","protected":false},"excerpt":{"rendered":"<p>Kot vsako leto se bo tudi letos odprl R\u00f3mai szabadstrand, ki bo tako mladim kot starim ponudil<\/p>\n","protected":false},"author":391,"featured_media":604803,"comment_status":"closed","ping_status":"closed","sticky":false,"template":"","format":"standard","meta":{"_acf_changed":false,"wprm-recipe-roundup-name":"","wprm-recipe-roundup-description":"","ngg_post_thumbnail":0,"footnotes":""},"categories":[14345],"tags":[],"post_places":[],"class_list":["post-604802","post","type-post","status-publish","format-standard","has-post-thumbnail","hentry","category-potovanje"],"acf":{"connected_places":"","del_image":""},"yoast_head":"<!-- This site is optimized with the Yoast SEO plugin v27.2 - https:\/\/yoast.com\/product\/yoast-seo-wordpress\/ -->\n<title>Brezpla\u010dno kopanje v Budimpe\u0161ti: R\u00f3mai szabadstrand se letos odpira<\/title>\n<meta name=\"robots\" content=\"index, follow, max-snippet:-1, max-image-preview:large, max-video-preview:-1\" \/>\n<link rel=\"canonical\" href=\"https:\/\/funzine.hu\/sl\/2025\/06\/24\/potovanje\/brezplacno-kopanje-v-budimpesti-romai-szabadstrand-se-letos-odpira\/\" \/>\n<meta property=\"og:locale\" content=\"sl_SI\" \/>\n<meta property=\"og:type\" content=\"article\" \/>\n<meta property=\"og:title\" content=\"Brezpla\u010dno kopanje v Budimpe\u0161ti: R\u00f3mai szabadstrand se letos odpira\" \/>\n<meta property=\"og:description\" content=\"Kot vsako leto se bo tudi letos odprl R\u00f3mai szabadstrand, ki bo tako mladim kot starim ponudil\" \/>\n<meta property=\"og:url\" content=\"https:\/\/funzine.hu\/sl\/2025\/06\/24\/potovanje\/brezplacno-kopanje-v-budimpesti-romai-szabadstrand-se-letos-odpira\/\" \/>\n<meta property=\"og:site_name\" content=\"Funzine\" \/>\n<meta property=\"article:publisher\" content=\"https:\/\/www.facebook.com\/funzine\/\" \/>\n<meta property=\"article:published_time\" content=\"2025-06-24T14:59:29+00:00\" \/>\n<meta property=\"og:image\" content=\"https:\/\/funzine.hu\/wp-content\/uploads\/2025\/06\/children-8082256_1280.jpg\" \/>\n\t<meta property=\"og:image:width\" content=\"1280\" \/>\n\t<meta property=\"og:image:height\" content=\"851\" \/>\n\t<meta property=\"og:image:type\" content=\"image\/jpeg\" \/>\n<meta name=\"author\" content=\"Bodn\u00e1r Zsuzsa\" \/>\n<meta name=\"twitter:card\" content=\"summary_large_image\" \/>\n<meta name=\"twitter:creator\" content=\"@funzine\" \/>\n<meta name=\"twitter:site\" content=\"@funzine\" \/>\n<meta name=\"twitter:label1\" content=\"Written by\" \/>\n\t<meta name=\"twitter:data1\" content=\"Bodn\u00e1r Zsuzsa\" \/>\n\t<meta name=\"twitter:label2\" content=\"Est. reading time\" \/>\n\t<meta name=\"twitter:data2\" content=\"2 minuti\" \/>\n<script type=\"application\/ld+json\" class=\"yoast-schema-graph\">{\"@context\":\"https:\/\/schema.org\",\"@graph\":[{\"@type\":\"NewsArticle\",\"@id\":\"https:\/\/funzine.hu\/sl\/2025\/06\/24\/potovanje\/brezplacno-kopanje-v-budimpesti-romai-szabadstrand-se-letos-odpira\/#article\",\"isPartOf\":{\"@id\":\"https:\/\/funzine.hu\/sl\/2025\/06\/24\/potovanje\/brezplacno-kopanje-v-budimpesti-romai-szabadstrand-se-letos-odpira\/\"},\"author\":{\"name\":\"Bodn\u00e1r Zsuzsa\",\"@id\":\"https:\/\/funzine.hu\/#\/schema\/person\/f3864a88f41183e8c3af70534ac28bb4\"},\"headline\":\"Brezpla\u010dno kopanje v Budimpe\u0161ti: R\u00f3mai szabadstrand se letos odpira\",\"datePublished\":\"2025-06-24T14:59:29+00:00\",\"mainEntityOfPage\":{\"@id\":\"https:\/\/funzine.hu\/sl\/2025\/06\/24\/potovanje\/brezplacno-kopanje-v-budimpesti-romai-szabadstrand-se-letos-odpira\/\"},\"wordCount\":270,\"image\":{\"@id\":\"https:\/\/funzine.hu\/sl\/2025\/06\/24\/potovanje\/brezplacno-kopanje-v-budimpesti-romai-szabadstrand-se-letos-odpira\/#primaryimage\"},\"thumbnailUrl\":\"https:\/\/funzine.hu\/wp-content\/uploads\/2025\/06\/children-8082256_1280.jpg\",\"articleSection\":[\"Potovanje\"],\"inLanguage\":\"sl-SI\"},{\"@type\":\"WebPage\",\"@id\":\"https:\/\/funzine.hu\/sl\/2025\/06\/24\/potovanje\/brezplacno-kopanje-v-budimpesti-romai-szabadstrand-se-letos-odpira\/\",\"url\":\"https:\/\/funzine.hu\/sl\/2025\/06\/24\/potovanje\/brezplacno-kopanje-v-budimpesti-romai-szabadstrand-se-letos-odpira\/\",\"name\":\"Brezpla\u010dno kopanje v Budimpe\u0161ti: R\u00f3mai szabadstrand se letos odpira\",\"isPartOf\":{\"@id\":\"https:\/\/funzine.hu\/#website\"},\"primaryImageOfPage\":{\"@id\":\"https:\/\/funzine.hu\/sl\/2025\/06\/24\/potovanje\/brezplacno-kopanje-v-budimpesti-romai-szabadstrand-se-letos-odpira\/#primaryimage\"},\"image\":{\"@id\":\"https:\/\/funzine.hu\/sl\/2025\/06\/24\/potovanje\/brezplacno-kopanje-v-budimpesti-romai-szabadstrand-se-letos-odpira\/#primaryimage\"},\"thumbnailUrl\":\"https:\/\/funzine.hu\/wp-content\/uploads\/2025\/06\/children-8082256_1280.jpg\",\"datePublished\":\"2025-06-24T14:59:29+00:00\",\"author\":{\"@id\":\"https:\/\/funzine.hu\/#\/schema\/person\/f3864a88f41183e8c3af70534ac28bb4\"},\"breadcrumb\":{\"@id\":\"https:\/\/funzine.hu\/sl\/2025\/06\/24\/potovanje\/brezplacno-kopanje-v-budimpesti-romai-szabadstrand-se-letos-odpira\/#breadcrumb\"},\"inLanguage\":\"sl-SI\",\"potentialAction\":[{\"@type\":\"ReadAction\",\"target\":[\"https:\/\/funzine.hu\/sl\/2025\/06\/24\/potovanje\/brezplacno-kopanje-v-budimpesti-romai-szabadstrand-se-letos-odpira\/\"]}]},{\"@type\":\"ImageObject\",\"inLanguage\":\"sl-SI\",\"@id\":\"https:\/\/funzine.hu\/sl\/2025\/06\/24\/potovanje\/brezplacno-kopanje-v-budimpesti-romai-szabadstrand-se-letos-odpira\/#primaryimage\",\"url\":\"https:\/\/funzine.hu\/wp-content\/uploads\/2025\/06\/children-8082256_1280.jpg\",\"contentUrl\":\"https:\/\/funzine.hu\/wp-content\/uploads\/2025\/06\/children-8082256_1280.jpg\",\"width\":1280,\"height\":851,\"caption\":\"ilustracija - pixabay.com\"},{\"@type\":\"BreadcrumbList\",\"@id\":\"https:\/\/funzine.hu\/sl\/2025\/06\/24\/potovanje\/brezplacno-kopanje-v-budimpesti-romai-szabadstrand-se-letos-odpira\/#breadcrumb\",\"itemListElement\":[{\"@type\":\"ListItem\",\"position\":1,\"name\":\"Home\",\"item\":\"https:\/\/funzine.hu\/sl\/\"},{\"@type\":\"ListItem\",\"position\":2,\"name\":\"Brezpla\u010dno kopanje v Budimpe\u0161ti: R\u00f3mai szabadstrand se letos odpira\"}]},{\"@type\":\"WebSite\",\"@id\":\"https:\/\/funzine.hu\/#website\",\"url\":\"https:\/\/funzine.hu\/\",\"name\":\"Funzine\",\"description\":\"\",\"potentialAction\":[{\"@type\":\"SearchAction\",\"target\":{\"@type\":\"EntryPoint\",\"urlTemplate\":\"https:\/\/funzine.hu\/?s={search_term_string}\"},\"query-input\":{\"@type\":\"PropertyValueSpecification\",\"valueRequired\":true,\"valueName\":\"search_term_string\"}}],\"inLanguage\":\"sl-SI\"},{\"@type\":\"Person\",\"@id\":\"https:\/\/funzine.hu\/#\/schema\/person\/f3864a88f41183e8c3af70534ac28bb4\",\"name\":\"Bodn\u00e1r Zsuzsa\",\"image\":{\"@type\":\"ImageObject\",\"inLanguage\":\"sl-SI\",\"@id\":\"https:\/\/secure.gravatar.com\/avatar\/3dac04a042bfb0c015d0f893ef5eb9cca9d966bb5795039862dafd8d2ab5d410?s=96&d=mm&r=g\",\"url\":\"https:\/\/secure.gravatar.com\/avatar\/3dac04a042bfb0c015d0f893ef5eb9cca9d966bb5795039862dafd8d2ab5d410?s=96&d=mm&r=g\",\"contentUrl\":\"https:\/\/secure.gravatar.com\/avatar\/3dac04a042bfb0c015d0f893ef5eb9cca9d966bb5795039862dafd8d2ab5d410?s=96&d=mm&r=g\",\"caption\":\"Bodn\u00e1r Zsuzsa\"},\"url\":\"https:\/\/funzine.hu\/sl\/author\/bodnar-zsuzsa-1984\/\"}]}<\/script>\n<!-- \/ Yoast SEO plugin. -->","yoast_head_json":{"title":"Brezpla\u010dno kopanje v Budimpe\u0161ti: R\u00f3mai szabadstrand se letos odpira","robots":{"index":"index","follow":"follow","max-snippet":"max-snippet:-1","max-image-preview":"max-image-preview:large","max-video-preview":"max-video-preview:-1"},"canonical":"https:\/\/funzine.hu\/sl\/2025\/06\/24\/potovanje\/brezplacno-kopanje-v-budimpesti-romai-szabadstrand-se-letos-odpira\/","og_locale":"sl_SI","og_type":"article","og_title":"Brezpla\u010dno kopanje v Budimpe\u0161ti: R\u00f3mai szabadstrand se letos odpira","og_description":"Kot vsako leto se bo tudi letos odprl R\u00f3mai szabadstrand, ki bo tako mladim kot starim ponudil","og_url":"https:\/\/funzine.hu\/sl\/2025\/06\/24\/potovanje\/brezplacno-kopanje-v-budimpesti-romai-szabadstrand-se-letos-odpira\/","og_site_name":"Funzine","article_publisher":"https:\/\/www.facebook.com\/funzine\/","article_published_time":"2025-06-24T14:59:29+00:00","og_image":[{"width":1280,"height":851,"url":"https:\/\/funzine.hu\/wp-content\/uploads\/2025\/06\/children-8082256_1280.jpg","type":"image\/jpeg"}],"author":"Bodn\u00e1r Zsuzsa","twitter_card":"summary_large_image","twitter_creator":"@funzine","twitter_site":"@funzine","twitter_misc":{"Written by":"Bodn\u00e1r Zsuzsa","Est. reading time":"2 minuti"},"schema":{"@context":"https:\/\/schema.org","@graph":[{"@type":"NewsArticle","@id":"https:\/\/funzine.hu\/sl\/2025\/06\/24\/potovanje\/brezplacno-kopanje-v-budimpesti-romai-szabadstrand-se-letos-odpira\/#article","isPartOf":{"@id":"https:\/\/funzine.hu\/sl\/2025\/06\/24\/potovanje\/brezplacno-kopanje-v-budimpesti-romai-szabadstrand-se-letos-odpira\/"},"author":{"name":"Bodn\u00e1r Zsuzsa","@id":"https:\/\/funzine.hu\/#\/schema\/person\/f3864a88f41183e8c3af70534ac28bb4"},"headline":"Brezpla\u010dno kopanje v Budimpe\u0161ti: R\u00f3mai szabadstrand se letos odpira","datePublished":"2025-06-24T14:59:29+00:00","mainEntityOfPage":{"@id":"https:\/\/funzine.hu\/sl\/2025\/06\/24\/potovanje\/brezplacno-kopanje-v-budimpesti-romai-szabadstrand-se-letos-odpira\/"},"wordCount":270,"image":{"@id":"https:\/\/funzine.hu\/sl\/2025\/06\/24\/potovanje\/brezplacno-kopanje-v-budimpesti-romai-szabadstrand-se-letos-odpira\/#primaryimage"},"thumbnailUrl":"https:\/\/funzine.hu\/wp-content\/uploads\/2025\/06\/children-8082256_1280.jpg","articleSection":["Potovanje"],"inLanguage":"sl-SI"},{"@type":"WebPage","@id":"https:\/\/funzine.hu\/sl\/2025\/06\/24\/potovanje\/brezplacno-kopanje-v-budimpesti-romai-szabadstrand-se-letos-odpira\/","url":"https:\/\/funzine.hu\/sl\/2025\/06\/24\/potovanje\/brezplacno-kopanje-v-budimpesti-romai-szabadstrand-se-letos-odpira\/","name":"Brezpla\u010dno kopanje v Budimpe\u0161ti: R\u00f3mai szabadstrand se letos odpira","isPartOf":{"@id":"https:\/\/funzine.hu\/#website"},"primaryImageOfPage":{"@id":"https:\/\/funzine.hu\/sl\/2025\/06\/24\/potovanje\/brezplacno-kopanje-v-budimpesti-romai-szabadstrand-se-letos-odpira\/#primaryimage"},"image":{"@id":"https:\/\/funzine.hu\/sl\/2025\/06\/24\/potovanje\/brezplacno-kopanje-v-budimpesti-romai-szabadstrand-se-letos-odpira\/#primaryimage"},"thumbnailUrl":"https:\/\/funzine.hu\/wp-content\/uploads\/2025\/06\/children-8082256_1280.jpg","datePublished":"2025-06-24T14:59:29+00:00","author":{"@id":"https:\/\/funzine.hu\/#\/schema\/person\/f3864a88f41183e8c3af70534ac28bb4"},"breadcrumb":{"@id":"https:\/\/funzine.hu\/sl\/2025\/06\/24\/potovanje\/brezplacno-kopanje-v-budimpesti-romai-szabadstrand-se-letos-odpira\/#breadcrumb"},"inLanguage":"sl-SI","potentialAction":[{"@type":"ReadAction","target":["https:\/\/funzine.hu\/sl\/2025\/06\/24\/potovanje\/brezplacno-kopanje-v-budimpesti-romai-szabadstrand-se-letos-odpira\/"]}]},{"@type":"ImageObject","inLanguage":"sl-SI","@id":"https:\/\/funzine.hu\/sl\/2025\/06\/24\/potovanje\/brezplacno-kopanje-v-budimpesti-romai-szabadstrand-se-letos-odpira\/#primaryimage","url":"https:\/\/funzine.hu\/wp-content\/uploads\/2025\/06\/children-8082256_1280.jpg","contentUrl":"https:\/\/funzine.hu\/wp-content\/uploads\/2025\/06\/children-8082256_1280.jpg","width":1280,"height":851,"caption":"ilustracija - pixabay.com"},{"@type":"BreadcrumbList","@id":"https:\/\/funzine.hu\/sl\/2025\/06\/24\/potovanje\/brezplacno-kopanje-v-budimpesti-romai-szabadstrand-se-letos-odpira\/#breadcrumb","itemListElement":[{"@type":"ListItem","position":1,"name":"Home","item":"https:\/\/funzine.hu\/sl\/"},{"@type":"ListItem","position":2,"name":"Brezpla\u010dno kopanje v Budimpe\u0161ti: R\u00f3mai szabadstrand se letos odpira"}]},{"@type":"WebSite","@id":"https:\/\/funzine.hu\/#website","url":"https:\/\/funzine.hu\/","name":"Funzine","description":"","potentialAction":[{"@type":"SearchAction","target":{"@type":"EntryPoint","urlTemplate":"https:\/\/funzine.hu\/?s={search_term_string}"},"query-input":{"@type":"PropertyValueSpecification","valueRequired":true,"valueName":"search_term_string"}}],"inLanguage":"sl-SI"},{"@type":"Person","@id":"https:\/\/funzine.hu\/#\/schema\/person\/f3864a88f41183e8c3af70534ac28bb4","name":"Bodn\u00e1r Zsuzsa","image":{"@type":"ImageObject","inLanguage":"sl-SI","@id":"https:\/\/secure.gravatar.com\/avatar\/3dac04a042bfb0c015d0f893ef5eb9cca9d966bb5795039862dafd8d2ab5d410?s=96&d=mm&r=g","url":"https:\/\/secure.gravatar.com\/avatar\/3dac04a042bfb0c015d0f893ef5eb9cca9d966bb5795039862dafd8d2ab5d410?s=96&d=mm&r=g","contentUrl":"https:\/\/secure.gravatar.com\/avatar\/3dac04a042bfb0c015d0f893ef5eb9cca9d966bb5795039862dafd8d2ab5d410?s=96&d=mm&r=g","caption":"Bodn\u00e1r Zsuzsa"},"url":"https:\/\/funzine.hu\/sl\/author\/bodnar-zsuzsa-1984\/"}]}},"amp_enabled":true,"_links":{"self":[{"href":"https:\/\/funzine.hu\/sl\/wp-json\/wp\/v2\/posts\/604802","targetHints":{"allow":["GET"]}}],"collection":[{"href":"https:\/\/funzine.hu\/sl\/wp-json\/wp\/v2\/posts"}],"about":[{"href":"https:\/\/funzine.hu\/sl\/wp-json\/wp\/v2\/types\/post"}],"author":[{"embeddable":true,"href":"https:\/\/funzine.hu\/sl\/wp-json\/wp\/v2\/users\/391"}],"replies":[{"embeddable":true,"href":"https:\/\/funzine.hu\/sl\/wp-json\/wp\/v2\/comments?post=604802"}],"version-history":[{"count":1,"href":"https:\/\/funzine.hu\/sl\/wp-json\/wp\/v2\/posts\/604802\/revisions"}],"predecessor-version":[{"id":604804,"href":"https:\/\/funzine.hu\/sl\/wp-json\/wp\/v2\/posts\/604802\/revisions\/604804"}],"wp:featuredmedia":[{"embeddable":true,"href":"https:\/\/funzine.hu\/sl\/wp-json\/wp\/v2\/media\/604803"}],"wp:attachment":[{"href":"https:\/\/funzine.hu\/sl\/wp-json\/wp\/v2\/media?parent=604802"}],"wp:term":[{"taxonomy":"category","embeddable":true,"href":"https:\/\/funzine.hu\/sl\/wp-json\/wp\/v2\/categories?post=604802"},{"taxonomy":"post_tag","embeddable":true,"href":"https:\/\/funzine.hu\/sl\/wp-json\/wp\/v2\/tags?post=604802"},{"taxonomy":"post_places","embeddable":true,"href":"https:\/\/funzine.hu\/sl\/wp-json\/wp\/v2\/post_places?post=604802"}],"curies":[{"name":"wp","href":"https:\/\/api.w.org\/{rel}","templated":true}]}}