{"id":604798,"date":"2025-06-24T16:53:38","date_gmt":"2025-06-24T14:53:38","guid":{"rendered":"https:\/\/funzine.hu\/?p=604798"},"modified":"2025-06-24T16:53:38","modified_gmt":"2025-06-24T14:53:38","slug":"v-osrcju-prestolnice-se-je-pojavil-se-en-skrivnostni-mini-kip-kolodka","status":"publish","type":"post","link":"https:\/\/funzine.hu\/sl\/2025\/06\/24\/potovanje\/v-osrcju-prestolnice-se-je-pojavil-se-en-skrivnostni-mini-kip-kolodka\/","title":{"rendered":"V osr\u010dju prestolnice se je pojavil \u0161e en skrivnostni mini kip Kolodka"},"content":{"rendered":"<p>Tisti z ostrim o\u010desom so morda \u017ee opazili, da je Mih\u00e1ly Kolodko po\u010dastil Budimpe\u0161to z novo stvaritvijo in v mesto postavil mini kip, ki spominja na dron.<\/p>\n<figure id=\"attachment_604799\" aria-describedby=\"caption-attachment-604799\" style=\"width: 850px\" class=\"wp-caption aligncenter\"><img decoding=\"async\" class=\"size-funzine-large wp-image-604799\" src=\"https:\/\/funzine.hu\/wp-content\/uploads\/2025\/06\/woman-7546322_1280-1200x800.jpg\" alt=\"\" width=\"850\" height=\"567\" srcset=\"https:\/\/funzine.hu\/wp-content\/uploads\/2025\/06\/woman-7546322_1280-1200x800.jpg 1200w, https:\/\/funzine.hu\/wp-content\/uploads\/2025\/06\/woman-7546322_1280-300x200.jpg 300w, https:\/\/funzine.hu\/wp-content\/uploads\/2025\/06\/woman-7546322_1280-1024x682.jpg 1024w, https:\/\/funzine.hu\/wp-content\/uploads\/2025\/06\/woman-7546322_1280-768x512.jpg 768w, https:\/\/funzine.hu\/wp-content\/uploads\/2025\/06\/woman-7546322_1280-360x240.jpg 360w, https:\/\/funzine.hu\/wp-content\/uploads\/2025\/06\/woman-7546322_1280.jpg 1280w\" sizes=\"(max-width: 850px) 100vw, 850px\" \/><figcaption id=\"caption-attachment-604799\" class=\"wp-caption-text\">ilustracija &#8211; pixabay.com<\/figcaption><\/figure>\n<p>Okoli najnovej\u0161e skulpture se skrivajo skrivnostne okoli\u0161\u010dine, saj umetnik na svojih uradnih straneh \u0161e ni sporo\u010dil ni\u010desar o njeni postavitvi in sporo\u010dilu, ki ga ima za delo, vendar naj bi se to zgodilo kmalu.<\/p>\n<p>Vendar pa skulptura ni povsem neznana tistim, ki so sodelovali na lanskoletni razstavi v V\u00e1cu, saj si je tam lahko ogledali novo postavljeno delo, ki so ga poimenovali Dron\/\u0160vedski vijak. Ime \u0160vedski vijak morda izvira iz dejstva, da ima delo, ki spominja na dron, na vrhu tri krone, ki se pojavljajo tudi v grbu \u0160vedske.<\/p>\n<p>Nekateri menijo, da je skulpturo mogo\u010de povezati z rusko-ukrajinsko vojno, saj je sodobna tehnologija omogo\u010dila uporabo voja\u0161kih brezpilotnih letal dolgega dosega v vojskovanju. Trenutno je o delu na voljo malo informacij, vendar skupine, ki so jih ustvarili umetnikovi ob\u010dudovalci, \u017ee ugibajo, s \u010dim bi lahko bila povezana najnovej\u0161a mini skulptura.<\/p>\n<p>Dron se je pojavil v 2. okro\u017eju in \u010daka, da ga odkrije \u010dim ve\u010d ljudi kot dekorativno dekoracijo nabre\u017eja Angela Rotte.<\/p>\n","protected":false},"excerpt":{"rendered":"<p>Tisti z ostrim o\u010desom so morda \u017ee opazili, da je Mih\u00e1ly Kolodko po\u010dastil Budimpe\u0161to z novo<\/p>\n","protected":false},"author":391,"featured_media":604799,"comment_status":"closed","ping_status":"closed","sticky":false,"template":"","format":"standard","meta":{"_acf_changed":false,"wprm-recipe-roundup-name":"","wprm-recipe-roundup-description":"","ngg_post_thumbnail":0,"footnotes":""},"categories":[14345],"tags":[],"post_places":[],"class_list":["post-604798","post","type-post","status-publish","format-standard","has-post-thumbnail","hentry","category-potovanje"],"acf":{"connected_places":"","del_image":""},"yoast_head":"<!-- This site is optimized with the Yoast SEO plugin v27.2 - https:\/\/yoast.com\/product\/yoast-seo-wordpress\/ -->\n<title>V osr\u010dju prestolnice se je pojavil \u0161e en skrivnostni mini kip Kolodka<\/title>\n<meta name=\"robots\" content=\"index, follow, max-snippet:-1, max-image-preview:large, max-video-preview:-1\" \/>\n<link rel=\"canonical\" href=\"https:\/\/funzine.hu\/sl\/2025\/06\/24\/potovanje\/v-osrcju-prestolnice-se-je-pojavil-se-en-skrivnostni-mini-kip-kolodka\/\" \/>\n<meta property=\"og:locale\" content=\"sl_SI\" \/>\n<meta property=\"og:type\" content=\"article\" \/>\n<meta property=\"og:title\" content=\"V osr\u010dju prestolnice se je pojavil \u0161e en skrivnostni mini kip Kolodka\" \/>\n<meta property=\"og:description\" content=\"Tisti z ostrim o\u010desom so morda \u017ee opazili, da je Mih\u00e1ly Kolodko po\u010dastil Budimpe\u0161to z novo\" \/>\n<meta property=\"og:url\" content=\"https:\/\/funzine.hu\/sl\/2025\/06\/24\/potovanje\/v-osrcju-prestolnice-se-je-pojavil-se-en-skrivnostni-mini-kip-kolodka\/\" \/>\n<meta property=\"og:site_name\" content=\"Funzine\" \/>\n<meta property=\"article:publisher\" content=\"https:\/\/www.facebook.com\/funzine\/\" \/>\n<meta property=\"article:published_time\" content=\"2025-06-24T14:53:38+00:00\" \/>\n<meta property=\"og:image\" content=\"https:\/\/funzine.hu\/wp-content\/uploads\/2025\/06\/woman-7546322_1280.jpg\" \/>\n\t<meta property=\"og:image:width\" content=\"1280\" \/>\n\t<meta property=\"og:image:height\" content=\"853\" \/>\n\t<meta property=\"og:image:type\" content=\"image\/jpeg\" \/>\n<meta name=\"author\" content=\"Bodn\u00e1r Zsuzsa\" \/>\n<meta name=\"twitter:card\" content=\"summary_large_image\" \/>\n<meta name=\"twitter:creator\" content=\"@funzine\" \/>\n<meta name=\"twitter:site\" content=\"@funzine\" \/>\n<meta name=\"twitter:label1\" content=\"Written by\" \/>\n\t<meta name=\"twitter:data1\" content=\"Bodn\u00e1r Zsuzsa\" \/>\n\t<meta name=\"twitter:label2\" content=\"Est. reading time\" \/>\n\t<meta name=\"twitter:data2\" content=\"2 minuti\" \/>\n<script type=\"application\/ld+json\" class=\"yoast-schema-graph\">{\"@context\":\"https:\/\/schema.org\",\"@graph\":[{\"@type\":\"NewsArticle\",\"@id\":\"https:\/\/funzine.hu\/sl\/2025\/06\/24\/potovanje\/v-osrcju-prestolnice-se-je-pojavil-se-en-skrivnostni-mini-kip-kolodka\/#article\",\"isPartOf\":{\"@id\":\"https:\/\/funzine.hu\/sl\/2025\/06\/24\/potovanje\/v-osrcju-prestolnice-se-je-pojavil-se-en-skrivnostni-mini-kip-kolodka\/\"},\"author\":{\"name\":\"Bodn\u00e1r Zsuzsa\",\"@id\":\"https:\/\/funzine.hu\/#\/schema\/person\/f3864a88f41183e8c3af70534ac28bb4\"},\"headline\":\"V osr\u010dju prestolnice se je pojavil \u0161e en skrivnostni mini kip Kolodka\",\"datePublished\":\"2025-06-24T14:53:38+00:00\",\"mainEntityOfPage\":{\"@id\":\"https:\/\/funzine.hu\/sl\/2025\/06\/24\/potovanje\/v-osrcju-prestolnice-se-je-pojavil-se-en-skrivnostni-mini-kip-kolodka\/\"},\"wordCount\":228,\"image\":{\"@id\":\"https:\/\/funzine.hu\/sl\/2025\/06\/24\/potovanje\/v-osrcju-prestolnice-se-je-pojavil-se-en-skrivnostni-mini-kip-kolodka\/#primaryimage\"},\"thumbnailUrl\":\"https:\/\/funzine.hu\/wp-content\/uploads\/2025\/06\/woman-7546322_1280.jpg\",\"articleSection\":[\"Potovanje\"],\"inLanguage\":\"sl-SI\"},{\"@type\":\"WebPage\",\"@id\":\"https:\/\/funzine.hu\/sl\/2025\/06\/24\/potovanje\/v-osrcju-prestolnice-se-je-pojavil-se-en-skrivnostni-mini-kip-kolodka\/\",\"url\":\"https:\/\/funzine.hu\/sl\/2025\/06\/24\/potovanje\/v-osrcju-prestolnice-se-je-pojavil-se-en-skrivnostni-mini-kip-kolodka\/\",\"name\":\"V osr\u010dju prestolnice se je pojavil \u0161e en skrivnostni mini kip Kolodka\",\"isPartOf\":{\"@id\":\"https:\/\/funzine.hu\/#website\"},\"primaryImageOfPage\":{\"@id\":\"https:\/\/funzine.hu\/sl\/2025\/06\/24\/potovanje\/v-osrcju-prestolnice-se-je-pojavil-se-en-skrivnostni-mini-kip-kolodka\/#primaryimage\"},\"image\":{\"@id\":\"https:\/\/funzine.hu\/sl\/2025\/06\/24\/potovanje\/v-osrcju-prestolnice-se-je-pojavil-se-en-skrivnostni-mini-kip-kolodka\/#primaryimage\"},\"thumbnailUrl\":\"https:\/\/funzine.hu\/wp-content\/uploads\/2025\/06\/woman-7546322_1280.jpg\",\"datePublished\":\"2025-06-24T14:53:38+00:00\",\"author\":{\"@id\":\"https:\/\/funzine.hu\/#\/schema\/person\/f3864a88f41183e8c3af70534ac28bb4\"},\"breadcrumb\":{\"@id\":\"https:\/\/funzine.hu\/sl\/2025\/06\/24\/potovanje\/v-osrcju-prestolnice-se-je-pojavil-se-en-skrivnostni-mini-kip-kolodka\/#breadcrumb\"},\"inLanguage\":\"sl-SI\",\"potentialAction\":[{\"@type\":\"ReadAction\",\"target\":[\"https:\/\/funzine.hu\/sl\/2025\/06\/24\/potovanje\/v-osrcju-prestolnice-se-je-pojavil-se-en-skrivnostni-mini-kip-kolodka\/\"]}]},{\"@type\":\"ImageObject\",\"inLanguage\":\"sl-SI\",\"@id\":\"https:\/\/funzine.hu\/sl\/2025\/06\/24\/potovanje\/v-osrcju-prestolnice-se-je-pojavil-se-en-skrivnostni-mini-kip-kolodka\/#primaryimage\",\"url\":\"https:\/\/funzine.hu\/wp-content\/uploads\/2025\/06\/woman-7546322_1280.jpg\",\"contentUrl\":\"https:\/\/funzine.hu\/wp-content\/uploads\/2025\/06\/woman-7546322_1280.jpg\",\"width\":1280,\"height\":853,\"caption\":\"ilustracija - pixabay.com\"},{\"@type\":\"BreadcrumbList\",\"@id\":\"https:\/\/funzine.hu\/sl\/2025\/06\/24\/potovanje\/v-osrcju-prestolnice-se-je-pojavil-se-en-skrivnostni-mini-kip-kolodka\/#breadcrumb\",\"itemListElement\":[{\"@type\":\"ListItem\",\"position\":1,\"name\":\"Home\",\"item\":\"https:\/\/funzine.hu\/sl\/\"},{\"@type\":\"ListItem\",\"position\":2,\"name\":\"V osr\u010dju prestolnice se je pojavil \u0161e en skrivnostni mini kip Kolodka\"}]},{\"@type\":\"WebSite\",\"@id\":\"https:\/\/funzine.hu\/#website\",\"url\":\"https:\/\/funzine.hu\/\",\"name\":\"Funzine\",\"description\":\"\",\"potentialAction\":[{\"@type\":\"SearchAction\",\"target\":{\"@type\":\"EntryPoint\",\"urlTemplate\":\"https:\/\/funzine.hu\/?s={search_term_string}\"},\"query-input\":{\"@type\":\"PropertyValueSpecification\",\"valueRequired\":true,\"valueName\":\"search_term_string\"}}],\"inLanguage\":\"sl-SI\"},{\"@type\":\"Person\",\"@id\":\"https:\/\/funzine.hu\/#\/schema\/person\/f3864a88f41183e8c3af70534ac28bb4\",\"name\":\"Bodn\u00e1r Zsuzsa\",\"image\":{\"@type\":\"ImageObject\",\"inLanguage\":\"sl-SI\",\"@id\":\"https:\/\/secure.gravatar.com\/avatar\/3dac04a042bfb0c015d0f893ef5eb9cca9d966bb5795039862dafd8d2ab5d410?s=96&d=mm&r=g\",\"url\":\"https:\/\/secure.gravatar.com\/avatar\/3dac04a042bfb0c015d0f893ef5eb9cca9d966bb5795039862dafd8d2ab5d410?s=96&d=mm&r=g\",\"contentUrl\":\"https:\/\/secure.gravatar.com\/avatar\/3dac04a042bfb0c015d0f893ef5eb9cca9d966bb5795039862dafd8d2ab5d410?s=96&d=mm&r=g\",\"caption\":\"Bodn\u00e1r Zsuzsa\"},\"url\":\"https:\/\/funzine.hu\/sl\/author\/bodnar-zsuzsa-1984\/\"}]}<\/script>\n<!-- \/ Yoast SEO plugin. -->","yoast_head_json":{"title":"V osr\u010dju prestolnice se je pojavil \u0161e en skrivnostni mini kip Kolodka","robots":{"index":"index","follow":"follow","max-snippet":"max-snippet:-1","max-image-preview":"max-image-preview:large","max-video-preview":"max-video-preview:-1"},"canonical":"https:\/\/funzine.hu\/sl\/2025\/06\/24\/potovanje\/v-osrcju-prestolnice-se-je-pojavil-se-en-skrivnostni-mini-kip-kolodka\/","og_locale":"sl_SI","og_type":"article","og_title":"V osr\u010dju prestolnice se je pojavil \u0161e en skrivnostni mini kip Kolodka","og_description":"Tisti z ostrim o\u010desom so morda \u017ee opazili, da je Mih\u00e1ly Kolodko po\u010dastil Budimpe\u0161to z novo","og_url":"https:\/\/funzine.hu\/sl\/2025\/06\/24\/potovanje\/v-osrcju-prestolnice-se-je-pojavil-se-en-skrivnostni-mini-kip-kolodka\/","og_site_name":"Funzine","article_publisher":"https:\/\/www.facebook.com\/funzine\/","article_published_time":"2025-06-24T14:53:38+00:00","og_image":[{"width":1280,"height":853,"url":"https:\/\/funzine.hu\/wp-content\/uploads\/2025\/06\/woman-7546322_1280.jpg","type":"image\/jpeg"}],"author":"Bodn\u00e1r Zsuzsa","twitter_card":"summary_large_image","twitter_creator":"@funzine","twitter_site":"@funzine","twitter_misc":{"Written by":"Bodn\u00e1r Zsuzsa","Est. reading time":"2 minuti"},"schema":{"@context":"https:\/\/schema.org","@graph":[{"@type":"NewsArticle","@id":"https:\/\/funzine.hu\/sl\/2025\/06\/24\/potovanje\/v-osrcju-prestolnice-se-je-pojavil-se-en-skrivnostni-mini-kip-kolodka\/#article","isPartOf":{"@id":"https:\/\/funzine.hu\/sl\/2025\/06\/24\/potovanje\/v-osrcju-prestolnice-se-je-pojavil-se-en-skrivnostni-mini-kip-kolodka\/"},"author":{"name":"Bodn\u00e1r Zsuzsa","@id":"https:\/\/funzine.hu\/#\/schema\/person\/f3864a88f41183e8c3af70534ac28bb4"},"headline":"V osr\u010dju prestolnice se je pojavil \u0161e en skrivnostni mini kip Kolodka","datePublished":"2025-06-24T14:53:38+00:00","mainEntityOfPage":{"@id":"https:\/\/funzine.hu\/sl\/2025\/06\/24\/potovanje\/v-osrcju-prestolnice-se-je-pojavil-se-en-skrivnostni-mini-kip-kolodka\/"},"wordCount":228,"image":{"@id":"https:\/\/funzine.hu\/sl\/2025\/06\/24\/potovanje\/v-osrcju-prestolnice-se-je-pojavil-se-en-skrivnostni-mini-kip-kolodka\/#primaryimage"},"thumbnailUrl":"https:\/\/funzine.hu\/wp-content\/uploads\/2025\/06\/woman-7546322_1280.jpg","articleSection":["Potovanje"],"inLanguage":"sl-SI"},{"@type":"WebPage","@id":"https:\/\/funzine.hu\/sl\/2025\/06\/24\/potovanje\/v-osrcju-prestolnice-se-je-pojavil-se-en-skrivnostni-mini-kip-kolodka\/","url":"https:\/\/funzine.hu\/sl\/2025\/06\/24\/potovanje\/v-osrcju-prestolnice-se-je-pojavil-se-en-skrivnostni-mini-kip-kolodka\/","name":"V osr\u010dju prestolnice se je pojavil \u0161e en skrivnostni mini kip Kolodka","isPartOf":{"@id":"https:\/\/funzine.hu\/#website"},"primaryImageOfPage":{"@id":"https:\/\/funzine.hu\/sl\/2025\/06\/24\/potovanje\/v-osrcju-prestolnice-se-je-pojavil-se-en-skrivnostni-mini-kip-kolodka\/#primaryimage"},"image":{"@id":"https:\/\/funzine.hu\/sl\/2025\/06\/24\/potovanje\/v-osrcju-prestolnice-se-je-pojavil-se-en-skrivnostni-mini-kip-kolodka\/#primaryimage"},"thumbnailUrl":"https:\/\/funzine.hu\/wp-content\/uploads\/2025\/06\/woman-7546322_1280.jpg","datePublished":"2025-06-24T14:53:38+00:00","author":{"@id":"https:\/\/funzine.hu\/#\/schema\/person\/f3864a88f41183e8c3af70534ac28bb4"},"breadcrumb":{"@id":"https:\/\/funzine.hu\/sl\/2025\/06\/24\/potovanje\/v-osrcju-prestolnice-se-je-pojavil-se-en-skrivnostni-mini-kip-kolodka\/#breadcrumb"},"inLanguage":"sl-SI","potentialAction":[{"@type":"ReadAction","target":["https:\/\/funzine.hu\/sl\/2025\/06\/24\/potovanje\/v-osrcju-prestolnice-se-je-pojavil-se-en-skrivnostni-mini-kip-kolodka\/"]}]},{"@type":"ImageObject","inLanguage":"sl-SI","@id":"https:\/\/funzine.hu\/sl\/2025\/06\/24\/potovanje\/v-osrcju-prestolnice-se-je-pojavil-se-en-skrivnostni-mini-kip-kolodka\/#primaryimage","url":"https:\/\/funzine.hu\/wp-content\/uploads\/2025\/06\/woman-7546322_1280.jpg","contentUrl":"https:\/\/funzine.hu\/wp-content\/uploads\/2025\/06\/woman-7546322_1280.jpg","width":1280,"height":853,"caption":"ilustracija - pixabay.com"},{"@type":"BreadcrumbList","@id":"https:\/\/funzine.hu\/sl\/2025\/06\/24\/potovanje\/v-osrcju-prestolnice-se-je-pojavil-se-en-skrivnostni-mini-kip-kolodka\/#breadcrumb","itemListElement":[{"@type":"ListItem","position":1,"name":"Home","item":"https:\/\/funzine.hu\/sl\/"},{"@type":"ListItem","position":2,"name":"V osr\u010dju prestolnice se je pojavil \u0161e en skrivnostni mini kip Kolodka"}]},{"@type":"WebSite","@id":"https:\/\/funzine.hu\/#website","url":"https:\/\/funzine.hu\/","name":"Funzine","description":"","potentialAction":[{"@type":"SearchAction","target":{"@type":"EntryPoint","urlTemplate":"https:\/\/funzine.hu\/?s={search_term_string}"},"query-input":{"@type":"PropertyValueSpecification","valueRequired":true,"valueName":"search_term_string"}}],"inLanguage":"sl-SI"},{"@type":"Person","@id":"https:\/\/funzine.hu\/#\/schema\/person\/f3864a88f41183e8c3af70534ac28bb4","name":"Bodn\u00e1r Zsuzsa","image":{"@type":"ImageObject","inLanguage":"sl-SI","@id":"https:\/\/secure.gravatar.com\/avatar\/3dac04a042bfb0c015d0f893ef5eb9cca9d966bb5795039862dafd8d2ab5d410?s=96&d=mm&r=g","url":"https:\/\/secure.gravatar.com\/avatar\/3dac04a042bfb0c015d0f893ef5eb9cca9d966bb5795039862dafd8d2ab5d410?s=96&d=mm&r=g","contentUrl":"https:\/\/secure.gravatar.com\/avatar\/3dac04a042bfb0c015d0f893ef5eb9cca9d966bb5795039862dafd8d2ab5d410?s=96&d=mm&r=g","caption":"Bodn\u00e1r Zsuzsa"},"url":"https:\/\/funzine.hu\/sl\/author\/bodnar-zsuzsa-1984\/"}]}},"amp_enabled":true,"_links":{"self":[{"href":"https:\/\/funzine.hu\/sl\/wp-json\/wp\/v2\/posts\/604798","targetHints":{"allow":["GET"]}}],"collection":[{"href":"https:\/\/funzine.hu\/sl\/wp-json\/wp\/v2\/posts"}],"about":[{"href":"https:\/\/funzine.hu\/sl\/wp-json\/wp\/v2\/types\/post"}],"author":[{"embeddable":true,"href":"https:\/\/funzine.hu\/sl\/wp-json\/wp\/v2\/users\/391"}],"replies":[{"embeddable":true,"href":"https:\/\/funzine.hu\/sl\/wp-json\/wp\/v2\/comments?post=604798"}],"version-history":[{"count":1,"href":"https:\/\/funzine.hu\/sl\/wp-json\/wp\/v2\/posts\/604798\/revisions"}],"predecessor-version":[{"id":604800,"href":"https:\/\/funzine.hu\/sl\/wp-json\/wp\/v2\/posts\/604798\/revisions\/604800"}],"wp:featuredmedia":[{"embeddable":true,"href":"https:\/\/funzine.hu\/sl\/wp-json\/wp\/v2\/media\/604799"}],"wp:attachment":[{"href":"https:\/\/funzine.hu\/sl\/wp-json\/wp\/v2\/media?parent=604798"}],"wp:term":[{"taxonomy":"category","embeddable":true,"href":"https:\/\/funzine.hu\/sl\/wp-json\/wp\/v2\/categories?post=604798"},{"taxonomy":"post_tag","embeddable":true,"href":"https:\/\/funzine.hu\/sl\/wp-json\/wp\/v2\/tags?post=604798"},{"taxonomy":"post_places","embeddable":true,"href":"https:\/\/funzine.hu\/sl\/wp-json\/wp\/v2\/post_places?post=604798"}],"curies":[{"name":"wp","href":"https:\/\/api.w.org\/{rel}","templated":true}]}}