{"id":603704,"date":"2025-06-04T15:49:41","date_gmt":"2025-06-04T13:49:41","guid":{"rendered":"https:\/\/funzine.hu\/?p=603704"},"modified":"2025-06-04T15:49:41","modified_gmt":"2025-06-04T13:49:41","slug":"budimpestanska-obala-odpira-sezono-plaz-2025-z-brezplacnim-vikendom","status":"publish","type":"post","link":"https:\/\/funzine.hu\/sl\/2025\/06\/04\/potovanje\/budimpestanska-obala-odpira-sezono-plaz-2025-z-brezplacnim-vikendom\/","title":{"rendered":"Budimpe\u0161tanska obala odpira sezono pla\u017e 2025 z brezpla\u010dnim vikendom"},"content":{"rendered":"<p>Kdaj se bodo odprle pla\u017ee v Budimpe\u0161ti? &#8211; to vpra\u0161anje se vedno pogosteje pojavlja, ko se bli\u017ea poletje. V primeru pla\u017ee Lupa bomo na sezono \u017eal morali \u010dakati \u0161e en teden, kot je bilo na\u010drtovano, vendar bodo med 6. in 8. junijem zamudo nadomestili odli\u010dni brezpla\u010dni programi.<\/p>\n<figure id=\"attachment_603705\" aria-describedby=\"caption-attachment-603705\" style=\"width: 850px\" class=\"wp-caption aligncenter\"><img decoding=\"async\" class=\"size-funzine-large wp-image-603705\" src=\"https:\/\/funzine.hu\/wp-content\/uploads\/2025\/06\/beach-3008740_1280-1200x800.jpg\" alt=\"\" width=\"850\" height=\"567\" srcset=\"https:\/\/funzine.hu\/wp-content\/uploads\/2025\/06\/beach-3008740_1280-1200x800.jpg 1200w, https:\/\/funzine.hu\/wp-content\/uploads\/2025\/06\/beach-3008740_1280-300x200.jpg 300w, https:\/\/funzine.hu\/wp-content\/uploads\/2025\/06\/beach-3008740_1280-1024x682.jpg 1024w, https:\/\/funzine.hu\/wp-content\/uploads\/2025\/06\/beach-3008740_1280-768x512.jpg 768w, https:\/\/funzine.hu\/wp-content\/uploads\/2025\/06\/beach-3008740_1280-360x240.jpg 360w, https:\/\/funzine.hu\/wp-content\/uploads\/2025\/06\/beach-3008740_1280.jpg 1280w\" sizes=\"(max-width: 850px) 100vw, 850px\" \/><figcaption id=\"caption-attachment-603705\" class=\"wp-caption-text\">ilustracija &#8211; pixabay.com<\/figcaption><\/figure>\n<p>Glede na negotove vremenske napovedi konec maja ne bo \u010dasa za pla\u017eo, a kar se zavle\u010de, ni izgubljeno: brezpla\u010dni otvoritveni dogodek pla\u017ee Lupa bo z vznemirljivimi programi prispel na dolgi binko\u0161tni vikend.<\/p>\n<p>Otvoritveni vikend pla\u017ee Lupa \/\/ 6.-8. junij 2025.<br \/>\nLetos bodo sezono v Lupi odprle otro\u0161ke dejavnosti in dnevne zabave. Najbolj\u0161i DJ-ji se izmenjujejo v baru: v soboto bo med 15. in 19. uro vrtel ritme Infragandhi, v nedeljo pa v istem \u010dasovnem terminu Bia Br\u00e9da. Na binko\u0161tni ponedeljek bo Belushi DJ-al od 12. do 16. ure, na ta dan pa bo tudi koncert glasbe v \u017eivo: Zsolt N\u00e9meth \u2013 Ritmo\u2019s smooth jazzy kitarska session.<\/p>\n<p>Raznolikost Lupe dokazuje dejstvo, da se vsak glasbeni dogodek odvija v lo\u010deni gostinski enoti: MyCar Beach, LupaCabana, Waikiki, The Lounge in DiVino prav tako gostijo nastopajo\u010dega.<\/p>\n<p>Raznolika pla\u017ea Lupa<br \/>\nVendar niso le aktualni dogodki tisti, zaradi katerih je vredno poleti obiskati \u010dudovito jezero Lupa, kjer obiskovalce \u010dakata \u010dudovita obala in bogata izbira hrane in pija\u010de iz najbolj\u0161ih gastropubov. Za ljubitelje \u0161porta pa je to pravi raj: tukaj deluje najve\u010dji center za wakeboarding v srednjeevropski regiji ali pa lahko poskusite lokalne klasike: banano, krof in aqua slider.<\/p>\n<p>\u0160e vedno pa se lahko udele\u017eite te\u010dajev jadranja; lahko pa se odpravite na SUP, eSurf, igrate odbojko. In \u010dofotate v vodi, ki je vsak dan toplej\u0161a.<\/p>\n","protected":false},"excerpt":{"rendered":"<p>Kdaj se bodo odprle pla\u017ee v Budimpe\u0161ti? &#8211; to vpra\u0161anje se vedno pogosteje pojavlja, ko se<\/p>\n","protected":false},"author":391,"featured_media":603705,"comment_status":"closed","ping_status":"closed","sticky":false,"template":"","format":"standard","meta":{"_acf_changed":false,"wprm-recipe-roundup-name":"","wprm-recipe-roundup-description":"","ngg_post_thumbnail":0,"footnotes":""},"categories":[14345],"tags":[],"post_places":[],"class_list":["post-603704","post","type-post","status-publish","format-standard","has-post-thumbnail","hentry","category-potovanje"],"acf":{"connected_places":"","del_image":""},"yoast_head":"<!-- This site is optimized with the Yoast SEO plugin v27.2 - https:\/\/yoast.com\/product\/yoast-seo-wordpress\/ -->\n<title>Budimpe\u0161tanska obala odpira sezono pla\u017e 2025 z brezpla\u010dnim vikendom<\/title>\n<meta name=\"robots\" content=\"index, follow, max-snippet:-1, max-image-preview:large, max-video-preview:-1\" \/>\n<link rel=\"canonical\" href=\"https:\/\/funzine.hu\/sl\/2025\/06\/04\/potovanje\/budimpestanska-obala-odpira-sezono-plaz-2025-z-brezplacnim-vikendom\/\" \/>\n<meta property=\"og:locale\" content=\"sl_SI\" \/>\n<meta property=\"og:type\" content=\"article\" \/>\n<meta property=\"og:title\" content=\"Budimpe\u0161tanska obala odpira sezono pla\u017e 2025 z brezpla\u010dnim vikendom\" \/>\n<meta property=\"og:description\" content=\"Kdaj se bodo odprle pla\u017ee v Budimpe\u0161ti? &#8211; to vpra\u0161anje se vedno pogosteje pojavlja, ko se\" \/>\n<meta property=\"og:url\" content=\"https:\/\/funzine.hu\/sl\/2025\/06\/04\/potovanje\/budimpestanska-obala-odpira-sezono-plaz-2025-z-brezplacnim-vikendom\/\" \/>\n<meta property=\"og:site_name\" content=\"Funzine\" \/>\n<meta property=\"article:publisher\" content=\"https:\/\/www.facebook.com\/funzine\/\" \/>\n<meta property=\"article:published_time\" content=\"2025-06-04T13:49:41+00:00\" \/>\n<meta property=\"og:image\" content=\"https:\/\/funzine.hu\/wp-content\/uploads\/2025\/06\/beach-3008740_1280.jpg\" \/>\n\t<meta property=\"og:image:width\" content=\"1280\" \/>\n\t<meta property=\"og:image:height\" content=\"853\" \/>\n\t<meta property=\"og:image:type\" content=\"image\/jpeg\" \/>\n<meta name=\"author\" content=\"Bodn\u00e1r Zsuzsa\" \/>\n<meta name=\"twitter:card\" content=\"summary_large_image\" \/>\n<meta name=\"twitter:creator\" content=\"@funzine\" \/>\n<meta name=\"twitter:site\" content=\"@funzine\" \/>\n<meta name=\"twitter:label1\" content=\"Written by\" \/>\n\t<meta name=\"twitter:data1\" content=\"Bodn\u00e1r Zsuzsa\" \/>\n\t<meta name=\"twitter:label2\" content=\"Est. reading time\" \/>\n\t<meta name=\"twitter:data2\" content=\"2 minuti\" \/>\n<script type=\"application\/ld+json\" class=\"yoast-schema-graph\">{\"@context\":\"https:\/\/schema.org\",\"@graph\":[{\"@type\":\"NewsArticle\",\"@id\":\"https:\/\/funzine.hu\/sl\/2025\/06\/04\/potovanje\/budimpestanska-obala-odpira-sezono-plaz-2025-z-brezplacnim-vikendom\/#article\",\"isPartOf\":{\"@id\":\"https:\/\/funzine.hu\/sl\/2025\/06\/04\/potovanje\/budimpestanska-obala-odpira-sezono-plaz-2025-z-brezplacnim-vikendom\/\"},\"author\":{\"name\":\"Bodn\u00e1r Zsuzsa\",\"@id\":\"https:\/\/funzine.hu\/#\/schema\/person\/f3864a88f41183e8c3af70534ac28bb4\"},\"headline\":\"Budimpe\u0161tanska obala odpira sezono pla\u017e 2025 z brezpla\u010dnim vikendom\",\"datePublished\":\"2025-06-04T13:49:41+00:00\",\"mainEntityOfPage\":{\"@id\":\"https:\/\/funzine.hu\/sl\/2025\/06\/04\/potovanje\/budimpestanska-obala-odpira-sezono-plaz-2025-z-brezplacnim-vikendom\/\"},\"wordCount\":306,\"image\":{\"@id\":\"https:\/\/funzine.hu\/sl\/2025\/06\/04\/potovanje\/budimpestanska-obala-odpira-sezono-plaz-2025-z-brezplacnim-vikendom\/#primaryimage\"},\"thumbnailUrl\":\"https:\/\/funzine.hu\/wp-content\/uploads\/2025\/06\/beach-3008740_1280.jpg\",\"articleSection\":[\"Potovanje\"],\"inLanguage\":\"sl-SI\"},{\"@type\":\"WebPage\",\"@id\":\"https:\/\/funzine.hu\/sl\/2025\/06\/04\/potovanje\/budimpestanska-obala-odpira-sezono-plaz-2025-z-brezplacnim-vikendom\/\",\"url\":\"https:\/\/funzine.hu\/sl\/2025\/06\/04\/potovanje\/budimpestanska-obala-odpira-sezono-plaz-2025-z-brezplacnim-vikendom\/\",\"name\":\"Budimpe\u0161tanska obala odpira sezono pla\u017e 2025 z brezpla\u010dnim vikendom\",\"isPartOf\":{\"@id\":\"https:\/\/funzine.hu\/#website\"},\"primaryImageOfPage\":{\"@id\":\"https:\/\/funzine.hu\/sl\/2025\/06\/04\/potovanje\/budimpestanska-obala-odpira-sezono-plaz-2025-z-brezplacnim-vikendom\/#primaryimage\"},\"image\":{\"@id\":\"https:\/\/funzine.hu\/sl\/2025\/06\/04\/potovanje\/budimpestanska-obala-odpira-sezono-plaz-2025-z-brezplacnim-vikendom\/#primaryimage\"},\"thumbnailUrl\":\"https:\/\/funzine.hu\/wp-content\/uploads\/2025\/06\/beach-3008740_1280.jpg\",\"datePublished\":\"2025-06-04T13:49:41+00:00\",\"author\":{\"@id\":\"https:\/\/funzine.hu\/#\/schema\/person\/f3864a88f41183e8c3af70534ac28bb4\"},\"breadcrumb\":{\"@id\":\"https:\/\/funzine.hu\/sl\/2025\/06\/04\/potovanje\/budimpestanska-obala-odpira-sezono-plaz-2025-z-brezplacnim-vikendom\/#breadcrumb\"},\"inLanguage\":\"sl-SI\",\"potentialAction\":[{\"@type\":\"ReadAction\",\"target\":[\"https:\/\/funzine.hu\/sl\/2025\/06\/04\/potovanje\/budimpestanska-obala-odpira-sezono-plaz-2025-z-brezplacnim-vikendom\/\"]}]},{\"@type\":\"ImageObject\",\"inLanguage\":\"sl-SI\",\"@id\":\"https:\/\/funzine.hu\/sl\/2025\/06\/04\/potovanje\/budimpestanska-obala-odpira-sezono-plaz-2025-z-brezplacnim-vikendom\/#primaryimage\",\"url\":\"https:\/\/funzine.hu\/wp-content\/uploads\/2025\/06\/beach-3008740_1280.jpg\",\"contentUrl\":\"https:\/\/funzine.hu\/wp-content\/uploads\/2025\/06\/beach-3008740_1280.jpg\",\"width\":1280,\"height\":853,\"caption\":\"ilustracija - pixabay.com\"},{\"@type\":\"BreadcrumbList\",\"@id\":\"https:\/\/funzine.hu\/sl\/2025\/06\/04\/potovanje\/budimpestanska-obala-odpira-sezono-plaz-2025-z-brezplacnim-vikendom\/#breadcrumb\",\"itemListElement\":[{\"@type\":\"ListItem\",\"position\":1,\"name\":\"Home\",\"item\":\"https:\/\/funzine.hu\/sl\/\"},{\"@type\":\"ListItem\",\"position\":2,\"name\":\"Budimpe\u0161tanska obala odpira sezono pla\u017e 2025 z brezpla\u010dnim vikendom\"}]},{\"@type\":\"WebSite\",\"@id\":\"https:\/\/funzine.hu\/#website\",\"url\":\"https:\/\/funzine.hu\/\",\"name\":\"Funzine\",\"description\":\"\",\"potentialAction\":[{\"@type\":\"SearchAction\",\"target\":{\"@type\":\"EntryPoint\",\"urlTemplate\":\"https:\/\/funzine.hu\/?s={search_term_string}\"},\"query-input\":{\"@type\":\"PropertyValueSpecification\",\"valueRequired\":true,\"valueName\":\"search_term_string\"}}],\"inLanguage\":\"sl-SI\"},{\"@type\":\"Person\",\"@id\":\"https:\/\/funzine.hu\/#\/schema\/person\/f3864a88f41183e8c3af70534ac28bb4\",\"name\":\"Bodn\u00e1r Zsuzsa\",\"image\":{\"@type\":\"ImageObject\",\"inLanguage\":\"sl-SI\",\"@id\":\"https:\/\/secure.gravatar.com\/avatar\/3dac04a042bfb0c015d0f893ef5eb9cca9d966bb5795039862dafd8d2ab5d410?s=96&d=mm&r=g\",\"url\":\"https:\/\/secure.gravatar.com\/avatar\/3dac04a042bfb0c015d0f893ef5eb9cca9d966bb5795039862dafd8d2ab5d410?s=96&d=mm&r=g\",\"contentUrl\":\"https:\/\/secure.gravatar.com\/avatar\/3dac04a042bfb0c015d0f893ef5eb9cca9d966bb5795039862dafd8d2ab5d410?s=96&d=mm&r=g\",\"caption\":\"Bodn\u00e1r Zsuzsa\"},\"url\":\"https:\/\/funzine.hu\/sl\/author\/bodnar-zsuzsa-1984\/\"}]}<\/script>\n<!-- \/ Yoast SEO plugin. -->","yoast_head_json":{"title":"Budimpe\u0161tanska obala odpira sezono pla\u017e 2025 z brezpla\u010dnim vikendom","robots":{"index":"index","follow":"follow","max-snippet":"max-snippet:-1","max-image-preview":"max-image-preview:large","max-video-preview":"max-video-preview:-1"},"canonical":"https:\/\/funzine.hu\/sl\/2025\/06\/04\/potovanje\/budimpestanska-obala-odpira-sezono-plaz-2025-z-brezplacnim-vikendom\/","og_locale":"sl_SI","og_type":"article","og_title":"Budimpe\u0161tanska obala odpira sezono pla\u017e 2025 z brezpla\u010dnim vikendom","og_description":"Kdaj se bodo odprle pla\u017ee v Budimpe\u0161ti? &#8211; to vpra\u0161anje se vedno pogosteje pojavlja, ko se","og_url":"https:\/\/funzine.hu\/sl\/2025\/06\/04\/potovanje\/budimpestanska-obala-odpira-sezono-plaz-2025-z-brezplacnim-vikendom\/","og_site_name":"Funzine","article_publisher":"https:\/\/www.facebook.com\/funzine\/","article_published_time":"2025-06-04T13:49:41+00:00","og_image":[{"width":1280,"height":853,"url":"https:\/\/funzine.hu\/wp-content\/uploads\/2025\/06\/beach-3008740_1280.jpg","type":"image\/jpeg"}],"author":"Bodn\u00e1r Zsuzsa","twitter_card":"summary_large_image","twitter_creator":"@funzine","twitter_site":"@funzine","twitter_misc":{"Written by":"Bodn\u00e1r Zsuzsa","Est. reading time":"2 minuti"},"schema":{"@context":"https:\/\/schema.org","@graph":[{"@type":"NewsArticle","@id":"https:\/\/funzine.hu\/sl\/2025\/06\/04\/potovanje\/budimpestanska-obala-odpira-sezono-plaz-2025-z-brezplacnim-vikendom\/#article","isPartOf":{"@id":"https:\/\/funzine.hu\/sl\/2025\/06\/04\/potovanje\/budimpestanska-obala-odpira-sezono-plaz-2025-z-brezplacnim-vikendom\/"},"author":{"name":"Bodn\u00e1r Zsuzsa","@id":"https:\/\/funzine.hu\/#\/schema\/person\/f3864a88f41183e8c3af70534ac28bb4"},"headline":"Budimpe\u0161tanska obala odpira sezono pla\u017e 2025 z brezpla\u010dnim vikendom","datePublished":"2025-06-04T13:49:41+00:00","mainEntityOfPage":{"@id":"https:\/\/funzine.hu\/sl\/2025\/06\/04\/potovanje\/budimpestanska-obala-odpira-sezono-plaz-2025-z-brezplacnim-vikendom\/"},"wordCount":306,"image":{"@id":"https:\/\/funzine.hu\/sl\/2025\/06\/04\/potovanje\/budimpestanska-obala-odpira-sezono-plaz-2025-z-brezplacnim-vikendom\/#primaryimage"},"thumbnailUrl":"https:\/\/funzine.hu\/wp-content\/uploads\/2025\/06\/beach-3008740_1280.jpg","articleSection":["Potovanje"],"inLanguage":"sl-SI"},{"@type":"WebPage","@id":"https:\/\/funzine.hu\/sl\/2025\/06\/04\/potovanje\/budimpestanska-obala-odpira-sezono-plaz-2025-z-brezplacnim-vikendom\/","url":"https:\/\/funzine.hu\/sl\/2025\/06\/04\/potovanje\/budimpestanska-obala-odpira-sezono-plaz-2025-z-brezplacnim-vikendom\/","name":"Budimpe\u0161tanska obala odpira sezono pla\u017e 2025 z brezpla\u010dnim vikendom","isPartOf":{"@id":"https:\/\/funzine.hu\/#website"},"primaryImageOfPage":{"@id":"https:\/\/funzine.hu\/sl\/2025\/06\/04\/potovanje\/budimpestanska-obala-odpira-sezono-plaz-2025-z-brezplacnim-vikendom\/#primaryimage"},"image":{"@id":"https:\/\/funzine.hu\/sl\/2025\/06\/04\/potovanje\/budimpestanska-obala-odpira-sezono-plaz-2025-z-brezplacnim-vikendom\/#primaryimage"},"thumbnailUrl":"https:\/\/funzine.hu\/wp-content\/uploads\/2025\/06\/beach-3008740_1280.jpg","datePublished":"2025-06-04T13:49:41+00:00","author":{"@id":"https:\/\/funzine.hu\/#\/schema\/person\/f3864a88f41183e8c3af70534ac28bb4"},"breadcrumb":{"@id":"https:\/\/funzine.hu\/sl\/2025\/06\/04\/potovanje\/budimpestanska-obala-odpira-sezono-plaz-2025-z-brezplacnim-vikendom\/#breadcrumb"},"inLanguage":"sl-SI","potentialAction":[{"@type":"ReadAction","target":["https:\/\/funzine.hu\/sl\/2025\/06\/04\/potovanje\/budimpestanska-obala-odpira-sezono-plaz-2025-z-brezplacnim-vikendom\/"]}]},{"@type":"ImageObject","inLanguage":"sl-SI","@id":"https:\/\/funzine.hu\/sl\/2025\/06\/04\/potovanje\/budimpestanska-obala-odpira-sezono-plaz-2025-z-brezplacnim-vikendom\/#primaryimage","url":"https:\/\/funzine.hu\/wp-content\/uploads\/2025\/06\/beach-3008740_1280.jpg","contentUrl":"https:\/\/funzine.hu\/wp-content\/uploads\/2025\/06\/beach-3008740_1280.jpg","width":1280,"height":853,"caption":"ilustracija - pixabay.com"},{"@type":"BreadcrumbList","@id":"https:\/\/funzine.hu\/sl\/2025\/06\/04\/potovanje\/budimpestanska-obala-odpira-sezono-plaz-2025-z-brezplacnim-vikendom\/#breadcrumb","itemListElement":[{"@type":"ListItem","position":1,"name":"Home","item":"https:\/\/funzine.hu\/sl\/"},{"@type":"ListItem","position":2,"name":"Budimpe\u0161tanska obala odpira sezono pla\u017e 2025 z brezpla\u010dnim vikendom"}]},{"@type":"WebSite","@id":"https:\/\/funzine.hu\/#website","url":"https:\/\/funzine.hu\/","name":"Funzine","description":"","potentialAction":[{"@type":"SearchAction","target":{"@type":"EntryPoint","urlTemplate":"https:\/\/funzine.hu\/?s={search_term_string}"},"query-input":{"@type":"PropertyValueSpecification","valueRequired":true,"valueName":"search_term_string"}}],"inLanguage":"sl-SI"},{"@type":"Person","@id":"https:\/\/funzine.hu\/#\/schema\/person\/f3864a88f41183e8c3af70534ac28bb4","name":"Bodn\u00e1r Zsuzsa","image":{"@type":"ImageObject","inLanguage":"sl-SI","@id":"https:\/\/secure.gravatar.com\/avatar\/3dac04a042bfb0c015d0f893ef5eb9cca9d966bb5795039862dafd8d2ab5d410?s=96&d=mm&r=g","url":"https:\/\/secure.gravatar.com\/avatar\/3dac04a042bfb0c015d0f893ef5eb9cca9d966bb5795039862dafd8d2ab5d410?s=96&d=mm&r=g","contentUrl":"https:\/\/secure.gravatar.com\/avatar\/3dac04a042bfb0c015d0f893ef5eb9cca9d966bb5795039862dafd8d2ab5d410?s=96&d=mm&r=g","caption":"Bodn\u00e1r Zsuzsa"},"url":"https:\/\/funzine.hu\/sl\/author\/bodnar-zsuzsa-1984\/"}]}},"amp_enabled":true,"_links":{"self":[{"href":"https:\/\/funzine.hu\/sl\/wp-json\/wp\/v2\/posts\/603704","targetHints":{"allow":["GET"]}}],"collection":[{"href":"https:\/\/funzine.hu\/sl\/wp-json\/wp\/v2\/posts"}],"about":[{"href":"https:\/\/funzine.hu\/sl\/wp-json\/wp\/v2\/types\/post"}],"author":[{"embeddable":true,"href":"https:\/\/funzine.hu\/sl\/wp-json\/wp\/v2\/users\/391"}],"replies":[{"embeddable":true,"href":"https:\/\/funzine.hu\/sl\/wp-json\/wp\/v2\/comments?post=603704"}],"version-history":[{"count":1,"href":"https:\/\/funzine.hu\/sl\/wp-json\/wp\/v2\/posts\/603704\/revisions"}],"predecessor-version":[{"id":603706,"href":"https:\/\/funzine.hu\/sl\/wp-json\/wp\/v2\/posts\/603704\/revisions\/603706"}],"wp:featuredmedia":[{"embeddable":true,"href":"https:\/\/funzine.hu\/sl\/wp-json\/wp\/v2\/media\/603705"}],"wp:attachment":[{"href":"https:\/\/funzine.hu\/sl\/wp-json\/wp\/v2\/media?parent=603704"}],"wp:term":[{"taxonomy":"category","embeddable":true,"href":"https:\/\/funzine.hu\/sl\/wp-json\/wp\/v2\/categories?post=603704"},{"taxonomy":"post_tag","embeddable":true,"href":"https:\/\/funzine.hu\/sl\/wp-json\/wp\/v2\/tags?post=603704"},{"taxonomy":"post_places","embeddable":true,"href":"https:\/\/funzine.hu\/sl\/wp-json\/wp\/v2\/post_places?post=603704"}],"curies":[{"name":"wp","href":"https:\/\/api.w.org\/{rel}","templated":true}]}}