{"id":602826,"date":"2025-05-19T16:15:34","date_gmt":"2025-05-19T14:15:34","guid":{"rendered":"https:\/\/funzine.hu\/?p=602826"},"modified":"2025-05-19T16:15:34","modified_gmt":"2025-05-19T14:15:34","slug":"vrt-jokai-je-bil-prenovljen-s-sodobnim-centrom-za-obiskovalce-in-ornitolosko-razstavo","status":"publish","type":"post","link":"https:\/\/funzine.hu\/sl\/2025\/05\/19\/potovanje\/vrt-jokai-je-bil-prenovljen-s-sodobnim-centrom-za-obiskovalce-in-ornitolosko-razstavo\/","title":{"rendered":"Vrt J\u00f3kai je bil prenovljen s sodobnim centrom za obiskovalce in ornitolo\u0161ko razstavo."},"content":{"rendered":"<p>Center za obiskovalce na prostem se je odprl v XII. okro\u017eje. Sti\u010di\u0161\u010de sodobne umetnosti v osupljivem okolju pozdravlja ljubitelje narave in kulture, ki lahko ob\u010dudujejo tudi prenovljeno Steindlovo vilo.<\/p>\n<p>Sv\u00e1bhegy, budimska draguljnica, vsebuje na tiso\u010de in tiso\u010de znamenitosti. Ponudba se nenehno \u0161iri \u2013 tokrat se je vrt zgodovinskega pomena, poletni ustvarjalni prostor M\u00f3r J\u00f3kai, preoblikoval v vznemirljivo ekoturisti\u010dno destinacijo. Na najdi\u0161\u010du, ki je primerno tudi za izlete, lahko ob\u010dudujete orja\u0161ka drevesa, ki jih je zasadil pisatelj, in kip Anakreona, ki je bil narejen po njegovem vzoru.<\/p>\n<p>Prej zanemarjena Steindlova vila, izjemna zgodovinska stavba v okro\u017eju, je postala odprta za obiskovalce. Prav tako je dom razstave Natura 2000, ki s svojo edinstveno zbirko na interaktiven na\u010din predstavlja pti\u010dje \u017eivljenje Mad\u017earske.<\/p>\n<figure id=\"attachment_602827\" aria-describedby=\"caption-attachment-602827\" style=\"width: 850px\" class=\"wp-caption aligncenter\"><img decoding=\"async\" class=\"size-funzine-large wp-image-602827\" src=\"https:\/\/funzine.hu\/wp-content\/uploads\/2025\/05\/child-6968392_1280-1200x833.jpg\" alt=\"\" width=\"850\" height=\"590\" srcset=\"https:\/\/funzine.hu\/wp-content\/uploads\/2025\/05\/child-6968392_1280-1200x833.jpg 1200w, https:\/\/funzine.hu\/wp-content\/uploads\/2025\/05\/child-6968392_1280-300x208.jpg 300w, https:\/\/funzine.hu\/wp-content\/uploads\/2025\/05\/child-6968392_1280-1024x710.jpg 1024w, https:\/\/funzine.hu\/wp-content\/uploads\/2025\/05\/child-6968392_1280-768x533.jpg 768w, https:\/\/funzine.hu\/wp-content\/uploads\/2025\/05\/child-6968392_1280.jpg 1280w\" sizes=\"(max-width: 850px) 100vw, 850px\" \/><figcaption id=\"caption-attachment-602827\" class=\"wp-caption-text\">ilustracija &#8211; pixabay.com<\/figcaption><\/figure>\n<p>Cilj razvojnih projektov, ki jih izvaja Uprava narodnega parka Duna-Ipoly, ni le za\u0161\u010dita narave in spomenikov, temve\u010d tudi ustvarjanje u\u010dnega prostora, ki temelji na izku\u0161njah, za prihodnje generacije naravovarstvenikov. Pokrita uta bo primerna za \u0161olske in druge skupinske dejavnosti, zato je lahko vrt J\u00f3kai odli\u010dna destinacija za \u0161tudijske izlete, na primer.<\/p>\n<p>Budimpe\u0161ta se je tako raz\u0161irila z \u0161e eno zeleno povr\u0161ino, ki je odli\u010dna prilo\u017enost za kakovostno pre\u017eivljanje \u010dasa na sve\u017eem zraku. Z vidika spominske politike je \u0161e posebej veselo, da obmo\u010dje varstva spomenikov kon\u010dno vzpostavlja vreden spomenik delu M\u00f3ra J\u00f3kaija in dru\u017eine Steindl.<\/p>\n<p>Ve\u010d informacij najdete na Facebook strani Naravnega rezervata J\u00f3kai-kert s klikom tukaj in na spletni strani s klikom na to povezavo.<\/p>\n","protected":false},"excerpt":{"rendered":"<p>Center za obiskovalce na prostem se je odprl v XII. okro\u017eje. Sti\u010di\u0161\u010de sodobne umetnosti v osupljivem<\/p>\n","protected":false},"author":391,"featured_media":602827,"comment_status":"closed","ping_status":"closed","sticky":false,"template":"","format":"standard","meta":{"_acf_changed":false,"wprm-recipe-roundup-name":"","wprm-recipe-roundup-description":"","ngg_post_thumbnail":0,"footnotes":""},"categories":[14345],"tags":[],"post_places":[],"class_list":["post-602826","post","type-post","status-publish","format-standard","has-post-thumbnail","hentry","category-potovanje"],"acf":{"connected_places":"","del_image":""},"yoast_head":"<!-- This site is optimized with the Yoast SEO plugin v27.2 - https:\/\/yoast.com\/product\/yoast-seo-wordpress\/ -->\n<title>Vrt J\u00f3kai je bil prenovljen s sodobnim centrom za obiskovalce in ornitolo\u0161ko razstavo.<\/title>\n<meta name=\"robots\" content=\"index, follow, max-snippet:-1, max-image-preview:large, max-video-preview:-1\" \/>\n<link rel=\"canonical\" href=\"https:\/\/funzine.hu\/sl\/2025\/05\/19\/potovanje\/vrt-jokai-je-bil-prenovljen-s-sodobnim-centrom-za-obiskovalce-in-ornitolosko-razstavo\/\" \/>\n<meta property=\"og:locale\" content=\"sl_SI\" \/>\n<meta property=\"og:type\" content=\"article\" \/>\n<meta property=\"og:title\" content=\"Vrt J\u00f3kai je bil prenovljen s sodobnim centrom za obiskovalce in ornitolo\u0161ko razstavo.\" \/>\n<meta property=\"og:description\" content=\"Center za obiskovalce na prostem se je odprl v XII. okro\u017eje. Sti\u010di\u0161\u010de sodobne umetnosti v osupljivem\" \/>\n<meta property=\"og:url\" content=\"https:\/\/funzine.hu\/sl\/2025\/05\/19\/potovanje\/vrt-jokai-je-bil-prenovljen-s-sodobnim-centrom-za-obiskovalce-in-ornitolosko-razstavo\/\" \/>\n<meta property=\"og:site_name\" content=\"Funzine\" \/>\n<meta property=\"article:publisher\" content=\"https:\/\/www.facebook.com\/funzine\/\" \/>\n<meta property=\"article:published_time\" content=\"2025-05-19T14:15:34+00:00\" \/>\n<meta property=\"og:image\" content=\"https:\/\/funzine.hu\/wp-content\/uploads\/2025\/05\/child-6968392_1280.jpg\" \/>\n\t<meta property=\"og:image:width\" content=\"1280\" \/>\n\t<meta property=\"og:image:height\" content=\"888\" \/>\n\t<meta property=\"og:image:type\" content=\"image\/jpeg\" \/>\n<meta name=\"author\" content=\"Bodn\u00e1r Zsuzsa\" \/>\n<meta name=\"twitter:card\" content=\"summary_large_image\" \/>\n<meta name=\"twitter:creator\" content=\"@funzine\" \/>\n<meta name=\"twitter:site\" content=\"@funzine\" \/>\n<meta name=\"twitter:label1\" content=\"Written by\" \/>\n\t<meta name=\"twitter:data1\" content=\"Bodn\u00e1r Zsuzsa\" \/>\n\t<meta name=\"twitter:label2\" content=\"Est. reading time\" \/>\n\t<meta name=\"twitter:data2\" content=\"2 minuti\" \/>\n<script type=\"application\/ld+json\" class=\"yoast-schema-graph\">{\"@context\":\"https:\/\/schema.org\",\"@graph\":[{\"@type\":\"NewsArticle\",\"@id\":\"https:\/\/funzine.hu\/sl\/2025\/05\/19\/potovanje\/vrt-jokai-je-bil-prenovljen-s-sodobnim-centrom-za-obiskovalce-in-ornitolosko-razstavo\/#article\",\"isPartOf\":{\"@id\":\"https:\/\/funzine.hu\/sl\/2025\/05\/19\/potovanje\/vrt-jokai-je-bil-prenovljen-s-sodobnim-centrom-za-obiskovalce-in-ornitolosko-razstavo\/\"},\"author\":{\"name\":\"Bodn\u00e1r Zsuzsa\",\"@id\":\"https:\/\/funzine.hu\/#\/schema\/person\/f3864a88f41183e8c3af70534ac28bb4\"},\"headline\":\"Vrt J\u00f3kai je bil prenovljen s sodobnim centrom za obiskovalce in ornitolo\u0161ko razstavo.\",\"datePublished\":\"2025-05-19T14:15:34+00:00\",\"mainEntityOfPage\":{\"@id\":\"https:\/\/funzine.hu\/sl\/2025\/05\/19\/potovanje\/vrt-jokai-je-bil-prenovljen-s-sodobnim-centrom-za-obiskovalce-in-ornitolosko-razstavo\/\"},\"wordCount\":293,\"image\":{\"@id\":\"https:\/\/funzine.hu\/sl\/2025\/05\/19\/potovanje\/vrt-jokai-je-bil-prenovljen-s-sodobnim-centrom-za-obiskovalce-in-ornitolosko-razstavo\/#primaryimage\"},\"thumbnailUrl\":\"https:\/\/funzine.hu\/wp-content\/uploads\/2025\/05\/child-6968392_1280.jpg\",\"articleSection\":[\"Potovanje\"],\"inLanguage\":\"sl-SI\"},{\"@type\":\"WebPage\",\"@id\":\"https:\/\/funzine.hu\/sl\/2025\/05\/19\/potovanje\/vrt-jokai-je-bil-prenovljen-s-sodobnim-centrom-za-obiskovalce-in-ornitolosko-razstavo\/\",\"url\":\"https:\/\/funzine.hu\/sl\/2025\/05\/19\/potovanje\/vrt-jokai-je-bil-prenovljen-s-sodobnim-centrom-za-obiskovalce-in-ornitolosko-razstavo\/\",\"name\":\"Vrt J\u00f3kai je bil prenovljen s sodobnim centrom za obiskovalce in ornitolo\u0161ko razstavo.\",\"isPartOf\":{\"@id\":\"https:\/\/funzine.hu\/#website\"},\"primaryImageOfPage\":{\"@id\":\"https:\/\/funzine.hu\/sl\/2025\/05\/19\/potovanje\/vrt-jokai-je-bil-prenovljen-s-sodobnim-centrom-za-obiskovalce-in-ornitolosko-razstavo\/#primaryimage\"},\"image\":{\"@id\":\"https:\/\/funzine.hu\/sl\/2025\/05\/19\/potovanje\/vrt-jokai-je-bil-prenovljen-s-sodobnim-centrom-za-obiskovalce-in-ornitolosko-razstavo\/#primaryimage\"},\"thumbnailUrl\":\"https:\/\/funzine.hu\/wp-content\/uploads\/2025\/05\/child-6968392_1280.jpg\",\"datePublished\":\"2025-05-19T14:15:34+00:00\",\"author\":{\"@id\":\"https:\/\/funzine.hu\/#\/schema\/person\/f3864a88f41183e8c3af70534ac28bb4\"},\"breadcrumb\":{\"@id\":\"https:\/\/funzine.hu\/sl\/2025\/05\/19\/potovanje\/vrt-jokai-je-bil-prenovljen-s-sodobnim-centrom-za-obiskovalce-in-ornitolosko-razstavo\/#breadcrumb\"},\"inLanguage\":\"sl-SI\",\"potentialAction\":[{\"@type\":\"ReadAction\",\"target\":[\"https:\/\/funzine.hu\/sl\/2025\/05\/19\/potovanje\/vrt-jokai-je-bil-prenovljen-s-sodobnim-centrom-za-obiskovalce-in-ornitolosko-razstavo\/\"]}]},{\"@type\":\"ImageObject\",\"inLanguage\":\"sl-SI\",\"@id\":\"https:\/\/funzine.hu\/sl\/2025\/05\/19\/potovanje\/vrt-jokai-je-bil-prenovljen-s-sodobnim-centrom-za-obiskovalce-in-ornitolosko-razstavo\/#primaryimage\",\"url\":\"https:\/\/funzine.hu\/wp-content\/uploads\/2025\/05\/child-6968392_1280.jpg\",\"contentUrl\":\"https:\/\/funzine.hu\/wp-content\/uploads\/2025\/05\/child-6968392_1280.jpg\",\"width\":1280,\"height\":888,\"caption\":\"ilustracija - pixabay.com\"},{\"@type\":\"BreadcrumbList\",\"@id\":\"https:\/\/funzine.hu\/sl\/2025\/05\/19\/potovanje\/vrt-jokai-je-bil-prenovljen-s-sodobnim-centrom-za-obiskovalce-in-ornitolosko-razstavo\/#breadcrumb\",\"itemListElement\":[{\"@type\":\"ListItem\",\"position\":1,\"name\":\"Home\",\"item\":\"https:\/\/funzine.hu\/sl\/\"},{\"@type\":\"ListItem\",\"position\":2,\"name\":\"Vrt J\u00f3kai je bil prenovljen s sodobnim centrom za obiskovalce in ornitolo\u0161ko razstavo.\"}]},{\"@type\":\"WebSite\",\"@id\":\"https:\/\/funzine.hu\/#website\",\"url\":\"https:\/\/funzine.hu\/\",\"name\":\"Funzine\",\"description\":\"\",\"potentialAction\":[{\"@type\":\"SearchAction\",\"target\":{\"@type\":\"EntryPoint\",\"urlTemplate\":\"https:\/\/funzine.hu\/?s={search_term_string}\"},\"query-input\":{\"@type\":\"PropertyValueSpecification\",\"valueRequired\":true,\"valueName\":\"search_term_string\"}}],\"inLanguage\":\"sl-SI\"},{\"@type\":\"Person\",\"@id\":\"https:\/\/funzine.hu\/#\/schema\/person\/f3864a88f41183e8c3af70534ac28bb4\",\"name\":\"Bodn\u00e1r Zsuzsa\",\"image\":{\"@type\":\"ImageObject\",\"inLanguage\":\"sl-SI\",\"@id\":\"https:\/\/secure.gravatar.com\/avatar\/3dac04a042bfb0c015d0f893ef5eb9cca9d966bb5795039862dafd8d2ab5d410?s=96&d=mm&r=g\",\"url\":\"https:\/\/secure.gravatar.com\/avatar\/3dac04a042bfb0c015d0f893ef5eb9cca9d966bb5795039862dafd8d2ab5d410?s=96&d=mm&r=g\",\"contentUrl\":\"https:\/\/secure.gravatar.com\/avatar\/3dac04a042bfb0c015d0f893ef5eb9cca9d966bb5795039862dafd8d2ab5d410?s=96&d=mm&r=g\",\"caption\":\"Bodn\u00e1r Zsuzsa\"},\"url\":\"https:\/\/funzine.hu\/sl\/author\/bodnar-zsuzsa-1984\/\"}]}<\/script>\n<!-- \/ Yoast SEO plugin. -->","yoast_head_json":{"title":"Vrt J\u00f3kai je bil prenovljen s sodobnim centrom za obiskovalce in ornitolo\u0161ko razstavo.","robots":{"index":"index","follow":"follow","max-snippet":"max-snippet:-1","max-image-preview":"max-image-preview:large","max-video-preview":"max-video-preview:-1"},"canonical":"https:\/\/funzine.hu\/sl\/2025\/05\/19\/potovanje\/vrt-jokai-je-bil-prenovljen-s-sodobnim-centrom-za-obiskovalce-in-ornitolosko-razstavo\/","og_locale":"sl_SI","og_type":"article","og_title":"Vrt J\u00f3kai je bil prenovljen s sodobnim centrom za obiskovalce in ornitolo\u0161ko razstavo.","og_description":"Center za obiskovalce na prostem se je odprl v XII. okro\u017eje. Sti\u010di\u0161\u010de sodobne umetnosti v osupljivem","og_url":"https:\/\/funzine.hu\/sl\/2025\/05\/19\/potovanje\/vrt-jokai-je-bil-prenovljen-s-sodobnim-centrom-za-obiskovalce-in-ornitolosko-razstavo\/","og_site_name":"Funzine","article_publisher":"https:\/\/www.facebook.com\/funzine\/","article_published_time":"2025-05-19T14:15:34+00:00","og_image":[{"width":1280,"height":888,"url":"https:\/\/funzine.hu\/wp-content\/uploads\/2025\/05\/child-6968392_1280.jpg","type":"image\/jpeg"}],"author":"Bodn\u00e1r Zsuzsa","twitter_card":"summary_large_image","twitter_creator":"@funzine","twitter_site":"@funzine","twitter_misc":{"Written by":"Bodn\u00e1r Zsuzsa","Est. reading time":"2 minuti"},"schema":{"@context":"https:\/\/schema.org","@graph":[{"@type":"NewsArticle","@id":"https:\/\/funzine.hu\/sl\/2025\/05\/19\/potovanje\/vrt-jokai-je-bil-prenovljen-s-sodobnim-centrom-za-obiskovalce-in-ornitolosko-razstavo\/#article","isPartOf":{"@id":"https:\/\/funzine.hu\/sl\/2025\/05\/19\/potovanje\/vrt-jokai-je-bil-prenovljen-s-sodobnim-centrom-za-obiskovalce-in-ornitolosko-razstavo\/"},"author":{"name":"Bodn\u00e1r Zsuzsa","@id":"https:\/\/funzine.hu\/#\/schema\/person\/f3864a88f41183e8c3af70534ac28bb4"},"headline":"Vrt J\u00f3kai je bil prenovljen s sodobnim centrom za obiskovalce in ornitolo\u0161ko razstavo.","datePublished":"2025-05-19T14:15:34+00:00","mainEntityOfPage":{"@id":"https:\/\/funzine.hu\/sl\/2025\/05\/19\/potovanje\/vrt-jokai-je-bil-prenovljen-s-sodobnim-centrom-za-obiskovalce-in-ornitolosko-razstavo\/"},"wordCount":293,"image":{"@id":"https:\/\/funzine.hu\/sl\/2025\/05\/19\/potovanje\/vrt-jokai-je-bil-prenovljen-s-sodobnim-centrom-za-obiskovalce-in-ornitolosko-razstavo\/#primaryimage"},"thumbnailUrl":"https:\/\/funzine.hu\/wp-content\/uploads\/2025\/05\/child-6968392_1280.jpg","articleSection":["Potovanje"],"inLanguage":"sl-SI"},{"@type":"WebPage","@id":"https:\/\/funzine.hu\/sl\/2025\/05\/19\/potovanje\/vrt-jokai-je-bil-prenovljen-s-sodobnim-centrom-za-obiskovalce-in-ornitolosko-razstavo\/","url":"https:\/\/funzine.hu\/sl\/2025\/05\/19\/potovanje\/vrt-jokai-je-bil-prenovljen-s-sodobnim-centrom-za-obiskovalce-in-ornitolosko-razstavo\/","name":"Vrt J\u00f3kai je bil prenovljen s sodobnim centrom za obiskovalce in ornitolo\u0161ko razstavo.","isPartOf":{"@id":"https:\/\/funzine.hu\/#website"},"primaryImageOfPage":{"@id":"https:\/\/funzine.hu\/sl\/2025\/05\/19\/potovanje\/vrt-jokai-je-bil-prenovljen-s-sodobnim-centrom-za-obiskovalce-in-ornitolosko-razstavo\/#primaryimage"},"image":{"@id":"https:\/\/funzine.hu\/sl\/2025\/05\/19\/potovanje\/vrt-jokai-je-bil-prenovljen-s-sodobnim-centrom-za-obiskovalce-in-ornitolosko-razstavo\/#primaryimage"},"thumbnailUrl":"https:\/\/funzine.hu\/wp-content\/uploads\/2025\/05\/child-6968392_1280.jpg","datePublished":"2025-05-19T14:15:34+00:00","author":{"@id":"https:\/\/funzine.hu\/#\/schema\/person\/f3864a88f41183e8c3af70534ac28bb4"},"breadcrumb":{"@id":"https:\/\/funzine.hu\/sl\/2025\/05\/19\/potovanje\/vrt-jokai-je-bil-prenovljen-s-sodobnim-centrom-za-obiskovalce-in-ornitolosko-razstavo\/#breadcrumb"},"inLanguage":"sl-SI","potentialAction":[{"@type":"ReadAction","target":["https:\/\/funzine.hu\/sl\/2025\/05\/19\/potovanje\/vrt-jokai-je-bil-prenovljen-s-sodobnim-centrom-za-obiskovalce-in-ornitolosko-razstavo\/"]}]},{"@type":"ImageObject","inLanguage":"sl-SI","@id":"https:\/\/funzine.hu\/sl\/2025\/05\/19\/potovanje\/vrt-jokai-je-bil-prenovljen-s-sodobnim-centrom-za-obiskovalce-in-ornitolosko-razstavo\/#primaryimage","url":"https:\/\/funzine.hu\/wp-content\/uploads\/2025\/05\/child-6968392_1280.jpg","contentUrl":"https:\/\/funzine.hu\/wp-content\/uploads\/2025\/05\/child-6968392_1280.jpg","width":1280,"height":888,"caption":"ilustracija - pixabay.com"},{"@type":"BreadcrumbList","@id":"https:\/\/funzine.hu\/sl\/2025\/05\/19\/potovanje\/vrt-jokai-je-bil-prenovljen-s-sodobnim-centrom-za-obiskovalce-in-ornitolosko-razstavo\/#breadcrumb","itemListElement":[{"@type":"ListItem","position":1,"name":"Home","item":"https:\/\/funzine.hu\/sl\/"},{"@type":"ListItem","position":2,"name":"Vrt J\u00f3kai je bil prenovljen s sodobnim centrom za obiskovalce in ornitolo\u0161ko razstavo."}]},{"@type":"WebSite","@id":"https:\/\/funzine.hu\/#website","url":"https:\/\/funzine.hu\/","name":"Funzine","description":"","potentialAction":[{"@type":"SearchAction","target":{"@type":"EntryPoint","urlTemplate":"https:\/\/funzine.hu\/?s={search_term_string}"},"query-input":{"@type":"PropertyValueSpecification","valueRequired":true,"valueName":"search_term_string"}}],"inLanguage":"sl-SI"},{"@type":"Person","@id":"https:\/\/funzine.hu\/#\/schema\/person\/f3864a88f41183e8c3af70534ac28bb4","name":"Bodn\u00e1r Zsuzsa","image":{"@type":"ImageObject","inLanguage":"sl-SI","@id":"https:\/\/secure.gravatar.com\/avatar\/3dac04a042bfb0c015d0f893ef5eb9cca9d966bb5795039862dafd8d2ab5d410?s=96&d=mm&r=g","url":"https:\/\/secure.gravatar.com\/avatar\/3dac04a042bfb0c015d0f893ef5eb9cca9d966bb5795039862dafd8d2ab5d410?s=96&d=mm&r=g","contentUrl":"https:\/\/secure.gravatar.com\/avatar\/3dac04a042bfb0c015d0f893ef5eb9cca9d966bb5795039862dafd8d2ab5d410?s=96&d=mm&r=g","caption":"Bodn\u00e1r Zsuzsa"},"url":"https:\/\/funzine.hu\/sl\/author\/bodnar-zsuzsa-1984\/"}]}},"amp_enabled":true,"_links":{"self":[{"href":"https:\/\/funzine.hu\/sl\/wp-json\/wp\/v2\/posts\/602826","targetHints":{"allow":["GET"]}}],"collection":[{"href":"https:\/\/funzine.hu\/sl\/wp-json\/wp\/v2\/posts"}],"about":[{"href":"https:\/\/funzine.hu\/sl\/wp-json\/wp\/v2\/types\/post"}],"author":[{"embeddable":true,"href":"https:\/\/funzine.hu\/sl\/wp-json\/wp\/v2\/users\/391"}],"replies":[{"embeddable":true,"href":"https:\/\/funzine.hu\/sl\/wp-json\/wp\/v2\/comments?post=602826"}],"version-history":[{"count":1,"href":"https:\/\/funzine.hu\/sl\/wp-json\/wp\/v2\/posts\/602826\/revisions"}],"predecessor-version":[{"id":602828,"href":"https:\/\/funzine.hu\/sl\/wp-json\/wp\/v2\/posts\/602826\/revisions\/602828"}],"wp:featuredmedia":[{"embeddable":true,"href":"https:\/\/funzine.hu\/sl\/wp-json\/wp\/v2\/media\/602827"}],"wp:attachment":[{"href":"https:\/\/funzine.hu\/sl\/wp-json\/wp\/v2\/media?parent=602826"}],"wp:term":[{"taxonomy":"category","embeddable":true,"href":"https:\/\/funzine.hu\/sl\/wp-json\/wp\/v2\/categories?post=602826"},{"taxonomy":"post_tag","embeddable":true,"href":"https:\/\/funzine.hu\/sl\/wp-json\/wp\/v2\/tags?post=602826"},{"taxonomy":"post_places","embeddable":true,"href":"https:\/\/funzine.hu\/sl\/wp-json\/wp\/v2\/post_places?post=602826"}],"curies":[{"name":"wp","href":"https:\/\/api.w.org\/{rel}","templated":true}]}}